{"id":96959,"date":"2026-01-25T23:10:26","date_gmt":"2026-01-25T23:10:26","guid":{"rendered":"https:\/\/www.shqiperia.com\/blog\/?p=96959"},"modified":"2026-01-25T23:12:25","modified_gmt":"2026-01-25T23:12:25","slug":"bullgaria-prezanton-arin-me-te-vjeter-ne-bote-ne-bukuresht-foto","status":"publish","type":"post","link":"https:\/\/www.shqiperia.com\/blog\/bullgaria-prezanton-arin-me-te-vjeter-ne-bote-ne-bukuresht-foto\/","title":{"rendered":"Bullgaria prezanton arin m\u00eb t\u00eb vjet\u00ebr n\u00eb bot\u00eb n\u00eb Bukuresht. (foto)"},"content":{"rendered":"<div class=\"material-section p-5 first:pt-5 pt-0 lg:ml-[268px] border-l \">\n<div id=\"attachment_96960\" style=\"width: 627px\" class=\"wp-caption alignnone\"><img data-recalc-dims=\"1\" loading=\"lazy\" decoding=\"async\" aria-describedby=\"caption-attachment-96960\" data-attachment-id=\"96960\" data-permalink=\"https:\/\/www.shqiperia.com\/blog\/bullgaria-prezanton-arin-me-te-vjeter-ne-bote-ne-bukuresht-foto\/bullgari-objekte-arkeoogjike-te-arta-3\/\" data-orig-file=\"https:\/\/i0.wp.com\/www.shqiperia.com\/blog\/wp-content\/uploads\/2026\/01\/Bullgari-Objekte-arkeoogjike-te-arta-3.jpg?fit=1024%2C609&amp;ssl=1\" data-orig-size=\"1024,609\" data-comments-opened=\"1\" data-image-meta=\"{&quot;aperture&quot;:&quot;0&quot;,&quot;credit&quot;:&quot;&quot;,&quot;camera&quot;:&quot;&quot;,&quot;caption&quot;:&quot;&quot;,&quot;created_timestamp&quot;:&quot;0&quot;,&quot;copyright&quot;:&quot;&quot;,&quot;focal_length&quot;:&quot;0&quot;,&quot;iso&quot;:&quot;0&quot;,&quot;shutter_speed&quot;:&quot;0&quot;,&quot;title&quot;:&quot;&quot;,&quot;orientation&quot;:&quot;0&quot;}\" data-image-title=\"Bullgari Objekte arkeo;ogjike te arta\" data-image-description=\"\" data-image-caption=\"&lt;p&gt;Bullgari Objekte arkeo;ogjike te arta &lt;\/p&gt;\n\" data-medium-file=\"https:\/\/i0.wp.com\/www.shqiperia.com\/blog\/wp-content\/uploads\/2026\/01\/Bullgari-Objekte-arkeoogjike-te-arta-3.jpg?fit=300%2C178&amp;ssl=1\" data-large-file=\"https:\/\/i0.wp.com\/www.shqiperia.com\/blog\/wp-content\/uploads\/2026\/01\/Bullgari-Objekte-arkeoogjike-te-arta-3.jpg?fit=1024%2C609&amp;ssl=1\" class=\" wp-image-96960\" alt=\"\" src=\"https:\/\/i0.wp.com\/www.shqiperia.com\/blog\/wp-content\/uploads\/2026\/01\/Bullgari-Objekte-arkeoogjike-te-arta-3.jpg?resize=617%2C366&#038;ssl=1\" width=\"617\" height=\"366\" srcset=\"https:\/\/i0.wp.com\/www.shqiperia.com\/blog\/wp-content\/uploads\/2026\/01\/Bullgari-Objekte-arkeoogjike-te-arta-3.jpg?resize=300%2C178&amp;ssl=1 300w, https:\/\/i0.wp.com\/www.shqiperia.com\/blog\/wp-content\/uploads\/2026\/01\/Bullgari-Objekte-arkeoogjike-te-arta-3.jpg?resize=768%2C457&amp;ssl=1 768w, https:\/\/i0.wp.com\/www.shqiperia.com\/blog\/wp-content\/uploads\/2026\/01\/Bullgari-Objekte-arkeoogjike-te-arta-3.jpg?resize=450%2C268&amp;ssl=1 450w, https:\/\/i0.wp.com\/www.shqiperia.com\/blog\/wp-content\/uploads\/2026\/01\/Bullgari-Objekte-arkeoogjike-te-arta-3.jpg?resize=600%2C357&amp;ssl=1 600w, https:\/\/i0.wp.com\/www.shqiperia.com\/blog\/wp-content\/uploads\/2026\/01\/Bullgari-Objekte-arkeoogjike-te-arta-3.jpg?resize=400%2C238&amp;ssl=1 400w, https:\/\/i0.wp.com\/www.shqiperia.com\/blog\/wp-content\/uploads\/2026\/01\/Bullgari-Objekte-arkeoogjike-te-arta-3.jpg?w=1024&amp;ssl=1 1024w\" sizes=\"auto, (max-width: 617px) 100vw, 617px\" \/><p id=\"caption-attachment-96960\" class=\"wp-caption-text\">Bullgari Objekte arkeo;ogjike te arta<\/p><\/div>\n<p>26 Janar 2026<\/p>\n<p><span>Bullgaria prezanton n\u00eb Bukuresht nj\u00eb nga thesaret e saj m\u00eb t\u00eb \u00e7muara arkeologjike. Deri m\u00eb 29 mars, vizitor\u00ebt e Muzeut Komunal t\u00eb kryeqytetit rumun mund t\u00eb shohin arin dhe artefaktet nga nekropoli kalkolitik i Varn\u00ebs, q\u00eb datojn\u00eb nga fundi i mij\u00ebvje\u00e7arit V dhe fillimi i mij\u00ebvje\u00e7arit IV para er\u00ebs son\u00eb.<\/span><\/p>\n<\/div>\n<div class=\"my-4 p-5\">\n<div class=\"bg-base-200\/40 rounded-2xl overflow-hidden relative shadow-sm\">\n<div class=\"w-full absolute top-0 left-0 bottom-0 right-0 blur-xl bg-cover bg-center opacity-60\"><\/div>\n<div>\n<div class=\"relative cursor-pointer overflow-hidden \">\n<div id=\"attachment_96961\" style=\"width: 959px\" class=\"wp-caption alignnone\"><img data-recalc-dims=\"1\" loading=\"lazy\" decoding=\"async\" aria-describedby=\"caption-attachment-96961\" data-attachment-id=\"96961\" data-permalink=\"https:\/\/www.shqiperia.com\/blog\/bullgaria-prezanton-arin-me-te-vjeter-ne-bote-ne-bukuresht-foto\/bullgari-objekte-arkeoogjike-te-arta-2\/\" data-orig-file=\"https:\/\/i0.wp.com\/www.shqiperia.com\/blog\/wp-content\/uploads\/2026\/01\/Bullgari-Objekte-arkeoogjike-te-arta-2.jpg?fit=1024%2C652&amp;ssl=1\" data-orig-size=\"1024,652\" data-comments-opened=\"1\" data-image-meta=\"{&quot;aperture&quot;:&quot;0&quot;,&quot;credit&quot;:&quot;&quot;,&quot;camera&quot;:&quot;&quot;,&quot;caption&quot;:&quot;&quot;,&quot;created_timestamp&quot;:&quot;0&quot;,&quot;copyright&quot;:&quot;&quot;,&quot;focal_length&quot;:&quot;0&quot;,&quot;iso&quot;:&quot;0&quot;,&quot;shutter_speed&quot;:&quot;0&quot;,&quot;title&quot;:&quot;&quot;,&quot;orientation&quot;:&quot;0&quot;}\" data-image-title=\"Bullgari Objekte arkeo;ogjike te arta (2)\" data-image-description=\"\" data-image-caption=\"&lt;p&gt;Bullgari Objekte arkeo;ogjike te arta &lt;\/p&gt;\n\" data-medium-file=\"https:\/\/i0.wp.com\/www.shqiperia.com\/blog\/wp-content\/uploads\/2026\/01\/Bullgari-Objekte-arkeoogjike-te-arta-2.jpg?fit=300%2C191&amp;ssl=1\" data-large-file=\"https:\/\/i0.wp.com\/www.shqiperia.com\/blog\/wp-content\/uploads\/2026\/01\/Bullgari-Objekte-arkeoogjike-te-arta-2.jpg?fit=1024%2C652&amp;ssl=1\" class=\" wp-image-96961\" alt=\"\" src=\"https:\/\/i0.wp.com\/www.shqiperia.com\/blog\/wp-content\/uploads\/2026\/01\/Bullgari-Objekte-arkeoogjike-te-arta-2.jpg?resize=949%2C604&#038;ssl=1\" width=\"949\" height=\"604\" srcset=\"https:\/\/i0.wp.com\/www.shqiperia.com\/blog\/wp-content\/uploads\/2026\/01\/Bullgari-Objekte-arkeoogjike-te-arta-2.jpg?resize=300%2C191&amp;ssl=1 300w, https:\/\/i0.wp.com\/www.shqiperia.com\/blog\/wp-content\/uploads\/2026\/01\/Bullgari-Objekte-arkeoogjike-te-arta-2.jpg?resize=768%2C489&amp;ssl=1 768w, https:\/\/i0.wp.com\/www.shqiperia.com\/blog\/wp-content\/uploads\/2026\/01\/Bullgari-Objekte-arkeoogjike-te-arta-2.jpg?resize=450%2C287&amp;ssl=1 450w, https:\/\/i0.wp.com\/www.shqiperia.com\/blog\/wp-content\/uploads\/2026\/01\/Bullgari-Objekte-arkeoogjike-te-arta-2.jpg?resize=600%2C382&amp;ssl=1 600w, https:\/\/i0.wp.com\/www.shqiperia.com\/blog\/wp-content\/uploads\/2026\/01\/Bullgari-Objekte-arkeoogjike-te-arta-2.jpg?resize=400%2C255&amp;ssl=1 400w, https:\/\/i0.wp.com\/www.shqiperia.com\/blog\/wp-content\/uploads\/2026\/01\/Bullgari-Objekte-arkeoogjike-te-arta-2.jpg?w=1024&amp;ssl=1 1024w\" sizes=\"auto, (max-width: 949px) 100vw, 949px\" \/><p id=\"caption-attachment-96961\" class=\"wp-caption-text\">Bullgari Objekte arkeo;ogjike te arta<\/p><\/div>\n<\/div>\n<\/div>\n<div class=\"text-xs font-serif-bold lg:grid lg:grid-cols-3 justify-between p-3 bg-base-200 relative\">\n<h6 class=\"lg:text-right uppercase pt-2 lg:pt-0\">FOTO:<span>\u00a0<\/span>BTA<span style=\"color: #333333;font-family: 'Open Sans', 'Helvetica Neue', Helvetica, Arial, sans-serif;font-size: 19px\">Paraqitja e par\u00eb n\u00eb shkall\u00eb t\u00eb gjer\u00eb e gjetjeve nga Varna n\u00eb Rumani p\u00ebrfshin eksponate q\u00eb zakonisht ruhen n\u00eb ekspozit\u00ebn e p\u00ebrhershme t\u00eb Muzeut Arkeologjik n\u00eb Varna. Nd\u00ebr vlerat e ekspozuara \u00ebsht\u00eb edhe kompleksi nga Nekropoli II i Varn\u00ebs, me arin m\u00eb t\u00eb vjet\u00ebr t\u00eb p\u00ebrpunuar n\u00eb bot\u00eb \u2013 simbol i nj\u00eb prej shoq\u00ebrive m\u00eb t\u00eb hershme t\u00eb zhvilluara n\u00eb Evrop\u00eb.<\/span><\/h6>\n<div id=\"attachment_96963\" style=\"width: 710px\" class=\"wp-caption alignnone\"><img data-recalc-dims=\"1\" loading=\"lazy\" decoding=\"async\" aria-describedby=\"caption-attachment-96963\" data-attachment-id=\"96963\" data-permalink=\"https:\/\/www.shqiperia.com\/blog\/bullgaria-prezanton-arin-me-te-vjeter-ne-bote-ne-bukuresht-foto\/bullgari-objekte-arkeoogjike-te-arta-5\/\" data-orig-file=\"https:\/\/i0.wp.com\/www.shqiperia.com\/blog\/wp-content\/uploads\/2026\/01\/Bullgari-Objekte-arkeoogjike-te-arta-5.jpg?fit=1280%2C828&amp;ssl=1\" data-orig-size=\"1280,828\" data-comments-opened=\"1\" data-image-meta=\"{&quot;aperture&quot;:&quot;0&quot;,&quot;credit&quot;:&quot;&quot;,&quot;camera&quot;:&quot;&quot;,&quot;caption&quot;:&quot;&quot;,&quot;created_timestamp&quot;:&quot;0&quot;,&quot;copyright&quot;:&quot;&quot;,&quot;focal_length&quot;:&quot;0&quot;,&quot;iso&quot;:&quot;0&quot;,&quot;shutter_speed&quot;:&quot;0&quot;,&quot;title&quot;:&quot;&quot;,&quot;orientation&quot;:&quot;0&quot;}\" data-image-title=\"Bullgari Objekte arkeo;ogjike te arta (5)\" data-image-description=\"&lt;p&gt;Bullgari Objekte arkeo;ogjike te arta &lt;\/p&gt;\n\" data-image-caption=\"&lt;p&gt;Bullgari Objekte arkeo;ogjike te arta &lt;\/p&gt;\n\" data-medium-file=\"https:\/\/i0.wp.com\/www.shqiperia.com\/blog\/wp-content\/uploads\/2026\/01\/Bullgari-Objekte-arkeoogjike-te-arta-5.jpg?fit=300%2C194&amp;ssl=1\" data-large-file=\"https:\/\/i0.wp.com\/www.shqiperia.com\/blog\/wp-content\/uploads\/2026\/01\/Bullgari-Objekte-arkeoogjike-te-arta-5.jpg?fit=1024%2C662&amp;ssl=1\" class=\" wp-image-96963\" alt=\"\" src=\"https:\/\/i0.wp.com\/www.shqiperia.com\/blog\/wp-content\/uploads\/2026\/01\/Bullgari-Objekte-arkeoogjike-te-arta-5.jpg?resize=700%2C452&#038;ssl=1\" width=\"700\" height=\"452\" srcset=\"https:\/\/i0.wp.com\/www.shqiperia.com\/blog\/wp-content\/uploads\/2026\/01\/Bullgari-Objekte-arkeoogjike-te-arta-5.jpg?resize=300%2C194&amp;ssl=1 300w, https:\/\/i0.wp.com\/www.shqiperia.com\/blog\/wp-content\/uploads\/2026\/01\/Bullgari-Objekte-arkeoogjike-te-arta-5.jpg?resize=1024%2C662&amp;ssl=1 1024w, https:\/\/i0.wp.com\/www.shqiperia.com\/blog\/wp-content\/uploads\/2026\/01\/Bullgari-Objekte-arkeoogjike-te-arta-5.jpg?resize=768%2C497&amp;ssl=1 768w, https:\/\/i0.wp.com\/www.shqiperia.com\/blog\/wp-content\/uploads\/2026\/01\/Bullgari-Objekte-arkeoogjike-te-arta-5.jpg?resize=450%2C291&amp;ssl=1 450w, https:\/\/i0.wp.com\/www.shqiperia.com\/blog\/wp-content\/uploads\/2026\/01\/Bullgari-Objekte-arkeoogjike-te-arta-5.jpg?resize=600%2C388&amp;ssl=1 600w, https:\/\/i0.wp.com\/www.shqiperia.com\/blog\/wp-content\/uploads\/2026\/01\/Bullgari-Objekte-arkeoogjike-te-arta-5.jpg?resize=400%2C259&amp;ssl=1 400w, https:\/\/i0.wp.com\/www.shqiperia.com\/blog\/wp-content\/uploads\/2026\/01\/Bullgari-Objekte-arkeoogjike-te-arta-5.jpg?w=1280&amp;ssl=1 1280w\" sizes=\"auto, (max-width: 700px) 100vw, 700px\" \/><p id=\"caption-attachment-96963\" class=\"wp-caption-text\">Bullgari Objekte arkeo;ogjike te arta<\/p><\/div>\n<\/div>\n<\/div>\n<\/div>\n<div class=\"material-section p-5 first:pt-5 pt-0 lg:ml-[268px] border-l \">\n<p><span>Nj\u00eb pjes\u00eb e objekteve t\u00eb ekspozuara largohen nga Bullgaria jasht\u00ebzakonisht rrall\u00eb, gj\u00eb q\u00eb e kthen ekspozit\u00ebn n\u00eb Bukuresht n\u00eb nj\u00eb ngjarje me r\u00ebnd\u00ebsi nd\u00ebrkomb\u00ebtare.<\/span><\/p>\n<p><img data-recalc-dims=\"1\" loading=\"lazy\" decoding=\"async\" data-attachment-id=\"96966\" data-permalink=\"https:\/\/www.shqiperia.com\/blog\/bullgaria-prezanton-arin-me-te-vjeter-ne-bote-ne-bukuresht-foto\/bullgari-objekte-arkeoogjike-te-arta-4-2\/\" data-orig-file=\"https:\/\/i0.wp.com\/www.shqiperia.com\/blog\/wp-content\/uploads\/2026\/01\/Bullgari-Objekte-arkeoogjike-te-arta-4-1.jpg?fit=1280%2C720&amp;ssl=1\" data-orig-size=\"1280,720\" data-comments-opened=\"1\" data-image-meta=\"{&quot;aperture&quot;:&quot;0&quot;,&quot;credit&quot;:&quot;&quot;,&quot;camera&quot;:&quot;&quot;,&quot;caption&quot;:&quot;&quot;,&quot;created_timestamp&quot;:&quot;0&quot;,&quot;copyright&quot;:&quot;&quot;,&quot;focal_length&quot;:&quot;0&quot;,&quot;iso&quot;:&quot;0&quot;,&quot;shutter_speed&quot;:&quot;0&quot;,&quot;title&quot;:&quot;&quot;,&quot;orientation&quot;:&quot;0&quot;}\" data-image-title=\"Bullgari Objekte arkeo;ogjike te arta (4)\" data-image-description=\"\" data-image-caption=\"\" data-medium-file=\"https:\/\/i0.wp.com\/www.shqiperia.com\/blog\/wp-content\/uploads\/2026\/01\/Bullgari-Objekte-arkeoogjike-te-arta-4-1.jpg?fit=300%2C169&amp;ssl=1\" data-large-file=\"https:\/\/i0.wp.com\/www.shqiperia.com\/blog\/wp-content\/uploads\/2026\/01\/Bullgari-Objekte-arkeoogjike-te-arta-4-1.jpg?fit=1024%2C576&amp;ssl=1\" class=\"alignnone  wp-image-96966\" alt=\"\" src=\"https:\/\/i0.wp.com\/www.shqiperia.com\/blog\/wp-content\/uploads\/2026\/01\/Bullgari-Objekte-arkeoogjike-te-arta-4-1.jpg?resize=772%2C435&#038;ssl=1\" width=\"772\" height=\"435\" srcset=\"https:\/\/i0.wp.com\/www.shqiperia.com\/blog\/wp-content\/uploads\/2026\/01\/Bullgari-Objekte-arkeoogjike-te-arta-4-1.jpg?resize=300%2C169&amp;ssl=1 300w, https:\/\/i0.wp.com\/www.shqiperia.com\/blog\/wp-content\/uploads\/2026\/01\/Bullgari-Objekte-arkeoogjike-te-arta-4-1.jpg?resize=1024%2C576&amp;ssl=1 1024w, https:\/\/i0.wp.com\/www.shqiperia.com\/blog\/wp-content\/uploads\/2026\/01\/Bullgari-Objekte-arkeoogjike-te-arta-4-1.jpg?resize=768%2C432&amp;ssl=1 768w, https:\/\/i0.wp.com\/www.shqiperia.com\/blog\/wp-content\/uploads\/2026\/01\/Bullgari-Objekte-arkeoogjike-te-arta-4-1.jpg?resize=450%2C253&amp;ssl=1 450w, https:\/\/i0.wp.com\/www.shqiperia.com\/blog\/wp-content\/uploads\/2026\/01\/Bullgari-Objekte-arkeoogjike-te-arta-4-1.jpg?resize=600%2C338&amp;ssl=1 600w, https:\/\/i0.wp.com\/www.shqiperia.com\/blog\/wp-content\/uploads\/2026\/01\/Bullgari-Objekte-arkeoogjike-te-arta-4-1.jpg?resize=400%2C225&amp;ssl=1 400w, https:\/\/i0.wp.com\/www.shqiperia.com\/blog\/wp-content\/uploads\/2026\/01\/Bullgari-Objekte-arkeoogjike-te-arta-4-1.jpg?w=1280&amp;ssl=1 1280w\" sizes=\"auto, (max-width: 772px) 100vw, 772px\" \/><\/p>\n<p><span>Vizitor\u00ebt mund t\u00eb ndjekin zhvillimin e riteve funerale dhe t\u00eb besimeve p\u00ebr jet\u00ebn e p\u00ebrtejme \u2013 nga epoka e gurit dhe bakrit deri n\u00eb Mesjet\u00eb \u2013 p\u00ebrmes rreth 6000 artefakteve t\u00eb krijuara rreth gjasht\u00eb mij\u00eb vjet m\u00eb par\u00eb.<\/span><\/p>\n<\/div>\n<div class=\"my-4 p-5\">\n<div class=\"bg-base-200\/40 rounded-2xl overflow-hidden relative shadow-sm\">\n<div>\n<div class=\"relative cursor-pointer overflow-hidden \"><img loading=\"lazy\" decoding=\"async\" class=\"aspect-video object-contain object-center w-full filter-none drop-shadow-md\" alt=\"\" src=\"https:\/\/bnrnews.bg\/api\/media\/59a951d0-b174-40a4-ac20-4ee6927c9afe?Size=large\" width=\"859\" height=\"483\" \/><\/div>\n<\/div>\n<\/div>\n<\/div>\n<div class=\"material-section p-5 first:pt-5 pt-0 lg:ml-[268px] border-l \">\n<p><span>N\u00eb korrik t\u00eb vitit 2025, gjetje nga nekropoli kalkolitik i Varn\u00ebs u p\u00ebrfshin\u00eb n\u00eb ekspozit\u00ebn \u201cN\u00ebp\u00ebr val\u00ebt e Detit t\u00eb Zi nd\u00ebr shekuj\u201d, e cila u prezantua n\u00eb selin\u00eb e UNESCO-s n\u00eb Paris, kujton BTA.<\/span><\/p>\n<div id=\"attachment_96964\" style=\"width: 928px\" class=\"wp-caption alignnone\"><img data-recalc-dims=\"1\" loading=\"lazy\" decoding=\"async\" aria-describedby=\"caption-attachment-96964\" data-attachment-id=\"96964\" data-permalink=\"https:\/\/www.shqiperia.com\/blog\/bullgaria-prezanton-arin-me-te-vjeter-ne-bote-ne-bukuresht-foto\/bullgari-objekte-arkeoogjike-te-arta\/\" data-orig-file=\"https:\/\/i0.wp.com\/www.shqiperia.com\/blog\/wp-content\/uploads\/2026\/01\/Bullgari-Objekte-arkeoogjike-te-arta.jpg?fit=1152%2C648&amp;ssl=1\" data-orig-size=\"1152,648\" data-comments-opened=\"1\" data-image-meta=\"{&quot;aperture&quot;:&quot;0&quot;,&quot;credit&quot;:&quot;&quot;,&quot;camera&quot;:&quot;&quot;,&quot;caption&quot;:&quot;&quot;,&quot;created_timestamp&quot;:&quot;0&quot;,&quot;copyright&quot;:&quot;&quot;,&quot;focal_length&quot;:&quot;0&quot;,&quot;iso&quot;:&quot;0&quot;,&quot;shutter_speed&quot;:&quot;0&quot;,&quot;title&quot;:&quot;&quot;,&quot;orientation&quot;:&quot;0&quot;}\" data-image-title=\"Bullgari Objekte arkeo;ogjike te arta\" data-image-description=\"\" data-image-caption=\"&lt;p&gt;Bullgari Objekte arkeo;ogjike te arta &lt;\/p&gt;\n\" data-medium-file=\"https:\/\/i0.wp.com\/www.shqiperia.com\/blog\/wp-content\/uploads\/2026\/01\/Bullgari-Objekte-arkeoogjike-te-arta.jpg?fit=300%2C169&amp;ssl=1\" data-large-file=\"https:\/\/i0.wp.com\/www.shqiperia.com\/blog\/wp-content\/uploads\/2026\/01\/Bullgari-Objekte-arkeoogjike-te-arta.jpg?fit=1024%2C576&amp;ssl=1\" class=\" wp-image-96964\" alt=\"\" src=\"https:\/\/i0.wp.com\/www.shqiperia.com\/blog\/wp-content\/uploads\/2026\/01\/Bullgari-Objekte-arkeoogjike-te-arta.jpg?resize=918%2C517&#038;ssl=1\" width=\"918\" height=\"517\" srcset=\"https:\/\/i0.wp.com\/www.shqiperia.com\/blog\/wp-content\/uploads\/2026\/01\/Bullgari-Objekte-arkeoogjike-te-arta.jpg?resize=300%2C169&amp;ssl=1 300w, https:\/\/i0.wp.com\/www.shqiperia.com\/blog\/wp-content\/uploads\/2026\/01\/Bullgari-Objekte-arkeoogjike-te-arta.jpg?resize=1024%2C576&amp;ssl=1 1024w, https:\/\/i0.wp.com\/www.shqiperia.com\/blog\/wp-content\/uploads\/2026\/01\/Bullgari-Objekte-arkeoogjike-te-arta.jpg?resize=768%2C432&amp;ssl=1 768w, https:\/\/i0.wp.com\/www.shqiperia.com\/blog\/wp-content\/uploads\/2026\/01\/Bullgari-Objekte-arkeoogjike-te-arta.jpg?resize=450%2C253&amp;ssl=1 450w, https:\/\/i0.wp.com\/www.shqiperia.com\/blog\/wp-content\/uploads\/2026\/01\/Bullgari-Objekte-arkeoogjike-te-arta.jpg?resize=600%2C338&amp;ssl=1 600w, https:\/\/i0.wp.com\/www.shqiperia.com\/blog\/wp-content\/uploads\/2026\/01\/Bullgari-Objekte-arkeoogjike-te-arta.jpg?resize=400%2C225&amp;ssl=1 400w, https:\/\/i0.wp.com\/www.shqiperia.com\/blog\/wp-content\/uploads\/2026\/01\/Bullgari-Objekte-arkeoogjike-te-arta.jpg?w=1152&amp;ssl=1 1152w\" sizes=\"auto, (max-width: 918px) 100vw, 918px\" \/><p id=\"caption-attachment-96964\" class=\"wp-caption-text\">Bullgari Objekte arkeo;ogjike te arta<\/p><\/div>\n<\/div>\n","protected":false},"excerpt":{"rendered":"<p>26 Janar 2026 Bullgaria prezanton n\u00eb Bukuresht nj\u00eb nga thesaret e saj m\u00eb t\u00eb \u00e7muara arkeologjike. Deri m\u00eb 29 mars, vizitor\u00ebt e Muzeut Komunal t\u00eb kryeqytetit rumun mund t\u00eb shohin arin dhe artefaktet nga nekropoli kalkolitik i Varn\u00ebs, q\u00eb datojn\u00eb nga fundi i mij\u00ebvje\u00e7arit V dhe fillimi i mij\u00ebvje\u00e7arit IV para er\u00ebs son\u00eb. FOTO:\u00a0BTAParaqitja e [&hellip;]<\/p>\n","protected":false},"author":9,"featured_media":96960,"comment_status":"open","ping_status":"open","sticky":false,"template":"","format":"standard","meta":{"jetpack_post_was_ever_published":false,"_jetpack_newsletter_access":"","_jetpack_dont_email_post_to_subs":false,"_jetpack_newsletter_tier_id":0,"_jetpack_memberships_contains_paywalled_content":false,"_jetpack_memberships_contains_paid_content":false,"footnotes":"","jetpack_publicize_message":"","jetpack_publicize_feature_enabled":true,"jetpack_social_post_already_shared":true,"jetpack_social_options":{"image_generator_settings":{"template":"highway","default_image_id":0,"font":"","enabled":false},"version":2}},"categories":[27,85,10,86],"tags":[],"class_list":["post-96959","post","type-post","status-publish","format-standard","has-post-thumbnail","hentry","category-blogu-i-udhetarit","category-histori","category-kultura","category-trashegimi-kulturore"],"jetpack_publicize_connections":[],"jetpack_featured_media_url":"https:\/\/i0.wp.com\/www.shqiperia.com\/blog\/wp-content\/uploads\/2026\/01\/Bullgari-Objekte-arkeoogjike-te-arta-3.jpg?fit=1024%2C609&ssl=1","jetpack_sharing_enabled":true,"jetpack_shortlink":"https:\/\/wp.me\/p5Z6wp-pdR","jetpack-related-posts":[{"id":55948,"url":"https:\/\/www.shqiperia.com\/blog\/macron-paralajmeron-nje-krize-te-paprecedente-ushqimore-dhe-prezanton-planin-urgjent-zgjidhja-nga-negociatat-rusi-ukraine-nuk-eshte-e-afert\/","url_meta":{"origin":96959,"position":0},"title":"Macron paralajm\u00ebron nj\u00eb kriz\u00eb t\u00eb paprecedent\u00eb ushqimore dhe prezanton planin urgjent: &#8211; Zgjidhja nga negociatat Rusi-Ukrain\u00eb nuk \u00ebsht\u00eb e af\u00ebrt","author":"Kurt Farka","date":"March 25, 2022","format":false,"excerpt":"Macron paralajm\u00ebron nj\u00eb kriz\u00eb t\u00eb paprecedent\u00eb ushqimore dhe prezanton planin urgjent: - Zgjidhja nga negociatat Rusi-Ukrain\u00eb nuk \u00ebsht\u00eb e af\u00ebrt 24 Mars 2022 macroniPresidenti i Franc\u00ebs, Emmanuel Macron ka paralajm\u00ebruar p\u00ebr nj\u00eb kriz\u00eb t\u00eb paprecedente ushqimore. Macron ka propozuar nj\u00eb plan urgjent p\u00ebr sigurin\u00eb ushqimore. \u201cDoja t\u00eb prezantoja nj\u00eb nism\u00eb\u201d-\u2026","rel":"","context":"In &quot;Blogu i Udh\u00ebtarit&quot;","block_context":{"text":"Blogu i Udh\u00ebtarit","link":"https:\/\/www.shqiperia.com\/blog\/category\/blogu-i-udhetarit\/"},"img":{"alt_text":"","src":"https:\/\/i0.wp.com\/www.shqiperia.com\/blog\/wp-content\/uploads\/2022\/03\/macroni-1.jpg?fit=529%2C295&ssl=1&resize=350%2C200","width":350,"height":200,"srcset":"https:\/\/i0.wp.com\/www.shqiperia.com\/blog\/wp-content\/uploads\/2022\/03\/macroni-1.jpg?fit=529%2C295&ssl=1&resize=350%2C200 1x, https:\/\/i0.wp.com\/www.shqiperia.com\/blog\/wp-content\/uploads\/2022\/03\/macroni-1.jpg?fit=529%2C295&ssl=1&resize=525%2C300 1.5x"},"classes":[]},{"id":19414,"url":"https:\/\/www.shqiperia.com\/blog\/kur-i-ka-fillesat-grafika-shqiptare\/","url_meta":{"origin":96959,"position":1},"title":"Kur i ka fillesat grafika shqiptare?","author":"Kurt Farka","date":"April 9, 2019","format":false,"excerpt":"Kur i ka fillesat grafika shqiptare? Grafika \u00ebsht\u00eb nj\u00eb lloj i arteve figurative, i cili e pasqyron realitetin kryesisht me linj\u00ebn dhe sip\u00ebrfaqen bardhezi, n\u00eb plane t\u00eb rrafsh\u00ebta dhe me ngjyra t\u00eb kufizuara. T\u00eb natyr\u00ebs s\u00eb grafik\u00ebs jan\u00eb pikturat parahistorike t\u00eb shpellave n\u00eb Shqip\u00ebri t\u00eb fundit t\u00eb mij\u00ebvje\u00e7arit III dhe\u2026","rel":"","context":"In &quot;Arte&quot;","block_context":{"text":"Arte","link":"https:\/\/www.shqiperia.com\/blog\/category\/arte\/"},"img":{"alt_text":"","src":"https:\/\/i0.wp.com\/www.shqiperia.com\/blog\/wp-content\/uploads\/2019\/04\/21397566_1457943200908268_2137338707_n.jpg?fit=841%2C415&ssl=1&resize=350%2C200","width":350,"height":200,"srcset":"https:\/\/i0.wp.com\/www.shqiperia.com\/blog\/wp-content\/uploads\/2019\/04\/21397566_1457943200908268_2137338707_n.jpg?fit=841%2C415&ssl=1&resize=350%2C200 1x, https:\/\/i0.wp.com\/www.shqiperia.com\/blog\/wp-content\/uploads\/2019\/04\/21397566_1457943200908268_2137338707_n.jpg?fit=841%2C415&ssl=1&resize=525%2C300 1.5x, https:\/\/i0.wp.com\/www.shqiperia.com\/blog\/wp-content\/uploads\/2019\/04\/21397566_1457943200908268_2137338707_n.jpg?fit=841%2C415&ssl=1&resize=700%2C400 2x"},"classes":[]},{"id":50724,"url":"https:\/\/www.shqiperia.com\/blog\/negociatat-mund-te-kthehen-nga-e-para-nese-kryenegociatori-mazi-prezanton-planin-ne-te-ardhmen-puna-do-te-jete-edhe-me-e-nderlikuar\/","url_meta":{"origin":96959,"position":2},"title":"\u201cNegociatat mund t\u00eb kthehen nga e para n\u00ebse\u2026\u201d  &#8211; Kryenegociatori Mazi prezanton planin: N\u00eb t\u00eb ardhmen puna do t\u00eb jet\u00eb edhe m\u00eb e nd\u00ebrlikuar","author":"Kurt Farka","date":"October 20, 2021","format":false,"excerpt":"\u201cNegociatat mund t\u00eb kthehen nga e para n\u00ebse\u2026\u201d - Kryenegociatori Mazi prezanton planin: N\u00eb t\u00eb ardhmen puna do t\u00eb jet\u00eb edhe m\u00eb e nd\u00ebrlikuar 20 tetor 2021 Kryenegociatori e Shqip\u00ebris\u00eb me BE-n\u00eb Zef Mazi ka b\u00ebr\u00eb prezantimin e pun\u00ebs s\u00eb tij dhe ecurin\u00eb e deritanishme p\u00ebr integrimin n\u00eb Bashkimin Evropian.\u2026","rel":"","context":"In &quot;Blogu i Udh\u00ebtarit&quot;","block_context":{"text":"Blogu i Udh\u00ebtarit","link":"https:\/\/www.shqiperia.com\/blog\/category\/blogu-i-udhetarit\/"},"img":{"alt_text":"","src":"https:\/\/i0.wp.com\/www.shqiperia.com\/blog\/wp-content\/uploads\/2021\/10\/e9d7a715-c72a-4c76-bb1a-1573cd49c44e-433x300-1.jpg?fit=433%2C246&ssl=1&resize=350%2C200","width":350,"height":200},"classes":[]},{"id":6603,"url":"https:\/\/www.shqiperia.com\/blog\/piktori-adi-shehu-endrra-pa-dimension-permes-60-pikturave-per-publikun\/","url_meta":{"origin":96959,"position":3},"title":"Piktori Adi Shehu: \u201c\u00cbndrra pa dimension\u201d p\u00ebrmes 60 pikturave p\u00ebr publikun. &#8211;","author":"Kurt Farka","date":"April 18, 2018","format":false,"excerpt":"\u00a0 Piktori Adi Shehu k\u00ebt\u00eb her\u00eb prezanton krijimtarin\u00eb e tij n\u00eb ekspozit\u00ebn personale \u201c\u00cbndrra pa dimension\u201d. Punimet e ekspozit\u00ebs vijn\u00eb me gjuh\u00ebn e piktur\u00ebs mb\u00ebshtetur n\u00eb ornamentet e kostumeve popullore. N\u00eb ekspozit\u00eb jan\u00eb 60 punime me ngjyra, q\u00eb pas prezantimit n\u00eb Tiran\u00eb do t\u00eb ekspozohen edhe n\u00eb Bukuresht. Piktori Adi\u2026","rel":"","context":"In &quot;Arte&quot;","block_context":{"text":"Arte","link":"https:\/\/www.shqiperia.com\/blog\/category\/arte\/"},"img":{"alt_text":"","src":"https:\/\/i0.wp.com\/www.shqiperia.com\/blog\/wp-content\/uploads\/2018\/04\/Pikture-Adi-Shehu.jpg?fit=960%2C954&ssl=1&resize=350%2C200","width":350,"height":200,"srcset":"https:\/\/i0.wp.com\/www.shqiperia.com\/blog\/wp-content\/uploads\/2018\/04\/Pikture-Adi-Shehu.jpg?fit=960%2C954&ssl=1&resize=350%2C200 1x, https:\/\/i0.wp.com\/www.shqiperia.com\/blog\/wp-content\/uploads\/2018\/04\/Pikture-Adi-Shehu.jpg?fit=960%2C954&ssl=1&resize=525%2C300 1.5x, https:\/\/i0.wp.com\/www.shqiperia.com\/blog\/wp-content\/uploads\/2018\/04\/Pikture-Adi-Shehu.jpg?fit=960%2C954&ssl=1&resize=700%2C400 2x"},"classes":[]},{"id":26195,"url":"https:\/\/www.shqiperia.com\/blog\/bienalja-ne-muzeun-historik-kombetar-prezanton-veprat-e-400-artisteve\/","url_meta":{"origin":96959,"position":4},"title":"Bienalja n\u00eb Muzeun Historik Komb\u00ebtar, prezanton veprat e 400 artist\u00ebve. &#8211;","author":"Kurt Farka","date":"September 23, 2019","format":false,"excerpt":"Bienalja n\u00eb Muzeun Historik Komb\u00ebtar, prezanton veprat e 400 artist\u00ebve. - 22\/09\/2019 N\u00eb edicionin e tret\u00eb t\u00eb Bienales Nd\u00ebrkomb\u00ebtare t\u00eb Akuarelit \u201cSelf-Portrait\u201d n\u00eb Muzeun Historik Komb\u00ebtar jan\u00eb prezantuar me pun\u00ebt e tyre 400 artist\u00eb. Me kurator piktorin e njohur Helidon Halitin, kjo ekspozit\u00eb \u00ebsht\u00eb nj\u00eb event unik q\u00eb prezanton veprat\u2026","rel":"","context":"In &quot;Arte&quot;","block_context":{"text":"Arte","link":"https:\/\/www.shqiperia.com\/blog\/category\/arte\/"},"img":{"alt_text":"","src":"https:\/\/i0.wp.com\/www.shqiperia.com\/blog\/wp-content\/uploads\/2019\/09\/biienalja_te_muzue_piktura_faqe_19-2-300x169.jpg?resize=350%2C200&ssl=1","width":350,"height":200},"classes":[]},{"id":74399,"url":"https:\/\/www.shqiperia.com\/blog\/bullgaria-debon-kreun-e-kishes-ortodokse-ruse-ne-sofje-moska-vendim-satanik\/","url_meta":{"origin":96959,"position":5},"title":"Bullgaria d\u00ebbon kreun e kish\u00ebs ortodokse ruse n\u00eb Sofje, Moska: Vendim satanik","author":"Kurt Farka","date":"September 21, 2023","format":false,"excerpt":"21 Shtator 2023 Bullgaria d\u00ebboi sot kreun e kish\u00ebs ortodokse ruse n\u00eb Sofje dhe dy prift\u00ebrinj bjellorus\u00eb, duke i akuzuar ata se i sh\u00ebrbenin interesave gjeopolitike t\u00eb Mosk\u00ebs, nj\u00eb vendim i cil\u00ebsuar si \u201csatanik\u201d nga ambasada ruse. Sh\u00ebrbimi i sigurimit komb\u00ebtar t\u00eb Bullgaris\u00eb njoftoi d\u00ebbimin e tre burrave, duke p\u00ebrmendur\u2026","rel":"","context":"In &quot;Blogu i Udh\u00ebtarit&quot;","block_context":{"text":"Blogu i Udh\u00ebtarit","link":"https:\/\/www.shqiperia.com\/blog\/category\/blogu-i-udhetarit\/"},"img":{"alt_text":"","src":"https:\/\/i0.wp.com\/www.shqiperia.com\/blog\/wp-content\/uploads\/2023\/09\/drr-600x360-1.png?fit=600%2C360&ssl=1&resize=350%2C200","width":350,"height":200,"srcset":"https:\/\/i0.wp.com\/www.shqiperia.com\/blog\/wp-content\/uploads\/2023\/09\/drr-600x360-1.png?fit=600%2C360&ssl=1&resize=350%2C200 1x, https:\/\/i0.wp.com\/www.shqiperia.com\/blog\/wp-content\/uploads\/2023\/09\/drr-600x360-1.png?fit=600%2C360&ssl=1&resize=525%2C300 1.5x"},"classes":[]}],"_links":{"self":[{"href":"https:\/\/www.shqiperia.com\/blog\/wp-json\/wp\/v2\/posts\/96959","targetHints":{"allow":["GET"]}}],"collection":[{"href":"https:\/\/www.shqiperia.com\/blog\/wp-json\/wp\/v2\/posts"}],"about":[{"href":"https:\/\/www.shqiperia.com\/blog\/wp-json\/wp\/v2\/types\/post"}],"author":[{"embeddable":true,"href":"https:\/\/www.shqiperia.com\/blog\/wp-json\/wp\/v2\/users\/9"}],"replies":[{"embeddable":true,"href":"https:\/\/www.shqiperia.com\/blog\/wp-json\/wp\/v2\/comments?post=96959"}],"version-history":[{"count":3,"href":"https:\/\/www.shqiperia.com\/blog\/wp-json\/wp\/v2\/posts\/96959\/revisions"}],"predecessor-version":[{"id":96968,"href":"https:\/\/www.shqiperia.com\/blog\/wp-json\/wp\/v2\/posts\/96959\/revisions\/96968"}],"wp:featuredmedia":[{"embeddable":true,"href":"https:\/\/www.shqiperia.com\/blog\/wp-json\/wp\/v2\/media\/96960"}],"wp:attachment":[{"href":"https:\/\/www.shqiperia.com\/blog\/wp-json\/wp\/v2\/media?parent=96959"}],"wp:term":[{"taxonomy":"category","embeddable":true,"href":"https:\/\/www.shqiperia.com\/blog\/wp-json\/wp\/v2\/categories?post=96959"},{"taxonomy":"post_tag","embeddable":true,"href":"https:\/\/www.shqiperia.com\/blog\/wp-json\/wp\/v2\/tags?post=96959"}],"curies":[{"name":"wp","href":"https:\/\/api.w.org\/{rel}","templated":true}]}}