{"id":96948,"date":"2026-01-25T22:42:18","date_gmt":"2026-01-25T22:42:18","guid":{"rendered":"https:\/\/www.shqiperia.com\/blog\/?p=96948"},"modified":"2026-01-25T22:42:37","modified_gmt":"2026-01-25T22:42:37","slug":"baleti-i-tish-daise-halili-dhe-hajria-nje-veper-qe-skena-shqiptare-e-kerkon-ende-sot","status":"publish","type":"post","link":"https:\/\/www.shqiperia.com\/blog\/baleti-i-tish-daise-halili-dhe-hajria-nje-veper-qe-skena-shqiptare-e-kerkon-ende-sot\/","title":{"rendered":"Baleti  i Tish Daise \u201cHalili dhe Hajria\u201d, nj\u00eb vep\u00ebr q\u00eb skena shqiptare e k\u00ebrkon ende sot"},"content":{"rendered":"<div id=\"attachment_96949\" style=\"width: 593px\" class=\"wp-caption alignnone\"><img data-recalc-dims=\"1\" loading=\"lazy\" decoding=\"async\" aria-describedby=\"caption-attachment-96949\" data-attachment-id=\"96949\" data-permalink=\"https:\/\/www.shqiperia.com\/blog\/baleti-i-tish-daise-halili-dhe-hajria-nje-veper-qe-skena-shqiptare-e-kerkon-ende-sot\/baleti-halili-dhe-hajrija-4\/\" data-orig-file=\"https:\/\/i0.wp.com\/www.shqiperia.com\/blog\/wp-content\/uploads\/2026\/01\/Baleti-Halili-dhe-Hajrija-4.jpg?fit=900%2C635&amp;ssl=1\" data-orig-size=\"900,635\" data-comments-opened=\"1\" data-image-meta=\"{&quot;aperture&quot;:&quot;0&quot;,&quot;credit&quot;:&quot;&quot;,&quot;camera&quot;:&quot;&quot;,&quot;caption&quot;:&quot;&quot;,&quot;created_timestamp&quot;:&quot;0&quot;,&quot;copyright&quot;:&quot;&quot;,&quot;focal_length&quot;:&quot;0&quot;,&quot;iso&quot;:&quot;0&quot;,&quot;shutter_speed&quot;:&quot;0&quot;,&quot;title&quot;:&quot;&quot;,&quot;orientation&quot;:&quot;1&quot;}\" data-image-title=\"Baleti Halili dhe Hajrija\" data-image-description=\"\" data-image-caption=\"&lt;p&gt;Baleti Halili dhe Hajrija&lt;\/p&gt;\n\" data-medium-file=\"https:\/\/i0.wp.com\/www.shqiperia.com\/blog\/wp-content\/uploads\/2026\/01\/Baleti-Halili-dhe-Hajrija-4.jpg?fit=300%2C212&amp;ssl=1\" data-large-file=\"https:\/\/i0.wp.com\/www.shqiperia.com\/blog\/wp-content\/uploads\/2026\/01\/Baleti-Halili-dhe-Hajrija-4.jpg?fit=900%2C635&amp;ssl=1\" class=\" wp-image-96949\" alt=\"\" src=\"https:\/\/i0.wp.com\/www.shqiperia.com\/blog\/wp-content\/uploads\/2026\/01\/Baleti-Halili-dhe-Hajrija-4.jpg?resize=583%2C412&#038;ssl=1\" width=\"583\" height=\"412\" srcset=\"https:\/\/i0.wp.com\/www.shqiperia.com\/blog\/wp-content\/uploads\/2026\/01\/Baleti-Halili-dhe-Hajrija-4.jpg?resize=300%2C212&amp;ssl=1 300w, https:\/\/i0.wp.com\/www.shqiperia.com\/blog\/wp-content\/uploads\/2026\/01\/Baleti-Halili-dhe-Hajrija-4.jpg?resize=768%2C542&amp;ssl=1 768w, https:\/\/i0.wp.com\/www.shqiperia.com\/blog\/wp-content\/uploads\/2026\/01\/Baleti-Halili-dhe-Hajrija-4.jpg?resize=450%2C318&amp;ssl=1 450w, https:\/\/i0.wp.com\/www.shqiperia.com\/blog\/wp-content\/uploads\/2026\/01\/Baleti-Halili-dhe-Hajrija-4.jpg?resize=600%2C423&amp;ssl=1 600w, https:\/\/i0.wp.com\/www.shqiperia.com\/blog\/wp-content\/uploads\/2026\/01\/Baleti-Halili-dhe-Hajrija-4.jpg?resize=400%2C282&amp;ssl=1 400w, https:\/\/i0.wp.com\/www.shqiperia.com\/blog\/wp-content\/uploads\/2026\/01\/Baleti-Halili-dhe-Hajrija-4.jpg?w=900&amp;ssl=1 900w\" sizes=\"auto, (max-width: 583px) 100vw, 583px\" \/><p id=\"caption-attachment-96949\" class=\"wp-caption-text\">Baleti Halili dhe Hajrija<\/p><\/div>\n<p><strong>25 Janar 2026<\/strong><\/p>\n<p><strong>Nga Julia Vrapi<\/strong><\/p>\n<p>\u201cHalili dhe Hajria\u201d baleti i par\u00eb shqiptar, q\u00eb hap siparin e baleteve komb\u00ebtare, i v\u00ebn\u00eb n\u00eb sken\u00eb m\u00eb 13 janar t\u00eb vitit 1963. Vep\u00ebr e kompozitorit Tish Daija, baletmaest\u00ebr Panajot Kana\u00e7i dhe dirigjent Mustafa Krantja. Premiera n\u00eb vitin 1963 u shnd\u00ebrrua n\u00eb nj\u00eb ngjarje madhore, ku u mblodh\u00ebn artist\u00ebt m\u00eb t\u00eb mir\u00eb t\u00eb koreografis\u00eb shqiptare, duke formuar nj\u00eb trup\u00eb t\u00eb jasht\u00ebzakonshme dhe nj\u00eb shfaqje t\u00eb paharrueshme. Subjekti i baletit \u201cHalili dhe Hajrija\u201d mb\u00ebshtetet tek drama me t\u00eb nj\u00ebjtin titull, shkruar n\u00eb vitin 1949 nga Kol\u00eb Jakova. Balet me tre akte q\u00eb u vu n\u00eb sken\u00eb 63 vjet m\u00eb par\u00eb, por q\u00eb dhe me riv\u00ebniet e tij m\u00eb pas nd\u00ebr vite ka qen\u00eb nj\u00eb vep\u00ebr e suksesshme. Solisti i TKOB Sk\u00ebnder\u00a0 Jazexhiu ka qen\u00eb n\u00eb sken\u00eb me rolin e Must\u00ebs n\u00eb vep\u00ebr kur sipas tij u rivu n\u00eb sken\u00eb n\u00eb 1965.<\/p>\n<div id=\"attachment_96950\" style=\"width: 829px\" class=\"wp-caption alignnone\"><img data-recalc-dims=\"1\" loading=\"lazy\" decoding=\"async\" aria-describedby=\"caption-attachment-96950\" data-attachment-id=\"96950\" data-permalink=\"https:\/\/www.shqiperia.com\/blog\/baleti-i-tish-daise-halili-dhe-hajria-nje-veper-qe-skena-shqiptare-e-kerkon-ende-sot\/baleti-halili-dhe-hajrija-5\/\" data-orig-file=\"https:\/\/i0.wp.com\/www.shqiperia.com\/blog\/wp-content\/uploads\/2026\/01\/Baleti-Halili-dhe-Hajrija-5.jpg?fit=1257%2C799&amp;ssl=1\" data-orig-size=\"1257,799\" data-comments-opened=\"1\" data-image-meta=\"{&quot;aperture&quot;:&quot;0&quot;,&quot;credit&quot;:&quot;&quot;,&quot;camera&quot;:&quot;&quot;,&quot;caption&quot;:&quot;&quot;,&quot;created_timestamp&quot;:&quot;0&quot;,&quot;copyright&quot;:&quot;&quot;,&quot;focal_length&quot;:&quot;0&quot;,&quot;iso&quot;:&quot;0&quot;,&quot;shutter_speed&quot;:&quot;0&quot;,&quot;title&quot;:&quot;&quot;,&quot;orientation&quot;:&quot;0&quot;}\" data-image-title=\"Baleti Halili dhe Hajrija\" data-image-description=\"\" data-image-caption=\"&lt;p&gt;Baleti Halili dhe Hajrija&lt;\/p&gt;\n\" data-medium-file=\"https:\/\/i0.wp.com\/www.shqiperia.com\/blog\/wp-content\/uploads\/2026\/01\/Baleti-Halili-dhe-Hajrija-5.jpg?fit=300%2C191&amp;ssl=1\" data-large-file=\"https:\/\/i0.wp.com\/www.shqiperia.com\/blog\/wp-content\/uploads\/2026\/01\/Baleti-Halili-dhe-Hajrija-5.jpg?fit=1024%2C651&amp;ssl=1\" class=\" wp-image-96950\" alt=\"\" src=\"https:\/\/i0.wp.com\/www.shqiperia.com\/blog\/wp-content\/uploads\/2026\/01\/Baleti-Halili-dhe-Hajrija-5.jpg?resize=819%2C521&#038;ssl=1\" width=\"819\" height=\"521\" srcset=\"https:\/\/i0.wp.com\/www.shqiperia.com\/blog\/wp-content\/uploads\/2026\/01\/Baleti-Halili-dhe-Hajrija-5.jpg?resize=300%2C191&amp;ssl=1 300w, https:\/\/i0.wp.com\/www.shqiperia.com\/blog\/wp-content\/uploads\/2026\/01\/Baleti-Halili-dhe-Hajrija-5.jpg?resize=1024%2C651&amp;ssl=1 1024w, https:\/\/i0.wp.com\/www.shqiperia.com\/blog\/wp-content\/uploads\/2026\/01\/Baleti-Halili-dhe-Hajrija-5.jpg?resize=768%2C488&amp;ssl=1 768w, https:\/\/i0.wp.com\/www.shqiperia.com\/blog\/wp-content\/uploads\/2026\/01\/Baleti-Halili-dhe-Hajrija-5.jpg?resize=450%2C286&amp;ssl=1 450w, https:\/\/i0.wp.com\/www.shqiperia.com\/blog\/wp-content\/uploads\/2026\/01\/Baleti-Halili-dhe-Hajrija-5.jpg?resize=600%2C381&amp;ssl=1 600w, https:\/\/i0.wp.com\/www.shqiperia.com\/blog\/wp-content\/uploads\/2026\/01\/Baleti-Halili-dhe-Hajrija-5.jpg?resize=400%2C254&amp;ssl=1 400w, https:\/\/i0.wp.com\/www.shqiperia.com\/blog\/wp-content\/uploads\/2026\/01\/Baleti-Halili-dhe-Hajrija-5.jpg?w=1257&amp;ssl=1 1257w\" sizes=\"auto, (max-width: 819px) 100vw, 819px\" \/><p id=\"caption-attachment-96950\" class=\"wp-caption-text\">Baleti Halili dhe Hajrija<\/p><\/div>\n<p>Jazexhiu shprehet se baleti \u201cHalili dhe Hajria\u201d n\u00eb Teatrin e Oper\u00ebs dhe Baletit (sot Universiteti i Arteve) n\u00eb 1963 nuk \u00ebsht\u00eb thjesht nj\u00eb shfaqje artistike, por nj\u00eb element p\u00ebrfaq\u00ebsues i kultur\u00ebs dhe identitetit komb\u00ebtar. Sipas tij baleti \u201cHalili dhe Hajria\u201d i vitit 1963 vazhdon t\u00eb mbetet nj\u00eb vep\u00ebr e domosdoshme p\u00ebr repertorin e baletit shqiptar. Ai p\u00ebr\u00e7on bukurin\u00eb artistike, duke i ofruar publikut emocion dhe identitet kulturor.\u00a0 \u201cBaleti \u201cHalili dhe Hajria\u201d \u00ebsht\u00eb simbol i tradit\u00ebs s\u00eb baletit komb\u00ebtar shqiptar. Vepra mb\u00ebshtetet mbi traditat komb\u00ebtare dhe element\u00ebt e koreografis\u00eb shqiptare. Me muzik\u00eb nga Tish Daija, ky \u00ebsht\u00eb baleti i par\u00eb komb\u00ebtar n\u00eb sken\u00ebn shqiptare. Ai konsiderohet nj\u00eb vep\u00ebr madhore dhe nj\u00eb nga simbolet kryesore t\u00eb koreografis\u00eb shqiptare, mbi t\u00eb cil\u00ebn kjo tradit\u00eb u zhvillua m\u00eb tej. Vepra mund t\u00eb vihet n\u00eb sken\u00eb edhe sot, madje ajo \u00ebsht\u00eb nj\u00eb domosdoshm\u00ebri p\u00ebr repertorin e baletit shqiptar, pasi skena e k\u00ebrkon dhe publiku e vler\u00ebson\u201d, shprehet ai.<\/p>\n<div id=\"attachment_96951\" style=\"width: 641px\" class=\"wp-caption alignnone\"><img data-recalc-dims=\"1\" loading=\"lazy\" decoding=\"async\" aria-describedby=\"caption-attachment-96951\" data-attachment-id=\"96951\" data-permalink=\"https:\/\/www.shqiperia.com\/blog\/baleti-i-tish-daise-halili-dhe-hajria-nje-veper-qe-skena-shqiptare-e-kerkon-ende-sot\/baleti-halili-dhe-hajrija-2\/\" data-orig-file=\"https:\/\/i0.wp.com\/www.shqiperia.com\/blog\/wp-content\/uploads\/2026\/01\/Baleti-Halili-dhe-Hajrija-2.jpg?fit=201%2C251&amp;ssl=1\" data-orig-size=\"201,251\" data-comments-opened=\"1\" data-image-meta=\"{&quot;aperture&quot;:&quot;0&quot;,&quot;credit&quot;:&quot;&quot;,&quot;camera&quot;:&quot;&quot;,&quot;caption&quot;:&quot;&quot;,&quot;created_timestamp&quot;:&quot;0&quot;,&quot;copyright&quot;:&quot;&quot;,&quot;focal_length&quot;:&quot;0&quot;,&quot;iso&quot;:&quot;0&quot;,&quot;shutter_speed&quot;:&quot;0&quot;,&quot;title&quot;:&quot;&quot;,&quot;orientation&quot;:&quot;0&quot;}\" data-image-title=\"Baleti Halili dhe Hajrija (2)\" data-image-description=\"\" data-image-caption=\"&lt;p&gt;Baleti Halili dhe Hajrija&lt;\/p&gt;\n\" data-medium-file=\"https:\/\/i0.wp.com\/www.shqiperia.com\/blog\/wp-content\/uploads\/2026\/01\/Baleti-Halili-dhe-Hajrija-2.jpg?fit=201%2C251&amp;ssl=1\" data-large-file=\"https:\/\/i0.wp.com\/www.shqiperia.com\/blog\/wp-content\/uploads\/2026\/01\/Baleti-Halili-dhe-Hajrija-2.jpg?fit=201%2C251&amp;ssl=1\" class=\" wp-image-96951\" alt=\"\" src=\"https:\/\/i0.wp.com\/www.shqiperia.com\/blog\/wp-content\/uploads\/2026\/01\/Baleti-Halili-dhe-Hajrija-2.jpg?resize=631%2C788&#038;ssl=1\" width=\"631\" height=\"788\" \/><p id=\"caption-attachment-96951\" class=\"wp-caption-text\">Baleti Halili dhe Hajrija<\/p><\/div>\n<p>Solisti i par\u00eb i Teatrit Komb\u00ebtar t\u00eb Oper\u00ebs dhe Baletit Sk\u00ebnder Jazexhiu rr\u00ebfen se kur baleti \u201cHalili dhe Hajria\u201d u vu n\u00eb sken\u00eb ishte me pjes\u00ebmarrjen e artist\u00ebve t\u00eb baletit, artist\u00eb nga Ansambli Shtet\u00ebror apo dhe Shkolla Koreografike Shqiptare, duke formuar sipas tij nj\u00eb trup\u00eb t\u00eb madhe artistike dhe nj\u00eb shfaqje me nivel t\u00eb lart\u00eb artistik. \u201cUn\u00eb kam qen\u00eb n\u00eb sken\u00eb me rolin e Must\u00ebs, isha dublat me at\u00eb rol. Kam qen\u00eb n\u00eb sken\u00eb kur vepra u rivu n\u00eb vitin 1965 dhe isha 17 vje\u00e7 dhe jo gjat\u00eb premier\u00ebs s\u00eb vitit 1963. Baleti \u201cHalili dhe Hajria\u201d \u00ebsht\u00eb nj\u00eb nga veprat m\u00eb t\u00eb m\u00ebdha t\u00eb koreografis\u00eb shqiptare, me n\u00eb krye maestron Panajot Kana\u00e7i dhe me Tish Daij\u00ebn, i cili u mb\u00ebshtet p\u00ebr muzik\u00ebn edhe nga burimet popullore\u201d, vijon Sk\u00ebnder Jazexhiu m\u00eb tej. Sk\u00ebnder Jazexhiu nj\u00eb prej solist\u00ebve t\u00eb njohur t\u00eb TKOB-s\u00eb edhe m\u00eb par\u00eb ka folur p\u00ebr r\u00ebnd\u00ebsin\u00eb e veprave komb\u00ebtare n\u00eb sken\u00eb. N\u00eb aktivitetin e Sk\u00ebnder Jazexhiut n\u00eb balete komb\u00ebtare dhe t\u00eb huaja p\u00ebrmendim personazhet Musta te \u201cHalili dhe Hajria\u201d, Arbani te \u201cDelina\u201d, roli i burizanit te \u201cFatosi partizan\u201d, Pjetri te \u201cCuva e Maleve\u201d, te \u201cDon Kishtoi\u201d San\u00e7o, \u201cLola\u201d roli i Mengos, \u201cArr\u00ebthyesi\u201d spanjolli, \u201cTok\u00eb e pamposhtur\u201d peshkatari, \u201cBijt\u00eb e peshkatarit\u201d Petriti, \u201cLumi i vdekur\u201d Llazi, etj. N\u00eb 2002 mbyll aktivitetin n\u00eb sken\u00eb me baletin \u201cDon Kishoti\u201d.<\/p>\n<div id=\"attachment_96952\" style=\"width: 747px\" class=\"wp-caption alignnone\"><img data-recalc-dims=\"1\" loading=\"lazy\" decoding=\"async\" aria-describedby=\"caption-attachment-96952\" data-attachment-id=\"96952\" data-permalink=\"https:\/\/www.shqiperia.com\/blog\/baleti-i-tish-daise-halili-dhe-hajria-nje-veper-qe-skena-shqiptare-e-kerkon-ende-sot\/baleti-halili-dhe-hajrija-3\/\" data-orig-file=\"https:\/\/i0.wp.com\/www.shqiperia.com\/blog\/wp-content\/uploads\/2026\/01\/Baleti-Halili-dhe-Hajrija-1.jpg?fit=650%2C439&amp;ssl=1\" data-orig-size=\"650,439\" data-comments-opened=\"1\" data-image-meta=\"{&quot;aperture&quot;:&quot;0&quot;,&quot;credit&quot;:&quot;&quot;,&quot;camera&quot;:&quot;&quot;,&quot;caption&quot;:&quot;&quot;,&quot;created_timestamp&quot;:&quot;0&quot;,&quot;copyright&quot;:&quot;&quot;,&quot;focal_length&quot;:&quot;0&quot;,&quot;iso&quot;:&quot;0&quot;,&quot;shutter_speed&quot;:&quot;0&quot;,&quot;title&quot;:&quot;&quot;,&quot;orientation&quot;:&quot;0&quot;}\" data-image-title=\"Baleti Halili dhe Hajrija\" data-image-description=\"\" data-image-caption=\"&lt;p&gt;Baleti Halili dhe Hajrija&lt;\/p&gt;\n\" data-medium-file=\"https:\/\/i0.wp.com\/www.shqiperia.com\/blog\/wp-content\/uploads\/2026\/01\/Baleti-Halili-dhe-Hajrija-1.jpg?fit=300%2C203&amp;ssl=1\" data-large-file=\"https:\/\/i0.wp.com\/www.shqiperia.com\/blog\/wp-content\/uploads\/2026\/01\/Baleti-Halili-dhe-Hajrija-1.jpg?fit=650%2C439&amp;ssl=1\" class=\" wp-image-96952\" alt=\"\" src=\"https:\/\/i0.wp.com\/www.shqiperia.com\/blog\/wp-content\/uploads\/2026\/01\/Baleti-Halili-dhe-Hajrija-1.jpg?resize=737%2C499&#038;ssl=1\" width=\"737\" height=\"499\" srcset=\"https:\/\/i0.wp.com\/www.shqiperia.com\/blog\/wp-content\/uploads\/2026\/01\/Baleti-Halili-dhe-Hajrija-1.jpg?resize=300%2C203&amp;ssl=1 300w, https:\/\/i0.wp.com\/www.shqiperia.com\/blog\/wp-content\/uploads\/2026\/01\/Baleti-Halili-dhe-Hajrija-1.jpg?resize=450%2C304&amp;ssl=1 450w, https:\/\/i0.wp.com\/www.shqiperia.com\/blog\/wp-content\/uploads\/2026\/01\/Baleti-Halili-dhe-Hajrija-1.jpg?resize=600%2C405&amp;ssl=1 600w, https:\/\/i0.wp.com\/www.shqiperia.com\/blog\/wp-content\/uploads\/2026\/01\/Baleti-Halili-dhe-Hajrija-1.jpg?resize=235%2C160&amp;ssl=1 235w, https:\/\/i0.wp.com\/www.shqiperia.com\/blog\/wp-content\/uploads\/2026\/01\/Baleti-Halili-dhe-Hajrija-1.jpg?resize=400%2C270&amp;ssl=1 400w, https:\/\/i0.wp.com\/www.shqiperia.com\/blog\/wp-content\/uploads\/2026\/01\/Baleti-Halili-dhe-Hajrija-1.jpg?w=650&amp;ssl=1 650w\" sizes=\"auto, (max-width: 737px) 100vw, 737px\" \/><p id=\"caption-attachment-96952\" class=\"wp-caption-text\">Baleti Halili dhe Hajrija<\/p><\/div>\n<p><strong>Vepra n\u00eb sken\u00eb<\/strong><\/p>\n<p>Referuar materialeve arkivore m\u00eb par\u00eb nga Teatri Komb\u00ebtar i Oper\u00ebs dhe Baletit, interpretuesit e par\u00eb n\u00eb rolin e Halilit, ishin: Xhemil Simixhi, Kristaq Rada dhe Llaqi Nako. Nd\u00ebrsa n\u00eb rolin e Hajries: Ganimet Vendresha (Simixhi) dhe Zoica Haxho, n\u00eb rolet e tjera p\u00ebrmenden emrat e Luan Shtinos, Miltiadh Pap\u00ebs, Agron Aliajt, etj. M\u00eb 12 dhjetor 1973 u luajt p\u00ebr t\u00eb 150-t\u00ebn her\u00eb. N\u00eb vitin 1983, kjo vep\u00ebr rivihet n\u00eb sken\u00eb. Krahas emrit t\u00eb Llaqi Nakos, n\u00eb rolin e Halilit, radhitet edhe ai i Ilir Kernit, nd\u00ebrsa n\u00eb rolet e tjera Albana Sulejmani, P\u00ebllumb Agalliu, Hajdar Shtuni, Ludmill \u00c7akalli, etj. Baleti \u201cHalili dhe Hajrija\u201d \u00ebsht\u00eb shfaqur edhe n\u00eb Kosov\u00eb (1979), n\u00eb Greqi (1983), n\u00eb Itali (1991) dhe n\u00eb Franc\u00eb (1980).<\/p>\n","protected":false},"excerpt":{"rendered":"<p>25 Janar 2026 Nga Julia Vrapi \u201cHalili dhe Hajria\u201d baleti i par\u00eb shqiptar, q\u00eb hap siparin e baleteve komb\u00ebtare, i v\u00ebn\u00eb n\u00eb sken\u00eb m\u00eb 13 janar t\u00eb vitit 1963. Vep\u00ebr e kompozitorit Tish Daija, baletmaest\u00ebr Panajot Kana\u00e7i dhe dirigjent Mustafa Krantja. Premiera n\u00eb vitin 1963 u shnd\u00ebrrua n\u00eb nj\u00eb ngjarje madhore, ku u mblodh\u00ebn artist\u00ebt [&hellip;]<\/p>\n","protected":false},"author":9,"featured_media":96949,"comment_status":"open","ping_status":"open","sticky":false,"template":"","format":"standard","meta":{"jetpack_post_was_ever_published":false,"_jetpack_newsletter_access":"","_jetpack_dont_email_post_to_subs":false,"_jetpack_newsletter_tier_id":0,"_jetpack_memberships_contains_paywalled_content":false,"_jetpack_memberships_contains_paid_content":false,"footnotes":"","jetpack_publicize_message":"","jetpack_publicize_feature_enabled":true,"jetpack_social_post_already_shared":true,"jetpack_social_options":{"image_generator_settings":{"template":"highway","default_image_id":0,"font":"","enabled":false},"version":2}},"categories":[87,27,85,10,1,35,86],"tags":[],"class_list":["post-96948","post","type-post","status-publish","format-standard","has-post-thumbnail","hentry","category-arte","category-blogu-i-udhetarit","category-histori","category-kultura","category-njoftime-shtypi","category-shoqerore","category-trashegimi-kulturore"],"jetpack_publicize_connections":[],"jetpack_featured_media_url":"https:\/\/i0.wp.com\/www.shqiperia.com\/blog\/wp-content\/uploads\/2026\/01\/Baleti-Halili-dhe-Hajrija-4.jpg?fit=900%2C635&ssl=1","jetpack_sharing_enabled":true,"jetpack_shortlink":"https:\/\/wp.me\/p5Z6wp-pdG","jetpack-related-posts":[{"id":1194,"url":"https:\/\/www.shqiperia.com\/blog\/13-janar-1963-premiera-e-baletit-halili-dhe-hajrija\/","url_meta":{"origin":96948,"position":0},"title":"13 Janar 1963,  premiera e baletit &#8220;Halili dhe Hajrija&#8221;","author":"Kurt Farka","date":"January 13, 2018","format":false,"excerpt":"Nga Vasil Sofokli Tole 13 Janar 1963, 55 vjet m\u00eb par\u00eb u krye premiera e \"Halilit dhe Hajris\u00eb\", t\u00eb parit balet shqiptar! Mir\u00ebnjohje dhe respekt p\u00ebr autor\u00ebt, kompozitorin Tish Daija, koreografin Panajot Kana\u00e7i dhe gjith\u00eb interpretuesit. Ky balet erdhi i treti, n\u00eb rradh\u00ebn e krijimit t\u00eb veprave t\u00eb m\u00ebdha t\u00eb\u2026","rel":"","context":"In &quot;Arte&quot;","block_context":{"text":"Arte","link":"https:\/\/www.shqiperia.com\/blog\/category\/arte\/"},"img":{"alt_text":"","src":"https:\/\/i0.wp.com\/www.shqiperia.com\/blog\/wp-content\/uploads\/2018\/01\/Halili-dhe-Hajrija-4.jpg?fit=982%2C725&ssl=1&resize=350%2C200","width":350,"height":200,"srcset":"https:\/\/i0.wp.com\/www.shqiperia.com\/blog\/wp-content\/uploads\/2018\/01\/Halili-dhe-Hajrija-4.jpg?fit=982%2C725&ssl=1&resize=350%2C200 1x, https:\/\/i0.wp.com\/www.shqiperia.com\/blog\/wp-content\/uploads\/2018\/01\/Halili-dhe-Hajrija-4.jpg?fit=982%2C725&ssl=1&resize=525%2C300 1.5x, https:\/\/i0.wp.com\/www.shqiperia.com\/blog\/wp-content\/uploads\/2018\/01\/Halili-dhe-Hajrija-4.jpg?fit=982%2C725&ssl=1&resize=700%2C400 2x"},"classes":[]},{"id":96592,"url":"https:\/\/www.shqiperia.com\/blog\/63-vite-nga-halili-dhe-hajrija-baleti-i-pare-shqiptar\/","url_meta":{"origin":96948,"position":1},"title":"63 vite nga \u201cHalili dhe Hajrija\u201d, baleti i par\u00eb shqiptar","author":"Kurt Farka","date":"January 14, 2026","format":false,"excerpt":"14 Janar 2025 63 vjet m\u00eb par\u00eb, n\u00eb 13 janar t\u00eb vitit 1963, u vu n\u00eb sken\u00eb baleti i par\u00eb shqiptar, \u201cHalili dhe Hajrija\u201d. Vepra me t\u00eb nj\u00ebjtin titull e Kol\u00eb Jakov\u00ebs, shkruar n\u00eb vitin 1949, frym\u00ebzoi kompozitorin Tish Daia p\u00ebr kompozimin e vij\u00ebs melodike. Ashtu si edhe drama, baleti\u2026","rel":"","context":"In &quot;Kultura&quot;","block_context":{"text":"Kultura","link":"https:\/\/www.shqiperia.com\/blog\/category\/kultura\/"},"img":{"alt_text":"","src":"https:\/\/i0.wp.com\/www.shqiperia.com\/blog\/wp-content\/uploads\/2026\/01\/Baleti-Halili-dhe-Hajrija.jpg?fit=640%2C426&ssl=1&resize=350%2C200","width":350,"height":200,"srcset":"https:\/\/i0.wp.com\/www.shqiperia.com\/blog\/wp-content\/uploads\/2026\/01\/Baleti-Halili-dhe-Hajrija.jpg?fit=640%2C426&ssl=1&resize=350%2C200 1x, https:\/\/i0.wp.com\/www.shqiperia.com\/blog\/wp-content\/uploads\/2026\/01\/Baleti-Halili-dhe-Hajrija.jpg?fit=640%2C426&ssl=1&resize=525%2C300 1.5x"},"classes":[]},{"id":73727,"url":"https:\/\/www.shqiperia.com\/blog\/ndahet-nga-jeta-primabalerina-legjendare-e-teatrit-kombetar-te-operas-dhe-baletit\/","url_meta":{"origin":96948,"position":2},"title":"Ndahet nga jeta primabalerina legjendare e Teatrit Komb\u00ebtar t\u00eb Operas dhe Baletit","author":"Kurt Farka","date":"August 21, 2023","format":false,"excerpt":"21 Gusht 2023 Esht\u00eb ndar\u00eb nga jeta sot Sekine Sharofi, primabalerina legjendare e Teatrit Komb\u00ebtar t\u00eb Oper\u00ebs dhe Baletit si dhe bashk\u00ebshortja e tenorit dramatik Xhoni Athanas. Shum\u00eb e kujtojn\u00eb si nj\u00eb vajz\u00eb t\u00eb mahnitshme dhe nj\u00eb k\u00ebrcimtare t\u00eb disiplinuar me nj\u00eb temperament t\u00eb shk\u00eblqyer, q\u00eb t\u00ebrhiqte publikun artdash\u00ebsh me\u2026","rel":"","context":"In &quot;Blogu i Udh\u00ebtarit&quot;","block_context":{"text":"Blogu i Udh\u00ebtarit","link":"https:\/\/www.shqiperia.com\/blog\/category\/blogu-i-udhetarit\/"},"img":{"alt_text":"","src":"https:\/\/i0.wp.com\/www.shqiperia.com\/blog\/wp-content\/uploads\/2023\/08\/640-0-64e36f3e24647.jpg?fit=640%2C408&ssl=1&resize=350%2C200","width":350,"height":200,"srcset":"https:\/\/i0.wp.com\/www.shqiperia.com\/blog\/wp-content\/uploads\/2023\/08\/640-0-64e36f3e24647.jpg?fit=640%2C408&ssl=1&resize=350%2C200 1x, https:\/\/i0.wp.com\/www.shqiperia.com\/blog\/wp-content\/uploads\/2023\/08\/640-0-64e36f3e24647.jpg?fit=640%2C408&ssl=1&resize=525%2C300 1.5x"},"classes":[]},{"id":6483,"url":"https:\/\/www.shqiperia.com\/blog\/portret-artisteje-virtuozja-e-madhja-ganimet-vendresha\/","url_meta":{"origin":96948,"position":3},"title":"Portret Artisteje &#8211; Virtuozja, e madhja  Ganimet Vendresha. &#8211;","author":"Kurt Farka","date":"April 16, 2018","format":false,"excerpt":"Nga Bashkim Ko\u00e7i Un\u00eb nuk e kam takuar kurr\u00eb balerin\u00ebn Ganimet Vendresha. Asnj\u00ebher\u00eb. Edhe pas disa p\u00ebrpjekjeve q\u00eb b\u00ebra k\u00ebto dit\u00eb p\u00ebr t\u00eb mund\u00ebsuar nj\u00eb \u201cpirje kafe\u201d me t\u00eb, nuk na u b\u00eb p\u00ebr mbar\u00eb. Ajo tashm\u00eb \u00ebsht\u00eb n\u00eb mosh\u00eb t\u00eb thyer. E ka t\u00eb v\u00ebshtir\u00eb t\u00eb jet\u00eb \u201chaz\u00ebrxhevap\u201d p\u00ebr\u2026","rel":"","context":"In &quot;Arte&quot;","block_context":{"text":"Arte","link":"https:\/\/www.shqiperia.com\/blog\/category\/arte\/"},"img":{"alt_text":"","src":"https:\/\/i0.wp.com\/www.shqiperia.com\/blog\/wp-content\/uploads\/2018\/04\/Ganimet-Vendresha-Copy.png?fit=424%2C353&ssl=1&resize=350%2C200","width":350,"height":200},"classes":[]},{"id":99209,"url":"https:\/\/www.shqiperia.com\/blog\/merita-halili-kenga-popullore-eshte-pasuria-jone-me-e-cmuar-qe-duhet-ruajtur-dhe-percuar-brezave-te-rinj\/","url_meta":{"origin":96948,"position":4},"title":"Merita Halili: K\u00ebnga popullore \u00ebsht\u00eb pasuria jon\u00eb m\u00eb e \u00e7muar, q\u00eb duhet ruajtur dhe p\u00ebr\u00e7uar brezave t\u00eb rinj","author":"Kurt Farka","date":"April 8, 2026","format":false,"excerpt":"8 Prill 2026 Intervistoi: Juljana Vrapi Nj\u00eb nga k\u00ebng\u00ebtaret m\u00eb t\u00eb njohura dhe t\u00eb respektuara t\u00eb muzik\u00ebs popullore shqiptare, Merita Halili ka pasur nj\u00eb ndikim t\u00eb madh n\u00eb promovimin dhe ruajtjen e tradit\u00ebs son\u00eb. K\u00ebng\u00ebt e saj jan\u00eb nj\u00eb pasuri e ve\u00e7ant\u00eb e muzik\u00ebs popullore shqiptare, duke pasqyruar shpirtin dhe\u2026","rel":"","context":"In &quot;Blogu i Udh\u00ebtarit&quot;","block_context":{"text":"Blogu i Udh\u00ebtarit","link":"https:\/\/www.shqiperia.com\/blog\/category\/blogu-i-udhetarit\/"},"img":{"alt_text":"","src":"https:\/\/i0.wp.com\/www.shqiperia.com\/blog\/wp-content\/uploads\/2026\/04\/Merita-Halili-2.jpg?fit=1200%2C727&ssl=1&resize=350%2C200","width":350,"height":200,"srcset":"https:\/\/i0.wp.com\/www.shqiperia.com\/blog\/wp-content\/uploads\/2026\/04\/Merita-Halili-2.jpg?fit=1200%2C727&ssl=1&resize=350%2C200 1x, https:\/\/i0.wp.com\/www.shqiperia.com\/blog\/wp-content\/uploads\/2026\/04\/Merita-Halili-2.jpg?fit=1200%2C727&ssl=1&resize=525%2C300 1.5x, https:\/\/i0.wp.com\/www.shqiperia.com\/blog\/wp-content\/uploads\/2026\/04\/Merita-Halili-2.jpg?fit=1200%2C727&ssl=1&resize=700%2C400 2x, https:\/\/i0.wp.com\/www.shqiperia.com\/blog\/wp-content\/uploads\/2026\/04\/Merita-Halili-2.jpg?fit=1200%2C727&ssl=1&resize=1050%2C600 3x"},"classes":[]},{"id":29338,"url":"https:\/\/www.shqiperia.com\/blog\/partizanet-pushkatojne-femije-ne-fshatin-e-kercoves-novosele\/","url_meta":{"origin":96948,"position":5},"title":"Partizan\u00ebt pushkatojn\u00eb f\u00ebmij\u00eb n\u00eb fshatin e K\u00ebr\u00e7ov\u00ebs, Novosel\u00eb.","author":"Kurt Farka","date":"December 15, 2019","format":false,"excerpt":"Partizan\u00ebt pushkatojn\u00eb f\u00ebmij\u00eb n\u00eb fshatin e K\u00ebr\u00e7ov\u00ebs, Novosel\u00eb. Nga: Safet Hyseni. Nga Libri: Varret massive ne Kercove dhe rrethine, te autorit Safet Hyseni. N\u00eb fshatin e K\u00ebr\u00e7ov\u00ebs Novosel\u00eb qysh n\u00eb t\u00eb kaluar\u00ebn ka ekzistuar shkolla fillore. N\u00eb koh\u00ebn e Serbit t\u00eb par\u00eb (SKS) ka pasur 12 nx\u00ebn\u00ebs q\u00eb krahasuar me\u2026","rel":"","context":"In &quot;Blogu i Udh\u00ebtarit&quot;","block_context":{"text":"Blogu i Udh\u00ebtarit","link":"https:\/\/www.shqiperia.com\/blog\/category\/blogu-i-udhetarit\/"},"img":{"alt_text":"","src":"https:\/\/i0.wp.com\/www.shqiperia.com\/blog\/wp-content\/uploads\/2019\/12\/Partizan%C3%ABt-pushkatojn%C3%AB-f%C3%ABmij%C3%AB-n%C3%AB-fshatin-e-K%C3%ABr%C3%A7ov%C3%ABs-Novosel%C3%AB..jpg?fit=960%2C510&ssl=1&resize=350%2C200","width":350,"height":200,"srcset":"https:\/\/i0.wp.com\/www.shqiperia.com\/blog\/wp-content\/uploads\/2019\/12\/Partizan%C3%ABt-pushkatojn%C3%AB-f%C3%ABmij%C3%AB-n%C3%AB-fshatin-e-K%C3%ABr%C3%A7ov%C3%ABs-Novosel%C3%AB..jpg?fit=960%2C510&ssl=1&resize=350%2C200 1x, https:\/\/i0.wp.com\/www.shqiperia.com\/blog\/wp-content\/uploads\/2019\/12\/Partizan%C3%ABt-pushkatojn%C3%AB-f%C3%ABmij%C3%AB-n%C3%AB-fshatin-e-K%C3%ABr%C3%A7ov%C3%ABs-Novosel%C3%AB..jpg?fit=960%2C510&ssl=1&resize=525%2C300 1.5x, https:\/\/i0.wp.com\/www.shqiperia.com\/blog\/wp-content\/uploads\/2019\/12\/Partizan%C3%ABt-pushkatojn%C3%AB-f%C3%ABmij%C3%AB-n%C3%AB-fshatin-e-K%C3%ABr%C3%A7ov%C3%ABs-Novosel%C3%AB..jpg?fit=960%2C510&ssl=1&resize=700%2C400 2x"},"classes":[]}],"_links":{"self":[{"href":"https:\/\/www.shqiperia.com\/blog\/wp-json\/wp\/v2\/posts\/96948","targetHints":{"allow":["GET"]}}],"collection":[{"href":"https:\/\/www.shqiperia.com\/blog\/wp-json\/wp\/v2\/posts"}],"about":[{"href":"https:\/\/www.shqiperia.com\/blog\/wp-json\/wp\/v2\/types\/post"}],"author":[{"embeddable":true,"href":"https:\/\/www.shqiperia.com\/blog\/wp-json\/wp\/v2\/users\/9"}],"replies":[{"embeddable":true,"href":"https:\/\/www.shqiperia.com\/blog\/wp-json\/wp\/v2\/comments?post=96948"}],"version-history":[{"count":2,"href":"https:\/\/www.shqiperia.com\/blog\/wp-json\/wp\/v2\/posts\/96948\/revisions"}],"predecessor-version":[{"id":96955,"href":"https:\/\/www.shqiperia.com\/blog\/wp-json\/wp\/v2\/posts\/96948\/revisions\/96955"}],"wp:featuredmedia":[{"embeddable":true,"href":"https:\/\/www.shqiperia.com\/blog\/wp-json\/wp\/v2\/media\/96949"}],"wp:attachment":[{"href":"https:\/\/www.shqiperia.com\/blog\/wp-json\/wp\/v2\/media?parent=96948"}],"wp:term":[{"taxonomy":"category","embeddable":true,"href":"https:\/\/www.shqiperia.com\/blog\/wp-json\/wp\/v2\/categories?post=96948"},{"taxonomy":"post_tag","embeddable":true,"href":"https:\/\/www.shqiperia.com\/blog\/wp-json\/wp\/v2\/tags?post=96948"}],"curies":[{"name":"wp","href":"https:\/\/api.w.org\/{rel}","templated":true}]}}