{"id":96943,"date":"2026-01-25T19:21:37","date_gmt":"2026-01-25T19:21:37","guid":{"rendered":"https:\/\/www.shqiperia.com\/blog\/?p=96943"},"modified":"2026-01-25T19:25:40","modified_gmt":"2026-01-25T19:25:40","slug":"rama-shmangu-pergjegjesite-maliqi-me-e-rendesishme-ishte-te-shkohej-ne-davos-sesa-nje-foto-ne-vlore","status":"publish","type":"post","link":"https:\/\/www.shqiperia.com\/blog\/rama-shmangu-pergjegjesite-maliqi-me-e-rendesishme-ishte-te-shkohej-ne-davos-sesa-nje-foto-ne-vlore\/","title":{"rendered":"\u2018Rama shmangu p\u00ebrgjegj\u00ebsit\u00eb\u2019, Maliqi: M\u00eb e r\u00ebnd\u00ebsishme ishte t\u00eb shkohej n\u00eb Davos sesa nj\u00eb foto n\u00eb Vlor\u00eb"},"content":{"rendered":"<p><img data-recalc-dims=\"1\" loading=\"lazy\" decoding=\"async\" data-attachment-id=\"96944\" data-permalink=\"https:\/\/www.shqiperia.com\/blog\/rama-shmangu-pergjegjesite-maliqi-me-e-rendesishme-ishte-te-shkohej-ne-davos-sesa-nje-foto-ne-vlore\/nefail-maliqi\/\" data-orig-file=\"https:\/\/i0.wp.com\/www.shqiperia.com\/blog\/wp-content\/uploads\/2026\/01\/Nefail-Maliqi.jpg?fit=581%2C363&amp;ssl=1\" data-orig-size=\"581,363\" data-comments-opened=\"1\" data-image-meta=\"{&quot;aperture&quot;:&quot;0&quot;,&quot;credit&quot;:&quot;Elmaz&quot;,&quot;camera&quot;:&quot;&quot;,&quot;caption&quot;:&quot;&quot;,&quot;created_timestamp&quot;:&quot;1769367756&quot;,&quot;copyright&quot;:&quot;&quot;,&quot;focal_length&quot;:&quot;0&quot;,&quot;iso&quot;:&quot;0&quot;,&quot;shutter_speed&quot;:&quot;0&quot;,&quot;title&quot;:&quot;&quot;,&quot;orientation&quot;:&quot;0&quot;}\" data-image-title=\"Nefail Maliqi\" data-image-description=\"\" data-image-caption=\"\" data-medium-file=\"https:\/\/i0.wp.com\/www.shqiperia.com\/blog\/wp-content\/uploads\/2026\/01\/Nefail-Maliqi.jpg?fit=300%2C187&amp;ssl=1\" data-large-file=\"https:\/\/i0.wp.com\/www.shqiperia.com\/blog\/wp-content\/uploads\/2026\/01\/Nefail-Maliqi.jpg?fit=581%2C363&amp;ssl=1\" class=\"alignnone wp-image-96944\" alt=\"\" src=\"https:\/\/i0.wp.com\/www.shqiperia.com\/blog\/wp-content\/uploads\/2026\/01\/Nefail-Maliqi.jpg?resize=663%2C413&#038;ssl=1\" width=\"663\" height=\"413\" srcset=\"https:\/\/i0.wp.com\/www.shqiperia.com\/blog\/wp-content\/uploads\/2026\/01\/Nefail-Maliqi.jpg?resize=300%2C187&amp;ssl=1 300w, https:\/\/i0.wp.com\/www.shqiperia.com\/blog\/wp-content\/uploads\/2026\/01\/Nefail-Maliqi.jpg?resize=450%2C281&amp;ssl=1 450w, https:\/\/i0.wp.com\/www.shqiperia.com\/blog\/wp-content\/uploads\/2026\/01\/Nefail-Maliqi.jpg?resize=400%2C250&amp;ssl=1 400w, https:\/\/i0.wp.com\/www.shqiperia.com\/blog\/wp-content\/uploads\/2026\/01\/Nefail-Maliqi.jpg?w=581&amp;ssl=1 581w\" sizes=\"auto, (max-width: 663px) 100vw, 663px\" \/><\/p>\n<p>25 Janar 2026<\/p>\n<p>I ftuar n\u00eb nj\u00eb emision televiziv, Nefail Maliqi, gazetari shqiptar n\u00eb Gjenev\u00eb, u shpreh se mospjes\u00ebmarrja e kryeministrit Edi Rama n\u00eb Samitin Bot\u00ebror Ekonomik n\u00eb Davos p\u00ebrb\u00ebn nj\u00eb d\u00ebm serioz p\u00ebr imazhin dhe interesat e Shqip\u00ebris\u00eb n\u00eb aren\u00ebn nd\u00ebrkomb\u00ebtare.<\/p>\n<p>Sipas Maliqit, nd\u00ebrsa lider\u00eb nga e gjith\u00eb bota p\u00ebrfshir\u00eb presidenten e Kosov\u00ebs Vjosa Osmani ishte prezent dhe aktiv\u00eb n\u00eb nj\u00eb nga tryezat m\u00eb t\u00eb r\u00ebnd\u00ebsishme globale, Rama zgjodhi t\u00eb mungoj\u00eb, duke i l\u00ebn\u00eb shqiptar\u00ebt pa p\u00ebrfaq\u00ebsim n\u00eb nj\u00eb moment ky\u00e7 p\u00ebr paqen dhe zhvillimet gjeopolitike.<\/p>\n<p>Ai theksoi se kjo munges\u00eb nuk mund t\u00eb justifikohet me alibi politike apo vizita dyt\u00ebsore, pasi Davosi \u00ebsht\u00eb vendi ku merren vendime dhe krijohen aleanca, e jo ku b\u00ebhen fotografi p\u00ebr konsum t\u00eb brendsh\u00ebm. Sipas tij, nd\u00ebrsa flamuj t\u00eb tjer\u00eb valonin n\u00eb Davos, mungesa e flamurit shqiptar ishte nj\u00eb mesazh i qart\u00eb p\u00ebr nj\u00eb politik\u00eb t\u00ebrheqjeje dhe shmangieje nga p\u00ebrgjegj\u00ebsit\u00eb nd\u00ebrkomb\u00ebtare.<\/p>\n<p>Pjes\u00eb nga deklarata:<\/p>\n<p>Samitin bot\u00ebror e kan\u00eb ndjekur rreth 400, mbi 400 gazetar\u00eb nga t\u00eb gjitha mediat bot\u00ebrore prestigjioze. Dhe k\u00ebtu thash\u00eb, dit\u00ebn e par\u00eb s\u2019e njiheshim, po ne ishim nj\u00eb, po dy shqiptar\u00eb. Isha i k\u00ebnaqur q\u00eb nj\u00eb shqiptar ka arritur ato suksese dhe punonte n\u00eb nj\u00eb medium nd\u00ebrkomb\u00ebtar. Bashk\u00ebpunimi filloi aty p\u00ebr aty. Pas dy dit\u00ebve, dometh\u00ebn\u00eb t\u00eb punimeve dhe bashk\u00eb edhe k\u00ebmb\u00ebngulim informacionesh. Ajo m\u00eb shum\u00eb p\u00ebr \u00e7\u00ebshtje ekonomike.<\/p>\n<p>P\u00ebr dallim nga vitet e m\u00ebparshme, do t\u00eb thoja se sivjet forumi ekonomik bot\u00ebror kishte m\u00eb pak tema diskutimi, por kishte m\u00eb shum\u00eb dinamiz\u00ebm: protesta, anti-globalist\u00ebt, protesta pro-Palestin\u00eb, kund\u00ebr Izraelit, kund\u00ebr Palestin\u00ebs, e kund\u00ebrshti t\u00eb tjera. Gjat\u00eb sesioneve kishte edhe kund\u00ebrshti dhe replika, sidomos me SHBA-t\u00eb dhe evropian\u00ebt, lidhur jo vet\u00ebm me taksat, por edhe p\u00ebr Ronald, Don Gaz\u00ebn, Ukrain\u00ebn, Iranin dhe Venezuel\u00ebn. Kur p\u00ebrmenda Venezuel\u00ebn, m\u00eb kujtoi Richard Grenell; edhe pse mediat serbe shkruanin se ai ishte i d\u00ebrguar special i Trumpit n\u00eb Venezuel\u00eb, ai duhej t\u00eb ishte k\u00ebtu p\u00ebr k\u00ebt\u00eb \u00e7\u00ebshtje, p\u00ebr k\u00ebt\u00eb kriz\u00eb, por nuk u pa fare.<\/p>\n<p>Sa i p\u00ebrket atmosfer\u00ebs, ishte shum\u00eb dinamike; dit\u00ebt ishin shum\u00eb aktive, me ndeshje mes njer\u00ebzve, tubime vazhdimisht n\u00eb sesione, n\u00ebp\u00ebr salla t\u00eb ndryshme. Rrug\u00ebt ishin plot polic\u00eb; mua madje m\u00eb dukej sikur isha n\u00eb nj\u00eb luft\u00eb frontale t\u00eb maskuar.<\/p>\n<p>Po, ishte e v\u00ebshtir\u00eb p\u00ebr shkak t\u00eb siguris\u00eb, sepse aty ishte nj\u00eb personalitet, nj\u00eb president i fuqish\u00ebm, zotin Trump. Ishte shum\u00eb problem, bile edhe ne kishim mes nesh, mes sigurimit t\u00eb policis\u00eb, nj\u00eb \u201cluft\u00eb t\u00eb vog\u00ebl\u201d, duke u shtyr\u00eb me mikrofone, bagazhe dhe kamera, dhe nuk ishte aspak leht\u00eb t\u00eb dep\u00ebrtoje. Sikur t\u00eb ishim n\u00eb vatrat e luft\u00ebs, sinqerisht, por megjithat\u00eb sjelljet kan\u00eb qen\u00eb deri diku t\u00eb mira, edhe pse nganj\u00ebher\u00eb stresi i stafit e b\u00ebnte situat\u00ebn t\u00eb komplikuar.<\/p>\n<p>Ne shqiptar\u00ebt nuk jemi m\u00ebsuar t\u2019i shohim personalitetet tona, qofshin nga Tirana apo Prishtina, n\u00eb samite bot\u00ebrore. Por vitet e fundit po ndodh. Kur e sheh Vjosa Osmanin apo Albin Kurtin n\u00eb mesin e personaliteteve bot\u00ebrore, mbetesh jo vet\u00ebm ti, por edhe t\u00eb tjer\u00ebt me goj\u00eb hapur; t\u00eb gjith\u00eb i kishin syt\u00eb tek ata, p\u00ebr t\u00eb d\u00ebgjuar \u00e7far\u00eb do t\u00eb flasin \u2014 nj\u00eb vend i vog\u00ebl, por fjal\u00eb t\u00eb m\u00ebdha.<\/p>\n<p>Takimi i fundit i presidentes s\u00eb Kosov\u00ebs, Vjosa Osmani, n\u00eb Davos me presidentin amerikan b\u00ebri buj\u00eb jo vet\u00ebm n\u00eb mediat e Ballkanit, por edhe n\u00eb ato nd\u00ebrkomb\u00ebtare. Osmani dje e pam\u00eb krah p\u00ebr krah, dor\u00eb p\u00ebr dore me presidentin, dometh\u00ebn\u00eb me personin m\u00eb t\u00eb fuqish\u00ebm n\u00eb bot\u00eb, \u00e7ka b\u00ebri q\u00eb Kosova t\u00eb gjendet mes shteteve n\u00ebnshkruese t\u00eb Bordit t\u00eb Paqes. Republika e Kosov\u00ebs dje u b\u00eb n\u00ebnshkruese e k\u00ebtij bordi, nj\u00eb mekaniz\u00ebm nd\u00ebrkomb\u00ebtar i themeluar me iniciativ\u00ebn e presidentit amerikan Donald Trump, me synim rind\u00ebrtimin dhe stabilizimin e Gaz\u00ebs pas luft\u00ebs dyvje\u00e7are n\u00eb rajon.<\/p>\n<p>Ky bord nuk ka si q\u00ebllim vet\u00ebm rind\u00ebrtimin e Gaz\u00ebs, por do t\u00eb p\u00ebrfshij\u00eb edhe \u00e7\u00ebshtje globale deri n\u00eb Ballkan. N\u00eb Forumin Ekonomik Bot\u00ebror sivjet ishin prezent lider\u00ebt nga Ballkani; k\u00ebtu u gjend\u00ebn kreu i shtetit t\u00eb Kosov\u00ebs dhe kryeministri shqiptar Albin Kurti, q\u00eb dje iu bashkua presidentes Vjosa Osmani, si dhe z\u00ebvend\u00ebskryeministri i Maqedonis\u00eb s\u00eb Veriut, Bekim Sali. P\u00ebr Edi Ram\u00ebn u b\u00eb shum\u00eb zhurm\u00eb \u2014 po vjen, po s\u2019po vjen \u2014 dhe m\u00eb n\u00eb fund abstenoi, p\u00ebr shkaqe q\u00eb kishte kritikuar n\u00eb vitet e fundit me batuta ndaj presidentit amerikan. Koincidenca e vizit\u00ebs s\u00eb vajz\u00ebs s\u00eb presidentit amerikan, Ivanka Trump, n\u00eb Tiran\u00eb, i dha alibi Ram\u00ebs p\u00ebr t\u00eb justifikuar abstinimin e tij n\u00eb k\u00ebt\u00eb samit, m\u00eb shum\u00eb p\u00ebr r\u00ebnd\u00ebsin\u00eb e paqes n\u00eb glob.<\/p>\n<p>Personalisht, p\u00ebr mua ka m\u00eb shum\u00eb pesh\u00eb t\u00eb shoh flamurin ton\u00eb kuq e zi t\u00eb valoj\u00eb n\u00eb nj\u00eb samit bot\u00ebror sesa t\u00eb b\u00ebj nj\u00eb fotografi me Ivank\u00ebn n\u00eb Vlor\u00eb, sepse ishte m\u00eb e r\u00ebnd\u00ebsishme se flamuri i Serbis\u00eb n\u00eb Davos.<\/p>\n<p>N\u00eb an\u00ebn tjet\u00ebr, n\u00eb Davos d\u00ebgjova nj\u00eb deklarat\u00eb qesharake t\u00eb presidentit serb Vu\u00e7i\u00e7, i cili tha se \u00ebsht\u00eb gati t\u00eb p\u00ebrkujdeset apo t\u00eb kontrolloj\u00eb Ballkanin. Se sa mund ta kontrolloj\u00eb ai Ballkanin, kur nuk \u00ebsht\u00eb as i zoti t\u00eb kontrolloj\u00eb sht\u00ebpin\u00eb e vet, \u00ebsht\u00eb nj\u00eb \u00e7\u00ebshtje tjet\u00ebr. Ai ka probleme m\u00eb shum\u00eb me serb\u00ebt e vet dhe me protestat maratonike t\u00eb student\u00ebve, si dhe me shqiptar\u00ebt e Lugin\u00ebs s\u00eb Preshev\u00ebs, t\u00eb cil\u00ebt jan\u00eb viktima t\u00eb politikave diskriminuese t\u00eb regjimit t\u00eb Vu\u00e7i\u00e7it. Brukseli dhe Uashingtoni kan\u00eb reaguar disa her\u00eb p\u00ebr k\u00ebt\u00eb. Madje Vu\u00e7i\u00e7 n\u00eb Davos tha se \u00ebsht\u00eb veteran i Forumit Ekonomik Bot\u00ebror, pasi e ka ndjekur p\u00ebr 12 vite. N\u00ebse ai \u00ebsht\u00eb veteran, un\u00eb jam super veteran, sepse kam ndjekur samitin q\u00eb prej vitit 1990, pra 20 vite.<\/p>\n<p>N\u00eb dit\u00ebn e tret\u00eb t\u00eb sesionit, presidenti amerikan Donald Trump mbajti nj\u00eb fjalim n\u00eb Forumin Ekonomik Bot\u00ebror n\u00eb Davos, i cili dridhi Evrop\u00ebn, duke th\u00ebn\u00eb se jan\u00eb n\u00eb drejtim t\u00eb gabuar. Trump foli nj\u00eb or\u00eb e 12 minuta, edhe pse ishte parashikuar t\u00eb fliste vet\u00ebm 45 minuta, por askush nuk guxoi t\u2019ia priste, sepse kishim t\u00eb b\u00ebnim me presidentin m\u00eb t\u00eb fuqish\u00ebm n\u00eb bot\u00eb. Kam p\u00ebrshtypje se ky Bord i Paqes mund t\u00eb jet\u00eb nj\u00eb paralele me OKB-n\u00eb. Edhe pse Trump tha se nuk ka nd\u00ebrmend ta d\u00ebmtoj\u00eb OKB-n\u00eb, dyshimet shtohen kur nj\u00eb muaj m\u00eb par\u00eb ai t\u00ebrhoqi ndihmat financiare p\u00ebr disa fondacione, pjesa d\u00ebrmuese e t\u00eb cilave i p\u00ebrkisnin OKB-s\u00eb.<\/p>\n<p>OKB-ja, vitet e fundit, sidomos nga fillimi i luft\u00ebs n\u00eb Kosov\u00eb, ka humbur imazhin e saj; p\u00ebr t\u00eb mos th\u00ebn\u00eb ka d\u00ebshtuar. Un\u00eb jam gazetar i OKB-s\u00eb q\u00eb nga viti 1990. M\u00eb kujtohet si sot kur hyra si korrespondent p\u00ebr mediat tona: at\u00ebher\u00eb kishim vet\u00ebm 50 konflikte n\u00eb bot\u00eb, kurse sot mbi 200. At\u00ebher\u00eb lind pyetja: cili \u00ebsht\u00eb roli i OKB-s\u00eb?<\/p>\n<p>Forumi ekonomik bot\u00ebror sivjet n\u00eb Davos u mbajt p\u00ebr her\u00eb t\u00eb par\u00eb pa flamurin kuq e zi. Megjithat\u00eb, nj\u00eb lider shqiptar, me flamur tjet\u00ebr t\u00eb shtetit m\u00eb t\u00eb ri n\u00eb Evrop\u00eb, p\u00ebrfaq\u00ebsoi denj\u00ebsisht shqiptar\u00ebt n\u00eb Ballkan n\u00eb samitin bot\u00ebror, ve\u00e7an\u00ebrisht duke theksuar se Kosova dhe Shqip\u00ebria jan\u00eb dy shtete t\u00eb ndara, por nj\u00eb komb me nj\u00eb gjuh\u00eb, shqipen. B\u00ebhet fjal\u00eb p\u00ebr kryeministrin shqiptar Albin Kurti, i cili tha se Serbia m\u00eb mir\u00eb se kurr\u00eb ka kuptuar se Kosova \u00ebsht\u00eb shtet, edhe pse vazhdon t\u00eb refuzoj\u00eb njohjen.<\/p>\n","protected":false},"excerpt":{"rendered":"<p>25 Janar 2026 I ftuar n\u00eb nj\u00eb emision televiziv, Nefail Maliqi, gazetari shqiptar n\u00eb Gjenev\u00eb, u shpreh se mospjes\u00ebmarrja e kryeministrit Edi Rama n\u00eb Samitin Bot\u00ebror Ekonomik n\u00eb Davos p\u00ebrb\u00ebn nj\u00eb d\u00ebm serioz p\u00ebr imazhin dhe interesat e Shqip\u00ebris\u00eb n\u00eb aren\u00ebn nd\u00ebrkomb\u00ebtare. Sipas Maliqit, nd\u00ebrsa lider\u00eb nga e gjith\u00eb bota p\u00ebrfshir\u00eb presidenten e Kosov\u00ebs Vjosa [&hellip;]<\/p>\n","protected":false},"author":9,"featured_media":96944,"comment_status":"open","ping_status":"open","sticky":false,"template":"","format":"standard","meta":{"jetpack_post_was_ever_published":false,"_jetpack_newsletter_access":"","_jetpack_dont_email_post_to_subs":false,"_jetpack_newsletter_tier_id":0,"_jetpack_memberships_contains_paywalled_content":false,"_jetpack_memberships_contains_paid_content":false,"footnotes":"","jetpack_publicize_message":"","jetpack_publicize_feature_enabled":true,"jetpack_social_post_already_shared":true,"jetpack_social_options":{"image_generator_settings":{"template":"highway","default_image_id":0,"font":"","enabled":false},"version":2}},"categories":[27,1,2],"tags":[],"class_list":["post-96943","post","type-post","status-publish","format-standard","has-post-thumbnail","hentry","category-blogu-i-udhetarit","category-njoftime-shtypi","category-politika"],"jetpack_publicize_connections":[],"jetpack_featured_media_url":"https:\/\/i0.wp.com\/www.shqiperia.com\/blog\/wp-content\/uploads\/2026\/01\/Nefail-Maliqi.jpg?fit=581%2C363&ssl=1","jetpack_sharing_enabled":true,"jetpack_shortlink":"https:\/\/wp.me\/p5Z6wp-pdB","jetpack-related-posts":[{"id":35844,"url":"https:\/\/www.shqiperia.com\/blog\/deputeti-maliqi-i-ashper-ndaj-rames-filmimet-e-kasetat-nuk-mungojne-do-e-nxjerr-lakuriq-demonin-e-surrelit\/","url_meta":{"origin":96943,"position":0},"title":"Deputeti Maliqi, i ashp\u00ebr ndaj Ram\u00ebs: Filmimet e kasetat nuk mungojn\u00eb, do e nxjerr lakuriq \u201cdemonin\u201d e Surrelit","author":"Kurt Farka","date":"June 19, 2020","format":false,"excerpt":"Deputeti Maliqi, i ashp\u00ebr ndaj Ram\u00ebs: Filmimet e kasetat nuk mungojn\u00eb, do e nxjerr lakuriq \u201cdemonin\u201d e Surrelit - 19.06.20 Gazeta Shqiptare Deputeti Lefter Maliqi i \u00ebsht\u00eb p\u00ebrgjigjur me tone t\u00eb ashpra kryeministrit Edi Rama, pasi numri nj\u00eb i Qeveris\u00eb u shpreh se ai ishte i vetmi q\u00eb nuk kishte\u2026","rel":"","context":"In &quot;Blogu i Udh\u00ebtarit&quot;","block_context":{"text":"Blogu i Udh\u00ebtarit","link":"https:\/\/www.shqiperia.com\/blog\/category\/blogu-i-udhetarit\/"},"img":{"alt_text":"","src":"https:\/\/i0.wp.com\/www.shqiperia.com\/blog\/wp-content\/uploads\/2020\/06\/Lefter-Maliqi-1.png?fit=770%2C427&ssl=1&resize=350%2C200","width":350,"height":200,"srcset":"https:\/\/i0.wp.com\/www.shqiperia.com\/blog\/wp-content\/uploads\/2020\/06\/Lefter-Maliqi-1.png?fit=770%2C427&ssl=1&resize=350%2C200 1x, https:\/\/i0.wp.com\/www.shqiperia.com\/blog\/wp-content\/uploads\/2020\/06\/Lefter-Maliqi-1.png?fit=770%2C427&ssl=1&resize=525%2C300 1.5x, https:\/\/i0.wp.com\/www.shqiperia.com\/blog\/wp-content\/uploads\/2020\/06\/Lefter-Maliqi-1.png?fit=770%2C427&ssl=1&resize=700%2C400 2x"},"classes":[]},{"id":36283,"url":"https:\/\/www.shqiperia.com\/blog\/deputeti-lefter-maliqi-zbulon-per-here-te-pare-sa-e-bleu-rama-qe-iku-nga-pd-ja-e-bashes\/","url_meta":{"origin":96943,"position":1},"title":"Deputeti Lefter Maliqi zbulon p\u00ebr her\u00eb t\u00eb par\u00eb sa e bleu Rama q\u00eb iku nga PD-ja e Bash\u00ebs","author":"Kurt Farka","date":"July 13, 2020","format":false,"excerpt":"Deputeti Lefter Maliqi zbulon p\u00ebr her\u00eb t\u00eb par\u00eb sa e bleu Rama q\u00eb iku nga PD-ja e Bash\u00ebs 13 KORRIK 2020 Deputeti Lefter Maliqi p\u00ebr her\u00eb t\u00eb par\u00eb ka treguar cila ishte marr\u00ebveshja me Edi Ram\u00ebn p\u00ebr t\u00eb kaluar n\u00eb 2017 me PS-n\u00eb pas p\u00ebrplasjes me Lulzim Bash\u00ebn. Maliqi u\u2026","rel":"","context":"In &quot;Blogu i Udh\u00ebtarit&quot;","block_context":{"text":"Blogu i Udh\u00ebtarit","link":"https:\/\/www.shqiperia.com\/blog\/category\/blogu-i-udhetarit\/"},"img":{"alt_text":"","src":"https:\/\/i0.wp.com\/www.shqiperia.com\/blog\/wp-content\/uploads\/2020\/07\/lefter_maliqi_47460-Copy.jpg?fit=720%2C411&ssl=1&resize=350%2C200","width":350,"height":200,"srcset":"https:\/\/i0.wp.com\/www.shqiperia.com\/blog\/wp-content\/uploads\/2020\/07\/lefter_maliqi_47460-Copy.jpg?fit=720%2C411&ssl=1&resize=350%2C200 1x, https:\/\/i0.wp.com\/www.shqiperia.com\/blog\/wp-content\/uploads\/2020\/07\/lefter_maliqi_47460-Copy.jpg?fit=720%2C411&ssl=1&resize=525%2C300 1.5x, https:\/\/i0.wp.com\/www.shqiperia.com\/blog\/wp-content\/uploads\/2020\/07\/lefter_maliqi_47460-Copy.jpg?fit=720%2C411&ssl=1&resize=700%2C400 2x"},"classes":[]},{"id":89338,"url":"https:\/\/www.shqiperia.com\/blog\/lefter-maliqi-ky-eshte-efekti-trump-tashme-radhen-e-ka-babloku\/","url_meta":{"origin":96943,"position":2},"title":"Lefter Maliqi: &#8211; Ky \u00ebsht\u00eb efekti \u201cTrump\u201d, tashm\u00eb radh\u00ebn e ka \u201cbabloku\u201d","author":"Kurt Farka","date":"February 10, 2025","format":false,"excerpt":"10 Shkurt 2025 Drejtuesi politik i Partis\u00eb s\u00eb Liris\u00eb n\u00eb Qarkun e Beratit, Lefter Maliqi, i ftuar n\u00eb studion e lajmeve n\u00eb \u201cOra News\u201d deklaroi se tashm\u00eb pas arrestimit t\u00eb kryebashkiakut t\u00eb Tiran\u00ebs Erion Veliaj, si pasoj\u00eb e efektit \u201cTrump\u201d, radh\u00ebn e ka babloku i Surrelit, Edi Rama. \u201cPo t\u00eb\u2026","rel":"","context":"In &quot;Blogu i Udh\u00ebtarit&quot;","block_context":{"text":"Blogu i Udh\u00ebtarit","link":"https:\/\/www.shqiperia.com\/blog\/category\/blogu-i-udhetarit\/"},"img":{"alt_text":"","src":"https:\/\/i0.wp.com\/www.shqiperia.com\/blog\/wp-content\/uploads\/2025\/02\/Edi-Rama-me-Perkrenare.jpg?fit=650%2C370&ssl=1&resize=350%2C200","width":350,"height":200,"srcset":"https:\/\/i0.wp.com\/www.shqiperia.com\/blog\/wp-content\/uploads\/2025\/02\/Edi-Rama-me-Perkrenare.jpg?fit=650%2C370&ssl=1&resize=350%2C200 1x, https:\/\/i0.wp.com\/www.shqiperia.com\/blog\/wp-content\/uploads\/2025\/02\/Edi-Rama-me-Perkrenare.jpg?fit=650%2C370&ssl=1&resize=525%2C300 1.5x"},"classes":[]},{"id":46130,"url":"https:\/\/www.shqiperia.com\/blog\/maliqi-flet-me-emra-rama-i-flaku-ne-rruge-socialistet-e-ndershem-ju-sa-mandate-do-te-marre-pd-dhe-ps-ne-berat\/","url_meta":{"origin":96943,"position":3},"title":"Maliqi flet me emra: Rama i flaku n\u00eb rrug\u00eb socialist\u00ebt e ndersh\u00ebm, ju sa mandate do t\u00eb marr\u00eb PD dhe PS n\u00eb Berat","author":"Kurt Farka","date":"April 7, 2021","format":false,"excerpt":"Maliqi flet me emra: Rama i flaku n\u00eb rrug\u00eb socialist\u00ebt e ndersh\u00ebm, ju sa mandate do t\u00eb marr\u00eb PD dhe PS n\u00eb Berat 7 PRILL 2021 \u201cN\u00eb Qarkun e Beratit, Partia Demokratike merr kat\u00ebr mandate, LSI dy dhe Partia Socialiste vet\u00ebm nj\u00eb mandat\u201d.\u00a0Kjo \u00ebsht\u00eb prognoza e deputetit Lefter Maliqi p\u00ebr\u2026","rel":"","context":"In &quot;Blogu i Udh\u00ebtarit&quot;","block_context":{"text":"Blogu i Udh\u00ebtarit","link":"https:\/\/www.shqiperia.com\/blog\/category\/blogu-i-udhetarit\/"},"img":{"alt_text":"","src":"https:\/\/i0.wp.com\/www.shqiperia.com\/blog\/wp-content\/uploads\/2021\/04\/800-0-606d7ea426cf3.png?fit=800%2C387&ssl=1&resize=350%2C200","width":350,"height":200,"srcset":"https:\/\/i0.wp.com\/www.shqiperia.com\/blog\/wp-content\/uploads\/2021\/04\/800-0-606d7ea426cf3.png?fit=800%2C387&ssl=1&resize=350%2C200 1x, https:\/\/i0.wp.com\/www.shqiperia.com\/blog\/wp-content\/uploads\/2021\/04\/800-0-606d7ea426cf3.png?fit=800%2C387&ssl=1&resize=525%2C300 1.5x, https:\/\/i0.wp.com\/www.shqiperia.com\/blog\/wp-content\/uploads\/2021\/04\/800-0-606d7ea426cf3.png?fit=800%2C387&ssl=1&resize=700%2C400 2x"},"classes":[]},{"id":78224,"url":"https:\/\/www.shqiperia.com\/blog\/maliqi-pl-ka-nisur-punen-per-zgjedhjet-rama-nuk-merr-as-60-mandate-ne-2025-en\/","url_meta":{"origin":96943,"position":4},"title":"Maliqi: &#8211; PL ka nisur pun\u00ebn p\u00ebr zgjedhjet. Rama nuk merr as 60 mandate n\u00eb 2025-\u00ebn","author":"Kurt Farka","date":"February 12, 2024","format":false,"excerpt":"12 Shkurt 2024 Drejtuesi i sapo-em\u00ebruar i Partis\u00eb s\u00eb Liris\u00eb n\u00eb Qarkun e Beratit, Lefter Maliqi, nga studioja e lajmeve n\u00eb \u201cOra News\u201d deklaroi se PL-ja ka nisur pun\u00ebn p\u00ebr organizimin dhe mobilizimin e strukturave t\u00eb k\u00ebsaj partie p\u00ebr t\u2019u hapur n\u00eb \u00e7do cep t\u00eb vendit n\u00eb kuad\u00ebr t\u00eb zgjedhjeve\u2026","rel":"","context":"In &quot;Blogu i Udh\u00ebtarit&quot;","block_context":{"text":"Blogu i Udh\u00ebtarit","link":"https:\/\/www.shqiperia.com\/blog\/category\/blogu-i-udhetarit\/"},"img":{"alt_text":"","src":"https:\/\/i0.wp.com\/www.shqiperia.com\/blog\/wp-content\/uploads\/2024\/02\/600-388-983b639565cbdcf6c55d9a8515589712-1.jpg?fit=600%2C388&ssl=1&resize=350%2C200","width":350,"height":200,"srcset":"https:\/\/i0.wp.com\/www.shqiperia.com\/blog\/wp-content\/uploads\/2024\/02\/600-388-983b639565cbdcf6c55d9a8515589712-1.jpg?fit=600%2C388&ssl=1&resize=350%2C200 1x, https:\/\/i0.wp.com\/www.shqiperia.com\/blog\/wp-content\/uploads\/2024\/02\/600-388-983b639565cbdcf6c55d9a8515589712-1.jpg?fit=600%2C388&ssl=1&resize=525%2C300 1.5x"},"classes":[]},{"id":88778,"url":"https:\/\/www.shqiperia.com\/blog\/lefter-maliqi-spak-u-i-partise-nese-do-te-zbardhe-krimin-zgjedhor-aty-i-ka-dosjet-184-dhe-339\/","url_meta":{"origin":96943,"position":5},"title":"Lefter Maliqi: &#8211; SPAK-u i partis\u00eb n\u00ebse do t\u00eb zbardh\u00eb krimin zgjedhor, aty i ka dosjet 184 dhe 339","author":"Kurt Farka","date":"January 29, 2025","format":false,"excerpt":"29 Janar 2025 Lefter Maliqi n\u00eb nj\u00eb intervist\u00eb n\u00eb Ora News u shpreh se n\u00ebse SPAK do q\u00eb t\u00eb luftoj\u00eb krimet zgjedhore, aty i ka dosjet 184 dhe 339. Maliqi:\u00a0Keqardhje e madhe, SPAK-u i partis\u00eb ka deklaruar q\u00eb do t\u00eb ngrej\u00eb task forc\u00eb pran\u00eb KQZ me oficer\u00eb t\u00eb BKH p\u00ebr\u2026","rel":"","context":"In &quot;Blogu i Udh\u00ebtarit&quot;","block_context":{"text":"Blogu i Udh\u00ebtarit","link":"https:\/\/www.shqiperia.com\/blog\/category\/blogu-i-udhetarit\/"},"img":{"alt_text":"","src":"https:\/\/i0.wp.com\/www.shqiperia.com\/blog\/wp-content\/uploads\/2025\/01\/600-388-whatsapp-image-2025-01-29-at-150604-1738164088-1.jpeg?fit=600%2C388&ssl=1&resize=350%2C200","width":350,"height":200,"srcset":"https:\/\/i0.wp.com\/www.shqiperia.com\/blog\/wp-content\/uploads\/2025\/01\/600-388-whatsapp-image-2025-01-29-at-150604-1738164088-1.jpeg?fit=600%2C388&ssl=1&resize=350%2C200 1x, https:\/\/i0.wp.com\/www.shqiperia.com\/blog\/wp-content\/uploads\/2025\/01\/600-388-whatsapp-image-2025-01-29-at-150604-1738164088-1.jpeg?fit=600%2C388&ssl=1&resize=525%2C300 1.5x"},"classes":[]}],"_links":{"self":[{"href":"https:\/\/www.shqiperia.com\/blog\/wp-json\/wp\/v2\/posts\/96943","targetHints":{"allow":["GET"]}}],"collection":[{"href":"https:\/\/www.shqiperia.com\/blog\/wp-json\/wp\/v2\/posts"}],"about":[{"href":"https:\/\/www.shqiperia.com\/blog\/wp-json\/wp\/v2\/types\/post"}],"author":[{"embeddable":true,"href":"https:\/\/www.shqiperia.com\/blog\/wp-json\/wp\/v2\/users\/9"}],"replies":[{"embeddable":true,"href":"https:\/\/www.shqiperia.com\/blog\/wp-json\/wp\/v2\/comments?post=96943"}],"version-history":[{"count":3,"href":"https:\/\/www.shqiperia.com\/blog\/wp-json\/wp\/v2\/posts\/96943\/revisions"}],"predecessor-version":[{"id":96947,"href":"https:\/\/www.shqiperia.com\/blog\/wp-json\/wp\/v2\/posts\/96943\/revisions\/96947"}],"wp:featuredmedia":[{"embeddable":true,"href":"https:\/\/www.shqiperia.com\/blog\/wp-json\/wp\/v2\/media\/96944"}],"wp:attachment":[{"href":"https:\/\/www.shqiperia.com\/blog\/wp-json\/wp\/v2\/media?parent=96943"}],"wp:term":[{"taxonomy":"category","embeddable":true,"href":"https:\/\/www.shqiperia.com\/blog\/wp-json\/wp\/v2\/categories?post=96943"},{"taxonomy":"post_tag","embeddable":true,"href":"https:\/\/www.shqiperia.com\/blog\/wp-json\/wp\/v2\/tags?post=96943"}],"curies":[{"name":"wp","href":"https:\/\/api.w.org\/{rel}","templated":true}]}}