{"id":96940,"date":"2026-01-25T19:10:19","date_gmt":"2026-01-25T19:10:19","guid":{"rendered":"https:\/\/www.shqiperia.com\/blog\/?p=96940"},"modified":"2026-01-25T22:55:28","modified_gmt":"2026-01-25T22:55:28","slug":"edi-rama-u-dergua-ne-harvard-me-burse-nga-fondacioni-ne-greqi","status":"publish","type":"post","link":"https:\/\/www.shqiperia.com\/blog\/edi-rama-u-dergua-ne-harvard-me-burse-nga-fondacioni-ne-greqi\/","title":{"rendered":"Edi Rama u d\u00ebrgua n\u00eb Harvard me burs\u00eb nga fondacioni ne Greqi!"},"content":{"rendered":"<p><img data-recalc-dims=\"1\" loading=\"lazy\" decoding=\"async\" data-attachment-id=\"96941\" data-permalink=\"https:\/\/www.shqiperia.com\/blog\/edi-rama-u-dergua-ne-harvard-me-burse-nga-fondacioni-ne-greqi\/edi-rama_2\/\" data-orig-file=\"https:\/\/i0.wp.com\/www.shqiperia.com\/blog\/wp-content\/uploads\/2026\/01\/Edi-Rama_2.jpg?fit=940%2C508&amp;ssl=1\" data-orig-size=\"940,508\" data-comments-opened=\"1\" data-image-meta=\"{&quot;aperture&quot;:&quot;0&quot;,&quot;credit&quot;:&quot;&quot;,&quot;camera&quot;:&quot;&quot;,&quot;caption&quot;:&quot;&quot;,&quot;created_timestamp&quot;:&quot;0&quot;,&quot;copyright&quot;:&quot;&quot;,&quot;focal_length&quot;:&quot;0&quot;,&quot;iso&quot;:&quot;0&quot;,&quot;shutter_speed&quot;:&quot;0&quot;,&quot;title&quot;:&quot;&quot;,&quot;orientation&quot;:&quot;0&quot;}\" data-image-title=\"Edi Rama_2\" data-image-description=\"\" data-image-caption=\"\" data-medium-file=\"https:\/\/i0.wp.com\/www.shqiperia.com\/blog\/wp-content\/uploads\/2026\/01\/Edi-Rama_2.jpg?fit=300%2C162&amp;ssl=1\" data-large-file=\"https:\/\/i0.wp.com\/www.shqiperia.com\/blog\/wp-content\/uploads\/2026\/01\/Edi-Rama_2.jpg?fit=940%2C508&amp;ssl=1\" class=\"alignnone wp-image-96941\" alt=\"\" src=\"https:\/\/i0.wp.com\/www.shqiperia.com\/blog\/wp-content\/uploads\/2026\/01\/Edi-Rama_2.jpg?resize=604%2C326&#038;ssl=1\" width=\"604\" height=\"326\" srcset=\"https:\/\/i0.wp.com\/www.shqiperia.com\/blog\/wp-content\/uploads\/2026\/01\/Edi-Rama_2.jpg?resize=300%2C162&amp;ssl=1 300w, https:\/\/i0.wp.com\/www.shqiperia.com\/blog\/wp-content\/uploads\/2026\/01\/Edi-Rama_2.jpg?resize=768%2C415&amp;ssl=1 768w, https:\/\/i0.wp.com\/www.shqiperia.com\/blog\/wp-content\/uploads\/2026\/01\/Edi-Rama_2.jpg?resize=450%2C243&amp;ssl=1 450w, https:\/\/i0.wp.com\/www.shqiperia.com\/blog\/wp-content\/uploads\/2026\/01\/Edi-Rama_2.jpg?resize=600%2C324&amp;ssl=1 600w, https:\/\/i0.wp.com\/www.shqiperia.com\/blog\/wp-content\/uploads\/2026\/01\/Edi-Rama_2.jpg?resize=400%2C216&amp;ssl=1 400w, https:\/\/i0.wp.com\/www.shqiperia.com\/blog\/wp-content\/uploads\/2026\/01\/Edi-Rama_2.jpg?w=940&amp;ssl=1 940w\" sizes=\"auto, (max-width: 604px) 100vw, 604px\" \/><\/p>\n<p>25 Janar 2026<\/p>\n<p>Media greke \u201cProtothema\u201d ka publikuar s\u00eb fundmi nj\u00eb artikull n\u00eb t\u00eb cilin i referohet nj\u00eb deklarate t\u00eb b\u00ebr\u00eb nga ish-deputetja e Demokracis\u00eb s\u00eb Ren, Niki Tzavella, lidhur me studimet e kryeministrit Edi Rama n\u00eb Universitetin e Harvardit.<\/p>\n<p>Sipas ish-deputetes, kreu i qeveris\u00eb shqiptare ka studiuar n\u00eb Harvard fal\u00eb nj\u00eb burse t\u00eb financuar nga nj\u00eb fondacion grek, n\u00eb nj\u00eb periudh\u00eb kur ai mbante funksionin e kryetarit t\u00eb Bashkis\u00eb s\u00eb Tiran\u00ebs. Ajo thekson se n\u00eb at\u00eb koh\u00eb ishte n\u00ebnkryetare e fondacionit dhe p\u00ebrgjegj\u00ebse p\u00ebr p\u00ebrzgjedhjen e studiuesve nga Evropa Juglindore.<\/p>\n<p>N\u00eb nj\u00eb postim t\u00eb b\u00ebr\u00eb n\u00eb platform\u00ebn \u201cX\u201d, Tzavella pohon se ishte vet\u00eb ajo q\u00eb e p\u00ebrzgjodhi Ram\u00ebn p\u00ebr k\u00ebt\u00eb burs\u00eb. Sipas asaj, nj\u00eb nga kriteret kryesore p\u00ebr p\u00ebrfitimin e burs\u00ebs ishte prejardhja nga minoritetet. Ajo pretendon se Rama e p\u00ebrmbushte k\u00ebt\u00eb kriter, pasi n\u00ebna e tij ka qen\u00eb me origjin\u00eb greke.<\/p>\n<p>Megjithat\u00eb, Tzavella e cil\u00ebson sot k\u00ebt\u00eb vendim si nj\u00eb<span>\u00a0<\/span><em>\u201cgabim t\u00eb madh\u201d.<\/em><span>\u00a0<\/span>N\u00eb deklarat\u00ebn e saj, ajo shprehet se n\u00eb koh\u00ebn kur u mor vendimi, Rama nuk kishte profilin q\u00eb ka sot dhe se p\u00ebrzgjedhja u bazua n\u00eb njohurit\u00eb e saj p\u00ebr Shqip\u00ebrin\u00eb dhe situat\u00ebn institucionale n\u00eb vend.<\/p>\n<p><em>&#8220;30 vjet m\u00eb par\u00eb ai nuk ishte fam\u00ebkeq. E zgjodha p\u00ebr shkak t\u00eb njohurive t\u00eb mia shum\u00eb t\u00eb mira p\u00ebr Shqip\u00ebrin\u00eb, p\u00ebr shkak t\u00eb pun\u00ebs sime t\u00eb m\u00ebparshme atje. Ai ishte gjysm\u00eb minoritet, kishte kualifikimet e k\u00ebrkuara (kryetar bashkie, t\u00eb cilat nuk i kishin njer\u00ebzit e tjer\u00eb t\u00eb minoriteteve. Ishte e detyrueshme q\u00eb ai t\u00eb ishte institucional) dhe sigurisht q\u00eb ishte i aft\u00eb&#8221;,<\/em><span>\u00a0<\/span>shkruan Tzavella, duke shtuar se n\u00eb at\u00eb periudh\u00eb kishte shum\u00eb pak kandidat\u00eb nga Evropa Juglindore q\u00eb plot\u00ebsonin kushtet p\u00ebr nj\u00eb arsimim n\u00eb Harvard.<\/p>\n<p>Ajo gjithashtu p\u00ebrmend se nj\u00eb tjet\u00ebr shqiptar q\u00eb p\u00ebrfitoi nga i nj\u00ebjti program studimi u b\u00eb m\u00eb von\u00eb Minist\u00ebr i Financave, duke theksuar se fondacioni kishte nxjerr\u00eb figura t\u00eb r\u00ebnd\u00ebsishme politike nga rajoni.<\/p>\n<p>Megjithat\u00eb, lidhur me k\u00ebto deklarata t\u00eb ish-deputetes greke dhe pasqyrimin e tyre n\u00eb median Protothema, deri n\u00eb k\u00ebto momente nuk ka pasur asnj\u00eb reagim zyrtar nga kryeministri Rama.<\/p>\n<p>Nga ana tjet\u00ebr, vlen t\u00eb theksohet nj\u00eb element q\u00eb ngre pik\u00ebpyetje mbi sakt\u00ebsin\u00eb e deklarat\u00ebs s\u00eb ish-deputetes. N\u00eb postimin e saj, ajo shprehet se bursa i \u00ebsht\u00eb dh\u00ebn\u00eb Edi Ram\u00ebs rreth 30 vjet m\u00eb par\u00eb dhe se ai ishte nj\u00eb kandidat i plot\u00ebsuar, p\u00ebr shkak edhe se mbante funksionin e kryetarit t\u00eb bashkis\u00eb.<\/p>\n<p>Por, kjo periudh\u00eb \u201c30 vite m\u00eb par\u00eb\u201d, q\u00eb ish-deputetja e cek i p\u00ebrket viteve 1995-1996, nd\u00ebrkoh\u00eb q\u00eb Edi Rama \u00ebsht\u00eb zgjedhur kryetar i Bashkis\u00eb s\u00eb Tiran\u00ebs n\u00eb vitin 2000 dhe e ka ushtruar k\u00ebt\u00eb detyr\u00eb deri n\u00eb vitin 2011.<\/p>\n<p>Nga Alfapress<\/p>\n","protected":false},"excerpt":{"rendered":"<p>25 Janar 2026 Media greke \u201cProtothema\u201d ka publikuar s\u00eb fundmi nj\u00eb artikull n\u00eb t\u00eb cilin i referohet nj\u00eb deklarate t\u00eb b\u00ebr\u00eb nga ish-deputetja e Demokracis\u00eb s\u00eb Ren, Niki Tzavella, lidhur me studimet e kryeministrit Edi Rama n\u00eb Universitetin e Harvardit. Sipas ish-deputetes, kreu i qeveris\u00eb shqiptare ka studiuar n\u00eb Harvard fal\u00eb nj\u00eb burse t\u00eb financuar [&hellip;]<\/p>\n","protected":false},"author":9,"featured_media":96941,"comment_status":"open","ping_status":"open","sticky":false,"template":"","format":"standard","meta":{"jetpack_post_was_ever_published":false,"_jetpack_newsletter_access":"","_jetpack_dont_email_post_to_subs":false,"_jetpack_newsletter_tier_id":0,"_jetpack_memberships_contains_paywalled_content":false,"_jetpack_memberships_contains_paid_content":false,"footnotes":"","jetpack_publicize_message":"","jetpack_publicize_feature_enabled":true,"jetpack_social_post_already_shared":true,"jetpack_social_options":{"image_generator_settings":{"template":"highway","default_image_id":0,"font":"","enabled":false},"version":2}},"categories":[27,1,2],"tags":[],"class_list":["post-96940","post","type-post","status-publish","format-standard","has-post-thumbnail","hentry","category-blogu-i-udhetarit","category-njoftime-shtypi","category-politika"],"jetpack_publicize_connections":[],"jetpack_featured_media_url":"https:\/\/i0.wp.com\/www.shqiperia.com\/blog\/wp-content\/uploads\/2026\/01\/Edi-Rama_2.jpg?fit=940%2C508&ssl=1","jetpack_sharing_enabled":true,"jetpack_shortlink":"https:\/\/wp.me\/p5Z6wp-pdy","jetpack-related-posts":[{"id":60254,"url":"https:\/\/www.shqiperia.com\/blog\/berisha-balluku-pazare-me-energjine-miliona-euro-te-vjedhura-nga-rama\/","url_meta":{"origin":96940,"position":0},"title":"Berisha: &#8211; Balluku pazare me energjin\u00eb, miliona euro t\u00eb vjedhura nga Rama","author":"Kurt Farka","date":"July 29, 2022","format":false,"excerpt":"29 Korrik 2022 Kreu i Partis\u00eb Demokratike, Sali Berisha denoncoi aferat e qeveris\u00eb me \u00e7mimin e energjis\u00eb, duke zbuluar sipas tij, abuzimet e r\u00ebnda q\u00eb jan\u00eb b\u00ebr\u00eb pavar\u00ebsisht se Shqip\u00ebria ka pasur prodhim me teprica nga burimet hidrike. \u201cN\u00eb 2021 Shqip\u00ebria prodhoi rreth 9 terravat energji elektrike, prodhim rekord q\u00eb\u2026","rel":"","context":"In &quot;Blogu i Udh\u00ebtarit&quot;","block_context":{"text":"Blogu i Udh\u00ebtarit","link":"https:\/\/www.shqiperia.com\/blog\/category\/blogu-i-udhetarit\/"},"img":{"alt_text":"","src":"https:\/\/i0.wp.com\/www.shqiperia.com\/blog\/wp-content\/uploads\/2022\/07\/1659025169_parlamenti28-770x433-1.jpeg?fit=676%2C344&ssl=1&resize=350%2C200","width":350,"height":200,"srcset":"https:\/\/i0.wp.com\/www.shqiperia.com\/blog\/wp-content\/uploads\/2022\/07\/1659025169_parlamenti28-770x433-1.jpeg?fit=676%2C344&ssl=1&resize=350%2C200 1x, https:\/\/i0.wp.com\/www.shqiperia.com\/blog\/wp-content\/uploads\/2022\/07\/1659025169_parlamenti28-770x433-1.jpeg?fit=676%2C344&ssl=1&resize=525%2C300 1.5x"},"classes":[]},{"id":31717,"url":"https:\/\/www.shqiperia.com\/blog\/maks-velo-i-ashper-ndaj-edi-hiles-genjeu-nuk-ka-bere-burg-politik\/","url_meta":{"origin":96940,"position":1},"title":"Maks Velo i ashp\u00ebr ndaj Edi Hil\u00ebs: &#8211; G\u00ebnjeu, nuk ka b\u00ebr\u00eb burg politik","author":"Kurt Farka","date":"February 23, 2020","format":false,"excerpt":"Maks Velo i ashp\u00ebr ndaj Edi Hil\u00ebs: - G\u00ebnjeu, nuk ka b\u00ebr\u00eb burg politik 06.09. 2019 Piktori dhe arkitekti i njohur Maks Velo ishte i ftuari i par\u00eb i k\u00ebtij sezoni t\u00eb ri t\u00eb emisionit \u201cProvokacija\u201d. Velo u ndal t\u00eb fliste p\u00ebr disident\u00ebt shqiptar\u00eb, t\u00eb cil\u00ebt njihen si t\u00eb till\u00eb\u2026","rel":"","context":"In &quot;Blogu i Udh\u00ebtarit&quot;","block_context":{"text":"Blogu i Udh\u00ebtarit","link":"https:\/\/www.shqiperia.com\/blog\/category\/blogu-i-udhetarit\/"},"img":{"alt_text":"","src":"https:\/\/i0.wp.com\/www.shqiperia.com\/blog\/wp-content\/uploads\/2020\/02\/1v1_1567794977.jpg?fit=600%2C300&ssl=1&resize=350%2C200","width":350,"height":200,"srcset":"https:\/\/i0.wp.com\/www.shqiperia.com\/blog\/wp-content\/uploads\/2020\/02\/1v1_1567794977.jpg?fit=600%2C300&ssl=1&resize=350%2C200 1x, https:\/\/i0.wp.com\/www.shqiperia.com\/blog\/wp-content\/uploads\/2020\/02\/1v1_1567794977.jpg?fit=600%2C300&ssl=1&resize=525%2C300 1.5x"},"classes":[]},{"id":55420,"url":"https:\/\/www.shqiperia.com\/blog\/vjen-lajmi-i-mire-bie-cmimi-i-naftes-ne-burse-ekspertet-zbulojne-shkakun\/","url_meta":{"origin":96940,"position":2},"title":"Vjen lajmi i mire: &#8211; \u00a0Bie \u00e7mimi i naft\u00ebs n\u00eb burs\u00eb, ekspert\u00ebt zbulojn\u00eb shkakun","author":"Kurt Farka","date":"March 14, 2022","format":false,"excerpt":"Vjen lajmi i mire: - \u00a0Bie \u00e7mimi i naft\u00ebs n\u00eb burs\u00eb, ekspert\u00ebt zbulojn\u00eb shkakun 14 MARS 2022 Dit\u00ebn e sotme nafta ka sh\u00ebnuar nj\u00eb r\u00ebnie t\u00eb konsiderueshme n\u00eb burs\u00eb. Ndryshim ky q\u00eb ka ardhur teksa negociator\u00ebt ukrainas dhe ata rus\u00eb filluan nj\u00eb raund tjet\u00ebr bisedimesh dhe pasi presidenti i Ukrain\u00ebs\u2026","rel":"","context":"In &quot;Blogu i Udh\u00ebtarit&quot;","block_context":{"text":"Blogu i Udh\u00ebtarit","link":"https:\/\/www.shqiperia.com\/blog\/category\/blogu-i-udhetarit\/"},"img":{"alt_text":"","src":"https:\/\/i0.wp.com\/www.shqiperia.com\/blog\/wp-content\/uploads\/2022\/03\/800-0-622f246923144.jpg?fit=800%2C480&ssl=1&resize=350%2C200","width":350,"height":200,"srcset":"https:\/\/i0.wp.com\/www.shqiperia.com\/blog\/wp-content\/uploads\/2022\/03\/800-0-622f246923144.jpg?fit=800%2C480&ssl=1&resize=350%2C200 1x, https:\/\/i0.wp.com\/www.shqiperia.com\/blog\/wp-content\/uploads\/2022\/03\/800-0-622f246923144.jpg?fit=800%2C480&ssl=1&resize=525%2C300 1.5x, https:\/\/i0.wp.com\/www.shqiperia.com\/blog\/wp-content\/uploads\/2022\/03\/800-0-622f246923144.jpg?fit=800%2C480&ssl=1&resize=700%2C400 2x"},"classes":[]},{"id":23459,"url":"https:\/\/www.shqiperia.com\/blog\/drejton-financat-tona-por-ministrja-dikur-ishte-menaxhere-bankash-ne-zonat-offshore\/","url_meta":{"origin":96940,"position":3},"title":"Drejton financat tona, por ministrja dikur ishte menaxhere bankash n\u00eb zonat \u2018offshore\u2019. &#8211;","author":"Kurt Farka","date":"July 23, 2019","format":false,"excerpt":"Drejton financat tona, por ministrja dikur ishte menaxhere bankash n\u00eb zonat \u2018offshore\u2019. - 22 Korrik 2019 Nga Gazeta Shqip Q\u00eb prej muajit dhjetor, Ministria e Financave dhe Ekonomis\u00eb drejtohet nga Anila Denaj. Ajo u zgjodh n\u00eb k\u00ebt\u00eb post nga kryeministri Edi Rama, pas shkarkimit t\u00eb Arben Ahmetajt. Por, ministrja n\u00eb\u2026","rel":"","context":"In &quot;Blogu i Udh\u00ebtarit&quot;","block_context":{"text":"Blogu i Udh\u00ebtarit","link":"https:\/\/www.shqiperia.com\/blog\/category\/blogu-i-udhetarit\/"},"img":{"alt_text":"","src":"https:\/\/i0.wp.com\/www.shqiperia.com\/blog\/wp-content\/uploads\/2019\/07\/310298C2-9586-4B48-A816-B81165BE9409.png?fit=1024%2C532&ssl=1&resize=350%2C200","width":350,"height":200,"srcset":"https:\/\/i0.wp.com\/www.shqiperia.com\/blog\/wp-content\/uploads\/2019\/07\/310298C2-9586-4B48-A816-B81165BE9409.png?fit=1024%2C532&ssl=1&resize=350%2C200 1x, https:\/\/i0.wp.com\/www.shqiperia.com\/blog\/wp-content\/uploads\/2019\/07\/310298C2-9586-4B48-A816-B81165BE9409.png?fit=1024%2C532&ssl=1&resize=525%2C300 1.5x, https:\/\/i0.wp.com\/www.shqiperia.com\/blog\/wp-content\/uploads\/2019\/07\/310298C2-9586-4B48-A816-B81165BE9409.png?fit=1024%2C532&ssl=1&resize=700%2C400 2x"},"classes":[]},{"id":14720,"url":"https:\/\/www.shqiperia.com\/blog\/endri-fuga-drejtorit-i-komunikimit-ne-kryeministri-ka-marre-rrogen-dhe-nje-vit-burse-jashte-shtetit-njekohesisht\/","url_meta":{"origin":96940,"position":4},"title":"Endri Fuga Drejtorit i Komunikimit n\u00eb Kryeministri, ka marre rrogen dhe nje vit burse jashte shtetit njekohesisht. &#8211;","author":"Kurt Farka","date":"December 13, 2018","format":false,"excerpt":"Endri Fuga Drejtorit i Komunikimit n\u00eb Kryeministri, ka marre rrogen dhe nje vit burse jashte shtetit njekohesisht. - Student\u00ebt shqiptar\u00eb paguajn\u00eb miliona lek\u00eb p\u00ebr tu shkolluar n\u00eb Shqip\u00ebris\u00eb, nd\u00ebrsa qeveritar\u00ebt marrin miliona lek\u00eb nga Shqip\u00ebria p\u00ebr tu shkolluar p\u00ebr vete n\u00eb universitete t\u00eb ndryshme n\u00ebp\u00ebr Europ\u00eb. Edhe Endri Fuga, k\u00ebshilltari\u2026","rel":"","context":"In &quot;Blogu i Udh\u00ebtarit&quot;","block_context":{"text":"Blogu i Udh\u00ebtarit","link":"https:\/\/www.shqiperia.com\/blog\/category\/blogu-i-udhetarit\/"},"img":{"alt_text":"","src":"https:\/\/i0.wp.com\/www.shqiperia.com\/blog\/wp-content\/uploads\/2018\/12\/auto_fuga_nikolla1544638797-696x398.jpg?fit=696%2C398&ssl=1&resize=350%2C200","width":350,"height":200,"srcset":"https:\/\/i0.wp.com\/www.shqiperia.com\/blog\/wp-content\/uploads\/2018\/12\/auto_fuga_nikolla1544638797-696x398.jpg?fit=696%2C398&ssl=1&resize=350%2C200 1x, https:\/\/i0.wp.com\/www.shqiperia.com\/blog\/wp-content\/uploads\/2018\/12\/auto_fuga_nikolla1544638797-696x398.jpg?fit=696%2C398&ssl=1&resize=525%2C300 1.5x"},"classes":[]},{"id":69569,"url":"https:\/\/www.shqiperia.com\/blog\/call-center-at-te-lidhura-me-ish-zyrtare-politike-birn-tre-kompani-ne-pronesi-te-ish-ortakut-te-vellait-te-rames-si-u-kthye-tirana-ne-kryeqytetin-e-skemave-mashtruese\/","url_meta":{"origin":96940,"position":5},"title":"\u201cCall center-at t\u00eb lidhura me ish-zyrtar\u00eb politik\u00eb\u201d- BIRN: &#8211; Tre kompani n\u00eb pron\u00ebsi t\u00eb ish-ortakut t\u00eb v\u00ebllait t\u00eb Ram\u00ebs! &#8211; Si u kthye Tirana n\u00eb kryeqytetin e skemave mashtruese","author":"Kurt Farka","date":"March 13, 2023","format":false,"excerpt":"13 Mars 2023 M\u00eb 14 n\u00ebntor 2018, nj\u00eb grua u paraqit n\u00eb stacionin e policis\u00eb \u201cMossos d\u2019Esquadra\u201d n\u00eb qytez\u00ebn e Puigcerdas n\u00eb rajonin e Katalunj\u00ebs n\u00eb veri t\u00eb Spanj\u00ebs, p\u00ebr t\u00eb b\u00ebr\u00eb nj\u00eb denoncim kund\u00ebr nj\u00eb kompanie investimesh n\u00eb burs\u00eb, pasi kishte r\u00ebn\u00eb pre e mashtrimit. Merce Puig Ribot i\u2026","rel":"","context":"In &quot;Blogu i Udh\u00ebtarit&quot;","block_context":{"text":"Blogu i Udh\u00ebtarit","link":"https:\/\/www.shqiperia.com\/blog\/category\/blogu-i-udhetarit\/"},"img":{"alt_text":"","src":"https:\/\/i0.wp.com\/www.shqiperia.com\/blog\/wp-content\/uploads\/2023\/03\/call-center-2.jpg?fit=859%2C557&ssl=1&resize=350%2C200","width":350,"height":200,"srcset":"https:\/\/i0.wp.com\/www.shqiperia.com\/blog\/wp-content\/uploads\/2023\/03\/call-center-2.jpg?fit=859%2C557&ssl=1&resize=350%2C200 1x, https:\/\/i0.wp.com\/www.shqiperia.com\/blog\/wp-content\/uploads\/2023\/03\/call-center-2.jpg?fit=859%2C557&ssl=1&resize=525%2C300 1.5x, https:\/\/i0.wp.com\/www.shqiperia.com\/blog\/wp-content\/uploads\/2023\/03\/call-center-2.jpg?fit=859%2C557&ssl=1&resize=700%2C400 2x"},"classes":[]}],"_links":{"self":[{"href":"https:\/\/www.shqiperia.com\/blog\/wp-json\/wp\/v2\/posts\/96940","targetHints":{"allow":["GET"]}}],"collection":[{"href":"https:\/\/www.shqiperia.com\/blog\/wp-json\/wp\/v2\/posts"}],"about":[{"href":"https:\/\/www.shqiperia.com\/blog\/wp-json\/wp\/v2\/types\/post"}],"author":[{"embeddable":true,"href":"https:\/\/www.shqiperia.com\/blog\/wp-json\/wp\/v2\/users\/9"}],"replies":[{"embeddable":true,"href":"https:\/\/www.shqiperia.com\/blog\/wp-json\/wp\/v2\/comments?post=96940"}],"version-history":[{"count":4,"href":"https:\/\/www.shqiperia.com\/blog\/wp-json\/wp\/v2\/posts\/96940\/revisions"}],"predecessor-version":[{"id":96958,"href":"https:\/\/www.shqiperia.com\/blog\/wp-json\/wp\/v2\/posts\/96940\/revisions\/96958"}],"wp:featuredmedia":[{"embeddable":true,"href":"https:\/\/www.shqiperia.com\/blog\/wp-json\/wp\/v2\/media\/96941"}],"wp:attachment":[{"href":"https:\/\/www.shqiperia.com\/blog\/wp-json\/wp\/v2\/media?parent=96940"}],"wp:term":[{"taxonomy":"category","embeddable":true,"href":"https:\/\/www.shqiperia.com\/blog\/wp-json\/wp\/v2\/categories?post=96940"},{"taxonomy":"post_tag","embeddable":true,"href":"https:\/\/www.shqiperia.com\/blog\/wp-json\/wp\/v2\/tags?post=96940"}],"curies":[{"name":"wp","href":"https:\/\/api.w.org\/{rel}","templated":true}]}}