{"id":96937,"date":"2026-01-25T18:59:43","date_gmt":"2026-01-25T18:59:43","guid":{"rendered":"https:\/\/www.shqiperia.com\/blog\/?p=96937"},"modified":"2026-01-25T18:59:43","modified_gmt":"2026-01-25T18:59:43","slug":"djali-i-presidentit-te-iranit-kerkon-rikthimin-e-internetit","status":"publish","type":"post","link":"https:\/\/www.shqiperia.com\/blog\/djali-i-presidentit-te-iranit-kerkon-rikthimin-e-internetit\/","title":{"rendered":"Djali i presidentit t\u00eb Iranit k\u00ebrkon rikthimin e internetit"},"content":{"rendered":"<p><img data-recalc-dims=\"1\" loading=\"lazy\" decoding=\"async\" data-attachment-id=\"96938\" data-permalink=\"https:\/\/www.shqiperia.com\/blog\/djali-i-presidentit-te-iranit-kerkon-rikthimin-e-internetit\/iran-7-1024x656\/\" data-orig-file=\"https:\/\/i0.wp.com\/www.shqiperia.com\/blog\/wp-content\/uploads\/2026\/01\/iran-7-1024x656-1.jpg?fit=1024%2C656&amp;ssl=1\" data-orig-size=\"1024,656\" data-comments-opened=\"1\" data-image-meta=\"{&quot;aperture&quot;:&quot;0&quot;,&quot;credit&quot;:&quot;&quot;,&quot;camera&quot;:&quot;&quot;,&quot;caption&quot;:&quot;&quot;,&quot;created_timestamp&quot;:&quot;0&quot;,&quot;copyright&quot;:&quot;&quot;,&quot;focal_length&quot;:&quot;0&quot;,&quot;iso&quot;:&quot;0&quot;,&quot;shutter_speed&quot;:&quot;0&quot;,&quot;title&quot;:&quot;&quot;,&quot;orientation&quot;:&quot;0&quot;}\" data-image-title=\"iran-7-1024&#215;656\" data-image-description=\"\" data-image-caption=\"\" data-medium-file=\"https:\/\/i0.wp.com\/www.shqiperia.com\/blog\/wp-content\/uploads\/2026\/01\/iran-7-1024x656-1.jpg?fit=300%2C192&amp;ssl=1\" data-large-file=\"https:\/\/i0.wp.com\/www.shqiperia.com\/blog\/wp-content\/uploads\/2026\/01\/iran-7-1024x656-1.jpg?fit=1024%2C656&amp;ssl=1\" class=\"alignnone  wp-image-96938\" alt=\"\" src=\"https:\/\/i0.wp.com\/www.shqiperia.com\/blog\/wp-content\/uploads\/2026\/01\/iran-7-1024x656-1.jpg?resize=630%2C403&#038;ssl=1\" width=\"630\" height=\"403\" srcset=\"https:\/\/i0.wp.com\/www.shqiperia.com\/blog\/wp-content\/uploads\/2026\/01\/iran-7-1024x656-1.jpg?resize=300%2C192&amp;ssl=1 300w, https:\/\/i0.wp.com\/www.shqiperia.com\/blog\/wp-content\/uploads\/2026\/01\/iran-7-1024x656-1.jpg?resize=768%2C492&amp;ssl=1 768w, https:\/\/i0.wp.com\/www.shqiperia.com\/blog\/wp-content\/uploads\/2026\/01\/iran-7-1024x656-1.jpg?resize=450%2C288&amp;ssl=1 450w, https:\/\/i0.wp.com\/www.shqiperia.com\/blog\/wp-content\/uploads\/2026\/01\/iran-7-1024x656-1.jpg?resize=600%2C384&amp;ssl=1 600w, https:\/\/i0.wp.com\/www.shqiperia.com\/blog\/wp-content\/uploads\/2026\/01\/iran-7-1024x656-1.jpg?resize=400%2C256&amp;ssl=1 400w, https:\/\/i0.wp.com\/www.shqiperia.com\/blog\/wp-content\/uploads\/2026\/01\/iran-7-1024x656-1.jpg?w=1024&amp;ssl=1 1024w\" sizes=\"auto, (max-width: 630px) 100vw, 630px\" \/><\/p>\n<p>25 Janar 2026<\/p>\n<p>&#8230; Organizata Iran Human Rights thot\u00eb se numri mund t\u00eb shkoj\u00eb deri n\u00eb 25 mij\u00eb t\u00eb vrar\u00eb,<\/p>\n<p>Yousef Pezeshkian, djali i presidentit t\u00eb Iranit, Masoud Pezeshkian, ka k\u00ebrkuar heqjen e kufizimeve t\u00eb internetit n\u00eb vend, duke theksuar se asgj\u00eb nuk do t\u00eb zgjidhet duke shtyr\u00eb shp\u00ebrndarjen e pamjeve dhe videove t\u00eb protestave q\u00eb u shtyp\u00ebn dhunsh\u00ebm nga regjimi.<\/p>\n<p>Ai paralajm\u00ebroi se bllokimi i vazhduesh\u00ebm i internetit vet\u00ebm do t\u00eb rris\u00eb pak\u00ebnaq\u00ebsin\u00eb dhe do t\u00eb thelloj\u00eb hendekun mes qytetar\u00ebve dhe qeveris\u00eb.<\/p>\n<p><em>\u201cShk\u00ebputja e internetit nuk zgjidh asgj\u00eb, thjesht shtyn momentin kur do t\u00eb p\u00ebrballemi me realitetin\u201d,<span>\u00a0<\/span><\/em>shkroi Pezeshkian n\u00eb nj\u00eb postim n\u00eb Telegram.<\/p>\n<p>Rihapja e pjesshme e internetit ka lejuar nj\u00eb hetim t\u00eb ngadalt\u00eb mbi numrin e vdekjeve gjat\u00eb protestave, p\u00ebrfshir\u00eb edhe f\u00ebmij\u00eb. Organizata Iran Human Rights thot\u00eb se numri mund t\u00eb shkoj\u00eb deri n\u00eb 25 mij\u00eb t\u00eb vrar\u00eb, nd\u00ebrsa mij\u00ebra t\u00eb tjer\u00eb mbeten ende t\u00eb arrestuar. Mjek\u00ebt raportojn\u00eb qindra raste emergjente, p\u00ebrfshir\u00eb m\u00eb shum\u00eb se 1 mij\u00eb pacient\u00eb q\u00eb k\u00ebrkonin kirurgji t\u00eb menj\u00ebhershme t\u00eb syve, nd\u00ebrsa spitalet jan\u00eb mbipopulluar.<\/p>\n<p>N\u00eb t\u00eb nj\u00ebjt\u00ebn koh\u00eb, qytetar\u00ebt dhe ish-zyrtar\u00eb kritikojn\u00eb qeverin\u00eb p\u00ebr situat\u00ebn ekonomike. Tregjet e Teheranit kan\u00eb qen\u00eb n\u00eb r\u00ebnie p\u00ebr kat\u00ebr dit\u00eb rresht, nd\u00ebrsa monedha zyrtare, rial, vazhdon t\u00eb humbas\u00eb vler\u00eb kundrejt dollarit. Banka Qendrore e Iranit njoftoi se nj\u00eb emetim i borxhit ishte n\u00ebnshkruar vet\u00ebm 15%, nj\u00eb situat\u00eb q\u00eb mund t\u00eb \u00e7oj\u00eb n\u00eb shkurtime t\u00eb reja buxhetore ose rritje t\u00eb inflacionit, i cili muajin e kaluar arriti mbi 42%.<\/p>\n<p>Bllokimi i internetit po kushton vendit rreth 20 milion\u00eb dollar\u00eb n\u00eb dit\u00eb, sipas organizat\u00ebs s\u00eb tregtis\u00eb kompjuterike t\u00eb Iranit, nd\u00ebrsa transportuesit raportojn\u00eb v\u00ebshtir\u00ebsi n\u00eb kalimin e kufijve p\u00ebr shkak t\u00eb munges\u00ebs s\u00eb dokumentacionit elektronik. Edhe pse disa dyqane kan\u00eb hapur dyert, aktiviteti ekonomik mbetet i ul\u00ebt.<\/p>\n<p>Disa qytetar\u00eb kritikojn\u00eb qeverin\u00eb p\u00ebr paaft\u00ebsi dhe shprehin zhg\u00ebnjim edhe ndaj ndikimeve t\u00eb huaja. Ish-kryetari reformist i Teheranit, Gholamhossein Karbaschi, tha se,<span>\u00a0<\/span><em>\u201cQeveria po humb kuptimin e saj origjinal. N\u00eb asnj\u00eb fush\u00eb nuk mund t\u00eb thuhet se qeveria \u00ebsht\u00eb aktive dhe po zgjidh problemet. T\u00eb gjitha fuqit\u00eb e tjera veprojn\u00eb sipas interesave t\u00eb tyre, p\u00ebrve\u00e7 qeveris\u00eb\u201d.<\/em><\/p>\n<p>Disa protestues shprehen edhe zhg\u00ebnjim ndaj premtimeve t\u00eb jashtme, duke p\u00ebrmendur ish-presidentin amerikan Donald Trump.<\/p>\n<p><em>\u201cAi na tradhtoi. Trump m\u00eb urren m\u00eb shum\u00eb se udh\u00ebheq\u00ebsi suprem Khamenei, sepse ideologjia e Khamenei \u00ebsht\u00eb e qart\u00eb, por Trump premtoi dhe nuk mbajti premtimet<\/em>\u201d, tha nj\u00eb protestues.<\/p>\n<p>T\u00eb tjer\u00ebt shprehin trishtim t\u00eb thell\u00eb p\u00ebr humbjet e p\u00ebrjetuara dhe ndjenj\u00ebn e pafuqis\u00eb.<\/p>\n<p><em>\u201cJemi t\u00eb trishtuar p\u00ebr veten ton\u00eb, duke pritur me padurim ndihm\u00ebn e nj\u00eb shteti tjet\u00ebr, por as at\u00eb nuk ka garanci q\u00eb do t\u00eb na shp\u00ebtoj\u00eb.\u201d<\/em><\/p>\n","protected":false},"excerpt":{"rendered":"<p>25 Janar 2026 &#8230; Organizata Iran Human Rights thot\u00eb se numri mund t\u00eb shkoj\u00eb deri n\u00eb 25 mij\u00eb t\u00eb vrar\u00eb, Yousef Pezeshkian, djali i presidentit t\u00eb Iranit, Masoud Pezeshkian, ka k\u00ebrkuar heqjen e kufizimeve t\u00eb internetit n\u00eb vend, duke theksuar se asgj\u00eb nuk do t\u00eb zgjidhet duke shtyr\u00eb shp\u00ebrndarjen e pamjeve dhe videove t\u00eb protestave [&hellip;]<\/p>\n","protected":false},"author":9,"featured_media":96938,"comment_status":"open","ping_status":"open","sticky":false,"template":"","format":"standard","meta":{"jetpack_post_was_ever_published":false,"_jetpack_newsletter_access":"","_jetpack_dont_email_post_to_subs":false,"_jetpack_newsletter_tier_id":0,"_jetpack_memberships_contains_paywalled_content":false,"_jetpack_memberships_contains_paid_content":false,"footnotes":"","jetpack_publicize_message":"","jetpack_publicize_feature_enabled":true,"jetpack_social_post_already_shared":true,"jetpack_social_options":{"image_generator_settings":{"template":"highway","default_image_id":0,"font":"","enabled":false},"version":2}},"categories":[27,1,2,35],"tags":[],"class_list":["post-96937","post","type-post","status-publish","format-standard","has-post-thumbnail","hentry","category-blogu-i-udhetarit","category-njoftime-shtypi","category-politika","category-shoqerore"],"jetpack_publicize_connections":[],"jetpack_featured_media_url":"https:\/\/i0.wp.com\/www.shqiperia.com\/blog\/wp-content\/uploads\/2026\/01\/iran-7-1024x656-1.jpg?fit=1024%2C656&ssl=1","jetpack_sharing_enabled":true,"jetpack_shortlink":"https:\/\/wp.me\/p5Z6wp-pdv","jetpack-related-posts":[{"id":59006,"url":"https:\/\/www.shqiperia.com\/blog\/halabake-ju-terheq-zvarre-kallezohet-penalisht-drejtori-i-policise-bashkiake-fyeu-punetoret-e-kompanise-se-internetit\/","url_meta":{"origin":96937,"position":0},"title":"\u201cHalabak\u00eb! &#8230;-  ju t\u00ebrheq zvarr\u00eb\u201d.- Kall\u00ebzohet penalisht Drejtori i Policis\u00eb Bashkiake, fyeu pun\u00ebtor\u00ebt e kompanis\u00eb s\u00eb internetit!","author":"Kurt Farka","date":"June 14, 2022","format":false,"excerpt":"- 14.06.22 Dy dit\u00eb pas denoncimit publik n\u00eb media, 3 punonj\u00ebsit e kompanis\u00eb s\u00eb internetit n\u00eb Lezh\u00eb kan\u00eb kall\u00ebzuar penalisht n\u00eb prokurori Drejtorin e Policis\u00eb Bashkiake Leonard Pali p\u00ebr fyerje dhe dhun\u00eb ndaj tyre. N\u00eb kall\u00ebzimin penal drejtuar organit t\u00eb akuz\u00ebs, Ndue Pjetri, Ervis Figuri dhe Fatbardh Media deklarojn\u00eb se\u2026","rel":"","context":"In &quot;Njoftime Shtypi&quot;","block_context":{"text":"Njoftime Shtypi","link":"https:\/\/www.shqiperia.com\/blog\/category\/njoftime-shtypi\/"},"img":{"alt_text":"","src":"https:\/\/i0.wp.com\/www.shqiperia.com\/blog\/wp-content\/uploads\/2022\/06\/leonard-palaj.jpg?fit=661%2C353&ssl=1&resize=350%2C200","width":350,"height":200,"srcset":"https:\/\/i0.wp.com\/www.shqiperia.com\/blog\/wp-content\/uploads\/2022\/06\/leonard-palaj.jpg?fit=661%2C353&ssl=1&resize=350%2C200 1x, https:\/\/i0.wp.com\/www.shqiperia.com\/blog\/wp-content\/uploads\/2022\/06\/leonard-palaj.jpg?fit=661%2C353&ssl=1&resize=525%2C300 1.5x"},"classes":[]},{"id":93452,"url":"https:\/\/www.shqiperia.com\/blog\/samiti-ne-kine-putin-perendimi-eshte-fajtor-per-luften-ne-ukraine-jo-rusia\/","url_meta":{"origin":96937,"position":1},"title":"Samiti n\u00eb Kin\u00eb, Putin: Per\u00ebndimi \u00ebsht\u00eb fajtor p\u00ebr luft\u00ebn n\u00eb Ukrain\u00eb, jo Rusia","author":"Kurt Farka","date":"September 2, 2025","format":false,"excerpt":"2 Shtator 2025 Gjat\u00eb samitit t\u00eb nivelit t\u00eb lart\u00eb t\u00eb mbajtur n\u00eb qytetin Tianxhin t\u00eb Kin\u00ebs dhe organizuar nga Pekini, presidenti rus Vladimir Putin mbrojti s\u00ebrish agresionin e Mosk\u00ebs ndaj Ukrain\u00ebs, duke akuzuar Per\u00ebndimin p\u00ebr nxitjen e konfliktit. \u201cKjo kriz\u00eb nuk filloi nga sulmi i Rusis\u00eb ndaj Ukrain\u00ebs, por \u00ebsht\u00eb\u2026","rel":"","context":"In &quot;Blogu i Udh\u00ebtarit&quot;","block_context":{"text":"Blogu i Udh\u00ebtarit","link":"https:\/\/www.shqiperia.com\/blog\/category\/blogu-i-udhetarit\/"},"img":{"alt_text":"","src":"https:\/\/i0.wp.com\/www.shqiperia.com\/blog\/wp-content\/uploads\/2025\/09\/putin_china.webp?fit=1200%2C751&ssl=1&resize=350%2C200","width":350,"height":200,"srcset":"https:\/\/i0.wp.com\/www.shqiperia.com\/blog\/wp-content\/uploads\/2025\/09\/putin_china.webp?fit=1200%2C751&ssl=1&resize=350%2C200 1x, https:\/\/i0.wp.com\/www.shqiperia.com\/blog\/wp-content\/uploads\/2025\/09\/putin_china.webp?fit=1200%2C751&ssl=1&resize=525%2C300 1.5x, https:\/\/i0.wp.com\/www.shqiperia.com\/blog\/wp-content\/uploads\/2025\/09\/putin_china.webp?fit=1200%2C751&ssl=1&resize=700%2C400 2x, https:\/\/i0.wp.com\/www.shqiperia.com\/blog\/wp-content\/uploads\/2025\/09\/putin_china.webp?fit=1200%2C751&ssl=1&resize=1050%2C600 3x"},"classes":[]},{"id":78692,"url":"https:\/\/www.shqiperia.com\/blog\/faqja-me-trazuese-e-internetit-ku-gjeni-cdo-foto-tuajen-qe-ekziston\/","url_meta":{"origin":96937,"position":2},"title":"\u2018Faqja m\u00eb trazuese e internetit\u2019 ku gjeni \u00e7do foto tuaj\u00ebn q\u00eb ekziston","author":"Kurt Farka","date":"February 27, 2024","format":false,"excerpt":"27 Shkurt 2024 Interneti \u00ebsht\u00eb me ne prej gati 4 dekadash dhe gjat\u00eb k\u00ebsaj kohe ka akumuluar nj\u00eb mas\u00eb t\u00eb pallogaritshme informacioni, mes tyre dhe foto e imazhe. Me plot\u00ebsimin e bagazhit t\u00eb t\u00eb dh\u00ebnave, tashm\u00eb n\u00eb koh\u00ebn \u201ce duhur\u201d ka dal\u00eb dhe Inteligjenca Artificiale (AI) q\u00eb mund t\u00eb punoj\u00eb\u2026","rel":"","context":"In &quot;Blogu i Udh\u00ebtarit&quot;","block_context":{"text":"Blogu i Udh\u00ebtarit","link":"https:\/\/www.shqiperia.com\/blog\/category\/blogu-i-udhetarit\/"},"img":{"alt_text":"","src":"https:\/\/i0.wp.com\/www.shqiperia.com\/blog\/wp-content\/uploads\/2024\/02\/fe-1-7.jpg?fit=601%2C401&ssl=1&resize=350%2C200","width":350,"height":200,"srcset":"https:\/\/i0.wp.com\/www.shqiperia.com\/blog\/wp-content\/uploads\/2024\/02\/fe-1-7.jpg?fit=601%2C401&ssl=1&resize=350%2C200 1x, https:\/\/i0.wp.com\/www.shqiperia.com\/blog\/wp-content\/uploads\/2024\/02\/fe-1-7.jpg?fit=601%2C401&ssl=1&resize=525%2C300 1.5x"},"classes":[]},{"id":81191,"url":"https:\/\/www.shqiperia.com\/blog\/analiza-cfare-ndodh-ne-rast-se-konfirmohet-vdekja-e-presidentit-te-iranit\/","url_meta":{"origin":96937,"position":3},"title":"Analiza: \u00c7far\u00eb ndodh n\u00eb rast se konfirmohet vdekja e presidentit t\u00eb Iranit?","author":"Kurt Farka","date":"May 20, 2024","format":false,"excerpt":"20 Maji 2024 ... Sfida me t\u00eb cil\u00ebn p\u00ebrballen ekipet e k\u00ebrkim-shp\u00ebtimit \u00ebsht\u00eb e madhe, me mjegull t\u00eb dendur, shi dhe err\u00ebsir\u00eb. Shpresa zbehet. Fati i presidentit t\u00eb Iranit, Ebrahim Raisi i cili u p\u00ebrfshi n\u00eb nj\u00eb incident ajror pasditen e sotme, nuk dihet ende. N\u00ebse konfirmohet se presidenti i\u2026","rel":"","context":"In &quot;Blogu i Udh\u00ebtarit&quot;","block_context":{"text":"Blogu i Udh\u00ebtarit","link":"https:\/\/www.shqiperia.com\/blog\/category\/blogu-i-udhetarit\/"},"img":{"alt_text":"","src":"https:\/\/i0.wp.com\/www.shqiperia.com\/blog\/wp-content\/uploads\/2024\/05\/800-0-670201abece6156cd130a2b110598d30.jpg?fit=800%2C420&ssl=1&resize=350%2C200","width":350,"height":200,"srcset":"https:\/\/i0.wp.com\/www.shqiperia.com\/blog\/wp-content\/uploads\/2024\/05\/800-0-670201abece6156cd130a2b110598d30.jpg?fit=800%2C420&ssl=1&resize=350%2C200 1x, https:\/\/i0.wp.com\/www.shqiperia.com\/blog\/wp-content\/uploads\/2024\/05\/800-0-670201abece6156cd130a2b110598d30.jpg?fit=800%2C420&ssl=1&resize=525%2C300 1.5x, https:\/\/i0.wp.com\/www.shqiperia.com\/blog\/wp-content\/uploads\/2024\/05\/800-0-670201abece6156cd130a2b110598d30.jpg?fit=800%2C420&ssl=1&resize=700%2C400 2x"},"classes":[]},{"id":17424,"url":"https:\/\/www.shqiperia.com\/blog\/ministri-te-partise-qeveria-nen-akuze-per-shkelje-te-ligjit-zgjedhor\/","url_meta":{"origin":96937,"position":4},"title":"\u201cMinistri t\u00eb partis\u00eb\u201d \/ Qeveria n\u00ebn akuz\u00eb p\u00ebr shkelje t\u00eb ligjit zgjedhor. &#8211;","author":"Kurt Farka","date":"February 15, 2019","format":false,"excerpt":"\u201cMinistri t\u00eb partis\u00eb\u201d \/ Qeveria n\u00ebn akuz\u00eb p\u00ebr shkelje t\u00eb ligjit zgjedhor. - 15 shkurt 2019 Nga Gjergj Erebara* Komisioni Qendror i Zgjedhjeve akuzoi qeverin\u00eb se po p\u00ebrdor institucionet publike dhe burimet shtet\u00ebrore n\u00eb funksion t\u00eb fushat\u00ebs elektorale t\u00eb Partis\u00eb Socialiste p\u00ebr zgjedhjet e ardhshme vendore, n\u00eb shkelje t\u00eb Kodit\u2026","rel":"","context":"In &quot;Blogu i Udh\u00ebtarit&quot;","block_context":{"text":"Blogu i Udh\u00ebtarit","link":"https:\/\/www.shqiperia.com\/blog\/category\/blogu-i-udhetarit\/"},"img":{"alt_text":"","src":"https:\/\/i0.wp.com\/www.shqiperia.com\/blog\/wp-content\/uploads\/2019\/02\/Shqiperia-qe-duam-905x450.jpg?fit=905%2C450&ssl=1&resize=350%2C200","width":350,"height":200,"srcset":"https:\/\/i0.wp.com\/www.shqiperia.com\/blog\/wp-content\/uploads\/2019\/02\/Shqiperia-qe-duam-905x450.jpg?fit=905%2C450&ssl=1&resize=350%2C200 1x, https:\/\/i0.wp.com\/www.shqiperia.com\/blog\/wp-content\/uploads\/2019\/02\/Shqiperia-qe-duam-905x450.jpg?fit=905%2C450&ssl=1&resize=525%2C300 1.5x, https:\/\/i0.wp.com\/www.shqiperia.com\/blog\/wp-content\/uploads\/2019\/02\/Shqiperia-qe-duam-905x450.jpg?fit=905%2C450&ssl=1&resize=700%2C400 2x"},"classes":[]},{"id":88514,"url":"https:\/\/www.shqiperia.com\/blog\/kompania-e-elon-musk-nuk-paguan-taksat-ne-shqiperi-tatimet-e-vendosin-nen-sekuestro\/","url_meta":{"origin":96937,"position":5},"title":"Kompania e Elon Musk nuk paguan taksat n\u00eb Shqip\u00ebri, Tatimet e vendosin n\u00ebn sekuestro","author":"Kurt Farka","date":"January 18, 2025","format":false,"excerpt":"18 Janar 2025 Starlink Albania, kompania q\u00eb ofron sh\u00ebrbim interneti p\u00ebrmes satelitit \u00ebsht\u00eb n\u00eb telashe me zyr\u00ebn e taksave. Administrata Tatimore ka vendosur sekuestro mbi kompanin\u00eb me p\u00ebrfitues fundor\u00a0Elon Musk, p\u00ebr shkak se ka detyrime t\u00eb papaguara tatimore. \u201cK\u00ebrkes\u00eb p\u00ebr vendosjen e mas\u00ebs s\u00eb sigurimit tatimor\u201d, ardhur nga Drejtoria e\u2026","rel":"","context":"In &quot;Blogu i Udh\u00ebtarit&quot;","block_context":{"text":"Blogu i Udh\u00ebtarit","link":"https:\/\/www.shqiperia.com\/blog\/category\/blogu-i-udhetarit\/"},"img":{"alt_text":"","src":"https:\/\/i0.wp.com\/www.shqiperia.com\/blog\/wp-content\/uploads\/2025\/01\/elon_musk-scaled.webp?fit=1200%2C800&ssl=1&resize=350%2C200","width":350,"height":200,"srcset":"https:\/\/i0.wp.com\/www.shqiperia.com\/blog\/wp-content\/uploads\/2025\/01\/elon_musk-scaled.webp?fit=1200%2C800&ssl=1&resize=350%2C200 1x, https:\/\/i0.wp.com\/www.shqiperia.com\/blog\/wp-content\/uploads\/2025\/01\/elon_musk-scaled.webp?fit=1200%2C800&ssl=1&resize=525%2C300 1.5x, https:\/\/i0.wp.com\/www.shqiperia.com\/blog\/wp-content\/uploads\/2025\/01\/elon_musk-scaled.webp?fit=1200%2C800&ssl=1&resize=700%2C400 2x, https:\/\/i0.wp.com\/www.shqiperia.com\/blog\/wp-content\/uploads\/2025\/01\/elon_musk-scaled.webp?fit=1200%2C800&ssl=1&resize=1050%2C600 3x"},"classes":[]}],"_links":{"self":[{"href":"https:\/\/www.shqiperia.com\/blog\/wp-json\/wp\/v2\/posts\/96937","targetHints":{"allow":["GET"]}}],"collection":[{"href":"https:\/\/www.shqiperia.com\/blog\/wp-json\/wp\/v2\/posts"}],"about":[{"href":"https:\/\/www.shqiperia.com\/blog\/wp-json\/wp\/v2\/types\/post"}],"author":[{"embeddable":true,"href":"https:\/\/www.shqiperia.com\/blog\/wp-json\/wp\/v2\/users\/9"}],"replies":[{"embeddable":true,"href":"https:\/\/www.shqiperia.com\/blog\/wp-json\/wp\/v2\/comments?post=96937"}],"version-history":[{"count":1,"href":"https:\/\/www.shqiperia.com\/blog\/wp-json\/wp\/v2\/posts\/96937\/revisions"}],"predecessor-version":[{"id":96939,"href":"https:\/\/www.shqiperia.com\/blog\/wp-json\/wp\/v2\/posts\/96937\/revisions\/96939"}],"wp:featuredmedia":[{"embeddable":true,"href":"https:\/\/www.shqiperia.com\/blog\/wp-json\/wp\/v2\/media\/96938"}],"wp:attachment":[{"href":"https:\/\/www.shqiperia.com\/blog\/wp-json\/wp\/v2\/media?parent=96937"}],"wp:term":[{"taxonomy":"category","embeddable":true,"href":"https:\/\/www.shqiperia.com\/blog\/wp-json\/wp\/v2\/categories?post=96937"},{"taxonomy":"post_tag","embeddable":true,"href":"https:\/\/www.shqiperia.com\/blog\/wp-json\/wp\/v2\/tags?post=96937"}],"curies":[{"name":"wp","href":"https:\/\/api.w.org\/{rel}","templated":true}]}}