{"id":96934,"date":"2026-01-25T18:56:05","date_gmt":"2026-01-25T18:56:05","guid":{"rendered":"https:\/\/www.shqiperia.com\/blog\/?p=96934"},"modified":"2026-01-25T18:56:05","modified_gmt":"2026-01-25T18:56:05","slug":"kamionet-bllokojne-kufijte-e-ballkanit-per-7-dite","status":"publish","type":"post","link":"https:\/\/www.shqiperia.com\/blog\/kamionet-bllokojne-kufijte-e-ballkanit-per-7-dite\/","title":{"rendered":"Kamion\u00ebt bllokojn\u00eb kufijt\u00eb e Ballkanit p\u00ebr 7 dit\u00eb"},"content":{"rendered":"<p><img data-recalc-dims=\"1\" loading=\"lazy\" decoding=\"async\" data-attachment-id=\"96935\" data-permalink=\"https:\/\/www.shqiperia.com\/blog\/kamionet-bllokojne-kufijte-e-ballkanit-per-7-dite\/kamione-1024x673\/\" data-orig-file=\"https:\/\/i0.wp.com\/www.shqiperia.com\/blog\/wp-content\/uploads\/2026\/01\/kamione-1024x673-1.jpg?fit=1024%2C673&amp;ssl=1\" data-orig-size=\"1024,673\" data-comments-opened=\"1\" data-image-meta=\"{&quot;aperture&quot;:&quot;0&quot;,&quot;credit&quot;:&quot;&quot;,&quot;camera&quot;:&quot;&quot;,&quot;caption&quot;:&quot;&quot;,&quot;created_timestamp&quot;:&quot;0&quot;,&quot;copyright&quot;:&quot;&quot;,&quot;focal_length&quot;:&quot;0&quot;,&quot;iso&quot;:&quot;0&quot;,&quot;shutter_speed&quot;:&quot;0&quot;,&quot;title&quot;:&quot;&quot;,&quot;orientation&quot;:&quot;0&quot;}\" data-image-title=\"kamione-1024&#215;673\" data-image-description=\"\" data-image-caption=\"\" data-medium-file=\"https:\/\/i0.wp.com\/www.shqiperia.com\/blog\/wp-content\/uploads\/2026\/01\/kamione-1024x673-1.jpg?fit=300%2C197&amp;ssl=1\" data-large-file=\"https:\/\/i0.wp.com\/www.shqiperia.com\/blog\/wp-content\/uploads\/2026\/01\/kamione-1024x673-1.jpg?fit=1024%2C673&amp;ssl=1\" class=\"alignnone  wp-image-96935\" alt=\"\" src=\"https:\/\/i0.wp.com\/www.shqiperia.com\/blog\/wp-content\/uploads\/2026\/01\/kamione-1024x673-1.jpg?resize=611%2C401&#038;ssl=1\" width=\"611\" height=\"401\" srcset=\"https:\/\/i0.wp.com\/www.shqiperia.com\/blog\/wp-content\/uploads\/2026\/01\/kamione-1024x673-1.jpg?resize=300%2C197&amp;ssl=1 300w, https:\/\/i0.wp.com\/www.shqiperia.com\/blog\/wp-content\/uploads\/2026\/01\/kamione-1024x673-1.jpg?resize=768%2C505&amp;ssl=1 768w, https:\/\/i0.wp.com\/www.shqiperia.com\/blog\/wp-content\/uploads\/2026\/01\/kamione-1024x673-1.jpg?resize=450%2C296&amp;ssl=1 450w, https:\/\/i0.wp.com\/www.shqiperia.com\/blog\/wp-content\/uploads\/2026\/01\/kamione-1024x673-1.jpg?resize=600%2C394&amp;ssl=1 600w, https:\/\/i0.wp.com\/www.shqiperia.com\/blog\/wp-content\/uploads\/2026\/01\/kamione-1024x673-1.jpg?resize=400%2C263&amp;ssl=1 400w, https:\/\/i0.wp.com\/www.shqiperia.com\/blog\/wp-content\/uploads\/2026\/01\/kamione-1024x673-1.jpg?w=1024&amp;ssl=1 1024w\" sizes=\"auto, (max-width: 611px) 100vw, 611px\" \/><\/p>\n<p>25 Janar 2026<\/p>\n<p>P\u00ebr t\u00eb pakt\u00ebn shtat\u00eb dit\u00eb, duke nisur nga kjo e h\u00ebn\u00eb, 26 janar, shofer\u00ebt e kamion\u00ebve t\u00eb mallrave nga shtetet e Ballkanit Per\u00ebndimor do t\u00eb bllokojn\u00eb terminalet kufitare q\u00eb ndajn\u00eb rajonin me shtetet an\u00ebtare t\u00eb BE-s\u00eb. Protesta fillon n\u00eb or\u00ebn 12:00, ku shofer\u00ebt do t\u2019i parkojn\u00eb kamion\u00ebt n\u00eb t\u00eb gjitha pikat kufitare n\u00eb k\u00ebto vende dhe do t\u00eb bllokojn\u00eb plot\u00ebsisht trafikun e mallrave drejt Bashkimit Europian dhe tranzitin n\u00ebp\u00ebr rajon.<\/p>\n<p>Kamionist\u00ebt mblidhen p\u00ebr t\u00eb protestuar kund\u00ebr Sistemit t\u00eb ri t\u00eb Hyrjeve\/Daljeve t\u00eb Bashkimit Europian, nj\u00eb sistem digjital i projektuar p\u00ebr t\u00eb regjistruar hyrjen dhe daljen e shtetasve t\u00eb vendeve t\u00eb treta n\u00eb kufijt\u00eb e jasht\u00ebm t\u00eb Zon\u00ebs Shengen, duke p\u00ebrfshir\u00eb t\u00eb dh\u00ebnat p\u00ebrkat\u00ebse t\u00eb udh\u00ebtimit. Ky sistem, sipas shofer\u00ebve ballkanas q\u00eb transportojn\u00eb mallra, k\u00ebrc\u00ebnon aft\u00ebsin\u00eb e tyre p\u00ebr t\u00eb punuar, duke sjell\u00eb vonesa t\u00eb gjata dhe procedura m\u00eb t\u00eb nd\u00ebrlikuara n\u00eb pikat kufitare.<\/p>\n<p>Kjo protest\u00eb do t\u00eb prek\u00eb edhe qarkullimin e mallrave n\u00eb kufijt\u00eb mes shteteve ballkanike. Autoritetet n\u00eb Shkup kan\u00eb paralajm\u00ebruar se do t\u00eb ket\u00eb bllokim t\u00eb p\u00ebrkohsh\u00ebm t\u00eb l\u00ebvizjes s\u00eb mallrave n\u00eb hyrje dhe dalje t\u00eb pikave kufitare q\u00eb lidhin Shqip\u00ebrin\u00eb me Maqedonin\u00eb e Veriut, duke filluar nga ora 00:01 e dat\u00ebs 26.01.2026.<\/p>\n<p>Nga ky bllokim do t\u00eb p\u00ebrjashtohen mjetet e tonazhit t\u00eb r\u00ebnd\u00eb q\u00eb transportojn\u00eb medikamente mjek\u00ebsore ose bag\u00ebti, t\u00eb cilat do t\u00eb lejohen t\u00eb qarkullojn\u00eb normalisht.<\/p>\n<p>Po ashtu, l\u00ebvizja e automjeteve t\u00eb udh\u00ebtar\u00ebve nuk do t\u00eb preket dhe do t\u00eb vijoj\u00eb pa kufizime. Autoritetet u kan\u00eb b\u00ebr\u00eb thirrje subjekteve t\u00eb transportit dhe qytetar\u00ebve t\u00eb informohen n\u00eb koh\u00eb dhe t\u00eb marrin masat e nevojshme p\u00ebr t\u00eb shmangur vonesat dhe problematikat gjat\u00eb k\u00ebsaj periudhe.<\/p>\n<p><em>\u201cKthimet me forc\u00eb nga BE-ja, ndalimi dhe nd\u00ebshkimi i shofer\u00ebve po p\u00ebrs\u00ebriten vazhdimisht. Kur flasim p\u00ebr gjobat, ato variojn\u00eb nga nj\u00ebqind euro deri n\u00eb disa mij\u00ebra euro. Shofer\u00ebt k\u00ebrkojn\u00eb q\u00eb t\u00eb mos trajtohen si turist\u00eb, dhe ndonj\u00ebher\u00eb edhe si migrant\u00eb t\u00eb paligjsh\u00ebm\u201d<\/em>, thot\u00eb Amir Had\u017eidedi\u0107, nga Shoqata e Qarkullimit t\u00eb Mallrave.<\/p>\n<p>N\u00ebse shofer\u00ebve nuk u jepet mund\u00ebsia t\u00eb q\u00ebndrojn\u00eb m\u00eb gjat\u00eb se 90 dit\u00eb n\u00eb gjasht\u00eb muaj, shum\u00eb kompani do t\u00eb mbeten pa pun\u00ebtor\u00eb t\u00eb kualifikuar. Disa prej tyre tashm\u00eb e kan\u00eb l\u00ebn\u00eb rajonin dhe kan\u00eb emigruar n\u00eb Kroaci, Slloveni dhe vende t\u00eb tjera per\u00ebndimore.<\/p>\n<p>Ky sistem i ri q\u00eb funksionon p\u00ebr hyrjen n\u00eb zon\u00ebn Shengen u lejon shofer\u00ebve profesionist\u00eb t\u00eb kamion\u00ebve nga vendet jo-an\u00ebtare t\u00eb BE-s\u00eb nj\u00eb q\u00ebndrim maksimal prej 90 dit\u00ebsh n\u00eb \u00e7do periudh\u00eb 180-ditore, pavar\u00ebsisht udh\u00ebtimeve t\u00eb shpeshta nd\u00ebrkufitare t\u00eb k\u00ebrkuara nga puna e tyre.<\/p>\n<p><em>\u201cN\u00ebse i ndani 90 dit\u00ebt n\u00eb gjasht\u00eb muaj, shofer\u00ebve u mbeten maksimumi 15 dit\u00eb prani aktuale n\u00eb zon\u00ebn Shengen. Dita e hyrjes llogaritet si dita e par\u00eb, dita e daljes si e fundit, dhe k\u00ebto jan\u00eb transporte q\u00eb duhet t\u00eb jen\u00eb t\u00eb shpeshta<\/em>\u201c, thot\u00eb Ne\u0111o Mandi\u0107, P\u00ebrfaq\u00ebsues i Shoqat\u00ebs s\u00eb Transportit.<\/p>\n<p>Shofer\u00ebt profesionist\u00eb duhet t\u00eb trajtohen si pun\u00ebtor\u00eb nd\u00ebrkufitar\u00eb. Atyre duhet t\u2019u jepet nj\u00eb viz\u00eb komb\u00ebtare afatgjat\u00eb ose leje q\u00ebndrimi komb\u00ebtare. Po ashtu, t\u00eb formulohet nj\u00eb lloj vize pune speciale p\u00ebr kompanit\u00eb q\u00eb merren me transportin e mallrave.<\/p>\n<p>Shoqatat e shofer\u00ebve t\u00eb rajonit ton\u00eb thon\u00eb se jan\u00eb t\u00eb detyruar t\u00eb nd\u00ebrmarrin k\u00ebt\u00eb hap p\u00ebr bllokimin e kufijve, sepse industria e transportit po sh\u00ebnon humbje t\u00eb m\u00ebdha p\u00ebr shkak t\u00eb rregulloreve t\u00eb reja t\u00eb l\u00ebvizjes drejt BE-s\u00eb.<\/p>\n","protected":false},"excerpt":{"rendered":"<p>25 Janar 2026 P\u00ebr t\u00eb pakt\u00ebn shtat\u00eb dit\u00eb, duke nisur nga kjo e h\u00ebn\u00eb, 26 janar, shofer\u00ebt e kamion\u00ebve t\u00eb mallrave nga shtetet e Ballkanit Per\u00ebndimor do t\u00eb bllokojn\u00eb terminalet kufitare q\u00eb ndajn\u00eb rajonin me shtetet an\u00ebtare t\u00eb BE-s\u00eb. Protesta fillon n\u00eb or\u00ebn 12:00, ku shofer\u00ebt do t\u2019i parkojn\u00eb kamion\u00ebt n\u00eb t\u00eb gjitha pikat kufitare [&hellip;]<\/p>\n","protected":false},"author":9,"featured_media":96935,"comment_status":"open","ping_status":"open","sticky":false,"template":"","format":"standard","meta":{"jetpack_post_was_ever_published":false,"_jetpack_newsletter_access":"","_jetpack_dont_email_post_to_subs":false,"_jetpack_newsletter_tier_id":0,"_jetpack_memberships_contains_paywalled_content":false,"_jetpack_memberships_contains_paid_content":false,"footnotes":"","jetpack_publicize_message":"","jetpack_publicize_feature_enabled":true,"jetpack_social_post_already_shared":true,"jetpack_social_options":{"image_generator_settings":{"template":"highway","default_image_id":0,"font":"","enabled":false},"version":2}},"categories":[27,1,35],"tags":[],"class_list":["post-96934","post","type-post","status-publish","format-standard","has-post-thumbnail","hentry","category-blogu-i-udhetarit","category-njoftime-shtypi","category-shoqerore"],"jetpack_publicize_connections":[],"jetpack_featured_media_url":"https:\/\/i0.wp.com\/www.shqiperia.com\/blog\/wp-content\/uploads\/2026\/01\/kamione-1024x673-1.jpg?fit=1024%2C673&ssl=1","jetpack_sharing_enabled":true,"jetpack_shortlink":"https:\/\/wp.me\/p5Z6wp-pds","jetpack-related-posts":[{"id":33100,"url":"https:\/\/www.shqiperia.com\/blog\/tensionohet-situata-ne-kufi-emigrantet-bllokojne-kamionet-te-kalojne\/","url_meta":{"origin":96934,"position":0},"title":"Tensionohet situata n\u00eb kufi, emigrant\u00ebt bllokojn\u00eb kamion\u00ebt t\u00eb kalojn\u00eb","author":"Kurt Farka","date":"April 6, 2020","format":false,"excerpt":"Tensionohet situata n\u00eb kufi, emigrant\u00ebt bllokojn\u00eb kamion\u00ebt t\u00eb kalojn\u00eb 5 PRILL 2020 Prej disa dit\u00ebsh kryeministri Rama vendosi mas\u00ebn drastike p\u00ebr t\u00eb bllokuar totalisht kufirin duke mos lejuar ask\u00ebnd q\u00eb t\u00eb hyj\u00eb n\u00eb shtetin shqiptar. Dhjet\u00ebra persona kan\u00eb mbetur t\u00eb bllokuar n\u00eb Kakavij\u00eb dhe Kapshtic\u00eb pasi pala shqiptare nuk i\u2026","rel":"","context":"In &quot;Blogu i Udh\u00ebtarit&quot;","block_context":{"text":"Blogu i Udh\u00ebtarit","link":"https:\/\/www.shqiperia.com\/blog\/category\/blogu-i-udhetarit\/"},"img":{"alt_text":"","src":"https:\/\/i0.wp.com\/www.shqiperia.com\/blog\/wp-content\/uploads\/2020\/04\/640-0-5e8a171141184.png?fit=503%2C284&ssl=1&resize=350%2C200","width":350,"height":200},"classes":[]},{"id":48079,"url":"https:\/\/www.shqiperia.com\/blog\/rama-bashkimi-europian-ka-deshtuar-serish-te-mbaje-premtimin-keta-njerez-i-fryjne-ketij-absurditeti-ose-nuk\/","url_meta":{"origin":96934,"position":1},"title":"Rama: &#8211; Bashkimi Europian ka d\u00ebshtuar s\u00ebrish t\u00eb mbaj\u00eb premtimin! K\u00ebta nj\u00ebr\u00ebz i fryjn\u00eb k\u00ebtij absurditeti ose nuk\u2026","author":"Kurt Farka","date":"June 23, 2021","format":false,"excerpt":"Rama: - Bashkimi Europian ka d\u00ebshtuar s\u00ebrish t\u00eb mbaj\u00eb premtimin! K\u00ebta nj\u00ebr\u00ebz i fryjn\u00eb k\u00ebtij absurditeti ose nuk\u2026 23 qershor 2021 Nj\u00eb dit\u00eb pasi Bullgaria \u201cbllokoi\u201d negociatat p\u00ebr Shqip\u00ebrin\u00eb dhe Maqedonin\u00eb e Veriut p\u00ebr procesin e integrimit europian, kryeministri Edi Rama deklaroi se Bashkimi Europian ka\u00a0d\u00ebshtuar s\u00ebrish t\u00eb mbaj\u00eb premtimin\u2026","rel":"","context":"In &quot;Blogu i Udh\u00ebtarit&quot;","block_context":{"text":"Blogu i Udh\u00ebtarit","link":"https:\/\/www.shqiperia.com\/blog\/category\/blogu-i-udhetarit\/"},"img":{"alt_text":"","src":"https:\/\/i0.wp.com\/www.shqiperia.com\/blog\/wp-content\/uploads\/2021\/06\/Edi-Rama.png?fit=640%2C377&ssl=1&resize=350%2C200","width":350,"height":200,"srcset":"https:\/\/i0.wp.com\/www.shqiperia.com\/blog\/wp-content\/uploads\/2021\/06\/Edi-Rama.png?fit=640%2C377&ssl=1&resize=350%2C200 1x, https:\/\/i0.wp.com\/www.shqiperia.com\/blog\/wp-content\/uploads\/2021\/06\/Edi-Rama.png?fit=640%2C377&ssl=1&resize=525%2C300 1.5x"},"classes":[]},{"id":39414,"url":"https:\/\/www.shqiperia.com\/blog\/rikthehen-vizat-nga-1-janari-procedura-te-reja-per-shqiptaret-qe-duan-te-shkojne-europe\/","url_meta":{"origin":96934,"position":2},"title":"Rikthehen vizat. &#8211; Nga 1 janari procedura t\u00eb reja p\u00ebr shqiptar\u00ebt q\u00eb duan t\u00eb shkojn\u00eb Europ\u00eb","author":"Kurt Farka","date":"October 9, 2020","format":false,"excerpt":"Rikthehen vizat. - Nga 1 janari procedura t\u00eb reja p\u00ebr shqiptar\u00ebt q\u00eb duan t\u00eb shkojn\u00eb Europ\u00eb Duke nisur nga data 1 janar e vitit 2021 t\u00eb gjith\u00eb shqiptar\u00ebt q\u00eb duan t\u00eb udh\u00ebtojn\u00eb n\u00eb vendet shengen do t\u00eb p\u00ebrballen sistemin e vizave. Ky program i quajtur sistemi i autorizimi dhe informacionit\u2026","rel":"","context":"In &quot;Blogu i Udh\u00ebtarit&quot;","block_context":{"text":"Blogu i Udh\u00ebtarit","link":"https:\/\/www.shqiperia.com\/blog\/category\/blogu-i-udhetarit\/"},"img":{"alt_text":"","src":"https:\/\/i0.wp.com\/www.shqiperia.com\/blog\/wp-content\/uploads\/2020\/10\/viza-750x375-1.jpg?fit=750%2C375&ssl=1&resize=350%2C200","width":350,"height":200,"srcset":"https:\/\/i0.wp.com\/www.shqiperia.com\/blog\/wp-content\/uploads\/2020\/10\/viza-750x375-1.jpg?fit=750%2C375&ssl=1&resize=350%2C200 1x, https:\/\/i0.wp.com\/www.shqiperia.com\/blog\/wp-content\/uploads\/2020\/10\/viza-750x375-1.jpg?fit=750%2C375&ssl=1&resize=525%2C300 1.5x, https:\/\/i0.wp.com\/www.shqiperia.com\/blog\/wp-content\/uploads\/2020\/10\/viza-750x375-1.jpg?fit=750%2C375&ssl=1&resize=700%2C400 2x"},"classes":[]},{"id":87991,"url":"https:\/\/www.shqiperia.com\/blog\/von-der-leyen-perfshin-kosoven-si-pjese-te-serbise-reagon-komisioni-europian\/","url_meta":{"origin":96934,"position":3},"title":"Von der Leyen p\u00ebrfshin Kosov\u00ebn si pjes\u00eb t\u00eb Serbis\u00eb, reagon Komisioni Europian","author":"Kurt Farka","date":"January 4, 2025","format":false,"excerpt":"4 Janar 2025 Komisioni Evropian ka reaguar p\u00ebr nj\u00eb video t\u00eb publikuar nga shefja Ursula von der Leyen, e cila ka shkaktuar reagime t\u00eb shumta p\u00ebr shkak t\u00eb p\u00ebrfshirjes s\u00eb Kosov\u00ebs si pjes\u00eb t\u00eb Serbis\u00eb. Videoja, q\u00eb kishte p\u00ebr q\u00ebllim mir\u00ebseardhjen e Rumanis\u00eb dhe Bullgaris\u00eb n\u00eb zon\u00ebn Schengen, tregon nj\u00eb\u2026","rel":"","context":"In &quot;Blogu i Udh\u00ebtarit&quot;","block_context":{"text":"Blogu i Udh\u00ebtarit","link":"https:\/\/www.shqiperia.com\/blog\/category\/blogu-i-udhetarit\/"},"img":{"alt_text":"","src":"https:\/\/i0.wp.com\/www.shqiperia.com\/blog\/wp-content\/uploads\/2025\/01\/1200x675_cmsv2_546165b2-0e23-57f1-a23c-f9ecfa175617-8948584.webp?fit=1200%2C675&ssl=1&resize=350%2C200","width":350,"height":200,"srcset":"https:\/\/i0.wp.com\/www.shqiperia.com\/blog\/wp-content\/uploads\/2025\/01\/1200x675_cmsv2_546165b2-0e23-57f1-a23c-f9ecfa175617-8948584.webp?fit=1200%2C675&ssl=1&resize=350%2C200 1x, https:\/\/i0.wp.com\/www.shqiperia.com\/blog\/wp-content\/uploads\/2025\/01\/1200x675_cmsv2_546165b2-0e23-57f1-a23c-f9ecfa175617-8948584.webp?fit=1200%2C675&ssl=1&resize=525%2C300 1.5x, https:\/\/i0.wp.com\/www.shqiperia.com\/blog\/wp-content\/uploads\/2025\/01\/1200x675_cmsv2_546165b2-0e23-57f1-a23c-f9ecfa175617-8948584.webp?fit=1200%2C675&ssl=1&resize=700%2C400 2x, https:\/\/i0.wp.com\/www.shqiperia.com\/blog\/wp-content\/uploads\/2025\/01\/1200x675_cmsv2_546165b2-0e23-57f1-a23c-f9ecfa175617-8948584.webp?fit=1200%2C675&ssl=1&resize=1050%2C600 3x"},"classes":[]},{"id":91131,"url":"https:\/\/www.shqiperia.com\/blog\/banoret-e-tropojes-dhe-hasit-bllokojne-piken-kufitare-te-qafe-prushit-protestojne-per-ndertimin-e-rruges-do-bojkotojme-zgjedhjet\/","url_meta":{"origin":96934,"position":4},"title":"Banor\u00ebt e Tropoj\u00ebs dhe Hasit bllokojn\u00eb pik\u00ebn kufitare t\u00eb Qaf\u00eb Prushit, protestojn\u00eb p\u00ebr nd\u00ebrtimin e rrug\u00ebs: &#8211; Do bojkotojm\u00eb zgjedhjet","author":"Kurt Farka","date":"April 7, 2025","format":false,"excerpt":"- 7 Prill 2025 Banor\u00ebt e Tropoj\u00ebs dhe Hasit vijuan p\u00ebr t\u00eb dyt\u00ebn her\u00eb k\u00ebt\u00eb t\u00eb h\u00ebne protest\u00ebn p\u00ebr rrug\u00ebn e amortizuar rreth 20 km Kam-Qaf Prush duke bllokuar edhe hyrjen p\u00ebr n\u00eb pik\u00ebn e kalimit kufitar t\u00eb Qaf Prushit n\u00eb Has. P\u00ebrfaq\u00ebsues nga 20 fshatrat t\u00eb bashkive Has dhe\u2026","rel":"","context":"In &quot;Blogu i Udh\u00ebtarit&quot;","block_context":{"text":"Blogu i Udh\u00ebtarit","link":"https:\/\/www.shqiperia.com\/blog\/category\/blogu-i-udhetarit\/"},"img":{"alt_text":"","src":"https:\/\/i0.wp.com\/www.shqiperia.com\/blog\/wp-content\/uploads\/2025\/04\/488462269_1622232758465940_5555690113961535989_n.jpg?fit=1200%2C688&ssl=1&resize=350%2C200","width":350,"height":200,"srcset":"https:\/\/i0.wp.com\/www.shqiperia.com\/blog\/wp-content\/uploads\/2025\/04\/488462269_1622232758465940_5555690113961535989_n.jpg?fit=1200%2C688&ssl=1&resize=350%2C200 1x, https:\/\/i0.wp.com\/www.shqiperia.com\/blog\/wp-content\/uploads\/2025\/04\/488462269_1622232758465940_5555690113961535989_n.jpg?fit=1200%2C688&ssl=1&resize=525%2C300 1.5x, https:\/\/i0.wp.com\/www.shqiperia.com\/blog\/wp-content\/uploads\/2025\/04\/488462269_1622232758465940_5555690113961535989_n.jpg?fit=1200%2C688&ssl=1&resize=700%2C400 2x, https:\/\/i0.wp.com\/www.shqiperia.com\/blog\/wp-content\/uploads\/2025\/04\/488462269_1622232758465940_5555690113961535989_n.jpg?fit=1200%2C688&ssl=1&resize=1050%2C600 3x"},"classes":[]},{"id":64767,"url":"https:\/\/www.shqiperia.com\/blog\/samiti-dhe-bllokimi-i-protestes-se-opozites-be-te-garantohet-siguria-duke-respektuar-lirite-e-ligjshme-te-qytetareve\/","url_meta":{"origin":96934,"position":5},"title":"Samiti dhe bllokimi i protest\u00ebs s\u00eb opozit\u00ebs, BE: &#8211; T\u00eb garantohet siguria duke respektuar lirit\u00eb e ligjshme t\u00eb qytetar\u00ebve","author":"Kurt Farka","date":"November 26, 2022","format":false,"excerpt":"26 Nentor 2022 Bashkimi Europian e konsideron protest\u00ebn e thirrur nga opozita n\u00eb 6 dhjetor si nj\u00eb ushtrim i lirive t\u00eb ligjshme t\u00eb qytetar\u00ebve, q\u00eb duhet t\u00eb respektohet nga autoritetet pavar\u00ebsisht se n\u00eb t\u00eb nj\u00ebjt\u00ebn dit\u00eb zhvillohet n\u00eb Tiran\u00eb samiti BE-Ballkani Per\u00ebndimor. N\u00eb p\u00ebrgjigje t\u00eb interesit t\u00eb A2 CNN, q\u00eb\u2026","rel":"","context":"In &quot;Blogu i Udh\u00ebtarit&quot;","block_context":{"text":"Blogu i Udh\u00ebtarit","link":"https:\/\/www.shqiperia.com\/blog\/category\/blogu-i-udhetarit\/"},"img":{"alt_text":"","src":"https:\/\/i0.wp.com\/www.shqiperia.com\/blog\/wp-content\/uploads\/2022\/11\/protesta-e-opozites-para-kryeministrise-3-770x433-1.jpeg?fit=770%2C433&ssl=1&resize=350%2C200","width":350,"height":200,"srcset":"https:\/\/i0.wp.com\/www.shqiperia.com\/blog\/wp-content\/uploads\/2022\/11\/protesta-e-opozites-para-kryeministrise-3-770x433-1.jpeg?fit=770%2C433&ssl=1&resize=350%2C200 1x, https:\/\/i0.wp.com\/www.shqiperia.com\/blog\/wp-content\/uploads\/2022\/11\/protesta-e-opozites-para-kryeministrise-3-770x433-1.jpeg?fit=770%2C433&ssl=1&resize=525%2C300 1.5x, https:\/\/i0.wp.com\/www.shqiperia.com\/blog\/wp-content\/uploads\/2022\/11\/protesta-e-opozites-para-kryeministrise-3-770x433-1.jpeg?fit=770%2C433&ssl=1&resize=700%2C400 2x"},"classes":[]}],"_links":{"self":[{"href":"https:\/\/www.shqiperia.com\/blog\/wp-json\/wp\/v2\/posts\/96934","targetHints":{"allow":["GET"]}}],"collection":[{"href":"https:\/\/www.shqiperia.com\/blog\/wp-json\/wp\/v2\/posts"}],"about":[{"href":"https:\/\/www.shqiperia.com\/blog\/wp-json\/wp\/v2\/types\/post"}],"author":[{"embeddable":true,"href":"https:\/\/www.shqiperia.com\/blog\/wp-json\/wp\/v2\/users\/9"}],"replies":[{"embeddable":true,"href":"https:\/\/www.shqiperia.com\/blog\/wp-json\/wp\/v2\/comments?post=96934"}],"version-history":[{"count":1,"href":"https:\/\/www.shqiperia.com\/blog\/wp-json\/wp\/v2\/posts\/96934\/revisions"}],"predecessor-version":[{"id":96936,"href":"https:\/\/www.shqiperia.com\/blog\/wp-json\/wp\/v2\/posts\/96934\/revisions\/96936"}],"wp:featuredmedia":[{"embeddable":true,"href":"https:\/\/www.shqiperia.com\/blog\/wp-json\/wp\/v2\/media\/96935"}],"wp:attachment":[{"href":"https:\/\/www.shqiperia.com\/blog\/wp-json\/wp\/v2\/media?parent=96934"}],"wp:term":[{"taxonomy":"category","embeddable":true,"href":"https:\/\/www.shqiperia.com\/blog\/wp-json\/wp\/v2\/categories?post=96934"},{"taxonomy":"post_tag","embeddable":true,"href":"https:\/\/www.shqiperia.com\/blog\/wp-json\/wp\/v2\/tags?post=96934"}],"curies":[{"name":"wp","href":"https:\/\/api.w.org\/{rel}","templated":true}]}}