{"id":96917,"date":"2026-01-25T14:45:36","date_gmt":"2026-01-25T14:45:36","guid":{"rendered":"https:\/\/www.shqiperia.com\/blog\/?p=96917"},"modified":"2026-01-25T14:49:17","modified_gmt":"2026-01-25T14:49:17","slug":"rama-i-vetmi-kryeminister-ne-europe-qe-e-quan-korrupsion-normalitet-dhe-veten-te-pahetueshem","status":"publish","type":"post","link":"https:\/\/www.shqiperia.com\/blog\/rama-i-vetmi-kryeminister-ne-europe-qe-e-quan-korrupsion-normalitet-dhe-veten-te-pahetueshem\/","title":{"rendered":"Rama i vetmi kryeminist\u00ebr n\u00eb Europ\u00eb q\u00eb e quan korrupsion normalitet dhe veten t\u00eb pahetuesh\u00ebm"},"content":{"rendered":"<p><img data-recalc-dims=\"1\" loading=\"lazy\" decoding=\"async\" data-attachment-id=\"96918\" data-permalink=\"https:\/\/www.shqiperia.com\/blog\/rama-i-vetmi-kryeminister-ne-europe-qe-e-quan-korrupsion-normalitet-dhe-veten-te-pahetueshem\/auto_edi_raja1769338699\/\" data-orig-file=\"https:\/\/i0.wp.com\/www.shqiperia.com\/blog\/wp-content\/uploads\/2026\/01\/auto_edi_raja1769338699.jpg?fit=900%2C669&amp;ssl=1\" data-orig-size=\"900,669\" data-comments-opened=\"1\" data-image-meta=\"{&quot;aperture&quot;:&quot;0&quot;,&quot;credit&quot;:&quot;&quot;,&quot;camera&quot;:&quot;&quot;,&quot;caption&quot;:&quot;&quot;,&quot;created_timestamp&quot;:&quot;0&quot;,&quot;copyright&quot;:&quot;&quot;,&quot;focal_length&quot;:&quot;0&quot;,&quot;iso&quot;:&quot;0&quot;,&quot;shutter_speed&quot;:&quot;0&quot;,&quot;title&quot;:&quot;&quot;,&quot;orientation&quot;:&quot;0&quot;}\" data-image-title=\"auto_edi_raja1769338699\" data-image-description=\"\" data-image-caption=\"\" data-medium-file=\"https:\/\/i0.wp.com\/www.shqiperia.com\/blog\/wp-content\/uploads\/2026\/01\/auto_edi_raja1769338699.jpg?fit=300%2C223&amp;ssl=1\" data-large-file=\"https:\/\/i0.wp.com\/www.shqiperia.com\/blog\/wp-content\/uploads\/2026\/01\/auto_edi_raja1769338699.jpg?fit=900%2C669&amp;ssl=1\" class=\"alignnone wp-image-96918\" alt=\"\" src=\"https:\/\/i0.wp.com\/www.shqiperia.com\/blog\/wp-content\/uploads\/2026\/01\/auto_edi_raja1769338699.jpg?resize=732%2C544&#038;ssl=1\" width=\"732\" height=\"544\" srcset=\"https:\/\/i0.wp.com\/www.shqiperia.com\/blog\/wp-content\/uploads\/2026\/01\/auto_edi_raja1769338699.jpg?resize=300%2C223&amp;ssl=1 300w, https:\/\/i0.wp.com\/www.shqiperia.com\/blog\/wp-content\/uploads\/2026\/01\/auto_edi_raja1769338699.jpg?resize=768%2C571&amp;ssl=1 768w, https:\/\/i0.wp.com\/www.shqiperia.com\/blog\/wp-content\/uploads\/2026\/01\/auto_edi_raja1769338699.jpg?resize=450%2C335&amp;ssl=1 450w, https:\/\/i0.wp.com\/www.shqiperia.com\/blog\/wp-content\/uploads\/2026\/01\/auto_edi_raja1769338699.jpg?resize=600%2C446&amp;ssl=1 600w, https:\/\/i0.wp.com\/www.shqiperia.com\/blog\/wp-content\/uploads\/2026\/01\/auto_edi_raja1769338699.jpg?resize=400%2C297&amp;ssl=1 400w, https:\/\/i0.wp.com\/www.shqiperia.com\/blog\/wp-content\/uploads\/2026\/01\/auto_edi_raja1769338699.jpg?w=900&amp;ssl=1 900w\" sizes=\"auto, (max-width: 732px) 100vw, 732px\" \/><\/p>\n<p><em>25 Janar 2026<\/em><\/p>\n<p><em>Ka vet\u00ebm nj\u00eb Kryeminist\u00ebr n\u00eb Europ\u00eb q\u00eb e quan korrupsionin si normalitet dhe e shpall veten t\u00eb pahetuesh\u00ebm. Ai \u00ebsht\u00eb Edi Rama.<\/em><\/p>\n<p><em>Vet\u00ebm nj\u00eb kryeminist\u00ebr n\u00eb Europ\u00eb mburret sot se shijon ver\u00eb 33 mij\u00eb euro shishja.<\/em><\/p>\n<p><em>Vet\u00ebm n\u00eb Shqip\u00ebri, askund tjet\u00ebr n\u00eb Europ\u00eb, \u00ebsht\u00eb nj\u00eb kryeminist\u00ebr q\u00eb ka em\u00ebruar koordinator p\u00ebr bandat. Kudo lufta ndaj krimit \u00ebsht\u00eb prioritet, nd\u00ebrkoh\u00eb Edi Rama dekreton dik\u00eb p\u00ebr menaxhimin e interesave t\u00eb tyre.<\/em><\/p>\n<p><em>Teksa bllokon drejt\u00ebsin\u00eb dhe mbron aferat e tij, ai n\u00eb fillim dhunon, helmon e arreston, e t\u00eb nes\u00ebrmen fyen \u00e7do qytetar q\u00eb proteston kund\u00ebr krimit dhe korrupsionit, kund\u00ebr hajdut\u00ebris\u00eb s\u00eb tij t\u00eb pashembullt askund n\u00eb Europ\u00eb.<\/em><\/p>\n<p><em>Edi Rama ka ngritur nj\u00eb sistem patronazhimi, rekrutimi dhe blerje kudo dhe mendon se k\u00ebshtu b\u00ebjn\u00eb t\u00eb gjith\u00eb.<\/em><\/p>\n<p><em>Ai shpreson se duke e mohuar dhe injoruar, do ta zbeh\u00eb revolt\u00ebn q\u00eb ekziston tek shumica absolute e qytetar\u00ebve.<\/em><\/p>\n<p><em>Por, nj\u00eb gj\u00eb \u00ebsht\u00eb e sigurt\u00eb.<\/em><\/p>\n<p><em>Ai ende nuk e ka par\u00eb shp\u00ebrthimin e pak\u00ebnaq\u00ebsis\u00eb, t\u00eb mllefit popullor q\u00eb vet\u00eb ka mbjell\u00eb. Ajo dit\u00eb nuk \u00ebsht\u00eb larg.<\/em><\/p>\n<p><em>Dhe si \u00e7do autokrat i korruptuar, do t\u00eb marr\u00eb at\u00eb q\u00eb meriton.<\/em><\/p>\n<p><strong>Ky eshte reagim i deputetit t\u00eb Belind K\u00eblli\u00e7i<\/strong><\/p>\n","protected":false},"excerpt":{"rendered":"<p>25 Janar 2026 Ka vet\u00ebm nj\u00eb Kryeminist\u00ebr n\u00eb Europ\u00eb q\u00eb e quan korrupsionin si normalitet dhe e shpall veten t\u00eb pahetuesh\u00ebm. Ai \u00ebsht\u00eb Edi Rama. Vet\u00ebm nj\u00eb kryeminist\u00ebr n\u00eb Europ\u00eb mburret sot se shijon ver\u00eb 33 mij\u00eb euro shishja. Vet\u00ebm n\u00eb Shqip\u00ebri, askund tjet\u00ebr n\u00eb Europ\u00eb, \u00ebsht\u00eb nj\u00eb kryeminist\u00ebr q\u00eb ka em\u00ebruar koordinator p\u00ebr bandat. [&hellip;]<\/p>\n","protected":false},"author":9,"featured_media":96918,"comment_status":"open","ping_status":"open","sticky":false,"template":"","format":"standard","meta":{"jetpack_post_was_ever_published":false,"_jetpack_newsletter_access":"","_jetpack_dont_email_post_to_subs":false,"_jetpack_newsletter_tier_id":0,"_jetpack_memberships_contains_paywalled_content":false,"_jetpack_memberships_contains_paid_content":false,"footnotes":"","jetpack_publicize_message":"","jetpack_publicize_feature_enabled":true,"jetpack_social_post_already_shared":true,"jetpack_social_options":{"image_generator_settings":{"template":"highway","default_image_id":0,"font":"","enabled":false},"version":2}},"categories":[27,1,2,35],"tags":[],"class_list":["post-96917","post","type-post","status-publish","format-standard","has-post-thumbnail","hentry","category-blogu-i-udhetarit","category-njoftime-shtypi","category-politika","category-shoqerore"],"jetpack_publicize_connections":[],"jetpack_featured_media_url":"https:\/\/i0.wp.com\/www.shqiperia.com\/blog\/wp-content\/uploads\/2026\/01\/auto_edi_raja1769338699.jpg?fit=900%2C669&ssl=1","jetpack_sharing_enabled":true,"jetpack_shortlink":"https:\/\/wp.me\/p5Z6wp-pdb","jetpack-related-posts":[{"id":67444,"url":"https:\/\/www.shqiperia.com\/blog\/edi-rama-kryeminister-jo-legjitim-dhe-i-vetlarguar\/","url_meta":{"origin":96917,"position":0},"title":"Edi Rama kryeminist\u00ebr jo legjitim dhe i vetlarguar!","author":"Kurt Farka","date":"February 5, 2023","format":false,"excerpt":"5 Shkurt 2023 Skaneri i veprimtarise antishteterore dhe mafioze te Edi Rames!! Edi Rama p\u00ebrfundimisht nuk \u00ebsht\u00eb m\u00eb Kryeminist\u00ebr i Shqip\u00ebris\u00eb, pasi ai ka nd\u00ebrprer\u00eb me ndergjegje dhe ne menyre te qellimshme \u00e7do komunikim m\u00eb Parlamentin e Shqip\u00ebris\u00eb dhe ka refuzuar t\u00eb p\u00ebrgjigjet, dhe t\u00eb jap\u00eb llogari ne Parlament duke\u2026","rel":"","context":"In &quot;Kultura&quot;","block_context":{"text":"Kultura","link":"https:\/\/www.shqiperia.com\/blog\/category\/kultura\/"},"img":{"alt_text":"","src":"https:\/\/i0.wp.com\/www.shqiperia.com\/blog\/wp-content\/uploads\/2023\/02\/800-0-63dcb1ab16de0-1-1.jpg?fit=743%2C409&ssl=1&resize=350%2C200","width":350,"height":200,"srcset":"https:\/\/i0.wp.com\/www.shqiperia.com\/blog\/wp-content\/uploads\/2023\/02\/800-0-63dcb1ab16de0-1-1.jpg?fit=743%2C409&ssl=1&resize=350%2C200 1x, https:\/\/i0.wp.com\/www.shqiperia.com\/blog\/wp-content\/uploads\/2023\/02\/800-0-63dcb1ab16de0-1-1.jpg?fit=743%2C409&ssl=1&resize=525%2C300 1.5x, https:\/\/i0.wp.com\/www.shqiperia.com\/blog\/wp-content\/uploads\/2023\/02\/800-0-63dcb1ab16de0-1-1.jpg?fit=743%2C409&ssl=1&resize=700%2C400 2x"},"classes":[]},{"id":15056,"url":"https:\/\/www.shqiperia.com\/blog\/analiza-e-spartak-ngjeles-pse-perplasja-e-rames-nuk-eshte-vetem-me-studentet-por-edhe-me\/","url_meta":{"origin":96917,"position":1},"title":"Analiza e Spartak Ngjel\u00ebs: Pse p\u00ebrplasja e Ram\u00ebs nuk \u00ebsht\u00eb vet\u00ebm me student\u00ebt, por edhe me\u2026 &#8211;","author":"Kurt Farka","date":"December 20, 2018","format":false,"excerpt":"Analiza e Spartak Ngjel\u00ebs: Pse p\u00ebrplasja e Ram\u00ebs nuk \u00ebsht\u00eb vet\u00ebm me student\u00ebt, por edhe me\u2026 - 20 Dhjetor 2018. \u00a0 Nga Spartak Ngjela \u00a0 Nj\u00eb shoku im, Budion Pojani, tani inxhinjer n\u00eb Amerik\u00eb, n\u00eb fillim t\u00eb viteve shtat\u00ebdhjet\u00eb t\u00eb shekullit q\u00eb kaloi na tha se: \u201cEnver Hoxha ka hyr\u00eb\u2026","rel":"","context":"In &quot;Blogu i Udh\u00ebtarit&quot;","block_context":{"text":"Blogu i Udh\u00ebtarit","link":"https:\/\/www.shqiperia.com\/blog\/category\/blogu-i-udhetarit\/"},"img":{"alt_text":"","src":"https:\/\/i0.wp.com\/www.shqiperia.com\/blog\/wp-content\/uploads\/2018\/12\/spartak-ngjela-Copy.jpg?fit=789%2C505&ssl=1&resize=350%2C200","width":350,"height":200,"srcset":"https:\/\/i0.wp.com\/www.shqiperia.com\/blog\/wp-content\/uploads\/2018\/12\/spartak-ngjela-Copy.jpg?fit=789%2C505&ssl=1&resize=350%2C200 1x, https:\/\/i0.wp.com\/www.shqiperia.com\/blog\/wp-content\/uploads\/2018\/12\/spartak-ngjela-Copy.jpg?fit=789%2C505&ssl=1&resize=525%2C300 1.5x, https:\/\/i0.wp.com\/www.shqiperia.com\/blog\/wp-content\/uploads\/2018\/12\/spartak-ngjela-Copy.jpg?fit=789%2C505&ssl=1&resize=700%2C400 2x"},"classes":[]},{"id":21542,"url":"https:\/\/www.shqiperia.com\/blog\/lulzim-basha-i-pergjigjet-letres-se-rames-koha-qe-te-largohesh-menjehere-nga-kryeminister-se-je-shkaterrues-i-zgjedhjeve-te-lira-dhe-dhunues-i-vullnetit-te-popullit\/","url_meta":{"origin":96917,"position":2},"title":"Lulzim Basha i p\u00ebrgjigjet letr\u00ebs s\u00eb Ram\u00ebs: Koha q\u00eb t\u00eb largohesh menj\u00ebher\u00eb nga Kryeminist\u00ebr, se je shkat\u00ebrrues i zgjedhjeve t\u00eb lira dhe dhunues i vullnetit t\u00eb popullit.","author":"Kurt Farka","date":"May 23, 2019","format":false,"excerpt":"Lulzim Basha i p\u00ebrgjigjet letr\u00ebs s\u00eb Ram\u00ebs: Koha q\u00eb t\u00eb largohesh menj\u00ebher\u00eb nga Kryeminist\u00ebr, se je shkat\u00ebrrues i zgjedhjeve t\u00eb lira dhe dhunues i vullnetit t\u00eb popullit. 23 Maj, 2019 Kryetari i PD-s\u00eb Lulzim Basha i \u00ebsht\u00eb\u00a0\u00a0p\u00ebrgjigjur letr\u00ebs publike t\u00eb kryeministrit Rama. Kryeopozitari shprehet se Rama duhet t\u00eb jepte dor\u00ebheqjen\u2026","rel":"","context":"In &quot;Blogu i Udh\u00ebtarit&quot;","block_context":{"text":"Blogu i Udh\u00ebtarit","link":"https:\/\/www.shqiperia.com\/blog\/category\/blogu-i-udhetarit\/"},"img":{"alt_text":"","src":"https:\/\/i0.wp.com\/www.shqiperia.com\/blog\/wp-content\/uploads\/2019\/05\/protesta-madheshtore-1.jpg?fit=896%2C494&ssl=1&resize=350%2C200","width":350,"height":200,"srcset":"https:\/\/i0.wp.com\/www.shqiperia.com\/blog\/wp-content\/uploads\/2019\/05\/protesta-madheshtore-1.jpg?fit=896%2C494&ssl=1&resize=350%2C200 1x, https:\/\/i0.wp.com\/www.shqiperia.com\/blog\/wp-content\/uploads\/2019\/05\/protesta-madheshtore-1.jpg?fit=896%2C494&ssl=1&resize=525%2C300 1.5x, https:\/\/i0.wp.com\/www.shqiperia.com\/blog\/wp-content\/uploads\/2019\/05\/protesta-madheshtore-1.jpg?fit=896%2C494&ssl=1&resize=700%2C400 2x"},"classes":[]},{"id":67307,"url":"https:\/\/www.shqiperia.com\/blog\/rudina-hajdari-rama-do-te-hetohet-nga-fbi-spak-te-bashkepunoje-me-amerikanet\/","url_meta":{"origin":96917,"position":3},"title":"Rudina Hajdari: &#8211; Rama do t\u00eb hetohet nga FBI. &#8211; SPAK t\u00eb bashk\u00ebpunoj\u00eb me amerikan\u00ebt","author":"Kurt Farka","date":"February 4, 2023","format":false,"excerpt":"4 Shkurt 2023 Ish-deputetja e Partis\u00eb Demokratike, Rudina Hajdari tha mbr\u00ebmjen e sotme kryeministri Edi Rama do t\u00eb hetohet nga FBI. An\u00ebtarja e K\u00ebshillit Komb\u00ebtar t\u00eb PD u shpreh gjat\u00eb nj\u00eb interviste n\u00eb media se edhe SPAK duhet t\u00eb bashk\u00ebpunoj\u00eb me prokuror\u00ebt amerikan\u00eb. Sipas saj Rama ka shp\u00ebrdorur ligjin duke\u2026","rel":"","context":"In &quot;Blogu i Udh\u00ebtarit&quot;","block_context":{"text":"Blogu i Udh\u00ebtarit","link":"https:\/\/www.shqiperia.com\/blog\/category\/blogu-i-udhetarit\/"},"img":{"alt_text":"","src":"https:\/\/i0.wp.com\/www.shqiperia.com\/blog\/wp-content\/uploads\/2023\/02\/Rudina-Hajdari.png?fit=800%2C426&ssl=1&resize=350%2C200","width":350,"height":200,"srcset":"https:\/\/i0.wp.com\/www.shqiperia.com\/blog\/wp-content\/uploads\/2023\/02\/Rudina-Hajdari.png?fit=800%2C426&ssl=1&resize=350%2C200 1x, https:\/\/i0.wp.com\/www.shqiperia.com\/blog\/wp-content\/uploads\/2023\/02\/Rudina-Hajdari.png?fit=800%2C426&ssl=1&resize=525%2C300 1.5x, https:\/\/i0.wp.com\/www.shqiperia.com\/blog\/wp-content\/uploads\/2023\/02\/Rudina-Hajdari.png?fit=800%2C426&ssl=1&resize=700%2C400 2x"},"classes":[]},{"id":36200,"url":"https:\/\/www.shqiperia.com\/blog\/ylli-rakipi-nxjerr-prapaskenat-deklarata-e-bashes-eshte-shume-serioze\/","url_meta":{"origin":96917,"position":4},"title":"Ylli Rakipi nxjerr prapaskenat: &#8211; Deklarata e Bash\u00ebs \u00ebsht\u00eb shum\u00eb serioze","author":"Kurt Farka","date":"July 11, 2020","format":false,"excerpt":"Ylli Rakipi nxjerr prapaskenat: - Deklarata e Bash\u00ebs \u00ebsht\u00eb shum\u00eb serioze 10 Korrik 2020 Gazetari Ylli Rakipi, ka komentuar deklaratat e Lulzim Bash\u00ebs, lidhur me nj\u00eb ofert\u00eb p\u00ebr pazar, q\u00eb i ka b\u00ebr\u00eb kryeministri Rama, q\u00eb pas zgjedhjeve Basha t\u00eb b\u00ebhet kryeminist\u00ebr, nd\u00ebrsa Rama t\u00eb b\u00ebhet President. Rakipi tha se\u2026","rel":"","context":"In &quot;Blogu i Udh\u00ebtarit&quot;","block_context":{"text":"Blogu i Udh\u00ebtarit","link":"https:\/\/www.shqiperia.com\/blog\/category\/blogu-i-udhetarit\/"},"img":{"alt_text":"","src":"https:\/\/i0.wp.com\/www.shqiperia.com\/blog\/wp-content\/uploads\/2020\/07\/800-0-5f08c9a58a7b0.jpg?fit=800%2C400&ssl=1&resize=350%2C200","width":350,"height":200,"srcset":"https:\/\/i0.wp.com\/www.shqiperia.com\/blog\/wp-content\/uploads\/2020\/07\/800-0-5f08c9a58a7b0.jpg?fit=800%2C400&ssl=1&resize=350%2C200 1x, https:\/\/i0.wp.com\/www.shqiperia.com\/blog\/wp-content\/uploads\/2020\/07\/800-0-5f08c9a58a7b0.jpg?fit=800%2C400&ssl=1&resize=525%2C300 1.5x, https:\/\/i0.wp.com\/www.shqiperia.com\/blog\/wp-content\/uploads\/2020\/07\/800-0-5f08c9a58a7b0.jpg?fit=800%2C400&ssl=1&resize=700%2C400 2x"},"classes":[]},{"id":52646,"url":"https:\/\/www.shqiperia.com\/blog\/nga-sot-rama-nuk-eshte-kryeminister-spartak-ngjela-i-ka-rene-shteti-dhe-duhet-te-jape-doreheqjen-ska-siguruar-jeten-ekonomike-te-qytetareve-te-tij\/","url_meta":{"origin":96917,"position":5},"title":"\u201cNga sot Rama nuk \u00ebsht\u00eb kryeminist\u00ebr\u201d. Spartak Ngjela: &#8211; I ka r\u00ebn\u00eb shteti dhe duhet t\u00eb jap\u00eb dor\u00ebheqjen! S\u2019ka siguruar jet\u00ebn ekonomike t\u00eb qytetar\u00ebve t\u00eb tij","author":"Kurt Farka","date":"December 23, 2021","format":false,"excerpt":"\u201cNga sot Rama nuk \u00ebsht\u00eb kryeminist\u00ebr\u201d. Spartak Ngjela: - I ka r\u00ebn\u00eb shteti dhe duhet t\u00eb jap\u00eb dor\u00ebheqjen! S\u2019ka siguruar jet\u00ebn ekonomike t\u00eb qytetar\u00ebve t\u00eb tij 23 dhjetor \u00a02021 Reagimi i Spartak Ngjel\u00ebs Sapo d\u00ebgjova konferenc\u00ebn e shtypit t\u00eb kryeministrit t\u00eb Shqip\u00ebris\u00eb. Flet sikur t\u00eb jet\u00eb nj\u00eb njeri i thjesht\u00eb\u2026","rel":"","context":"In &quot;Politika&quot;","block_context":{"text":"Politika","link":"https:\/\/www.shqiperia.com\/blog\/category\/politika\/"},"img":{"alt_text":"","src":"https:\/\/i0.wp.com\/www.shqiperia.com\/blog\/wp-content\/uploads\/2021\/12\/Edi-Rama-1.jpg?fit=770%2C433&ssl=1&resize=350%2C200","width":350,"height":200,"srcset":"https:\/\/i0.wp.com\/www.shqiperia.com\/blog\/wp-content\/uploads\/2021\/12\/Edi-Rama-1.jpg?fit=770%2C433&ssl=1&resize=350%2C200 1x, https:\/\/i0.wp.com\/www.shqiperia.com\/blog\/wp-content\/uploads\/2021\/12\/Edi-Rama-1.jpg?fit=770%2C433&ssl=1&resize=525%2C300 1.5x, https:\/\/i0.wp.com\/www.shqiperia.com\/blog\/wp-content\/uploads\/2021\/12\/Edi-Rama-1.jpg?fit=770%2C433&ssl=1&resize=700%2C400 2x"},"classes":[]}],"_links":{"self":[{"href":"https:\/\/www.shqiperia.com\/blog\/wp-json\/wp\/v2\/posts\/96917","targetHints":{"allow":["GET"]}}],"collection":[{"href":"https:\/\/www.shqiperia.com\/blog\/wp-json\/wp\/v2\/posts"}],"about":[{"href":"https:\/\/www.shqiperia.com\/blog\/wp-json\/wp\/v2\/types\/post"}],"author":[{"embeddable":true,"href":"https:\/\/www.shqiperia.com\/blog\/wp-json\/wp\/v2\/users\/9"}],"replies":[{"embeddable":true,"href":"https:\/\/www.shqiperia.com\/blog\/wp-json\/wp\/v2\/comments?post=96917"}],"version-history":[{"count":2,"href":"https:\/\/www.shqiperia.com\/blog\/wp-json\/wp\/v2\/posts\/96917\/revisions"}],"predecessor-version":[{"id":96920,"href":"https:\/\/www.shqiperia.com\/blog\/wp-json\/wp\/v2\/posts\/96917\/revisions\/96920"}],"wp:featuredmedia":[{"embeddable":true,"href":"https:\/\/www.shqiperia.com\/blog\/wp-json\/wp\/v2\/media\/96918"}],"wp:attachment":[{"href":"https:\/\/www.shqiperia.com\/blog\/wp-json\/wp\/v2\/media?parent=96917"}],"wp:term":[{"taxonomy":"category","embeddable":true,"href":"https:\/\/www.shqiperia.com\/blog\/wp-json\/wp\/v2\/categories?post=96917"},{"taxonomy":"post_tag","embeddable":true,"href":"https:\/\/www.shqiperia.com\/blog\/wp-json\/wp\/v2\/tags?post=96917"}],"curies":[{"name":"wp","href":"https:\/\/api.w.org\/{rel}","templated":true}]}}