{"id":96914,"date":"2026-01-25T14:41:29","date_gmt":"2026-01-25T14:41:29","guid":{"rendered":"https:\/\/www.shqiperia.com\/blog\/?p=96914"},"modified":"2026-01-25T14:55:19","modified_gmt":"2026-01-25T14:55:19","slug":"kush-ishin-mongolet","status":"publish","type":"post","link":"https:\/\/www.shqiperia.com\/blog\/kush-ishin-mongolet\/","title":{"rendered":"Kush ishin mongol\u00ebt?"},"content":{"rendered":"<p><img data-recalc-dims=\"1\" loading=\"lazy\" decoding=\"async\" data-attachment-id=\"96915\" data-permalink=\"https:\/\/www.shqiperia.com\/blog\/kush-ishin-mongolet\/auto_499aca6c-f1f2-4020-a2b5-5b01774831831769157272\/\" data-orig-file=\"https:\/\/i0.wp.com\/www.shqiperia.com\/blog\/wp-content\/uploads\/2026\/01\/auto_499aca6c-f1f2-4020-a2b5-5b01774831831769157272.jpg?fit=900%2C569&amp;ssl=1\" data-orig-size=\"900,569\" data-comments-opened=\"1\" data-image-meta=\"{&quot;aperture&quot;:&quot;0&quot;,&quot;credit&quot;:&quot;&quot;,&quot;camera&quot;:&quot;&quot;,&quot;caption&quot;:&quot;&quot;,&quot;created_timestamp&quot;:&quot;0&quot;,&quot;copyright&quot;:&quot;&quot;,&quot;focal_length&quot;:&quot;0&quot;,&quot;iso&quot;:&quot;0&quot;,&quot;shutter_speed&quot;:&quot;0&quot;,&quot;title&quot;:&quot;&quot;,&quot;orientation&quot;:&quot;0&quot;}\" data-image-title=\"auto_499aca6c-f1f2-4020-a2b5-5b01774831831769157272\" data-image-description=\"\" data-image-caption=\"\" data-medium-file=\"https:\/\/i0.wp.com\/www.shqiperia.com\/blog\/wp-content\/uploads\/2026\/01\/auto_499aca6c-f1f2-4020-a2b5-5b01774831831769157272.jpg?fit=300%2C190&amp;ssl=1\" data-large-file=\"https:\/\/i0.wp.com\/www.shqiperia.com\/blog\/wp-content\/uploads\/2026\/01\/auto_499aca6c-f1f2-4020-a2b5-5b01774831831769157272.jpg?fit=900%2C569&amp;ssl=1\" class=\"alignnone wp-image-96915\" alt=\"\" src=\"https:\/\/i0.wp.com\/www.shqiperia.com\/blog\/wp-content\/uploads\/2026\/01\/auto_499aca6c-f1f2-4020-a2b5-5b01774831831769157272.jpg?resize=635%2C402&#038;ssl=1\" width=\"635\" height=\"402\" srcset=\"https:\/\/i0.wp.com\/www.shqiperia.com\/blog\/wp-content\/uploads\/2026\/01\/auto_499aca6c-f1f2-4020-a2b5-5b01774831831769157272.jpg?resize=300%2C190&amp;ssl=1 300w, https:\/\/i0.wp.com\/www.shqiperia.com\/blog\/wp-content\/uploads\/2026\/01\/auto_499aca6c-f1f2-4020-a2b5-5b01774831831769157272.jpg?resize=768%2C486&amp;ssl=1 768w, https:\/\/i0.wp.com\/www.shqiperia.com\/blog\/wp-content\/uploads\/2026\/01\/auto_499aca6c-f1f2-4020-a2b5-5b01774831831769157272.jpg?resize=450%2C285&amp;ssl=1 450w, https:\/\/i0.wp.com\/www.shqiperia.com\/blog\/wp-content\/uploads\/2026\/01\/auto_499aca6c-f1f2-4020-a2b5-5b01774831831769157272.jpg?resize=600%2C379&amp;ssl=1 600w, https:\/\/i0.wp.com\/www.shqiperia.com\/blog\/wp-content\/uploads\/2026\/01\/auto_499aca6c-f1f2-4020-a2b5-5b01774831831769157272.jpg?resize=400%2C253&amp;ssl=1 400w, https:\/\/i0.wp.com\/www.shqiperia.com\/blog\/wp-content\/uploads\/2026\/01\/auto_499aca6c-f1f2-4020-a2b5-5b01774831831769157272.jpg?w=900&amp;ssl=1 900w\" sizes=\"auto, (max-width: 635px) 100vw, 635px\" \/><\/p>\n<p>25 Janar 2026<\/p>\n<p>Mongol\u00ebt njiheshin p\u00ebr luft\u00eb, por u vler\u00ebsuan edhe p\u00ebr paqen produktive q\u00eb krijuan. Banor\u00eb t\u00eb thjesht\u00eb t\u00eb stepave, udh\u00ebheq\u00ebsit mongol\u00eb zot\u00ebruan teknologjin\u00eb m\u00eb t\u00eb p\u00ebrparuar t\u00eb koh\u00ebs. K\u00ebto kontraste ndihmuan q\u00eb Perandoria Mongole t\u00eb b\u00ebhej mbret\u00ebria e dyt\u00eb m\u00eb e madhe n\u00eb histori.<\/p>\n<p>N\u00eb kulmin e saj, Perandoria Mongole mbulonte territorin m\u00eb t\u00eb madh t\u00eb pand\u00ebrprer\u00eb q\u00eb ka ekzistuar ndonj\u00ebher\u00eb. Fillimisht e udh\u00ebhequr nga Ghengis Khani, perandoria zgjati nga shekulli XIII deri n\u00eb shekullin XIV. Gjat\u00eb k\u00ebsaj kohe, ajo u zgjerua duke p\u00ebrfshir\u00eb pjes\u00ebn m\u00eb t\u00eb madhe t\u00eb Euroazis\u00eb, fal\u00eb teknologjis\u00eb s\u00eb avancuar dhe ushtrive t\u00eb m\u00ebdha nomade mongole.<\/p>\n<p><strong><span>Ngritja e Ghengis Khan-it<\/span><\/strong><\/p>\n<p>Perandoria Mongole u themelua n\u00eb vitin 1206, kur Temuxhini, djali i nj\u00eb kryeplaku, mori pushtetin dhe ndryshoi emrin n\u00eb \u00c7ingis Khan (i njohur n\u00eb Per\u00ebndim si Ghengis Khan, q\u00eb do t\u00eb thot\u00eb &#8220;sundimtar universal&#8221;).<\/p>\n<p>Luft\u00ebtari i ri kishte mposhtur tashm\u00eb udh\u00ebheq\u00ebsin m\u00eb t\u00eb fuqish\u00ebm mongol dhe kishte nxitur pak\u00ebnaq\u00ebsi mes aristokracis\u00eb s\u00eb popullit t\u00eb tij. Ai u tregua jo vet\u00ebm nj\u00eb khan i madh, por nj\u00eb nga udh\u00ebheq\u00ebsit m\u00eb t\u00eb m\u00ebdhenj n\u00eb histori.<\/p>\n<p>N\u00eb at\u00eb koh\u00eb, fiset nomade t\u00eb Mongolis\u00eb vareshin nga toka p\u00ebr t\u00eb jetuar. Kopet\u00eb e dhive, deleve, kuajve dhe kafsh\u00ebve t\u00eb tjera kishin nevoj\u00eb p\u00ebr bar dhe uj\u00eb, ndaj mongol\u00ebt l\u00ebviznin shpesh. That\u00ebsira dhe s\u00ebmundjet mund t&#8217;ua shkat\u00ebrronin shpejt jetes\u00ebn.<\/p>\n<p>Ghengis Khan-i e uli k\u00ebt\u00eb pasiguri duke bashkuar fiset mongole. Ai mb\u00ebshteti ekonomin\u00eb fshatare t\u00eb Kin\u00ebs duke stabilizuar taksat dhe duke krijuar bashk\u00ebpunime rurale.<\/p>\n<p>Ai reformoi ligjet, vendosi nj\u00eb form\u00eb qeverisjeje ushtarako-feudale, p\u00ebrkrahu tregtin\u00eb dhe lirin\u00eb fetare, dhe adoptoi teknologjit\u00eb m\u00eb t\u00eb p\u00ebrparuara t\u00eb koh\u00ebs, si frer\u00ebt e kalit, harqet e p\u00ebrb\u00ebra, parzmoret prej l\u00ebkure dhe barutin.Luft\u00ebtar\u00ebt besnik\u00eb t\u00eb Ghengis Khan-it u shp\u00ebrblyen dhe u b\u00ebn\u00eb ushtria m\u00eb e suksesshme e koh\u00ebs s\u00eb tyre.<\/p>\n<p><img data-recalc-dims=\"1\" loading=\"lazy\" decoding=\"async\" class=\"\" alt=\"Image\" src=\"https:\/\/i0.wp.com\/www.syri.net\/uploads\/syri.net\/images\/2026\/January\/23\/auto_4353770f-0a95-4681-b176-ba11919dcc111769157272.jpg?resize=693%2C438&#038;ssl=1\" width=\"693\" height=\"438\" \/><\/p>\n<p><strong><span>Zgjerimi i Perandoris\u00eb Mongole<\/span><\/strong><\/p>\n<p>Suksesi i tyre u mb\u00ebshtet n\u00eb nj\u00eb struktur\u00eb t\u00eb re ushtarake dhe taktika t\u00eb reja lufte, si bresh\u00ebrit\u00eb e shigjetave, grumbullimi i arm\u00ebve, sulmet e shpejta godit-e-ik, rrethimet e vonuara dhe lufta psikologjike.<\/p>\n<p>Luft\u00ebtar\u00ebt ndihmoheshin edhe nga teknologji t\u00eb reja, si freri i kalit, si dhe nga risi teknologjike dhe taktike q\u00eb i merrnin nga popujt e pushtuar.<\/p>\n<p>M\u00eb par\u00eb mendohej se mongol\u00ebt u zgjeruan p\u00ebr shkak t\u00eb kushteve t\u00eb v\u00ebshtira n\u00eb stepat e Azis\u00eb Qendrore. Por studime m\u00eb t\u00eb reja sugjerojn\u00eb nj\u00eb faktor tjet\u00ebr: klim\u00ebn.<\/p>\n<p>Studiuesit besojn\u00eb se hordhit\u00eb mongole p\u00ebrfituan nga nj\u00eb periudh\u00eb rreth 15-vje\u00e7are me mot t\u00eb but\u00eb dhe m\u00eb shum\u00eb reshje, q\u00eb prodhoi bar t\u00eb bollsh\u00ebm p\u00ebr kuajt dhe kushte m\u00eb t\u00eb mira p\u00ebr blegtorin\u00eb.<\/p>\n<p><strong><span>Si u rr\u00ebzuan mongol\u00ebt<\/span><\/strong><\/p>\n<p>Vdekja e Ghengis Khan-it n\u00eb vitin 1227 \u00e7oi drejt r\u00ebnies s\u00eb perandoris\u00eb. Ajo sh\u00ebnoi fillimin e fundit t\u00eb nj\u00eb fuqie q\u00eb ishte zgjeruar n\u00eb m\u00ebnyr\u00eb agresive p\u00ebr 162 vjet. N\u00eb kulmin e saj, perandoria kontrollonte rreth 79 milion\u00eb km katror\u00eb n\u00eb pjes\u00ebn m\u00eb t\u00eb madhe t\u00eb bot\u00ebs s\u00eb njohur at\u00ebher\u00eb.<\/p>\n<p>Pavar\u00ebsisht fam\u00ebs p\u00ebr luft\u00ebra brutale, Perandoria Mongole krijoi p\u00ebr nj\u00eb koh\u00eb paqe, stabilitet, tregti dhe udh\u00ebtime t\u00eb sigurta gjat\u00eb periudh\u00ebs s\u00eb quajtur Pax Mongolica (Paqja Mongole), nga rreth viti 1279 deri n\u00eb fundin e perandoris\u00eb.<\/p>\n<p>Mosmarr\u00ebveshjet mes pasardh\u00ebsve e ndan\u00eb perandorin\u00eb n\u00eb kat\u00ebr khanate kryesore. Deri n\u00eb vitin 1368, t\u00eb kat\u00ebrta u shkat\u00ebrruan, duke hapur rrug\u00ebn p\u00ebr Dinastin\u00eb Ming.<\/p>\n<p><strong><span>\u00c7far\u00eb arrit\u00ebn mongol\u00ebt<\/span><\/strong><\/p>\n<p>Perandoria Mongole u b\u00eb e njohur p\u00ebr shkat\u00ebrrimin e armiqve dhe, si\u00e7 shkruan historiania Diana Lary, &#8220;p\u00ebrhapte terror dhe panik para se t\u00eb mb\u00ebrrinte, nd\u00ebrsa lajmet p\u00ebr qytetet e shkat\u00ebrruara p\u00ebrhapeshin&#8221;.<\/p>\n<p>Ajo shkaktoi migrime t\u00eb m\u00ebdha, jo vet\u00ebm t\u00eb njer\u00ebzve t\u00eb zhvendosur, por edhe t\u00eb atyre q\u00eb iknin nga frika e sulmeve t\u00eb ardhshme.<\/p>\n<p>Megjithat\u00eb, perandoria la edhe trash\u00ebgimi t\u00eb tjera: Rrug\u00ebn e M\u00ebndafshit dhe tregtin\u00eb, zhvillimin kulturor, si dhe iden\u00eb e nj\u00eb bote m\u00eb t\u00eb bashkuar dhe relativisht paq\u00ebsore.<\/p>\n<p>Me Ghengis Khan-in, Perandoria Mongole la pas edhe ndikimin e pashlyesh\u00ebm t\u00eb nj\u00eb prej udh\u00ebheq\u00ebsve ushtarak\u00eb m\u00eb t\u00eb m\u00ebdhenj n\u00eb histori.<\/p>\n","protected":false},"excerpt":{"rendered":"<p>25 Janar 2026 Mongol\u00ebt njiheshin p\u00ebr luft\u00eb, por u vler\u00ebsuan edhe p\u00ebr paqen produktive q\u00eb krijuan. Banor\u00eb t\u00eb thjesht\u00eb t\u00eb stepave, udh\u00ebheq\u00ebsit mongol\u00eb zot\u00ebruan teknologjin\u00eb m\u00eb t\u00eb p\u00ebrparuar t\u00eb koh\u00ebs. K\u00ebto kontraste ndihmuan q\u00eb Perandoria Mongole t\u00eb b\u00ebhej mbret\u00ebria e dyt\u00eb m\u00eb e madhe n\u00eb histori. N\u00eb kulmin e saj, Perandoria Mongole mbulonte territorin m\u00eb [&hellip;]<\/p>\n","protected":false},"author":9,"featured_media":96915,"comment_status":"open","ping_status":"open","sticky":false,"template":"","format":"standard","meta":{"jetpack_post_was_ever_published":false,"_jetpack_newsletter_access":"","_jetpack_dont_email_post_to_subs":false,"_jetpack_newsletter_tier_id":0,"_jetpack_memberships_contains_paywalled_content":false,"_jetpack_memberships_contains_paid_content":false,"footnotes":"","jetpack_publicize_message":"","jetpack_publicize_feature_enabled":true,"jetpack_social_post_already_shared":true,"jetpack_social_options":{"image_generator_settings":{"template":"highway","default_image_id":0,"font":"","enabled":false},"version":2}},"categories":[27,85,14],"tags":[],"class_list":["post-96914","post","type-post","status-publish","format-standard","has-post-thumbnail","hentry","category-blogu-i-udhetarit","category-histori","category-press-releases"],"jetpack_publicize_connections":[],"jetpack_featured_media_url":"https:\/\/i0.wp.com\/www.shqiperia.com\/blog\/wp-content\/uploads\/2026\/01\/auto_499aca6c-f1f2-4020-a2b5-5b01774831831769157272.jpg?fit=900%2C569&ssl=1","jetpack_sharing_enabled":true,"jetpack_shortlink":"https:\/\/wp.me\/p5Z6wp-pd8","jetpack-related-posts":[{"id":94155,"url":"https:\/\/www.shqiperia.com\/blog\/vendi-i-varrit-te-genghis-khan-it-mbetet-nje-mister-a-mund-ta-zgjidhe-shkenca-moderne-kete-enigme\/","url_meta":{"origin":96914,"position":0},"title":"Vendi i varrit t\u00eb Genghis Khan-it mbetet nj\u00eb mister. &#8211; A mund ta zgjidh\u00eb shkenca moderne k\u00ebt\u00eb enigm\u00eb?","author":"Kurt Farka","date":"October 8, 2025","format":false,"excerpt":"Nga Parissa DJangi\/ Kur Genghis Khan vdiq n\u00eb vitin 1227, ai la pas nj\u00eb Mongoli t\u00eb bashkuar, nj\u00eb perandori t\u00eb pafundme dhe nj\u00eb mister t\u00eb pazgjidhur,\u00a0vendin e varrit t\u00eb tij. Ai e mbajti sekret vendndodhjen e varrimit, duke siguruar q\u00eb eshtrat e tij t\u00eb pushonin n\u00eb paqe dhe t\u00eb mos\u2026","rel":"","context":"In &quot;Arte&quot;","block_context":{"text":"Arte","link":"https:\/\/www.shqiperia.com\/blog\/category\/arte\/"},"img":{"alt_text":"","src":"https:\/\/i0.wp.com\/www.shqiperia.com\/blog\/wp-content\/uploads\/2025\/10\/auto_IMG_29161759866346.jpeg?fit=900%2C582&ssl=1&resize=350%2C200","width":350,"height":200,"srcset":"https:\/\/i0.wp.com\/www.shqiperia.com\/blog\/wp-content\/uploads\/2025\/10\/auto_IMG_29161759866346.jpeg?fit=900%2C582&ssl=1&resize=350%2C200 1x, https:\/\/i0.wp.com\/www.shqiperia.com\/blog\/wp-content\/uploads\/2025\/10\/auto_IMG_29161759866346.jpeg?fit=900%2C582&ssl=1&resize=525%2C300 1.5x, https:\/\/i0.wp.com\/www.shqiperia.com\/blog\/wp-content\/uploads\/2025\/10\/auto_IMG_29161759866346.jpeg?fit=900%2C582&ssl=1&resize=700%2C400 2x"},"classes":[]},{"id":97618,"url":"https:\/\/www.shqiperia.com\/blog\/cfare-ishte-perandoria-e-shenjte-romake\/","url_meta":{"origin":96914,"position":1},"title":"\u00c7far\u00eb ishte Perandoria e Shenjt\u00eb Romake?","author":"Kurt Farka","date":"February 12, 2026","format":false,"excerpt":"12 Shkurt 2026 Perandoria e Shenjt\u00eb Romake ishte nj\u00eb struktur\u00eb politike shum\u00eb e madhe q\u00eb, p\u00ebr rreth nj\u00eb mij\u00eb vjet (nga rreth viti 800 deri m\u00eb 1806), mbuloi pjes\u00ebn m\u00eb t\u00eb madhe t\u00eb Europ\u00ebs Qendrore. N\u00eb periudha t\u00eb ndryshme ajo p\u00ebrfshinte territore q\u00eb sot jan\u00eb Gjermania, Franca, Austria, Zvicra, Italia\u2026","rel":"","context":"In &quot;Blogu i Udh\u00ebtarit&quot;","block_context":{"text":"Blogu i Udh\u00ebtarit","link":"https:\/\/www.shqiperia.com\/blog\/category\/blogu-i-udhetarit\/"},"img":{"alt_text":"","src":"https:\/\/i0.wp.com\/www.shqiperia.com\/blog\/wp-content\/uploads\/2026\/02\/auto_Capture1770793712.jpg?fit=900%2C447&ssl=1&resize=350%2C200","width":350,"height":200,"srcset":"https:\/\/i0.wp.com\/www.shqiperia.com\/blog\/wp-content\/uploads\/2026\/02\/auto_Capture1770793712.jpg?fit=900%2C447&ssl=1&resize=350%2C200 1x, https:\/\/i0.wp.com\/www.shqiperia.com\/blog\/wp-content\/uploads\/2026\/02\/auto_Capture1770793712.jpg?fit=900%2C447&ssl=1&resize=525%2C300 1.5x, https:\/\/i0.wp.com\/www.shqiperia.com\/blog\/wp-content\/uploads\/2026\/02\/auto_Capture1770793712.jpg?fit=900%2C447&ssl=1&resize=700%2C400 2x"},"classes":[]},{"id":90026,"url":"https:\/\/www.shqiperia.com\/blog\/origjina-e-perandorise-hune-mund-te-kete-qene-nje-mozaik-prejardhjesh\/","url_meta":{"origin":96914,"position":2},"title":"Origjina e Perandoris\u00eb Hune mund t\u00eb ket\u00eb qen\u00eb nj\u00eb mozaik prejardhjesh","author":"Kurt Farka","date":"February 28, 2025","format":false,"excerpt":"28 Shkurt 2025 \u00c7far\u00eb e b\u00ebn dik\u00eb hun dhe nga erdh\u00ebn hun\u00ebt? Historian\u00ebt kan\u00eb debatuar prej koh\u00ebsh p\u00ebr k\u00ebto pyetje lidhur me luft\u00ebtar\u00ebt e eg\u00ebr nomad\u00eb q\u00eb kontribuuan n\u00eb r\u00ebnien e Perandoris\u00eb Romake dhe fillimin e \u201cMesjet\u00ebs s\u00eb Err\u00ebt\u201d n\u00eb Europ\u00eb. Nj\u00eb teori kryesore mbi origjin\u00ebn e hun\u00ebve pohon se\u2026","rel":"","context":"In &quot;Blogu i Udh\u00ebtarit&quot;","block_context":{"text":"Blogu i Udh\u00ebtarit","link":"https:\/\/www.shqiperia.com\/blog\/category\/blogu-i-udhetarit\/"},"img":{"alt_text":"","src":"https:\/\/i0.wp.com\/www.shqiperia.com\/blog\/wp-content\/uploads\/2025\/02\/auto_origin-and-diversity-o1740569120.jpg?fit=900%2C596&ssl=1&resize=350%2C200","width":350,"height":200,"srcset":"https:\/\/i0.wp.com\/www.shqiperia.com\/blog\/wp-content\/uploads\/2025\/02\/auto_origin-and-diversity-o1740569120.jpg?fit=900%2C596&ssl=1&resize=350%2C200 1x, https:\/\/i0.wp.com\/www.shqiperia.com\/blog\/wp-content\/uploads\/2025\/02\/auto_origin-and-diversity-o1740569120.jpg?fit=900%2C596&ssl=1&resize=525%2C300 1.5x, https:\/\/i0.wp.com\/www.shqiperia.com\/blog\/wp-content\/uploads\/2025\/02\/auto_origin-and-diversity-o1740569120.jpg?fit=900%2C596&ssl=1&resize=700%2C400 2x"},"classes":[]},{"id":25587,"url":"https:\/\/www.shqiperia.com\/blog\/kandidati-i-vetevendosjes-per-deputet-skenderbeu-kreu-masakra-ndaj-shqiptareve-e-jo-perandoria-osmane\/","url_meta":{"origin":96914,"position":3},"title":"Kandidati i Vet\u00ebvendosjes p\u00ebr deputet: Sk\u00ebnderbeu kreu masakra ndaj shqiptar\u00ebve, e jo Perandoria Osmane. &#8211;","author":"Kurt Farka","date":"September 7, 2019","format":false,"excerpt":"Kandidati i Vet\u00ebvendosjes p\u00ebr deputet: Sk\u00ebnderbeu kreu masakra ndaj shqiptar\u00ebve, e jo Perandoria Osmane. - Nga: Gazeta Express Prishtine 7 Shtator 2019 Hysamedin Feraj, kandidat i VV\u2019s\u00eb p\u00ebr deputet me nr.45, para nj\u00eb koh\u00eb ishte p\u00ebrfshir\u00eb n\u00eb debatin se hetoi komb\u00ebtar, Gjergj Kastriot Sk\u00ebnderbeu kishte kryer masakra mbi mysliman\u00ebt t\u00eb\u2026","rel":"","context":"In &quot;Blogu i Udh\u00ebtarit&quot;","block_context":{"text":"Blogu i Udh\u00ebtarit","link":"https:\/\/www.shqiperia.com\/blog\/category\/blogu-i-udhetarit\/"},"img":{"alt_text":"","src":"https:\/\/i0.wp.com\/www.shqiperia.com\/blog\/wp-content\/uploads\/2019\/09\/hysamedin-Feraj-2.jpg?fit=1200%2C582&ssl=1&resize=350%2C200","width":350,"height":200,"srcset":"https:\/\/i0.wp.com\/www.shqiperia.com\/blog\/wp-content\/uploads\/2019\/09\/hysamedin-Feraj-2.jpg?fit=1200%2C582&ssl=1&resize=350%2C200 1x, https:\/\/i0.wp.com\/www.shqiperia.com\/blog\/wp-content\/uploads\/2019\/09\/hysamedin-Feraj-2.jpg?fit=1200%2C582&ssl=1&resize=525%2C300 1.5x, https:\/\/i0.wp.com\/www.shqiperia.com\/blog\/wp-content\/uploads\/2019\/09\/hysamedin-Feraj-2.jpg?fit=1200%2C582&ssl=1&resize=700%2C400 2x, https:\/\/i0.wp.com\/www.shqiperia.com\/blog\/wp-content\/uploads\/2019\/09\/hysamedin-Feraj-2.jpg?fit=1200%2C582&ssl=1&resize=1050%2C600 3x"},"classes":[]},{"id":83848,"url":"https:\/\/www.shqiperia.com\/blog\/putin-deshiron-te-vizitoje-mongoline-zyrtaret-e-kercenojne-se-do-ta-arrestoje-ja-shkaku\/","url_meta":{"origin":96914,"position":4},"title":"Putin d\u00ebshiron t\u00eb vizitoj\u00eb Mongolin\u00eb, zyrtar\u00ebt e k\u00ebrc\u00ebnojn\u00eb se do ta arrestoj\u00eb, ja shkaku","author":"Kurt Farka","date":"August 31, 2024","format":false,"excerpt":"31 Gusht 2024 Zyrtar\u00ebt mongol\u00eb \u201ckan\u00eb detyrimin\u201d t\u00eb arrestojn\u00eb Vladimir Putin n\u00ebse ai viziton vendin jav\u00ebn e ardhshme, ka th\u00ebn\u00eb Gjykata Nd\u00ebrkomb\u00ebtare Penale (ICC). Udh\u00ebtimi, q\u00eb pritet t\u00eb ndodh\u00eb t\u00eb mart\u00ebn, do t\u00eb jet\u00eb hera e par\u00eb q\u00eb lideri rus viziton nj\u00eb vend an\u00ebtar t\u00eb ICC q\u00eb kur gjykata urdh\u00ebroi\u2026","rel":"","context":"In &quot;Blogu i Udh\u00ebtarit&quot;","block_context":{"text":"Blogu i Udh\u00ebtarit","link":"https:\/\/www.shqiperia.com\/blog\/category\/blogu-i-udhetarit\/"},"img":{"alt_text":"","src":"https:\/\/i0.wp.com\/www.shqiperia.com\/blog\/wp-content\/uploads\/2024\/08\/Putin1-768x425-1.jpg?fit=768%2C425&ssl=1&resize=350%2C200","width":350,"height":200,"srcset":"https:\/\/i0.wp.com\/www.shqiperia.com\/blog\/wp-content\/uploads\/2024\/08\/Putin1-768x425-1.jpg?fit=768%2C425&ssl=1&resize=350%2C200 1x, https:\/\/i0.wp.com\/www.shqiperia.com\/blog\/wp-content\/uploads\/2024\/08\/Putin1-768x425-1.jpg?fit=768%2C425&ssl=1&resize=525%2C300 1.5x, https:\/\/i0.wp.com\/www.shqiperia.com\/blog\/wp-content\/uploads\/2024\/08\/Putin1-768x425-1.jpg?fit=768%2C425&ssl=1&resize=700%2C400 2x"},"classes":[]},{"id":90296,"url":"https:\/\/www.shqiperia.com\/blog\/qyteza-romake-qe-jetoi-me-gjate-se-vete-perandoria\/","url_meta":{"origin":96914,"position":5},"title":"Qyteza romake q\u00eb jetoi m\u00eb gjat\u00eb se vet\u00eb perandoria","author":"Kurt Farka","date":"March 11, 2025","format":false,"excerpt":"11 Mars 2025 G\u00ebrmimi i Interamna Lirenas ka p\u00ebrmbysur besimet e m\u00ebparshme mbi r\u00ebnien e saj, duke zbuluar se kjo qytez\u00eb n\u00eb Italin\u00eb qendrore lul\u00ebzoi p\u00ebr shekuj p\u00ebrtej r\u00ebnies s\u00eb supozuar t\u00eb Perandoris\u00eb Romake. Nj\u00eb studim i fundit mbi urbanizmin romak n\u00eb Itali tregon se infrastruktura mbres\u00ebl\u00ebn\u00ebse e qytetit e\u2026","rel":"","context":"In &quot;Histori&quot;","block_context":{"text":"Histori","link":"https:\/\/www.shqiperia.com\/blog\/category\/histori\/"},"img":{"alt_text":"","src":"https:\/\/i0.wp.com\/www.shqiperia.com\/blog\/wp-content\/uploads\/2025\/03\/forum_romanum_april_05.jpg?fit=1200%2C800&ssl=1&resize=350%2C200","width":350,"height":200,"srcset":"https:\/\/i0.wp.com\/www.shqiperia.com\/blog\/wp-content\/uploads\/2025\/03\/forum_romanum_april_05.jpg?fit=1200%2C800&ssl=1&resize=350%2C200 1x, https:\/\/i0.wp.com\/www.shqiperia.com\/blog\/wp-content\/uploads\/2025\/03\/forum_romanum_april_05.jpg?fit=1200%2C800&ssl=1&resize=525%2C300 1.5x, https:\/\/i0.wp.com\/www.shqiperia.com\/blog\/wp-content\/uploads\/2025\/03\/forum_romanum_april_05.jpg?fit=1200%2C800&ssl=1&resize=700%2C400 2x, https:\/\/i0.wp.com\/www.shqiperia.com\/blog\/wp-content\/uploads\/2025\/03\/forum_romanum_april_05.jpg?fit=1200%2C800&ssl=1&resize=1050%2C600 3x"},"classes":[]}],"_links":{"self":[{"href":"https:\/\/www.shqiperia.com\/blog\/wp-json\/wp\/v2\/posts\/96914","targetHints":{"allow":["GET"]}}],"collection":[{"href":"https:\/\/www.shqiperia.com\/blog\/wp-json\/wp\/v2\/posts"}],"about":[{"href":"https:\/\/www.shqiperia.com\/blog\/wp-json\/wp\/v2\/types\/post"}],"author":[{"embeddable":true,"href":"https:\/\/www.shqiperia.com\/blog\/wp-json\/wp\/v2\/users\/9"}],"replies":[{"embeddable":true,"href":"https:\/\/www.shqiperia.com\/blog\/wp-json\/wp\/v2\/comments?post=96914"}],"version-history":[{"count":2,"href":"https:\/\/www.shqiperia.com\/blog\/wp-json\/wp\/v2\/posts\/96914\/revisions"}],"predecessor-version":[{"id":96930,"href":"https:\/\/www.shqiperia.com\/blog\/wp-json\/wp\/v2\/posts\/96914\/revisions\/96930"}],"wp:featuredmedia":[{"embeddable":true,"href":"https:\/\/www.shqiperia.com\/blog\/wp-json\/wp\/v2\/media\/96915"}],"wp:attachment":[{"href":"https:\/\/www.shqiperia.com\/blog\/wp-json\/wp\/v2\/media?parent=96914"}],"wp:term":[{"taxonomy":"category","embeddable":true,"href":"https:\/\/www.shqiperia.com\/blog\/wp-json\/wp\/v2\/categories?post=96914"},{"taxonomy":"post_tag","embeddable":true,"href":"https:\/\/www.shqiperia.com\/blog\/wp-json\/wp\/v2\/tags?post=96914"}],"curies":[{"name":"wp","href":"https:\/\/api.w.org\/{rel}","templated":true}]}}