{"id":96911,"date":"2026-01-25T14:32:50","date_gmt":"2026-01-25T14:32:50","guid":{"rendered":"https:\/\/www.shqiperia.com\/blog\/?p=96911"},"modified":"2026-01-25T14:55:44","modified_gmt":"2026-01-25T14:55:44","slug":"politika-qe-thith-pasunare-deputetet-e-rinj-me-miliona-euro-pasuri","status":"publish","type":"post","link":"https:\/\/www.shqiperia.com\/blog\/politika-qe-thith-pasunare-deputetet-e-rinj-me-miliona-euro-pasuri\/","title":{"rendered":"Politika q\u00eb thith pasunar\u00eb: Deputet\u00ebt e rinj, me miliona euro pasuri"},"content":{"rendered":"<p><img data-recalc-dims=\"1\" loading=\"lazy\" decoding=\"async\" data-attachment-id=\"96912\" data-permalink=\"https:\/\/www.shqiperia.com\/blog\/politika-qe-thith-pasunare-deputetet-e-rinj-me-miliona-euro-pasuri\/screenshot_20260124_215601_chrome-1-1536x1120\/\" data-orig-file=\"https:\/\/i0.wp.com\/www.shqiperia.com\/blog\/wp-content\/uploads\/2026\/01\/Screenshot_20260124_215601_Chrome-1-1536x1120-1.webp?fit=1536%2C1120&amp;ssl=1\" data-orig-size=\"1536,1120\" data-comments-opened=\"1\" data-image-meta=\"{&quot;aperture&quot;:&quot;0&quot;,&quot;credit&quot;:&quot;&quot;,&quot;camera&quot;:&quot;&quot;,&quot;caption&quot;:&quot;&quot;,&quot;created_timestamp&quot;:&quot;0&quot;,&quot;copyright&quot;:&quot;&quot;,&quot;focal_length&quot;:&quot;0&quot;,&quot;iso&quot;:&quot;0&quot;,&quot;shutter_speed&quot;:&quot;0&quot;,&quot;title&quot;:&quot;&quot;,&quot;orientation&quot;:&quot;0&quot;}\" data-image-title=\"Screenshot_20260124_215601_Chrome-1-1536&#215;1120\" data-image-description=\"\" data-image-caption=\"\" data-medium-file=\"https:\/\/i0.wp.com\/www.shqiperia.com\/blog\/wp-content\/uploads\/2026\/01\/Screenshot_20260124_215601_Chrome-1-1536x1120-1.webp?fit=300%2C219&amp;ssl=1\" data-large-file=\"https:\/\/i0.wp.com\/www.shqiperia.com\/blog\/wp-content\/uploads\/2026\/01\/Screenshot_20260124_215601_Chrome-1-1536x1120-1.webp?fit=1024%2C747&amp;ssl=1\" class=\"alignnone wp-image-96912\" alt=\"\" src=\"https:\/\/i0.wp.com\/www.shqiperia.com\/blog\/wp-content\/uploads\/2026\/01\/Screenshot_20260124_215601_Chrome-1-1536x1120-1.webp?resize=653%2C477&#038;ssl=1\" width=\"653\" height=\"477\" srcset=\"https:\/\/i0.wp.com\/www.shqiperia.com\/blog\/wp-content\/uploads\/2026\/01\/Screenshot_20260124_215601_Chrome-1-1536x1120-1.webp?resize=300%2C219&amp;ssl=1 300w, https:\/\/i0.wp.com\/www.shqiperia.com\/blog\/wp-content\/uploads\/2026\/01\/Screenshot_20260124_215601_Chrome-1-1536x1120-1.webp?resize=1024%2C747&amp;ssl=1 1024w, https:\/\/i0.wp.com\/www.shqiperia.com\/blog\/wp-content\/uploads\/2026\/01\/Screenshot_20260124_215601_Chrome-1-1536x1120-1.webp?resize=768%2C560&amp;ssl=1 768w, https:\/\/i0.wp.com\/www.shqiperia.com\/blog\/wp-content\/uploads\/2026\/01\/Screenshot_20260124_215601_Chrome-1-1536x1120-1.webp?resize=450%2C328&amp;ssl=1 450w, https:\/\/i0.wp.com\/www.shqiperia.com\/blog\/wp-content\/uploads\/2026\/01\/Screenshot_20260124_215601_Chrome-1-1536x1120-1.webp?resize=600%2C438&amp;ssl=1 600w, https:\/\/i0.wp.com\/www.shqiperia.com\/blog\/wp-content\/uploads\/2026\/01\/Screenshot_20260124_215601_Chrome-1-1536x1120-1.webp?resize=1500%2C1094&amp;ssl=1 1500w, https:\/\/i0.wp.com\/www.shqiperia.com\/blog\/wp-content\/uploads\/2026\/01\/Screenshot_20260124_215601_Chrome-1-1536x1120-1.webp?resize=1300%2C948&amp;ssl=1 1300w, https:\/\/i0.wp.com\/www.shqiperia.com\/blog\/wp-content\/uploads\/2026\/01\/Screenshot_20260124_215601_Chrome-1-1536x1120-1.webp?resize=400%2C292&amp;ssl=1 400w, https:\/\/i0.wp.com\/www.shqiperia.com\/blog\/wp-content\/uploads\/2026\/01\/Screenshot_20260124_215601_Chrome-1-1536x1120-1.webp?w=1536&amp;ssl=1 1536w\" sizes=\"auto, (max-width: 653px) 100vw, 653px\" \/><\/p>\n<p>25 Janar 2026<\/p>\n<p><strong>Nga Dorin Xhima<\/strong><\/p>\n<p>Raportimet e fundit mbi pasurit\u00eb e deputet\u00ebve t\u00eb rinj shqiptar\u00eb tregojn\u00eb nj\u00eb trend q\u00eb b\u00ebhet gjithnj\u00eb e m\u00eb i duksh\u00ebm me \u00e7do legjislatur\u00eb t\u00eb re: emra t\u00eb rinj n\u00eb politik\u00eb po shfaqin pasuri shum\u00eb milion\u00ebshe, shpesh her\u00eb p\u00ebrtej pritshm\u00ebrive t\u00eb publikut.<\/p>\n<p>Sipas deklarimeve zyrtare t\u00eb dor\u00ebzuara n\u00eb Agjencin\u00eb e Deklarimit t\u00eb Pasurive (ILDKPI), nj\u00eb pjes\u00eb e konsiderueshme e k\u00ebtyre figurave politike kan\u00eb pasuri q\u00eb arrijn\u00eb n\u00eb shifra t\u00eb larta, p\u00ebrfshir\u00eb prona t\u00eb paluajtshme, fonde t\u00eb investuara dhe llogari n\u00eb valuta t\u00eb huaja, q\u00eb ngre pyetje n\u00eb lidhje me treguesit e transparenc\u00ebs dhe raportit me publikun.<\/p>\n<p>N\u00eb krye t\u00eb list\u00ebs q\u00ebndron deputeti Vasil Llajo, i njohur ndryshe si \u201cmanjati i sh\u00ebndet\u00ebsis\u00eb\u201d, me nj\u00eb pasuri t\u00eb deklaruar prej rreth 13.68 milion\u00eb euro, p\u00ebrfshir\u00eb nj\u00eb portofol t\u00eb konsideruesh\u00ebm pronash t\u00eb paluajtshme dhe investimesh n\u00eb sektor\u00eb t\u00eb ndrysh\u00ebm.<\/p>\n<p>Po ashtu, figura e ministres s\u00eb Sh\u00ebndet\u00ebsis\u00eb, Evis Sala \u2013 e prezantuar vitin e kaluar si nj\u00eb surpriz\u00eb politike \u2013 rezulton me pasuri rreth 5.3 milion\u00eb euro, p\u00ebrfshir\u00eb fonde t\u00eb jashtme investimi dhe llogari pensioni n\u00eb valuta t\u00eb huaja.<\/p>\n<p>Nd\u00ebr emrat surpriz\u00eb \u00ebsht\u00eb edhe deputetja Ana Dajko, p\u00ebrmendur n\u00eb shkrim si \u201cdeputetja aksidentale e Lapajt\u201d, e cila ka deklaruar rreth 1 milion euro pasuri, nj\u00eb shif\u00ebr t\u00eb cil\u00ebn shum\u00eb qytetar\u00eb nuk e prisnin nga nj\u00eb figur\u00eb relativisht e panjohur n\u00eb sken\u00ebn politike.<\/p>\n<p>Edhe figura t\u00eb tjera t\u00eb p\u00ebrfshira n\u00eb legjislatur\u00eb, si ish-gjyqtari Gjin Gjoni, kan\u00eb deklaruar pasuri t\u00eb konsiderueshme p\u00ebrpara se t\u00eb merrnin mandatin si deputet\u00eb. N\u00eb rastin e Gjonit, deklarimet shfaqin vilat dhe pronat q\u00eb kapin miliona euro, si dhe nj\u00eb num\u00ebr huash t\u00eb dh\u00ebna p\u00ebr pal\u00eb t\u00eb treta, \u00e7ka ngre pik\u00ebpyetje p\u00ebr origjin\u00ebn dhe qart\u00ebsin\u00eb e fondeve.<\/p>\n<p>Ky fenomen nuk \u00ebsht\u00eb unik p\u00ebr Shqip\u00ebrin\u00eb; rritja e pasuris\u00eb s\u00eb politikan\u00ebve \u00ebsht\u00eb v\u00ebrejtur edhe n\u00eb vende t\u00eb tjera t\u00eb rajonit, por ajo \u00e7ka ndan kontekstin shqiptar \u00ebsht\u00eb mungesa e besimit publik drejt institucioneve, ku shtrohet pyetja n\u00ebse politika po b\u00ebhet \u201cmagnet\u201d p\u00ebr ata q\u00eb jan\u00eb tashm\u00eb ekonomikisht t\u00eb fuqish\u00ebm, apo n\u00ebse pasuria dhe ndikimi ekonomik po kthehen n\u00eb nj\u00eb rrug\u00eb p\u00ebr t\u00eb dep\u00ebrtuar n\u00eb qeverisje.<\/p>\n<p>Qytetar\u00ebt p\u00ebrballen me sfida ekonomike, t\u00eb forta dhe k\u00ebto deklarime kan\u00eb ndezur debate p\u00ebr rolin e pasuris\u00eb dhe transparenc\u00ebn e p\u00ebrfaq\u00ebsuesve t\u00eb zgjedhur (nga kryetar\u00ebt).<\/p>\n<p>A \u00ebsht\u00eb politika vend p\u00ebr ata q\u00eb kan\u00eb b\u00ebr\u00eb para p\u00ebrpara se t\u00eb hyjn\u00eb n\u00eb sh\u00ebrbimin publik, apo duhet t\u00eb jet\u00eb nj\u00eb sh\u00ebrbim ku z\u00ebri i shumic\u00ebs ekonomike t\u00eb mesme gjen p\u00ebrfaq\u00ebsim?<\/p>\n<p>Kjo \u00ebsht\u00eb nj\u00eb nga pyetjet q\u00eb mbetet p\u00ebr diskutim t\u00eb gjer\u00eb publik.<\/p>\n<p>Nga: Gazeta Dita<\/p>\n","protected":false},"excerpt":{"rendered":"<p>25 Janar 2026 Nga Dorin Xhima Raportimet e fundit mbi pasurit\u00eb e deputet\u00ebve t\u00eb rinj shqiptar\u00eb tregojn\u00eb nj\u00eb trend q\u00eb b\u00ebhet gjithnj\u00eb e m\u00eb i duksh\u00ebm me \u00e7do legjislatur\u00eb t\u00eb re: emra t\u00eb rinj n\u00eb politik\u00eb po shfaqin pasuri shum\u00eb milion\u00ebshe, shpesh her\u00eb p\u00ebrtej pritshm\u00ebrive t\u00eb publikut. Sipas deklarimeve zyrtare t\u00eb dor\u00ebzuara n\u00eb Agjencin\u00eb e [&hellip;]<\/p>\n","protected":false},"author":9,"featured_media":96912,"comment_status":"open","ping_status":"open","sticky":false,"template":"","format":"standard","meta":{"jetpack_post_was_ever_published":false,"_jetpack_newsletter_access":"","_jetpack_dont_email_post_to_subs":false,"_jetpack_newsletter_tier_id":0,"_jetpack_memberships_contains_paywalled_content":false,"_jetpack_memberships_contains_paid_content":false,"footnotes":"","jetpack_publicize_message":"","jetpack_publicize_feature_enabled":true,"jetpack_social_post_already_shared":true,"jetpack_social_options":{"image_generator_settings":{"template":"highway","default_image_id":0,"font":"","enabled":false},"version":2}},"categories":[27,1,2],"tags":[],"class_list":["post-96911","post","type-post","status-publish","format-standard","has-post-thumbnail","hentry","category-blogu-i-udhetarit","category-njoftime-shtypi","category-politika"],"jetpack_publicize_connections":[],"jetpack_featured_media_url":"https:\/\/i0.wp.com\/www.shqiperia.com\/blog\/wp-content\/uploads\/2026\/01\/Screenshot_20260124_215601_Chrome-1-1536x1120-1.webp?fit=1536%2C1120&ssl=1","jetpack_sharing_enabled":true,"jetpack_shortlink":"https:\/\/wp.me\/p5Z6wp-pd5","jetpack-related-posts":[{"id":96471,"url":"https:\/\/www.shqiperia.com\/blog\/delina-ibrahimaj-zgjuar-per-festa-jep-me-1-euro-52-mije-m2-ne-porto-romano\/","url_meta":{"origin":96911,"position":0},"title":"Delina Ibrahimaj zgjuar p\u00ebr festa, jep me 1 euro, 52 mij\u00eb m2 n\u00eb Porto Romano","author":"Kurt Farka","date":"January 10, 2026","format":false,"excerpt":"10 Janar 2026 Nd\u00ebrkoh\u00eb q\u00eb shqiptar\u00ebt p\u00ebrgatiteshin p\u00ebr Vitin e Ri 2026, me nj\u00eb vendim t\u00eb qeveris\u00eb t\u00eb dat\u00ebs 30 dhjetor t\u00eb vitit 2025 jan\u00eb dh\u00ebn\u00eb plot 52 mij\u00eb metra katror\u00eb truall me qira p\u00ebr 1 euro n\u00eb Porto Romano. CNA prej disa dit\u00ebsh \u00ebsht\u00eb p\u00ebrpjekur t\u00eb b\u00ebj\u00eb nj\u00eb investigim\u2026","rel":"","context":"In &quot;Blogu i Udh\u00ebtarit&quot;","block_context":{"text":"Blogu i Udh\u00ebtarit","link":"https:\/\/www.shqiperia.com\/blog\/category\/blogu-i-udhetarit\/"},"img":{"alt_text":"","src":"https:\/\/i0.wp.com\/www.shqiperia.com\/blog\/wp-content\/uploads\/2026\/01\/Delina-Brahimaj.png?fit=640%2C336&ssl=1&resize=350%2C200","width":350,"height":200,"srcset":"https:\/\/i0.wp.com\/www.shqiperia.com\/blog\/wp-content\/uploads\/2026\/01\/Delina-Brahimaj.png?fit=640%2C336&ssl=1&resize=350%2C200 1x, https:\/\/i0.wp.com\/www.shqiperia.com\/blog\/wp-content\/uploads\/2026\/01\/Delina-Brahimaj.png?fit=640%2C336&ssl=1&resize=525%2C300 1.5x"},"classes":[]},{"id":5371,"url":"https:\/\/www.shqiperia.com\/blog\/cili-eshte-politikani-shqiptar-pasuri-14-mln-euro-pa-punuar-nje-dite\/","url_meta":{"origin":96911,"position":1},"title":"Cili \u00ebsht\u00eb politikani shqiptar me pasuri 14 mln euro pa punuar nj\u00eb dit\u00eb? &#8211;","author":"Kurt Farka","date":"March 22, 2018","format":false,"excerpt":"Nje deklarate e forte behet nga politologu Afrim Krasniqi i cili teksa ishte n\u00eb \u201cTonight Ilva Tare\u201d n\u00eb Ora News tha se ka deputet\u00eb me pasuri 14 mln euro pa punuar nj\u00eb dit\u00eb. Krasniqi: Imagjinoni t\u00eb kontrollojm\u00eb pasurin\u00eb e politikan\u00ebve. Un\u00eb po shoh k\u00ebto dit\u00eb deklarimet e pasuris\u00eb s\u00eb deputet\u00ebve.\u2026","rel":"","context":"In &quot;Njoftime Shtypi&quot;","block_context":{"text":"Njoftime Shtypi","link":"https:\/\/www.shqiperia.com\/blog\/category\/njoftime-shtypi\/"},"img":{"alt_text":"","src":"https:\/\/i0.wp.com\/www.shqiperia.com\/blog\/wp-content\/uploads\/2018\/03\/Depuiete-te-Parlamentit-Shqiptar.jpg?fit=640%2C427&ssl=1&resize=350%2C200","width":350,"height":200,"srcset":"https:\/\/i0.wp.com\/www.shqiperia.com\/blog\/wp-content\/uploads\/2018\/03\/Depuiete-te-Parlamentit-Shqiptar.jpg?fit=640%2C427&ssl=1&resize=350%2C200 1x, https:\/\/i0.wp.com\/www.shqiperia.com\/blog\/wp-content\/uploads\/2018\/03\/Depuiete-te-Parlamentit-Shqiptar.jpg?fit=640%2C427&ssl=1&resize=525%2C300 1.5x"},"classes":[]},{"id":90335,"url":"https:\/\/www.shqiperia.com\/blog\/abilekaj-kandidatet-e-rinj-te-rames-nuk-perfaqesojne-shqiptaret\/","url_meta":{"origin":96911,"position":2},"title":"Abilekaj: &#8211; Kandidat\u00ebt e rinj t\u00eb Ram\u00ebs, nuk p\u00ebrfaq\u00ebsojn\u00eb shqiptar\u00ebt","author":"Kurt Farka","date":"March 13, 2025","format":false,"excerpt":"13 Mars 2025 Analisti Enton Abilekaj ka komentuar zhvillimet e fundit politike, duke u ndalur tek publikimi i listave t\u00eb kandidat\u00ebve p\u00ebr zgjedhjet e majit 2025. Abilekaj ka theksuar se Edi Rama ka ruajtur disa emra t\u00eb vjet\u00ebr dhe ka hequr nj\u00eb pjes\u00eb t\u00eb tyre, duke i z\u00ebvend\u00ebsuar me figura\u2026","rel":"","context":"In &quot;Blogu i Udh\u00ebtarit&quot;","block_context":{"text":"Blogu i Udh\u00ebtarit","link":"https:\/\/www.shqiperia.com\/blog\/category\/blogu-i-udhetarit\/"},"img":{"alt_text":"","src":"https:\/\/i0.wp.com\/www.shqiperia.com\/blog\/wp-content\/uploads\/2025\/03\/edi-rama-enton-abilekaj.jpg?fit=640%2C416&ssl=1&resize=350%2C200","width":350,"height":200,"srcset":"https:\/\/i0.wp.com\/www.shqiperia.com\/blog\/wp-content\/uploads\/2025\/03\/edi-rama-enton-abilekaj.jpg?fit=640%2C416&ssl=1&resize=350%2C200 1x, https:\/\/i0.wp.com\/www.shqiperia.com\/blog\/wp-content\/uploads\/2025\/03\/edi-rama-enton-abilekaj.jpg?fit=640%2C416&ssl=1&resize=525%2C300 1.5x"},"classes":[]},{"id":8024,"url":"https:\/\/www.shqiperia.com\/blog\/gazetari-xhaxhiu-ja-emri-i-deputetit-qe-ka-1-8-milione-euro-pasuri-fate-velaj-dhe-merr-ndihme-ekonomike\/","url_meta":{"origin":96911,"position":3},"title":"Gazetari Xhaxhiu: Ja emri i deputetit q\u00eb ka 1.8 milion\u00eb euro pasuri: Fate Velaj dhe merr ndihm\u00eb ekonomike.-","author":"Kurt Farka","date":"May 29, 2018","format":false,"excerpt":"Gazetari Xhaxhiu: Ja emri i deputetit q\u00eb ka 1.8 milion\u00eb euro pasuri Fate Velaj dhe merr ndihm\u00eb ekonomike Fate Velaj, deputet i PS, pasuria 1.8 milion\u00eb euro dhe merr ndihm\u00eb ekonomike, N\u00eb emisionin e m\u00ebngjesit t\u00eb Xhaxhiut n\u00eb\u00a0\u201cFax News\u201d\u00a0sot ishte i ftuar pedagogu Erion Kristo p\u00ebr t\u00eb diskutuar n\u00eb lidhje\u2026","rel":"","context":"In &quot;Njoftime Shtypi&quot;","block_context":{"text":"Njoftime Shtypi","link":"https:\/\/www.shqiperia.com\/blog\/category\/njoftime-shtypi\/"},"img":{"alt_text":"","src":"https:\/\/i0.wp.com\/www.shqiperia.com\/blog\/wp-content\/uploads\/2018\/05\/FATE-VELAJ.jpg?fit=1024%2C611&ssl=1&resize=350%2C200","width":350,"height":200,"srcset":"https:\/\/i0.wp.com\/www.shqiperia.com\/blog\/wp-content\/uploads\/2018\/05\/FATE-VELAJ.jpg?fit=1024%2C611&ssl=1&resize=350%2C200 1x, https:\/\/i0.wp.com\/www.shqiperia.com\/blog\/wp-content\/uploads\/2018\/05\/FATE-VELAJ.jpg?fit=1024%2C611&ssl=1&resize=525%2C300 1.5x, https:\/\/i0.wp.com\/www.shqiperia.com\/blog\/wp-content\/uploads\/2018\/05\/FATE-VELAJ.jpg?fit=1024%2C611&ssl=1&resize=700%2C400 2x"},"classes":[]},{"id":70580,"url":"https:\/\/www.shqiperia.com\/blog\/eshte-nje-pasuri-papa-francesku-ne-nje-dokumentar-me-te-rinjte-sksi-nje-nga-gjerat-me-te-bukura-te-dhena-nga-zoti\/","url_meta":{"origin":96911,"position":4},"title":"&#8220;\u00cbsht\u00eb nj\u00eb pasuri&#8221;. &#8211; Papa Fran\u00e7esku n\u00eb nj\u00eb dokumentar me t\u00eb rinjt\u00eb: S*ksi, nj\u00eb nga gj\u00ebrat m\u00eb t\u00eb bukura t\u00eb dh\u00ebna nga Zoti","author":"Kurt Farka","date":"April 6, 2023","format":false,"excerpt":"6 Prill 2023 Nga Gazeta Sot Papa Fran\u00e7esku pasi q\u00ebndroi disa dit\u00eb n\u00eb spital \u00ebsht\u00eb kthyer dhe ka b\u00ebr\u00eb nj\u00eb deklarat\u00eb q\u00eb ka b\u00ebr\u00eb xhiron e rrjetit. N\u00eb nj\u00eb bashk\u00ebbisedim me t\u00eb rinjt\u00eb pjes\u00eb e nj\u00eb dokumentari I cili quhet \u201cThe Pope Ans\u00ebers \u201d q\u00ebpritet t\u00eb transmetohet n\u00eb Disney+ ati\u2026","rel":"","context":"In &quot;Blogu i Udh\u00ebtarit&quot;","block_context":{"text":"Blogu i Udh\u00ebtarit","link":"https:\/\/www.shqiperia.com\/blog\/category\/blogu-i-udhetarit\/"},"img":{"alt_text":"","src":"https:\/\/i0.wp.com\/www.shqiperia.com\/blog\/wp-content\/uploads\/2023\/04\/papa-Francesku.jpg?fit=1200%2C820&ssl=1&resize=350%2C200","width":350,"height":200,"srcset":"https:\/\/i0.wp.com\/www.shqiperia.com\/blog\/wp-content\/uploads\/2023\/04\/papa-Francesku.jpg?fit=1200%2C820&ssl=1&resize=350%2C200 1x, https:\/\/i0.wp.com\/www.shqiperia.com\/blog\/wp-content\/uploads\/2023\/04\/papa-Francesku.jpg?fit=1200%2C820&ssl=1&resize=525%2C300 1.5x, https:\/\/i0.wp.com\/www.shqiperia.com\/blog\/wp-content\/uploads\/2023\/04\/papa-Francesku.jpg?fit=1200%2C820&ssl=1&resize=700%2C400 2x, https:\/\/i0.wp.com\/www.shqiperia.com\/blog\/wp-content\/uploads\/2023\/04\/papa-Francesku.jpg?fit=1200%2C820&ssl=1&resize=1050%2C600 3x"},"classes":[]},{"id":96060,"url":"https:\/\/www.shqiperia.com\/blog\/korrupsioni-ne-nivelet-e-larta-politike-kongresi-i-shba-prezanton-projektligjin-per-ballkanin-fokusi-te-krijimi-i-lidereve-te-rinj-preket-edhe-shqiperia\/","url_meta":{"origin":96911,"position":5},"title":"\u201cKorrupsioni n\u00eb nivelet e larta politike\u201d\/ Kongresi i SHBA prezanton projektligjin p\u00ebr Ballkanin. &#8211; Fokusi te krijimi i lider\u00ebve t\u00eb rinj, preket edhe Shqip\u00ebria","author":"Kurt Farka","date":"December 27, 2025","format":false,"excerpt":"27 Dhjetor 2025 Kongresi i Shteteve t\u00eb Bashkuara ka prezantuar projektligjin e ri, t\u00eb quajtur \u201cAkti p\u00ebr Demokracin\u00eb dhe Prosperitetin e Ballkanit Per\u00ebndimor\u201d, me q\u00ebllim mb\u00ebshtetjen e demokracis\u00eb, zhvillimit ekonomik dhe sundimit t\u00eb ligjit. Dokumenti, i depozituar m\u00eb 10 shtator 2025 n\u00eb Dhom\u00ebn e P\u00ebrfaq\u00ebsuesve, p\u00ebrfshin Shqip\u00ebrin\u00eb, Kosov\u00ebn, Bosnj\u00eb-Hercegovin\u00ebn, Malin\u2026","rel":"","context":"In &quot;Blogu i Udh\u00ebtarit&quot;","block_context":{"text":"Blogu i Udh\u00ebtarit","link":"https:\/\/www.shqiperia.com\/blog\/category\/blogu-i-udhetarit\/"},"img":{"alt_text":"","src":"https:\/\/i0.wp.com\/www.shqiperia.com\/blog\/wp-content\/uploads\/2025\/12\/US-Capitol-place-meeting-Congress-Washington-DC_sd.webp?fit=1200%2C675&ssl=1&resize=350%2C200","width":350,"height":200,"srcset":"https:\/\/i0.wp.com\/www.shqiperia.com\/blog\/wp-content\/uploads\/2025\/12\/US-Capitol-place-meeting-Congress-Washington-DC_sd.webp?fit=1200%2C675&ssl=1&resize=350%2C200 1x, https:\/\/i0.wp.com\/www.shqiperia.com\/blog\/wp-content\/uploads\/2025\/12\/US-Capitol-place-meeting-Congress-Washington-DC_sd.webp?fit=1200%2C675&ssl=1&resize=525%2C300 1.5x, https:\/\/i0.wp.com\/www.shqiperia.com\/blog\/wp-content\/uploads\/2025\/12\/US-Capitol-place-meeting-Congress-Washington-DC_sd.webp?fit=1200%2C675&ssl=1&resize=700%2C400 2x, https:\/\/i0.wp.com\/www.shqiperia.com\/blog\/wp-content\/uploads\/2025\/12\/US-Capitol-place-meeting-Congress-Washington-DC_sd.webp?fit=1200%2C675&ssl=1&resize=1050%2C600 3x"},"classes":[]}],"_links":{"self":[{"href":"https:\/\/www.shqiperia.com\/blog\/wp-json\/wp\/v2\/posts\/96911","targetHints":{"allow":["GET"]}}],"collection":[{"href":"https:\/\/www.shqiperia.com\/blog\/wp-json\/wp\/v2\/posts"}],"about":[{"href":"https:\/\/www.shqiperia.com\/blog\/wp-json\/wp\/v2\/types\/post"}],"author":[{"embeddable":true,"href":"https:\/\/www.shqiperia.com\/blog\/wp-json\/wp\/v2\/users\/9"}],"replies":[{"embeddable":true,"href":"https:\/\/www.shqiperia.com\/blog\/wp-json\/wp\/v2\/comments?post=96911"}],"version-history":[{"count":2,"href":"https:\/\/www.shqiperia.com\/blog\/wp-json\/wp\/v2\/posts\/96911\/revisions"}],"predecessor-version":[{"id":96931,"href":"https:\/\/www.shqiperia.com\/blog\/wp-json\/wp\/v2\/posts\/96911\/revisions\/96931"}],"wp:featuredmedia":[{"embeddable":true,"href":"https:\/\/www.shqiperia.com\/blog\/wp-json\/wp\/v2\/media\/96912"}],"wp:attachment":[{"href":"https:\/\/www.shqiperia.com\/blog\/wp-json\/wp\/v2\/media?parent=96911"}],"wp:term":[{"taxonomy":"category","embeddable":true,"href":"https:\/\/www.shqiperia.com\/blog\/wp-json\/wp\/v2\/categories?post=96911"},{"taxonomy":"post_tag","embeddable":true,"href":"https:\/\/www.shqiperia.com\/blog\/wp-json\/wp\/v2\/tags?post=96911"}],"curies":[{"name":"wp","href":"https:\/\/api.w.org\/{rel}","templated":true}]}}