{"id":96908,"date":"2026-01-25T14:30:20","date_gmt":"2026-01-25T14:30:20","guid":{"rendered":"https:\/\/www.shqiperia.com\/blog\/?p=96908"},"modified":"2026-01-25T14:56:03","modified_gmt":"2026-01-25T14:56:03","slug":"fatura-e-demeve-te-permbytjeve-mund-te-arrije-deri-ne-300-milione-euro","status":"publish","type":"post","link":"https:\/\/www.shqiperia.com\/blog\/fatura-e-demeve-te-permbytjeve-mund-te-arrije-deri-ne-300-milione-euro\/","title":{"rendered":"Fatura e d\u00ebmeve t\u00eb p\u00ebrmbytjeve mund t\u00eb arrij\u00eb deri n\u00eb 300 milion\u00eb euro"},"content":{"rendered":"<p><img data-recalc-dims=\"1\" loading=\"lazy\" decoding=\"async\" data-attachment-id=\"96909\" data-permalink=\"https:\/\/www.shqiperia.com\/blog\/fatura-e-demeve-te-permbytjeve-mund-te-arrije-deri-ne-300-milione-euro\/permbytje-6-bujqesi-1215\/\" data-orig-file=\"https:\/\/i0.wp.com\/www.shqiperia.com\/blog\/wp-content\/uploads\/2026\/01\/Permbytje-6-bujqesi-1215.webp?fit=1181%2C787&amp;ssl=1\" data-orig-size=\"1181,787\" data-comments-opened=\"1\" data-image-meta=\"{&quot;aperture&quot;:&quot;0&quot;,&quot;credit&quot;:&quot;&quot;,&quot;camera&quot;:&quot;&quot;,&quot;caption&quot;:&quot;&quot;,&quot;created_timestamp&quot;:&quot;0&quot;,&quot;copyright&quot;:&quot;&quot;,&quot;focal_length&quot;:&quot;0&quot;,&quot;iso&quot;:&quot;0&quot;,&quot;shutter_speed&quot;:&quot;0&quot;,&quot;title&quot;:&quot;&quot;,&quot;orientation&quot;:&quot;0&quot;}\" data-image-title=\"Permbytje-6-bujqesi-1215\" data-image-description=\"\" data-image-caption=\"\" data-medium-file=\"https:\/\/i0.wp.com\/www.shqiperia.com\/blog\/wp-content\/uploads\/2026\/01\/Permbytje-6-bujqesi-1215.webp?fit=300%2C200&amp;ssl=1\" data-large-file=\"https:\/\/i0.wp.com\/www.shqiperia.com\/blog\/wp-content\/uploads\/2026\/01\/Permbytje-6-bujqesi-1215.webp?fit=1024%2C682&amp;ssl=1\" class=\"alignnone wp-image-96909\" alt=\"\" src=\"https:\/\/i0.wp.com\/www.shqiperia.com\/blog\/wp-content\/uploads\/2026\/01\/Permbytje-6-bujqesi-1215.webp?resize=749%2C499&#038;ssl=1\" width=\"749\" height=\"499\" srcset=\"https:\/\/i0.wp.com\/www.shqiperia.com\/blog\/wp-content\/uploads\/2026\/01\/Permbytje-6-bujqesi-1215.webp?resize=300%2C200&amp;ssl=1 300w, https:\/\/i0.wp.com\/www.shqiperia.com\/blog\/wp-content\/uploads\/2026\/01\/Permbytje-6-bujqesi-1215.webp?resize=1024%2C682&amp;ssl=1 1024w, https:\/\/i0.wp.com\/www.shqiperia.com\/blog\/wp-content\/uploads\/2026\/01\/Permbytje-6-bujqesi-1215.webp?resize=768%2C512&amp;ssl=1 768w, https:\/\/i0.wp.com\/www.shqiperia.com\/blog\/wp-content\/uploads\/2026\/01\/Permbytje-6-bujqesi-1215.webp?resize=600%2C400&amp;ssl=1 600w, https:\/\/i0.wp.com\/www.shqiperia.com\/blog\/wp-content\/uploads\/2026\/01\/Permbytje-6-bujqesi-1215.webp?resize=450%2C300&amp;ssl=1 450w, https:\/\/i0.wp.com\/www.shqiperia.com\/blog\/wp-content\/uploads\/2026\/01\/Permbytje-6-bujqesi-1215.webp?resize=400%2C267&amp;ssl=1 400w, https:\/\/i0.wp.com\/www.shqiperia.com\/blog\/wp-content\/uploads\/2026\/01\/Permbytje-6-bujqesi-1215.webp?w=1181&amp;ssl=1 1181w\" sizes=\"auto, (max-width: 749px) 100vw, 749px\" \/><\/p>\n<p>25 Janar 2026<\/p>\n<p>Dy hektar\u00eb serra t\u00eb shkat\u00ebrruara.<\/p>\n<p>Rreth 40 mij\u00eb euro investime t\u00eb humbura dhe mbi 100 mij\u00eb euro mall q\u00eb nuk do t\u00eb dal\u00eb kurr\u00eb n\u00eb treg \u00ebsht\u00eb fatura e ferm\u00ebs me serra perimesh t\u00eb Mirlind Sara\u00e7it n\u00eb Kosov\u00eb t\u00eb Vog\u00ebl t\u00eb Lushnj\u00ebs.<\/p>\n<p>P\u00ebrmbytjet e dit\u00ebve t\u00eb fundit i kan\u00eb shkaktuar d\u00ebme rreth 150 mij\u00eb euro, p\u00ebr rikuperimin e t\u00eb cilave duhen vite pun\u00eb, pasi uji dhe llumi kan\u00eb prishur edhe cil\u00ebsin\u00eb tok\u00ebs dhe ndikojn\u00eb negativisht p\u00ebr mbjelljet e ardhshme.<\/p>\n<p>Zhg\u00ebnjimi i tij shkon p\u00ebrtej d\u00ebmit material. Pas 15 vitesh emigracion n\u00eb Itali, ai u kthye n\u00eb Shqip\u00ebri rreth 12 vite m\u00eb par\u00eb, me bindjen se p\u00ebrvoja dhe kursimet do t\u00eb mjaftonin p\u00ebr t\u00eb nd\u00ebrtuar nj\u00eb ferm\u00eb funksionale.<\/p>\n<p>Sot, kthimin e quan \u201cgabimin e jet\u00ebs\u201d, jo sepse bujq\u00ebsia nuk funksionon, por sepse rreziku mbetet i pambuluar dhe p\u00ebrgjegj\u00ebsia shpesh mbetet pa adres\u00eb.<\/p>\n<p>Shqet\u00ebsimi i Mirlindit nuk \u00ebsht\u00eb vet\u00ebm me motin ekstrem, por edhe me funksionimin e shtetit.<\/p>\n<p><em>\u201cAskush nuk njofton? As p\u00ebr reshjet e pritshme, as p\u00ebr hapjen e portave t\u00eb HEC-eve\u201d.<\/em><span>\u00a0<\/span>Mirlindi thot\u00eb se nuk pati asnj\u00eb paralajm\u00ebrim p\u00ebr hapjen e portave t\u00eb dig\u00ebs.<\/p>\n<p>Humbja nuk erdhi nga mungesa e informacionit dhe e koordinimit, q\u00eb n\u00eb zona t\u00eb tilla shpesh rezulton po aq shkat\u00ebrruese sa vet\u00eb p\u00ebrmbytja.<\/p>\n<p>Historia e Mirlindit \u00ebsht\u00eb e qindra fermer\u00ebve n\u00eb zon\u00eb. Gentian Ziu, fermer nga Samatica e Beratit, thot\u00eb se d\u00ebmet jan\u00eb p\u00ebrhapur n\u00eb disa fshatra dhe p\u00ebrfshijn\u00eb serra, kultura n\u00eb fush\u00eb dhe pem\u00ebtore, nd\u00ebrsa nj\u00eb bilanc i sakt\u00eb financiar mbetet ende i pamundur.<\/p>\n<p>N\u00eb Samatic\u00eb, sipas tij, jan\u00eb d\u00ebmtuar rreth 8 hektar\u00eb serra t\u00eb sapombjella, nd\u00ebrsa 3.5 hektar\u00eb lak\u00ebr, gati p\u00ebr treg, jan\u00eb shkat\u00ebrruar plot\u00ebsisht.<\/p>\n<p>Krahas tyre, d\u00ebme t\u00eb konsiderueshme jan\u00eb raportuar edhe n\u00eb pem\u00ebtore, ku pjeshka, ulliri, mandarinat dhe portokajt\u00eb jan\u00eb prekur n\u00eb shkall\u00eb t\u00eb ndryshme, pa mund\u00ebsi p\u00ebr t\u00eb dh\u00ebn\u00eb ende nj\u00eb shif\u00ebr p\u00ebrfundimtare.<\/p>\n<p><em>\u201cJan\u00eb shum\u00eb\u201d<\/em>, thot\u00eb ai, duke theksuar se situata n\u00eb terren ndryshon nga dita n\u00eb dit\u00eb.<\/p>\n<p>N\u00eb t\u00eb gjith\u00eb Beratin, panorama \u00ebsht\u00eb po aq e r\u00ebnd\u00eb. \u201cD\u00ebmet n\u00eb serra jan\u00eb t\u00eb pallogaritshme\u201d, shprehet z. Ziu, duke shtuar se fermer\u00ebt jan\u00eb p\u00ebrballur jo vet\u00ebm me p\u00ebrmbytjet, por edhe me ngrica, me temperatura q\u00eb kan\u00eb zbritur deri n\u00eb minus 5 grad\u00eb.<\/p>\n<p>Ilir Pilku, analist i t\u00eb dh\u00ebnave mbi bujq\u00ebsin\u00eb, tha s\u00eb d\u00ebmet e shkaktuara nga p\u00ebrmbytjet e fundit n\u00eb bujq\u00ebsi jan\u00eb rreth 150 milion\u00eb euro vet\u00ebm p\u00ebr prodhuesit. Ai e ka b\u00ebr\u00eb k\u00ebt\u00eb p\u00ebrllogaritje bazuar n\u00eb sip\u00ebrfaqen e p\u00ebrmbytur dhe llojet e kulturave t\u00eb mbjella me \u00e7mimet e tyre t\u00eb prodhimit.<\/p>\n<p>Duke p\u00ebrllogaritur vler\u00ebn n\u00eb tregun me pakic\u00eb dhe eksport, humbjet dyfishohen n\u00eb 30 miliard\u00eb lek\u00eb dhe shp\u00ebrndahen n\u00eb t\u00eb gjith\u00eb zinxhirin e bujq\u00ebsis\u00eb nga fermeri, qendra e grumbullimit, eksporti dhe konsumator\u00ebt, t\u00eb cil\u00ebt do t\u00eb paguajn\u00eb \u00e7mime m\u00eb t\u00eb larta dhe t\u00eb investimeve t\u00eb humbura n\u00eb serra.<\/p>\n<p>Ruzhdi Koni, i cili eksporton fruta dhe perime t\u00eb fresk\u00ebta nga serrat, me kompanin\u00eb e tij \u201cAgrokoni\u201d, tha se, p\u00ebrmbytjet kan\u00eb d\u00ebmtuar r\u00ebnd\u00eb fermat e specializuara p\u00ebr eksport q\u00eb jan\u00eb t\u00eb p\u00ebrqendruara n\u00eb zon\u00ebn e Beratit, Lushnj\u00ebs dhe Fierit. Zoti Koni parashikon se k\u00ebto d\u00ebme kan\u00eb efekte t\u00eb gj\u00ebra n\u00eb ekonomi dhe pritet t\u00eb ndikojn\u00eb n\u00eb uljen e eksporteve deri n\u00eb 30%.<\/p>\n<p>P\u00ebrve\u00e7 t\u00eb mbjellave, d\u00ebme jan\u00eb krijuar edhe n\u00eb blegtori, n\u00eb ushqimin e kafsh\u00ebve, shpend\u00eb dhe pem\u00ebtari, banesa, rrug\u00eb dhe infrastruktura t\u00eb tjera.<\/p>\n<p>Fondet q\u00eb qeveria ka n\u00eb dispozicion n\u00ebp\u00ebrmjet emergjencave civile nuk plot\u00ebsojn\u00eb as 5% t\u00eb d\u00ebmeve t\u00eb deklaruara deri m\u00eb tani n\u00eb baz\u00eb t\u00eb sip\u00ebrfaqes s\u00eb p\u00ebrmbytur.<\/p>\n<p>Kryeministri Rama tha se fermer\u00ebt do t\u00eb d\u00ebmshp\u00ebrblehen nga p\u00ebrmbytjet e fundit, por\u00a0Ministria e Bujq\u00ebsis\u00eb\u00a0ende nuk e ka nj\u00eb fatur\u00eb finale rreth d\u00ebmeve, kostove, pasi t\u00eb dh\u00ebnat jan\u00eb n\u00eb p\u00ebrdit\u00ebsim.<\/p>\n<p>N\u00eb Shqip\u00ebri, humbjet p\u00ebr shkak t\u00eb klim\u00ebs p\u00ebrballohen t\u00ebr\u00ebsisht nga fermer\u00ebt pasi nuk funksionojn\u00eb skemat e sigurimeve, teksa qeveria jon\u00eb ofron mb\u00ebshtetje shum\u00eb t\u00eb ul\u00ebt p\u00ebr prodhuesit e cila nuk mjafton as n\u00eb koh\u00eb normale p\u00ebr kostot e larta q\u00eb p\u00ebrballet sektori.<\/p>\n<p><strong>Kulturat e d\u00ebmtuara n\u00eb 12 mij\u00eb ha sipas qarqeve, 5791 fermer\u00eb t\u00eb prekur<\/strong><\/p>\n<p>P\u00ebr momentin nuk ka nj\u00eb vler\u00ebsim zyrtar komb\u00ebtar total p\u00ebr humbjet monetare, por sipas t\u00eb dh\u00ebnave nga operativ\u00eb nga dikasteri i Bujq\u00ebsis\u00eb, deri m\u00eb dat\u00eb 16 janar reshjet, p\u00ebrmbytjet dhe ngricat e janarit kan\u00eb prekur rreth 5,791 fermer\u00eb dhe rreth 12,172 hektar\u00eb sip\u00ebrfaqe bujq\u00ebsore, si dhe 5,551 krer\u00eb bag\u00ebti dhe 147 koshere blet\u00ebsh. T\u00eb dh\u00ebnat jan\u00eb provizore dhe pritet t\u00eb p\u00ebrdit\u00ebsohen.<\/p>\n<p>N\u00eb\u00a0Fier\u00a0jan\u00eb d\u00ebmtuar gjer\u00ebsisht perimet 151 ha, drith\u00ebrat 1,250 ha dhe foragjeret 1,700 ha. Jan\u00eb raportuar edhe d\u00ebme shum\u00eb t\u00eb m\u00ebdha n\u00eb pem\u00eb frutore (rreth 300,000 rr\u00ebnj\u00eb), si dhe sip\u00ebrfaqe me vreshta dhe ullinj. Fieri \u00ebsht\u00eb nj\u00eb nga qarqet me goditjen m\u00eb t\u00eb fort\u00eb n\u00eb bujq\u00ebsi.<\/p>\n<p>Qarku i Beratit ka d\u00ebme t\u00eb shp\u00ebrndara n\u00eb disa kultura \u2013 247 ha drith\u00ebra, 368 ha foragjere, 270 ha kultura t\u00eb tjera dhe 192 ha pem\u00eb frutore.<\/p>\n<p>Kor\u00e7a ka nj\u00eb nga sip\u00ebrfaqet m\u00eb t\u00eb m\u00ebdha t\u00eb prekura me drith\u00ebra 1,360 ha dhe foragjere 415 ha, duke u renditur nd\u00ebr qarqet m\u00eb t\u00eb goditura p\u00ebr k\u00ebto kultura.<\/p>\n<p>N\u00eb Gjirokast\u00ebr, d\u00ebmet jan\u00eb m\u00eb t\u00eb kufizuara me rreth 85 ha drith\u00ebra, 9 ha foragjere, si dhe d\u00ebme n\u00eb pem\u00eb frutore 5,700 rr\u00ebnj\u00eb dhe vreshta 24,000 rr\u00ebnj\u00eb.<\/p>\n<p>N\u00eb\u00a0Vlor\u00eb\u00a0jan\u00eb prekur kryesisht drith\u00ebrat 80 ha, foragjeret (25 ha) dhe nj\u00eb sip\u00ebrfaqe e vog\u00ebl me perime 2 ha, si dhe pem\u00eb frutore 12,000 rr\u00ebnj\u00eb.<\/p>\n<p>N\u00eb\u00a0Elbasan\u00a0jan\u00eb raportuar d\u00ebme m\u00eb t\u00eb kufizuara 36 ha drith\u00ebra, 23 ha foragjere, si dhe d\u00ebme n\u00eb pem\u00eb frutore 1,600 rr\u00ebnj\u00eb dhe vreshta 280 rr\u00ebnj\u00eb.<\/p>\n<p>N\u00eb\u00a0Shkod\u00ebr\u00a0dhe\u00a0Lezh\u00eb\u00a0d\u00ebmet jan\u00eb p\u00ebrqendruar kryesisht n\u00eb drith\u00ebra, foragjere dhe perime dim\u00ebrore, p\u00ebr shkak t\u00eb p\u00ebrmbytjeve. Shum\u00eb sip\u00ebrfaqe kan\u00eb qen\u00eb n\u00ebn uj\u00eb p\u00ebr disa dit\u00eb, duke rritur rrezikun e humbjes s\u00eb prodhimit.<\/p>\n<p>N\u00eb Tiran\u00eb dhe\u00a0Durr\u00ebs\u00a0jan\u00eb d\u00ebmtuar drith\u00ebra, foragjere dhe perime, si dhe pem\u00eb frutore dhe vreshta.<\/p>\n<p>N\u00eb disa zona t\u00eb Durr\u00ebsit, d\u00ebmi ka arritur deri n\u00eb 96% p\u00ebr disa kultura.<\/p>\n<p>Nj\u00eb nivel komb\u00ebtar, drith\u00ebrat jan\u00eb d\u00ebmtuar n\u00eb rreth 3,598 ha, foragjeret rreth 3,148 ha, kultura t\u00eb tjera bujq\u00ebsore rreth 4,151 ha, perime dhe luleshtrydhe rreth 480 hektar\u00eb, kryesisht n\u00eb serra, nd\u00ebrsa pem\u00eb frutore, vreshta dhe ullinj, rreth 790 hektar\u00eb.<\/p>\n<p><strong>Blegtoria, 5551 krer\u00eb t\u00eb prekur<\/strong><\/p>\n<p>P\u00ebrmbytjet dhe ngricat e janarit 2026 kan\u00eb goditur r\u00ebnd\u00eb jo vet\u00ebm kulturat bujq\u00ebsore, por edhe blegtorin\u00eb dhe bletarin\u00eb. Drith\u00ebrat, foragjeret dhe pem\u00ebtaria jan\u00eb nd\u00ebr sektor\u00ebt m\u00eb t\u00eb prekur, nd\u00ebrsa n\u00eb blegtori, problemi kryesor mbetet humbja e ushqimit dhe d\u00ebmtimi i stallave.<\/p>\n<p>N\u00eb bletari, d\u00ebmet jan\u00eb m\u00eb t\u00eb kufizuara n\u00eb num\u00ebr, por me ndikim t\u00eb madh ekonomik p\u00ebr fermer\u00ebt e vegj\u00ebl. Situata mbetet dinamike dhe pritet q\u00eb shifrat t\u00eb rishikohen me raportime t\u00eb reja nga terreni.<\/p>\n<p>T\u00eb dh\u00ebna operative nga Ministria e Bujq\u00ebsis\u00eb, tregojn\u00eb se jan\u00eb raportuar edhe d\u00ebme n\u00eb blegtori, me rreth 5,551 krer\u00eb t\u00eb prekur n\u00eb rang vendi. D\u00ebmet p\u00ebrfshijn\u00eb humbje t\u00eb pjesshme t\u00eb bag\u00ebtive nga p\u00ebrmbytjet ose shembja e stallave n\u00eb disa zona.<\/p>\n<p>D\u00ebmtim t\u00eb baz\u00ebs ushqimore p\u00ebr bag\u00ebtin\u00eb, sidomos n\u00eb qarqet ku jan\u00eb p\u00ebrmbytur foragjeret dhe drith\u00ebrat (si Fier,\u00a0Kor\u00e7\u00eb,\u00a0Berat, Lezh\u00eb dhe Shkod\u00ebr) dhe rrezik p\u00ebr sh\u00ebndetin e gj\u00ebs\u00eb s\u00eb gjall\u00eb nga lag\u00ebshtia, t\u00eb ftohtit dhe mungesa e ushqimit.<\/p>\n<p>Gjithashtu, n\u00eb rang vendi, jan\u00eb raportuar 147 koshere t\u00eb d\u00ebmtuara. D\u00ebmet n\u00eb bletari lidhen kryesisht me p\u00ebrmbytjen e zonave ku ndodheshin kosheret, si dhe t\u00eb ftohtin dhe ngricat, q\u00eb dob\u00ebsojn\u00eb kolonit\u00eb e blet\u00ebve.<\/p>\n<p><strong>Nga prodhimi n\u00eb treg, 14-30 miliard\u00eb lek\u00eb d\u00ebm n\u00eb bujq\u00ebsi<\/strong><\/p>\n<p>Duke e bazuar n\u00eb sip\u00ebrfaqet dhe llojet e prodhimeve t\u00eb d\u00ebmtuara d\u00ebmet financiare p\u00ebr prodhuesit, duke p\u00ebrfshir\u00eb xhiron e humbur nga prodhimet q\u00eb nuk arrit\u00ebn t\u00eb dalin n\u00eb treg dhe humbjet e mundshme n\u00eb eksport, luhaten nga 14 deri n\u00eb 30 miliard\u00eb lek\u00eb, sipas vler\u00ebsimeve paraprake.<\/p>\n<p>N\u00eb nivele specifike drith\u00ebrat, t\u00eb kultivuara n\u00eb 3?598 hektar\u00eb, kan\u00eb humbur vlera q\u00eb llogariten nga 2.88 deri n\u00eb 4.32 miliard\u00eb lek\u00eb.<\/p>\n<p>Foragjeret, n\u00eb 3?148 hektar\u00eb tok\u00eb, p\u00ebrb\u00ebjn\u00eb nj\u00eb humbje prej 1.57 deri n\u00eb 3.15 miliard\u00eb lek\u00eb. N\u00eb rastin e kultivimeve t\u00eb tjera bujq\u00ebsore, q\u00eb z\u00ebn\u00eb 4?151 hektar\u00eb, d\u00ebmet llogariten nga 3.32 deri n\u00eb 6.23 miliard\u00eb lek\u00eb.<\/p>\n<p>Humbjet p\u00ebr perimet dhe luleshtrydhet, kryesisht n\u00eb 480 hektar\u00eb serrash intensive, arrijn\u00eb 4.8 deri n\u00eb 12 miliard\u00eb lek\u00eb, nd\u00ebrsa pem\u00ebt frutore, vreshtat dhe ullinjt\u00eb, q\u00eb z\u00ebn\u00eb 790 hektar\u00eb, p\u00ebrfaq\u00ebsojn\u00eb nj\u00eb humbje prej 1.58 deri n\u00eb 3.95 miliard\u00eb lek\u00eb.<\/p>\n<p>Ekspert\u00ebt kan\u00eb kategorizuar sip\u00ebrfaqet e d\u00ebmtuara sipas kultur\u00ebs dhe kan\u00eb p\u00ebrdorur rendimentet mesatare p\u00ebr hektar, t\u00eb dh\u00ebna nga statistikat e Ministris\u00eb s\u00eb Bujq\u00ebsis\u00eb dhe nga p\u00ebrvojat konkrete t\u00eb fermer\u00ebve.<\/p>\n<p>P\u00ebr drith\u00ebrat dhe foragjeret jan\u00eb p\u00ebrdorur rendimente relativisht t\u00eb ul\u00ebta, nd\u00ebrsa perimet intensive dhe serrat japin fitime shum\u00eb her\u00eb m\u00eb t\u00eb larta. Humbja p\u00ebr secil\u00ebn kategori \u00ebsht\u00eb llogaritur duke shum\u00ebzuar sip\u00ebrfaqen e d\u00ebmtuar me xhiron bruto mesatare p\u00ebr hektar, duke marr\u00eb parasysh nj\u00eb gam\u00eb skenar\u00ebsh nga pesimist\u00eb deri tek optimist\u00eb.<\/p>\n<p>Humbjet p\u00ebr fermer\u00ebt prodhues p\u00ebrllogariten deri n\u00eb 140-150 milion\u00eb euro, por vlera n\u00eb treg e k\u00ebtyre prodhimeve \u00ebsht\u00eb rreth 300 milion\u00eb euro, duke p\u00ebrfshir\u00eb edhe produktet q\u00eb nuk arrit\u00ebn t\u00eb shiteshin dhe t\u00eb ardhurat e humbura nga eksporti.<\/p>\n<p>Nj\u00eb hektar serrash q\u00eb nuk ka mundur t\u00eb dal\u00eb n\u00eb treg p\u00ebrkthehet n\u00eb dhjet\u00ebra milion\u00eb lek\u00eb t\u00eb humbura, nd\u00ebrsa humbjet n\u00eb drith\u00ebra dhe foragjeret ndikojn\u00eb n\u00eb furnizimin e bag\u00ebtis\u00eb dhe zinxhirin e ushqimit.<\/p>\n<p>N\u00eb blegtori dhe n\u00eb bujq\u00ebsi, d\u00ebmet variojn\u00eb nga 280-570 milion\u00eb lek\u00eb. P\u00ebr t\u00eb vler\u00ebsuar humbjen ekonomike, \u00ebsht\u00eb p\u00ebrdorur nj\u00eb metod\u00eb e bazuar n\u00eb praktik\u00ebn e p\u00ebrditshme t\u00eb fermave dhe t\u00eb dh\u00ebnat e Ministris\u00eb s\u00eb Bujq\u00ebsis\u00eb.<\/p>\n<p>\u00c7do krer\u00eb ka nj\u00eb kosto mesatare prej 50?000 deri 100?000 lek\u00ebsh p\u00ebr nj\u00eb sezon p\u00ebr ushqimin dhe sh\u00ebrbimin. Bazuar n\u00eb k\u00ebt\u00eb vler\u00ebsim, d\u00ebmet nga bag\u00ebtia arrijn\u00eb n\u00eb total rreth 280\u2013570 milion\u00eb lek\u00eb, duke reflektuar humbjet p\u00ebr fermer\u00ebt dhe investimet e shpenzuara p\u00ebr p\u00ebrkujdesjen e kafsh\u00ebve. N\u00eb bletari, situata \u00ebsht\u00eb m\u00eb e kufizuar n\u00eb num\u00ebr, por me ndikim t\u00eb madh ekonomik p\u00ebr fermer\u00ebt e vegj\u00ebl.<\/p>\n<p>Jan\u00eb raportuar 147 koshere t\u00eb d\u00ebmtuara, kryesisht nga p\u00ebrmbytjet dhe ngricat q\u00eb dob\u00ebsuan kolonit\u00eb e blet\u00ebve dhe shkat\u00ebrruan prodhimin e mjaltit. Vlera mesatare e nj\u00eb koshere \u00ebsht\u00eb llogaritur rreth 50?000\u2013100?000 lek\u00eb, duke dh\u00ebn\u00eb nj\u00eb humbje totale p\u00ebr bletarin\u00eb prej rreth 7\u201315 milion\u00eb lek\u00eb.<\/p>\n<p>Por sipas ekspert\u00ebve, humbjet shkojn\u00eb p\u00ebrtej familjeve fermere, pasi ato godasin tregjet e grumbullimit, p\u00ebrpunimit dhe eksportit, duke ulur sasin\u00eb e mallrave n\u00eb treg dhe duke rritur presionin mbi \u00e7mimet e brendshme.<\/p>\n<p>\u00c7do hektar i d\u00ebmtuar \u00ebsht\u00eb mij\u00ebra kilogram\u00eb perimesh, drith\u00ebrash dhe frutash q\u00eb nuk arrijn\u00eb n\u00eb treg, nj\u00eb kosto q\u00eb ndikon n\u00eb ekonomin\u00eb komb\u00ebtare dhe n\u00eb sigurimin e ushqimit p\u00ebr qytetar\u00ebt.<\/p>\n<p><strong>Miliona t\u00eb tjera d\u00ebme, nga rrug\u00ebt te sht\u00ebpit\u00eb<\/strong><\/p>\n<p>P\u00ebrmbytjet e janarit 2026 nuk shkat\u00ebrruan vet\u00ebm tok\u00ebn bujq\u00ebsore dhe fermat, por kan\u00eb p\u00ebrfshir\u00eb edhe komunitetet urbane dhe infrastruktur\u00ebn e vendit, duke nxjerr\u00eb n\u00eb pah dob\u00ebsit\u00eb strukturore t\u00eb menaxhimit t\u00eb ujit dhe planifikimit urban n\u00eb Shqip\u00ebri.<\/p>\n<p>Sipas raportimeve nga emergjencat civile t\u00eb pakt\u00ebn 1?587 banesa jan\u00eb p\u00ebrmbytur n\u00eb t\u00eb gjith\u00eb vendin, nd\u00ebrsa mij\u00ebra t\u00eb tjera jan\u00eb ndikuar nga uj\u00ebrat q\u00eb kan\u00eb hyr\u00eb brenda sht\u00ebpive, kan\u00eb d\u00ebmtuar mobilie, pajisje dhe infrastruktur\u00eb t\u00eb brendshme.<\/p>\n<p>N\u00eb disa zona, banor\u00ebt raportojn\u00eb d\u00ebme q\u00eb tejkalojn\u00eb dhjet\u00ebra miliona lek\u00eb p\u00ebr familje, me pajisje sht\u00ebpiake, mobilie dhe struktura t\u00eb brendshme t\u00eb pap\u00ebrdorshme pasi uji ka dep\u00ebrtuar thell\u00eb n\u00eb hap\u00ebsirat jet\u00ebsore.<\/p>\n<p>K\u00ebto humbje, t\u00eb shp\u00ebrndara n\u00eb mij\u00ebra sht\u00ebpi, p\u00ebrb\u00ebjn\u00eb nj\u00eb ngarkes\u00eb t\u00eb r\u00ebnd\u00eb financiare p\u00ebr familjet e prekura dhe tregojn\u00eb nj\u00eb pamje t\u00eb qart\u00eb se sa i cenuesh\u00ebm \u00ebsht\u00eb strehimi vendas ndaj motit ekstrem dhe munges\u00ebs s\u00eb sistemeve efektive t\u00eb parandalimit t\u00eb p\u00ebrmbytjeve.<\/p>\n<p>N\u00eb an\u00ebn tjet\u00ebr, rrjetet e transportit, arteriet q\u00eb lidhin qytetet dhe fshatrat u godit\u00ebn n\u00eb m\u00ebnyr\u00eb t\u00eb konsiderueshme. Rrug\u00ebt kryesore u bllokuan p\u00ebr shkak t\u00eb ujit dhe rr\u00ebshqitjeve, duke shkaktuar nd\u00ebrprerje t\u00eb qarkullimit dhe izolim t\u00eb disa komuniteteve rurale. Jan\u00eb raportuar edhe shembje t\u00eb pjesshme t\u00eb segmenteve t\u00eb rrug\u00ebve dhe d\u00ebmtime t\u00eb mbikalimeve.<\/p>\n<p>Ekspert\u00ebt kan\u00eb p\u00ebrllogaritur se vet\u00ebm shkat\u00ebrrimi dhe riparimi i segmenteve rrugore kryesore mund t\u00eb arrij\u00eb dhjet\u00ebra deri n\u00eb qindra milion\u00eb euro n\u00eb nj\u00eb vit normal, p\u00ebr shkak t\u00eb nevoj\u00ebs p\u00ebr rivendosje t\u00eb shtresave rrugore, urave etj.<\/p>\n<p><strong>Eksportet\u00a0e frutave dhe zarzavateve pritet t\u00eb bien me 20-30%<\/strong><\/p>\n<p>Eksportet e frutave dhe perimeve arrit\u00ebn nj\u00eb vler\u00eb prej 19 miliard\u00eb lek\u00ebsh n\u00eb 11-mujorin e vitit 2025, sipas t\u00eb dh\u00ebnave zyrtare t\u00eb INSTAT, por p\u00ebr t\u00eb gjith\u00eb vitin 2025, vlera e tyre pritet t\u00eb kaloj\u00eb mbi 210 milion\u00eb euro.<\/p>\n<p>Eksportuesit paralajm\u00ebrojn\u00eb se d\u00ebmet e shkaktuara nga p\u00ebrmbytjet dhe ngricat n\u00eb serrat e vendit mund t\u00eb ulin volumin e prodhimit q\u00eb shkon n\u00eb tregjet nd\u00ebrkomb\u00ebtare deri n\u00eb 10\u201330%, duke \u00e7uar n\u00eb nj\u00eb humbje t\u00eb pritshme n\u00eb vler\u00eb midis 21 dhe 63 milion\u00eb eurosh t\u00eb vler\u00ebs s\u00eb eksporteve bujq\u00ebsore, grupi m\u00eb i q\u00ebndruesh\u00ebm n\u00eb rritje, si n\u00eb volum dhe n\u00eb vler\u00eb, n\u00eb vitin 2025.<\/p>\n<p>Ruzhdi Koni, eksportues i njohur, n\u00ebnvizon se \u201c<em>serrat e specializuara p\u00ebr eksport jan\u00eb goditur r\u00ebnd\u00eb dhe nj\u00eb pjes\u00eb e konsiderueshme e prodhimit nuk mund t\u00eb shkoj\u00eb n\u00eb eksport. Kjo do t\u00eb ndikoj\u00eb menj\u00ebher\u00eb n\u00eb marr\u00ebdh\u00ebniet tona me partner\u00ebt dhe n\u00eb planifikimin p\u00ebr sezonet e ardhshme<\/em>\u201d.<\/p>\n<p>P\u00ebrtej humbjes direkte t\u00eb volumit t\u00eb eksportit, prodhuesit p\u00ebrballen edhe me shpenzime shtes\u00eb p\u00ebr riparimin e serrave dhe p\u00ebr sigurimin e cil\u00ebsis\u00eb s\u00eb perimeve q\u00eb mbeten, duke rritur presionin financiar mbi fermer\u00ebt.<\/p>\n<p>Humbja e nj\u00eb pjese t\u00eb konsiderueshme t\u00eb eksporteve nuk \u00ebsht\u00eb vet\u00ebm nj\u00eb sfid\u00eb p\u00ebr bizneset, por ka edhe efekt zinxhir mbi ekonomin\u00eb komb\u00ebtare, duke ndikuar n\u00eb pun\u00ebsimin rural, stabilitetin e \u00e7mimeve dhe konkurrenc\u00ebn e Shqip\u00ebris\u00eb n\u00eb tregjet nd\u00ebrkomb\u00ebtare.<\/p>\n<p>Ekspert\u00ebt e sektorit bujq\u00ebsor dhe p\u00ebrfaq\u00ebsuesit e fermer\u00ebve k\u00ebmb\u00ebngulin se duhet nj\u00eb qasje e integruar, q\u00eb p\u00ebrfshin investime n\u00eb infrastruktur\u00ebn e serrave, sisteme paralajm\u00ebruese dhe siguri klimatike, si dhe mb\u00ebshtetje financiare p\u00ebr eksportuesit q\u00eb p\u00ebrballen me humbje t\u00eb papritura.<\/p>\n<p>Pa k\u00ebto nd\u00ebrhyrje, vlerat e eksportit q\u00eb u desh\u00ebn t\u00eb sh\u00ebnonin rritje t\u00eb q\u00ebndrueshme rrezikojn\u00eb t\u00eb tkurren, duke e kthyer progresin e arritur n\u00eb sektorin bujq\u00ebsor n\u00eb nj\u00eb fitim t\u00eb pasigurt dhe t\u00eb cenuesh\u00ebm ndaj kapri\u00e7iove t\u00eb natyr\u00ebs.<\/p>\n<p><strong>Monitor<\/strong><\/p>\n","protected":false},"excerpt":{"rendered":"<p>25 Janar 2026 Dy hektar\u00eb serra t\u00eb shkat\u00ebrruara. Rreth 40 mij\u00eb euro investime t\u00eb humbura dhe mbi 100 mij\u00eb euro mall q\u00eb nuk do t\u00eb dal\u00eb kurr\u00eb n\u00eb treg \u00ebsht\u00eb fatura e ferm\u00ebs me serra perimesh t\u00eb Mirlind Sara\u00e7it n\u00eb Kosov\u00eb t\u00eb Vog\u00ebl t\u00eb Lushnj\u00ebs. P\u00ebrmbytjet e dit\u00ebve t\u00eb fundit i kan\u00eb shkaktuar d\u00ebme rreth [&hellip;]<\/p>\n","protected":false},"author":9,"featured_media":96909,"comment_status":"open","ping_status":"open","sticky":false,"template":"","format":"standard","meta":{"jetpack_post_was_ever_published":false,"_jetpack_newsletter_access":"","_jetpack_dont_email_post_to_subs":false,"_jetpack_newsletter_tier_id":0,"_jetpack_memberships_contains_paywalled_content":false,"_jetpack_memberships_contains_paid_content":false,"footnotes":"","jetpack_publicize_message":"","jetpack_publicize_feature_enabled":true,"jetpack_social_post_already_shared":true,"jetpack_social_options":{"image_generator_settings":{"template":"highway","default_image_id":0,"font":"","enabled":false},"version":2}},"categories":[27,1,2,35],"tags":[],"class_list":["post-96908","post","type-post","status-publish","format-standard","has-post-thumbnail","hentry","category-blogu-i-udhetarit","category-njoftime-shtypi","category-politika","category-shoqerore"],"jetpack_publicize_connections":[],"jetpack_featured_media_url":"https:\/\/i0.wp.com\/www.shqiperia.com\/blog\/wp-content\/uploads\/2026\/01\/Permbytje-6-bujqesi-1215.webp?fit=1181%2C787&ssl=1","jetpack_sharing_enabled":true,"jetpack_shortlink":"https:\/\/wp.me\/p5Z6wp-pd2","jetpack-related-posts":[{"id":57713,"url":"https:\/\/www.shqiperia.com\/blog\/shqiperi-modeli-i-biznesit-te-kanabisit-qe-po-ia-kalon-bujqesise\/","url_meta":{"origin":96908,"position":0},"title":"Shqiperi &#8211; Modeli i biznesit t\u00eb kanabisit, q\u00eb po ia \u201ckalon\u201d bujq\u00ebsis\u00eb","author":"Kurt Farka","date":"May 8, 2022","format":false,"excerpt":"Shqiperi - Modeli i biznesit t\u00eb kanabisit, q\u00eb po ia \u201ckalon\u201d bujq\u00ebsis\u00eb 08.05.22 EKONOMIFarat nga Holanda, deri n\u00eb 1 mld euro t\u00eb ardhura n\u00eb vit! Modeli i biznesit t\u00eb kanabisit, q\u00eb po ia \u201ckalon\u201d bujq\u00ebsis\u00eb Kultivimi i kanabisit n\u00eb t\u00eb zez\u00eb duket se \u00ebsht\u00eb dega m\u00eb produktive e bujq\u00ebsis\u00eb dhe\u2026","rel":"","context":"In &quot;Blogu i Udh\u00ebtarit&quot;","block_context":{"text":"Blogu i Udh\u00ebtarit","link":"https:\/\/www.shqiperia.com\/blog\/category\/blogu-i-udhetarit\/"},"img":{"alt_text":"","src":"https:\/\/i0.wp.com\/www.shqiperia.com\/blog\/wp-content\/uploads\/2022\/05\/hashashi-570x410-1.jpg?fit=570%2C334&ssl=1&resize=350%2C200","width":350,"height":200,"srcset":"https:\/\/i0.wp.com\/www.shqiperia.com\/blog\/wp-content\/uploads\/2022\/05\/hashashi-570x410-1.jpg?fit=570%2C334&ssl=1&resize=350%2C200 1x, https:\/\/i0.wp.com\/www.shqiperia.com\/blog\/wp-content\/uploads\/2022\/05\/hashashi-570x410-1.jpg?fit=570%2C334&ssl=1&resize=525%2C300 1.5x"},"classes":[]},{"id":40247,"url":"https:\/\/www.shqiperia.com\/blog\/vendi-i-punes-qe-paguhet-20-mije-euro-ne-muaj-por-qe-askush-nuk-e-deshiron\/","url_meta":{"origin":96908,"position":1},"title":"Vendi i pun\u00ebs q\u00eb paguhet 20 mij\u00eb euro n\u00eb muaj, por q\u00eb askush nuk e d\u00ebshiron","author":"Kurt Farka","date":"October 29, 2020","format":false,"excerpt":"Vendi i pun\u00ebs q\u00eb paguhet 20 mij\u00eb euro n\u00eb muaj, por q\u00eb askush nuk e d\u00ebshiron Ju do t\u00eb mendonit se nuk do t\u00eb ishte e v\u00ebshtir\u00eb q\u00eb doktor\u00eb nga e gjith\u00eb bota do t\u00eb shprehnin gatishm\u00ebrin\u00eb q\u00eb t\u00eb punojn\u00eb n\u00eb nj\u00eb vend t\u00eb bukur t\u00eb Zeland\u00ebs s\u00eb Re, n\u00eb\u2026","rel":"","context":"In &quot;Blogu i Udh\u00ebtarit&quot;","block_context":{"text":"Blogu i Udh\u00ebtarit","link":"https:\/\/www.shqiperia.com\/blog\/category\/blogu-i-udhetarit\/"},"img":{"alt_text":"","src":"https:\/\/i0.wp.com\/www.shqiperia.com\/blog\/wp-content\/uploads\/2020\/10\/Takora-Zelanda-s%C3%AB-Re.jpg?fit=750%2C450&ssl=1&resize=350%2C200","width":350,"height":200,"srcset":"https:\/\/i0.wp.com\/www.shqiperia.com\/blog\/wp-content\/uploads\/2020\/10\/Takora-Zelanda-s%C3%AB-Re.jpg?fit=750%2C450&ssl=1&resize=350%2C200 1x, https:\/\/i0.wp.com\/www.shqiperia.com\/blog\/wp-content\/uploads\/2020\/10\/Takora-Zelanda-s%C3%AB-Re.jpg?fit=750%2C450&ssl=1&resize=525%2C300 1.5x, https:\/\/i0.wp.com\/www.shqiperia.com\/blog\/wp-content\/uploads\/2020\/10\/Takora-Zelanda-s%C3%AB-Re.jpg?fit=750%2C450&ssl=1&resize=700%2C400 2x"},"classes":[]},{"id":70804,"url":"https:\/\/www.shqiperia.com\/blog\/fatura-e-frikshme-austriaket-kerkojne-150-mln-euro-nga-rama\/","url_meta":{"origin":96908,"position":2},"title":"Fatura e frikshme: &#8211; Austriak\u00ebt k\u00ebrkojn\u00eb 150 mln euro nga Rama","author":"Kurt Farka","date":"April 15, 2023","format":false,"excerpt":"15 Prill 2023 Nj\u00eb tjet\u00ebr gjyq arbitrazhi rrezikon Shqip\u00ebrin\u00eb, ku kompania Ivicom holding, k\u00ebrkon 150 milion\u00eb euro d\u00ebmshp\u00ebrblim pas prishjes s\u00eb nj\u00ebanshme t\u00eb marr\u00ebveshjes p\u00ebr nd\u00ebrtimin e nj\u00eb centrali n\u00eb zon\u00ebn e Kor\u00e7\u00ebs. Vet\u00ebm 1 jav\u00eb m\u00eb par\u00eb, Ministria e Financave ka paguar rreth 150 milion\u00eb lek\u00eb t\u00eb vjetra n\u00eb\u2026","rel":"","context":"In &quot;Blogu i Udh\u00ebtarit&quot;","block_context":{"text":"Blogu i Udh\u00ebtarit","link":"https:\/\/www.shqiperia.com\/blog\/category\/blogu-i-udhetarit\/"},"img":{"alt_text":"","src":"https:\/\/i0.wp.com\/www.shqiperia.com\/blog\/wp-content\/uploads\/2023\/04\/640-0-rama-1681546261.jpg?fit=640%2C403&ssl=1&resize=350%2C200","width":350,"height":200,"srcset":"https:\/\/i0.wp.com\/www.shqiperia.com\/blog\/wp-content\/uploads\/2023\/04\/640-0-rama-1681546261.jpg?fit=640%2C403&ssl=1&resize=350%2C200 1x, https:\/\/i0.wp.com\/www.shqiperia.com\/blog\/wp-content\/uploads\/2023\/04\/640-0-rama-1681546261.jpg?fit=640%2C403&ssl=1&resize=525%2C300 1.5x"},"classes":[]},{"id":98353,"url":"https:\/\/www.shqiperia.com\/blog\/toka-apartamente-makina-dyqane-si-majlinda-bufi-justifikon-mln-euro-pasuri-me-emigracionin-imagjinar\/","url_meta":{"origin":96908,"position":3},"title":"Toka, apartamente, makina, dyqane\/ Si Majlinda Bufi \u2018justifikon\u2019 mln euro pasuri me \u2018emigracionin\u2019 imagjinar","author":"Kurt Farka","date":"March 12, 2026","format":false,"excerpt":"12 Mars 2026 Mjlinda Bufi, ish deputete, Kryetare Bashkie. E b\u00ebm\u00eb jo pa q\u00ebllim k\u00ebt\u00eb jet\u00ebshkrim p\u00ebr kryebashkiaken e Roskovecit Majlinda Bufi dhe familjar\u00ebt e saj. Pasi sot Majlinda Bufi disponon nj\u00eb pasuri miliona euro, ku rreth 2. 7 milion\u00eb deklarohen sit \u00eb ardhura nga emigracioni. Ajo deklaron se nuk\u2026","rel":"","context":"In &quot;Njoftime Shtypi&quot;","block_context":{"text":"Njoftime Shtypi","link":"https:\/\/www.shqiperia.com\/blog\/category\/njoftime-shtypi\/"},"img":{"alt_text":"","src":"https:\/\/i0.wp.com\/www.shqiperia.com\/blog\/wp-content\/uploads\/2026\/03\/Majlinda-Bufi.jpg?fit=1200%2C800&ssl=1&resize=350%2C200","width":350,"height":200,"srcset":"https:\/\/i0.wp.com\/www.shqiperia.com\/blog\/wp-content\/uploads\/2026\/03\/Majlinda-Bufi.jpg?fit=1200%2C800&ssl=1&resize=350%2C200 1x, https:\/\/i0.wp.com\/www.shqiperia.com\/blog\/wp-content\/uploads\/2026\/03\/Majlinda-Bufi.jpg?fit=1200%2C800&ssl=1&resize=525%2C300 1.5x, https:\/\/i0.wp.com\/www.shqiperia.com\/blog\/wp-content\/uploads\/2026\/03\/Majlinda-Bufi.jpg?fit=1200%2C800&ssl=1&resize=700%2C400 2x, https:\/\/i0.wp.com\/www.shqiperia.com\/blog\/wp-content\/uploads\/2026\/03\/Majlinda-Bufi.jpg?fit=1200%2C800&ssl=1&resize=1050%2C600 3x"},"classes":[]},{"id":52873,"url":"https:\/\/www.shqiperia.com\/blog\/sa-vlen-puna-ne-shqiperi-me-19-minuta-blen-nje-buke-me-500-ore-1-meter-katror-banese-ne-tirane-me-te-ardhurat-zyrtare-duhen-30-vjet-per-te-blere-nje-shtepi\/","url_meta":{"origin":96908,"position":4},"title":"Sa vlen puna n\u00eb Shqip\u00ebri? Me 19 minuta blen nj\u00eb buk\u00eb, me 500 or\u00eb, 1 met\u00ebr katror banes\u00eb n\u00eb Tiran\u00eb. Me t\u00eb ardhurat zyrtare duhen 30 vjet p\u00ebr t\u00eb bler\u00eb nj\u00eb sht\u00ebpi","author":"Kurt Farka","date":"January 4, 2022","format":false,"excerpt":"Sa vlen puna n\u00eb Shqip\u00ebri? Me 19 minuta blen nj\u00eb buk\u00eb, me 500 or\u00eb, 1 met\u00ebr katror banes\u00eb n\u00eb Tiran\u00eb. Me t\u00eb ardhurat zyrtare duhen 30 vjet p\u00ebr t\u00eb bler\u00eb nj\u00eb sht\u00ebpi 3 Janar 2022 Ndonj\u00ebher\u00eb ndodh t\u00eb zgjohemi n\u00eb m\u00ebngjes dhe t\u00eb pyesim veten p\u00ebrse punojm\u00eb. P\u00ebrse duhet t\u00eb\u2026","rel":"","context":"In &quot;Blogu i Udh\u00ebtarit&quot;","block_context":{"text":"Blogu i Udh\u00ebtarit","link":"https:\/\/www.shqiperia.com\/blog\/category\/blogu-i-udhetarit\/"},"img":{"alt_text":"","src":"https:\/\/i0.wp.com\/www.shqiperia.com\/blog\/wp-content\/uploads\/2022\/01\/269704346_3194159974140617_6229501087021222878_n.jpg?fit=662%2C375&ssl=1&resize=350%2C200","width":350,"height":200,"srcset":"https:\/\/i0.wp.com\/www.shqiperia.com\/blog\/wp-content\/uploads\/2022\/01\/269704346_3194159974140617_6229501087021222878_n.jpg?fit=662%2C375&ssl=1&resize=350%2C200 1x, https:\/\/i0.wp.com\/www.shqiperia.com\/blog\/wp-content\/uploads\/2022\/01\/269704346_3194159974140617_6229501087021222878_n.jpg?fit=662%2C375&ssl=1&resize=525%2C300 1.5x"},"classes":[]},{"id":72489,"url":"https:\/\/www.shqiperia.com\/blog\/cdo-vit-shtohen-rreth-40-mije-pensioniste\/","url_meta":{"origin":96908,"position":5},"title":"\u00c7do vit shtohen rreth 40 mij\u00eb pensionist\u00eb.","author":"Kurt Farka","date":"June 28, 2023","format":false,"excerpt":"28 Qershor 2023 Astrit Hado, Drejtor i Institutit t\u00eb Sigurimeve Shoq\u00ebrore thot\u00eb se fenomenet me t\u00eb cilat po p\u00ebrballet skema e pensioneve jan\u00eb pjes\u00eb e skenar\u00ebve t\u00eb parashikuar. Largimi I fuqis\u00eb pun\u00ebtore, rritja e jet\u00ebgjat\u00ebsis\u00eb dhe r\u00ebnia e numrit t\u00eb lindjeve deri diku ishin t\u00eb pritshme, por ngjarje t\u00eb pamenduara\u2026","rel":"","context":"In &quot;Blogu i Udh\u00ebtarit&quot;","block_context":{"text":"Blogu i Udh\u00ebtarit","link":"https:\/\/www.shqiperia.com\/blog\/category\/blogu-i-udhetarit\/"},"img":{"alt_text":"","src":"https:\/\/i0.wp.com\/www.shqiperia.com\/blog\/wp-content\/uploads\/2023\/06\/pensionistet.jpg?fit=800%2C528&ssl=1&resize=350%2C200","width":350,"height":200,"srcset":"https:\/\/i0.wp.com\/www.shqiperia.com\/blog\/wp-content\/uploads\/2023\/06\/pensionistet.jpg?fit=800%2C528&ssl=1&resize=350%2C200 1x, https:\/\/i0.wp.com\/www.shqiperia.com\/blog\/wp-content\/uploads\/2023\/06\/pensionistet.jpg?fit=800%2C528&ssl=1&resize=525%2C300 1.5x, https:\/\/i0.wp.com\/www.shqiperia.com\/blog\/wp-content\/uploads\/2023\/06\/pensionistet.jpg?fit=800%2C528&ssl=1&resize=700%2C400 2x"},"classes":[]}],"_links":{"self":[{"href":"https:\/\/www.shqiperia.com\/blog\/wp-json\/wp\/v2\/posts\/96908","targetHints":{"allow":["GET"]}}],"collection":[{"href":"https:\/\/www.shqiperia.com\/blog\/wp-json\/wp\/v2\/posts"}],"about":[{"href":"https:\/\/www.shqiperia.com\/blog\/wp-json\/wp\/v2\/types\/post"}],"author":[{"embeddable":true,"href":"https:\/\/www.shqiperia.com\/blog\/wp-json\/wp\/v2\/users\/9"}],"replies":[{"embeddable":true,"href":"https:\/\/www.shqiperia.com\/blog\/wp-json\/wp\/v2\/comments?post=96908"}],"version-history":[{"count":2,"href":"https:\/\/www.shqiperia.com\/blog\/wp-json\/wp\/v2\/posts\/96908\/revisions"}],"predecessor-version":[{"id":96932,"href":"https:\/\/www.shqiperia.com\/blog\/wp-json\/wp\/v2\/posts\/96908\/revisions\/96932"}],"wp:featuredmedia":[{"embeddable":true,"href":"https:\/\/www.shqiperia.com\/blog\/wp-json\/wp\/v2\/media\/96909"}],"wp:attachment":[{"href":"https:\/\/www.shqiperia.com\/blog\/wp-json\/wp\/v2\/media?parent=96908"}],"wp:term":[{"taxonomy":"category","embeddable":true,"href":"https:\/\/www.shqiperia.com\/blog\/wp-json\/wp\/v2\/categories?post=96908"},{"taxonomy":"post_tag","embeddable":true,"href":"https:\/\/www.shqiperia.com\/blog\/wp-json\/wp\/v2\/tags?post=96908"}],"curies":[{"name":"wp","href":"https:\/\/api.w.org\/{rel}","templated":true}]}}