{"id":96905,"date":"2026-01-25T14:26:32","date_gmt":"2026-01-25T14:26:32","guid":{"rendered":"https:\/\/www.shqiperia.com\/blog\/?p=96905"},"modified":"2026-01-25T14:56:37","modified_gmt":"2026-01-25T14:56:37","slug":"toksikologet-paralajmerojne-nderkohe-se-gazit-te-skaduar-i-hedhur-mbi-protestuesit-mund-te-shkaktoje-probleme-afatgjata-me-frymemarrjen-dhe-deri-te-demtimet-e-perhershme-te-syve","status":"publish","type":"post","link":"https:\/\/www.shqiperia.com\/blog\/toksikologet-paralajmerojne-nderkohe-se-gazit-te-skaduar-i-hedhur-mbi-protestuesit-mund-te-shkaktoje-probleme-afatgjata-me-frymemarrjen-dhe-deri-te-demtimet-e-perhershme-te-syve\/","title":{"rendered":"Toksikolog\u00ebt paralajm\u00ebrojn\u00eb nd\u00ebrkoh\u00eb se gazit t\u00eb skaduar i hedhur mbi protestuesit mund t\u00eb shkaktoj\u00eb probleme afatgjata me frym\u00ebmarrjen dhe deri te d\u00ebmtimet e p\u00ebrhershme t\u00eb syve"},"content":{"rendered":"<p><img data-recalc-dims=\"1\" loading=\"lazy\" decoding=\"async\" data-attachment-id=\"96906\" data-permalink=\"https:\/\/www.shqiperia.com\/blog\/toksikologet-paralajmerojne-nderkohe-se-gazit-te-skaduar-i-hedhur-mbi-protestuesit-mund-te-shkaktoje-probleme-afatgjata-me-frymemarrjen-dhe-deri-te-demtimet-e-perhershme-te-syve\/auto_gaz1769296017\/\" data-orig-file=\"https:\/\/i0.wp.com\/www.shqiperia.com\/blog\/wp-content\/uploads\/2026\/01\/auto_gaz1769296017.jpg?fit=900%2C552&amp;ssl=1\" data-orig-size=\"900,552\" data-comments-opened=\"1\" data-image-meta=\"{&quot;aperture&quot;:&quot;0&quot;,&quot;credit&quot;:&quot;&quot;,&quot;camera&quot;:&quot;&quot;,&quot;caption&quot;:&quot;&quot;,&quot;created_timestamp&quot;:&quot;0&quot;,&quot;copyright&quot;:&quot;&quot;,&quot;focal_length&quot;:&quot;0&quot;,&quot;iso&quot;:&quot;0&quot;,&quot;shutter_speed&quot;:&quot;0&quot;,&quot;title&quot;:&quot;&quot;,&quot;orientation&quot;:&quot;0&quot;}\" data-image-title=\"auto_gaz1769296017\" data-image-description=\"\" data-image-caption=\"\" data-medium-file=\"https:\/\/i0.wp.com\/www.shqiperia.com\/blog\/wp-content\/uploads\/2026\/01\/auto_gaz1769296017.jpg?fit=300%2C184&amp;ssl=1\" data-large-file=\"https:\/\/i0.wp.com\/www.shqiperia.com\/blog\/wp-content\/uploads\/2026\/01\/auto_gaz1769296017.jpg?fit=900%2C552&amp;ssl=1\" class=\"alignnone wp-image-96906\" alt=\"\" src=\"https:\/\/i0.wp.com\/www.shqiperia.com\/blog\/wp-content\/uploads\/2026\/01\/auto_gaz1769296017.jpg?resize=634%2C389&#038;ssl=1\" width=\"634\" height=\"389\" srcset=\"https:\/\/i0.wp.com\/www.shqiperia.com\/blog\/wp-content\/uploads\/2026\/01\/auto_gaz1769296017.jpg?resize=300%2C184&amp;ssl=1 300w, https:\/\/i0.wp.com\/www.shqiperia.com\/blog\/wp-content\/uploads\/2026\/01\/auto_gaz1769296017.jpg?resize=768%2C471&amp;ssl=1 768w, https:\/\/i0.wp.com\/www.shqiperia.com\/blog\/wp-content\/uploads\/2026\/01\/auto_gaz1769296017.jpg?resize=450%2C276&amp;ssl=1 450w, https:\/\/i0.wp.com\/www.shqiperia.com\/blog\/wp-content\/uploads\/2026\/01\/auto_gaz1769296017.jpg?resize=600%2C368&amp;ssl=1 600w, https:\/\/i0.wp.com\/www.shqiperia.com\/blog\/wp-content\/uploads\/2026\/01\/auto_gaz1769296017.jpg?resize=400%2C245&amp;ssl=1 400w, https:\/\/i0.wp.com\/www.shqiperia.com\/blog\/wp-content\/uploads\/2026\/01\/auto_gaz1769296017.jpg?w=900&amp;ssl=1 900w\" sizes=\"auto, (max-width: 634px) 100vw, 634px\" \/><\/p>\n<p><span>25 Janar 2026<\/span><\/p>\n<p>Nga: <span>Top Channe<\/span><\/p>\n<p><span>Policia dhe Garda e Republik\u00ebs akuzohen se kan\u00eb p\u00ebrdorur gaz lotsjell\u00ebs t\u00eb skaduar n\u00eb protest\u00ebn e organizuar nga Partia Demokratike t\u00eb shtun\u00ebn. Fotot nga granatat e hedhura p\u00ebr t\u00eb shp\u00ebrndar\u00eb turmat te Kryeministri dhe Kuvendi tregojn\u00eb se gazi ka skaduar q\u00eb n\u00eb vitin 2023. Kontaktuar nga Top Ne\u00ebs, ekspert\u00eb sigurie dhe toksikolog\u00eb deklarojn\u00eb se kur gazi lotsjell\u00ebs \u00ebsht\u00eb i skaduar, efektet e d\u00ebmshme q\u00eb shkakton jan\u00eb shum\u00eb her\u00eb m\u00eb t\u00eb forta se n\u00eb rastet kur \u00ebsht\u00eb brenda afatit t\u00eb p\u00ebrdorimit. <\/span><\/p>\n<p><span>Sipas ekspert\u00ebve, kur \u00ebsht\u00eb i skaduar ka nj\u00eb reaksion zinxhir kimik t\u00eb paparashikuesh\u00ebm, ku mund t\u00eb degradoj\u00eb dhe t\u00eb clirohet n\u00eb m\u00ebnyr\u00eb t\u00eb pakontrolluar duke shkaktuar rrezik t\u00eb lart\u00eb irrimit te syt\u00eb, mushk\u00ebrit\u00eb dhe l\u00ebkur\u00ebn. <\/span><\/p>\n<p><span>N\u00eb k\u00ebt\u00eb rast, ai shkakton djegie t\u00eb forta n\u00eb sy, lotim t\u00eb pakontrolluesh\u00ebm, irritim t\u00eb rrug\u00ebve t\u00eb frym\u00ebmarrjes, v\u00ebshtir\u00ebsi n\u00eb frym\u00ebmarrje, t\u00eb vjella, ndjesi paniku dhe djegie e l\u00ebkur\u00ebs, sidomos n\u00eb koh\u00eb me lag\u00ebshti. <\/span><\/p>\n<p><span>Toksikolog\u00ebt paralajm\u00ebrojn\u00eb nd\u00ebrkoh\u00eb se p\u00ebrdorimi i gazit t\u00eb skaduar mund t\u00eb shkaktoj\u00eb probleme afatgjata me frym\u00ebmarrjen dhe deri te d\u00ebmtimet e p\u00ebrhershme t\u00eb syve. Top News \u00ebsht\u00eb televizion informativ, i hapur n\u00eb shkurt t\u00eb vitit 2007. I konceptuar si format news, prioritet i saj \u00ebsht\u00eb informimi i publikut p\u00ebrmes lajmit t\u00eb fundit. Lidhje live p\u00ebr politik\u00ebn, aktualitetin, kronik\u00ebn, ekonomin\u00eb, rajonin, bot\u00ebn, sportin, teknologjin\u00eb dhe show biz-in. \u201c Informohu i pari\u201d , slogani p\u00ebr 24 or\u00eb lajme . Sjellim ndryshe realitetin mediatik n\u00eb Shqip\u00ebri, ofrojm\u00eb nj\u00eb burim informacioni t\u00eb sakt\u00eb, t\u00eb shpejt\u00eb, t\u00eb besuesh\u00ebm dhe t\u00eb thelluar. <\/span><\/p>\n","protected":false},"excerpt":{"rendered":"<p>25 Janar 2026 Nga: Top Channe Policia dhe Garda e Republik\u00ebs akuzohen se kan\u00eb p\u00ebrdorur gaz lotsjell\u00ebs t\u00eb skaduar n\u00eb protest\u00ebn e organizuar nga Partia Demokratike t\u00eb shtun\u00ebn. Fotot nga granatat e hedhura p\u00ebr t\u00eb shp\u00ebrndar\u00eb turmat te Kryeministri dhe Kuvendi tregojn\u00eb se gazi ka skaduar q\u00eb n\u00eb vitin 2023. Kontaktuar nga Top Ne\u00ebs, ekspert\u00eb [&hellip;]<\/p>\n","protected":false},"author":9,"featured_media":96906,"comment_status":"open","ping_status":"open","sticky":false,"template":"","format":"standard","meta":{"jetpack_post_was_ever_published":false,"_jetpack_newsletter_access":"","_jetpack_dont_email_post_to_subs":false,"_jetpack_newsletter_tier_id":0,"_jetpack_memberships_contains_paywalled_content":false,"_jetpack_memberships_contains_paid_content":false,"footnotes":"","jetpack_publicize_message":"","jetpack_publicize_feature_enabled":true,"jetpack_social_post_already_shared":true,"jetpack_social_options":{"image_generator_settings":{"template":"highway","default_image_id":0,"font":"","enabled":false},"version":2}},"categories":[27,1,2],"tags":[],"class_list":["post-96905","post","type-post","status-publish","format-standard","has-post-thumbnail","hentry","category-blogu-i-udhetarit","category-njoftime-shtypi","category-politika"],"jetpack_publicize_connections":[],"jetpack_featured_media_url":"https:\/\/i0.wp.com\/www.shqiperia.com\/blog\/wp-content\/uploads\/2026\/01\/auto_gaz1769296017.jpg?fit=900%2C552&ssl=1","jetpack_sharing_enabled":true,"jetpack_shortlink":"https:\/\/wp.me\/p5Z6wp-pcZ","jetpack-related-posts":[{"id":96978,"url":"https:\/\/www.shqiperia.com\/blog\/gazi-lotsjelles-i-skaduar-ne-proteste-disa-here-me-i-demshem-myzyraj-ndalohet-sipas-konventave-nderkombetare\/","url_meta":{"origin":96905,"position":0},"title":"\u2018Gazi lotsjell\u00ebs i skaduar n\u00eb protest\u00eb, disa her\u00eb m\u00eb i d\u00ebmsh\u00ebm\u2019. Myzyraj: &#8211; Ndalohet sipas konventave nd\u00ebrkomb\u00ebtare","author":"Kurt Farka","date":"January 26, 2026","format":false,"excerpt":"26 Janar 2026 Gazetari Isa Myzyraj, i ftuar n\u00eb nj\u00eb emision televiziv, ka komentuar p\u00ebrdorimin e gazit lotsjell\u00ebs gjat\u00eb protest\u00ebs s\u00eb Partis\u00eb Demokratike, t\u00eb zhvilluar dy dit\u00eb m\u00eb par\u00eb, ku u konstatua se gazi i p\u00ebrdorur ishte i skaduar prej rreth tre vitesh. Myzyraj u shpreh se n\u00eb shum\u00eb raste,\u2026","rel":"","context":"In &quot;Blogu i Udh\u00ebtarit&quot;","block_context":{"text":"Blogu i Udh\u00ebtarit","link":"https:\/\/www.shqiperia.com\/blog\/category\/blogu-i-udhetarit\/"},"img":{"alt_text":"","src":"https:\/\/i0.wp.com\/www.shqiperia.com\/blog\/wp-content\/uploads\/2026\/01\/dsfgdsfgsdfg-770x413-1.jpg?fit=770%2C413&ssl=1&resize=350%2C200","width":350,"height":200,"srcset":"https:\/\/i0.wp.com\/www.shqiperia.com\/blog\/wp-content\/uploads\/2026\/01\/dsfgdsfgsdfg-770x413-1.jpg?fit=770%2C413&ssl=1&resize=350%2C200 1x, https:\/\/i0.wp.com\/www.shqiperia.com\/blog\/wp-content\/uploads\/2026\/01\/dsfgdsfgsdfg-770x413-1.jpg?fit=770%2C413&ssl=1&resize=525%2C300 1.5x, https:\/\/i0.wp.com\/www.shqiperia.com\/blog\/wp-content\/uploads\/2026\/01\/dsfgdsfgsdfg-770x413-1.jpg?fit=770%2C413&ssl=1&resize=700%2C400 2x"},"classes":[]},{"id":96899,"url":"https:\/\/www.shqiperia.com\/blog\/krimi-i-policise-qe-perdori-sot-gaz-lotsjelles-te-skaduar-teper-te-rrezikshem-duhet-te-hetohet-dhe-te-denohet-rende-penalisht\/","url_meta":{"origin":96905,"position":1},"title":"Krimi i policis\u00eb, q\u00eb p\u00ebrdori sot gaz lotsjell\u00ebs t\u00eb skaduar teper te rrezikshem, duhet t\u00eb hetohet dhe t\u00eb d\u00ebnohet r\u00ebnd\u00eb penalisht","author":"Kurt Farka","date":"January 24, 2026","format":false,"excerpt":"24 Janar 2026 Nga Petrit Vasili\/ Sot, n\u00eb protest\u00ebn e opozit\u00ebs, policia ka p\u00ebrdorur gaz lotsjell\u00ebs t\u00eb skaduar q\u00eb n\u00eb vitin 2023, pra gati tre vjet m\u00eb par\u00eb. Kjo prov\u00eb kaq e r\u00ebnd\u00eb \u00ebsht\u00eb konstatuar n\u00eb terrenin e protest\u00ebs nga gazetari i Syri TV, Klajdi Bodlli. Ky \u00ebsht\u00eb nj\u00eb krim\u2026","rel":"","context":"In &quot;Blogu i Udh\u00ebtarit&quot;","block_context":{"text":"Blogu i Udh\u00ebtarit","link":"https:\/\/www.shqiperia.com\/blog\/category\/blogu-i-udhetarit\/"},"img":{"alt_text":"","src":"https:\/\/i0.wp.com\/www.shqiperia.com\/blog\/wp-content\/uploads\/2026\/01\/auto_7b705dc9-a522-427f-832a-3b1785e8dde61769288881.jpg?fit=900%2C954&ssl=1&resize=350%2C200","width":350,"height":200,"srcset":"https:\/\/i0.wp.com\/www.shqiperia.com\/blog\/wp-content\/uploads\/2026\/01\/auto_7b705dc9-a522-427f-832a-3b1785e8dde61769288881.jpg?fit=900%2C954&ssl=1&resize=350%2C200 1x, https:\/\/i0.wp.com\/www.shqiperia.com\/blog\/wp-content\/uploads\/2026\/01\/auto_7b705dc9-a522-427f-832a-3b1785e8dde61769288881.jpg?fit=900%2C954&ssl=1&resize=525%2C300 1.5x, https:\/\/i0.wp.com\/www.shqiperia.com\/blog\/wp-content\/uploads\/2026\/01\/auto_7b705dc9-a522-427f-832a-3b1785e8dde61769288881.jpg?fit=900%2C954&ssl=1&resize=700%2C400 2x"},"classes":[]},{"id":50881,"url":"https:\/\/www.shqiperia.com\/blog\/investigimi-rtv-ora-zhduken-2009-kg-sallam-hako-i-skaduar\/","url_meta":{"origin":96905,"position":2},"title":"Investigimi RTV Ora\/ Zhduken 2009 kg sallam HAKO i skaduar.","author":"Kurt Farka","date":"October 25, 2021","format":false,"excerpt":"Investigimi RTV Ora\/ Zhduken 2009 kg sallam HAKO i skaduar. Nga Alketa \u00c7eku 25 Tetor 2021 Konsumatori shqiptar mashtrohet p\u00ebr cil\u00ebsin\u00eb e produkteve ushqimore q\u00eb treg\u00ebtohet n\u00eb vend. K\u00ebt\u00eb e fakton edhe raporti i fundit i KLSH q\u00eb ka konstatuar shkelje te renda te inspektor\u00ebt e AKU t\u00eb cil\u00ebt ne\u2026","rel":"","context":"In &quot;Blogu i Udh\u00ebtarit&quot;","block_context":{"text":"Blogu i Udh\u00ebtarit","link":"https:\/\/www.shqiperia.com\/blog\/category\/blogu-i-udhetarit\/"},"img":{"alt_text":"","src":"https:\/\/i0.wp.com\/www.shqiperia.com\/blog\/wp-content\/uploads\/2021\/10\/640-0-cd3d56dc81f19ed57f49871c111b42c7-Copy.jpg?fit=509%2C310&ssl=1&resize=350%2C200","width":350,"height":200},"classes":[]},{"id":46666,"url":"https:\/\/www.shqiperia.com\/blog\/alarmante-pd-ben-deklaraten-e-frikshme-kerkese-urgjente-prokurorise-skandal-ne-kete-qytet-prej-10-ditesh-behen-vaksina-te-skaduar\/","url_meta":{"origin":96905,"position":3},"title":"Alarmante! PD b\u00ebn deklarat\u00ebn e frikshme, k\u00ebrkes\u00eb urgjente Prokuroris\u00eb:  &#8211; Skandal, n\u00eb k\u00ebt\u00eb qytet prej 10 dit\u00ebsh b\u00ebhen vaksina t\u00eb skaduar","author":"Kurt Farka","date":"April 19, 2021","format":false,"excerpt":"Alarmante! PD b\u00ebn deklarat\u00ebn e frikshme, k\u00ebrkes\u00eb urgjente Prokuroris\u00eb: - Skandal, n\u00eb k\u00ebt\u00eb qytet prej 10 dit\u00ebsh b\u00ebhen vaksina t\u00eb skaduar 19 PRILL 2021 Kandidati p\u00ebr deputet i Partis\u00eb Demokratike, Atird Hoxha i ka b\u00ebr\u00eb thirrje prokuroris\u00eb s\u00eb Vlor\u00ebs q\u00eb t\u00eb nis menj\u00ebher\u00eb hetimet duke bllokuar t\u00eb gjith\u00eb dozat e\u2026","rel":"","context":"In &quot;Blogu i Udh\u00ebtarit&quot;","block_context":{"text":"Blogu i Udh\u00ebtarit","link":"https:\/\/www.shqiperia.com\/blog\/category\/blogu-i-udhetarit\/"},"img":{"alt_text":"","src":"https:\/\/i0.wp.com\/www.shqiperia.com\/blog\/wp-content\/uploads\/2021\/04\/800-0-607d6c2e36a26.jpg?fit=800%2C451&ssl=1&resize=350%2C200","width":350,"height":200,"srcset":"https:\/\/i0.wp.com\/www.shqiperia.com\/blog\/wp-content\/uploads\/2021\/04\/800-0-607d6c2e36a26.jpg?fit=800%2C451&ssl=1&resize=350%2C200 1x, https:\/\/i0.wp.com\/www.shqiperia.com\/blog\/wp-content\/uploads\/2021\/04\/800-0-607d6c2e36a26.jpg?fit=800%2C451&ssl=1&resize=525%2C300 1.5x, https:\/\/i0.wp.com\/www.shqiperia.com\/blog\/wp-content\/uploads\/2021\/04\/800-0-607d6c2e36a26.jpg?fit=800%2C451&ssl=1&resize=700%2C400 2x"},"classes":[]},{"id":77647,"url":"https:\/\/www.shqiperia.com\/blog\/kmy-mashtron-konsumatoret-aku-hesht-alarmi-eksperteve-salcicet-duhet-te-hiqen-nga-tregu\/","url_meta":{"origin":96905,"position":4},"title":"KMY mashtron konsumatoret, AKU hesht. Alarmi ekspert\u00ebve: &#8211; Sal\u00e7i\u00e7et duhet t\u00eb hiqen nga tregu","author":"Kurt Farka","date":"January 26, 2024","format":false,"excerpt":"26 Janar 2024 M\u00eb her\u00ebt investigimi i \u201cOra News\u201d ka sjelle n\u00eb v\u00ebmendje\u00a0 \u201czhdukjen\u201d e 54 ton mish dhe sallam KMY, kjo pasi Agjencia Komb\u00ebtare e Mjedisit nuk kishte informacion se ku \u00ebsht\u00eb groposur sallami i skaduar. \u00c7do bler\u00ebs duhet t\u00eb dij\u00eb se me \u00e7far\u00eb ushqehet dhe \u00e7far\u00eb p\u00ebrb\u00ebr\u00ebsish ka\u2026","rel":"","context":"In &quot;Blogu i Udh\u00ebtarit&quot;","block_context":{"text":"Blogu i Udh\u00ebtarit","link":"https:\/\/www.shqiperia.com\/blog\/category\/blogu-i-udhetarit\/"},"img":{"alt_text":"","src":"https:\/\/i0.wp.com\/www.shqiperia.com\/blog\/wp-content\/uploads\/2024\/01\/600-388-8cfbfb63689140cbc4860c3909f81ae4.jpg?fit=600%2C388&ssl=1&resize=350%2C200","width":350,"height":200,"srcset":"https:\/\/i0.wp.com\/www.shqiperia.com\/blog\/wp-content\/uploads\/2024\/01\/600-388-8cfbfb63689140cbc4860c3909f81ae4.jpg?fit=600%2C388&ssl=1&resize=350%2C200 1x, https:\/\/i0.wp.com\/www.shqiperia.com\/blog\/wp-content\/uploads\/2024\/01\/600-388-8cfbfb63689140cbc4860c3909f81ae4.jpg?fit=600%2C388&ssl=1&resize=525%2C300 1.5x"},"classes":[]},{"id":17998,"url":"https:\/\/www.shqiperia.com\/blog\/mjeku-jep-alarmin-gazi-lotsjelles-mund-te-shkaktoje-vdekjen\/","url_meta":{"origin":96905,"position":5},"title":"Mjeku jep alarmin: Gazi lotsjell\u00ebs mund t\u00eb shkaktoj\u00eb vdekjen. &#8211;","author":"Kurt Farka","date":"March 3, 2019","format":false,"excerpt":"Mjeku jep alarmin: Gazi lotsjell\u00ebs mund t\u00eb shkaktoj\u00eb vdekjen. - Gazi lotsjell\u00ebs i p\u00ebrdoruar nga forcat e rendit n\u00eb protest\u00ebn e opozit\u00ebs s\u00eb bashkuar, shkaktoi debat p\u00ebr m\u00ebnyr\u00ebn se si u p\u00ebrdor ai si edhe p\u00ebr efektet q\u00eb shkakton te protestuesit. Lidhur me k\u00ebto efekte mjeku pneumolog, Adrian Jorgji, i\u2026","rel":"","context":"In &quot;Blogu i Udh\u00ebtarit&quot;","block_context":{"text":"Blogu i Udh\u00ebtarit","link":"https:\/\/www.shqiperia.com\/blog\/category\/blogu-i-udhetarit\/"},"img":{"alt_text":"","src":"https:\/\/i0.wp.com\/www.shqiperia.com\/blog\/wp-content\/uploads\/2019\/03\/gazi-lotsjelles-2.jpg?fit=403%2C241&ssl=1&resize=350%2C200","width":350,"height":200},"classes":[]}],"_links":{"self":[{"href":"https:\/\/www.shqiperia.com\/blog\/wp-json\/wp\/v2\/posts\/96905","targetHints":{"allow":["GET"]}}],"collection":[{"href":"https:\/\/www.shqiperia.com\/blog\/wp-json\/wp\/v2\/posts"}],"about":[{"href":"https:\/\/www.shqiperia.com\/blog\/wp-json\/wp\/v2\/types\/post"}],"author":[{"embeddable":true,"href":"https:\/\/www.shqiperia.com\/blog\/wp-json\/wp\/v2\/users\/9"}],"replies":[{"embeddable":true,"href":"https:\/\/www.shqiperia.com\/blog\/wp-json\/wp\/v2\/comments?post=96905"}],"version-history":[{"count":2,"href":"https:\/\/www.shqiperia.com\/blog\/wp-json\/wp\/v2\/posts\/96905\/revisions"}],"predecessor-version":[{"id":96933,"href":"https:\/\/www.shqiperia.com\/blog\/wp-json\/wp\/v2\/posts\/96905\/revisions\/96933"}],"wp:featuredmedia":[{"embeddable":true,"href":"https:\/\/www.shqiperia.com\/blog\/wp-json\/wp\/v2\/media\/96906"}],"wp:attachment":[{"href":"https:\/\/www.shqiperia.com\/blog\/wp-json\/wp\/v2\/media?parent=96905"}],"wp:term":[{"taxonomy":"category","embeddable":true,"href":"https:\/\/www.shqiperia.com\/blog\/wp-json\/wp\/v2\/categories?post=96905"},{"taxonomy":"post_tag","embeddable":true,"href":"https:\/\/www.shqiperia.com\/blog\/wp-json\/wp\/v2\/tags?post=96905"}],"curies":[{"name":"wp","href":"https:\/\/api.w.org\/{rel}","templated":true}]}}