{"id":96902,"date":"2026-01-24T22:39:55","date_gmt":"2026-01-24T22:39:55","guid":{"rendered":"https:\/\/www.shqiperia.com\/blog\/?p=96902"},"modified":"2026-01-25T14:50:02","modified_gmt":"2026-01-25T14:50:02","slug":"policia-i-can-koken-nje-protestuesi-me-pas-qellon-pas-shpine-edhe-njerezit-qe-po-e-ndihmonin","status":"publish","type":"post","link":"https:\/\/www.shqiperia.com\/blog\/policia-i-can-koken-nje-protestuesi-me-pas-qellon-pas-shpine-edhe-njerezit-qe-po-e-ndihmonin\/","title":{"rendered":"Policia i \u00e7an kok\u00ebn nj\u00eb protestuesi, m\u00eb pas q\u00ebllon pas shpine edhe njer\u00ebzit q\u00eb po e ndihmonin"},"content":{"rendered":"<p><img data-recalc-dims=\"1\" loading=\"lazy\" decoding=\"async\" data-attachment-id=\"96903\" data-permalink=\"https:\/\/www.shqiperia.com\/blog\/policia-i-can-koken-nje-protestuesi-me-pas-qellon-pas-shpine-edhe-njerezit-qe-po-e-ndihmonin\/640-0-6975158c5edba\/\" data-orig-file=\"https:\/\/i0.wp.com\/www.shqiperia.com\/blog\/wp-content\/uploads\/2026\/01\/640-0-6975158c5edba.png?fit=640%2C348&amp;ssl=1\" data-orig-size=\"640,348\" data-comments-opened=\"1\" data-image-meta=\"{&quot;aperture&quot;:&quot;0&quot;,&quot;credit&quot;:&quot;&quot;,&quot;camera&quot;:&quot;&quot;,&quot;caption&quot;:&quot;&quot;,&quot;created_timestamp&quot;:&quot;0&quot;,&quot;copyright&quot;:&quot;&quot;,&quot;focal_length&quot;:&quot;0&quot;,&quot;iso&quot;:&quot;0&quot;,&quot;shutter_speed&quot;:&quot;0&quot;,&quot;title&quot;:&quot;&quot;,&quot;orientation&quot;:&quot;0&quot;}\" data-image-title=\"-640-0-6975158c5edba\" data-image-description=\"\" data-image-caption=\"\" data-medium-file=\"https:\/\/i0.wp.com\/www.shqiperia.com\/blog\/wp-content\/uploads\/2026\/01\/640-0-6975158c5edba.png?fit=300%2C163&amp;ssl=1\" data-large-file=\"https:\/\/i0.wp.com\/www.shqiperia.com\/blog\/wp-content\/uploads\/2026\/01\/640-0-6975158c5edba.png?fit=640%2C348&amp;ssl=1\" class=\"alignnone wp-image-96903\" alt=\"\" src=\"https:\/\/i0.wp.com\/www.shqiperia.com\/blog\/wp-content\/uploads\/2026\/01\/640-0-6975158c5edba.png?resize=593%2C322&#038;ssl=1\" width=\"593\" height=\"322\" srcset=\"https:\/\/i0.wp.com\/www.shqiperia.com\/blog\/wp-content\/uploads\/2026\/01\/640-0-6975158c5edba.png?resize=300%2C163&amp;ssl=1 300w, https:\/\/i0.wp.com\/www.shqiperia.com\/blog\/wp-content\/uploads\/2026\/01\/640-0-6975158c5edba.png?resize=450%2C245&amp;ssl=1 450w, https:\/\/i0.wp.com\/www.shqiperia.com\/blog\/wp-content\/uploads\/2026\/01\/640-0-6975158c5edba.png?resize=600%2C326&amp;ssl=1 600w, https:\/\/i0.wp.com\/www.shqiperia.com\/blog\/wp-content\/uploads\/2026\/01\/640-0-6975158c5edba.png?resize=400%2C218&amp;ssl=1 400w, https:\/\/i0.wp.com\/www.shqiperia.com\/blog\/wp-content\/uploads\/2026\/01\/640-0-6975158c5edba.png?w=640&amp;ssl=1 640w\" sizes=\"auto, (max-width: 593px) 100vw, 593px\" \/><\/p>\n<p>24 Janar 2026<\/p>\n<p>Policia e narkoshtetit i ka \u00e7ar\u00eb edhe kok\u00ebn nj\u00eb protestuesi duke i hedhur nj\u00eb bombol gazi lot\u00ebsjell\u00ebs n\u00eb kok\u00eb.<\/p>\n<p>Si\u00e7 edhe shikohet n\u00eb pamje, protestuesi ka marr\u00eb plag\u00eb t\u00eb r\u00ebnd\u00eb n\u00eb kok\u00eb.<\/p>\n<p>Nd\u00ebrsa disa qytetar\u00eb q\u00eb kan\u00eb qen\u00eb n\u00eb protest\u00eb i kan\u00eb dh\u00ebn\u00eb n\u00eb ndihm\u00ebn e par\u00eb, policia ka vendosur t\u00eb sulmoj\u00eb edhe ata duke u hedhur bombolat e gazit edhe drejtp\u00ebrdrejt ndaj tyre, duke i q\u00eblluar pas shpine.<\/p>\n","protected":false},"excerpt":{"rendered":"<p>24 Janar 2026 Policia e narkoshtetit i ka \u00e7ar\u00eb edhe kok\u00ebn nj\u00eb protestuesi duke i hedhur nj\u00eb bombol gazi lot\u00ebsjell\u00ebs n\u00eb kok\u00eb. Si\u00e7 edhe shikohet n\u00eb pamje, protestuesi ka marr\u00eb plag\u00eb t\u00eb r\u00ebnd\u00eb n\u00eb kok\u00eb. Nd\u00ebrsa disa qytetar\u00eb q\u00eb kan\u00eb qen\u00eb n\u00eb protest\u00eb i kan\u00eb dh\u00ebn\u00eb n\u00eb ndihm\u00ebn e par\u00eb, policia ka vendosur t\u00eb sulmoj\u00eb [&hellip;]<\/p>\n","protected":false},"author":9,"featured_media":96903,"comment_status":"open","ping_status":"open","sticky":false,"template":"","format":"standard","meta":{"jetpack_post_was_ever_published":false,"_jetpack_newsletter_access":"","_jetpack_dont_email_post_to_subs":false,"_jetpack_newsletter_tier_id":0,"_jetpack_memberships_contains_paywalled_content":false,"_jetpack_memberships_contains_paid_content":false,"footnotes":"","jetpack_publicize_message":"","jetpack_publicize_feature_enabled":true,"jetpack_social_post_already_shared":true,"jetpack_social_options":{"image_generator_settings":{"template":"highway","default_image_id":0,"font":"","enabled":false},"version":2}},"categories":[27,1,2],"tags":[],"class_list":["post-96902","post","type-post","status-publish","format-standard","has-post-thumbnail","hentry","category-blogu-i-udhetarit","category-njoftime-shtypi","category-politika"],"jetpack_publicize_connections":[],"jetpack_featured_media_url":"https:\/\/i0.wp.com\/www.shqiperia.com\/blog\/wp-content\/uploads\/2026\/01\/640-0-6975158c5edba.png?fit=640%2C348&ssl=1","jetpack_sharing_enabled":true,"jetpack_shortlink":"https:\/\/wp.me\/p5Z6wp-pcW","jetpack-related-posts":[{"id":41780,"url":"https:\/\/www.shqiperia.com\/blog\/fotot-protestuesi-ben-veprimin-e-cuditshem-para-kryeministrise-policet-e-largojne-me-force\/","url_meta":{"origin":96902,"position":0},"title":"FOTOT\/ Protestuesi b\u00ebn veprimin e \u2018\u00e7uditsh\u00ebm\u2019 para Kryeministris\u00eb, Polic\u00ebt e largojn\u00eb me forc\u00eb","author":"Kurt Farka","date":"December 11, 2020","format":false,"excerpt":"FOTOT\/ Protestuesi b\u00ebn veprimin e \u2018\u00e7uditsh\u00ebm\u2019 para Kryeministris\u00eb, Polic\u00ebt e largojn\u00eb me forc\u00eb 11 DHJETOR 2020 Nj\u00eb protestues ka zgjedhur n\u00eb m\u00ebnyr\u00eb t\u00eb ve\u00e7ant\u00eb p\u00ebr t\u00eb tubuar para Kryeministris\u00eb p\u00ebr Klodian Rash\u00ebn. Ai \u00ebsht\u00eb ulur k\u00ebmb\u00ebkryq n\u00eb bulevardin para Kryeministris\u00eb. I riu ka q\u00ebndruar p\u00ebr disa minuta me radh\u00eb i\u2026","rel":"","context":"In &quot;Blogu i Udh\u00ebtarit&quot;","block_context":{"text":"Blogu i Udh\u00ebtarit","link":"https:\/\/www.shqiperia.com\/blog\/category\/blogu-i-udhetarit\/"},"img":{"alt_text":"","src":"https:\/\/i0.wp.com\/www.shqiperia.com\/blog\/wp-content\/uploads\/2020\/12\/640-0-5fd3b53c10187.jpg?fit=640%2C393&ssl=1&resize=350%2C200","width":350,"height":200,"srcset":"https:\/\/i0.wp.com\/www.shqiperia.com\/blog\/wp-content\/uploads\/2020\/12\/640-0-5fd3b53c10187.jpg?fit=640%2C393&ssl=1&resize=350%2C200 1x, https:\/\/i0.wp.com\/www.shqiperia.com\/blog\/wp-content\/uploads\/2020\/12\/640-0-5fd3b53c10187.jpg?fit=640%2C393&ssl=1&resize=525%2C300 1.5x"},"classes":[]},{"id":17503,"url":"https:\/\/www.shqiperia.com\/blog\/momenti-prekes-mes-trazirave-protestuesi-ndihmon-policin-e-lenduar\/","url_meta":{"origin":96902,"position":1},"title":"Momenti prek\u00ebs mes trazirave, protestuesi ndihmon policin e l\u00ebnduar. &#8211;","author":"Kurt Farka","date":"February 16, 2019","format":false,"excerpt":"Momenti prek\u00ebs mes trazirave, protestuesi ndihmon policin e l\u00ebnduar. - 16 shkurt 2019 Gjat\u00eb protest\u00ebs s\u00eb sotme kan\u00eb qen\u00eb t\u00eb shumta rastet kur punonj\u00ebsit e Gard\u00ebs s\u00eb Republik\u00ebs p\u00ebr t\u00eb zmbrapsur protestuesit q\u00eb po tentonin t\u00eb futeshin n\u00eb kryeministri p\u00ebrdor\u00ebn gaz lotsjell\u00ebs. Por pasojat nuk i pat\u00ebn vet\u00ebm t\u00eb par\u00ebt,\u2026","rel":"","context":"In &quot;Blogu i Udh\u00ebtarit&quot;","block_context":{"text":"Blogu i Udh\u00ebtarit","link":"https:\/\/www.shqiperia.com\/blog\/category\/blogu-i-udhetarit\/"},"img":{"alt_text":"","src":"https:\/\/i0.wp.com\/www.shqiperia.com\/blog\/wp-content\/uploads\/2019\/02\/pun.jpg?fit=594%2C398&ssl=1&resize=350%2C200","width":350,"height":200,"srcset":"https:\/\/i0.wp.com\/www.shqiperia.com\/blog\/wp-content\/uploads\/2019\/02\/pun.jpg?fit=594%2C398&ssl=1&resize=350%2C200 1x, https:\/\/i0.wp.com\/www.shqiperia.com\/blog\/wp-content\/uploads\/2019\/02\/pun.jpg?fit=594%2C398&ssl=1&resize=525%2C300 1.5x"},"classes":[]},{"id":30942,"url":"https:\/\/www.shqiperia.com\/blog\/fuqi-te-mbinatyrshme-5-gjallesa-qe-mund-te-jetojne-edhe-pas-vdekjes-foto\/","url_meta":{"origin":96902,"position":2},"title":"Fuqi t\u00eb \u201cmbinatyrshme\u201d; &#8211; 5 gjallesa q\u00eb mund t\u00eb jetojn\u00eb edhe \u2018pas vdekjes\u2019 (FOTO)","author":"Kurt Farka","date":"February 2, 2020","format":false,"excerpt":"Fuqi t\u00eb \u201cmbinatyrshme\u201d; - 5 gjallesa q\u00eb mund t\u00eb jetojn\u00eb edhe \u2018pas vdekjes\u2019 (FOTO) Dihet se ka shum\u00eb gjallesa t\u00eb cilat mund t\u00eb jetojn\u00eb edhe pas vdekjes pa kurr\u00eb far\u00eb v\u00ebshtir\u00ebsie ose t\u00eb pakt\u00eb me munges\u00ebn e disa gjymtyr\u00ebve e madje edhe pa kok\u00eb dhe kjo dukuri sigurisht ka nj\u00eb\u2026","rel":"","context":"In &quot;Blogu i Udh\u00ebtarit&quot;","block_context":{"text":"Blogu i Udh\u00ebtarit","link":"https:\/\/www.shqiperia.com\/blog\/category\/blogu-i-udhetarit\/"},"img":{"alt_text":"","src":"https:\/\/i0.wp.com\/www.shqiperia.com\/blog\/wp-content\/uploads\/2020\/02\/auto_Screenshot_81576414879.jpg?fit=900%2C505&ssl=1&resize=350%2C200","width":350,"height":200,"srcset":"https:\/\/i0.wp.com\/www.shqiperia.com\/blog\/wp-content\/uploads\/2020\/02\/auto_Screenshot_81576414879.jpg?fit=900%2C505&ssl=1&resize=350%2C200 1x, https:\/\/i0.wp.com\/www.shqiperia.com\/blog\/wp-content\/uploads\/2020\/02\/auto_Screenshot_81576414879.jpg?fit=900%2C505&ssl=1&resize=525%2C300 1.5x, https:\/\/i0.wp.com\/www.shqiperia.com\/blog\/wp-content\/uploads\/2020\/02\/auto_Screenshot_81576414879.jpg?fit=900%2C505&ssl=1&resize=700%2C400 2x"},"classes":[]},{"id":90220,"url":"https:\/\/www.shqiperia.com\/blog\/do-ta-pastrojme-edhe-ne-shtepine-tone-me-ke-e-ka-rama-kush-do-te-haje-te-tjeret-pas-shpine-do\/","url_meta":{"origin":96902,"position":3},"title":"\u201cDo ta pastrojm\u00eb edhe ne sht\u00ebpin\u00eb ton\u00eb\u201d\/ Me k\u00eb e ka Rama? \u201cKush do t\u00eb haj\u00eb t\u00eb tjer\u00ebt pas shpine, do\u2026\u201d","author":"Kurt Farka","date":"March 8, 2025","format":false,"excerpt":"8 Mars 2025 N\u00eb aktivitetin me grat\u00eb dhe vajzat nga i gjith\u00eb vendi, kryeministri Rama ka konfirmuar edhe nj\u00ebher\u00eb mb\u00ebshtetjen p\u00ebr strukturat e drejt\u00ebsis\u00eb, duke th\u00ebn\u00eb se 11 maji do t\u00eb jet\u00eb vot\u00eb kund\u00ebr atyre q\u00eb k\u00ebrkojn\u00eb shkrirjen e SPAK-ut. N\u00eb t\u00eb nj\u00ebjt\u00ebn koh\u00eb ai dha nj\u00eb mesazh edhe p\u00ebr\u2026","rel":"","context":"In &quot;Blogu i Udh\u00ebtarit&quot;","block_context":{"text":"Blogu i Udh\u00ebtarit","link":"https:\/\/www.shqiperia.com\/blog\/category\/blogu-i-udhetarit\/"},"img":{"alt_text":"","src":"https:\/\/i0.wp.com\/www.shqiperia.com\/blog\/wp-content\/uploads\/2025\/03\/600-388-sfdhfdshdfshdfshdfsh-1740244478.png?fit=600%2C388&ssl=1&resize=350%2C200","width":350,"height":200,"srcset":"https:\/\/i0.wp.com\/www.shqiperia.com\/blog\/wp-content\/uploads\/2025\/03\/600-388-sfdhfdshdfshdfshdfsh-1740244478.png?fit=600%2C388&ssl=1&resize=350%2C200 1x, https:\/\/i0.wp.com\/www.shqiperia.com\/blog\/wp-content\/uploads\/2025\/03\/600-388-sfdhfdshdfshdfshdfsh-1740244478.png?fit=600%2C388&ssl=1&resize=525%2C300 1.5x"},"classes":[]},{"id":57520,"url":"https:\/\/www.shqiperia.com\/blog\/degradon-situate-bllokojne-rrugen-shperthejne-tensionet-mes-policise-dhe-banoreve-deri-ne-perplasje-fizike-zbarkon-fnsh-dhe-marrin-vendimin-urgjent\/","url_meta":{"origin":96902,"position":4},"title":"Degradon situate: &#8211; Bllokojn\u00eb rrug\u00ebn, shp\u00ebrthejn\u00eb tensionet mes policis\u00eb dhe banor\u00ebve deri n\u00eb p\u00ebrplasje fizike. Zbarkon FNSH dhe marrin vendimin urgjent","author":"Kurt Farka","date":"May 3, 2022","format":false,"excerpt":"Degradon situate: - Bllokojn\u00eb rrug\u00ebn, shp\u00ebrthejn\u00eb tensionet mes policis\u00eb dhe banor\u00ebve deri n\u00eb p\u00ebrplasje fizike. Zbarkon FNSH dhe marrin vendimin urgjent 3 MAJ 2022 Protestuesit e Rinasit jan\u00eb p\u00ebrplasur fizikisht me uniformat blu, duke rritur tensionet me tyre. Pasi policia ka k\u00ebrkuar q\u00eb banor\u00ebt t\u00eb hapin rrug\u00ebn, k\u00ebta t\u00eb fundit\u2026","rel":"","context":"In &quot;Blogu i Udh\u00ebtarit&quot;","block_context":{"text":"Blogu i Udh\u00ebtarit","link":"https:\/\/www.shqiperia.com\/blog\/category\/blogu-i-udhetarit\/"},"img":{"alt_text":"","src":"https:\/\/i0.wp.com\/www.shqiperia.com\/blog\/wp-content\/uploads\/2022\/05\/Protesta-ne-Rinas.jpg?fit=640%2C358&ssl=1&resize=350%2C200","width":350,"height":200,"srcset":"https:\/\/i0.wp.com\/www.shqiperia.com\/blog\/wp-content\/uploads\/2022\/05\/Protesta-ne-Rinas.jpg?fit=640%2C358&ssl=1&resize=350%2C200 1x, https:\/\/i0.wp.com\/www.shqiperia.com\/blog\/wp-content\/uploads\/2022\/05\/Protesta-ne-Rinas.jpg?fit=640%2C358&ssl=1&resize=525%2C300 1.5x"},"classes":[]},{"id":57279,"url":"https:\/\/www.shqiperia.com\/blog\/keshtu-jane-vellezerit-ruse-shperthejne-mediat-serbe-kunder-putin-ka-njohur-kosoven-e-goditi-serbine-pas-shpine\/","url_meta":{"origin":96902,"position":5},"title":"\u201cK\u00ebshtu jan\u00eb v\u00ebllez\u00ebrit rus\u00eb?&#8221; &#8211; Shp\u00ebrthejn\u00eb mediat serbe kund\u00ebr Putin: Ka njohur Kosov\u00ebn, e goditi Serbin\u00eb pas shpine","author":"Kurt Farka","date":"April 28, 2022","format":false,"excerpt":"\u201cK\u00ebshtu jan\u00eb v\u00ebllez\u00ebrit rus\u00eb?\" - Shp\u00ebrthejn\u00eb mediat serbe kund\u00ebr Putin: Ka njohur Kosov\u00ebn, e goditi Serbin\u00eb pas shpine 28 PRILL 2022 Krahasimi q\u00eb Vladimir Putin u ka b\u00ebr\u00eb dy rajoneve me Kosov\u00ebn duke th\u00ebn\u00eb dy rajonet e Ukrain\u00ebs Donetsk dhe Luhansk jan\u00eb njohur nga Rusia n\u00eb baz\u00eb t\u00eb precedentit t\u00eb\u2026","rel":"","context":"In &quot;Blogu i Udh\u00ebtarit&quot;","block_context":{"text":"Blogu i Udh\u00ebtarit","link":"https:\/\/www.shqiperia.com\/blog\/category\/blogu-i-udhetarit\/"},"img":{"alt_text":"","src":"https:\/\/i0.wp.com\/www.shqiperia.com\/blog\/wp-content\/uploads\/2022\/04\/640-0-626a43fa267af.png?fit=640%2C343&ssl=1&resize=350%2C200","width":350,"height":200,"srcset":"https:\/\/i0.wp.com\/www.shqiperia.com\/blog\/wp-content\/uploads\/2022\/04\/640-0-626a43fa267af.png?fit=640%2C343&ssl=1&resize=350%2C200 1x, https:\/\/i0.wp.com\/www.shqiperia.com\/blog\/wp-content\/uploads\/2022\/04\/640-0-626a43fa267af.png?fit=640%2C343&ssl=1&resize=525%2C300 1.5x"},"classes":[]}],"_links":{"self":[{"href":"https:\/\/www.shqiperia.com\/blog\/wp-json\/wp\/v2\/posts\/96902","targetHints":{"allow":["GET"]}}],"collection":[{"href":"https:\/\/www.shqiperia.com\/blog\/wp-json\/wp\/v2\/posts"}],"about":[{"href":"https:\/\/www.shqiperia.com\/blog\/wp-json\/wp\/v2\/types\/post"}],"author":[{"embeddable":true,"href":"https:\/\/www.shqiperia.com\/blog\/wp-json\/wp\/v2\/users\/9"}],"replies":[{"embeddable":true,"href":"https:\/\/www.shqiperia.com\/blog\/wp-json\/wp\/v2\/comments?post=96902"}],"version-history":[{"count":2,"href":"https:\/\/www.shqiperia.com\/blog\/wp-json\/wp\/v2\/posts\/96902\/revisions"}],"predecessor-version":[{"id":96921,"href":"https:\/\/www.shqiperia.com\/blog\/wp-json\/wp\/v2\/posts\/96902\/revisions\/96921"}],"wp:featuredmedia":[{"embeddable":true,"href":"https:\/\/www.shqiperia.com\/blog\/wp-json\/wp\/v2\/media\/96903"}],"wp:attachment":[{"href":"https:\/\/www.shqiperia.com\/blog\/wp-json\/wp\/v2\/media?parent=96902"}],"wp:term":[{"taxonomy":"category","embeddable":true,"href":"https:\/\/www.shqiperia.com\/blog\/wp-json\/wp\/v2\/categories?post=96902"},{"taxonomy":"post_tag","embeddable":true,"href":"https:\/\/www.shqiperia.com\/blog\/wp-json\/wp\/v2\/tags?post=96902"}],"curies":[{"name":"wp","href":"https:\/\/api.w.org\/{rel}","templated":true}]}}