{"id":96899,"date":"2026-01-24T22:34:23","date_gmt":"2026-01-24T22:34:23","guid":{"rendered":"https:\/\/www.shqiperia.com\/blog\/?p=96899"},"modified":"2026-01-25T14:53:03","modified_gmt":"2026-01-25T14:53:03","slug":"krimi-i-policise-qe-perdori-sot-gaz-lotsjelles-te-skaduar-teper-te-rrezikshem-duhet-te-hetohet-dhe-te-denohet-rende-penalisht","status":"publish","type":"post","link":"https:\/\/www.shqiperia.com\/blog\/krimi-i-policise-qe-perdori-sot-gaz-lotsjelles-te-skaduar-teper-te-rrezikshem-duhet-te-hetohet-dhe-te-denohet-rende-penalisht\/","title":{"rendered":"Krimi i policis\u00eb, q\u00eb p\u00ebrdori sot gaz lotsjell\u00ebs t\u00eb skaduar teper te rrezikshem, duhet t\u00eb hetohet dhe t\u00eb d\u00ebnohet r\u00ebnd\u00eb penalisht"},"content":{"rendered":"<p><img data-recalc-dims=\"1\" loading=\"lazy\" decoding=\"async\" data-attachment-id=\"96900\" data-permalink=\"https:\/\/www.shqiperia.com\/blog\/krimi-i-policise-qe-perdori-sot-gaz-lotsjelles-te-skaduar-teper-te-rrezikshem-duhet-te-hetohet-dhe-te-denohet-rende-penalisht\/auto_7b705dc9-a522-427f-832a-3b1785e8dde61769288881\/\" data-orig-file=\"https:\/\/i0.wp.com\/www.shqiperia.com\/blog\/wp-content\/uploads\/2026\/01\/auto_7b705dc9-a522-427f-832a-3b1785e8dde61769288881.jpg?fit=900%2C954&amp;ssl=1\" data-orig-size=\"900,954\" data-comments-opened=\"1\" data-image-meta=\"{&quot;aperture&quot;:&quot;0&quot;,&quot;credit&quot;:&quot;&quot;,&quot;camera&quot;:&quot;&quot;,&quot;caption&quot;:&quot;&quot;,&quot;created_timestamp&quot;:&quot;0&quot;,&quot;copyright&quot;:&quot;&quot;,&quot;focal_length&quot;:&quot;0&quot;,&quot;iso&quot;:&quot;0&quot;,&quot;shutter_speed&quot;:&quot;0&quot;,&quot;title&quot;:&quot;&quot;,&quot;orientation&quot;:&quot;0&quot;}\" data-image-title=\"auto_7b705dc9-a522-427f-832a-3b1785e8dde61769288881\" data-image-description=\"\" data-image-caption=\"\" data-medium-file=\"https:\/\/i0.wp.com\/www.shqiperia.com\/blog\/wp-content\/uploads\/2026\/01\/auto_7b705dc9-a522-427f-832a-3b1785e8dde61769288881.jpg?fit=283%2C300&amp;ssl=1\" data-large-file=\"https:\/\/i0.wp.com\/www.shqiperia.com\/blog\/wp-content\/uploads\/2026\/01\/auto_7b705dc9-a522-427f-832a-3b1785e8dde61769288881.jpg?fit=900%2C954&amp;ssl=1\" class=\"alignnone wp-image-96900\" alt=\"\" src=\"https:\/\/i0.wp.com\/www.shqiperia.com\/blog\/wp-content\/uploads\/2026\/01\/auto_7b705dc9-a522-427f-832a-3b1785e8dde61769288881.jpg?resize=513%2C544&#038;ssl=1\" width=\"513\" height=\"544\" srcset=\"https:\/\/i0.wp.com\/www.shqiperia.com\/blog\/wp-content\/uploads\/2026\/01\/auto_7b705dc9-a522-427f-832a-3b1785e8dde61769288881.jpg?resize=283%2C300&amp;ssl=1 283w, https:\/\/i0.wp.com\/www.shqiperia.com\/blog\/wp-content\/uploads\/2026\/01\/auto_7b705dc9-a522-427f-832a-3b1785e8dde61769288881.jpg?resize=768%2C814&amp;ssl=1 768w, https:\/\/i0.wp.com\/www.shqiperia.com\/blog\/wp-content\/uploads\/2026\/01\/auto_7b705dc9-a522-427f-832a-3b1785e8dde61769288881.jpg?resize=450%2C477&amp;ssl=1 450w, https:\/\/i0.wp.com\/www.shqiperia.com\/blog\/wp-content\/uploads\/2026\/01\/auto_7b705dc9-a522-427f-832a-3b1785e8dde61769288881.jpg?resize=600%2C636&amp;ssl=1 600w, https:\/\/i0.wp.com\/www.shqiperia.com\/blog\/wp-content\/uploads\/2026\/01\/auto_7b705dc9-a522-427f-832a-3b1785e8dde61769288881.jpg?resize=400%2C424&amp;ssl=1 400w, https:\/\/i0.wp.com\/www.shqiperia.com\/blog\/wp-content\/uploads\/2026\/01\/auto_7b705dc9-a522-427f-832a-3b1785e8dde61769288881.jpg?w=900&amp;ssl=1 900w\" sizes=\"auto, (max-width: 513px) 100vw, 513px\" \/><\/p>\n<p><span><strong>24 Janar 2026<\/strong><\/span><\/p>\n<p><span><strong>Nga Petrit Vasili\/<\/strong><\/span><\/p>\n<p>Sot, n\u00eb protest\u00ebn e opozit\u00ebs, policia ka p\u00ebrdorur gaz lotsjell\u00ebs t\u00eb skaduar q\u00eb n\u00eb vitin 2023, pra gati tre vjet m\u00eb par\u00eb.<\/p>\n<p>Kjo prov\u00eb kaq e r\u00ebnd\u00eb \u00ebsht\u00eb konstatuar n\u00eb terrenin e protest\u00ebs nga gazetari i Syri TV, Klajdi Bodlli.<\/p>\n<p>Ky \u00ebsht\u00eb nj\u00eb krim i v\u00ebrtet\u00eb ndaj jet\u00ebs dhe sh\u00ebndetit, i konsumuar me nd\u00ebrgjegje t\u00eb plot\u00eb nga k\u00ebta kriminel\u00eb me uniform\u00eb.<\/p>\n<p>Bombolat e skaduara t\u00eb gazit lotsjell\u00ebs mund t\u00eb jen\u00eb m\u00eb t\u00eb rrezikshme se ato t\u00eb rejat, pasi degradimi i p\u00ebrb\u00ebrjeve kimike mund t\u00eb gjeneroj\u00eb n\u00ebnprodukte t\u00eb papritura, duke rritur rrezikun e efekteve serioze toksike.<\/p>\n<p>P\u00ebrve\u00e7 acarimit t\u00eb r\u00ebnd\u00eb t\u00eb zakonsh\u00ebm t\u00eb syve, l\u00ebkur\u00ebs dhe traktit respirator, mund t\u00eb ndodh\u00eb ul\u00e7erim i kornes\u00eb dhe i mushk\u00ebrive.<\/p>\n<p>Skadimi nuk e anulon efektin, por mund t\u00eb ndryshoj\u00eb q\u00ebndrueshm\u00ebrin\u00eb kimike t\u00eb p\u00ebrb\u00ebr\u00ebsit aktiv, duke e b\u00ebr\u00eb at\u00eb potencialisht m\u00eb toksik ose m\u00eb irritues.<\/p>\n<p>Thithja e ngarkesave t\u00eb skaduara mund t\u00eb shkaktoj\u00eb edem\u00eb pulmonare, hemorragji dhe v\u00ebshtir\u00ebsi t\u00eb r\u00ebnda n\u00eb frym\u00ebmarrje.<\/p>\n<p>Flluska n\u00eb l\u00ebkur\u00eb, \u00ebnjtje e r\u00ebnd\u00eb dhe d\u00ebmtim serioz i kornes\u00eb (ulceracione dhe turbullim) jan\u00eb t\u00eb mundshme.<\/p>\n<p>Veprimi i zgjatur dhe efektet irrituese mund t\u00eb vazhdojn\u00eb p\u00ebr or\u00eb t\u00eb t\u00ebra pas ekspozimit.<\/p>\n<p>Opozita shqiptare duhet ta kall\u00ebzoj\u00eb urgjentisht n\u00eb Prokurori k\u00ebt\u00eb krim shum\u00eb t\u00eb r\u00ebnd\u00eb t\u00eb Policis\u00eb.<\/p>\n","protected":false},"excerpt":{"rendered":"<p>24 Janar 2026 Nga Petrit Vasili\/ Sot, n\u00eb protest\u00ebn e opozit\u00ebs, policia ka p\u00ebrdorur gaz lotsjell\u00ebs t\u00eb skaduar q\u00eb n\u00eb vitin 2023, pra gati tre vjet m\u00eb par\u00eb. Kjo prov\u00eb kaq e r\u00ebnd\u00eb \u00ebsht\u00eb konstatuar n\u00eb terrenin e protest\u00ebs nga gazetari i Syri TV, Klajdi Bodlli. Ky \u00ebsht\u00eb nj\u00eb krim i v\u00ebrtet\u00eb ndaj jet\u00ebs dhe [&hellip;]<\/p>\n","protected":false},"author":9,"featured_media":96900,"comment_status":"open","ping_status":"open","sticky":false,"template":"","format":"standard","meta":{"jetpack_post_was_ever_published":false,"_jetpack_newsletter_access":"","_jetpack_dont_email_post_to_subs":false,"_jetpack_newsletter_tier_id":0,"_jetpack_memberships_contains_paywalled_content":false,"_jetpack_memberships_contains_paid_content":false,"footnotes":"","jetpack_publicize_message":"","jetpack_publicize_feature_enabled":true,"jetpack_social_post_already_shared":true,"jetpack_social_options":{"image_generator_settings":{"template":"highway","default_image_id":0,"font":"","enabled":false},"version":2}},"categories":[27,1,2],"tags":[],"class_list":["post-96899","post","type-post","status-publish","format-standard","has-post-thumbnail","hentry","category-blogu-i-udhetarit","category-njoftime-shtypi","category-politika"],"jetpack_publicize_connections":[],"jetpack_featured_media_url":"https:\/\/i0.wp.com\/www.shqiperia.com\/blog\/wp-content\/uploads\/2026\/01\/auto_7b705dc9-a522-427f-832a-3b1785e8dde61769288881.jpg?fit=900%2C954&ssl=1","jetpack_sharing_enabled":true,"jetpack_shortlink":"https:\/\/wp.me\/p5Z6wp-pcT","jetpack-related-posts":[{"id":96905,"url":"https:\/\/www.shqiperia.com\/blog\/toksikologet-paralajmerojne-nderkohe-se-gazit-te-skaduar-i-hedhur-mbi-protestuesit-mund-te-shkaktoje-probleme-afatgjata-me-frymemarrjen-dhe-deri-te-demtimet-e-perhershme-te-syve\/","url_meta":{"origin":96899,"position":0},"title":"Toksikolog\u00ebt paralajm\u00ebrojn\u00eb nd\u00ebrkoh\u00eb se gazit t\u00eb skaduar i hedhur mbi protestuesit mund t\u00eb shkaktoj\u00eb probleme afatgjata me frym\u00ebmarrjen dhe deri te d\u00ebmtimet e p\u00ebrhershme t\u00eb syve","author":"Kurt Farka","date":"January 25, 2026","format":false,"excerpt":"25 Janar 2026 Nga: Top Channe Policia dhe Garda e Republik\u00ebs akuzohen se kan\u00eb p\u00ebrdorur gaz lotsjell\u00ebs t\u00eb skaduar n\u00eb protest\u00ebn e organizuar nga Partia Demokratike t\u00eb shtun\u00ebn. Fotot nga granatat e hedhura p\u00ebr t\u00eb shp\u00ebrndar\u00eb turmat te Kryeministri dhe Kuvendi tregojn\u00eb se gazi ka skaduar q\u00eb n\u00eb vitin 2023.\u2026","rel":"","context":"In &quot;Blogu i Udh\u00ebtarit&quot;","block_context":{"text":"Blogu i Udh\u00ebtarit","link":"https:\/\/www.shqiperia.com\/blog\/category\/blogu-i-udhetarit\/"},"img":{"alt_text":"","src":"https:\/\/i0.wp.com\/www.shqiperia.com\/blog\/wp-content\/uploads\/2026\/01\/auto_gaz1769296017.jpg?fit=900%2C552&ssl=1&resize=350%2C200","width":350,"height":200,"srcset":"https:\/\/i0.wp.com\/www.shqiperia.com\/blog\/wp-content\/uploads\/2026\/01\/auto_gaz1769296017.jpg?fit=900%2C552&ssl=1&resize=350%2C200 1x, https:\/\/i0.wp.com\/www.shqiperia.com\/blog\/wp-content\/uploads\/2026\/01\/auto_gaz1769296017.jpg?fit=900%2C552&ssl=1&resize=525%2C300 1.5x, https:\/\/i0.wp.com\/www.shqiperia.com\/blog\/wp-content\/uploads\/2026\/01\/auto_gaz1769296017.jpg?fit=900%2C552&ssl=1&resize=700%2C400 2x"},"classes":[]},{"id":96978,"url":"https:\/\/www.shqiperia.com\/blog\/gazi-lotsjelles-i-skaduar-ne-proteste-disa-here-me-i-demshem-myzyraj-ndalohet-sipas-konventave-nderkombetare\/","url_meta":{"origin":96899,"position":1},"title":"\u2018Gazi lotsjell\u00ebs i skaduar n\u00eb protest\u00eb, disa her\u00eb m\u00eb i d\u00ebmsh\u00ebm\u2019. Myzyraj: &#8211; Ndalohet sipas konventave nd\u00ebrkomb\u00ebtare","author":"Kurt Farka","date":"January 26, 2026","format":false,"excerpt":"26 Janar 2026 Gazetari Isa Myzyraj, i ftuar n\u00eb nj\u00eb emision televiziv, ka komentuar p\u00ebrdorimin e gazit lotsjell\u00ebs gjat\u00eb protest\u00ebs s\u00eb Partis\u00eb Demokratike, t\u00eb zhvilluar dy dit\u00eb m\u00eb par\u00eb, ku u konstatua se gazi i p\u00ebrdorur ishte i skaduar prej rreth tre vitesh. Myzyraj u shpreh se n\u00eb shum\u00eb raste,\u2026","rel":"","context":"In &quot;Blogu i Udh\u00ebtarit&quot;","block_context":{"text":"Blogu i Udh\u00ebtarit","link":"https:\/\/www.shqiperia.com\/blog\/category\/blogu-i-udhetarit\/"},"img":{"alt_text":"","src":"https:\/\/i0.wp.com\/www.shqiperia.com\/blog\/wp-content\/uploads\/2026\/01\/dsfgdsfgsdfg-770x413-1.jpg?fit=770%2C413&ssl=1&resize=350%2C200","width":350,"height":200,"srcset":"https:\/\/i0.wp.com\/www.shqiperia.com\/blog\/wp-content\/uploads\/2026\/01\/dsfgdsfgsdfg-770x413-1.jpg?fit=770%2C413&ssl=1&resize=350%2C200 1x, https:\/\/i0.wp.com\/www.shqiperia.com\/blog\/wp-content\/uploads\/2026\/01\/dsfgdsfgsdfg-770x413-1.jpg?fit=770%2C413&ssl=1&resize=525%2C300 1.5x, https:\/\/i0.wp.com\/www.shqiperia.com\/blog\/wp-content\/uploads\/2026\/01\/dsfgdsfgsdfg-770x413-1.jpg?fit=770%2C413&ssl=1&resize=700%2C400 2x"},"classes":[]},{"id":17998,"url":"https:\/\/www.shqiperia.com\/blog\/mjeku-jep-alarmin-gazi-lotsjelles-mund-te-shkaktoje-vdekjen\/","url_meta":{"origin":96899,"position":2},"title":"Mjeku jep alarmin: Gazi lotsjell\u00ebs mund t\u00eb shkaktoj\u00eb vdekjen. &#8211;","author":"Kurt Farka","date":"March 3, 2019","format":false,"excerpt":"Mjeku jep alarmin: Gazi lotsjell\u00ebs mund t\u00eb shkaktoj\u00eb vdekjen. - Gazi lotsjell\u00ebs i p\u00ebrdoruar nga forcat e rendit n\u00eb protest\u00ebn e opozit\u00ebs s\u00eb bashkuar, shkaktoi debat p\u00ebr m\u00ebnyr\u00ebn se si u p\u00ebrdor ai si edhe p\u00ebr efektet q\u00eb shkakton te protestuesit. Lidhur me k\u00ebto efekte mjeku pneumolog, Adrian Jorgji, i\u2026","rel":"","context":"In &quot;Blogu i Udh\u00ebtarit&quot;","block_context":{"text":"Blogu i Udh\u00ebtarit","link":"https:\/\/www.shqiperia.com\/blog\/category\/blogu-i-udhetarit\/"},"img":{"alt_text":"","src":"https:\/\/i0.wp.com\/www.shqiperia.com\/blog\/wp-content\/uploads\/2019\/03\/gazi-lotsjelles-2.jpg?fit=403%2C241&ssl=1&resize=350%2C200","width":350,"height":200},"classes":[]},{"id":41833,"url":"https:\/\/www.shqiperia.com\/blog\/nje-grup-vajzash-i-kerkojne-te-lirojne-te-shoqeruarit-policia-i-pergjigjet-me-gaz-lotsjelles\/","url_meta":{"origin":96899,"position":3},"title":"Nj\u00eb grup vajzash i k\u00ebrkojn\u00eb t\u00eb lirojn\u00eb t\u00eb shoq\u00ebruarit, Policia i \u201cp\u00ebrgjigjet\u201d me gaz lotsjell\u00ebs","author":"Kurt Farka","date":"December 12, 2020","format":false,"excerpt":"Nj\u00eb grup vajzash i k\u00ebrkojn\u00eb t\u00eb lirojn\u00eb t\u00eb shoq\u00ebruarit, Policia i \u201cp\u00ebrgjigjet\u201d me gaz lotsjell\u00ebs 12 DHJETOR 2020, Ndryshe nga protestash t\u00eb tjera, Policia nuk do t\u00eb lejoj\u00eb sot asnj\u00eb grumbullim, q\u00eb do t\u2019i p\u00ebrgjigjet me gaz lotsjell\u00ebs dhe me auto-botet e ujit. N\u00eb t\u00eb nj\u00ebjt\u00ebn m\u00ebnyr\u00eb i \u00ebsht\u00eb p\u00ebrgjigjur\u2026","rel":"","context":"In &quot;Blogu i Udh\u00ebtarit&quot;","block_context":{"text":"Blogu i Udh\u00ebtarit","link":"https:\/\/www.shqiperia.com\/blog\/category\/blogu-i-udhetarit\/"},"img":{"alt_text":"","src":"https:\/\/i0.wp.com\/www.shqiperia.com\/blog\/wp-content\/uploads\/2020\/12\/640-0-5fd50c1fcc391.jpg?fit=640%2C354&ssl=1&resize=350%2C200","width":350,"height":200,"srcset":"https:\/\/i0.wp.com\/www.shqiperia.com\/blog\/wp-content\/uploads\/2020\/12\/640-0-5fd50c1fcc391.jpg?fit=640%2C354&ssl=1&resize=350%2C200 1x, https:\/\/i0.wp.com\/www.shqiperia.com\/blog\/wp-content\/uploads\/2020\/12\/640-0-5fd50c1fcc391.jpg?fit=640%2C354&ssl=1&resize=525%2C300 1.5x"},"classes":[]},{"id":18511,"url":"https:\/\/www.shqiperia.com\/blog\/rama-si-asad-mos-i-helmo-femijet-marshimi-i-heshtur-i-te-rinjve-ne-tirane-kunder-perdorimit-te-gazit-lotsjelles-nga-policia\/","url_meta":{"origin":96899,"position":4},"title":"\u201cRama si Asad. Mos i helmo f\u00ebmij\u00ebt\u201d, marshimi i heshtur i t\u00eb rinjve n\u00eb Tiran\u00eb kund\u00ebr p\u00ebrdorimit t\u00eb gazit lotsjell\u00ebs nga policia. &#8211;","author":"Kurt Farka","date":"March 18, 2019","format":false,"excerpt":"\u201cRama si Asad. Mos i helmo f\u00ebmij\u00ebt\u201d, marshimi i heshtur i t\u00eb rinjve n\u00eb Tiran\u00eb kund\u00ebr p\u00ebrdorimit t\u00eb gazit lotsjell\u00ebs nga policia. - 17 Mars, 2019. \u00a0 Krahas festimeve p\u00ebr \u201cDit\u00ebn e Ver\u00ebs\u201d, sot n\u00eb kryeqytet \u00ebsht\u00eb zhvilluar dhe nj\u00eb marshim i heshtur dhe paq\u00ebsor me f\u00ebmij\u00eb dhe t\u00eb rinj,\u2026","rel":"","context":"In &quot;Blogu i Udh\u00ebtarit&quot;","block_context":{"text":"Blogu i Udh\u00ebtarit","link":"https:\/\/www.shqiperia.com\/blog\/category\/blogu-i-udhetarit\/"},"img":{"alt_text":"","src":"https:\/\/i0.wp.com\/www.shqiperia.com\/blog\/wp-content\/uploads\/2019\/03\/kund%C3%ABr-p%C3%ABrdorimit-t%C3%AB-gazit-lotsjell%C3%ABs-nga-policia.jpg?fit=1080%2C622&ssl=1&resize=350%2C200","width":350,"height":200,"srcset":"https:\/\/i0.wp.com\/www.shqiperia.com\/blog\/wp-content\/uploads\/2019\/03\/kund%C3%ABr-p%C3%ABrdorimit-t%C3%AB-gazit-lotsjell%C3%ABs-nga-policia.jpg?fit=1080%2C622&ssl=1&resize=350%2C200 1x, https:\/\/i0.wp.com\/www.shqiperia.com\/blog\/wp-content\/uploads\/2019\/03\/kund%C3%ABr-p%C3%ABrdorimit-t%C3%AB-gazit-lotsjell%C3%ABs-nga-policia.jpg?fit=1080%2C622&ssl=1&resize=525%2C300 1.5x, https:\/\/i0.wp.com\/www.shqiperia.com\/blog\/wp-content\/uploads\/2019\/03\/kund%C3%ABr-p%C3%ABrdorimit-t%C3%AB-gazit-lotsjell%C3%ABs-nga-policia.jpg?fit=1080%2C622&ssl=1&resize=700%2C400 2x, https:\/\/i0.wp.com\/www.shqiperia.com\/blog\/wp-content\/uploads\/2019\/03\/kund%C3%ABr-p%C3%ABrdorimit-t%C3%AB-gazit-lotsjell%C3%ABs-nga-policia.jpg?fit=1080%2C622&ssl=1&resize=1050%2C600 3x"},"classes":[]},{"id":20999,"url":"https:\/\/www.shqiperia.com\/blog\/bomba-molotov-dhe-gaz-lotsjelles-para-parlamentit-shperthime-te-forta\/","url_meta":{"origin":96899,"position":5},"title":"Bomba molotov dhe gaz lotsjell\u00ebs para Parlamentit. Shp\u00ebrthime t\u00eb forta &#8230; &#8211;","author":"Kurt Farka","date":"May 11, 2019","format":false,"excerpt":"Bomba molotov dhe gaz lotsjell\u00ebs para Parlamentit. Shp\u00ebrthime t\u00eb forta ... - Ora 21:17\u00a0\u2013 Bomba molotov nga ana e protestuesve dhe gaz lotsjell\u00ebs nga ana e policis\u00eb. Kjo \u00ebsht\u00eb ajo q\u00eb po ndodh p\u00ebrpara nd\u00ebrtes\u00ebs s\u00eb Parlamentit t\u00eb Shqip\u00ebris\u00eb. Krahas k\u00ebsaj, protestuesit po hedhin edhe fishekzjarr\u00eb\u00a0duke shkaktuar zhurma t\u00eb forta.\u2026","rel":"","context":"In &quot;Blogu i Udh\u00ebtarit&quot;","block_context":{"text":"Blogu i Udh\u00ebtarit","link":"https:\/\/www.shqiperia.com\/blog\/category\/blogu-i-udhetarit\/"},"img":{"alt_text":"","src":"https:\/\/i0.wp.com\/www.shqiperia.com\/blog\/wp-content\/uploads\/2019\/05\/protesteparlem.jpg?fit=731%2C407&ssl=1&resize=350%2C200","width":350,"height":200,"srcset":"https:\/\/i0.wp.com\/www.shqiperia.com\/blog\/wp-content\/uploads\/2019\/05\/protesteparlem.jpg?fit=731%2C407&ssl=1&resize=350%2C200 1x, https:\/\/i0.wp.com\/www.shqiperia.com\/blog\/wp-content\/uploads\/2019\/05\/protesteparlem.jpg?fit=731%2C407&ssl=1&resize=525%2C300 1.5x, https:\/\/i0.wp.com\/www.shqiperia.com\/blog\/wp-content\/uploads\/2019\/05\/protesteparlem.jpg?fit=731%2C407&ssl=1&resize=700%2C400 2x"},"classes":[]}],"_links":{"self":[{"href":"https:\/\/www.shqiperia.com\/blog\/wp-json\/wp\/v2\/posts\/96899","targetHints":{"allow":["GET"]}}],"collection":[{"href":"https:\/\/www.shqiperia.com\/blog\/wp-json\/wp\/v2\/posts"}],"about":[{"href":"https:\/\/www.shqiperia.com\/blog\/wp-json\/wp\/v2\/types\/post"}],"author":[{"embeddable":true,"href":"https:\/\/www.shqiperia.com\/blog\/wp-json\/wp\/v2\/users\/9"}],"replies":[{"embeddable":true,"href":"https:\/\/www.shqiperia.com\/blog\/wp-json\/wp\/v2\/comments?post=96899"}],"version-history":[{"count":2,"href":"https:\/\/www.shqiperia.com\/blog\/wp-json\/wp\/v2\/posts\/96899\/revisions"}],"predecessor-version":[{"id":96926,"href":"https:\/\/www.shqiperia.com\/blog\/wp-json\/wp\/v2\/posts\/96899\/revisions\/96926"}],"wp:featuredmedia":[{"embeddable":true,"href":"https:\/\/www.shqiperia.com\/blog\/wp-json\/wp\/v2\/media\/96900"}],"wp:attachment":[{"href":"https:\/\/www.shqiperia.com\/blog\/wp-json\/wp\/v2\/media?parent=96899"}],"wp:term":[{"taxonomy":"category","embeddable":true,"href":"https:\/\/www.shqiperia.com\/blog\/wp-json\/wp\/v2\/categories?post=96899"},{"taxonomy":"post_tag","embeddable":true,"href":"https:\/\/www.shqiperia.com\/blog\/wp-json\/wp\/v2\/tags?post=96899"}],"curies":[{"name":"wp","href":"https:\/\/api.w.org\/{rel}","templated":true}]}}