{"id":96896,"date":"2026-01-24T22:30:21","date_gmt":"2026-01-24T22:30:21","guid":{"rendered":"https:\/\/www.shqiperia.com\/blog\/?p=96896"},"modified":"2026-01-25T14:50:29","modified_gmt":"2026-01-25T14:50:29","slug":"afp-i-ben-jehone-protestes-se-pd-shperthejne-trazirat-ne-protesten-kunder-qeverise-ne-tirane","status":"publish","type":"post","link":"https:\/\/www.shqiperia.com\/blog\/afp-i-ben-jehone-protestes-se-pd-shperthejne-trazirat-ne-protesten-kunder-qeverise-ne-tirane\/","title":{"rendered":"AFP i b\u00ebn jehon\u00eb protest\u00ebs s\u00eb PD: Shp\u00ebrthejn\u00eb trazirat n\u00eb protest\u00ebn kund\u00ebr qeveris\u00eb n\u00eb Tiran\u00eb"},"content":{"rendered":"<p><img data-recalc-dims=\"1\" loading=\"lazy\" decoding=\"async\" data-attachment-id=\"96897\" data-permalink=\"https:\/\/www.shqiperia.com\/blog\/afp-i-ben-jehone-protestes-se-pd-shperthejne-trazirat-ne-protesten-kunder-qeverise-ne-tirane\/auto_afp1097344127899629575429198435303004769431-11769290354\/\" data-orig-file=\"https:\/\/i0.wp.com\/www.shqiperia.com\/blog\/wp-content\/uploads\/2026\/01\/auto_AFP1097344127899629575429198435303004769431-11769290354.jpg?fit=900%2C600&amp;ssl=1\" data-orig-size=\"900,600\" data-comments-opened=\"1\" data-image-meta=\"{&quot;aperture&quot;:&quot;0&quot;,&quot;credit&quot;:&quot;&quot;,&quot;camera&quot;:&quot;&quot;,&quot;caption&quot;:&quot;&quot;,&quot;created_timestamp&quot;:&quot;0&quot;,&quot;copyright&quot;:&quot;&quot;,&quot;focal_length&quot;:&quot;0&quot;,&quot;iso&quot;:&quot;0&quot;,&quot;shutter_speed&quot;:&quot;0&quot;,&quot;title&quot;:&quot;&quot;,&quot;orientation&quot;:&quot;0&quot;}\" data-image-title=\"auto_AFP1097344127899629575429198435303004769431&#8212;11769290354\" data-image-description=\"\" data-image-caption=\"\" data-medium-file=\"https:\/\/i0.wp.com\/www.shqiperia.com\/blog\/wp-content\/uploads\/2026\/01\/auto_AFP1097344127899629575429198435303004769431-11769290354.jpg?fit=300%2C200&amp;ssl=1\" data-large-file=\"https:\/\/i0.wp.com\/www.shqiperia.com\/blog\/wp-content\/uploads\/2026\/01\/auto_AFP1097344127899629575429198435303004769431-11769290354.jpg?fit=900%2C600&amp;ssl=1\" class=\"alignnone wp-image-96897\" alt=\"\" src=\"https:\/\/i0.wp.com\/www.shqiperia.com\/blog\/wp-content\/uploads\/2026\/01\/auto_AFP1097344127899629575429198435303004769431-11769290354.jpg?resize=602%2C401&#038;ssl=1\" width=\"602\" height=\"401\" srcset=\"https:\/\/i0.wp.com\/www.shqiperia.com\/blog\/wp-content\/uploads\/2026\/01\/auto_AFP1097344127899629575429198435303004769431-11769290354.jpg?resize=300%2C200&amp;ssl=1 300w, https:\/\/i0.wp.com\/www.shqiperia.com\/blog\/wp-content\/uploads\/2026\/01\/auto_AFP1097344127899629575429198435303004769431-11769290354.jpg?resize=768%2C512&amp;ssl=1 768w, https:\/\/i0.wp.com\/www.shqiperia.com\/blog\/wp-content\/uploads\/2026\/01\/auto_AFP1097344127899629575429198435303004769431-11769290354.jpg?resize=600%2C400&amp;ssl=1 600w, https:\/\/i0.wp.com\/www.shqiperia.com\/blog\/wp-content\/uploads\/2026\/01\/auto_AFP1097344127899629575429198435303004769431-11769290354.jpg?resize=450%2C300&amp;ssl=1 450w, https:\/\/i0.wp.com\/www.shqiperia.com\/blog\/wp-content\/uploads\/2026\/01\/auto_AFP1097344127899629575429198435303004769431-11769290354.jpg?resize=400%2C267&amp;ssl=1 400w, https:\/\/i0.wp.com\/www.shqiperia.com\/blog\/wp-content\/uploads\/2026\/01\/auto_AFP1097344127899629575429198435303004769431-11769290354.jpg?w=900&amp;ssl=1 900w\" sizes=\"auto, (max-width: 602px) 100vw, 602px\" \/><\/p>\n<p><strong><span>24 Janar 2026<\/span><\/strong><\/p>\n<p><strong><span>Agjencia Franceze e Lajmeve (AFP) i ka bwrw jehonw protest\u00ebs sw opozit\u00ebs nw Tiranw, kwtw tw shtunw, 24 janar 2026.<\/span><\/strong><\/p>\n<p><strong><span>\u201cKrimi i organizuar dhe korrupsioni jan\u00eb \u00e7\u00ebshtjet kryesore q\u00eb e pengojn\u00eb Shqip\u00ebrin\u00eb t\u00eb an\u00ebtar\u00ebsohet n\u00eb Bashkimin Europian.\u201d,- shkruan AFP.<\/span><\/strong><\/p>\n<p><strong><span>Lajmi:<\/span><\/strong><\/p>\n<p>T\u00eb shtun\u00ebn pati trazira n\u00eb kryeqytetin e Shqip\u00ebris\u00eb mes policis\u00eb dhe protestuesve t\u00eb opozit\u00ebs, t\u00eb cil\u00ebt akuzojn\u00eb kryeministrin socialist Edi Rama p\u00ebr korrupsion dhe k\u00ebrkojn\u00eb dor\u00ebheqjen e tij, raportoi nj\u00eb gazetar i AFP-s\u00eb.<\/p>\n<p>Protesta, e udh\u00ebhequr nga lideri i opozit\u00ebs dhe ish-kryeministri Sali Berisha, mblodhi mij\u00ebra njer\u00ebz n\u00eb nj\u00eb tubim p\u00ebrpara godin\u00ebs kryesore t\u00eb qeveris\u00eb n\u00eb Tiran\u00eb.<\/p>\n<p>Berisha, kryetar i Partis\u00eb Demokratike t\u00eb djatht\u00eb, u b\u00ebri thirrje mb\u00ebshtet\u00ebsve q\u00eb t\u00eb \u201cbashkohen p\u00ebr t\u00eb p\u00ebrmbysur k\u00ebt\u00eb qeveri dhe p\u00ebr t\u00eb vendosur nj\u00eb qeveri teknike q\u00eb t\u00eb p\u00ebrgatis\u00eb zgjedhje t\u00eb parakohshme, t\u00eb lira dhe t\u00eb ndershme\u201d.<\/p>\n<p>Pas fjalimeve, disa protestues hodh\u00ebn kokteje Molotov ndaj policis\u00eb, e cila u p\u00ebrgjigj me gaz lotsjell\u00ebs dhe topa uji p\u00ebr t\u00eb shp\u00ebrndar\u00eb turm\u00ebn.<\/p>\n<p>P\u00ebrplasjet shp\u00ebrthyen kur grupe protestuesish marshuan drejt parlamentit, ku tentuan t\u00eb \u00e7anin kordon\u00ebt e policis\u00eb, duke hedhur gur\u00eb dhe kokteje Molotov.<\/p>\n<p>Policia u p\u00ebrgjigj s\u00ebrish me gaz lotsjell\u00ebs dhe topa uji.<\/p>\n<p>T\u00eb pakt\u00ebn 10 efektiv\u00eb policie p\u00ebsuan l\u00ebndime t\u00eb lehta, thuhet n\u00eb nj\u00eb deklarat\u00eb t\u00eb policis\u00eb.<\/p>\n<p>Sipas Berish\u00ebs, 25 protestues u arrestuan.<\/p>\n<p>\u201cKy \u00ebsht\u00eb kilometri i fundit drejt fundit t\u00eb regjimit t\u00eb Edi Ram\u00ebs\u201d, u tha ai mb\u00ebshtet\u00ebsve jasht\u00eb selis\u00eb s\u00eb partis\u00eb s\u00eb tij pas protest\u00ebs, duke u zotuar se do t\u00eb vazhdoj\u00eb betej\u00ebn.<\/p>\n<p>Politika shqiptare karakterizohet nga sulme t\u00eb ashpra verbale, me partit\u00eb e djathta dhe t\u00eb majta q\u00eb shk\u00ebmbejn\u00eb fyerje dhe akuza p\u00ebr korrupsion dhe lidhje me krimin e organizuar.<\/p>\n<p>N\u00eb n\u00ebntor, nj\u00eb gjykat\u00eb kund\u00ebr korrupsionit pezulloi z\u00ebvend\u00ebskryeministren dhe aleaten e ngusht\u00eb t\u00eb Ram\u00ebs p\u00ebr rolin e saj si e dyshuar n\u00eb nj\u00eb \u00e7\u00ebshtje korrupsioni lidhur me prokurimet publike.<\/p>\n<p>Belinda Balluku, gjithashtu ministre e Infrastruktur\u00ebs dhe Energjis\u00eb, i ka mohuar akuzat, nd\u00ebrsa Rama e cil\u00ebsoi pezullimin e saj si \u201cnj\u00eb akt brutal nd\u00ebrhyrjeje n\u00eb pavar\u00ebsin\u00eb e ekzekutivit\u201d.<\/p>\n<p>Me k\u00ebrkes\u00eb t\u00eb qeveris\u00eb, Gjykata Kushtetuese n\u00eb dhjetor e riktheu p\u00ebrkoh\u00ebsisht Ballukun n\u00eb detyr\u00eb, n\u00eb pritje t\u00eb vendimit p\u00ebrfundimtar.<\/p>\n<p>Nj\u00eb komision parlamentar pritet t\u00eb shqyrtoj\u00eb t\u00eb m\u00ebrkur\u00ebn k\u00ebrkes\u00ebn e prokuror\u00ebve kund\u00ebr korrupsionit dhe krimit t\u00eb organizuar p\u00ebr heqjen e imunitetit t\u00eb saj, \u00e7ka do t\u00eb mund\u00ebsonte arrestimin.<\/p>\n<p>Krimi i organizuar dhe korrupsioni jan\u00eb \u00e7\u00ebshtjet kryesore q\u00eb e pengojn\u00eb Shqip\u00ebrin\u00eb t\u00eb an\u00ebtar\u00ebsohet n\u00eb Bashkimin Europian.<\/p>\n<p>Kryetari i Bashkis\u00eb s\u00eb Tiran\u00ebs, Erion Veliaj, u arrestua n\u00eb shkurt t\u00eb vitit t\u00eb kaluar n\u00ebn dyshimet p\u00ebr korrupsion dhe pastrim parash.<\/p>\n<p>Dy ish-ministra t\u00eb tjer\u00eb q\u00eb kan\u00eb sh\u00ebrbyer n\u00ebn qeverin\u00eb Rama jan\u00eb akuzuar p\u00ebr p\u00ebrvet\u00ebsim fondesh dhe shp\u00ebrdorim detyre.<\/p>\n<p>Ish-kryeministri dhe ish-presidenti Ilir Meta u arrestua n\u00eb tetor 2024, gjithashtu n\u00ebn akuzat p\u00ebr korrupsion dhe pastrim parash.<span>\u00a0<\/span><strong>\/ AFP<\/strong><\/p>\n","protected":false},"excerpt":{"rendered":"<p>24 Janar 2026 Agjencia Franceze e Lajmeve (AFP) i ka bwrw jehonw protest\u00ebs sw opozit\u00ebs nw Tiranw, kwtw tw shtunw, 24 janar 2026. \u201cKrimi i organizuar dhe korrupsioni jan\u00eb \u00e7\u00ebshtjet kryesore q\u00eb e pengojn\u00eb Shqip\u00ebrin\u00eb t\u00eb an\u00ebtar\u00ebsohet n\u00eb Bashkimin Europian.\u201d,- shkruan AFP. Lajmi: T\u00eb shtun\u00ebn pati trazira n\u00eb kryeqytetin e Shqip\u00ebris\u00eb mes policis\u00eb dhe protestuesve [&hellip;]<\/p>\n","protected":false},"author":9,"featured_media":96897,"comment_status":"open","ping_status":"open","sticky":false,"template":"","format":"standard","meta":{"jetpack_post_was_ever_published":false,"_jetpack_newsletter_access":"","_jetpack_dont_email_post_to_subs":false,"_jetpack_newsletter_tier_id":0,"_jetpack_memberships_contains_paywalled_content":false,"_jetpack_memberships_contains_paid_content":false,"footnotes":"","jetpack_publicize_message":"","jetpack_publicize_feature_enabled":true,"jetpack_social_post_already_shared":true,"jetpack_social_options":{"image_generator_settings":{"template":"highway","default_image_id":0,"font":"","enabled":false},"version":2}},"categories":[27,1,2],"tags":[],"class_list":["post-96896","post","type-post","status-publish","format-standard","has-post-thumbnail","hentry","category-blogu-i-udhetarit","category-njoftime-shtypi","category-politika"],"jetpack_publicize_connections":[],"jetpack_featured_media_url":"https:\/\/i0.wp.com\/www.shqiperia.com\/blog\/wp-content\/uploads\/2026\/01\/auto_AFP1097344127899629575429198435303004769431-11769290354.jpg?fit=900%2C600&ssl=1","jetpack_sharing_enabled":true,"jetpack_shortlink":"https:\/\/wp.me\/p5Z6wp-pcQ","jetpack-related-posts":[{"id":64232,"url":"https:\/\/www.shqiperia.com\/blog\/mediat-e-huaja-jehone-protestes-washington-post-shkruan-per-aksionin-opozitar\/","url_meta":{"origin":96896,"position":0},"title":"Mediat e huaja, jehon\u00eb protest\u00ebs\/ &#8220;Washington Post&#8221; shkruan p\u00ebr aksionin opozitar","author":"Kurt Farka","date":"November 12, 2022","format":false,"excerpt":"12 Nentor 2022 Media e njohur \"Washington Post\" i ka kushtuar nj\u00eb artikull protest\u00ebs s\u00eb sotme n\u00eb Tiran\u00eb nga opozita. Mij\u00ebra mb\u00ebshtet\u00ebs t\u00eb opozit\u00ebs shqiptare protestuan t\u00eb shtun\u00ebn p\u00ebr rritjen e \u00e7mimeve n\u00eb vend, duke faj\u00ebsuar qeverin\u00eb. Mb\u00ebshtet\u00ebsit e opozit\u00ebs u mblodh\u00ebn para Kryeministris\u00eb, duke i b\u00ebr\u00eb thirrje kryeministrit Edi\u2026","rel":"","context":"In &quot;Blogu i Udh\u00ebtarit&quot;","block_context":{"text":"Blogu i Udh\u00ebtarit","link":"https:\/\/www.shqiperia.com\/blog\/category\/blogu-i-udhetarit\/"},"img":{"alt_text":"","src":"https:\/\/i0.wp.com\/www.shqiperia.com\/blog\/wp-content\/uploads\/2022\/11\/640-0-1668284254xwashington-361.jpg?fit=640%2C356&ssl=1&resize=350%2C200","width":350,"height":200,"srcset":"https:\/\/i0.wp.com\/www.shqiperia.com\/blog\/wp-content\/uploads\/2022\/11\/640-0-1668284254xwashington-361.jpg?fit=640%2C356&ssl=1&resize=350%2C200 1x, https:\/\/i0.wp.com\/www.shqiperia.com\/blog\/wp-content\/uploads\/2022\/11\/640-0-1668284254xwashington-361.jpg?fit=640%2C356&ssl=1&resize=525%2C300 1.5x"},"classes":[]},{"id":17547,"url":"https:\/\/www.shqiperia.com\/blog\/deutsche-welle-proteste-masive-e-opozites-per-renien-e-qeverise-rama\/","url_meta":{"origin":96896,"position":1},"title":"Deutsche Welle: Protest\u00eb masive e opozit\u00ebs p\u00ebr r\u00ebnien e qeveris\u00eb Rama","author":"Kurt Farka","date":"February 17, 2019","format":false,"excerpt":"Deutsche Welle: Protest\u00eb masive e opozit\u00ebs p\u00ebr r\u00ebnien e qeveris\u00eb Rama 16 Shkurt, 2019 Sot n\u00eb Tiran\u00eb zhvillohet nj\u00eb protest\u00eb e madhe e opozit\u00ebs kund\u00ebr qeveris\u00eb Rama, t\u00eb cil\u00ebn opozita e akuzon p\u00ebr korrupsion e lidhje me krimin. Policia e Shtetit gjendet n\u00eb gatishm\u00ebri t\u00eb lart\u00eb p\u00ebr shmangien e dhun\u00ebs.\u2026","rel":"","context":"In &quot;Blogu i Udh\u00ebtarit&quot;","block_context":{"text":"Blogu i Udh\u00ebtarit","link":"https:\/\/www.shqiperia.com\/blog\/category\/blogu-i-udhetarit\/"},"img":{"alt_text":"","src":"https:\/\/i0.wp.com\/www.shqiperia.com\/blog\/wp-content\/uploads\/2019\/02\/Protesta-e-PD-696x464.jpg?fit=696%2C341&ssl=1&resize=350%2C200","width":350,"height":200,"srcset":"https:\/\/i0.wp.com\/www.shqiperia.com\/blog\/wp-content\/uploads\/2019\/02\/Protesta-e-PD-696x464.jpg?fit=696%2C341&ssl=1&resize=350%2C200 1x, https:\/\/i0.wp.com\/www.shqiperia.com\/blog\/wp-content\/uploads\/2019\/02\/Protesta-e-PD-696x464.jpg?fit=696%2C341&ssl=1&resize=525%2C300 1.5x"},"classes":[]},{"id":67786,"url":"https:\/\/www.shqiperia.com\/blog\/the-washington-post-dhe-gazeta-te-tjera-europiane-shqiperi-mijera-qytetare-kerkuan-doreheqjen-e-kryeministrit\/","url_meta":{"origin":96896,"position":2},"title":"\u201cThe Washington Post\u201d dhe gazeta te tjera Europiane: &#8211; Shqiperi, Mij\u00ebra qytetar\u00eb k\u00ebrkuan dor\u00ebheqjen e kryeministrit","author":"Kurt Farka","date":"February 11, 2023","format":false,"excerpt":"11 Shkurt 2023 Protesta e opozit\u00ebs kan\u00eb marr\u00eb v\u00ebmendjen edhe t\u00eb mediave t\u00eb huaja. \u201cThe Washington Post\u201d ka pasqyruar tubimin e opozit\u00ebs t\u00eb thirrur nga ish-kryeministri Sali Berisha, duke p\u00ebrfshir\u00eb dhe incidentet e tensionet q\u00eb shoq\u00ebruan protest\u00ebn. Artikulli i \u201cThe Washington Post\u201d: Mij\u00ebra mb\u00ebshtet\u00ebs t\u00eb opozit\u00ebs politike shqiptare mor\u00ebn pjes\u00eb\u2026","rel":"","context":"In &quot;Blogu i Udh\u00ebtarit&quot;","block_context":{"text":"Blogu i Udh\u00ebtarit","link":"https:\/\/www.shqiperia.com\/blog\/category\/blogu-i-udhetarit\/"},"img":{"alt_text":"","src":"https:\/\/i0.wp.com\/www.shqiperia.com\/blog\/wp-content\/uploads\/2023\/02\/washingtonpost.jpg?fit=919%2C760&ssl=1&resize=350%2C200","width":350,"height":200,"srcset":"https:\/\/i0.wp.com\/www.shqiperia.com\/blog\/wp-content\/uploads\/2023\/02\/washingtonpost.jpg?fit=919%2C760&ssl=1&resize=350%2C200 1x, https:\/\/i0.wp.com\/www.shqiperia.com\/blog\/wp-content\/uploads\/2023\/02\/washingtonpost.jpg?fit=919%2C760&ssl=1&resize=525%2C300 1.5x, https:\/\/i0.wp.com\/www.shqiperia.com\/blog\/wp-content\/uploads\/2023\/02\/washingtonpost.jpg?fit=919%2C760&ssl=1&resize=700%2C400 2x"},"classes":[]},{"id":87714,"url":"https:\/\/www.shqiperia.com\/blog\/protesta-e-opozites-berisha-rikthehet-te-udheheqe-demokratet-ja-rruget-qe-do-te-bllokohen\/","url_meta":{"origin":96896,"position":3},"title":"Protesta e opozit\u00ebs\/ Berisha rikthehet t\u00eb udh\u00ebheq\u00eb demokrat\u00ebt, ja rrug\u00ebt q\u00eb do t\u00eb bllokohen","author":"Kurt Farka","date":"December 23, 2024","format":false,"excerpt":"23 Dhjetor 2024 Opozita do t\u00eb vijoj\u00eb sot mosbindjen civile, me protest\u00ebn e ardh\u00ebs t\u00eb thirrur nga Partia Demokratike, protest\u00eb e cila do t\u00eb nis\u00eb sot n\u00eb or\u00ebn 17:00. P\u00ebr her\u00eb t\u00eb par\u00eb pas gati nj\u00eb viti, lideri i opozit\u00ebs, Sali Berisha, pritet t\u00eb bashkohet me protestuesit n\u00eb shesh, pasi\u2026","rel":"","context":"In &quot;Blogu i Udh\u00ebtarit&quot;","block_context":{"text":"Blogu i Udh\u00ebtarit","link":"https:\/\/www.shqiperia.com\/blog\/category\/blogu-i-udhetarit\/"},"img":{"alt_text":"","src":"https:\/\/i0.wp.com\/www.shqiperia.com\/blog\/wp-content\/uploads\/2024\/12\/Protesta-FRPD-2.jpeg?fit=1200%2C800&ssl=1&resize=350%2C200","width":350,"height":200,"srcset":"https:\/\/i0.wp.com\/www.shqiperia.com\/blog\/wp-content\/uploads\/2024\/12\/Protesta-FRPD-2.jpeg?fit=1200%2C800&ssl=1&resize=350%2C200 1x, https:\/\/i0.wp.com\/www.shqiperia.com\/blog\/wp-content\/uploads\/2024\/12\/Protesta-FRPD-2.jpeg?fit=1200%2C800&ssl=1&resize=525%2C300 1.5x, https:\/\/i0.wp.com\/www.shqiperia.com\/blog\/wp-content\/uploads\/2024\/12\/Protesta-FRPD-2.jpeg?fit=1200%2C800&ssl=1&resize=700%2C400 2x, https:\/\/i0.wp.com\/www.shqiperia.com\/blog\/wp-content\/uploads\/2024\/12\/Protesta-FRPD-2.jpeg?fit=1200%2C800&ssl=1&resize=1050%2C600 3x"},"classes":[]},{"id":95131,"url":"https:\/\/www.shqiperia.com\/blog\/foltorja-e-pd-para-kryeministrise-simpatizante-te-opozites-mblidhen-ne-bulevard\/","url_meta":{"origin":96896,"position":4},"title":"\u201cFoltorja\u201d e PD para kryeministris\u00eb, simpatizant\u00eb t\u00eb opozit\u00ebs mblidhen n\u00eb Bulevard","author":"Kurt Farka","date":"November 24, 2025","format":false,"excerpt":"24 Nentor 2025 Ashtu sic ishte paralajm\u00ebruar, opozita do t\u00eb mbaj\u00eb sot \u201cFoltoren\u201d para Kryeministris\u00eb Tubimi \u00ebsht\u00eb lajm\u00ebruar t\u00eb mbahet n\u00eb ora 18:00, nd\u00ebrsa pritet t\u00eb mb\u00ebrrij\u00eb n\u00eb \u201cfoltoren\u201d e improvizuar para godin\u00ebs s\u00eb qeveris\u00eb, kreu i PD, Sali Berisha. Duke e quajtur \u201cFoltoren 2\u201d, Berisha m\u00eb her\u00ebt u shpreh\u2026","rel":"","context":"In &quot;Blogu i Udh\u00ebtarit&quot;","block_context":{"text":"Blogu i Udh\u00ebtarit","link":"https:\/\/www.shqiperia.com\/blog\/category\/blogu-i-udhetarit\/"},"img":{"alt_text":"","src":"https:\/\/i0.wp.com\/www.shqiperia.com\/blog\/wp-content\/uploads\/2025\/11\/osmani.jpg?fit=1041%2C457&ssl=1&resize=350%2C200","width":350,"height":200,"srcset":"https:\/\/i0.wp.com\/www.shqiperia.com\/blog\/wp-content\/uploads\/2025\/11\/osmani.jpg?fit=1041%2C457&ssl=1&resize=350%2C200 1x, https:\/\/i0.wp.com\/www.shqiperia.com\/blog\/wp-content\/uploads\/2025\/11\/osmani.jpg?fit=1041%2C457&ssl=1&resize=525%2C300 1.5x, https:\/\/i0.wp.com\/www.shqiperia.com\/blog\/wp-content\/uploads\/2025\/11\/osmani.jpg?fit=1041%2C457&ssl=1&resize=700%2C400 2x"},"classes":[]},{"id":17543,"url":"https:\/\/www.shqiperia.com\/blog\/si-u-mor-vendimi-per-mbylljen-e-protestes-konsultimet-e-bashes-me\/","url_meta":{"origin":96896,"position":5},"title":"Si u mor vendimi p\u00ebr mbylljen e protest\u00ebs, konsultimet e Bash\u00ebs me\u2026","author":"Kurt Farka","date":"February 17, 2019","format":false,"excerpt":"Si u mor vendimi p\u00ebr mbylljen e protest\u00ebs, konsultimet e Bash\u00ebs me\u2026 17 shkurt 2019 Juxhin Mustafaraj\/ Opozita e mbylli protest\u00ebn e saj p\u00ebrpara Kryeministris\u00eb kur kishin kaluar 4 or\u00eb e 40 minuta nga nisja e tubimit.\u00a0 Vendimi q\u00eb u komunikua nga kreu i PD-s\u00eb, Lulzim Basha, u mor pas\u2026","rel":"","context":"In &quot;Blogu i Udh\u00ebtarit&quot;","block_context":{"text":"Blogu i Udh\u00ebtarit","link":"https:\/\/www.shqiperia.com\/blog\/category\/blogu-i-udhetarit\/"},"img":{"alt_text":"","src":"https:\/\/i0.wp.com\/www.shqiperia.com\/blog\/wp-content\/uploads\/2019\/02\/13d76b78-ba07-446c-94cd-68f59b914d6b.jpg?fit=1200%2C633&ssl=1&resize=350%2C200","width":350,"height":200,"srcset":"https:\/\/i0.wp.com\/www.shqiperia.com\/blog\/wp-content\/uploads\/2019\/02\/13d76b78-ba07-446c-94cd-68f59b914d6b.jpg?fit=1200%2C633&ssl=1&resize=350%2C200 1x, https:\/\/i0.wp.com\/www.shqiperia.com\/blog\/wp-content\/uploads\/2019\/02\/13d76b78-ba07-446c-94cd-68f59b914d6b.jpg?fit=1200%2C633&ssl=1&resize=525%2C300 1.5x, https:\/\/i0.wp.com\/www.shqiperia.com\/blog\/wp-content\/uploads\/2019\/02\/13d76b78-ba07-446c-94cd-68f59b914d6b.jpg?fit=1200%2C633&ssl=1&resize=700%2C400 2x, https:\/\/i0.wp.com\/www.shqiperia.com\/blog\/wp-content\/uploads\/2019\/02\/13d76b78-ba07-446c-94cd-68f59b914d6b.jpg?fit=1200%2C633&ssl=1&resize=1050%2C600 3x"},"classes":[]}],"_links":{"self":[{"href":"https:\/\/www.shqiperia.com\/blog\/wp-json\/wp\/v2\/posts\/96896","targetHints":{"allow":["GET"]}}],"collection":[{"href":"https:\/\/www.shqiperia.com\/blog\/wp-json\/wp\/v2\/posts"}],"about":[{"href":"https:\/\/www.shqiperia.com\/blog\/wp-json\/wp\/v2\/types\/post"}],"author":[{"embeddable":true,"href":"https:\/\/www.shqiperia.com\/blog\/wp-json\/wp\/v2\/users\/9"}],"replies":[{"embeddable":true,"href":"https:\/\/www.shqiperia.com\/blog\/wp-json\/wp\/v2\/comments?post=96896"}],"version-history":[{"count":2,"href":"https:\/\/www.shqiperia.com\/blog\/wp-json\/wp\/v2\/posts\/96896\/revisions"}],"predecessor-version":[{"id":96922,"href":"https:\/\/www.shqiperia.com\/blog\/wp-json\/wp\/v2\/posts\/96896\/revisions\/96922"}],"wp:featuredmedia":[{"embeddable":true,"href":"https:\/\/www.shqiperia.com\/blog\/wp-json\/wp\/v2\/media\/96897"}],"wp:attachment":[{"href":"https:\/\/www.shqiperia.com\/blog\/wp-json\/wp\/v2\/media?parent=96896"}],"wp:term":[{"taxonomy":"category","embeddable":true,"href":"https:\/\/www.shqiperia.com\/blog\/wp-json\/wp\/v2\/categories?post=96896"},{"taxonomy":"post_tag","embeddable":true,"href":"https:\/\/www.shqiperia.com\/blog\/wp-json\/wp\/v2\/tags?post=96896"}],"curies":[{"name":"wp","href":"https:\/\/api.w.org\/{rel}","templated":true}]}}