{"id":96893,"date":"2026-01-24T22:23:29","date_gmt":"2026-01-24T22:23:29","guid":{"rendered":"https:\/\/www.shqiperia.com\/blog\/?p=96893"},"modified":"2026-01-25T14:51:05","modified_gmt":"2026-01-25T14:51:05","slug":"nje-femije-10-vjec-u-ndalua-nga-policia-bozdo-arrestimi-i-tij-tejkalon-cdo-kufi-eshte-degradim-i-institucioneve","status":"publish","type":"post","link":"https:\/\/www.shqiperia.com\/blog\/nje-femije-10-vjec-u-ndalua-nga-policia-bozdo-arrestimi-i-tij-tejkalon-cdo-kufi-eshte-degradim-i-institucioneve\/","title":{"rendered":"\u201cNj\u00eb f\u00ebmij\u00eb 10-vje\u00e7 u ndalua nga policia\u201d, Bozdo: &#8211; Arrestimi i tij tejkalon \u00e7do kufi, \u00ebsht\u00eb degradim i institucioneve"},"content":{"rendered":"<p><img data-recalc-dims=\"1\" loading=\"lazy\" decoding=\"async\" data-attachment-id=\"96894\" data-permalink=\"https:\/\/www.shqiperia.com\/blog\/nje-femije-10-vjec-u-ndalua-nga-policia-bozdo-arrestimi-i-tij-tejkalon-cdo-kufi-eshte-degradim-i-institucioneve\/femija\/\" data-orig-file=\"https:\/\/i0.wp.com\/www.shqiperia.com\/blog\/wp-content\/uploads\/2026\/01\/femija.jpg?fit=770%2C499&amp;ssl=1\" data-orig-size=\"770,499\" data-comments-opened=\"1\" data-image-meta=\"{&quot;aperture&quot;:&quot;0&quot;,&quot;credit&quot;:&quot;Redaksia&quot;,&quot;camera&quot;:&quot;&quot;,&quot;caption&quot;:&quot;&quot;,&quot;created_timestamp&quot;:&quot;1769293339&quot;,&quot;copyright&quot;:&quot;&quot;,&quot;focal_length&quot;:&quot;0&quot;,&quot;iso&quot;:&quot;0&quot;,&quot;shutter_speed&quot;:&quot;0&quot;,&quot;title&quot;:&quot;&quot;,&quot;orientation&quot;:&quot;0&quot;}\" data-image-title=\"femija\" data-image-description=\"\" data-image-caption=\"\" data-medium-file=\"https:\/\/i0.wp.com\/www.shqiperia.com\/blog\/wp-content\/uploads\/2026\/01\/femija.jpg?fit=300%2C194&amp;ssl=1\" data-large-file=\"https:\/\/i0.wp.com\/www.shqiperia.com\/blog\/wp-content\/uploads\/2026\/01\/femija.jpg?fit=770%2C499&amp;ssl=1\" class=\"alignnone wp-image-96894\" alt=\"\" src=\"https:\/\/i0.wp.com\/www.shqiperia.com\/blog\/wp-content\/uploads\/2026\/01\/femija.jpg?resize=534%2C345&#038;ssl=1\" width=\"534\" height=\"345\" srcset=\"https:\/\/i0.wp.com\/www.shqiperia.com\/blog\/wp-content\/uploads\/2026\/01\/femija.jpg?resize=300%2C194&amp;ssl=1 300w, https:\/\/i0.wp.com\/www.shqiperia.com\/blog\/wp-content\/uploads\/2026\/01\/femija.jpg?resize=768%2C498&amp;ssl=1 768w, https:\/\/i0.wp.com\/www.shqiperia.com\/blog\/wp-content\/uploads\/2026\/01\/femija.jpg?resize=450%2C292&amp;ssl=1 450w, https:\/\/i0.wp.com\/www.shqiperia.com\/blog\/wp-content\/uploads\/2026\/01\/femija.jpg?resize=600%2C389&amp;ssl=1 600w, https:\/\/i0.wp.com\/www.shqiperia.com\/blog\/wp-content\/uploads\/2026\/01\/femija.jpg?resize=400%2C259&amp;ssl=1 400w, https:\/\/i0.wp.com\/www.shqiperia.com\/blog\/wp-content\/uploads\/2026\/01\/femija.jpg?w=770&amp;ssl=1 770w\" sizes=\"auto, (max-width: 534px) 100vw, 534px\" \/><\/p>\n<p>24 Janar 2026<\/p>\n<p>Deputeti i PD-s\u00eb, Eno Bozdo me nj\u00eb reagim n\u00eb rrjetet sociale ka akuzuar policin\u00eb se ka tejkaluar \u00e7do kufi me arrestimin e nj\u00eb f\u00ebmij\u00eb 10 vje\u00e7 vet\u00ebm pse ishte n\u00eb protest\u00eb.<\/p>\n<p>Bozdo shkruan n\u00eb nj\u00eb status n\u00eb facebook, se akoma m\u00eb shqet\u00ebsuese jan\u00eb akuzat p\u00ebr dhun\u00eb ndaj t\u00eb miturit, t\u00eb cilat e b\u00ebjn\u00eb k\u00ebt\u00eb rast edhe m\u00eb t\u00eb r\u00ebnd\u00eb.<\/p>\n<p>Reagimi i deputetit Eno Bozdo<\/p>\n<div class=\"trc_related_container tbl-trecs-container trc_spotlight_widget trc_elastic trc_elastic_sc-ma-balkanweb\" id=\"taboola-sponsored-mid-article\" data-placement-name=\"Sponsored Mid Article\">\n<div id=\"vtaboola-sponsored-mid-article-video\"><\/div>\n<\/div>\n<p>Ndalimi i nj\u00eb f\u00ebmije 10-vje\u00e7ar p\u00ebrb\u00ebn nj\u00eb shkelje t\u00eb r\u00ebnd\u00eb t\u00eb \u00e7do norme njer\u00ebzore dhe juridike. N\u00eb \u00e7do shoq\u00ebri q\u00eb pretendon drejt\u00ebsi dhe shtet ligjor, nj\u00eb veprim i till\u00eb \u00ebsht\u00eb i papranuesh\u00ebm. Akoma m\u00eb shqet\u00ebsuese jan\u00eb akuzat p\u00ebr dhun\u00eb ndaj t\u00eb miturit, t\u00eb cilat e b\u00ebjn\u00eb k\u00ebt\u00eb rast edhe m\u00eb t\u00eb r\u00ebnd\u00eb.<\/p>\n<p>Arrestimi i nj\u00eb f\u00ebmije vet\u00ebm p\u00ebr faktin se ndodhej n\u00eb nj\u00eb protest\u00eb nuk ka asnj\u00eb baz\u00eb ligjore dhe tejkalon \u00e7do kufi etik e moral. Ky nuk \u00ebsht\u00eb zbatim i ligjit, por nj\u00eb keqp\u00ebrdorim flagrant i autoritetit shtet\u00ebror.<\/p>\n<p>Kjo nuk \u00ebsht\u00eb rend publik.<\/p>\n<p>\u00cbsht\u00eb d\u00ebshtim dhe degradim i institucioneve.<\/p>\n","protected":false},"excerpt":{"rendered":"<p>24 Janar 2026 Deputeti i PD-s\u00eb, Eno Bozdo me nj\u00eb reagim n\u00eb rrjetet sociale ka akuzuar policin\u00eb se ka tejkaluar \u00e7do kufi me arrestimin e nj\u00eb f\u00ebmij\u00eb 10 vje\u00e7 vet\u00ebm pse ishte n\u00eb protest\u00eb. Bozdo shkruan n\u00eb nj\u00eb status n\u00eb facebook, se akoma m\u00eb shqet\u00ebsuese jan\u00eb akuzat p\u00ebr dhun\u00eb ndaj t\u00eb miturit, t\u00eb cilat e [&hellip;]<\/p>\n","protected":false},"author":9,"featured_media":96894,"comment_status":"open","ping_status":"open","sticky":false,"template":"","format":"standard","meta":{"jetpack_post_was_ever_published":false,"_jetpack_newsletter_access":"","_jetpack_dont_email_post_to_subs":false,"_jetpack_newsletter_tier_id":0,"_jetpack_memberships_contains_paywalled_content":false,"_jetpack_memberships_contains_paid_content":false,"footnotes":"","jetpack_publicize_message":"","jetpack_publicize_feature_enabled":true,"jetpack_social_post_already_shared":true,"jetpack_social_options":{"image_generator_settings":{"template":"highway","default_image_id":0,"font":"","enabled":false},"version":2}},"categories":[27,10,1,2,35],"tags":[],"class_list":["post-96893","post","type-post","status-publish","format-standard","has-post-thumbnail","hentry","category-blogu-i-udhetarit","category-kultura","category-njoftime-shtypi","category-politika","category-shoqerore"],"jetpack_publicize_connections":[],"jetpack_featured_media_url":"https:\/\/i0.wp.com\/www.shqiperia.com\/blog\/wp-content\/uploads\/2026\/01\/femija.jpg?fit=770%2C499&ssl=1","jetpack_sharing_enabled":true,"jetpack_shortlink":"https:\/\/wp.me\/p5Z6wp-pcN","jetpack-related-posts":[{"id":99160,"url":"https:\/\/www.shqiperia.com\/blog\/mazhoranca-kaloi-ligjin-durana-pa-asnje-debat-eno-bozdo-skandali-i-regjistrimit-virtual-te-50-kompanive-parajse-fiskale-totale-cunat-e-akshi-t-perfitojne-lehtesi-prej-rames-krye\/","url_meta":{"origin":96893,"position":0},"title":"\u201cMazhoranca kaloi ligjin Durana pa asnj\u00eb debat\u201d- Eno Bozdo: Skandali i regjistrimit virtual t\u00eb 50 kompanive! Parajs\u00eb fiskale totale, \u00e7unat e AKSHI-t p\u00ebrfitojn\u00eb leht\u00ebsi prej Ram\u00ebs! Kryeministri po minon integrimin","author":"Kurt Farka","date":"April 7, 2026","format":false,"excerpt":"7 Prill 2026 Me an\u00eb t\u00eb nj\u00eb deklarate nga selia e Kuvendit deputeti demokrat Enno Bozdo ka denoncuar kalimin n\u00eb parlament prej mazhoranc\u00ebs t\u00eb ligjit p\u00ebr \u201cParqet Teknologjike\u201d. Ky ligj thekson Bozdo, i njohur dhe si Ligji Durana lidhet me skandalin e regjistrimit virtual t\u00eb 50 kompanive IT q\u00eb p\u00ebrfitojn\u00eb\u2026","rel":"","context":"In &quot;Njoftime Shtypi&quot;","block_context":{"text":"Njoftime Shtypi","link":"https:\/\/www.shqiperia.com\/blog\/category\/njoftime-shtypi\/"},"img":{"alt_text":"","src":"https:\/\/i0.wp.com\/www.shqiperia.com\/blog\/wp-content\/uploads\/2026\/04\/eno-bozdo.jpg?fit=813%2C539&ssl=1&resize=350%2C200","width":350,"height":200,"srcset":"https:\/\/i0.wp.com\/www.shqiperia.com\/blog\/wp-content\/uploads\/2026\/04\/eno-bozdo.jpg?fit=813%2C539&ssl=1&resize=350%2C200 1x, https:\/\/i0.wp.com\/www.shqiperia.com\/blog\/wp-content\/uploads\/2026\/04\/eno-bozdo.jpg?fit=813%2C539&ssl=1&resize=525%2C300 1.5x, https:\/\/i0.wp.com\/www.shqiperia.com\/blog\/wp-content\/uploads\/2026\/04\/eno-bozdo.jpg?fit=813%2C539&ssl=1&resize=700%2C400 2x"},"classes":[]},{"id":96996,"url":"https:\/\/www.shqiperia.com\/blog\/e-turpshme-ministrja-kociu-thyen-heshtjen-per-shoqerimin-e-te-miturit-gjate-protestes-po-qellonte-efektivet-me-gure\/","url_meta":{"origin":96893,"position":1},"title":"E turpshme: &#8211; Ministrja Ko\u00e7iu thyen heshtjen p\u00ebr shoq\u00ebrimin e t\u00eb miturit gjat\u00eb protest\u00ebs: Po q\u00ebllonte efektiv\u00ebt me gur\u00eb","author":"Kurt Farka","date":"January 27, 2026","format":false,"excerpt":"27 Janar 2026 Ministrja e Brendshme, Albana Ko\u00e7iu ka folur lidhur me protest\u00ebn e fundit t\u00eb opozit\u00ebs ku p\u00ebr shkak t\u00eb tensioneve, u shoq\u00ebrua n\u00eb komisariat nj\u00eb i mitur 14-vje\u00e7ar. \u201cAkti normativ \u00ebsht\u00eb i r\u00ebnd\u00ebsish\u00ebm edhe p\u00ebr ministrin\u00eb e Pun\u00ebve t\u00eb Brendshme. Do t\u00eb b\u00ebjm\u00eb t\u00eb mundur t\u00eb kemi m\u00eb\u2026","rel":"","context":"In &quot;Blogu i Udh\u00ebtarit&quot;","block_context":{"text":"Blogu i Udh\u00ebtarit","link":"https:\/\/www.shqiperia.com\/blog\/category\/blogu-i-udhetarit\/"},"img":{"alt_text":"","src":"https:\/\/i0.wp.com\/www.shqiperia.com\/blog\/wp-content\/uploads\/2026\/01\/MixCollage-27-Jan-2026-01-08-PM-5837-800x450-1.webp?fit=800%2C450&ssl=1&resize=350%2C200","width":350,"height":200,"srcset":"https:\/\/i0.wp.com\/www.shqiperia.com\/blog\/wp-content\/uploads\/2026\/01\/MixCollage-27-Jan-2026-01-08-PM-5837-800x450-1.webp?fit=800%2C450&ssl=1&resize=350%2C200 1x, https:\/\/i0.wp.com\/www.shqiperia.com\/blog\/wp-content\/uploads\/2026\/01\/MixCollage-27-Jan-2026-01-08-PM-5837-800x450-1.webp?fit=800%2C450&ssl=1&resize=525%2C300 1.5x, https:\/\/i0.wp.com\/www.shqiperia.com\/blog\/wp-content\/uploads\/2026\/01\/MixCollage-27-Jan-2026-01-08-PM-5837-800x450-1.webp?fit=800%2C450&ssl=1&resize=700%2C400 2x"},"classes":[]},{"id":32905,"url":"https:\/\/www.shqiperia.com\/blog\/do-te-paguhet-18-milione-euro-nga-rama-pd-paralajmeron-kryeministrin-ne-kohe-lufte-e-di-se-cfare-i-pret-hajdutet\/","url_meta":{"origin":96893,"position":2},"title":"\u201cDo t\u00eb paguhet 18 milion\u00eb euro nga Rama\u201d, PD paralajm\u00ebron kryeministrin: N\u00eb koh\u00eb lufte e di se \u00e7far\u00eb i pret hajdut\u00ebt&#8230;","author":"Kurt Farka","date":"March 30, 2020","format":false,"excerpt":"\u201cDo t\u00eb paguhet 18 milion\u00eb euro nga Rama\u201d, PD paralajm\u00ebron kryeministrin: N\u00eb koh\u00eb lufte e di se \u00e7far\u00eb i pret hajdut\u00ebt... 29 MARS 2020 Demokrati Eno Bozdo, shprehet se kryeministri Rama do t\u00eb paguaj\u00eb 18 milion\u00eb euro Klodian Zoton k\u00ebt\u00eb vit. Sipas tij, Rama do u jap\u00eb edhe 11 miq\u2026","rel":"","context":"In &quot;Blogu i Udh\u00ebtarit&quot;","block_context":{"text":"Blogu i Udh\u00ebtarit","link":"https:\/\/www.shqiperia.com\/blog\/category\/blogu-i-udhetarit\/"},"img":{"alt_text":"","src":"https:\/\/i0.wp.com\/www.shqiperia.com\/blog\/wp-content\/uploads\/2020\/03\/800-0-5e80f980b6516.jpg?fit=800%2C419&ssl=1&resize=350%2C200","width":350,"height":200,"srcset":"https:\/\/i0.wp.com\/www.shqiperia.com\/blog\/wp-content\/uploads\/2020\/03\/800-0-5e80f980b6516.jpg?fit=800%2C419&ssl=1&resize=350%2C200 1x, https:\/\/i0.wp.com\/www.shqiperia.com\/blog\/wp-content\/uploads\/2020\/03\/800-0-5e80f980b6516.jpg?fit=800%2C419&ssl=1&resize=525%2C300 1.5x, https:\/\/i0.wp.com\/www.shqiperia.com\/blog\/wp-content\/uploads\/2020\/03\/800-0-5e80f980b6516.jpg?fit=800%2C419&ssl=1&resize=700%2C400 2x"},"classes":[]},{"id":16643,"url":"https:\/\/www.shqiperia.com\/blog\/dhune-ne-burgun-e-peqinit-te-denuarit-bejne-per-spital-dy-gardiane-dhe-edukatorin\/","url_meta":{"origin":96893,"position":3},"title":"Dhun\u00eb n\u00eb burgun e Peqinit, t\u00eb d\u00ebnuarit b\u00ebjn\u00eb p\u00ebr spital dy gardian\u00eb dhe edukatorin.-","author":"Kurt Farka","date":"January 27, 2019","format":false,"excerpt":"Dhun\u00eb n\u00eb burgun e Peqinit, t\u00eb d\u00ebnuarit b\u00ebjn\u00eb p\u00ebr spital dy gardian\u00eb dhe edukatorin.- Akte dhune nga t\u00eb burgosurit ndaj gardian\u00ebve t\u00eb burgut t\u00eb Peqinit. Report Tv ka m\u00ebsuar se dy punonj\u00ebs policie t\u00eb burgut jan\u00eb dhunuar nga t\u00eb burgosurit. N\u00eb t\u00eb dyja rastet, t\u00eb d\u00ebnuarit, mes t\u00eb cil\u00ebve nj\u00eb\u2026","rel":"","context":"In &quot;Blogu i Udh\u00ebtarit&quot;","block_context":{"text":"Blogu i Udh\u00ebtarit","link":"https:\/\/www.shqiperia.com\/blog\/category\/blogu-i-udhetarit\/"},"img":{"alt_text":"","src":"https:\/\/i0.wp.com\/www.shqiperia.com\/blog\/wp-content\/uploads\/2019\/01\/Buru-i-Peqinit.jpeg?fit=780%2C440&ssl=1&resize=350%2C200","width":350,"height":200,"srcset":"https:\/\/i0.wp.com\/www.shqiperia.com\/blog\/wp-content\/uploads\/2019\/01\/Buru-i-Peqinit.jpeg?fit=780%2C440&ssl=1&resize=350%2C200 1x, https:\/\/i0.wp.com\/www.shqiperia.com\/blog\/wp-content\/uploads\/2019\/01\/Buru-i-Peqinit.jpeg?fit=780%2C440&ssl=1&resize=525%2C300 1.5x, https:\/\/i0.wp.com\/www.shqiperia.com\/blog\/wp-content\/uploads\/2019\/01\/Buru-i-Peqinit.jpeg?fit=780%2C440&ssl=1&resize=700%2C400 2x"},"classes":[]},{"id":47508,"url":"https:\/\/www.shqiperia.com\/blog\/pse-po-kryejne-vrasje-te-rinjte-tane\/","url_meta":{"origin":96893,"position":4},"title":"Pse po kryejn\u00eb vrasje t\u00eb rinjt\u00eb tan\u00eb?","author":"Kurt Farka","date":"May 14, 2021","format":false,"excerpt":"Pse po kryejn\u00eb vrasje t\u00eb rinjt\u00eb tan\u00eb? - 12.05.21 Nga: Xhoi Jakaj Kjo pyetje nuk mund t\u00eb marr\u00eb nj\u00eb p\u00ebrgjigje t\u00eb thjesht\u00eb. I gjith\u00eb fenomeni \u00ebsht\u00eb kompleks dhe shpjegimi i tij \u00ebsht\u00eb edhe m\u00eb i v\u00ebshtir\u00eb. Vendi yn\u00eb prej 30 vjet\u00ebsh ndodhet ende n\u00eb tranzicion, nj\u00eb tranzicion aq i gjat\u00eb\u2026","rel":"","context":"In &quot;Blogu i Udh\u00ebtarit&quot;","block_context":{"text":"Blogu i Udh\u00ebtarit","link":"https:\/\/www.shqiperia.com\/blog\/category\/blogu-i-udhetarit\/"},"img":{"alt_text":"","src":"https:\/\/i0.wp.com\/www.shqiperia.com\/blog\/wp-content\/uploads\/2021\/05\/Xhoi-Jakaj.jpeg?fit=770%2C433&ssl=1&resize=350%2C200","width":350,"height":200,"srcset":"https:\/\/i0.wp.com\/www.shqiperia.com\/blog\/wp-content\/uploads\/2021\/05\/Xhoi-Jakaj.jpeg?fit=770%2C433&ssl=1&resize=350%2C200 1x, https:\/\/i0.wp.com\/www.shqiperia.com\/blog\/wp-content\/uploads\/2021\/05\/Xhoi-Jakaj.jpeg?fit=770%2C433&ssl=1&resize=525%2C300 1.5x, https:\/\/i0.wp.com\/www.shqiperia.com\/blog\/wp-content\/uploads\/2021\/05\/Xhoi-Jakaj.jpeg?fit=770%2C433&ssl=1&resize=700%2C400 2x"},"classes":[]},{"id":279,"url":"https:\/\/www.shqiperia.com\/blog\/pergatitja-e-master-planit-te-parkut-te-liqenit-dhe-5-projekte-pilot-per-5-site-ne-kuadrin-e-rehabilitimit-te-parkut-te-liqenit\/","url_meta":{"origin":96893,"position":5},"title":"P\u00cbRGATITJA E MASTER PLANIT T\u00cb PARKUT T\u00cb LIQENIT DHE 5 PROJEKTE PILOT P\u00cbR 5 SITE, N\u00cb KUADRIN E REHABILITIMIT T\u00cb PARKUT T\u00cb LIQENIT","author":"shqiperia","date":"March 7, 2016","format":false,"excerpt":"25.09.2015 P\u00cbRGATITJA E MASTER PLANIT T\u00cb PARKUT T\u00cb LIQENIT DHE 5 PROJEKTE PILOT P\u00cbR 5 SITE, N\u00cb KUADRIN E REHABILITIMIT T\u00cb PARKUT T\u00cb LIQENIT PROJEKTI PILOT 4 - K\u00cbNDI I LOJRAVE P\u00cbR F\u00cbMIJ\u00cb RELACION ARKITEKTONIK BOLLES + WILSON ATELIER4 HYRJE N\u00eb Maj t\u00eb 2015, Fondi Shqiptar i Zhvillimit (FSHZH) kontraktoi\u2026","rel":"","context":"In &quot;Politika&quot;","block_context":{"text":"Politika","link":"https:\/\/www.shqiperia.com\/blog\/category\/politika\/"},"img":{"alt_text":"","src":"https:\/\/i0.wp.com\/www.shqiperia.com\/blog\/wp-content\/uploads\/2016\/03\/parku-propozimi.jpg?fit=966%2C1015&ssl=1&resize=350%2C200","width":350,"height":200,"srcset":"https:\/\/i0.wp.com\/www.shqiperia.com\/blog\/wp-content\/uploads\/2016\/03\/parku-propozimi.jpg?fit=966%2C1015&ssl=1&resize=350%2C200 1x, https:\/\/i0.wp.com\/www.shqiperia.com\/blog\/wp-content\/uploads\/2016\/03\/parku-propozimi.jpg?fit=966%2C1015&ssl=1&resize=525%2C300 1.5x, https:\/\/i0.wp.com\/www.shqiperia.com\/blog\/wp-content\/uploads\/2016\/03\/parku-propozimi.jpg?fit=966%2C1015&ssl=1&resize=700%2C400 2x"},"classes":[]}],"_links":{"self":[{"href":"https:\/\/www.shqiperia.com\/blog\/wp-json\/wp\/v2\/posts\/96893","targetHints":{"allow":["GET"]}}],"collection":[{"href":"https:\/\/www.shqiperia.com\/blog\/wp-json\/wp\/v2\/posts"}],"about":[{"href":"https:\/\/www.shqiperia.com\/blog\/wp-json\/wp\/v2\/types\/post"}],"author":[{"embeddable":true,"href":"https:\/\/www.shqiperia.com\/blog\/wp-json\/wp\/v2\/users\/9"}],"replies":[{"embeddable":true,"href":"https:\/\/www.shqiperia.com\/blog\/wp-json\/wp\/v2\/comments?post=96893"}],"version-history":[{"count":2,"href":"https:\/\/www.shqiperia.com\/blog\/wp-json\/wp\/v2\/posts\/96893\/revisions"}],"predecessor-version":[{"id":96923,"href":"https:\/\/www.shqiperia.com\/blog\/wp-json\/wp\/v2\/posts\/96893\/revisions\/96923"}],"wp:featuredmedia":[{"embeddable":true,"href":"https:\/\/www.shqiperia.com\/blog\/wp-json\/wp\/v2\/media\/96894"}],"wp:attachment":[{"href":"https:\/\/www.shqiperia.com\/blog\/wp-json\/wp\/v2\/media?parent=96893"}],"wp:term":[{"taxonomy":"category","embeddable":true,"href":"https:\/\/www.shqiperia.com\/blog\/wp-json\/wp\/v2\/categories?post=96893"},{"taxonomy":"post_tag","embeddable":true,"href":"https:\/\/www.shqiperia.com\/blog\/wp-json\/wp\/v2\/tags?post=96893"}],"curies":[{"name":"wp","href":"https:\/\/api.w.org\/{rel}","templated":true}]}}