{"id":96890,"date":"2026-01-24T20:38:26","date_gmt":"2026-01-24T20:38:26","guid":{"rendered":"https:\/\/www.shqiperia.com\/blog\/?p=96890"},"modified":"2026-01-25T14:51:31","modified_gmt":"2026-01-25T14:51:31","slug":"meta-reagon-nga-qelia-shqiptaret-dhane-nje-mesazh-te-qarte-force-perballje-pa-kthim","status":"publish","type":"post","link":"https:\/\/www.shqiperia.com\/blog\/meta-reagon-nga-qelia-shqiptaret-dhane-nje-mesazh-te-qarte-force-perballje-pa-kthim\/","title":{"rendered":"Meta reagon nga qelia: &#8211; Shqiptar\u00ebt dhan\u00eb nj\u00eb mesazh t\u00eb qart\u00eb force. P\u00ebrballje pa kthim!"},"content":{"rendered":"<p><img data-recalc-dims=\"1\" loading=\"lazy\" decoding=\"async\" data-attachment-id=\"96891\" data-permalink=\"https:\/\/www.shqiperia.com\/blog\/meta-reagon-nga-qelia-shqiptaret-dhane-nje-mesazh-te-qarte-force-perballje-pa-kthim\/auto_850x600_-640-0-567rfg-167031369716703145291769255160\/\" data-orig-file=\"https:\/\/i0.wp.com\/www.shqiperia.com\/blog\/wp-content\/uploads\/2026\/01\/auto_850x600_-640-0-567rfg-167031369716703145291769255160.jpg?fit=900%2C635&amp;ssl=1\" data-orig-size=\"900,635\" data-comments-opened=\"1\" data-image-meta=\"{&quot;aperture&quot;:&quot;0&quot;,&quot;credit&quot;:&quot;&quot;,&quot;camera&quot;:&quot;&quot;,&quot;caption&quot;:&quot;&quot;,&quot;created_timestamp&quot;:&quot;0&quot;,&quot;copyright&quot;:&quot;&quot;,&quot;focal_length&quot;:&quot;0&quot;,&quot;iso&quot;:&quot;0&quot;,&quot;shutter_speed&quot;:&quot;0&quot;,&quot;title&quot;:&quot;&quot;,&quot;orientation&quot;:&quot;0&quot;}\" data-image-title=\"auto_850x600_-640-0-567rfg-167031369716703145291769255160\" data-image-description=\"\" data-image-caption=\"\" data-medium-file=\"https:\/\/i0.wp.com\/www.shqiperia.com\/blog\/wp-content\/uploads\/2026\/01\/auto_850x600_-640-0-567rfg-167031369716703145291769255160.jpg?fit=300%2C212&amp;ssl=1\" data-large-file=\"https:\/\/i0.wp.com\/www.shqiperia.com\/blog\/wp-content\/uploads\/2026\/01\/auto_850x600_-640-0-567rfg-167031369716703145291769255160.jpg?fit=900%2C635&amp;ssl=1\" class=\"alignnone wp-image-96891\" alt=\"\" src=\"https:\/\/i0.wp.com\/www.shqiperia.com\/blog\/wp-content\/uploads\/2026\/01\/auto_850x600_-640-0-567rfg-167031369716703145291769255160.jpg?resize=575%2C406&#038;ssl=1\" width=\"575\" height=\"406\" srcset=\"https:\/\/i0.wp.com\/www.shqiperia.com\/blog\/wp-content\/uploads\/2026\/01\/auto_850x600_-640-0-567rfg-167031369716703145291769255160.jpg?resize=300%2C212&amp;ssl=1 300w, https:\/\/i0.wp.com\/www.shqiperia.com\/blog\/wp-content\/uploads\/2026\/01\/auto_850x600_-640-0-567rfg-167031369716703145291769255160.jpg?resize=768%2C542&amp;ssl=1 768w, https:\/\/i0.wp.com\/www.shqiperia.com\/blog\/wp-content\/uploads\/2026\/01\/auto_850x600_-640-0-567rfg-167031369716703145291769255160.jpg?resize=450%2C318&amp;ssl=1 450w, https:\/\/i0.wp.com\/www.shqiperia.com\/blog\/wp-content\/uploads\/2026\/01\/auto_850x600_-640-0-567rfg-167031369716703145291769255160.jpg?resize=600%2C423&amp;ssl=1 600w, https:\/\/i0.wp.com\/www.shqiperia.com\/blog\/wp-content\/uploads\/2026\/01\/auto_850x600_-640-0-567rfg-167031369716703145291769255160.jpg?resize=400%2C282&amp;ssl=1 400w, https:\/\/i0.wp.com\/www.shqiperia.com\/blog\/wp-content\/uploads\/2026\/01\/auto_850x600_-640-0-567rfg-167031369716703145291769255160.jpg?w=900&amp;ssl=1 900w\" sizes=\"auto, (max-width: 575px) 100vw, 575px\" \/><\/p>\n<p>24 Janar 2026<\/p>\n<p>Pas protest\u00ebs 3 or\u00ebshe t\u00eb opozit\u00ebs para Kryeministris\u00eb, kreu i Partis\u00eb s\u00eb Liris\u00eb, Ilir Meta, ka reaguar nga burgu, ku ka fal\u00ebnderuar qytetar\u00ebt pjes\u00ebmarr\u00ebs dhe ka akuzuar qeverin\u00eb p\u00ebr at\u00eb q\u00eb ai e cil\u00ebsoi si \u201cregjim narko-mafioz\u201d.<\/p>\n<p>Meta u shpreh se protesta e sotme dha nj\u00eb mesazh t\u00eb qart\u00eb force, demokracie dhe vendosm\u00ebrie, duke theksuar se qytetar\u00ebt jan\u00eb shumic\u00eb p\u00ebrball\u00eb nj\u00eb pakice q\u00eb, sipas tij, u ka grabitur t\u00eb ardhmen shqiptar\u00ebve. \u201cSot u trondit\u00ebn themelet e narkoshtetit t\u00eb Ramaduros\u201d, shkruan Meta.<\/p>\n<p>Ai akuzoi gjithashtu strukturat e rendit p\u00ebr dhun\u00eb ndaj protestuesve paq\u00ebsor\u00eb dhe gazetar\u00ebve, duke paralajm\u00ebruar se p\u00ebrgjegj\u00ebsit do t\u00eb mbajn\u00eb p\u00ebrgjegj\u00ebsi.<\/p>\n<p><strong>Reagimi i Met\u00ebs<\/strong><\/p>\n<div class=\"trc_related_container tbl-trecs-container trc_spotlight_widget trc_elastic trc_elastic_sc-ma-balkanweb\" id=\"taboola-sponsored-mid-article\" data-placement-name=\"Sponsored Mid Article\">\n<div id=\"vtaboola-sponsored-mid-article-video\"><\/div>\n<\/div>\n<p>Mir\u00ebnjohje nga zemra mij\u00ebra qytetar\u00ebve t\u00eb lir\u00eb, t\u00eb ndersh\u00ebm dhe patriot\u00eb, q\u00eb trondit\u00ebn sot nga themelet Narkoshtetin e Ramaduros duke rikthyer shpres\u00ebn p\u00ebr Lirin\u00eb e shpejt\u00eb t\u00eb Shqip\u00ebris\u00eb! Shqiptar\u00ebt dhan\u00eb sot nj\u00eb mesazh t\u00eb qart\u00eb force, demokracie dhe vendosm\u00ebrie p\u00ebr t\u00eb mbrojtur me \u00e7do \u00e7mim lirin\u00eb, dinjitetin dhe Atdheun ton\u00eb. Protesta madh\u00ebshtore tregoi n\u00eb shesh se populli \u00ebsht\u00eb shumic\u00eb absolute p\u00ebrball\u00eb nj\u00eb pakice narko-mafioze, q\u00eb i vjedh dhe ju ka grabitur t\u00eb ardhmen e tyre! U b\u00ebj thirrje narko-polic\u00ebve, sh\u00ebrb\u00ebtor\u00eb t\u00eb p\u00ebrulur t\u00eb kriminel\u00ebve, q\u00eb t\u00eb ndalin urgjentisht rr\u00ebmbimet mafioze dhe dhun\u00ebn ndaj protestuesve paq\u00ebsor\u00eb, dhun\u00eb q\u00eb nuk ka kursyer edhe gazetar\u00ebt e mediave shqiptare. Kjo Narkopolici shum\u00eb shpejt do t\u00eb jap\u00eb llogari deri m\u00eb nj\u00eb dhe nj\u00eb p\u00ebr nj\u00eb p\u00ebr terrorin kriminal ndaj protestuesve. P\u00ebrballje pa kthim! Ky regjim i kalbur ka mbaruar dhe i ka dit\u00ebt e num\u00ebruara! FITORE!<\/p>\n","protected":false},"excerpt":{"rendered":"<p>24 Janar 2026 Pas protest\u00ebs 3 or\u00ebshe t\u00eb opozit\u00ebs para Kryeministris\u00eb, kreu i Partis\u00eb s\u00eb Liris\u00eb, Ilir Meta, ka reaguar nga burgu, ku ka fal\u00ebnderuar qytetar\u00ebt pjes\u00ebmarr\u00ebs dhe ka akuzuar qeverin\u00eb p\u00ebr at\u00eb q\u00eb ai e cil\u00ebsoi si \u201cregjim narko-mafioz\u201d. Meta u shpreh se protesta e sotme dha nj\u00eb mesazh t\u00eb qart\u00eb force, demokracie dhe [&hellip;]<\/p>\n","protected":false},"author":9,"featured_media":96891,"comment_status":"open","ping_status":"open","sticky":false,"template":"","format":"standard","meta":{"jetpack_post_was_ever_published":false,"_jetpack_newsletter_access":"","_jetpack_dont_email_post_to_subs":false,"_jetpack_newsletter_tier_id":0,"_jetpack_memberships_contains_paywalled_content":false,"_jetpack_memberships_contains_paid_content":false,"footnotes":"","jetpack_publicize_message":"","jetpack_publicize_feature_enabled":true,"jetpack_social_post_already_shared":true,"jetpack_social_options":{"image_generator_settings":{"template":"highway","default_image_id":0,"font":"","enabled":false},"version":2}},"categories":[27,1,2],"tags":[],"class_list":["post-96890","post","type-post","status-publish","format-standard","has-post-thumbnail","hentry","category-blogu-i-udhetarit","category-njoftime-shtypi","category-politika"],"jetpack_publicize_connections":[],"jetpack_featured_media_url":"https:\/\/i0.wp.com\/www.shqiperia.com\/blog\/wp-content\/uploads\/2026\/01\/auto_850x600_-640-0-567rfg-167031369716703145291769255160.jpg?fit=900%2C635&ssl=1","jetpack_sharing_enabled":true,"jetpack_shortlink":"https:\/\/wp.me\/p5Z6wp-pcK","jetpack-related-posts":[{"id":32006,"url":"https:\/\/www.shqiperia.com\/blog\/ylli-rakipi-nuk-doli-ne-shesh-presidenti-i-republikes-por-nje-politikan-rrace-qe-dha-nje-mesazh-te-qarte\/","url_meta":{"origin":96890,"position":0},"title":"Ylli Rakipi: &#8211; Nuk doli n\u00eb shesh Presidenti i Republik\u00ebs, por nj\u00eb politikan rrace q\u00eb dha nj\u00eb mesazh t\u00eb qart\u00eb","author":"Kurt Farka","date":"March 3, 2020","format":false,"excerpt":"Ylli Rakipi: - Nuk doli n\u00eb shesh Presidenti i Republik\u00ebs, por nj\u00eb politikan rrace q\u00eb dha nj\u00eb mesazh t\u00eb qart\u00eb 2 Mars, 2020 Gazetari Ylli Rakipi ka qen\u00eb i ftuar n\u00eb studion e Abc News, me gazetaren Mirela Milori, p\u00ebr t\u00eb diskutuar aktualitetin politik n\u00eb vend dhe tubimin e sot\u00ebm\u2026","rel":"","context":"In &quot;Blogu i Udh\u00ebtarit&quot;","block_context":{"text":"Blogu i Udh\u00ebtarit","link":"https:\/\/www.shqiperia.com\/blog\/category\/blogu-i-udhetarit\/"},"img":{"alt_text":"","src":"https:\/\/i0.wp.com\/www.shqiperia.com\/blog\/wp-content\/uploads\/2020\/03\/Screenshot-2020-03-02-at-19.09.44.png?fit=1200%2C655&ssl=1&resize=350%2C200","width":350,"height":200,"srcset":"https:\/\/i0.wp.com\/www.shqiperia.com\/blog\/wp-content\/uploads\/2020\/03\/Screenshot-2020-03-02-at-19.09.44.png?fit=1200%2C655&ssl=1&resize=350%2C200 1x, https:\/\/i0.wp.com\/www.shqiperia.com\/blog\/wp-content\/uploads\/2020\/03\/Screenshot-2020-03-02-at-19.09.44.png?fit=1200%2C655&ssl=1&resize=525%2C300 1.5x, https:\/\/i0.wp.com\/www.shqiperia.com\/blog\/wp-content\/uploads\/2020\/03\/Screenshot-2020-03-02-at-19.09.44.png?fit=1200%2C655&ssl=1&resize=700%2C400 2x, https:\/\/i0.wp.com\/www.shqiperia.com\/blog\/wp-content\/uploads\/2020\/03\/Screenshot-2020-03-02-at-19.09.44.png?fit=1200%2C655&ssl=1&resize=1050%2C600 3x"},"classes":[]},{"id":46693,"url":"https:\/\/www.shqiperia.com\/blog\/meta-nga-kavaja-mesazh-rames-thirri-mendjes-dhe-mblidhi-kriminelet-kavaja-dhe-shqiperia-nuk-poshterohen\/","url_meta":{"origin":96890,"position":1},"title":"Meta nga Kavaja, mesazh Ram\u00ebs: &#8211; Thirri mendjes dhe mblidhi kriminel\u00ebt. Kavaja dhe Shqip\u00ebria nuk posht\u00ebrohen","author":"Kurt Farka","date":"April 20, 2021","format":false,"excerpt":"Meta nga Kavaja, mesazh Ram\u00ebs: - Thirri mendjes dhe mblidhi kriminel\u00ebt. Kavaja dhe Shqip\u00ebria nuk posht\u00ebrohen 19\/04\/2021 Presidenti Ilir Meta u shpreh sot nga Kavaja se plagosja e t\u00eb riut n\u00eb zyrat e PD \u00ebsht\u00eb nj\u00eb ngjarje kriminale q\u00eb duhet t\u00eb hetohet sa m\u00eb par\u00eb nga drejt\u00ebsia. Kreu i shtetit\u2026","rel":"","context":"In &quot;Blogu i Udh\u00ebtarit&quot;","block_context":{"text":"Blogu i Udh\u00ebtarit","link":"https:\/\/www.shqiperia.com\/blog\/category\/blogu-i-udhetarit\/"},"img":{"alt_text":"","src":"https:\/\/i0.wp.com\/www.shqiperia.com\/blog\/wp-content\/uploads\/2021\/04\/Meta-ne-Kavaje.jpeg?fit=1200%2C652&ssl=1&resize=350%2C200","width":350,"height":200,"srcset":"https:\/\/i0.wp.com\/www.shqiperia.com\/blog\/wp-content\/uploads\/2021\/04\/Meta-ne-Kavaje.jpeg?fit=1200%2C652&ssl=1&resize=350%2C200 1x, https:\/\/i0.wp.com\/www.shqiperia.com\/blog\/wp-content\/uploads\/2021\/04\/Meta-ne-Kavaje.jpeg?fit=1200%2C652&ssl=1&resize=525%2C300 1.5x, https:\/\/i0.wp.com\/www.shqiperia.com\/blog\/wp-content\/uploads\/2021\/04\/Meta-ne-Kavaje.jpeg?fit=1200%2C652&ssl=1&resize=700%2C400 2x, https:\/\/i0.wp.com\/www.shqiperia.com\/blog\/wp-content\/uploads\/2021\/04\/Meta-ne-Kavaje.jpeg?fit=1200%2C652&ssl=1&resize=1050%2C600 3x"},"classes":[]},{"id":98218,"url":"https:\/\/www.shqiperia.com\/blog\/shqiptaret-kerkojne-doreheqjen-e-rames-ervin-salianji-lereni-ramen-te-dorehiqet-berisha\/","url_meta":{"origin":96890,"position":2},"title":"Shqiptaret kerkojne doreheqjen e Rames. Ervin Salianji &#8211; Lereni Ramen, te dorehiqet Berisha.","author":"Kurt Farka","date":"March 8, 2026","format":false,"excerpt":"8 Mars 2026 Ervin Salianji ka zhvilluar k\u00ebt\u00eb t\u00eb diel nj\u00eb takim me demokrat\u00ebt n\u00eb Vlor\u00eb, teksa ka komentuar zhvillimet m\u00eb t\u00eb fundit politike n\u00eb vend. Sipas Salianjit, shteti ka degraduar dhe Shqip\u00ebria ndodhet n\u00eb situat\u00eb alarmante. Ai u shpreh kritik edhe ndaj opozit\u00ebs dhe Sali Berish\u00ebs, teksa ka deklaruar\u2026","rel":"","context":"In &quot;Press Releases&quot;","block_context":{"text":"Press Releases","link":"https:\/\/www.shqiperia.com\/blog\/category\/press-releases\/"},"img":{"alt_text":"","src":"https:\/\/i0.wp.com\/www.shqiperia.com\/blog\/wp-content\/uploads\/2026\/03\/salianji-1.jpg?fit=1200%2C720&ssl=1&resize=350%2C200","width":350,"height":200,"srcset":"https:\/\/i0.wp.com\/www.shqiperia.com\/blog\/wp-content\/uploads\/2026\/03\/salianji-1.jpg?fit=1200%2C720&ssl=1&resize=350%2C200 1x, https:\/\/i0.wp.com\/www.shqiperia.com\/blog\/wp-content\/uploads\/2026\/03\/salianji-1.jpg?fit=1200%2C720&ssl=1&resize=525%2C300 1.5x, https:\/\/i0.wp.com\/www.shqiperia.com\/blog\/wp-content\/uploads\/2026\/03\/salianji-1.jpg?fit=1200%2C720&ssl=1&resize=700%2C400 2x, https:\/\/i0.wp.com\/www.shqiperia.com\/blog\/wp-content\/uploads\/2026\/03\/salianji-1.jpg?fit=1200%2C720&ssl=1&resize=1050%2C600 3x"},"classes":[]},{"id":22724,"url":"https:\/\/www.shqiperia.com\/blog\/tre-mitet-qe-goditi-meta-sot\/","url_meta":{"origin":96890,"position":3},"title":"Tre mitet q\u00eb goditi Meta sot. &#8211;","author":"Kurt Farka","date":"July 2, 2019","format":false,"excerpt":"Tre mitet q\u00eb goditi Meta Nga\u00a0Bledi KASMI\u00a0\u2013 02\/07\/2019 Pa qet\u00ebsi dhe pa dashuri, Ilir Meta e zhveshi presidenc\u00ebn nga gjuha e drunjt\u00eb tradicionale e deklaratave burokratike t\u00eb k\u00ebtij institucioni dhe i dha sot form\u00ebn e nj\u00eb k\u00ebshtjelle prej nga ku mbrohet dhe nga fr\u00ebngjit\u00eb e saj goditet me top. 30\u2026","rel":"","context":"In &quot;Blogu i Udh\u00ebtarit&quot;","block_context":{"text":"Blogu i Udh\u00ebtarit","link":"https:\/\/www.shqiperia.com\/blog\/category\/blogu-i-udhetarit\/"},"img":{"alt_text":"","src":"https:\/\/i0.wp.com\/www.shqiperia.com\/blog\/wp-content\/uploads\/2019\/07\/auto_Untitled-201562068255.jpg?fit=900%2C540&ssl=1&resize=350%2C200","width":350,"height":200,"srcset":"https:\/\/i0.wp.com\/www.shqiperia.com\/blog\/wp-content\/uploads\/2019\/07\/auto_Untitled-201562068255.jpg?fit=900%2C540&ssl=1&resize=350%2C200 1x, https:\/\/i0.wp.com\/www.shqiperia.com\/blog\/wp-content\/uploads\/2019\/07\/auto_Untitled-201562068255.jpg?fit=900%2C540&ssl=1&resize=525%2C300 1.5x, https:\/\/i0.wp.com\/www.shqiperia.com\/blog\/wp-content\/uploads\/2019\/07\/auto_Untitled-201562068255.jpg?fit=900%2C540&ssl=1&resize=700%2C400 2x"},"classes":[]},{"id":60698,"url":"https:\/\/www.shqiperia.com\/blog\/edi-rames-po-i-vjen-koha-e-mjekimit-te-detyruar\/","url_meta":{"origin":96890,"position":4},"title":"Edi Ram\u00ebs po i vjen koha e mjekimit t\u00eb detyruar","author":"Kurt Farka","date":"August 5, 2022","format":false,"excerpt":"Ish-presidenti Ilir Meta gjat\u00eb konferenc\u00ebs p\u00ebr mediat u ndal edhe tek kryeministri Edi Rama duke th\u00ebn\u00eb se\u00a0atij po i vjen shum\u00eb shpejt koha e mjekimit t\u00eb detyruar duke n\u00ebnkuptuar humbjen n\u00eb zgjedhje. \u201cTurp t\u00eb ket\u00eb ministri i Brendsh\u00ebm, q\u00eb merret me Sali Berish\u00ebn n\u00eb vend q\u00eb t\u00eb shpreh ngush\u00ebllim. Sali\u2026","rel":"","context":"In &quot;Blogu i Udh\u00ebtarit&quot;","block_context":{"text":"Blogu i Udh\u00ebtarit","link":"https:\/\/www.shqiperia.com\/blog\/category\/blogu-i-udhetarit\/"},"img":{"alt_text":"","src":"https:\/\/i0.wp.com\/www.shqiperia.com\/blog\/wp-content\/uploads\/2022\/08\/e.-Rama.jpg?fit=766%2C444&ssl=1&resize=350%2C200","width":350,"height":200,"srcset":"https:\/\/i0.wp.com\/www.shqiperia.com\/blog\/wp-content\/uploads\/2022\/08\/e.-Rama.jpg?fit=766%2C444&ssl=1&resize=350%2C200 1x, https:\/\/i0.wp.com\/www.shqiperia.com\/blog\/wp-content\/uploads\/2022\/08\/e.-Rama.jpg?fit=766%2C444&ssl=1&resize=525%2C300 1.5x, https:\/\/i0.wp.com\/www.shqiperia.com\/blog\/wp-content\/uploads\/2022\/08\/e.-Rama.jpg?fit=766%2C444&ssl=1&resize=700%2C400 2x"},"classes":[]},{"id":22396,"url":"https:\/\/www.shqiperia.com\/blog\/ilir-meta-dekreton-daten-13-tetor-per-zgjedhjet-ne-vend\/","url_meta":{"origin":96890,"position":5},"title":"Ilir Meta dekreton dat\u00ebn 13 tetor p\u00ebr zgjedhjet n\u00eb vend. &#8211;","author":"Kurt Farka","date":"June 27, 2019","format":false,"excerpt":"Ilir Meta dekreton dat\u00ebn 13 tetor p\u00ebr zgjedhjet n\u00eb vend. - \u00a027 qershor 2019 Pas takimeve intensive t\u00eb zhvilluara sot, n\u00eb qend\u00ebr t\u00eb t\u00eb cilave ishte kriza politike n\u00eb vend, Presidenti Meta ka dal\u00eb n\u00eb nj\u00eb konferenc\u00eb p\u00ebr mediat ku ka dekretuar daten e re per zgjedhjet lokale. \u201cZgjedhjet m\u00eb\u2026","rel":"","context":"In &quot;Blogu i Udh\u00ebtarit&quot;","block_context":{"text":"Blogu i Udh\u00ebtarit","link":"https:\/\/www.shqiperia.com\/blog\/category\/blogu-i-udhetarit\/"},"img":{"alt_text":"","src":"https:\/\/i0.wp.com\/www.shqiperia.com\/blog\/wp-content\/uploads\/2019\/06\/meta-presidenca-e1561141047878-1024x541.jpg?fit=1024%2C541&ssl=1&resize=350%2C200","width":350,"height":200,"srcset":"https:\/\/i0.wp.com\/www.shqiperia.com\/blog\/wp-content\/uploads\/2019\/06\/meta-presidenca-e1561141047878-1024x541.jpg?fit=1024%2C541&ssl=1&resize=350%2C200 1x, https:\/\/i0.wp.com\/www.shqiperia.com\/blog\/wp-content\/uploads\/2019\/06\/meta-presidenca-e1561141047878-1024x541.jpg?fit=1024%2C541&ssl=1&resize=525%2C300 1.5x, https:\/\/i0.wp.com\/www.shqiperia.com\/blog\/wp-content\/uploads\/2019\/06\/meta-presidenca-e1561141047878-1024x541.jpg?fit=1024%2C541&ssl=1&resize=700%2C400 2x"},"classes":[]}],"_links":{"self":[{"href":"https:\/\/www.shqiperia.com\/blog\/wp-json\/wp\/v2\/posts\/96890","targetHints":{"allow":["GET"]}}],"collection":[{"href":"https:\/\/www.shqiperia.com\/blog\/wp-json\/wp\/v2\/posts"}],"about":[{"href":"https:\/\/www.shqiperia.com\/blog\/wp-json\/wp\/v2\/types\/post"}],"author":[{"embeddable":true,"href":"https:\/\/www.shqiperia.com\/blog\/wp-json\/wp\/v2\/users\/9"}],"replies":[{"embeddable":true,"href":"https:\/\/www.shqiperia.com\/blog\/wp-json\/wp\/v2\/comments?post=96890"}],"version-history":[{"count":2,"href":"https:\/\/www.shqiperia.com\/blog\/wp-json\/wp\/v2\/posts\/96890\/revisions"}],"predecessor-version":[{"id":96924,"href":"https:\/\/www.shqiperia.com\/blog\/wp-json\/wp\/v2\/posts\/96890\/revisions\/96924"}],"wp:featuredmedia":[{"embeddable":true,"href":"https:\/\/www.shqiperia.com\/blog\/wp-json\/wp\/v2\/media\/96891"}],"wp:attachment":[{"href":"https:\/\/www.shqiperia.com\/blog\/wp-json\/wp\/v2\/media?parent=96890"}],"wp:term":[{"taxonomy":"category","embeddable":true,"href":"https:\/\/www.shqiperia.com\/blog\/wp-json\/wp\/v2\/categories?post=96890"},{"taxonomy":"post_tag","embeddable":true,"href":"https:\/\/www.shqiperia.com\/blog\/wp-json\/wp\/v2\/tags?post=96890"}],"curies":[{"name":"wp","href":"https:\/\/api.w.org\/{rel}","templated":true}]}}