{"id":96887,"date":"2026-01-24T20:34:44","date_gmt":"2026-01-24T20:34:44","guid":{"rendered":"https:\/\/www.shqiperia.com\/blog\/?p=96887"},"modified":"2026-01-25T14:52:02","modified_gmt":"2026-01-25T14:52:02","slug":"tensione-pas-protestes-se-opozites-policia-prane-selise-se-pd-se-deputetet-i-dalin-perpara","status":"publish","type":"post","link":"https:\/\/www.shqiperia.com\/blog\/tensione-pas-protestes-se-opozites-policia-prane-selise-se-pd-se-deputetet-i-dalin-perpara\/","title":{"rendered":"Tensione pas protest\u00ebs s\u00eb opozit\u00ebs, policia pran\u00eb selis\u00eb s\u00eb PD-s\u00eb! Deputet\u00ebt i dalin p\u00ebrpara"},"content":{"rendered":"<p><img data-recalc-dims=\"1\" loading=\"lazy\" decoding=\"async\" data-attachment-id=\"96888\" data-permalink=\"https:\/\/www.shqiperia.com\/blog\/tensione-pas-protestes-se-opozites-policia-prane-selise-se-pd-se-deputetet-i-dalin-perpara\/befunky-collage-20-2048x1529-1-1140x570\/\" data-orig-file=\"https:\/\/i0.wp.com\/www.shqiperia.com\/blog\/wp-content\/uploads\/2026\/01\/BeFunky-collage-20-2048x1529-1-1140x570-1.jpg?fit=1140%2C570&amp;ssl=1\" data-orig-size=\"1140,570\" data-comments-opened=\"1\" data-image-meta=\"{&quot;aperture&quot;:&quot;0&quot;,&quot;credit&quot;:&quot;&quot;,&quot;camera&quot;:&quot;&quot;,&quot;caption&quot;:&quot;&quot;,&quot;created_timestamp&quot;:&quot;0&quot;,&quot;copyright&quot;:&quot;&quot;,&quot;focal_length&quot;:&quot;0&quot;,&quot;iso&quot;:&quot;0&quot;,&quot;shutter_speed&quot;:&quot;0&quot;,&quot;title&quot;:&quot;&quot;,&quot;orientation&quot;:&quot;0&quot;}\" data-image-title=\"BeFunky-collage-20-2048&#215;1529-1-1140&#215;570\" data-image-description=\"\" data-image-caption=\"\" data-medium-file=\"https:\/\/i0.wp.com\/www.shqiperia.com\/blog\/wp-content\/uploads\/2026\/01\/BeFunky-collage-20-2048x1529-1-1140x570-1.jpg?fit=300%2C150&amp;ssl=1\" data-large-file=\"https:\/\/i0.wp.com\/www.shqiperia.com\/blog\/wp-content\/uploads\/2026\/01\/BeFunky-collage-20-2048x1529-1-1140x570-1.jpg?fit=1024%2C512&amp;ssl=1\" class=\"alignnone wp-image-96888\" alt=\"\" src=\"https:\/\/i0.wp.com\/www.shqiperia.com\/blog\/wp-content\/uploads\/2026\/01\/BeFunky-collage-20-2048x1529-1-1140x570-1.jpg?resize=758%2C379&#038;ssl=1\" width=\"758\" height=\"379\" srcset=\"https:\/\/i0.wp.com\/www.shqiperia.com\/blog\/wp-content\/uploads\/2026\/01\/BeFunky-collage-20-2048x1529-1-1140x570-1.jpg?resize=300%2C150&amp;ssl=1 300w, https:\/\/i0.wp.com\/www.shqiperia.com\/blog\/wp-content\/uploads\/2026\/01\/BeFunky-collage-20-2048x1529-1-1140x570-1.jpg?resize=1024%2C512&amp;ssl=1 1024w, https:\/\/i0.wp.com\/www.shqiperia.com\/blog\/wp-content\/uploads\/2026\/01\/BeFunky-collage-20-2048x1529-1-1140x570-1.jpg?resize=768%2C384&amp;ssl=1 768w, https:\/\/i0.wp.com\/www.shqiperia.com\/blog\/wp-content\/uploads\/2026\/01\/BeFunky-collage-20-2048x1529-1-1140x570-1.jpg?resize=450%2C225&amp;ssl=1 450w, https:\/\/i0.wp.com\/www.shqiperia.com\/blog\/wp-content\/uploads\/2026\/01\/BeFunky-collage-20-2048x1529-1-1140x570-1.jpg?resize=600%2C300&amp;ssl=1 600w, https:\/\/i0.wp.com\/www.shqiperia.com\/blog\/wp-content\/uploads\/2026\/01\/BeFunky-collage-20-2048x1529-1-1140x570-1.jpg?resize=400%2C200&amp;ssl=1 400w, https:\/\/i0.wp.com\/www.shqiperia.com\/blog\/wp-content\/uploads\/2026\/01\/BeFunky-collage-20-2048x1529-1-1140x570-1.jpg?w=1140&amp;ssl=1 1140w\" sizes=\"auto, (max-width: 758px) 100vw, 758px\" \/><\/p>\n<p>24 Janar 2026<\/p>\n<p>Pas protest\u00ebs s\u00eb opozit\u00ebs t\u00eb zhvilluar k\u00ebt\u00eb t\u00eb shtun\u00eb n\u00eb kryeqytet, e cila u shoq\u00ebrua me tensione pran\u00eb Kryeministris\u00eb dhe Kuvendit, situata mbetet e acaruar. Gjat\u00eb p\u00ebrplasjeve jan\u00eb raportuar polic\u00eb t\u00eb l\u00ebnduar, si edhe protestues dhe gazetar\u00eb.<\/p>\n<p>Burime b\u00ebjn\u00eb me dije se efektiv\u00eb t\u00eb policis\u00eb ndodhen jasht\u00eb selis\u00eb s\u00eb Partis\u00eb Demokratike, me q\u00ebllim arrestimin e personave q\u00eb dyshohen se kan\u00eb kryer akte dhune gjat\u00eb protest\u00ebs.<\/p>\n<p>Nd\u00ebrkoh\u00eb, deputet\u00eb t\u00eb Partis\u00eb Demokratike kan\u00eb dal\u00eb nga selia blu, duke kund\u00ebrshtuar pranin\u00eb e efektiv\u00ebve civil\u00eb dhe duke e cil\u00ebsuar nd\u00ebrhyrjen e tyre si t\u00eb paligjshme dhe provokative.<\/p>\n<p>Situata para selis\u00eb s\u00eb PD mbetet e tensionuar, nd\u00ebrsa forcat e rendit jan\u00eb n\u00eb gatishm\u00ebri.<\/p>\n","protected":false},"excerpt":{"rendered":"<p>24 Janar 2026 Pas protest\u00ebs s\u00eb opozit\u00ebs t\u00eb zhvilluar k\u00ebt\u00eb t\u00eb shtun\u00eb n\u00eb kryeqytet, e cila u shoq\u00ebrua me tensione pran\u00eb Kryeministris\u00eb dhe Kuvendit, situata mbetet e acaruar. Gjat\u00eb p\u00ebrplasjeve jan\u00eb raportuar polic\u00eb t\u00eb l\u00ebnduar, si edhe protestues dhe gazetar\u00eb. Burime b\u00ebjn\u00eb me dije se efektiv\u00eb t\u00eb policis\u00eb ndodhen jasht\u00eb selis\u00eb s\u00eb Partis\u00eb Demokratike, me [&hellip;]<\/p>\n","protected":false},"author":9,"featured_media":96888,"comment_status":"open","ping_status":"open","sticky":false,"template":"","format":"standard","meta":{"jetpack_post_was_ever_published":false,"_jetpack_newsletter_access":"","_jetpack_dont_email_post_to_subs":false,"_jetpack_newsletter_tier_id":0,"_jetpack_memberships_contains_paywalled_content":false,"_jetpack_memberships_contains_paid_content":false,"footnotes":"","jetpack_publicize_message":"","jetpack_publicize_feature_enabled":true,"jetpack_social_post_already_shared":true,"jetpack_social_options":{"image_generator_settings":{"template":"highway","default_image_id":0,"font":"","enabled":false},"version":2}},"categories":[27,1,2],"tags":[],"class_list":["post-96887","post","type-post","status-publish","format-standard","has-post-thumbnail","hentry","category-blogu-i-udhetarit","category-njoftime-shtypi","category-politika"],"jetpack_publicize_connections":[],"jetpack_featured_media_url":"https:\/\/i0.wp.com\/www.shqiperia.com\/blog\/wp-content\/uploads\/2026\/01\/BeFunky-collage-20-2048x1529-1-1140x570-1.jpg?fit=1140%2C570&ssl=1","jetpack_sharing_enabled":true,"jetpack_shortlink":"https:\/\/wp.me\/p5Z6wp-pcH","jetpack-related-posts":[{"id":52898,"url":"https:\/\/www.shqiperia.com\/blog\/zeri-i-amerikes-tensionet-ne-pd-deputetet-e-berishes-i-gjejne-mbyllur-dyert-e-selise\/","url_meta":{"origin":96887,"position":0},"title":"Z\u00ebri i Amerik\u00ebs: &#8211; Tensionet n\u00eb PD, deputet\u00ebt e Berish\u00ebs i gjejn\u00eb mbyllur dyert e selis\u00eb","author":"Kurt Farka","date":"January 5, 2022","format":false,"excerpt":"Z\u00ebri i Amerik\u00ebs: - Tensionet n\u00eb PD, deputet\u00ebt e Berish\u00ebs i gjejn\u00eb mbyllur dyert e selis\u00eb 5 JANAR 2022 N\u00eb Shqip\u00ebri, vijojn\u00eb tensione n\u00eb Partin\u00eb Demokratike. Nj\u00eb grup deputet\u00ebsh mb\u00ebshtet\u00ebs t\u00eb ish kryeministrit Sali Berisha i gjet\u00ebn sot t\u00eb mbyllura dyert e selis\u00eb, ku si\u00e7 deklaruan kishin shkuar p\u00ebr t\u00eb\u2026","rel":"","context":"In &quot;Blogu i Udh\u00ebtarit&quot;","block_context":{"text":"Blogu i Udh\u00ebtarit","link":"https:\/\/www.shqiperia.com\/blog\/category\/blogu-i-udhetarit\/"},"img":{"alt_text":"","src":"https:\/\/i0.wp.com\/www.shqiperia.com\/blog\/wp-content\/uploads\/2022\/01\/800-0-5bb4d5fe223601920a1fe1d293d62e0a-1.jpg?fit=800%2C450&ssl=1&resize=350%2C200","width":350,"height":200,"srcset":"https:\/\/i0.wp.com\/www.shqiperia.com\/blog\/wp-content\/uploads\/2022\/01\/800-0-5bb4d5fe223601920a1fe1d293d62e0a-1.jpg?fit=800%2C450&ssl=1&resize=350%2C200 1x, https:\/\/i0.wp.com\/www.shqiperia.com\/blog\/wp-content\/uploads\/2022\/01\/800-0-5bb4d5fe223601920a1fe1d293d62e0a-1.jpg?fit=800%2C450&ssl=1&resize=525%2C300 1.5x, https:\/\/i0.wp.com\/www.shqiperia.com\/blog\/wp-content\/uploads\/2022\/01\/800-0-5bb4d5fe223601920a1fe1d293d62e0a-1.jpg?fit=800%2C450&ssl=1&resize=700%2C400 2x"},"classes":[]},{"id":96982,"url":"https:\/\/www.shqiperia.com\/blog\/fotoreporteri-rrefen-sulmin-gjate-protestes-bilani-rashe-pertoke-me-sulmoi-nje-person-me-uniforme-policie\/","url_meta":{"origin":96887,"position":1},"title":"Fotoreporteri rr\u00ebfen sulmin gjat\u00eb protest\u00ebs. Bilani: &#8211; Rash\u00eb p\u00ebrtok\u00eb, m\u00eb sulmoi nj\u00eb person me uniform\u00eb policie","author":"Kurt Farka","date":"January 26, 2026","format":false,"excerpt":"26 Janar 2026 Fotoreporteri Felix Bilani ka rr\u00ebfyer n\u00eb nj\u00eb emision televiziv momentet q\u00eb p\u00ebrjetoi gjat\u00eb protest\u00ebs komb\u00ebtare t\u00eb opozit\u00ebs, ku sipas tij u sulmua me sprej piperi direkt n\u00eb fytyr\u00eb, duke humbur p\u00ebr disa sekonda orientimin dhe duke r\u00ebn\u00eb p\u00ebrtok\u00eb. Bilani u shpreh se nj\u00eb ngjarje e till\u00eb \u00ebsht\u00eb\u2026","rel":"","context":"In &quot;Blogu i Udh\u00ebtarit&quot;","block_context":{"text":"Blogu i Udh\u00ebtarit","link":"https:\/\/www.shqiperia.com\/blog\/category\/blogu-i-udhetarit\/"},"img":{"alt_text":"","src":"https:\/\/i0.wp.com\/www.shqiperia.com\/blog\/wp-content\/uploads\/2026\/01\/Capture-868-300x211.jpg?resize=350%2C200&ssl=1","width":350,"height":200,"srcset":"https:\/\/i0.wp.com\/www.shqiperia.com\/blog\/wp-content\/uploads\/2026\/01\/Capture-868-300x211.jpg?resize=350%2C200&ssl=1 1x, https:\/\/i0.wp.com\/www.shqiperia.com\/blog\/wp-content\/uploads\/2026\/01\/Capture-868-300x211.jpg?resize=525%2C300&ssl=1 1.5x"},"classes":[]},{"id":19602,"url":"https:\/\/www.shqiperia.com\/blog\/protesta-kombetare-godina-e-qeverise-goditet-me-boje-dhe-domate-basha-i-bashkohet-protestes\/","url_meta":{"origin":96887,"position":2},"title":"Protesta Kombetare\/ &#8211; Godina e Qeveris\u00eb goditet me boj\u00eb dhe domate. Basha i bashkohet protest\u00ebs. &#8211;","author":"Kurt Farka","date":"April 13, 2019","format":false,"excerpt":"Protesta Kombetare\/ - Godina e Qeveris\u00eb goditet me boj\u00eb dhe domate. Basha i bashkohet protest\u00ebs. - 13 prill 2019 Protesta e opozit\u00ebs ka nisur ashtu sikurse ishte paralajm\u00ebruar n\u00eb or\u00ebn 18:00 t\u00eb k\u00ebsaj t\u00eb shtune (13 prill). Pas rreth 30 minutash nga nisja e protest\u00ebs, fermer\u00eb t\u00eb shumt\u00eb kan\u00eb derdhur\u2026","rel":"","context":"In &quot;Blogu i Udh\u00ebtarit&quot;","block_context":{"text":"Blogu i Udh\u00ebtarit","link":"https:\/\/www.shqiperia.com\/blog\/category\/blogu-i-udhetarit\/"},"img":{"alt_text":"","src":"https:\/\/i0.wp.com\/www.shqiperia.com\/blog\/wp-content\/uploads\/2019\/04\/3dc93faa-1803-4437-a891-91e1c5842fc5.jpg?fit=1200%2C563&ssl=1&resize=350%2C200","width":350,"height":200,"srcset":"https:\/\/i0.wp.com\/www.shqiperia.com\/blog\/wp-content\/uploads\/2019\/04\/3dc93faa-1803-4437-a891-91e1c5842fc5.jpg?fit=1200%2C563&ssl=1&resize=350%2C200 1x, https:\/\/i0.wp.com\/www.shqiperia.com\/blog\/wp-content\/uploads\/2019\/04\/3dc93faa-1803-4437-a891-91e1c5842fc5.jpg?fit=1200%2C563&ssl=1&resize=525%2C300 1.5x, https:\/\/i0.wp.com\/www.shqiperia.com\/blog\/wp-content\/uploads\/2019\/04\/3dc93faa-1803-4437-a891-91e1c5842fc5.jpg?fit=1200%2C563&ssl=1&resize=700%2C400 2x, https:\/\/i0.wp.com\/www.shqiperia.com\/blog\/wp-content\/uploads\/2019\/04\/3dc93faa-1803-4437-a891-91e1c5842fc5.jpg?fit=1200%2C563&ssl=1&resize=1050%2C600 3x"},"classes":[]},{"id":53015,"url":"https:\/\/www.shqiperia.com\/blog\/me-vendimin-e-kryesise-basha-perjashtoi-4-deputete-dhe-pezulloi-6-te-tjere\/","url_meta":{"origin":96887,"position":3},"title":"Me vendimin e kryesis\u00eb, Basha p\u00ebrjashtoi 4 deputet\u00eb dhe pezulloi 6 t\u00eb tjer\u00eb","author":"Kurt Farka","date":"January 11, 2022","format":false,"excerpt":"Me vendimin e kryesis\u00eb, Basha p\u00ebrjashtoi 4 deputet\u00eb dhe pezulloi 6 t\u00eb tjer\u00eb Nga OraNews 11 Janar 2022 N\u00eb list\u00ebn e 9 emrave t\u00eb p\u00ebrjashtuar nga PD me vendim t\u00eb kryesis\u00eb PD mbr\u00ebm\u00eb ndodhen dhe emrat e 4 demokrat\u00ebve q\u00eb kan\u00eb mandat deputeti. Ata jan\u00eb Sali Berisha, Flamur Noka, Albana\u2026","rel":"","context":"In &quot;Politika&quot;","block_context":{"text":"Politika","link":"https:\/\/www.shqiperia.com\/blog\/category\/politika\/"},"img":{"alt_text":"","src":"https:\/\/i0.wp.com\/www.shqiperia.com\/blog\/wp-content\/uploads\/2022\/01\/640-0-cf360b11-da33-49bc-8d12-6d86112044a8-1641890919.jpg?fit=625%2C327&ssl=1&resize=350%2C200","width":350,"height":200,"srcset":"https:\/\/i0.wp.com\/www.shqiperia.com\/blog\/wp-content\/uploads\/2022\/01\/640-0-cf360b11-da33-49bc-8d12-6d86112044a8-1641890919.jpg?fit=625%2C327&ssl=1&resize=350%2C200 1x, https:\/\/i0.wp.com\/www.shqiperia.com\/blog\/wp-content\/uploads\/2022\/01\/640-0-cf360b11-da33-49bc-8d12-6d86112044a8-1641890919.jpg?fit=625%2C327&ssl=1&resize=525%2C300 1.5x"},"classes":[]},{"id":96896,"url":"https:\/\/www.shqiperia.com\/blog\/afp-i-ben-jehone-protestes-se-pd-shperthejne-trazirat-ne-protesten-kunder-qeverise-ne-tirane\/","url_meta":{"origin":96887,"position":4},"title":"AFP i b\u00ebn jehon\u00eb protest\u00ebs s\u00eb PD: Shp\u00ebrthejn\u00eb trazirat n\u00eb protest\u00ebn kund\u00ebr qeveris\u00eb n\u00eb Tiran\u00eb","author":"Kurt Farka","date":"January 24, 2026","format":false,"excerpt":"24 Janar 2026 Agjencia Franceze e Lajmeve (AFP) i ka bwrw jehonw protest\u00ebs sw opozit\u00ebs nw Tiranw, kwtw tw shtunw, 24 janar 2026. \u201cKrimi i organizuar dhe korrupsioni jan\u00eb \u00e7\u00ebshtjet kryesore q\u00eb e pengojn\u00eb Shqip\u00ebrin\u00eb t\u00eb an\u00ebtar\u00ebsohet n\u00eb Bashkimin Europian.\u201d,- shkruan AFP. Lajmi: T\u00eb shtun\u00ebn pati trazira n\u00eb kryeqytetin e\u2026","rel":"","context":"In &quot;Blogu i Udh\u00ebtarit&quot;","block_context":{"text":"Blogu i Udh\u00ebtarit","link":"https:\/\/www.shqiperia.com\/blog\/category\/blogu-i-udhetarit\/"},"img":{"alt_text":"","src":"https:\/\/i0.wp.com\/www.shqiperia.com\/blog\/wp-content\/uploads\/2026\/01\/auto_AFP1097344127899629575429198435303004769431-11769290354.jpg?fit=900%2C600&ssl=1&resize=350%2C200","width":350,"height":200,"srcset":"https:\/\/i0.wp.com\/www.shqiperia.com\/blog\/wp-content\/uploads\/2026\/01\/auto_AFP1097344127899629575429198435303004769431-11769290354.jpg?fit=900%2C600&ssl=1&resize=350%2C200 1x, https:\/\/i0.wp.com\/www.shqiperia.com\/blog\/wp-content\/uploads\/2026\/01\/auto_AFP1097344127899629575429198435303004769431-11769290354.jpg?fit=900%2C600&ssl=1&resize=525%2C300 1.5x, https:\/\/i0.wp.com\/www.shqiperia.com\/blog\/wp-content\/uploads\/2026\/01\/auto_AFP1097344127899629575429198435303004769431-11769290354.jpg?fit=900%2C600&ssl=1&resize=700%2C400 2x"},"classes":[]},{"id":87667,"url":"https:\/\/www.shqiperia.com\/blog\/protesta-e-pd-se-me-23-dhjetor-zbardhet-plani-i-opozites-ja-kryqezimet-kryesore-ne-tirane-qe-do-te-bllokohen\/","url_meta":{"origin":96887,"position":5},"title":"Protesta e PD-s\u00eb m\u00eb 23 Dhjetor\/ Zbardhet plani i opozit\u00ebs, ja kryq\u00ebzimet kryesore n\u00eb Tiran\u00eb q\u00eb do t\u00eb bllokohen!","author":"Kurt Farka","date":"December 21, 2024","format":false,"excerpt":"21 Dhjetor 2024 Tubimi i Partis\u00eb Demokratike \u00ebsht\u00eb planifikuar t\u00eb nis\u00eb n\u00eb or\u00ebn 17:00 dhe rrug\u00ebt q\u00eb do t\u00eb bllokohen jan\u00eb: Rruga pran\u00eb Bashkis\u00eb s\u00eb Tiran\u00ebs, rreth-rrotullimi tek \u201cZogu i Zi\u201d, tek sheshi \u201cWilson\u201d, tek \u201cPallati me Shigjeta\u201d, si dhe kryq\u00ebzimi tek \u201cRruga e Elbasanit\u201d, pran\u00eb xhamis\u00eb s\u00eb \u201cNamazgjas\u00eb\u201d. Organizator\u00ebt\u2026","rel":"","context":"In &quot;Blogu i Udh\u00ebtarit&quot;","block_context":{"text":"Blogu i Udh\u00ebtarit","link":"https:\/\/www.shqiperia.com\/blog\/category\/blogu-i-udhetarit\/"},"img":{"alt_text":"","src":"https:\/\/i0.wp.com\/www.shqiperia.com\/blog\/wp-content\/uploads\/2024\/12\/Protesta-opozita-perplasja-bllokimi-qyteti-mos-bindja-civile-8.jpeg?fit=1200%2C800&ssl=1&resize=350%2C200","width":350,"height":200,"srcset":"https:\/\/i0.wp.com\/www.shqiperia.com\/blog\/wp-content\/uploads\/2024\/12\/Protesta-opozita-perplasja-bllokimi-qyteti-mos-bindja-civile-8.jpeg?fit=1200%2C800&ssl=1&resize=350%2C200 1x, https:\/\/i0.wp.com\/www.shqiperia.com\/blog\/wp-content\/uploads\/2024\/12\/Protesta-opozita-perplasja-bllokimi-qyteti-mos-bindja-civile-8.jpeg?fit=1200%2C800&ssl=1&resize=525%2C300 1.5x, https:\/\/i0.wp.com\/www.shqiperia.com\/blog\/wp-content\/uploads\/2024\/12\/Protesta-opozita-perplasja-bllokimi-qyteti-mos-bindja-civile-8.jpeg?fit=1200%2C800&ssl=1&resize=700%2C400 2x, https:\/\/i0.wp.com\/www.shqiperia.com\/blog\/wp-content\/uploads\/2024\/12\/Protesta-opozita-perplasja-bllokimi-qyteti-mos-bindja-civile-8.jpeg?fit=1200%2C800&ssl=1&resize=1050%2C600 3x"},"classes":[]}],"_links":{"self":[{"href":"https:\/\/www.shqiperia.com\/blog\/wp-json\/wp\/v2\/posts\/96887","targetHints":{"allow":["GET"]}}],"collection":[{"href":"https:\/\/www.shqiperia.com\/blog\/wp-json\/wp\/v2\/posts"}],"about":[{"href":"https:\/\/www.shqiperia.com\/blog\/wp-json\/wp\/v2\/types\/post"}],"author":[{"embeddable":true,"href":"https:\/\/www.shqiperia.com\/blog\/wp-json\/wp\/v2\/users\/9"}],"replies":[{"embeddable":true,"href":"https:\/\/www.shqiperia.com\/blog\/wp-json\/wp\/v2\/comments?post=96887"}],"version-history":[{"count":2,"href":"https:\/\/www.shqiperia.com\/blog\/wp-json\/wp\/v2\/posts\/96887\/revisions"}],"predecessor-version":[{"id":96925,"href":"https:\/\/www.shqiperia.com\/blog\/wp-json\/wp\/v2\/posts\/96887\/revisions\/96925"}],"wp:featuredmedia":[{"embeddable":true,"href":"https:\/\/www.shqiperia.com\/blog\/wp-json\/wp\/v2\/media\/96888"}],"wp:attachment":[{"href":"https:\/\/www.shqiperia.com\/blog\/wp-json\/wp\/v2\/media?parent=96887"}],"wp:term":[{"taxonomy":"category","embeddable":true,"href":"https:\/\/www.shqiperia.com\/blog\/wp-json\/wp\/v2\/categories?post=96887"},{"taxonomy":"post_tag","embeddable":true,"href":"https:\/\/www.shqiperia.com\/blog\/wp-json\/wp\/v2\/tags?post=96887"}],"curies":[{"name":"wp","href":"https:\/\/api.w.org\/{rel}","templated":true}]}}