{"id":96883,"date":"2026-01-24T18:11:43","date_gmt":"2026-01-24T18:11:43","guid":{"rendered":"https:\/\/www.shqiperia.com\/blog\/?p=96883"},"modified":"2026-01-24T18:11:43","modified_gmt":"2026-01-24T18:11:43","slug":"pasojat-e-gazit-protestuesit-largohen-me-ambulance-nga-sheshi-policia-krijon-gardhin-para-kuvendit","status":"publish","type":"post","link":"https:\/\/www.shqiperia.com\/blog\/pasojat-e-gazit-protestuesit-largohen-me-ambulance-nga-sheshi-policia-krijon-gardhin-para-kuvendit\/","title":{"rendered":"Pasojat e gazit, protestuesit largohen me ambulanc\u00eb nga sheshi, policia krijon gardhin para Kuvendit"},"content":{"rendered":"<p><img data-recalc-dims=\"1\" loading=\"lazy\" decoding=\"async\" data-attachment-id=\"96884\" data-permalink=\"https:\/\/www.shqiperia.com\/blog\/pasojat-e-gazit-protestuesit-largohen-me-ambulance-nga-sheshi-policia-krijon-gardhin-para-kuvendit\/640-0-b0a3329c8d209b60fd151c4df8112337\/\" data-orig-file=\"https:\/\/i0.wp.com\/www.shqiperia.com\/blog\/wp-content\/uploads\/2026\/01\/640-0-b0a3329c8d209b60fd151c4df8112337.jpg?fit=640%2C293&amp;ssl=1\" data-orig-size=\"640,293\" data-comments-opened=\"1\" data-image-meta=\"{&quot;aperture&quot;:&quot;0&quot;,&quot;credit&quot;:&quot;&quot;,&quot;camera&quot;:&quot;&quot;,&quot;caption&quot;:&quot;&quot;,&quot;created_timestamp&quot;:&quot;0&quot;,&quot;copyright&quot;:&quot;&quot;,&quot;focal_length&quot;:&quot;0&quot;,&quot;iso&quot;:&quot;0&quot;,&quot;shutter_speed&quot;:&quot;0&quot;,&quot;title&quot;:&quot;&quot;,&quot;orientation&quot;:&quot;0&quot;}\" data-image-title=\"-640-0-b0a3329c8d209b60fd151c4df8112337\" data-image-description=\"\" data-image-caption=\"\" data-medium-file=\"https:\/\/i0.wp.com\/www.shqiperia.com\/blog\/wp-content\/uploads\/2026\/01\/640-0-b0a3329c8d209b60fd151c4df8112337.jpg?fit=300%2C137&amp;ssl=1\" data-large-file=\"https:\/\/i0.wp.com\/www.shqiperia.com\/blog\/wp-content\/uploads\/2026\/01\/640-0-b0a3329c8d209b60fd151c4df8112337.jpg?fit=640%2C293&amp;ssl=1\" class=\"alignnone  wp-image-96884\" alt=\"\" src=\"https:\/\/i0.wp.com\/www.shqiperia.com\/blog\/wp-content\/uploads\/2026\/01\/640-0-b0a3329c8d209b60fd151c4df8112337.jpg?resize=819%2C374&#038;ssl=1\" width=\"819\" height=\"374\" srcset=\"https:\/\/i0.wp.com\/www.shqiperia.com\/blog\/wp-content\/uploads\/2026\/01\/640-0-b0a3329c8d209b60fd151c4df8112337.jpg?resize=300%2C137&amp;ssl=1 300w, https:\/\/i0.wp.com\/www.shqiperia.com\/blog\/wp-content\/uploads\/2026\/01\/640-0-b0a3329c8d209b60fd151c4df8112337.jpg?resize=450%2C206&amp;ssl=1 450w, https:\/\/i0.wp.com\/www.shqiperia.com\/blog\/wp-content\/uploads\/2026\/01\/640-0-b0a3329c8d209b60fd151c4df8112337.jpg?resize=600%2C275&amp;ssl=1 600w, https:\/\/i0.wp.com\/www.shqiperia.com\/blog\/wp-content\/uploads\/2026\/01\/640-0-b0a3329c8d209b60fd151c4df8112337.jpg?resize=400%2C183&amp;ssl=1 400w, https:\/\/i0.wp.com\/www.shqiperia.com\/blog\/wp-content\/uploads\/2026\/01\/640-0-b0a3329c8d209b60fd151c4df8112337.jpg?w=640&amp;ssl=1 640w\" sizes=\"auto, (max-width: 819px) 100vw, 819px\" \/><\/p>\n<p>26 Janar 2026<\/p>\n<p>Menj\u00ebher\u00eb sapo mbaroi fjala e Sali Berish\u00ebs, protestuesit hodh\u00ebn bomba molotov drejt kryeministris\u00eb, n\u00eb shenj\u00eb revolte ndaj qeveris\u00eb dhe kryeministrit Rama.<\/p>\n<p>\u201cOra News\u201d ka siguruar pamjet edhe t\u00eb momentit kur nj\u00eb protestues i ndje keq nga gazi i p\u00ebrdorur nga policia dhe \u00ebsht\u00eb dashur ambulanca p\u00ebr largimin e tij.<\/p>\n<p>Pas k\u00ebsaj, protestuesit u nis\u00ebn drejt godin\u00ebs s\u00eb Kuvendit.<\/p>\n<p>Nd\u00ebrkaq, policia \u00ebsht\u00eb rreshtuar n\u00eb hyrjen para Parlamentit teksa pritet q\u00eb nga momenti n\u00eb moment t\u00eb afrohen protestuesit.<\/p>\n<p><span>Nga OraNews<\/span><\/p>\n","protected":false},"excerpt":{"rendered":"<p>26 Janar 2026 Menj\u00ebher\u00eb sapo mbaroi fjala e Sali Berish\u00ebs, protestuesit hodh\u00ebn bomba molotov drejt kryeministris\u00eb, n\u00eb shenj\u00eb revolte ndaj qeveris\u00eb dhe kryeministrit Rama. \u201cOra News\u201d ka siguruar pamjet edhe t\u00eb momentit kur nj\u00eb protestues i ndje keq nga gazi i p\u00ebrdorur nga policia dhe \u00ebsht\u00eb dashur ambulanca p\u00ebr largimin e tij. Pas k\u00ebsaj, protestuesit [&hellip;]<\/p>\n","protected":false},"author":9,"featured_media":96884,"comment_status":"open","ping_status":"open","sticky":false,"template":"","format":"standard","meta":{"jetpack_post_was_ever_published":false,"_jetpack_newsletter_access":"","_jetpack_dont_email_post_to_subs":false,"_jetpack_newsletter_tier_id":0,"_jetpack_memberships_contains_paywalled_content":false,"_jetpack_memberships_contains_paid_content":false,"footnotes":"","jetpack_publicize_message":"","jetpack_publicize_feature_enabled":true,"jetpack_social_post_already_shared":true,"jetpack_social_options":{"image_generator_settings":{"template":"highway","default_image_id":0,"font":"","enabled":false},"version":2}},"categories":[27,1,2],"tags":[],"class_list":["post-96883","post","type-post","status-publish","format-standard","has-post-thumbnail","hentry","category-blogu-i-udhetarit","category-njoftime-shtypi","category-politika"],"jetpack_publicize_connections":[],"jetpack_featured_media_url":"https:\/\/i0.wp.com\/www.shqiperia.com\/blog\/wp-content\/uploads\/2026\/01\/640-0-b0a3329c8d209b60fd151c4df8112337.jpg?fit=640%2C293&ssl=1","jetpack_sharing_enabled":true,"jetpack_shortlink":"https:\/\/wp.me\/p5Z6wp-pcD","jetpack-related-posts":[{"id":81650,"url":"https:\/\/www.shqiperia.com\/blog\/pas-dy-oresh-perplasje-me-policine-mbyllet-protesta-e-rithemelimit-para-kuvendit\/","url_meta":{"origin":96883,"position":0},"title":"Pas dy or\u00ebsh p\u00ebrplasje me policin\u00eb, mbyllet protesta e Rithemelimit para Kuvendit","author":"Kurt Farka","date":"June 6, 2024","format":false,"excerpt":"7 Qershor 2024 \u00cbsht\u00eb mbyllur protesta e opozit\u00ebs p\u00ebrpara parlamentit t\u00eb Shqip\u00ebris\u00eb. Gazetari Osman Stafa ka dh\u00ebn\u00eb detaje nga protesta. \u201cProtestuesit kan\u00eb mbyllur protest\u00ebn. Flamur Noka iu ka b\u00ebr\u00eb thirrje protestuesve q\u00eb t\u00eb shp\u00ebrndahen, edhe p\u00ebr shkak t\u00eb temperaturave t\u00eb larta dhe tashm\u00eb opozita do t\u00eb protestoj\u00eb t\u00eb h\u00ebn\u00ebn n\u00eb\u2026","rel":"","context":"In &quot;Blogu i Udh\u00ebtarit&quot;","block_context":{"text":"Blogu i Udh\u00ebtarit","link":"https:\/\/www.shqiperia.com\/blog\/category\/blogu-i-udhetarit\/"},"img":{"alt_text":"","src":"https:\/\/i0.wp.com\/www.shqiperia.com\/blog\/wp-content\/uploads\/2024\/06\/800-0-6ad3bf14464f11d3ce7aaba6a2646ad3.jpg?fit=800%2C450&ssl=1&resize=350%2C200","width":350,"height":200,"srcset":"https:\/\/i0.wp.com\/www.shqiperia.com\/blog\/wp-content\/uploads\/2024\/06\/800-0-6ad3bf14464f11d3ce7aaba6a2646ad3.jpg?fit=800%2C450&ssl=1&resize=350%2C200 1x, https:\/\/i0.wp.com\/www.shqiperia.com\/blog\/wp-content\/uploads\/2024\/06\/800-0-6ad3bf14464f11d3ce7aaba6a2646ad3.jpg?fit=800%2C450&ssl=1&resize=525%2C300 1.5x, https:\/\/i0.wp.com\/www.shqiperia.com\/blog\/wp-content\/uploads\/2024\/06\/800-0-6ad3bf14464f11d3ce7aaba6a2646ad3.jpg?fit=800%2C450&ssl=1&resize=700%2C400 2x"},"classes":[]},{"id":18827,"url":"https:\/\/www.shqiperia.com\/blog\/perplasje-ne-proteste-tentohet-carja-e-kordonit-para-kuvendit-policia-thirrje-me-megafon\/","url_meta":{"origin":96883,"position":1},"title":"P\u00ebrplasje n\u00eb protest\u00eb, tentohet \u00e7arja e kordonit para Kuvendit. Policia, thirrje me megafon. &#8211;","author":"Kurt Farka","date":"March 28, 2019","format":false,"excerpt":"P\u00ebrplasje n\u00eb protest\u00eb, tentohet \u00e7arja e kordonit para Kuvendit. Policia, thirrje me megafon. - \u00a0\u00a028 mars 2019 UPDATE-\u00a0Mes fjalimeve e tensioneve, teksa hidhen tymuese e shashka drejt kordonit policor te vendosur para Kuvendit te Shqiperise,\u00a0Policia e Shtetit ka perseritur thirrjen per ruajtjen e qetesise. Ashtu si edhe ne protesten e\u2026","rel":"","context":"In &quot;Blogu i Udh\u00ebtarit&quot;","block_context":{"text":"Blogu i Udh\u00ebtarit","link":"https:\/\/www.shqiperia.com\/blog\/category\/blogu-i-udhetarit\/"},"img":{"alt_text":"","src":"https:\/\/i0.wp.com\/www.shqiperia.com\/blog\/wp-content\/uploads\/2019\/03\/protesta-kuvend-1024x682.jpg?fit=1024%2C566&ssl=1&resize=350%2C200","width":350,"height":200,"srcset":"https:\/\/i0.wp.com\/www.shqiperia.com\/blog\/wp-content\/uploads\/2019\/03\/protesta-kuvend-1024x682.jpg?fit=1024%2C566&ssl=1&resize=350%2C200 1x, https:\/\/i0.wp.com\/www.shqiperia.com\/blog\/wp-content\/uploads\/2019\/03\/protesta-kuvend-1024x682.jpg?fit=1024%2C566&ssl=1&resize=525%2C300 1.5x, https:\/\/i0.wp.com\/www.shqiperia.com\/blog\/wp-content\/uploads\/2019\/03\/protesta-kuvend-1024x682.jpg?fit=1024%2C566&ssl=1&resize=700%2C400 2x"},"classes":[]},{"id":41713,"url":"https:\/\/www.shqiperia.com\/blog\/protestuesit-ngjiten-te-shkallet-e-kryeministrise-tre-furgona-te-fnsh-se-nisen-me-urgjence-drejt-tyre\/","url_meta":{"origin":96883,"position":2},"title":"Protestuesit ngjiten te shkall\u00ebt e Kryeministris\u00eb, tre furgona t\u00eb FNSH-s\u00eb nisen me urgjenc\u00eb drejt tyre","author":"Kurt Farka","date":"December 9, 2020","format":false,"excerpt":"Protestuesit ngjiten te shkall\u00ebt e Kryeministris\u00eb, tre furgona t\u00eb FNSH-s\u00eb nisen me urgjenc\u00eb drejt tyre 9 DHJETOR 2020 P\u00ebrfaq\u00ebsuesit e shoq\u00ebris\u00eb civile dhe t\u00eb forumeve t\u00eb partive politike kan\u00eb nisur sot nj\u00eb protest\u00eb simbolike para Ministris\u00eb s\u00eb Brendshme, pas vrasjes s\u00eb 25-vje\u00e7arit, Klodian Rasha nga nj\u00eb efektiv policie. Aktivist\u00ebt k\u00ebrkojn\u00eb\u2026","rel":"","context":"In &quot;Blogu i Udh\u00ebtarit&quot;","block_context":{"text":"Blogu i Udh\u00ebtarit","link":"https:\/\/www.shqiperia.com\/blog\/category\/blogu-i-udhetarit\/"},"img":{"alt_text":"","src":"https:\/\/i0.wp.com\/www.shqiperia.com\/blog\/wp-content\/uploads\/2020\/12\/640-0-5fd0fb0f13417.jpg?fit=640%2C311&ssl=1&resize=350%2C200","width":350,"height":200,"srcset":"https:\/\/i0.wp.com\/www.shqiperia.com\/blog\/wp-content\/uploads\/2020\/12\/640-0-5fd0fb0f13417.jpg?fit=640%2C311&ssl=1&resize=350%2C200 1x, https:\/\/i0.wp.com\/www.shqiperia.com\/blog\/wp-content\/uploads\/2020\/12\/640-0-5fd0fb0f13417.jpg?fit=640%2C311&ssl=1&resize=525%2C300 1.5x"},"classes":[]},{"id":41720,"url":"https:\/\/www.shqiperia.com\/blog\/u-vra-nga-policia-protestuesit-bejne-veprimin-surprize-per-klodian-rashen-tek-ministria-e-brendshme\/","url_meta":{"origin":96883,"position":3},"title":"U vra nga Policia, protestuesit b\u00ebjn\u00eb veprimin surpriz\u00eb p\u00ebr Klodian Rash\u00ebn tek Ministria e Brendshme","author":"Kurt Farka","date":"December 9, 2020","format":false,"excerpt":"U vra nga Policia, protestuesit b\u00ebjn\u00eb veprimin surpriz\u00eb p\u00ebr Klodian Rash\u00ebn tek Ministria e Brendshme 9 DHJETOR 2020 N\u00eb \u201cMurin e Kujtes\u00ebs\u201d ku jan\u00eb t\u00eb sh\u00ebnuar n\u00eb form\u00eb simbolike me yje, efektiv\u00ebt e policis\u00eb t\u00eb r\u00ebn\u00eb n\u00eb krye t\u00eb detyr\u00ebs, \u00ebsht\u00eb shkruar emri i Klodian Rash\u00ebs. Emri i 25-vje\u00e7arit \u00ebsht\u00eb\u2026","rel":"","context":"In &quot;Blogu i Udh\u00ebtarit&quot;","block_context":{"text":"Blogu i Udh\u00ebtarit","link":"https:\/\/www.shqiperia.com\/blog\/category\/blogu-i-udhetarit\/"},"img":{"alt_text":"","src":"https:\/\/i0.wp.com\/www.shqiperia.com\/blog\/wp-content\/uploads\/2020\/12\/640-0-5fd0ff92eaee3-Copy.jpg?fit=640%2C386&ssl=1&resize=350%2C200","width":350,"height":200,"srcset":"https:\/\/i0.wp.com\/www.shqiperia.com\/blog\/wp-content\/uploads\/2020\/12\/640-0-5fd0ff92eaee3-Copy.jpg?fit=640%2C386&ssl=1&resize=350%2C200 1x, https:\/\/i0.wp.com\/www.shqiperia.com\/blog\/wp-content\/uploads\/2020\/12\/640-0-5fd0ff92eaee3-Copy.jpg?fit=640%2C386&ssl=1&resize=525%2C300 1.5x"},"classes":[]},{"id":71790,"url":"https:\/\/www.shqiperia.com\/blog\/opozita-organizon-proteste-masive-ne-beograd-serbia-kunder-dhunes\/","url_meta":{"origin":96883,"position":4},"title":"Opozita organizon protest\u00eb masive n\u00eb Beograd: &#8211; \u201cSerbia kund\u00ebr dhun\u00ebs\u201d","author":"Kurt Farka","date":"May 28, 2023","format":false,"excerpt":"28 Maji 2023 N\u00eb qend\u00ebr t\u00eb Beograd, dhjet\u00ebra mij\u00ebra persona protestuan m\u00eb 27 maj n\u00ebn sloganin \u201cSerbia kund\u00ebr dhun\u00ebs\u201d. Kjo protest\u00eb u thirr nga opozita dhe \u00ebsht\u00eb e kat\u00ebrta e k\u00ebtij lloji q\u00eb organizohet n\u00eb Serbi, p\u00ebr t\u00eb kund\u00ebrshtuar p\u00ebrgjigjen e Qeveris\u00eb serbe pas dy sulmeve masive q\u00eb ndodh\u00ebn n\u00eb\u2026","rel":"","context":"In &quot;Blogu i Udh\u00ebtarit&quot;","block_context":{"text":"Blogu i Udh\u00ebtarit","link":"https:\/\/www.shqiperia.com\/blog\/category\/blogu-i-udhetarit\/"},"img":{"alt_text":"","src":"https:\/\/i0.wp.com\/www.shqiperia.com\/blog\/wp-content\/uploads\/2023\/05\/640-0-1684576367x65610707-1006-682.jpg?fit=640%2C280&ssl=1&resize=350%2C200","width":350,"height":200,"srcset":"https:\/\/i0.wp.com\/www.shqiperia.com\/blog\/wp-content\/uploads\/2023\/05\/640-0-1684576367x65610707-1006-682.jpg?fit=640%2C280&ssl=1&resize=350%2C200 1x, https:\/\/i0.wp.com\/www.shqiperia.com\/blog\/wp-content\/uploads\/2023\/05\/640-0-1684576367x65610707-1006-682.jpg?fit=640%2C280&ssl=1&resize=525%2C300 1.5x"},"classes":[]},{"id":67916,"url":"https:\/\/www.shqiperia.com\/blog\/flakadane-e-shashka-protestuesit-tentojne-te-hyjne-ne-parlament\/","url_meta":{"origin":96883,"position":5},"title":"Flakadan\u00eb e shashka\/ Protestuesit tentojn\u00eb t\u00eb hyjn\u00eb n\u00eb Parlament","author":"Kurt Farka","date":"February 13, 2023","format":false,"excerpt":"13 Shkurt 2023 N\u00eb ambientet e jashtme n\u00eb Kuvend situata \u00ebsht\u00eb e tensionuar. Protestuesit kan\u00eb hedhur flakad\u00eb e shashka si edhe kan\u00eb tentuar kordonin e policis\u00eb p\u00ebr t\u00eb hyr\u00eb n\u00eb ambientet e brendshme t\u00eb parlamentit. Gazetarja Klodiana Lala tha p\u00ebr BalkanWeb se kordoni i policis\u00eb \u00ebsht\u00eb i vendosur larg nga\u2026","rel":"","context":"In &quot;Blogu i Udh\u00ebtarit&quot;","block_context":{"text":"Blogu i Udh\u00ebtarit","link":"https:\/\/www.shqiperia.com\/blog\/category\/blogu-i-udhetarit\/"},"img":{"alt_text":"","src":"https:\/\/i0.wp.com\/www.shqiperia.com\/blog\/wp-content\/uploads\/2023\/02\/forcat-e-policise-770x392-1.jpg?fit=770%2C392&ssl=1&resize=350%2C200","width":350,"height":200,"srcset":"https:\/\/i0.wp.com\/www.shqiperia.com\/blog\/wp-content\/uploads\/2023\/02\/forcat-e-policise-770x392-1.jpg?fit=770%2C392&ssl=1&resize=350%2C200 1x, https:\/\/i0.wp.com\/www.shqiperia.com\/blog\/wp-content\/uploads\/2023\/02\/forcat-e-policise-770x392-1.jpg?fit=770%2C392&ssl=1&resize=525%2C300 1.5x, https:\/\/i0.wp.com\/www.shqiperia.com\/blog\/wp-content\/uploads\/2023\/02\/forcat-e-policise-770x392-1.jpg?fit=770%2C392&ssl=1&resize=700%2C400 2x"},"classes":[]}],"_links":{"self":[{"href":"https:\/\/www.shqiperia.com\/blog\/wp-json\/wp\/v2\/posts\/96883","targetHints":{"allow":["GET"]}}],"collection":[{"href":"https:\/\/www.shqiperia.com\/blog\/wp-json\/wp\/v2\/posts"}],"about":[{"href":"https:\/\/www.shqiperia.com\/blog\/wp-json\/wp\/v2\/types\/post"}],"author":[{"embeddable":true,"href":"https:\/\/www.shqiperia.com\/blog\/wp-json\/wp\/v2\/users\/9"}],"replies":[{"embeddable":true,"href":"https:\/\/www.shqiperia.com\/blog\/wp-json\/wp\/v2\/comments?post=96883"}],"version-history":[{"count":2,"href":"https:\/\/www.shqiperia.com\/blog\/wp-json\/wp\/v2\/posts\/96883\/revisions"}],"predecessor-version":[{"id":96929,"href":"https:\/\/www.shqiperia.com\/blog\/wp-json\/wp\/v2\/posts\/96883\/revisions\/96929"}],"wp:featuredmedia":[{"embeddable":true,"href":"https:\/\/www.shqiperia.com\/blog\/wp-json\/wp\/v2\/media\/96884"}],"wp:attachment":[{"href":"https:\/\/www.shqiperia.com\/blog\/wp-json\/wp\/v2\/media?parent=96883"}],"wp:term":[{"taxonomy":"category","embeddable":true,"href":"https:\/\/www.shqiperia.com\/blog\/wp-json\/wp\/v2\/categories?post=96883"},{"taxonomy":"post_tag","embeddable":true,"href":"https:\/\/www.shqiperia.com\/blog\/wp-json\/wp\/v2\/tags?post=96883"}],"curies":[{"name":"wp","href":"https:\/\/api.w.org\/{rel}","templated":true}]}}