{"id":96880,"date":"2026-01-24T18:08:06","date_gmt":"2026-01-24T18:08:06","guid":{"rendered":"https:\/\/www.shqiperia.com\/blog\/?p=96880"},"modified":"2026-01-24T20:30:56","modified_gmt":"2026-01-24T20:30:56","slug":"policia-shperndan-turmen-me-uje-me-piper-spec-djeges-dhe-gaz-lotsjelles-protestuesit-i-drejtohen-kuvendit","status":"publish","type":"post","link":"https:\/\/www.shqiperia.com\/blog\/policia-shperndan-turmen-me-uje-me-piper-spec-djeges-dhe-gaz-lotsjelles-protestuesit-i-drejtohen-kuvendit\/","title":{"rendered":"Policia shp\u00ebrndan turm\u00ebn me uj\u00eb me piper (spec djeges) dhe gaz lotsjell\u00ebs, protestuesit i drejtohen Kuvendit"},"content":{"rendered":"<p><img data-recalc-dims=\"1\" loading=\"lazy\" decoding=\"async\" data-attachment-id=\"96881\" data-permalink=\"https:\/\/www.shqiperia.com\/blog\/policia-shperndan-turmen-me-uje-me-piper-spec-djeges-dhe-gaz-lotsjelles-protestuesit-i-drejtohen-kuvendit\/protesta-e-opozites-24-janar-bomba-molotov-kryeministria-4\/\" data-orig-file=\"https:\/\/i0.wp.com\/www.shqiperia.com\/blog\/wp-content\/uploads\/2026\/01\/protesta-e-opozites-24-janar-bomba-molotov-kryeministria-4.jpg?fit=1091%2C612&amp;ssl=1\" data-orig-size=\"1091,612\" data-comments-opened=\"1\" data-image-meta=\"{&quot;aperture&quot;:&quot;0&quot;,&quot;credit&quot;:&quot;&quot;,&quot;camera&quot;:&quot;&quot;,&quot;caption&quot;:&quot;&quot;,&quot;created_timestamp&quot;:&quot;0&quot;,&quot;copyright&quot;:&quot;&quot;,&quot;focal_length&quot;:&quot;0&quot;,&quot;iso&quot;:&quot;0&quot;,&quot;shutter_speed&quot;:&quot;0&quot;,&quot;title&quot;:&quot;&quot;,&quot;orientation&quot;:&quot;0&quot;}\" data-image-title=\"protesta-e-opozites-24-janar-bomba-molotov-kryeministria-4\" data-image-description=\"\" data-image-caption=\"\" data-medium-file=\"https:\/\/i0.wp.com\/www.shqiperia.com\/blog\/wp-content\/uploads\/2026\/01\/protesta-e-opozites-24-janar-bomba-molotov-kryeministria-4.jpg?fit=300%2C168&amp;ssl=1\" data-large-file=\"https:\/\/i0.wp.com\/www.shqiperia.com\/blog\/wp-content\/uploads\/2026\/01\/protesta-e-opozites-24-janar-bomba-molotov-kryeministria-4.jpg?fit=1024%2C574&amp;ssl=1\" class=\"alignnone wp-image-96881\" alt=\"\" src=\"https:\/\/i0.wp.com\/www.shqiperia.com\/blog\/wp-content\/uploads\/2026\/01\/protesta-e-opozites-24-janar-bomba-molotov-kryeministria-4.jpg?resize=755%2C423&#038;ssl=1\" width=\"755\" height=\"423\" srcset=\"https:\/\/i0.wp.com\/www.shqiperia.com\/blog\/wp-content\/uploads\/2026\/01\/protesta-e-opozites-24-janar-bomba-molotov-kryeministria-4.jpg?resize=300%2C168&amp;ssl=1 300w, https:\/\/i0.wp.com\/www.shqiperia.com\/blog\/wp-content\/uploads\/2026\/01\/protesta-e-opozites-24-janar-bomba-molotov-kryeministria-4.jpg?resize=1024%2C574&amp;ssl=1 1024w, https:\/\/i0.wp.com\/www.shqiperia.com\/blog\/wp-content\/uploads\/2026\/01\/protesta-e-opozites-24-janar-bomba-molotov-kryeministria-4.jpg?resize=768%2C431&amp;ssl=1 768w, https:\/\/i0.wp.com\/www.shqiperia.com\/blog\/wp-content\/uploads\/2026\/01\/protesta-e-opozites-24-janar-bomba-molotov-kryeministria-4.jpg?resize=450%2C252&amp;ssl=1 450w, https:\/\/i0.wp.com\/www.shqiperia.com\/blog\/wp-content\/uploads\/2026\/01\/protesta-e-opozites-24-janar-bomba-molotov-kryeministria-4.jpg?resize=600%2C337&amp;ssl=1 600w, https:\/\/i0.wp.com\/www.shqiperia.com\/blog\/wp-content\/uploads\/2026\/01\/protesta-e-opozites-24-janar-bomba-molotov-kryeministria-4.jpg?resize=400%2C224&amp;ssl=1 400w, https:\/\/i0.wp.com\/www.shqiperia.com\/blog\/wp-content\/uploads\/2026\/01\/protesta-e-opozites-24-janar-bomba-molotov-kryeministria-4.jpg?w=1091&amp;ssl=1 1091w\" sizes=\"auto, (max-width: 755px) 100vw, 755px\" \/><\/p>\n<p>25 Janar 2026<\/p>\n<p>Forcat e rendit nd\u00ebrmor\u00ebn veprime p\u00ebr t\u00eb rivendosur kontrollin n\u00eb zon\u00ebn p\u00ebrreth Kryeministris\u00eb dhe bulevardit \u201cD\u00ebshmor\u00ebt e Kombit\u201d.<\/p>\n<div class=\"trc_related_container tbl-trecs-container trc_spotlight_widget trc_elastic trc_elastic_sc-ma-panorama\" id=\"taboola-sponsored-mid-article\" data-placement-name=\"Sponsored Mid Article\">\n<div id=\"vtaboola-sponsored-mid-article-video\"><\/div>\n<div class=\"trc_rbox_container\">\n<div>\n<div class=\"trc_rbox sc-ma-panorama trc-content-sponsored\" id=\"trc_wrapper_990959486\">\n<div class=\"trc_rbox_outer\" id=\"outer_990959486\">\n<div class=\"trc_rbox_div trc_rbox_border_elm\" id=\"rbox-t2m\">\n<div id=\"internal_trc_990959486\">\n<div class=\"videoCube trc_spotlight_item origin-default textItem thumbnail_top videoCube_1_child syndicatedItem trc-first-recommendation trc-spotlight-first-recommendation trc_excludable\" data-item-id=\"~~V1~~-8258629988291685207~~ePg5DiNTKP1mFY1Uj8NapCMDn8FpCrvDfrAJEc0h_sEe79Ni-eBnd8iQ4KmvvX-QCoTT_IvWFG7RTbSa_z-XXjftpvARa4tWXFhLgKGLRctfJzNFc0WwvUbK5JY7J7OoIycveq1gDJgqATUzfDWn1IxPS7ZR3lwJUACWbduqrO-uIgrCrGdCVdX2dc8VZX6ULKa1WAAFEJDdaTSWqAa_po6ROsMGkMFSoVsudHTeIrQ\" data-item-title=\"Gold Is Surging in 2025 \u2014 Smart Traders Are Already In\" data-item-thumb=\"https:\/\/cdn.taboola.com\/libtrc\/static\/thumbnails\/6c92f1706b8b4dc5e9f11c9492da97da.jpg\" data-item-syndicated=\"true\"><a class=\"item-label-href video-cta-style non-feed-cta-item\" title=\"Gold Is Surging in 2025 \u2014 Smart Traders Are Already In\" target=\"_blank\" href=\"https:\/\/www.icmarkets.com\/global\/en\/trade-gold\" rel=\"noopener\"><span class=\"video-label-box trc-main-label video-label-box-cta video-label-box-cta-non-ie\"><span class=\"branding video-branding-flex-cta-item\" aria-label=\"IC Markets in Taboola advertising section\"><\/span><\/span><\/a><\/div>\n<\/div>\n<\/div>\n<\/div>\n<\/div>\n<\/div>\n<\/div>\n<\/div>\n<p>Si pasoj\u00eb e nd\u00ebrhyrjes, protestuesit u shp\u00ebrndan\u00eb, nd\u00ebrsa u njoftua qe t\u00eb gjith\u00eb t\u00eb pranishmit t\u00eb drejtohen Parlamentit.<\/p>\n<p><a href=\"https:\/\/i0.wp.com\/www.panorama.com.al\/wp-content\/uploads\/2026\/01\/protesta-e-opozites-24-janar-bomba-molotov-kryeministria-5.jpg?ssl=1\"><img data-recalc-dims=\"1\" loading=\"lazy\" decoding=\"async\" class=\"alignnone size-full wp-image-1617215\" alt=\"protesta e opozites 24 janar bomba molotov kryeministria (5)\" src=\"https:\/\/i0.wp.com\/www.panorama.com.al\/wp-content\/uploads\/2026\/01\/protesta-e-opozites-24-janar-bomba-molotov-kryeministria-5.jpg?resize=1063%2C621&#038;ssl=1\" width=\"1063\" height=\"621\" \/><\/a><a href=\"https:\/\/i0.wp.com\/www.panorama.com.al\/wp-content\/uploads\/2026\/01\/protesta-e-opozites-24-janar-bomba-molotov-kryeministria-4.jpg?ssl=1\"><img data-recalc-dims=\"1\" loading=\"lazy\" decoding=\"async\" class=\"alignnone size-full wp-image-1617214\" alt=\"protesta e opozites 24 janar bomba molotov kryeministria (4)\" src=\"https:\/\/i0.wp.com\/www.panorama.com.al\/wp-content\/uploads\/2026\/01\/protesta-e-opozites-24-janar-bomba-molotov-kryeministria-4.jpg?resize=1091%2C612&#038;ssl=1\" width=\"1091\" height=\"612\" \/><\/a><a href=\"https:\/\/i0.wp.com\/www.panorama.com.al\/wp-content\/uploads\/2026\/01\/protesta-e-opozites-24-janar-bomba-molotov-kryeministria-3.jpg?ssl=1\"><img data-recalc-dims=\"1\" loading=\"lazy\" decoding=\"async\" class=\"alignnone size-full wp-image-1617213\" alt=\"protesta e opozites 24 janar bomba molotov kryeministria (3)\" src=\"https:\/\/i0.wp.com\/www.panorama.com.al\/wp-content\/uploads\/2026\/01\/protesta-e-opozites-24-janar-bomba-molotov-kryeministria-3.jpg?resize=1003%2C592&#038;ssl=1\" width=\"1003\" height=\"592\" \/><\/a><a href=\"https:\/\/i0.wp.com\/www.panorama.com.al\/wp-content\/uploads\/2026\/01\/protesta-e-opozites-24-janar-bomba-molotov-kryeministria-2.jpg?ssl=1\"><img data-recalc-dims=\"1\" loading=\"lazy\" decoding=\"async\" class=\"alignnone size-full wp-image-1617212\" alt=\"protesta e opozites 24 janar bomba molotov kryeministria (2)\" src=\"https:\/\/i0.wp.com\/www.panorama.com.al\/wp-content\/uploads\/2026\/01\/protesta-e-opozites-24-janar-bomba-molotov-kryeministria-2.jpg?resize=1026%2C595&#038;ssl=1\" width=\"1026\" height=\"595\" \/><\/a><a href=\"https:\/\/i0.wp.com\/www.panorama.com.al\/wp-content\/uploads\/2026\/01\/protesta-e-opozites-24-janar-bomba-molotov-kryeministria-1.jpg?ssl=1\"><img data-recalc-dims=\"1\" loading=\"lazy\" decoding=\"async\" class=\"alignnone size-full wp-image-1617211\" alt=\"protesta e opozites 24 janar bomba molotov kryeministria (1)\" src=\"https:\/\/i0.wp.com\/www.panorama.com.al\/wp-content\/uploads\/2026\/01\/protesta-e-opozites-24-janar-bomba-molotov-kryeministria-1.jpg?resize=1147%2C638&#038;ssl=1\" width=\"1147\" height=\"638\" \/><\/a><a href=\"https:\/\/i0.wp.com\/www.panorama.com.al\/wp-content\/uploads\/2026\/01\/protesta-opoozitga.jpg?ssl=1\"><img data-recalc-dims=\"1\" loading=\"lazy\" decoding=\"async\" class=\"alignnone size-full wp-image-1617210\" alt=\"protesta opoozitga\" src=\"https:\/\/i0.wp.com\/www.panorama.com.al\/wp-content\/uploads\/2026\/01\/protesta-opoozitga.jpg?resize=1107%2C697&#038;ssl=1\" width=\"1107\" height=\"697\" \/><\/a><a href=\"https:\/\/i0.wp.com\/www.panorama.com.al\/wp-content\/uploads\/2026\/01\/sali-berishaa1.jpg?ssl=1\"><img data-recalc-dims=\"1\" loading=\"lazy\" decoding=\"async\" class=\"alignnone size-full wp-image-1617208\" alt=\"sali berishaa\" src=\"https:\/\/i0.wp.com\/www.panorama.com.al\/wp-content\/uploads\/2026\/01\/sali-berishaa1.jpg?resize=1060%2C638&#038;ssl=1\" width=\"1060\" height=\"638\" \/><\/a><a href=\"https:\/\/i0.wp.com\/www.panorama.com.al\/wp-content\/uploads\/2026\/01\/molotov.jpg?ssl=1\"><img data-recalc-dims=\"1\" loading=\"lazy\" decoding=\"async\" class=\"alignnone size-full wp-image-1617206\" alt=\"molotov\" src=\"https:\/\/i0.wp.com\/www.panorama.com.al\/wp-content\/uploads\/2026\/01\/molotov.jpg?resize=1432%2C730&#038;ssl=1\" width=\"1432\" height=\"730\" \/><\/a><\/p>\n","protected":false},"excerpt":{"rendered":"<p>25 Janar 2026 Forcat e rendit nd\u00ebrmor\u00ebn veprime p\u00ebr t\u00eb rivendosur kontrollin n\u00eb zon\u00ebn p\u00ebrreth Kryeministris\u00eb dhe bulevardit \u201cD\u00ebshmor\u00ebt e Kombit\u201d. Si pasoj\u00eb e nd\u00ebrhyrjes, protestuesit u shp\u00ebrndan\u00eb, nd\u00ebrsa u njoftua qe t\u00eb gjith\u00eb t\u00eb pranishmit t\u00eb drejtohen Parlamentit.<\/p>\n","protected":false},"author":9,"featured_media":96881,"comment_status":"open","ping_status":"open","sticky":false,"template":"","format":"standard","meta":{"jetpack_post_was_ever_published":false,"_jetpack_newsletter_access":"","_jetpack_dont_email_post_to_subs":false,"_jetpack_newsletter_tier_id":0,"_jetpack_memberships_contains_paywalled_content":false,"_jetpack_memberships_contains_paid_content":false,"footnotes":"","jetpack_publicize_message":"","jetpack_publicize_feature_enabled":true,"jetpack_social_post_already_shared":true,"jetpack_social_options":{"image_generator_settings":{"template":"highway","default_image_id":0,"font":"","enabled":false},"version":2}},"categories":[27,1],"tags":[],"class_list":["post-96880","post","type-post","status-publish","format-standard","has-post-thumbnail","hentry","category-blogu-i-udhetarit","category-njoftime-shtypi"],"jetpack_publicize_connections":[],"jetpack_featured_media_url":"https:\/\/i0.wp.com\/www.shqiperia.com\/blog\/wp-content\/uploads\/2026\/01\/protesta-e-opozites-24-janar-bomba-molotov-kryeministria-4.jpg?fit=1091%2C612&ssl=1","jetpack_sharing_enabled":true,"jetpack_shortlink":"https:\/\/wp.me\/p5Z6wp-pcA","jetpack-related-posts":[{"id":15083,"url":"https:\/\/www.shqiperia.com\/blog\/pyjet-dhe-paradigma-e-nismes-se-ministrit-klosi\/","url_meta":{"origin":96880,"position":0},"title":"Pyjet dhe paradigma e nism\u00ebs se ministrit \u201cKlosi\u201c. &#8211;","author":"Kurt Farka","date":"December 21, 2018","format":false,"excerpt":"Pyjet dhe paradigma e nism\u00ebs se ministrit \u201cKlosi\u201c. - Nga: Mehmet Metaj N\u00ebse Pyjet mbulojn\u00eb m\u00eb shum\u00eb se nj\u00eb t\u00eb tret\u00ebn e sip\u00ebrfaqes s\u00eb tok\u00ebs t\u00eb Evrop\u00ebs (45 % ose 1.02 miliard\u00eb hektar\u00eb) tek ne sot ato mbulojn\u00eb rreth 60 % te territorit (1.5 mln ha), pa\u00e7ka se ato jan\u00eb\u2026","rel":"","context":"In &quot;Blogu i Udh\u00ebtarit&quot;","block_context":{"text":"Blogu i Udh\u00ebtarit","link":"https:\/\/www.shqiperia.com\/blog\/category\/blogu-i-udhetarit\/"},"img":{"alt_text":"","src":"https:\/\/i0.wp.com\/www.shqiperia.com\/blog\/wp-content\/uploads\/2018\/12\/index-28-300x131.jpg?resize=350%2C200","width":350,"height":200,"srcset":"https:\/\/i0.wp.com\/www.shqiperia.com\/blog\/wp-content\/uploads\/2018\/12\/index-28-300x131.jpg?resize=350%2C200 1x, https:\/\/i0.wp.com\/www.shqiperia.com\/blog\/wp-content\/uploads\/2018\/12\/index-28-300x131.jpg?resize=525%2C300 1.5x"},"classes":[]},{"id":92081,"url":"https:\/\/www.shqiperia.com\/blog\/ppe-zgjedhjet-dhe-demokracia-ne-shqiperi-jane-te-kercenuara-nese-nuk-nderhyjne-be-dhe-institucionet-e-tjera\/","url_meta":{"origin":96880,"position":1},"title":"PPE: &#8211; Zgjedhjet dhe demokracia n\u00eb Shqip\u00ebri jan\u00eb t\u00eb k\u00ebrc\u00ebnuara n\u00ebse nuk nd\u00ebrhyjn\u00eb BE dhe institucionet e tjera","author":"Kurt Farka","date":"May 1, 2025","format":false,"excerpt":"1 Maji 2025 PPE miraton unanimisht Rezolut\u00eb Urgjente: Zgjedhjet dhe demokracia n\u00eb Shqip\u00ebri jan\u00eb t\u00eb k\u00ebrc\u00ebnuara n\u00ebse nuk nd\u00ebrhyjn\u00eb BE dhe institucionet e tjera PPE kan\u00eb miratuar nj\u00eb rezolut\u00eb ku me gjuh\u00eb t\u00eb vendosur ngren\u00eb alarmin p\u00ebr manipulimin elektoral, kapjen e shtetit dhe rr\u00ebnimin e standardeve demokratike n\u00eb Shqip\u00ebri n\u00ebn\u2026","rel":"","context":"In &quot;Blogu i Udh\u00ebtarit&quot;","block_context":{"text":"Blogu i Udh\u00ebtarit","link":"https:\/\/www.shqiperia.com\/blog\/category\/blogu-i-udhetarit\/"},"img":{"alt_text":"","src":"https:\/\/i0.wp.com\/www.shqiperia.com\/blog\/wp-content\/uploads\/2025\/05\/494843643_1421070466040718_4774289188684862299_n.jpg?fit=1200%2C734&ssl=1&resize=350%2C200","width":350,"height":200,"srcset":"https:\/\/i0.wp.com\/www.shqiperia.com\/blog\/wp-content\/uploads\/2025\/05\/494843643_1421070466040718_4774289188684862299_n.jpg?fit=1200%2C734&ssl=1&resize=350%2C200 1x, https:\/\/i0.wp.com\/www.shqiperia.com\/blog\/wp-content\/uploads\/2025\/05\/494843643_1421070466040718_4774289188684862299_n.jpg?fit=1200%2C734&ssl=1&resize=525%2C300 1.5x, https:\/\/i0.wp.com\/www.shqiperia.com\/blog\/wp-content\/uploads\/2025\/05\/494843643_1421070466040718_4774289188684862299_n.jpg?fit=1200%2C734&ssl=1&resize=700%2C400 2x, https:\/\/i0.wp.com\/www.shqiperia.com\/blog\/wp-content\/uploads\/2025\/05\/494843643_1421070466040718_4774289188684862299_n.jpg?fit=1200%2C734&ssl=1&resize=1050%2C600 3x"},"classes":[]},{"id":34952,"url":"https:\/\/www.shqiperia.com\/blog\/dr-dom-nik-ukgjini-e-rende-te-shkaterrohen-monumentet-marreveshjet-politike-po-vene-ne-rrezik-kulturen\/","url_meta":{"origin":96880,"position":2},"title":"Dr. Dom Nik Ukgjini: &#8211; E r\u00ebnd\u00eb t\u00eb shkat\u00ebrrohen monumentet, marr\u00ebveshjet politike po v\u00ebn\u00eb n\u00eb rrezik kultur\u00ebn","author":"Kurt Farka","date":"May 23, 2020","format":false,"excerpt":"Dr. Dom Nik Ukgjini: - E r\u00ebnd\u00eb t\u00eb shkat\u00ebrrohen monumentet, marr\u00ebveshjet politike po v\u00ebn\u00eb n\u00eb rrezik kultur\u00ebn tone Intervistoi: Besi Bekteshi Dr. Dom Mik Ukgjini \u00ebsht\u00eb nj\u00eb nga historian\u00ebt e devotsh\u00ebm t\u00eb historis\u00eb son\u00eb komb\u00ebtare dhe asaj religjonare, i cili ka b\u00ebr\u00eb t\u00eb mundur ngritjen e Muzeut \u201cNdre Mjeda\u201d n\u00eb\u2026","rel":"","context":"In &quot;Kultura&quot;","block_context":{"text":"Kultura","link":"https:\/\/www.shqiperia.com\/blog\/category\/kultura\/"},"img":{"alt_text":"","src":"https:\/\/i0.wp.com\/www.shqiperia.com\/blog\/wp-content\/uploads\/2020\/05\/800-0-5ec8bc33d91a9.png?fit=800%2C487&ssl=1&resize=350%2C200","width":350,"height":200,"srcset":"https:\/\/i0.wp.com\/www.shqiperia.com\/blog\/wp-content\/uploads\/2020\/05\/800-0-5ec8bc33d91a9.png?fit=800%2C487&ssl=1&resize=350%2C200 1x, https:\/\/i0.wp.com\/www.shqiperia.com\/blog\/wp-content\/uploads\/2020\/05\/800-0-5ec8bc33d91a9.png?fit=800%2C487&ssl=1&resize=525%2C300 1.5x, https:\/\/i0.wp.com\/www.shqiperia.com\/blog\/wp-content\/uploads\/2020\/05\/800-0-5ec8bc33d91a9.png?fit=800%2C487&ssl=1&resize=700%2C400 2x"},"classes":[]},{"id":28567,"url":"https:\/\/www.shqiperia.com\/blog\/shen-irineu-i-ardenices\/","url_meta":{"origin":96880,"position":3},"title":"SH\u00cbN IRINEU I ARDENIC\u00cbS","author":"Kurt Farka","date":"November 24, 2019","format":false,"excerpt":"SH\u00cbN IRINEU I ARDENIC\u00cbS Nga: At Foti Cici M\u00eb 25 n\u00ebntor 1973 m\u00ebrgoi nga kjo bot\u00eb e zhdrejt\u00eb nj\u00eb burr\u00eb i drejt\u00eb dhe nj\u00eb shpirt i ndritur, Imzot Irine Banushi, nj\u00eb figur\u00eb fisnike dhe e panjollshme e popullit ton\u00eb dhe nj\u00eb nga shenjtor\u00ebt e rinj t\u00eb Krisht\u00ebrimit Ortodoks, edhe pse\u2026","rel":"","context":"In &quot;Histori&quot;","block_context":{"text":"Histori","link":"https:\/\/www.shqiperia.com\/blog\/category\/histori\/"},"img":{"alt_text":"","src":"https:\/\/i0.wp.com\/www.shqiperia.com\/blog\/wp-content\/uploads\/2019\/11\/Imzot-Irine-Banushi-Copy.jpg?fit=720%2C478&ssl=1&resize=350%2C200","width":350,"height":200,"srcset":"https:\/\/i0.wp.com\/www.shqiperia.com\/blog\/wp-content\/uploads\/2019\/11\/Imzot-Irine-Banushi-Copy.jpg?fit=720%2C478&ssl=1&resize=350%2C200 1x, https:\/\/i0.wp.com\/www.shqiperia.com\/blog\/wp-content\/uploads\/2019\/11\/Imzot-Irine-Banushi-Copy.jpg?fit=720%2C478&ssl=1&resize=525%2C300 1.5x, https:\/\/i0.wp.com\/www.shqiperia.com\/blog\/wp-content\/uploads\/2019\/11\/Imzot-Irine-Banushi-Copy.jpg?fit=720%2C478&ssl=1&resize=700%2C400 2x"},"classes":[]},{"id":84524,"url":"https:\/\/www.shqiperia.com\/blog\/riza-hoxha-mjeshter-i-valleve-dhe-koreografise-kombetare\/","url_meta":{"origin":96880,"position":4},"title":"Riza Hoxha Mjeshter i Valleve dhe Koreografise Komb\u00ebtare.","author":"Kurt Farka","date":"September 15, 2024","format":false,"excerpt":"14 Shtator 2024 I rritur ne mjedisin e fshatit me tradita, filloj shkoll\u00ebn e mesme n\u00eb qytetin e Pukes , ku po gjallerohej aktiviteti artistike kulturor nga nxenesit dhe rinia e ketij qyteti te vogel. Drejtues artistik ishin ose te ardhur nga rrethet e tjera t\u00eb vendit, ose bart\u00ebs te\u2026","rel":"","context":"In &quot;Arte&quot;","block_context":{"text":"Arte","link":"https:\/\/www.shqiperia.com\/blog\/category\/arte\/"},"img":{"alt_text":"","src":"https:\/\/i0.wp.com\/www.shqiperia.com\/blog\/wp-content\/uploads\/2024\/09\/119720167_2718080621782833_1245053086087685226_n-1.jpg?fit=960%2C540&ssl=1&resize=350%2C200","width":350,"height":200,"srcset":"https:\/\/i0.wp.com\/www.shqiperia.com\/blog\/wp-content\/uploads\/2024\/09\/119720167_2718080621782833_1245053086087685226_n-1.jpg?fit=960%2C540&ssl=1&resize=350%2C200 1x, https:\/\/i0.wp.com\/www.shqiperia.com\/blog\/wp-content\/uploads\/2024\/09\/119720167_2718080621782833_1245053086087685226_n-1.jpg?fit=960%2C540&ssl=1&resize=525%2C300 1.5x, https:\/\/i0.wp.com\/www.shqiperia.com\/blog\/wp-content\/uploads\/2024\/09\/119720167_2718080621782833_1245053086087685226_n-1.jpg?fit=960%2C540&ssl=1&resize=700%2C400 2x"},"classes":[]},{"id":20783,"url":"https:\/\/www.shqiperia.com\/blog\/u-nda-na-jeta-muzeologu-dhe-studiuesi-i-traditave-kulturore-dhe-historike-paulin-perja\/","url_meta":{"origin":96880,"position":5},"title":"U nda nga jeta Muzeologu dhe studiuesi i traditave kulturore dhe historike, Paulin Perja.","author":"Kurt Farka","date":"May 6, 2019","format":false,"excerpt":"U nda nga jeta Muzeologu dhe studiuesi I traditave kulturore dhe historike, Paulin Perja. Me hidherim morem lajmin e dhimbshem nga Shkodra, te ndarjes nga jeta te \u2013 Muzelogut dhe studiuesit te traditave kulturore dhe historke Paulin Perja. Paulini ishte mik dhe shok i pa pertuar ne diskutime, ndihme dhe\u2026","rel":"","context":"In &quot;Blogu i Udh\u00ebtarit&quot;","block_context":{"text":"Blogu i Udh\u00ebtarit","link":"https:\/\/www.shqiperia.com\/blog\/category\/blogu-i-udhetarit\/"},"img":{"alt_text":"","src":"https:\/\/i0.wp.com\/www.shqiperia.com\/blog\/wp-content\/uploads\/2019\/05\/Paulin-Perja.jpg?fit=438%2C270&ssl=1&resize=350%2C200","width":350,"height":200},"classes":[]}],"_links":{"self":[{"href":"https:\/\/www.shqiperia.com\/blog\/wp-json\/wp\/v2\/posts\/96880","targetHints":{"allow":["GET"]}}],"collection":[{"href":"https:\/\/www.shqiperia.com\/blog\/wp-json\/wp\/v2\/posts"}],"about":[{"href":"https:\/\/www.shqiperia.com\/blog\/wp-json\/wp\/v2\/types\/post"}],"author":[{"embeddable":true,"href":"https:\/\/www.shqiperia.com\/blog\/wp-json\/wp\/v2\/users\/9"}],"replies":[{"embeddable":true,"href":"https:\/\/www.shqiperia.com\/blog\/wp-json\/wp\/v2\/comments?post=96880"}],"version-history":[{"count":2,"href":"https:\/\/www.shqiperia.com\/blog\/wp-json\/wp\/v2\/posts\/96880\/revisions"}],"predecessor-version":[{"id":96886,"href":"https:\/\/www.shqiperia.com\/blog\/wp-json\/wp\/v2\/posts\/96880\/revisions\/96886"}],"wp:featuredmedia":[{"embeddable":true,"href":"https:\/\/www.shqiperia.com\/blog\/wp-json\/wp\/v2\/media\/96881"}],"wp:attachment":[{"href":"https:\/\/www.shqiperia.com\/blog\/wp-json\/wp\/v2\/media?parent=96880"}],"wp:term":[{"taxonomy":"category","embeddable":true,"href":"https:\/\/www.shqiperia.com\/blog\/wp-json\/wp\/v2\/categories?post=96880"},{"taxonomy":"post_tag","embeddable":true,"href":"https:\/\/www.shqiperia.com\/blog\/wp-json\/wp\/v2\/tags?post=96880"}],"curies":[{"name":"wp","href":"https:\/\/api.w.org\/{rel}","templated":true}]}}