{"id":96877,"date":"2026-01-24T17:34:49","date_gmt":"2026-01-24T17:34:49","guid":{"rendered":"https:\/\/www.shqiperia.com\/blog\/?p=96877"},"modified":"2026-01-25T14:54:00","modified_gmt":"2026-01-25T14:54:00","slug":"snajper-ne-tarrace-dhe-forca-te-shumta-policie-cfare-po-ndodh-te-kryeministria","status":"publish","type":"post","link":"https:\/\/www.shqiperia.com\/blog\/snajper-ne-tarrace-dhe-forca-te-shumta-policie-cfare-po-ndodh-te-kryeministria\/","title":{"rendered":"Snajper n\u00eb tarrac\u00eb dhe forca t\u00eb shumta policie, \u00e7far\u00eb po ndodh te Kryeministria?"},"content":{"rendered":"<p><img data-recalc-dims=\"1\" loading=\"lazy\" decoding=\"async\" data-attachment-id=\"96878\" data-permalink=\"https:\/\/www.shqiperia.com\/blog\/snajper-ne-tarrace-dhe-forca-te-shumta-policie-cfare-po-ndodh-te-kryeministria\/600-388-9c64c2c316b511221d9b3736f9f7bd51\/\" data-orig-file=\"https:\/\/i0.wp.com\/www.shqiperia.com\/blog\/wp-content\/uploads\/2026\/01\/600-388-9c64c2c316b511221d9b3736f9f7bd51.jpeg?fit=600%2C388&amp;ssl=1\" data-orig-size=\"600,388\" data-comments-opened=\"1\" data-image-meta=\"{&quot;aperture&quot;:&quot;0&quot;,&quot;credit&quot;:&quot;&quot;,&quot;camera&quot;:&quot;&quot;,&quot;caption&quot;:&quot;&quot;,&quot;created_timestamp&quot;:&quot;0&quot;,&quot;copyright&quot;:&quot;&quot;,&quot;focal_length&quot;:&quot;0&quot;,&quot;iso&quot;:&quot;0&quot;,&quot;shutter_speed&quot;:&quot;0&quot;,&quot;title&quot;:&quot;&quot;,&quot;orientation&quot;:&quot;0&quot;}\" data-image-title=\"-600-388-9c64c2c316b511221d9b3736f9f7bd51\" data-image-description=\"\" data-image-caption=\"\" data-medium-file=\"https:\/\/i0.wp.com\/www.shqiperia.com\/blog\/wp-content\/uploads\/2026\/01\/600-388-9c64c2c316b511221d9b3736f9f7bd51.jpeg?fit=300%2C194&amp;ssl=1\" data-large-file=\"https:\/\/i0.wp.com\/www.shqiperia.com\/blog\/wp-content\/uploads\/2026\/01\/600-388-9c64c2c316b511221d9b3736f9f7bd51.jpeg?fit=600%2C388&amp;ssl=1\" class=\"alignnone wp-image-96878\" alt=\"\" src=\"https:\/\/i0.wp.com\/www.shqiperia.com\/blog\/wp-content\/uploads\/2026\/01\/600-388-9c64c2c316b511221d9b3736f9f7bd51.jpeg?resize=779%2C504&#038;ssl=1\" width=\"779\" height=\"504\" srcset=\"https:\/\/i0.wp.com\/www.shqiperia.com\/blog\/wp-content\/uploads\/2026\/01\/600-388-9c64c2c316b511221d9b3736f9f7bd51.jpeg?resize=300%2C194&amp;ssl=1 300w, https:\/\/i0.wp.com\/www.shqiperia.com\/blog\/wp-content\/uploads\/2026\/01\/600-388-9c64c2c316b511221d9b3736f9f7bd51.jpeg?resize=450%2C291&amp;ssl=1 450w, https:\/\/i0.wp.com\/www.shqiperia.com\/blog\/wp-content\/uploads\/2026\/01\/600-388-9c64c2c316b511221d9b3736f9f7bd51.jpeg?resize=400%2C259&amp;ssl=1 400w, https:\/\/i0.wp.com\/www.shqiperia.com\/blog\/wp-content\/uploads\/2026\/01\/600-388-9c64c2c316b511221d9b3736f9f7bd51.jpeg?w=600&amp;ssl=1 600w\" sizes=\"auto, (max-width: 779px) 100vw, 779px\" \/><\/p>\n<p>24 Janar 2026<\/p>\n<p>Sipas burimeve zyrtare, rreth 1350 efektiv\u00eb policie jan\u00eb angazhuar p\u00ebr mbar\u00ebvajtjen e protest\u00ebs, me fokus t\u00eb ve\u00e7ant\u00eb sigurin\u00eb e godin\u00ebs s\u00eb qeveris\u00eb, e cila \u00ebsht\u00eb blinduar.<\/p>\n<p>Policia ka marr\u00eb masa shtes\u00eb p\u00ebr skenar\u00eb t\u00eb mundsh\u00ebm dhune, p\u00ebrfshir\u00eb hedhjen e mjeteve piroteknike, nd\u00ebrsa n\u00eb tarrac\u00ebn e Kryeministris\u00eb raportohet se jan\u00eb vendosur snajper\u00eb.<\/p>\n<p>Mbi 1300 forca t\u00eb policis\u00eb, duke nisur nga ato t\u00eb rendit, FNSH, Shqiponjat do t\u00eb jen\u00eb t\u00eb angazhuar p\u00ebr mbar\u00ebvajtjen e protest\u00ebs. N\u00eb gatishm\u00ebri do t\u00eb jen\u00eb edhe forcat RENEA n\u00eb rast nevoje.<\/p>\n<p><img data-recalc-dims=\"1\" decoding=\"async\" alt=\"FOTO+VIDEO\/ Snajper n\u00eb tarrac\u00eb dhe forca t\u00eb shumta policie,\" src=\"https:\/\/i0.wp.com\/media.oranews.tv\/oranews.tv\/media3\/-640-0-a2-1769270624.jpeg?ssl=1\"  data-size=\"x\" data-id=\"794618\" \/><\/p>\n<p>Gjithashtu edhe Garda e Republik\u00ebs do t\u00eb jet\u00eb e gjitha n\u00eb gatishm\u00ebri p\u00ebr t\u00eb kryer detyr\u00ebn n\u00eb ruajtjen e institucioneve. Nd\u00ebrkoh\u00eb n\u00eb protest\u00eb t\u00eb gjith\u00eb efektiv\u00ebt do t\u00eb jen\u00eb t\u00eb pajisur me maska kundragaz.<\/p>\n<p><img data-recalc-dims=\"1\" decoding=\"async\" alt=\"FOTO+VIDEO\/ Snajper n\u00eb tarrac\u00eb dhe forca t\u00eb shumta policie,\" src=\"https:\/\/i0.wp.com\/media.oranews.tv\/oranews.tv\/media3\/-640-0-whatsapp-image-2026-01-24-at-161810-1769270626.jpeg?ssl=1\"  data-size=\"x\" data-id=\"794620\" \/><\/p>\n<p>Do t\u00eb ket\u00eb edhe 5 autobot\u00eb me uj\u00eb\u00a0 q\u00eb do t\u00eb q\u00ebndrojn\u00eb pas Kryeministris\u00eb n\u00ebse do t\u00eb ket\u00eb nevoj\u00eb n\u00eb raste incidentesh, nd\u00ebrsa godina e Kryeministris\u00eb \u00ebsht\u00eb \u2018veshur\u2019 me gardh metalik.<\/p>\n<p><img data-recalc-dims=\"1\" decoding=\"async\" alt=\"FOTO+VIDEO\/ Snajper n\u00eb tarrac\u00eb dhe forca t\u00eb shumta policie,\" src=\"https:\/\/i0.wp.com\/media.oranews.tv\/oranews.tv\/media3\/-640-0-baba-1769270625.jpg?ssl=1\"  data-size=\"x\" data-id=\"794619\" \/><\/p>\n<p>Policia e Tiran\u00ebs i ka k\u00ebrkuar PD-s\u00eb se duhet t\u00eb p\u00ebrcaktoj\u00eb edhe nj\u00eb orar t\u00eb mbylljes s\u00eb protest\u00ebs, por selia blu nuk ka kthyer p\u00ebrgjigje.<\/p>\n<p>Ashtu si n\u00eb \u00e7do protest\u00eb do t\u00eb krijohet kordoni me efektiv\u00eb policie para kryeministris\u00eb dhe perimetrit rreth saj. N\u00eb terren do t\u00eb p\u00ebrfshihen edhe agjent\u00ebt civil\u00eb.<\/p>\n","protected":false},"excerpt":{"rendered":"<p>24 Janar 2026 Sipas burimeve zyrtare, rreth 1350 efektiv\u00eb policie jan\u00eb angazhuar p\u00ebr mbar\u00ebvajtjen e protest\u00ebs, me fokus t\u00eb ve\u00e7ant\u00eb sigurin\u00eb e godin\u00ebs s\u00eb qeveris\u00eb, e cila \u00ebsht\u00eb blinduar. Policia ka marr\u00eb masa shtes\u00eb p\u00ebr skenar\u00eb t\u00eb mundsh\u00ebm dhune, p\u00ebrfshir\u00eb hedhjen e mjeteve piroteknike, nd\u00ebrsa n\u00eb tarrac\u00ebn e Kryeministris\u00eb raportohet se jan\u00eb vendosur snajper\u00eb. Mbi [&hellip;]<\/p>\n","protected":false},"author":9,"featured_media":96878,"comment_status":"open","ping_status":"open","sticky":false,"template":"","format":"standard","meta":{"jetpack_post_was_ever_published":false,"_jetpack_newsletter_access":"","_jetpack_dont_email_post_to_subs":false,"_jetpack_newsletter_tier_id":0,"_jetpack_memberships_contains_paywalled_content":false,"_jetpack_memberships_contains_paid_content":false,"footnotes":"","jetpack_publicize_message":"","jetpack_publicize_feature_enabled":true,"jetpack_social_post_already_shared":true,"jetpack_social_options":{"image_generator_settings":{"template":"highway","default_image_id":0,"font":"","enabled":false},"version":2}},"categories":[27,1,2],"tags":[],"class_list":["post-96877","post","type-post","status-publish","format-standard","has-post-thumbnail","hentry","category-blogu-i-udhetarit","category-njoftime-shtypi","category-politika"],"jetpack_publicize_connections":[],"jetpack_featured_media_url":"https:\/\/i0.wp.com\/www.shqiperia.com\/blog\/wp-content\/uploads\/2026\/01\/600-388-9c64c2c316b511221d9b3736f9f7bd51.jpeg?fit=600%2C388&ssl=1","jetpack_sharing_enabled":true,"jetpack_shortlink":"https:\/\/wp.me\/p5Z6wp-pcx","jetpack-related-posts":[{"id":89223,"url":"https:\/\/www.shqiperia.com\/blog\/policia-blindon-bulevardin-deshmoret-e-kombit-1200-forca-ne-terren-ne-gatishmeri-renea-dhe-garda\/","url_meta":{"origin":96877,"position":0},"title":"Policia \u201cblindon\u201d bulevardin \u201cD\u00ebshmor\u00ebt e Kombit\u201d, 1200 forca n\u00eb terren, n\u00eb gatishm\u00ebri RENEA dhe Garda","author":"Kurt Farka","date":"February 8, 2025","format":false,"excerpt":"8 Shkurt 2025 Protesta e thirrur n\u00eb or\u00ebn 17:00 nga Opozita ka v\u00ebn\u00eb n\u00eb gatishm\u00ebri Policin\u00eb e Shtetit dhe ka marr\u00eb masat p\u00ebr \u00e7do skenar t\u00eb mundsh\u00ebm. Burime nga policia b\u00ebjn\u00eb me dije se mbi 1200 forca t\u00eb policis\u00eb, duke nisur nga ato t\u00eb rendit, FNSH, Shqiponjat do t\u00eb jen\u00eb\u2026","rel":"","context":"In &quot;Blogu i Udh\u00ebtarit&quot;","block_context":{"text":"Blogu i Udh\u00ebtarit","link":"https:\/\/www.shqiperia.com\/blog\/category\/blogu-i-udhetarit\/"},"img":{"alt_text":"","src":"https:\/\/i0.wp.com\/www.shqiperia.com\/blog\/wp-content\/uploads\/2025\/02\/proteste-pd-1.jpg?fit=1200%2C687&ssl=1&resize=350%2C200","width":350,"height":200,"srcset":"https:\/\/i0.wp.com\/www.shqiperia.com\/blog\/wp-content\/uploads\/2025\/02\/proteste-pd-1.jpg?fit=1200%2C687&ssl=1&resize=350%2C200 1x, https:\/\/i0.wp.com\/www.shqiperia.com\/blog\/wp-content\/uploads\/2025\/02\/proteste-pd-1.jpg?fit=1200%2C687&ssl=1&resize=525%2C300 1.5x, https:\/\/i0.wp.com\/www.shqiperia.com\/blog\/wp-content\/uploads\/2025\/02\/proteste-pd-1.jpg?fit=1200%2C687&ssl=1&resize=700%2C400 2x, https:\/\/i0.wp.com\/www.shqiperia.com\/blog\/wp-content\/uploads\/2025\/02\/proteste-pd-1.jpg?fit=1200%2C687&ssl=1&resize=1050%2C600 3x"},"classes":[]},{"id":17709,"url":"https:\/\/www.shqiperia.com\/blog\/protesta-e-neserme-garda-ka-kerkuar-qe-gazetaret-dhe-punonjesit-te-marrin-masa-per-tu-ruajtur-nga-gazi\/","url_meta":{"origin":96877,"position":1},"title":"Protesta e nes\u00ebrme: &#8211; Garda ka k\u00ebrkuar q\u00eb gazetar\u00ebt dhe punonj\u00ebsit t\u00eb marrin masa p\u00ebr tu ruajtur nga gazi.","author":"Kurt Farka","date":"February 20, 2019","format":false,"excerpt":"Protesta e nes\u00ebrme: - Garda ka k\u00ebrkuar q\u00eb gazetar\u00ebt dhe punonj\u00ebsit t\u00eb marrin masa p\u00ebr tu ruajtur nga gazi. 20 shkurt 2019 Prej t\u00eb shtun\u00ebs, Policia e Shtetit ka punuar p\u00ebr t\u00eb hartuar nj\u00eb plan masash p\u00ebr mbar\u00ebvajtjen e protest\u00ebs s\u00eb paralajm\u00ebruar t\u00eb opozit\u00ebs, e cila pritet t\u00eb nis\u00eb nes\u00ebr\u2026","rel":"","context":"In &quot;Blogu i Udh\u00ebtarit&quot;","block_context":{"text":"Blogu i Udh\u00ebtarit","link":"https:\/\/www.shqiperia.com\/blog\/category\/blogu-i-udhetarit\/"},"img":{"alt_text":"","src":"https:\/\/i0.wp.com\/www.shqiperia.com\/blog\/wp-content\/uploads\/2019\/02\/protesta-23-1024x757-Copy.jpg?fit=1024%2C541&ssl=1&resize=350%2C200","width":350,"height":200,"srcset":"https:\/\/i0.wp.com\/www.shqiperia.com\/blog\/wp-content\/uploads\/2019\/02\/protesta-23-1024x757-Copy.jpg?fit=1024%2C541&ssl=1&resize=350%2C200 1x, https:\/\/i0.wp.com\/www.shqiperia.com\/blog\/wp-content\/uploads\/2019\/02\/protesta-23-1024x757-Copy.jpg?fit=1024%2C541&ssl=1&resize=525%2C300 1.5x, https:\/\/i0.wp.com\/www.shqiperia.com\/blog\/wp-content\/uploads\/2019\/02\/protesta-23-1024x757-Copy.jpg?fit=1024%2C541&ssl=1&resize=700%2C400 2x"},"classes":[]},{"id":78470,"url":"https:\/\/www.shqiperia.com\/blog\/protesta-e-rithemelimit-mijera-qytetare-nga-rrethet-ne-drejtim-te-tiranes\/","url_meta":{"origin":96877,"position":2},"title":"Protesta e Rithemelimit, mij\u00ebra qytetar\u00eb nga rrethet n\u00eb drejtim t\u00eb Tiran\u00ebs","author":"Kurt Farka","date":"February 20, 2024","format":false,"excerpt":"20 Shkurt 2024 Mij\u00ebra qytetar\u00eb jan\u00eb nisur nga rrethet n\u00eb drejtim t\u00eb Tiran\u00ebs p\u00ebr t\u00eb marr\u00eb pjes\u00eb n\u00eb protest\u00ebn komb\u00ebtare t\u00eb opozit\u00ebs. N\u00eb Berat raportohet se jan\u00eb t\u00eb pakt\u00ebn 1 mij\u00eb qytetar\u00eb q\u00eb jan\u00eb nisur drejt Tiran\u00ebs. Edhe nga Kor\u00e7a raportohet se jan\u00eb m\u00eb shum\u00eb se 1 mij\u00eb demokrat\u00eb q\u00eb\u2026","rel":"","context":"In &quot;Blogu i Udh\u00ebtarit&quot;","block_context":{"text":"Blogu i Udh\u00ebtarit","link":"https:\/\/www.shqiperia.com\/blog\/category\/blogu-i-udhetarit\/"},"img":{"alt_text":"","src":"https:\/\/i0.wp.com\/www.shqiperia.com\/blog\/wp-content\/uploads\/2024\/02\/800-0-65d4aa38d74d4-1.jpg?fit=800%2C489&ssl=1&resize=350%2C200","width":350,"height":200,"srcset":"https:\/\/i0.wp.com\/www.shqiperia.com\/blog\/wp-content\/uploads\/2024\/02\/800-0-65d4aa38d74d4-1.jpg?fit=800%2C489&ssl=1&resize=350%2C200 1x, https:\/\/i0.wp.com\/www.shqiperia.com\/blog\/wp-content\/uploads\/2024\/02\/800-0-65d4aa38d74d4-1.jpg?fit=800%2C489&ssl=1&resize=525%2C300 1.5x, https:\/\/i0.wp.com\/www.shqiperia.com\/blog\/wp-content\/uploads\/2024\/02\/800-0-65d4aa38d74d4-1.jpg?fit=800%2C489&ssl=1&resize=700%2C400 2x"},"classes":[]},{"id":34742,"url":"https:\/\/www.shqiperia.com\/blog\/sander-lleshaj-mbledhje-urgjente-me-drejtues-te-policise-se-tiranes-dhe-antiterrorit-merret-vendimi-i-rendesishem-per-protesten-e-pasdites-se-sotshme\/","url_meta":{"origin":96877,"position":3},"title":"Sand\u00ebr Lleshaj mbledhje urgjente me drejtues t\u00eb Policis\u00eb s\u00eb Tiran\u00ebs dhe Antiterrorit, merret vendimi i r\u00ebnd\u00ebsish\u00ebm p\u00ebr protest\u00ebn e pasdites s\u00eb sotshme","author":"Kurt Farka","date":"May 18, 2020","format":false,"excerpt":"Sand\u00ebr Lleshaj mbledhje urgjente me drejtues t\u00eb Policis\u00eb s\u00eb Tiran\u00ebs dhe Antiterrorit, merret vendimi i r\u00ebnd\u00ebsish\u00ebm p\u00ebr protest\u00ebn e pasdites s\u00eb sotshme 18 MAJ 2020 Pak \u00e7aste m\u00eb par\u00eb drejtues t\u00eb Policis\u00eb s\u00eb Tiran\u00ebs dhe Departamentit t\u00eb Antiterrorit p\u00ebrfunduan nj\u00eb mbledhje n\u00eb Ministrin\u00eb e Brendshme p\u00ebr sa i p\u00ebrket menaxhimit\u2026","rel":"","context":"In &quot;Njoftime Shtypi&quot;","block_context":{"text":"Njoftime Shtypi","link":"https:\/\/www.shqiperia.com\/blog\/category\/njoftime-shtypi\/"},"img":{"alt_text":"","src":"https:\/\/i0.wp.com\/www.shqiperia.com\/blog\/wp-content\/uploads\/2020\/05\/unnamed.jpg?fit=512%2C341&ssl=1&resize=350%2C200","width":350,"height":200},"classes":[]},{"id":96982,"url":"https:\/\/www.shqiperia.com\/blog\/fotoreporteri-rrefen-sulmin-gjate-protestes-bilani-rashe-pertoke-me-sulmoi-nje-person-me-uniforme-policie\/","url_meta":{"origin":96877,"position":4},"title":"Fotoreporteri rr\u00ebfen sulmin gjat\u00eb protest\u00ebs. Bilani: &#8211; Rash\u00eb p\u00ebrtok\u00eb, m\u00eb sulmoi nj\u00eb person me uniform\u00eb policie","author":"Kurt Farka","date":"January 26, 2026","format":false,"excerpt":"26 Janar 2026 Fotoreporteri Felix Bilani ka rr\u00ebfyer n\u00eb nj\u00eb emision televiziv momentet q\u00eb p\u00ebrjetoi gjat\u00eb protest\u00ebs komb\u00ebtare t\u00eb opozit\u00ebs, ku sipas tij u sulmua me sprej piperi direkt n\u00eb fytyr\u00eb, duke humbur p\u00ebr disa sekonda orientimin dhe duke r\u00ebn\u00eb p\u00ebrtok\u00eb. Bilani u shpreh se nj\u00eb ngjarje e till\u00eb \u00ebsht\u00eb\u2026","rel":"","context":"In &quot;Blogu i Udh\u00ebtarit&quot;","block_context":{"text":"Blogu i Udh\u00ebtarit","link":"https:\/\/www.shqiperia.com\/blog\/category\/blogu-i-udhetarit\/"},"img":{"alt_text":"","src":"https:\/\/i0.wp.com\/www.shqiperia.com\/blog\/wp-content\/uploads\/2026\/01\/Capture-868-300x211.jpg?resize=350%2C200&ssl=1","width":350,"height":200,"srcset":"https:\/\/i0.wp.com\/www.shqiperia.com\/blog\/wp-content\/uploads\/2026\/01\/Capture-868-300x211.jpg?resize=350%2C200&ssl=1 1x, https:\/\/i0.wp.com\/www.shqiperia.com\/blog\/wp-content\/uploads\/2026\/01\/Capture-868-300x211.jpg?resize=525%2C300&ssl=1 1.5x"},"classes":[]},{"id":96887,"url":"https:\/\/www.shqiperia.com\/blog\/tensione-pas-protestes-se-opozites-policia-prane-selise-se-pd-se-deputetet-i-dalin-perpara\/","url_meta":{"origin":96877,"position":5},"title":"Tensione pas protest\u00ebs s\u00eb opozit\u00ebs, policia pran\u00eb selis\u00eb s\u00eb PD-s\u00eb! Deputet\u00ebt i dalin p\u00ebrpara","author":"Kurt Farka","date":"January 24, 2026","format":false,"excerpt":"24 Janar 2026 Pas protest\u00ebs s\u00eb opozit\u00ebs t\u00eb zhvilluar k\u00ebt\u00eb t\u00eb shtun\u00eb n\u00eb kryeqytet, e cila u shoq\u00ebrua me tensione pran\u00eb Kryeministris\u00eb dhe Kuvendit, situata mbetet e acaruar. Gjat\u00eb p\u00ebrplasjeve jan\u00eb raportuar polic\u00eb t\u00eb l\u00ebnduar, si edhe protestues dhe gazetar\u00eb. Burime b\u00ebjn\u00eb me dije se efektiv\u00eb t\u00eb policis\u00eb ndodhen jasht\u00eb\u2026","rel":"","context":"In &quot;Blogu i Udh\u00ebtarit&quot;","block_context":{"text":"Blogu i Udh\u00ebtarit","link":"https:\/\/www.shqiperia.com\/blog\/category\/blogu-i-udhetarit\/"},"img":{"alt_text":"","src":"https:\/\/i0.wp.com\/www.shqiperia.com\/blog\/wp-content\/uploads\/2026\/01\/BeFunky-collage-20-2048x1529-1-1140x570-1.jpg?fit=1140%2C570&ssl=1&resize=350%2C200","width":350,"height":200,"srcset":"https:\/\/i0.wp.com\/www.shqiperia.com\/blog\/wp-content\/uploads\/2026\/01\/BeFunky-collage-20-2048x1529-1-1140x570-1.jpg?fit=1140%2C570&ssl=1&resize=350%2C200 1x, https:\/\/i0.wp.com\/www.shqiperia.com\/blog\/wp-content\/uploads\/2026\/01\/BeFunky-collage-20-2048x1529-1-1140x570-1.jpg?fit=1140%2C570&ssl=1&resize=525%2C300 1.5x, https:\/\/i0.wp.com\/www.shqiperia.com\/blog\/wp-content\/uploads\/2026\/01\/BeFunky-collage-20-2048x1529-1-1140x570-1.jpg?fit=1140%2C570&ssl=1&resize=700%2C400 2x, https:\/\/i0.wp.com\/www.shqiperia.com\/blog\/wp-content\/uploads\/2026\/01\/BeFunky-collage-20-2048x1529-1-1140x570-1.jpg?fit=1140%2C570&ssl=1&resize=1050%2C600 3x"},"classes":[]}],"_links":{"self":[{"href":"https:\/\/www.shqiperia.com\/blog\/wp-json\/wp\/v2\/posts\/96877","targetHints":{"allow":["GET"]}}],"collection":[{"href":"https:\/\/www.shqiperia.com\/blog\/wp-json\/wp\/v2\/posts"}],"about":[{"href":"https:\/\/www.shqiperia.com\/blog\/wp-json\/wp\/v2\/types\/post"}],"author":[{"embeddable":true,"href":"https:\/\/www.shqiperia.com\/blog\/wp-json\/wp\/v2\/users\/9"}],"replies":[{"embeddable":true,"href":"https:\/\/www.shqiperia.com\/blog\/wp-json\/wp\/v2\/comments?post=96877"}],"version-history":[{"count":2,"href":"https:\/\/www.shqiperia.com\/blog\/wp-json\/wp\/v2\/posts\/96877\/revisions"}],"predecessor-version":[{"id":96927,"href":"https:\/\/www.shqiperia.com\/blog\/wp-json\/wp\/v2\/posts\/96877\/revisions\/96927"}],"wp:featuredmedia":[{"embeddable":true,"href":"https:\/\/www.shqiperia.com\/blog\/wp-json\/wp\/v2\/media\/96878"}],"wp:attachment":[{"href":"https:\/\/www.shqiperia.com\/blog\/wp-json\/wp\/v2\/media?parent=96877"}],"wp:term":[{"taxonomy":"category","embeddable":true,"href":"https:\/\/www.shqiperia.com\/blog\/wp-json\/wp\/v2\/categories?post=96877"},{"taxonomy":"post_tag","embeddable":true,"href":"https:\/\/www.shqiperia.com\/blog\/wp-json\/wp\/v2\/tags?post=96877"}],"curies":[{"name":"wp","href":"https:\/\/api.w.org\/{rel}","templated":true}]}}