{"id":96874,"date":"2026-01-24T17:30:35","date_gmt":"2026-01-24T17:30:35","guid":{"rendered":"https:\/\/www.shqiperia.com\/blog\/?p=96874"},"modified":"2026-01-25T14:54:27","modified_gmt":"2026-01-25T14:54:27","slug":"pavaresisht-tensioneve-me-berishen-dhe-noken-ervin-salianji-i-bashkohet-protestes-se-pd-se","status":"publish","type":"post","link":"https:\/\/www.shqiperia.com\/blog\/pavaresisht-tensioneve-me-berishen-dhe-noken-ervin-salianji-i-bashkohet-protestes-se-pd-se\/","title":{"rendered":"Pavar\u00ebsisht tensioneve me Berish\u00ebn dhe Nok\u00ebn\/ Ervin Salianji i bashkohet protest\u00ebs s\u00eb PD-s\u00eb"},"content":{"rendered":"<p><img data-recalc-dims=\"1\" loading=\"lazy\" decoding=\"async\" data-attachment-id=\"96875\" data-permalink=\"https:\/\/www.shqiperia.com\/blog\/pavaresisht-tensioneve-me-berishen-dhe-noken-ervin-salianji-i-bashkohet-protestes-se-pd-se\/600-388-capturepng-1769273902\/\" data-orig-file=\"https:\/\/i0.wp.com\/www.shqiperia.com\/blog\/wp-content\/uploads\/2026\/01\/600-388-capturepng-1769273902.png?fit=600%2C388&amp;ssl=1\" data-orig-size=\"600,388\" data-comments-opened=\"1\" data-image-meta=\"{&quot;aperture&quot;:&quot;0&quot;,&quot;credit&quot;:&quot;&quot;,&quot;camera&quot;:&quot;&quot;,&quot;caption&quot;:&quot;&quot;,&quot;created_timestamp&quot;:&quot;0&quot;,&quot;copyright&quot;:&quot;&quot;,&quot;focal_length&quot;:&quot;0&quot;,&quot;iso&quot;:&quot;0&quot;,&quot;shutter_speed&quot;:&quot;0&quot;,&quot;title&quot;:&quot;&quot;,&quot;orientation&quot;:&quot;0&quot;}\" data-image-title=\"-600-388-capturepng-1769273902\" data-image-description=\"\" data-image-caption=\"\" data-medium-file=\"https:\/\/i0.wp.com\/www.shqiperia.com\/blog\/wp-content\/uploads\/2026\/01\/600-388-capturepng-1769273902.png?fit=300%2C194&amp;ssl=1\" data-large-file=\"https:\/\/i0.wp.com\/www.shqiperia.com\/blog\/wp-content\/uploads\/2026\/01\/600-388-capturepng-1769273902.png?fit=600%2C388&amp;ssl=1\" class=\"alignnone wp-image-96875\" alt=\"\" src=\"https:\/\/i0.wp.com\/www.shqiperia.com\/blog\/wp-content\/uploads\/2026\/01\/600-388-capturepng-1769273902.png?resize=753%2C487&#038;ssl=1\" width=\"753\" height=\"487\" srcset=\"https:\/\/i0.wp.com\/www.shqiperia.com\/blog\/wp-content\/uploads\/2026\/01\/600-388-capturepng-1769273902.png?resize=300%2C194&amp;ssl=1 300w, https:\/\/i0.wp.com\/www.shqiperia.com\/blog\/wp-content\/uploads\/2026\/01\/600-388-capturepng-1769273902.png?resize=450%2C291&amp;ssl=1 450w, https:\/\/i0.wp.com\/www.shqiperia.com\/blog\/wp-content\/uploads\/2026\/01\/600-388-capturepng-1769273902.png?resize=400%2C259&amp;ssl=1 400w, https:\/\/i0.wp.com\/www.shqiperia.com\/blog\/wp-content\/uploads\/2026\/01\/600-388-capturepng-1769273902.png?w=600&amp;ssl=1 600w\" sizes=\"auto, (max-width: 753px) 100vw, 753px\" \/><\/p>\n<p>24 Janar 2025<\/p>\n<p>Ish-deputeti i Partis\u00eb Demokratike, Ervin Salianji ka mb\u00ebrritur n\u00eb protest\u00ebn e opozit\u00ebs para kryeministris\u00eb.<\/p>\n<p>Demokrati \u00ebsht\u00eb i shoq\u00ebruar nga disa mb\u00ebshtet\u00ebs t\u00eb tij. Pran\u00eb Salianjit q\u00ebndrojn\u00eb Valbona M\u00ebhilli, Ilir Vrenozi, por edhe persona t\u00eb tjer\u00eb q\u00eb mb\u00ebshtesin kauz\u00ebn e tij.<\/p>\n<p>Kujtojm\u00eb se prej disa muajsh mes Ervin Salianjit dhe Sali Berish\u00ebs ka nj\u00eb krisje t\u00eb marr\u00ebdh\u00ebnieve t\u00eb tyre.<\/p>\n<p>Salianji organizon her\u00eb pas here takime me demokrat\u00ebt, ku kritikon lidershipin e PD. Kreu i PD, Sali Berisha thot\u00eb se Salianji \u00ebsht\u00eb vet\u00ebp\u00ebrjashtuar nga partia.<\/p>\n","protected":false},"excerpt":{"rendered":"<p>24 Janar 2025 Ish-deputeti i Partis\u00eb Demokratike, Ervin Salianji ka mb\u00ebrritur n\u00eb protest\u00ebn e opozit\u00ebs para kryeministris\u00eb. Demokrati \u00ebsht\u00eb i shoq\u00ebruar nga disa mb\u00ebshtet\u00ebs t\u00eb tij. Pran\u00eb Salianjit q\u00ebndrojn\u00eb Valbona M\u00ebhilli, Ilir Vrenozi, por edhe persona t\u00eb tjer\u00eb q\u00eb mb\u00ebshtesin kauz\u00ebn e tij. Kujtojm\u00eb se prej disa muajsh mes Ervin Salianjit dhe Sali Berish\u00ebs ka [&hellip;]<\/p>\n","protected":false},"author":9,"featured_media":96875,"comment_status":"open","ping_status":"open","sticky":false,"template":"","format":"standard","meta":{"jetpack_post_was_ever_published":false,"_jetpack_newsletter_access":"","_jetpack_dont_email_post_to_subs":false,"_jetpack_newsletter_tier_id":0,"_jetpack_memberships_contains_paywalled_content":false,"_jetpack_memberships_contains_paid_content":false,"footnotes":"","jetpack_publicize_message":"","jetpack_publicize_feature_enabled":true,"jetpack_social_post_already_shared":true,"jetpack_social_options":{"image_generator_settings":{"template":"highway","default_image_id":0,"font":"","enabled":false},"version":2}},"categories":[27,1,2],"tags":[],"class_list":["post-96874","post","type-post","status-publish","format-standard","has-post-thumbnail","hentry","category-blogu-i-udhetarit","category-njoftime-shtypi","category-politika"],"jetpack_publicize_connections":[],"jetpack_featured_media_url":"https:\/\/i0.wp.com\/www.shqiperia.com\/blog\/wp-content\/uploads\/2026\/01\/600-388-capturepng-1769273902.png?fit=600%2C388&ssl=1","jetpack_sharing_enabled":true,"jetpack_shortlink":"https:\/\/wp.me\/p5Z6wp-pcu","jetpack-related-posts":[{"id":98218,"url":"https:\/\/www.shqiperia.com\/blog\/shqiptaret-kerkojne-doreheqjen-e-rames-ervin-salianji-lereni-ramen-te-dorehiqet-berisha\/","url_meta":{"origin":96874,"position":0},"title":"Shqiptaret kerkojne doreheqjen e Rames. Ervin Salianji &#8211; Lereni Ramen, te dorehiqet Berisha.","author":"Kurt Farka","date":"March 8, 2026","format":false,"excerpt":"8 Mars 2026 Ervin Salianji ka zhvilluar k\u00ebt\u00eb t\u00eb diel nj\u00eb takim me demokrat\u00ebt n\u00eb Vlor\u00eb, teksa ka komentuar zhvillimet m\u00eb t\u00eb fundit politike n\u00eb vend. Sipas Salianjit, shteti ka degraduar dhe Shqip\u00ebria ndodhet n\u00eb situat\u00eb alarmante. Ai u shpreh kritik edhe ndaj opozit\u00ebs dhe Sali Berish\u00ebs, teksa ka deklaruar\u2026","rel":"","context":"In &quot;Press Releases&quot;","block_context":{"text":"Press Releases","link":"https:\/\/www.shqiperia.com\/blog\/category\/press-releases\/"},"img":{"alt_text":"","src":"https:\/\/i0.wp.com\/www.shqiperia.com\/blog\/wp-content\/uploads\/2026\/03\/salianji-1.jpg?fit=1200%2C720&ssl=1&resize=350%2C200","width":350,"height":200,"srcset":"https:\/\/i0.wp.com\/www.shqiperia.com\/blog\/wp-content\/uploads\/2026\/03\/salianji-1.jpg?fit=1200%2C720&ssl=1&resize=350%2C200 1x, https:\/\/i0.wp.com\/www.shqiperia.com\/blog\/wp-content\/uploads\/2026\/03\/salianji-1.jpg?fit=1200%2C720&ssl=1&resize=525%2C300 1.5x, https:\/\/i0.wp.com\/www.shqiperia.com\/blog\/wp-content\/uploads\/2026\/03\/salianji-1.jpg?fit=1200%2C720&ssl=1&resize=700%2C400 2x, https:\/\/i0.wp.com\/www.shqiperia.com\/blog\/wp-content\/uploads\/2026\/03\/salianji-1.jpg?fit=1200%2C720&ssl=1&resize=1050%2C600 3x"},"classes":[]},{"id":85124,"url":"https:\/\/www.shqiperia.com\/blog\/ervin-salianji-eshte-arrestuar-pa-vendim-te-lirohet-menjehere\/","url_meta":{"origin":96874,"position":1},"title":"Ervin Salianji esht\u00eb arrestuar pa vendim: &#8211; T\u00eb lirohet menj\u00ebher\u00eb","author":"Kurt Farka","date":"September 28, 2024","format":false,"excerpt":"28 Shtator 2024 Juristja Adriana Kalaja, me an\u00eb t\u00eb nj\u00eb reagimi n\u00eb Facebook, duke komentuar vendimin e shp\u00ebrndar\u00eb n\u00eb media p\u00ebr \u00e7\u00ebshtjen e Ervin Salianjit, shkruan se ky i fundit duhet t\u00eb lirohet menj\u00ebher\u00eb. Sipas Kalas\u00eb, vendimi i shp\u00ebrndar\u00eb nga Apeli flet vet\u00ebm p\u00ebr t\u00eb pandehurin, Artur Alizoti dhe jo\u2026","rel":"","context":"In &quot;Blogu i Udh\u00ebtarit&quot;","block_context":{"text":"Blogu i Udh\u00ebtarit","link":"https:\/\/www.shqiperia.com\/blog\/category\/blogu-i-udhetarit\/"},"img":{"alt_text":"","src":"https:\/\/i0.wp.com\/www.shqiperia.com\/blog\/wp-content\/uploads\/2024\/09\/640-0-176cd65d662473c42711c4151ecb25c9.jpeg?fit=640%2C427&ssl=1&resize=350%2C200","width":350,"height":200,"srcset":"https:\/\/i0.wp.com\/www.shqiperia.com\/blog\/wp-content\/uploads\/2024\/09\/640-0-176cd65d662473c42711c4151ecb25c9.jpeg?fit=640%2C427&ssl=1&resize=350%2C200 1x, https:\/\/i0.wp.com\/www.shqiperia.com\/blog\/wp-content\/uploads\/2024\/09\/640-0-176cd65d662473c42711c4151ecb25c9.jpeg?fit=640%2C427&ssl=1&resize=525%2C300 1.5x"},"classes":[]},{"id":51281,"url":"https:\/\/www.shqiperia.com\/blog\/debati-ti-ke-inat-me-bashen-se-te-mundi-ne-gare-salianji-replikon-me-shehajn-reagon-topalli-do-ti-tregoje-luli-dhe-bardhi-pd-ne-berishes-nuk-ruhet-karrigia-me\/","url_meta":{"origin":96874,"position":2},"title":"DEBATI: \u00a0\u201cTi ke inat me Bash\u00ebn se t\u00eb mundi n\u00eb gar\u00eb!\u201d- Salianji replikon me Shehajn, reagon Topalli: Do t\u2019i tregoj\u00eb Luli dhe Bardhi PD-n\u00eb Berish\u00ebs! Nuk ruhet karrigia me\u2026","author":"Kurt Farka","date":"November 11, 2021","format":false,"excerpt":"DEBATI: \u00a0\u201cTi ke inat me Bash\u00ebn se t\u00eb mundi n\u00eb gar\u00eb!\u201d- Salianji replikon me Shehajn, reagon Topalli: Do t\u2019i tregoj\u00eb Luli dhe Bardhi PD-n\u00eb Berish\u00ebs! Nuk ruhet karrigia me\u2026 11 Nentor \u00a02021 N\u00ebnkryetari i Grupit Parlamentar t\u00eb PD-s\u00eb Ervin Salianji debatoi me deputetin Agron Shehaj, dhe ish-kryetaren e Partis\u00eb \u201cL\u00ebvizja\u2026","rel":"","context":"In &quot;Blogu i Udh\u00ebtarit&quot;","block_context":{"text":"Blogu i Udh\u00ebtarit","link":"https:\/\/www.shqiperia.com\/blog\/category\/blogu-i-udhetarit\/"},"img":{"alt_text":"","src":"https:\/\/i0.wp.com\/www.shqiperia.com\/blog\/wp-content\/uploads\/2021\/11\/800-480-618d8c67409a0.jpg?fit=536%2C345&ssl=1&resize=350%2C200","width":350,"height":200,"srcset":"https:\/\/i0.wp.com\/www.shqiperia.com\/blog\/wp-content\/uploads\/2021\/11\/800-480-618d8c67409a0.jpg?fit=536%2C345&ssl=1&resize=350%2C200 1x, https:\/\/i0.wp.com\/www.shqiperia.com\/blog\/wp-content\/uploads\/2021\/11\/800-480-618d8c67409a0.jpg?fit=536%2C345&ssl=1&resize=525%2C300 1.5x"},"classes":[]},{"id":85099,"url":"https:\/\/www.shqiperia.com\/blog\/denimi-dhe-burgosjen-e-ervin-salianjit-jam-i-tronditur-nga-vendimi-edhe-miqte-e-mi-socialiste-jane-befasuar\/","url_meta":{"origin":96874,"position":3},"title":"D\u00ebnimi dhe burgosjen e Ervin Salianjit: &#8211; Jam i tronditur nga vendimi, edhe miqt\u00eb e mi socialist\u00eb jan\u00eb befasuar","author":"Kurt Farka","date":"September 28, 2024","format":false,"excerpt":"28 Shtator 2024 N\u00ebnkryetari i Partis\u00eb Demokratike, Agrin Gjekmarkaj, ka komentuar s\u00ebrish d\u00ebnimin dhe burgosjen e Ervin Salianjit, p\u00ebr kall\u00ebzim t\u00eb rrem\u00eb, lidhur me dosjen \u2018Babale\u2019. I ftuar n\u00eb studion e emisionit \u2018Kjo Jav\u00eb\u2019 n\u00eb News24, Gjekamarkaj tha se ishte i tronditur nga vendimi, teksa theksoi se priste q\u00eb Salianji\u2026","rel":"","context":"In &quot;Blogu i Udh\u00ebtarit&quot;","block_context":{"text":"Blogu i Udh\u00ebtarit","link":"https:\/\/www.shqiperia.com\/blog\/category\/blogu-i-udhetarit\/"},"img":{"alt_text":"","src":"https:\/\/i0.wp.com\/www.shqiperia.com\/blog\/wp-content\/uploads\/2024\/09\/gjekmarkaj2.jpg?fit=896%2C540&ssl=1&resize=350%2C200","width":350,"height":200,"srcset":"https:\/\/i0.wp.com\/www.shqiperia.com\/blog\/wp-content\/uploads\/2024\/09\/gjekmarkaj2.jpg?fit=896%2C540&ssl=1&resize=350%2C200 1x, https:\/\/i0.wp.com\/www.shqiperia.com\/blog\/wp-content\/uploads\/2024\/09\/gjekmarkaj2.jpg?fit=896%2C540&ssl=1&resize=525%2C300 1.5x, https:\/\/i0.wp.com\/www.shqiperia.com\/blog\/wp-content\/uploads\/2024\/09\/gjekmarkaj2.jpg?fit=896%2C540&ssl=1&resize=700%2C400 2x"},"classes":[]},{"id":29456,"url":"https:\/\/www.shqiperia.com\/blog\/gjykata-jep-vendimet-per-ceshtjen-babale-ja-me-sa-vite-burg-denohet-ervin-salianji-dhe-3-te-akuzuarit-e-tjere\/","url_meta":{"origin":96874,"position":4},"title":"Gjykata jep vendimet p\u00ebr \u00e7\u00ebshtjen \u2018Babale\u2019, ja me sa vite burg d\u00ebnohet Ervin Salianji dhe 3 t\u00eb akuzuarit e tjer\u00eb. &#8211;","author":"Kurt Farka","date":"December 18, 2019","format":false,"excerpt":"Gjykata jep vendimet p\u00ebr \u00e7\u00ebshtjen \u2018Babale\u2019, ja me sa vite burg d\u00ebnohet Ervin Salianji dhe 3 t\u00eb akuzuarit e tjer\u00eb 18 dhjetor 2019 Gjykata vendosi sot t\u00eb shpall\u00eb fajtor Albert Veliun i njohur edhe me nofken Babale dhe shpalli d\u00ebnimin e tij me 3.5 vite burg. Gjykata vendosi gjithashtu deklarimin\u2026","rel":"","context":"In &quot;Njoftime Shtypi&quot;","block_context":{"text":"Njoftime Shtypi","link":"https:\/\/www.shqiperia.com\/blog\/category\/njoftime-shtypi\/"},"img":{"alt_text":"","src":"https:\/\/i0.wp.com\/www.shqiperia.com\/blog\/wp-content\/uploads\/2019\/12\/Salianji-1.jpg?fit=1135%2C642&ssl=1&resize=350%2C200","width":350,"height":200,"srcset":"https:\/\/i0.wp.com\/www.shqiperia.com\/blog\/wp-content\/uploads\/2019\/12\/Salianji-1.jpg?fit=1135%2C642&ssl=1&resize=350%2C200 1x, https:\/\/i0.wp.com\/www.shqiperia.com\/blog\/wp-content\/uploads\/2019\/12\/Salianji-1.jpg?fit=1135%2C642&ssl=1&resize=525%2C300 1.5x, https:\/\/i0.wp.com\/www.shqiperia.com\/blog\/wp-content\/uploads\/2019\/12\/Salianji-1.jpg?fit=1135%2C642&ssl=1&resize=700%2C400 2x, https:\/\/i0.wp.com\/www.shqiperia.com\/blog\/wp-content\/uploads\/2019\/12\/Salianji-1.jpg?fit=1135%2C642&ssl=1&resize=1050%2C600 3x"},"classes":[]},{"id":85067,"url":"https:\/\/www.shqiperia.com\/blog\/denimi-i-salianjit-kryesia-e-pd-merr-vendimin-e-prere-per-nisjen-e-protestave\/","url_meta":{"origin":96874,"position":5},"title":"D\u00ebnimi i Salianjit\u2019, &#8211; Kryesia e PD merr vendimin e prer\u00eb p\u00ebr nisjen e protestave","author":"Kurt Farka","date":"September 26, 2024","format":false,"excerpt":"26 Shtator 2024 Kryesia e Partis\u00eb Demokratike ka vendosur n\u00eb p\u00ebrfundim t\u00eb mbledhjes s\u00eb zhvilluar mbr\u00ebmjen e sotme se do t\u00eb zhvilloj\u00eb nj\u00eb protest\u00eb m\u00eb dat\u00ebn 6 tetor. Ky vendim i demokrat\u00ebve vjen pas diskutimeve t\u00eb p\u00ebr t\u00eb p\u00ebrshkall\u00ebzuar aksionin e tyre opozitar, teksa dit\u00ebn e sotme Gjykata e Apelit\u2026","rel":"","context":"In &quot;Blogu i Udh\u00ebtarit&quot;","block_context":{"text":"Blogu i Udh\u00ebtarit","link":"https:\/\/www.shqiperia.com\/blog\/category\/blogu-i-udhetarit\/"},"img":{"alt_text":"","src":"https:\/\/i0.wp.com\/www.shqiperia.com\/blog\/wp-content\/uploads\/2024\/09\/rthrhrthrth.jpg?fit=738%2C491&ssl=1&resize=350%2C200","width":350,"height":200,"srcset":"https:\/\/i0.wp.com\/www.shqiperia.com\/blog\/wp-content\/uploads\/2024\/09\/rthrhrthrth.jpg?fit=738%2C491&ssl=1&resize=350%2C200 1x, https:\/\/i0.wp.com\/www.shqiperia.com\/blog\/wp-content\/uploads\/2024\/09\/rthrhrthrth.jpg?fit=738%2C491&ssl=1&resize=525%2C300 1.5x, https:\/\/i0.wp.com\/www.shqiperia.com\/blog\/wp-content\/uploads\/2024\/09\/rthrhrthrth.jpg?fit=738%2C491&ssl=1&resize=700%2C400 2x"},"classes":[]}],"_links":{"self":[{"href":"https:\/\/www.shqiperia.com\/blog\/wp-json\/wp\/v2\/posts\/96874","targetHints":{"allow":["GET"]}}],"collection":[{"href":"https:\/\/www.shqiperia.com\/blog\/wp-json\/wp\/v2\/posts"}],"about":[{"href":"https:\/\/www.shqiperia.com\/blog\/wp-json\/wp\/v2\/types\/post"}],"author":[{"embeddable":true,"href":"https:\/\/www.shqiperia.com\/blog\/wp-json\/wp\/v2\/users\/9"}],"replies":[{"embeddable":true,"href":"https:\/\/www.shqiperia.com\/blog\/wp-json\/wp\/v2\/comments?post=96874"}],"version-history":[{"count":2,"href":"https:\/\/www.shqiperia.com\/blog\/wp-json\/wp\/v2\/posts\/96874\/revisions"}],"predecessor-version":[{"id":96928,"href":"https:\/\/www.shqiperia.com\/blog\/wp-json\/wp\/v2\/posts\/96874\/revisions\/96928"}],"wp:featuredmedia":[{"embeddable":true,"href":"https:\/\/www.shqiperia.com\/blog\/wp-json\/wp\/v2\/media\/96875"}],"wp:attachment":[{"href":"https:\/\/www.shqiperia.com\/blog\/wp-json\/wp\/v2\/media?parent=96874"}],"wp:term":[{"taxonomy":"category","embeddable":true,"href":"https:\/\/www.shqiperia.com\/blog\/wp-json\/wp\/v2\/categories?post=96874"},{"taxonomy":"post_tag","embeddable":true,"href":"https:\/\/www.shqiperia.com\/blog\/wp-json\/wp\/v2\/tags?post=96874"}],"curies":[{"name":"wp","href":"https:\/\/api.w.org\/{rel}","templated":true}]}}