{"id":96870,"date":"2026-01-24T17:26:56","date_gmt":"2026-01-24T17:26:56","guid":{"rendered":"https:\/\/www.shqiperia.com\/blog\/?p=96870"},"modified":"2026-01-24T17:27:39","modified_gmt":"2026-01-24T17:27:39","slug":"vjosa-osmani-zbardh-arsyen-pse-e-perzune-edi-ramen-nga-nenshkrimi-i-bordit-te-paqes-ne-davos-prapaskenat","status":"publish","type":"post","link":"https:\/\/www.shqiperia.com\/blog\/vjosa-osmani-zbardh-arsyen-pse-e-perzune-edi-ramen-nga-nenshkrimi-i-bordit-te-paqes-ne-davos-prapaskenat\/","title":{"rendered":"Vjosa Osmani zbardh arsyen pse e p\u00ebrzun\u00eb Edi Ram\u00ebn nga n\u00ebnshkrimi i Bordit t\u00eb Paqes n\u00eb Davos, prapaskenat\u2026"},"content":{"rendered":"<p><img data-recalc-dims=\"1\" loading=\"lazy\" decoding=\"async\" data-attachment-id=\"96871\" data-permalink=\"https:\/\/www.shqiperia.com\/blog\/vjosa-osmani-zbardh-arsyen-pse-e-perzune-edi-ramen-nga-nenshkrimi-i-bordit-te-paqes-ne-davos-prapaskenat\/politike-kryesore-2\/\" data-orig-file=\"https:\/\/i0.wp.com\/www.shqiperia.com\/blog\/wp-content\/uploads\/2026\/01\/politike-kryesore-2.jpg?fit=560%2C349&amp;ssl=1\" data-orig-size=\"560,349\" data-comments-opened=\"1\" data-image-meta=\"{&quot;aperture&quot;:&quot;0&quot;,&quot;credit&quot;:&quot;&quot;,&quot;camera&quot;:&quot;&quot;,&quot;caption&quot;:&quot;&quot;,&quot;created_timestamp&quot;:&quot;0&quot;,&quot;copyright&quot;:&quot;&quot;,&quot;focal_length&quot;:&quot;0&quot;,&quot;iso&quot;:&quot;0&quot;,&quot;shutter_speed&quot;:&quot;0&quot;,&quot;title&quot;:&quot;&quot;,&quot;orientation&quot;:&quot;0&quot;}\" data-image-title=\"politike-kryesore-2\" data-image-description=\"\" data-image-caption=\"\" data-medium-file=\"https:\/\/i0.wp.com\/www.shqiperia.com\/blog\/wp-content\/uploads\/2026\/01\/politike-kryesore-2.jpg?fit=300%2C187&amp;ssl=1\" data-large-file=\"https:\/\/i0.wp.com\/www.shqiperia.com\/blog\/wp-content\/uploads\/2026\/01\/politike-kryesore-2.jpg?fit=560%2C349&amp;ssl=1\" class=\"alignnone wp-image-96871\" alt=\"\" src=\"https:\/\/i0.wp.com\/www.shqiperia.com\/blog\/wp-content\/uploads\/2026\/01\/politike-kryesore-2.jpg?resize=740%2C461&#038;ssl=1\" width=\"740\" height=\"461\" srcset=\"https:\/\/i0.wp.com\/www.shqiperia.com\/blog\/wp-content\/uploads\/2026\/01\/politike-kryesore-2.jpg?resize=300%2C187&amp;ssl=1 300w, https:\/\/i0.wp.com\/www.shqiperia.com\/blog\/wp-content\/uploads\/2026\/01\/politike-kryesore-2.jpg?resize=450%2C280&amp;ssl=1 450w, https:\/\/i0.wp.com\/www.shqiperia.com\/blog\/wp-content\/uploads\/2026\/01\/politike-kryesore-2.jpg?resize=400%2C249&amp;ssl=1 400w, https:\/\/i0.wp.com\/www.shqiperia.com\/blog\/wp-content\/uploads\/2026\/01\/politike-kryesore-2.jpg?w=560&amp;ssl=1 560w\" sizes=\"auto, (max-width: 740px) 100vw, 740px\" \/><\/p>\n<p>25 Janar 2026<\/p>\n<p>Ceremonia n\u00eb Davos t\u00eb Zvicr\u00ebs, ku Presidenti i Shteteve t\u00eb Bashkuara, Donald Trump, n\u00ebnshkroi marr\u00ebveshjen p\u00ebr krijimin e Bordit t\u00eb Paqes, shfaqi nj\u00eb kontrast t\u00eb thell\u00eb diplomatik mes Prishtin\u00ebs dhe Tiran\u00ebs. Nd\u00ebrsa Presidentja e Kosov\u00ebs, Vjosa Osmani, u thirr me nj\u00eb ftes\u00eb urgjente dhe personale p\u00ebr t\u00eb qen\u00eb an\u00ebtare themeluese, mungesa e Kryeministrit t\u00eb Shqip\u00ebris\u00eb, Edi Rama, ka nxjerr\u00eb zbuluar bllokad\u00ebn q\u00eb i ka vendosur nga administrata \u201cTrump\u201d.<\/p>\n<p><strong>Ftesa e minut\u00ebs s\u00eb fundit p\u00ebr Vjosa Osmanin<\/strong><\/p>\n<p>Presidentja Vjosa Osmani ka zbardhur prapaskenat e udh\u00ebtimit t\u00eb saj drejt Davosit, duke konfirmuar se gjith\u00e7ka u vendos n\u00eb harkun e 48 or\u00ebve. Edhe pse nuk e kishte parashikuar pjes\u00ebmarrjen n\u00eb k\u00ebt\u00eb forum, ishte vullneti i drejtp\u00ebrdrejt\u00eb i Sht\u00ebpis\u00eb s\u00eb Bardh\u00eb q\u00eb e b\u00ebri Kosov\u00ebn pjes\u00eb t\u00eb tryez\u00ebs s\u00eb 20 shteteve t\u00eb para n\u00ebnshkruese. Gjat\u00eb nj\u00eb interviste p\u00ebr mediat, Osmani shpjegoi: \u201cNe kemi marr\u00eb ftes\u00ebn me dat\u00ebn 20 janar, por ka qen\u00eb shum\u00eb von\u00eb n\u00eb fakt kur ka arritur ftesa dhe n\u00eb momentin q\u00eb kemi marr\u00eb ftes\u00ebn p\u00ebr t\u2019u b\u00ebr\u00eb an\u00ebtare themeluese e bordit t\u00eb paqes, n\u00eb t\u00eb nj\u00ebjt\u00ebn koh\u00eb kemi marr\u00eb edhe k\u00ebrkes\u00ebn nga ana e Sht\u00ebpis\u00eb s\u00eb Bardh\u00eb q\u00eb t\u00eb jemi prezent n\u00eb Davos me dat\u00ebn 22 janar p\u00ebr n\u00ebnshkrim. Un\u00eb nuk kam qen\u00eb n\u00eb Davos, nuk e kam pasur plan n\u00eb fakt fare t\u00eb udh\u00ebtoj k\u00ebsaj radhe. Megjithat\u00eb pas ftes\u00ebs nga presidenti Trump, natyrisht q\u00eb menj\u00ebher\u00eb kemi udh\u00ebtuar.\u201d Kjo ftes\u00eb dhe insistimi i Uashingtonit p\u00ebr pranin\u00eb e saj kulmoi me nj\u00eb bised\u00eb mes Trump dhe Osmanit p\u00ebrpara n\u00ebnshkrimit, ku u vu re nj\u00eb gjest i lart\u00eb respekti nga ana e presidentit amerikan.<\/p>\n<p><strong>Prapaskenat e vendimit \u201canti-Ram\u00eb\u201d<\/strong><\/p>\n<p>Ndryshe nga suksesi i Kosov\u00ebs, Edi Rama u gjend totalisht i p\u00ebrjashtuar nga ky moment historik. Kryeministri nuk ka marr\u00eb ftes\u00eb t\u00eb ve\u00e7ant\u00eb si Vjosa Osmani nga Sht\u00ebpia e Bardh\u00eb, megjith\u00ebse Rama u p\u00ebrpoq ta arsyetonte munges\u00ebn e tij me nj\u00eb takim \u201cfamiljar\u201d me Ivanka Trump n\u00eb Vlor\u00eb. Burimet tregojn\u00eb nj\u00eb realitet tjet\u00ebr: nj\u00eb bllokad\u00eb t\u00eb prer\u00eb nga ana e administrat\u00ebs Trump. Rama kishte angazhuar nd\u00ebrmjet\u00ebs, politikan\u00eb dhe biznesmen\u00eb prej disa koh\u00ebsh p\u00ebr t\u00eb siguruar qoft\u00eb edhe nj\u00eb foto t\u00eb thjesht\u00eb me Donald Trump ose Sekretarin e Shtetit, Marco Rubio, por d\u00ebshtoi. Pengesa kryesore thuhet se ka qen\u00eb Susan Wiles, shefja e kabinetit t\u00eb Trump, e cila ka vendosur nj\u00eb \u201cvij\u00eb t\u00eb kuqe\u201d p\u00ebr kryeministrin shqiptar. Wiles thuhet se u ka d\u00ebrguar nj\u00eb mesazh t\u00eb prer\u00eb nd\u00ebrmjet\u00ebsve: \u201cAi \u00ebsht\u00eb nj\u00eb bufon i Sorosit. Q\u00ebndroni sa m\u00eb larg t\u00eb jet\u00eb e mundur\u201d. Gjithashtu, gjat\u00eb ceremonis\u00eb, vet\u00eb Trump dha nj\u00eb sinjal t\u00eb fort\u00eb q\u00eb duket se godet drejtp\u00ebrdrejt ata q\u00eb u lan\u00eb jasht\u00eb. Ai u shpreh se n\u00eb grupin e lider\u00ebve q\u00eb kishte ftuar, i p\u00eblqente t\u00eb gjith\u00eb, \u201cp\u00ebrve\u00e7 2-3 q\u00eb nuk i duroj dot\u201d. Edhe pse nuk p\u00ebrmendi emra, fakti q\u00eb Rama dikur entuziast p\u00ebr k\u00ebt\u00eb bord, nuk ishte aty, flet shum\u00eb p\u00ebr marr\u00ebdh\u00ebniet e tij t\u00eb tensionuara me ekipin e ri n\u00eb Sht\u00ebpin\u00eb e Bardh\u00eb.<\/p>\n<p><strong>Izolimi i Ram\u00ebs<\/strong><\/p>\n<p>P\u00ebrjashtimi nga Davosi nuk \u00ebsht\u00eb nj\u00eb incident i izoluar, por pjes\u00eb e nj\u00eb faze t\u00eb err\u00ebt diplomatike p\u00ebr Ram\u00ebn. Kemi nj\u00eb s\u00ebr\u00eb goditjesh q\u00eb ai ka marr\u00eb s\u00eb fundmi nga SHBA. T\u00eb gjith\u00eb zyrtar\u00ebt e lart\u00eb t\u00eb DASH q\u00eb kan\u00eb zbarkuar n\u00eb Shqip\u00ebri k\u00ebto koh\u00eb e kan\u00eb shmangur nga \u00e7do takim. N\u00eb shtatorin e kaluar, Rama nuk u ftua \u00a0as n\u00eb Asamblen\u00eb e OKB-s\u00eb n\u00eb Nju Jork, ku Shqip\u00ebria u p\u00ebrfaq\u00ebsua nga Presidenti Begaj. Gjithashtu, rikthimi i hetimeve p\u00ebr afer\u00ebn \u201cMcGonigal\u201d nga Departamenti i Drejt\u00ebsis\u00eb n\u00ebn administrat\u00ebn republikane e ka vendosur Ram\u00ebn n\u00eb nj\u00eb pozit\u00eb t\u00eb v\u00ebshtir\u00eb. Nga ana tjet\u00ebr Edi Rama p\u00ebr vite me radh\u00eb ka qen\u00eb nj\u00eb nga mb\u00ebshtet\u00ebsit m\u00eb t\u00eb devotsh\u00ebm t\u00eb agjend\u00ebs s\u00eb George Soros n\u00eb Ballkan. Nga reformat institucionale te politika e jashtme, kryeministri shqiptar ka ecur n\u00eb krah t\u00eb miliarderit amerikan dhe fondacioneve t\u00eb tij. Por rikthimi i Donald Trump n\u00eb Sht\u00ebpin\u00eb e Bardh\u00eb e ktheu k\u00ebt\u00eb aleanc\u00eb n\u00eb nj\u00eb barr\u00eb t\u00eb r\u00ebnd\u00eb: Trump e ka shpallur Soros-in dhe rrjetin e tij si \u201carmiq t\u00eb rreziksh\u00ebm t\u00eb interesave t\u00eb Amerik\u00ebs\u201d. Si pasoj\u00eb, \u00e7do lider i lidhur me Soros shihet si i pabesuesh\u00ebm dhe Rama \u00ebsht\u00eb shembulli m\u00eb flagrant. \u00a0Rama \u00ebsht\u00eb futur n\u00eb rrethin e kuq t\u00eb SHBA n\u00eb raport me lidhjet e tij me krimin e organizuar dhe bashk\u00ebpunimin e tij m\u00eb bandat p\u00ebr ti mund\u00ebsuar pastrimin e parave t\u00eb krimit dhe financimin e tregtis\u00eb s\u00eb drog\u00ebs n\u00ebp\u00ebrmjet tender\u00ebve t\u00eb shumt\u00eb.<\/p>\n<p>Deklarata e Trump p\u00ebr t\u00eb konsideruar si terrorist\u00eb trafikant\u00ebt e drog\u00ebs p\u00ebrfshin qartazi kryeministrin shqiptar, i cili i ka mb\u00ebshtetur dhe \u00ebsht\u00eb nj\u00eb nga bashk\u00ebpun\u00ebtor\u00ebt kryesor\u00eb t\u00eb tyre. M\u00eb 20 janar 2025, SHBA nxori Urdhrin Ekzekutiv 14157, q\u00eb krijon mekaniz\u00ebm t\u00eb posa\u00e7\u00ebm p\u00ebr ta etiketuar kartelet si FTO\/SDGT (Organizata t\u00eb Huaja Terroriste\/Sanksione t\u00eb Terrorizmit). E Ngarkuara me Pun\u00eb n\u00eb Ambasad\u00ebn Amerikane, Nancy VanHorn ka l\u00ebshuar prej disa koh\u00ebsh mesazhe t\u00eb nj\u00ebpasnj\u00ebshme p\u00ebr qeverin\u00eb dhe drejt\u00ebsin\u00eb, t\u00eb cilat nuk l\u00ebn\u00eb vend p\u00ebr interpretime: ora e llogaridh\u00ebnies p\u00ebr bandat dhe trafikant\u00ebt ka nisur t\u00eb trokas\u00eb dhe dit\u00ebt e zeza p\u00ebr Edi Ram\u00ebn ende nuk kan\u00eb marr\u00eb fund. Nd\u00ebrsa Vjosa Osmani u largua nga Davosi me nj\u00eb fitore diplomatike p\u00ebr subjektivitetin e Kosov\u00ebs, Edi Rama mbetet n\u00eb Tiran\u00eb, i izoluar nga partneri kryesor strategjik dhe n\u00ebn hijen e llogaridh\u00ebnies p\u00ebrpara drejt\u00ebsis\u00eb amerikane dhe SPAK, drejt\u00ebsi q\u00eb financohet dhe mb\u00ebshtetet fort nga Trump, ku kryeministri ka disa dosje t\u00eb hapura.<\/p>\n<p>Nga: Gazeta Sot<\/p>\n","protected":false},"excerpt":{"rendered":"<p>25 Janar 2026 Ceremonia n\u00eb Davos t\u00eb Zvicr\u00ebs, ku Presidenti i Shteteve t\u00eb Bashkuara, Donald Trump, n\u00ebnshkroi marr\u00ebveshjen p\u00ebr krijimin e Bordit t\u00eb Paqes, shfaqi nj\u00eb kontrast t\u00eb thell\u00eb diplomatik mes Prishtin\u00ebs dhe Tiran\u00ebs. Nd\u00ebrsa Presidentja e Kosov\u00ebs, Vjosa Osmani, u thirr me nj\u00eb ftes\u00eb urgjente dhe personale p\u00ebr t\u00eb qen\u00eb an\u00ebtare themeluese, mungesa e [&hellip;]<\/p>\n","protected":false},"author":9,"featured_media":96871,"comment_status":"open","ping_status":"open","sticky":false,"template":"","format":"standard","meta":{"jetpack_post_was_ever_published":false,"_jetpack_newsletter_access":"","_jetpack_dont_email_post_to_subs":false,"_jetpack_newsletter_tier_id":0,"_jetpack_memberships_contains_paywalled_content":false,"_jetpack_memberships_contains_paid_content":false,"footnotes":"","jetpack_publicize_message":"","jetpack_publicize_feature_enabled":true,"jetpack_social_post_already_shared":true,"jetpack_social_options":{"image_generator_settings":{"template":"highway","default_image_id":0,"font":"","enabled":false},"version":2}},"categories":[27,1,2],"tags":[],"class_list":["post-96870","post","type-post","status-publish","format-standard","has-post-thumbnail","hentry","category-blogu-i-udhetarit","category-njoftime-shtypi","category-politika"],"jetpack_publicize_connections":[],"jetpack_featured_media_url":"https:\/\/i0.wp.com\/www.shqiperia.com\/blog\/wp-content\/uploads\/2026\/01\/politike-kryesore-2.jpg?fit=560%2C349&ssl=1","jetpack_sharing_enabled":true,"jetpack_shortlink":"https:\/\/wp.me\/p5Z6wp-pcq","jetpack-related-posts":[{"id":97908,"url":"https:\/\/www.shqiperia.com\/blog\/cfare-ndodhi-shtepia-e-bardhe-fshin-takimin-rama-trump-ne-bordin-e-paqes\/","url_meta":{"origin":96870,"position":0},"title":"\u00c7far\u00eb ndodhi? Sht\u00ebpia e Bardh\u00eb \u2018fshin\u2019 takimin Rama\u2013Trump n\u00eb Bordin e Paqes","author":"Kurt Farka","date":"February 22, 2026","format":false,"excerpt":"22 Shkurt 2026 Sht\u00ebpia e Bardh\u00eb ka publikuar takimin e plot\u00eb t\u00eb presidentit t\u00eb SHBA-ve, Donald Trump, me lider\u00ebt e vendeve q\u00eb i jan\u00eb bashkuar Bordit t\u00eb Paqes. N\u00eb takim mor\u00ebn pjes\u00eb edhe kryeministri Edi Rama dhe presidentja e Kosov\u00ebs, Vjosa Osmani. N\u00eb p\u00ebrfundim t\u00eb fjalimit t\u00eb mbajtur para Bordit\u2026","rel":"","context":"In &quot;Blogu i Udh\u00ebtarit&quot;","block_context":{"text":"Blogu i Udh\u00ebtarit","link":"https:\/\/www.shqiperia.com\/blog\/category\/blogu-i-udhetarit\/"},"img":{"alt_text":"","src":"https:\/\/i0.wp.com\/www.shqiperia.com\/blog\/wp-content\/uploads\/2026\/02\/auto_-640-0-699abc0a77bc517717526611.jpg?fit=900%2C425&ssl=1&resize=350%2C200","width":350,"height":200,"srcset":"https:\/\/i0.wp.com\/www.shqiperia.com\/blog\/wp-content\/uploads\/2026\/02\/auto_-640-0-699abc0a77bc517717526611.jpg?fit=900%2C425&ssl=1&resize=350%2C200 1x, https:\/\/i0.wp.com\/www.shqiperia.com\/blog\/wp-content\/uploads\/2026\/02\/auto_-640-0-699abc0a77bc517717526611.jpg?fit=900%2C425&ssl=1&resize=525%2C300 1.5x, https:\/\/i0.wp.com\/www.shqiperia.com\/blog\/wp-content\/uploads\/2026\/02\/auto_-640-0-699abc0a77bc517717526611.jpg?fit=900%2C425&ssl=1&resize=700%2C400 2x"},"classes":[]},{"id":96775,"url":"https:\/\/www.shqiperia.com\/blog\/kosova-merr-ftesen-nga-trump-per-ne-bordin-e-paqes-presidentja-osmani-qendrojme-si-aleate-te-palekundur-te-amerikes-per-ta-cuar-paqen-me-tej\/","url_meta":{"origin":96870,"position":1},"title":"Kosova merr ftes\u00ebn nga Trump p\u00ebr n\u00eb Bordin e Paqes, presidentja Osmani: &#8211; Q\u00ebndrojm\u00eb si aleat\u00eb t\u00eb pal\u00ebkundur t\u00eb Amerik\u00ebs p\u00ebr ta \u00e7uar paqen m\u00eb tej","author":"Kurt Farka","date":"January 21, 2026","format":false,"excerpt":"20 Janar 2026 Presidentja e Kosov\u00ebs, Vjosa Osmani, ka publikuar ftes\u00ebn e Presidentit Donald Trump p\u00ebr t\u00eb p\u00ebrfaq\u00ebsuar Republik\u00ebn e Kosov\u00ebs n\u00eb Bordin e Paqes, si nj\u00eb nga an\u00ebtaret themeluese t\u00eb k\u00ebtij trupi, nj\u00ebsoj si Shqip\u00ebria. N\u00eb nj\u00eb postim n\u00eb rrjetet sociale, Presidentja Osmani theksoi r\u00ebnd\u00ebsin\u00eb e k\u00ebsaj ftese dhe\u2026","rel":"","context":"In &quot;Blogu i Udh\u00ebtarit&quot;","block_context":{"text":"Blogu i Udh\u00ebtarit","link":"https:\/\/www.shqiperia.com\/blog\/category\/blogu-i-udhetarit\/"},"img":{"alt_text":"","src":"https:\/\/i0.wp.com\/www.shqiperia.com\/blog\/wp-content\/uploads\/2026\/01\/MixCollage-21-Jan-2026-08-58-AM-616.webp?fit=1200%2C675&ssl=1&resize=350%2C200","width":350,"height":200,"srcset":"https:\/\/i0.wp.com\/www.shqiperia.com\/blog\/wp-content\/uploads\/2026\/01\/MixCollage-21-Jan-2026-08-58-AM-616.webp?fit=1200%2C675&ssl=1&resize=350%2C200 1x, https:\/\/i0.wp.com\/www.shqiperia.com\/blog\/wp-content\/uploads\/2026\/01\/MixCollage-21-Jan-2026-08-58-AM-616.webp?fit=1200%2C675&ssl=1&resize=525%2C300 1.5x, https:\/\/i0.wp.com\/www.shqiperia.com\/blog\/wp-content\/uploads\/2026\/01\/MixCollage-21-Jan-2026-08-58-AM-616.webp?fit=1200%2C675&ssl=1&resize=700%2C400 2x, https:\/\/i0.wp.com\/www.shqiperia.com\/blog\/wp-content\/uploads\/2026\/01\/MixCollage-21-Jan-2026-08-58-AM-616.webp?fit=1200%2C675&ssl=1&resize=1050%2C600 3x"},"classes":[]},{"id":96848,"url":"https:\/\/www.shqiperia.com\/blog\/lista-me-19-shtetet-kush-mori-pjese-ne-ceremonine-e-bordit-te-paqes\/","url_meta":{"origin":96870,"position":2},"title":"LISTA me 19 shtetet, kush mori pjes\u00eb n\u00eb ceremonin\u00eb e Bordit t\u00eb Paqes","author":"Kurt Farka","date":"January 22, 2026","format":false,"excerpt":"22 Janar 2026 ... Ne mbledhje mungan: Kryeministri i Shqip\u00ebris\u00eb, Edi Rama, presidenti i Bjellorusis\u00eb, Aleksand\u00ebr Lukashenko dhe kryetari i Partis\u00eb Komuniste t\u00eb Vietnamit, To Lam. \u00cbsht\u00eb zbardhur lista e plot\u00eb me emrat e 19 shteteve q\u00eb mor\u00ebn pjes\u00eb n\u00eb ceremonin\u00eb n\u00ebnshkruese t\u00eb Bordit t\u00eb Paqes, t\u00eb mbajtur k\u00ebt\u00eb t\u00eb\u2026","rel":"","context":"In &quot;Blogu i Udh\u00ebtarit&quot;","block_context":{"text":"Blogu i Udh\u00ebtarit","link":"https:\/\/www.shqiperia.com\/blog\/category\/blogu-i-udhetarit\/"},"img":{"alt_text":"","src":"https:\/\/i0.wp.com\/www.shqiperia.com\/blog\/wp-content\/uploads\/2026\/01\/640-0-a8e06680276ce43657345c6aca60f5c1.webp?fit=640%2C359&ssl=1&resize=350%2C200","width":350,"height":200,"srcset":"https:\/\/i0.wp.com\/www.shqiperia.com\/blog\/wp-content\/uploads\/2026\/01\/640-0-a8e06680276ce43657345c6aca60f5c1.webp?fit=640%2C359&ssl=1&resize=350%2C200 1x, https:\/\/i0.wp.com\/www.shqiperia.com\/blog\/wp-content\/uploads\/2026\/01\/640-0-a8e06680276ce43657345c6aca60f5c1.webp?fit=640%2C359&ssl=1&resize=525%2C300 1.5x"},"classes":[]},{"id":56416,"url":"https:\/\/www.shqiperia.com\/blog\/presidentja-e-kosoves-kritika-ndaj-edi-rames-nuk-e-di-pse-shqiperia-vazhdon-te-perkrahe-ballkanin-e-hapur-ku-vucici-ka\/","url_meta":{"origin":96870,"position":3},"title":"Presidentja e Kosov\u00ebs kritika ndaj Edi Ram\u00ebs: Nuk e di pse Shqip\u00ebria vazhdon t\u00eb p\u00ebrkrah\u00eb \u201cBallkanin e Hapur\u201d, ku Vu\u00e7i\u00e7i ka\u2026","author":"Kurt Farka","date":"April 6, 2022","format":false,"excerpt":"Presidentja e Kosov\u00ebs kritika ndaj Edi Ram\u00ebs: Nuk e di pse Shqip\u00ebria vazhdon t\u00eb p\u00ebrkrah\u00eb \u201cBallkanin e Hapur\u201d, ku Vu\u00e7i\u00e7i ka\u2026 5 Prill 2022 Presidentja e Kosov\u00ebs, Vjosa Osmani ka kritikuar kryeministrin shqiptar Edi Rama, duke u shpreh se nuk e di pse \u201cShqip\u00ebria vazhdon ta p\u00ebrkrah Ballkanin e Hapur\u201d.\u2026","rel":"","context":"In &quot;Blogu i Udh\u00ebtarit&quot;","block_context":{"text":"Blogu i Udh\u00ebtarit","link":"https:\/\/www.shqiperia.com\/blog\/category\/blogu-i-udhetarit\/"},"img":{"alt_text":"","src":"https:\/\/i0.wp.com\/www.shqiperia.com\/blog\/wp-content\/uploads\/2022\/04\/osmani-edi-rama.png?fit=600%2C335&ssl=1&resize=350%2C200","width":350,"height":200,"srcset":"https:\/\/i0.wp.com\/www.shqiperia.com\/blog\/wp-content\/uploads\/2022\/04\/osmani-edi-rama.png?fit=600%2C335&ssl=1&resize=350%2C200 1x, https:\/\/i0.wp.com\/www.shqiperia.com\/blog\/wp-content\/uploads\/2022\/04\/osmani-edi-rama.png?fit=600%2C335&ssl=1&resize=525%2C300 1.5x"},"classes":[]},{"id":99606,"url":"https:\/\/www.shqiperia.com\/blog\/lidership-i-guximshem-per-kosoven-donald-trump-vlereson-vjosa-osmanin-zbardhet-letra-drejtuar-ish-presidentes\/","url_meta":{"origin":96870,"position":4},"title":"\u201cLidership i guximsh\u00ebm p\u00ebr Kosov\u00ebn\u201d- Donald Trump vler\u00ebson Vjosa Osmanin! Zbardhet letra drejtuar ish-presidentes","author":"Kurt Farka","date":"April 21, 2026","format":false,"excerpt":"21 Prill 2026 Presidenti i Shteteve t\u00eb Bashkuara t\u00eb Amerik\u00ebs, Donald Trump i ka d\u00ebrguar nj\u00eb let\u00ebr ish-Presidentes s\u00eb Kosov\u00ebs, Vjosa Osmani me rastin e p\u00ebrfundimit t\u00eb mandatit t\u00eb saj. N\u00eb letr\u00ebn e d\u00ebrguar nga Sht\u00ebpia e Bardh\u00eb, Trump vler\u00ebson lidershipin e Osmanit, duke e cil\u00ebsuar at\u00eb si t\u00eb guximsh\u00ebm\u2026","rel":"","context":"In &quot;Blogu i Udh\u00ebtarit&quot;","block_context":{"text":"Blogu i Udh\u00ebtarit","link":"https:\/\/www.shqiperia.com\/blog\/category\/blogu-i-udhetarit\/"},"img":{"alt_text":"","src":"https:\/\/i0.wp.com\/www.shqiperia.com\/blog\/wp-content\/uploads\/2026\/04\/trump-osmani.jpg?fit=1200%2C801&ssl=1&resize=350%2C200","width":350,"height":200,"srcset":"https:\/\/i0.wp.com\/www.shqiperia.com\/blog\/wp-content\/uploads\/2026\/04\/trump-osmani.jpg?fit=1200%2C801&ssl=1&resize=350%2C200 1x, https:\/\/i0.wp.com\/www.shqiperia.com\/blog\/wp-content\/uploads\/2026\/04\/trump-osmani.jpg?fit=1200%2C801&ssl=1&resize=525%2C300 1.5x, https:\/\/i0.wp.com\/www.shqiperia.com\/blog\/wp-content\/uploads\/2026\/04\/trump-osmani.jpg?fit=1200%2C801&ssl=1&resize=700%2C400 2x, https:\/\/i0.wp.com\/www.shqiperia.com\/blog\/wp-content\/uploads\/2026\/04\/trump-osmani.jpg?fit=1200%2C801&ssl=1&resize=1050%2C600 3x"},"classes":[]},{"id":41977,"url":"https:\/\/www.shqiperia.com\/blog\/takimi-vjosa-osmani-me-ilir-meta\/","url_meta":{"origin":96870,"position":5},"title":"Takimi Vjosa Osmani me Ilir Meta.","author":"Kurt Farka","date":"December 16, 2020","format":false,"excerpt":"Takimi Vjosa Osmani me Ilir Meta. Ushtruesja e detyr\u00ebs s\u00eb Presidentja e Republik\u00ebs s\u00eb Kosov\u00ebs, Vjosa Osmani, nisi sot nj\u00eb vizit\u00eb zyrtare n\u00eb Shqip\u00ebri. Zonja Osmani u prit me ceremoni shtet\u00ebrore nga Presidenti i Republik\u00ebs s\u00eb Shqip\u00ebris\u00eb, Ilir Meta. Ata do t\u00eb ken\u00eb nj\u00eb konferenc\u00eb shtypi dhe m\u00eb pas zonja\u2026","rel":"","context":"In &quot;Blogu i Udh\u00ebtarit&quot;","block_context":{"text":"Blogu i Udh\u00ebtarit","link":"https:\/\/www.shqiperia.com\/blog\/category\/blogu-i-udhetarit\/"},"img":{"alt_text":"","src":"https:\/\/i0.wp.com\/www.shqiperia.com\/blog\/wp-content\/uploads\/2020\/12\/download-7.jpg?resize=350%2C200&ssl=1","width":350,"height":200,"srcset":"https:\/\/i0.wp.com\/www.shqiperia.com\/blog\/wp-content\/uploads\/2020\/12\/download-7.jpg?resize=350%2C200&ssl=1 1x, https:\/\/i0.wp.com\/www.shqiperia.com\/blog\/wp-content\/uploads\/2020\/12\/download-7.jpg?resize=525%2C300&ssl=1 1.5x"},"classes":[]}],"_links":{"self":[{"href":"https:\/\/www.shqiperia.com\/blog\/wp-json\/wp\/v2\/posts\/96870","targetHints":{"allow":["GET"]}}],"collection":[{"href":"https:\/\/www.shqiperia.com\/blog\/wp-json\/wp\/v2\/posts"}],"about":[{"href":"https:\/\/www.shqiperia.com\/blog\/wp-json\/wp\/v2\/types\/post"}],"author":[{"embeddable":true,"href":"https:\/\/www.shqiperia.com\/blog\/wp-json\/wp\/v2\/users\/9"}],"replies":[{"embeddable":true,"href":"https:\/\/www.shqiperia.com\/blog\/wp-json\/wp\/v2\/comments?post=96870"}],"version-history":[{"count":2,"href":"https:\/\/www.shqiperia.com\/blog\/wp-json\/wp\/v2\/posts\/96870\/revisions"}],"predecessor-version":[{"id":96873,"href":"https:\/\/www.shqiperia.com\/blog\/wp-json\/wp\/v2\/posts\/96870\/revisions\/96873"}],"wp:featuredmedia":[{"embeddable":true,"href":"https:\/\/www.shqiperia.com\/blog\/wp-json\/wp\/v2\/media\/96871"}],"wp:attachment":[{"href":"https:\/\/www.shqiperia.com\/blog\/wp-json\/wp\/v2\/media?parent=96870"}],"wp:term":[{"taxonomy":"category","embeddable":true,"href":"https:\/\/www.shqiperia.com\/blog\/wp-json\/wp\/v2\/categories?post=96870"},{"taxonomy":"post_tag","embeddable":true,"href":"https:\/\/www.shqiperia.com\/blog\/wp-json\/wp\/v2\/tags?post=96870"}],"curies":[{"name":"wp","href":"https:\/\/api.w.org\/{rel}","templated":true}]}}