{"id":96867,"date":"2026-01-24T17:23:28","date_gmt":"2026-01-24T17:23:28","guid":{"rendered":"https:\/\/www.shqiperia.com\/blog\/?p=96867"},"modified":"2026-01-24T17:23:28","modified_gmt":"2026-01-24T17:23:28","slug":"pjesemarrje-masive-ne-protesten-e-popullore-25-janar-2026","status":"publish","type":"post","link":"https:\/\/www.shqiperia.com\/blog\/pjesemarrje-masive-ne-protesten-e-popullore-25-janar-2026\/","title":{"rendered":"Pjes\u00ebmarrje masive n\u00eb protest\u00ebn e popullore, 25 Janar 2026"},"content":{"rendered":"<p><img data-recalc-dims=\"1\" loading=\"lazy\" decoding=\"async\" data-attachment-id=\"96868\" data-permalink=\"https:\/\/www.shqiperia.com\/blog\/pjesemarrje-masive-ne-protesten-e-popullore-25-janar-2026\/900-0-1769272874xscreenshot-2-534\/\" data-orig-file=\"https:\/\/i0.wp.com\/www.shqiperia.com\/blog\/wp-content\/uploads\/2026\/01\/900-0-1769272874xscreenshot-2-534.jpg?fit=900%2C551&amp;ssl=1\" data-orig-size=\"900,551\" data-comments-opened=\"1\" data-image-meta=\"{&quot;aperture&quot;:&quot;0&quot;,&quot;credit&quot;:&quot;&quot;,&quot;camera&quot;:&quot;&quot;,&quot;caption&quot;:&quot;&quot;,&quot;created_timestamp&quot;:&quot;0&quot;,&quot;copyright&quot;:&quot;&quot;,&quot;focal_length&quot;:&quot;0&quot;,&quot;iso&quot;:&quot;0&quot;,&quot;shutter_speed&quot;:&quot;0&quot;,&quot;title&quot;:&quot;&quot;,&quot;orientation&quot;:&quot;0&quot;}\" data-image-title=\"-900-0-1769272874xscreenshot-2-534\" data-image-description=\"\" data-image-caption=\"\" data-medium-file=\"https:\/\/i0.wp.com\/www.shqiperia.com\/blog\/wp-content\/uploads\/2026\/01\/900-0-1769272874xscreenshot-2-534.jpg?fit=300%2C184&amp;ssl=1\" data-large-file=\"https:\/\/i0.wp.com\/www.shqiperia.com\/blog\/wp-content\/uploads\/2026\/01\/900-0-1769272874xscreenshot-2-534.jpg?fit=900%2C551&amp;ssl=1\" class=\"alignnone  wp-image-96868\" alt=\"\" src=\"https:\/\/i0.wp.com\/www.shqiperia.com\/blog\/wp-content\/uploads\/2026\/01\/900-0-1769272874xscreenshot-2-534.jpg?resize=805%2C494&#038;ssl=1\" width=\"805\" height=\"494\" srcset=\"https:\/\/i0.wp.com\/www.shqiperia.com\/blog\/wp-content\/uploads\/2026\/01\/900-0-1769272874xscreenshot-2-534.jpg?resize=300%2C184&amp;ssl=1 300w, https:\/\/i0.wp.com\/www.shqiperia.com\/blog\/wp-content\/uploads\/2026\/01\/900-0-1769272874xscreenshot-2-534.jpg?resize=768%2C470&amp;ssl=1 768w, https:\/\/i0.wp.com\/www.shqiperia.com\/blog\/wp-content\/uploads\/2026\/01\/900-0-1769272874xscreenshot-2-534.jpg?resize=450%2C276&amp;ssl=1 450w, https:\/\/i0.wp.com\/www.shqiperia.com\/blog\/wp-content\/uploads\/2026\/01\/900-0-1769272874xscreenshot-2-534.jpg?resize=600%2C367&amp;ssl=1 600w, https:\/\/i0.wp.com\/www.shqiperia.com\/blog\/wp-content\/uploads\/2026\/01\/900-0-1769272874xscreenshot-2-534.jpg?resize=400%2C245&amp;ssl=1 400w, https:\/\/i0.wp.com\/www.shqiperia.com\/blog\/wp-content\/uploads\/2026\/01\/900-0-1769272874xscreenshot-2-534.jpg?w=900&amp;ssl=1 900w\" sizes=\"auto, (max-width: 805px) 100vw, 805px\" \/><\/p>\n<p>25 Janar 2026<\/p>\n<p>Pamjet nga bulevardi \u201cD\u00ebshmor\u00ebt e Kombit\u201d flasin vet\u00eb: nj\u00eb det njer\u00ebzish \u00ebsht\u00eb grumbulluar p\u00ebrpara Kryeministris\u00eb n\u00eb protest\u00ebn komb\u00ebtare t\u00eb thirrur nga Partia Demokratike. Qindra mij\u00ebra qytetar\u00eb nga Tirana dhe rrethet i jan\u00eb p\u00ebrgjigjur thirrjes s\u00eb Sali Berish\u00ebs p\u00ebr t\u00eb dal\u00eb n\u00eb shesh dhe p\u00ebr t\u00eb k\u00ebrkuar largimin e qeveris\u00eb Rama, n\u00eb at\u00eb q\u00eb opozita e cil\u00ebson si \u201cnd\u00ebshkimin qytetar ndaj pushtetit t\u00eb kapur nga korrupsioni dhe krimi\u201d.<\/p>\n<p><img data-recalc-dims=\"1\" decoding=\"async\" alt=\"Pamjet nga Bulevardi, pjes\u00ebmarrje masive n\u00eb protest\u00ebn e PD (Foto)\" src=\"https:\/\/i0.wp.com\/media.pamfleti.net\/pamfleti.net\/media3\/-900-0-1769272874xscreenshot-2-534.jpg?ssl=1\"  data-size=\"x\" data-id=\"814818\" data-pin-no-hover=\"true\" \/><\/p>\n<div class=\"jeg_ad jeg_ad_article jnews_content_inline_ads  \">\n<div class=\"ads-wrapper align-center \">\n<div class=\"ads_code\"><\/div>\n<\/div>\n<\/div>\n<p>N\u00eb qend\u00ebr t\u00eb akuzave t\u00eb opozit\u00ebs q\u00ebndron z\u00ebvend\u00ebskryeministrja Belinda Balluku, tashm\u00eb e marr\u00eb e pandehur nga drejt\u00ebsia p\u00ebr afera t\u00eb r\u00ebnda korruptive. Megjithat\u00eb, Balluku vijon t\u00eb mbrohet politikisht nga Edi Rama dhe t\u00eb q\u00ebndroj\u00eb n\u00eb detyr\u00eb, nd\u00ebrkoh\u00eb q\u00eb, sipas opozit\u00ebs, po shkat\u00ebrrohen provat e hetimeve dhe manipulohen procedurat. \u201cQeveri q\u00eb mbron t\u00eb pandehurit nuk ka m\u00eb t\u00eb drejt\u00eb t\u00eb qeveris\u00eb asnj\u00eb dit\u00eb\u201d, ka deklaruar Berisha n\u00eb fjalimin e tij para turm\u00ebs.<\/p>\n<p><img data-recalc-dims=\"1\" decoding=\"async\" alt=\"Pamjet nga Bulevardi, pjes\u00ebmarrje masive n\u00eb protest\u00ebn e PD (Foto)\" src=\"https:\/\/i0.wp.com\/media.pamfleti.net\/pamfleti.net\/media3\/-900-0-1769272873xauto-499a0645-15d0-4755-b00b-2639ce376d8f1769272412-888.jpg?ssl=1\"  data-size=\"x\" data-id=\"814815\" data-pin-no-hover=\"true\" \/><\/p>\n<p>Atmosfera n\u00eb bulevard \u00ebsht\u00eb e ngarkuar; thirrje kund\u00ebr Ram\u00ebs, pankarta q\u00eb k\u00ebrkojn\u00eb drejt\u00ebsi dhe nj\u00eb protest\u00eb q\u00eb po merr p\u00ebrmasat m\u00eb t\u00eb m\u00ebdha t\u00eb viteve t\u00eb fundit. Policia ndodhet n\u00eb gatishm\u00ebri me 1350 efektiv\u00eb t\u00eb vendosur n\u00eb perimetrin e Kryeministris\u00eb. Deri m\u00eb tani, protesta po zhvillohet pa incidente, por tensioni \u00ebsht\u00eb i ndjesh\u00ebm.<\/p>\n<p><img data-recalc-dims=\"1\" decoding=\"async\" alt=\"Pamjet nga Bulevardi, pjes\u00ebmarrje masive n\u00eb protest\u00ebn e PD (Foto)\" src=\"https:\/\/i0.wp.com\/media.pamfleti.net\/pamfleti.net\/media3\/-900-0-1769272873xauto-caaebb5b-c1db-4828-9f14-ad791f553d861769272412-372.jpg?ssl=1\"  data-size=\"x\" data-id=\"814814\" data-pin-no-hover=\"true\" \/><\/p>\n","protected":false},"excerpt":{"rendered":"<p>25 Janar 2026 Pamjet nga bulevardi \u201cD\u00ebshmor\u00ebt e Kombit\u201d flasin vet\u00eb: nj\u00eb det njer\u00ebzish \u00ebsht\u00eb grumbulluar p\u00ebrpara Kryeministris\u00eb n\u00eb protest\u00ebn komb\u00ebtare t\u00eb thirrur nga Partia Demokratike. Qindra mij\u00ebra qytetar\u00eb nga Tirana dhe rrethet i jan\u00eb p\u00ebrgjigjur thirrjes s\u00eb Sali Berish\u00ebs p\u00ebr t\u00eb dal\u00eb n\u00eb shesh dhe p\u00ebr t\u00eb k\u00ebrkuar largimin e qeveris\u00eb Rama, n\u00eb at\u00eb [&hellip;]<\/p>\n","protected":false},"author":9,"featured_media":96868,"comment_status":"open","ping_status":"open","sticky":false,"template":"","format":"standard","meta":{"jetpack_post_was_ever_published":false,"_jetpack_newsletter_access":"","_jetpack_dont_email_post_to_subs":false,"_jetpack_newsletter_tier_id":0,"_jetpack_memberships_contains_paywalled_content":false,"_jetpack_memberships_contains_paid_content":false,"footnotes":"","jetpack_publicize_message":"","jetpack_publicize_feature_enabled":true,"jetpack_social_post_already_shared":true,"jetpack_social_options":{"image_generator_settings":{"template":"highway","default_image_id":0,"font":"","enabled":false},"version":2}},"categories":[27,1,2],"tags":[],"class_list":["post-96867","post","type-post","status-publish","format-standard","has-post-thumbnail","hentry","category-blogu-i-udhetarit","category-njoftime-shtypi","category-politika"],"jetpack_publicize_connections":[],"jetpack_featured_media_url":"https:\/\/i0.wp.com\/www.shqiperia.com\/blog\/wp-content\/uploads\/2026\/01\/900-0-1769272874xscreenshot-2-534.jpg?fit=900%2C551&ssl=1","jetpack_sharing_enabled":true,"jetpack_shortlink":"https:\/\/wp.me\/p5Z6wp-pcn","jetpack-related-posts":[{"id":98557,"url":"https:\/\/www.shqiperia.com\/blog\/protestuesit-nga-shkodra-dhe-kukesi-nisen-drejt-tiranes-pritet-pjesemarrje-masive-ne-protesten-kombetare-te-opozites\/","url_meta":{"origin":96867,"position":0},"title":"Protestuesit nga Shkodra dhe kukesi nisen drejt Tiran\u00ebs, pritet pjes\u00ebmarrje masive n\u00eb protest\u00ebn komb\u00ebtare t\u00eb opozit\u00ebs","author":"Kurt Farka","date":"March 22, 2026","format":false,"excerpt":"22 Mars 2026 Protestuesit nga Shkodra kan\u00eb nisur udh\u00ebtimin drejt Tiran\u00ebs p\u00ebr t\u00eb marr\u00eb pjes\u00eb n\u00eb protest\u00ebn komb\u00ebtare t\u00eb organizuar nga opozita. Sipas burimeve, rreth 1500 qytetar\u00eb nga Shkodra pritet t\u00eb jen\u00eb t\u00eb pranish\u00ebm n\u00eb k\u00ebt\u00eb manifestim, duke kontribuar n\u00eb pjes\u00ebmarrjen masive q\u00eb po organizohet n\u00eb kryeqytet. Protestuesit po udh\u00ebtojn\u00eb\u2026","rel":"","context":"In &quot;Njoftime Shtypi&quot;","block_context":{"text":"Njoftime Shtypi","link":"https:\/\/www.shqiperia.com\/blog\/category\/njoftime-shtypi\/"},"img":{"alt_text":"","src":"https:\/\/i0.wp.com\/www.shqiperia.com\/blog\/wp-content\/uploads\/2026\/03\/auto_035a4ca8-55f1-417d-865c-cd3dfe71eac01774188538.jpg?fit=900%2C675&ssl=1&resize=350%2C200","width":350,"height":200,"srcset":"https:\/\/i0.wp.com\/www.shqiperia.com\/blog\/wp-content\/uploads\/2026\/03\/auto_035a4ca8-55f1-417d-865c-cd3dfe71eac01774188538.jpg?fit=900%2C675&ssl=1&resize=350%2C200 1x, https:\/\/i0.wp.com\/www.shqiperia.com\/blog\/wp-content\/uploads\/2026\/03\/auto_035a4ca8-55f1-417d-865c-cd3dfe71eac01774188538.jpg?fit=900%2C675&ssl=1&resize=525%2C300 1.5x, https:\/\/i0.wp.com\/www.shqiperia.com\/blog\/wp-content\/uploads\/2026\/03\/auto_035a4ca8-55f1-417d-865c-cd3dfe71eac01774188538.jpg?fit=900%2C675&ssl=1&resize=700%2C400 2x"},"classes":[]},{"id":53045,"url":"https:\/\/www.shqiperia.com\/blog\/thirrem-nga-rama-dhe-jo-nga-basha-sali-berisha-shkon-prokurori-pas-30-vitesh-ja-cfare-do-te-deshmoj-atje-sapo-te-dal-nga-dera-do\/","url_meta":{"origin":96867,"position":1},"title":"\u201cThirrem nga Rama dhe jo nga Basha\u201d. \u00a0Sali Berisha shkon Prokurori pas 30 vitesh: &#8211; Ja \u00e7far\u00eb do t\u00eb d\u00ebshmoj atje. Sapo t\u00eb dal nga dera do&#8230;","author":"Kurt Farka","date":"January 13, 2022","format":false,"excerpt":"\u201cThirrem nga Rama dhe jo nga Basha\u201d. \u00a0Sali Berisha shkon Prokurori pas 30 vitesh: - Ja \u00e7far\u00eb do t\u00eb d\u00ebshmoj atje. Sapo t\u00eb dal nga dera do... 13 JANAR 2022 Ish-kryeministri Sali Berisha \u00ebsht\u00eb nisur drejt prokuroris\u00eb, ku do d\u00ebshmoj\u00eb p\u00ebr dhun\u00ebn n\u00eb protest\u00ebn e 8 janarit. \u201c\u00c7far\u00eb do t\u00eb\u2026","rel":"","context":"In &quot;Blogu i Udh\u00ebtarit&quot;","block_context":{"text":"Blogu i Udh\u00ebtarit","link":"https:\/\/www.shqiperia.com\/blog\/category\/blogu-i-udhetarit\/"},"img":{"alt_text":"","src":"https:\/\/i0.wp.com\/www.shqiperia.com\/blog\/wp-content\/uploads\/2022\/01\/Sali-Berisha.jpg?fit=739%2C448&ssl=1&resize=350%2C200","width":350,"height":200,"srcset":"https:\/\/i0.wp.com\/www.shqiperia.com\/blog\/wp-content\/uploads\/2022\/01\/Sali-Berisha.jpg?fit=739%2C448&ssl=1&resize=350%2C200 1x, https:\/\/i0.wp.com\/www.shqiperia.com\/blog\/wp-content\/uploads\/2022\/01\/Sali-Berisha.jpg?fit=739%2C448&ssl=1&resize=525%2C300 1.5x, https:\/\/i0.wp.com\/www.shqiperia.com\/blog\/wp-content\/uploads\/2022\/01\/Sali-Berisha.jpg?fit=739%2C448&ssl=1&resize=700%2C400 2x"},"classes":[]},{"id":96896,"url":"https:\/\/www.shqiperia.com\/blog\/afp-i-ben-jehone-protestes-se-pd-shperthejne-trazirat-ne-protesten-kunder-qeverise-ne-tirane\/","url_meta":{"origin":96867,"position":2},"title":"AFP i b\u00ebn jehon\u00eb protest\u00ebs s\u00eb PD: Shp\u00ebrthejn\u00eb trazirat n\u00eb protest\u00ebn kund\u00ebr qeveris\u00eb n\u00eb Tiran\u00eb","author":"Kurt Farka","date":"January 24, 2026","format":false,"excerpt":"24 Janar 2026 Agjencia Franceze e Lajmeve (AFP) i ka bwrw jehonw protest\u00ebs sw opozit\u00ebs nw Tiranw, kwtw tw shtunw, 24 janar 2026. \u201cKrimi i organizuar dhe korrupsioni jan\u00eb \u00e7\u00ebshtjet kryesore q\u00eb e pengojn\u00eb Shqip\u00ebrin\u00eb t\u00eb an\u00ebtar\u00ebsohet n\u00eb Bashkimin Europian.\u201d,- shkruan AFP. Lajmi: T\u00eb shtun\u00ebn pati trazira n\u00eb kryeqytetin e\u2026","rel":"","context":"In &quot;Blogu i Udh\u00ebtarit&quot;","block_context":{"text":"Blogu i Udh\u00ebtarit","link":"https:\/\/www.shqiperia.com\/blog\/category\/blogu-i-udhetarit\/"},"img":{"alt_text":"","src":"https:\/\/i0.wp.com\/www.shqiperia.com\/blog\/wp-content\/uploads\/2026\/01\/auto_AFP1097344127899629575429198435303004769431-11769290354.jpg?fit=900%2C600&ssl=1&resize=350%2C200","width":350,"height":200,"srcset":"https:\/\/i0.wp.com\/www.shqiperia.com\/blog\/wp-content\/uploads\/2026\/01\/auto_AFP1097344127899629575429198435303004769431-11769290354.jpg?fit=900%2C600&ssl=1&resize=350%2C200 1x, https:\/\/i0.wp.com\/www.shqiperia.com\/blog\/wp-content\/uploads\/2026\/01\/auto_AFP1097344127899629575429198435303004769431-11769290354.jpg?fit=900%2C600&ssl=1&resize=525%2C300 1.5x, https:\/\/i0.wp.com\/www.shqiperia.com\/blog\/wp-content\/uploads\/2026\/01\/auto_AFP1097344127899629575429198435303004769431-11769290354.jpg?fit=900%2C600&ssl=1&resize=700%2C400 2x"},"classes":[]},{"id":77926,"url":"https:\/\/www.shqiperia.com\/blog\/protesta-kunder-ekstremizmit-te-djathte-ne-gjermani-150-mije-njerez-para-bundestagut\/","url_meta":{"origin":96867,"position":3},"title":"Protesta kund\u00ebr ekstremizmit t\u00eb djatht\u00eb n\u00eb Gjermani, 150 mij\u00eb njer\u00ebz para Bundestagut","author":"Kurt Farka","date":"February 4, 2024","format":false,"excerpt":"4 Shkurt 2024 S\u00ebrish nj\u00eb fundjav\u00eb protestash kund\u00ebr ekstremizmit t\u00eb djatht\u00eb n\u00eb Gjermani. Protesta m\u00eb e madhe u organizua n\u00eb Berlin, ku qindra mij\u00ebra vet\u00eb u mblodh\u00ebn para nd\u00ebrtes\u00ebs s\u00eb Bundestagut. Disa dhjet\u00ebra mij\u00ebra vet\u00eb iu p\u00ebrgjigj\u00ebn thirrjes s\u00eb protest\u00ebs kund\u00ebr ekstremizmit t\u00eb djatht\u00eb n\u00eb Berlin. Policia e Berlinit b\u00ebri\u2026","rel":"","context":"In &quot;Blogu i Udh\u00ebtarit&quot;","block_context":{"text":"Blogu i Udh\u00ebtarit","link":"https:\/\/www.shqiperia.com\/blog\/category\/blogu-i-udhetarit\/"},"img":{"alt_text":"","src":"https:\/\/i0.wp.com\/www.shqiperia.com\/blog\/wp-content\/uploads\/2024\/02\/protesta-gjermami.jpg?fit=808%2C457&ssl=1&resize=350%2C200","width":350,"height":200,"srcset":"https:\/\/i0.wp.com\/www.shqiperia.com\/blog\/wp-content\/uploads\/2024\/02\/protesta-gjermami.jpg?fit=808%2C457&ssl=1&resize=350%2C200 1x, https:\/\/i0.wp.com\/www.shqiperia.com\/blog\/wp-content\/uploads\/2024\/02\/protesta-gjermami.jpg?fit=808%2C457&ssl=1&resize=525%2C300 1.5x, https:\/\/i0.wp.com\/www.shqiperia.com\/blog\/wp-content\/uploads\/2024\/02\/protesta-gjermami.jpg?fit=808%2C457&ssl=1&resize=700%2C400 2x"},"classes":[]},{"id":96899,"url":"https:\/\/www.shqiperia.com\/blog\/krimi-i-policise-qe-perdori-sot-gaz-lotsjelles-te-skaduar-teper-te-rrezikshem-duhet-te-hetohet-dhe-te-denohet-rende-penalisht\/","url_meta":{"origin":96867,"position":4},"title":"Krimi i policis\u00eb, q\u00eb p\u00ebrdori sot gaz lotsjell\u00ebs t\u00eb skaduar teper te rrezikshem, duhet t\u00eb hetohet dhe t\u00eb d\u00ebnohet r\u00ebnd\u00eb penalisht","author":"Kurt Farka","date":"January 24, 2026","format":false,"excerpt":"24 Janar 2026 Nga Petrit Vasili\/ Sot, n\u00eb protest\u00ebn e opozit\u00ebs, policia ka p\u00ebrdorur gaz lotsjell\u00ebs t\u00eb skaduar q\u00eb n\u00eb vitin 2023, pra gati tre vjet m\u00eb par\u00eb. Kjo prov\u00eb kaq e r\u00ebnd\u00eb \u00ebsht\u00eb konstatuar n\u00eb terrenin e protest\u00ebs nga gazetari i Syri TV, Klajdi Bodlli. Ky \u00ebsht\u00eb nj\u00eb krim\u2026","rel":"","context":"In &quot;Blogu i Udh\u00ebtarit&quot;","block_context":{"text":"Blogu i Udh\u00ebtarit","link":"https:\/\/www.shqiperia.com\/blog\/category\/blogu-i-udhetarit\/"},"img":{"alt_text":"","src":"https:\/\/i0.wp.com\/www.shqiperia.com\/blog\/wp-content\/uploads\/2026\/01\/auto_7b705dc9-a522-427f-832a-3b1785e8dde61769288881.jpg?fit=900%2C954&ssl=1&resize=350%2C200","width":350,"height":200,"srcset":"https:\/\/i0.wp.com\/www.shqiperia.com\/blog\/wp-content\/uploads\/2026\/01\/auto_7b705dc9-a522-427f-832a-3b1785e8dde61769288881.jpg?fit=900%2C954&ssl=1&resize=350%2C200 1x, https:\/\/i0.wp.com\/www.shqiperia.com\/blog\/wp-content\/uploads\/2026\/01\/auto_7b705dc9-a522-427f-832a-3b1785e8dde61769288881.jpg?fit=900%2C954&ssl=1&resize=525%2C300 1.5x, https:\/\/i0.wp.com\/www.shqiperia.com\/blog\/wp-content\/uploads\/2026\/01\/auto_7b705dc9-a522-427f-832a-3b1785e8dde61769288881.jpg?fit=900%2C954&ssl=1&resize=700%2C400 2x"},"classes":[]},{"id":96905,"url":"https:\/\/www.shqiperia.com\/blog\/toksikologet-paralajmerojne-nderkohe-se-gazit-te-skaduar-i-hedhur-mbi-protestuesit-mund-te-shkaktoje-probleme-afatgjata-me-frymemarrjen-dhe-deri-te-demtimet-e-perhershme-te-syve\/","url_meta":{"origin":96867,"position":5},"title":"Toksikolog\u00ebt paralajm\u00ebrojn\u00eb nd\u00ebrkoh\u00eb se gazit t\u00eb skaduar i hedhur mbi protestuesit mund t\u00eb shkaktoj\u00eb probleme afatgjata me frym\u00ebmarrjen dhe deri te d\u00ebmtimet e p\u00ebrhershme t\u00eb syve","author":"Kurt Farka","date":"January 25, 2026","format":false,"excerpt":"25 Janar 2026 Nga: Top Channe Policia dhe Garda e Republik\u00ebs akuzohen se kan\u00eb p\u00ebrdorur gaz lotsjell\u00ebs t\u00eb skaduar n\u00eb protest\u00ebn e organizuar nga Partia Demokratike t\u00eb shtun\u00ebn. Fotot nga granatat e hedhura p\u00ebr t\u00eb shp\u00ebrndar\u00eb turmat te Kryeministri dhe Kuvendi tregojn\u00eb se gazi ka skaduar q\u00eb n\u00eb vitin 2023.\u2026","rel":"","context":"In &quot;Blogu i Udh\u00ebtarit&quot;","block_context":{"text":"Blogu i Udh\u00ebtarit","link":"https:\/\/www.shqiperia.com\/blog\/category\/blogu-i-udhetarit\/"},"img":{"alt_text":"","src":"https:\/\/i0.wp.com\/www.shqiperia.com\/blog\/wp-content\/uploads\/2026\/01\/auto_gaz1769296017.jpg?fit=900%2C552&ssl=1&resize=350%2C200","width":350,"height":200,"srcset":"https:\/\/i0.wp.com\/www.shqiperia.com\/blog\/wp-content\/uploads\/2026\/01\/auto_gaz1769296017.jpg?fit=900%2C552&ssl=1&resize=350%2C200 1x, https:\/\/i0.wp.com\/www.shqiperia.com\/blog\/wp-content\/uploads\/2026\/01\/auto_gaz1769296017.jpg?fit=900%2C552&ssl=1&resize=525%2C300 1.5x, https:\/\/i0.wp.com\/www.shqiperia.com\/blog\/wp-content\/uploads\/2026\/01\/auto_gaz1769296017.jpg?fit=900%2C552&ssl=1&resize=700%2C400 2x"},"classes":[]}],"_links":{"self":[{"href":"https:\/\/www.shqiperia.com\/blog\/wp-json\/wp\/v2\/posts\/96867","targetHints":{"allow":["GET"]}}],"collection":[{"href":"https:\/\/www.shqiperia.com\/blog\/wp-json\/wp\/v2\/posts"}],"about":[{"href":"https:\/\/www.shqiperia.com\/blog\/wp-json\/wp\/v2\/types\/post"}],"author":[{"embeddable":true,"href":"https:\/\/www.shqiperia.com\/blog\/wp-json\/wp\/v2\/users\/9"}],"replies":[{"embeddable":true,"href":"https:\/\/www.shqiperia.com\/blog\/wp-json\/wp\/v2\/comments?post=96867"}],"version-history":[{"count":1,"href":"https:\/\/www.shqiperia.com\/blog\/wp-json\/wp\/v2\/posts\/96867\/revisions"}],"predecessor-version":[{"id":96869,"href":"https:\/\/www.shqiperia.com\/blog\/wp-json\/wp\/v2\/posts\/96867\/revisions\/96869"}],"wp:featuredmedia":[{"embeddable":true,"href":"https:\/\/www.shqiperia.com\/blog\/wp-json\/wp\/v2\/media\/96868"}],"wp:attachment":[{"href":"https:\/\/www.shqiperia.com\/blog\/wp-json\/wp\/v2\/media?parent=96867"}],"wp:term":[{"taxonomy":"category","embeddable":true,"href":"https:\/\/www.shqiperia.com\/blog\/wp-json\/wp\/v2\/categories?post=96867"},{"taxonomy":"post_tag","embeddable":true,"href":"https:\/\/www.shqiperia.com\/blog\/wp-json\/wp\/v2\/tags?post=96867"}],"curies":[{"name":"wp","href":"https:\/\/api.w.org\/{rel}","templated":true}]}}