{"id":96864,"date":"2026-01-23T11:59:15","date_gmt":"2026-01-23T11:59:15","guid":{"rendered":"https:\/\/www.shqiperia.com\/blog\/?p=96864"},"modified":"2026-01-23T11:59:15","modified_gmt":"2026-01-23T11:59:15","slug":"gara-e-madhe-per-arktikun-analiza-e-cnn-pse-rusia-kina-dhe-shba-te-e-kane-te-gjitha-ne-shenjester","status":"publish","type":"post","link":"https:\/\/www.shqiperia.com\/blog\/gara-e-madhe-per-arktikun-analiza-e-cnn-pse-rusia-kina-dhe-shba-te-e-kane-te-gjitha-ne-shenjester\/","title":{"rendered":"Gara e madhe p\u00ebr Arktikun, analiza e CNN: Pse Rusia, Kina dhe SHBA-t\u00eb e kan\u00eb t\u00eb gjitha n\u00eb sh\u00ebnjest\u00ebr"},"content":{"rendered":"<p><img data-recalc-dims=\"1\" loading=\"lazy\" decoding=\"async\" data-attachment-id=\"96865\" data-permalink=\"https:\/\/www.shqiperia.com\/blog\/gara-e-madhe-per-arktikun-analiza-e-cnn-pse-rusia-kina-dhe-shba-te-e-kane-te-gjitha-ne-shenjester\/groenlande\/\" data-orig-file=\"https:\/\/i0.wp.com\/www.shqiperia.com\/blog\/wp-content\/uploads\/2026\/01\/Groenlande.jpg?fit=433%2C300&amp;ssl=1\" data-orig-size=\"433,300\" data-comments-opened=\"1\" data-image-meta=\"{&quot;aperture&quot;:&quot;0&quot;,&quot;credit&quot;:&quot;&quot;,&quot;camera&quot;:&quot;&quot;,&quot;caption&quot;:&quot;&quot;,&quot;created_timestamp&quot;:&quot;0&quot;,&quot;copyright&quot;:&quot;&quot;,&quot;focal_length&quot;:&quot;0&quot;,&quot;iso&quot;:&quot;0&quot;,&quot;shutter_speed&quot;:&quot;0&quot;,&quot;title&quot;:&quot;&quot;,&quot;orientation&quot;:&quot;0&quot;}\" data-image-title=\"Groenland\u00eb\" data-image-description=\"\" data-image-caption=\"\" data-medium-file=\"https:\/\/i0.wp.com\/www.shqiperia.com\/blog\/wp-content\/uploads\/2026\/01\/Groenlande.jpg?fit=300%2C208&amp;ssl=1\" data-large-file=\"https:\/\/i0.wp.com\/www.shqiperia.com\/blog\/wp-content\/uploads\/2026\/01\/Groenlande.jpg?fit=433%2C300&amp;ssl=1\" class=\"alignnone  wp-image-96865\" alt=\"\" src=\"https:\/\/i0.wp.com\/www.shqiperia.com\/blog\/wp-content\/uploads\/2026\/01\/Groenlande.jpg?resize=648%2C449&#038;ssl=1\" width=\"648\" height=\"449\" srcset=\"https:\/\/i0.wp.com\/www.shqiperia.com\/blog\/wp-content\/uploads\/2026\/01\/Groenlande.jpg?resize=300%2C208&amp;ssl=1 300w, https:\/\/i0.wp.com\/www.shqiperia.com\/blog\/wp-content\/uploads\/2026\/01\/Groenlande.jpg?resize=400%2C277&amp;ssl=1 400w, https:\/\/i0.wp.com\/www.shqiperia.com\/blog\/wp-content\/uploads\/2026\/01\/Groenlande.jpg?w=433&amp;ssl=1 433w\" sizes=\"auto, (max-width: 648px) 100vw, 648px\" \/><\/p>\n<p><strong>23 Janar 2026<\/strong><\/p>\n<p><strong>Debati rreth Arktikut po b\u00ebhet m\u00eb i nxeht\u00eb se kurr\u00eb, nd\u00ebrsa Presidenti i SHBA-s\u00eb, Donald Trump vazhdon t\u00eb k\u00ebmb\u00ebngul\u00eb q\u00eb Groenlanda t\u00eb b\u00ebhet pjes\u00eb e Shteteve t\u00eb Bashkuara. Por, nd\u00ebrsa k\u00ebrkesat e Trump q\u00eb SHBA-t\u00eb t\u00eb marrin p\u00ebrsip\u00ebr nj\u00eb territor q\u00eb i p\u00ebrket nj\u00ebrit prej aleat\u00ebve t\u00eb tyre m\u00eb t\u00eb ngusht\u00eb dhe m\u00eb t\u00eb besuesh\u00ebm e kan\u00eb hutuar bot\u00ebn, gara p\u00ebr Arktikun ka vazhduar prej dekadash.<\/strong><\/p>\n<p>Dhe p\u00ebr nj\u00eb koh\u00eb t\u00eb gjat\u00eb, Rusia e ka fituar at\u00eb. Nuk ka dyshim se Moska ka pasur nj\u00eb prani dominuese n\u00eb rajonin e Arktikut. Ajo kontrollon af\u00ebrsisht gjysm\u00ebn e tok\u00ebs dhe gjysm\u00ebn e zon\u00ebs ekonomike ekskluzive detare n\u00eb veri t\u00eb Rrethit Arktik. Dy t\u00eb tretat e banor\u00ebve t\u00eb rajonit Arktik jetojn\u00eb n\u00eb Rusi.<\/p>\n<p>Dhe nd\u00ebrsa Arktiku p\u00ebrb\u00ebn vet\u00ebm nj\u00eb pjes\u00eb t\u00eb vog\u00ebl t\u00eb ekonomis\u00eb globale \u2013 rreth 0.4% sipas K\u00ebshillit Arktik, forumit q\u00eb p\u00ebrfaq\u00ebson shtetet e Arktikut \u2013 Rusia kontrollon dy t\u00eb tretat e PBB-s\u00eb s\u00eb rajonit.<\/p>\n<p><strong>Fuqia ushtarake e Rusis\u00eb n\u00eb Arktik<\/strong><\/p>\n<p>Rusia ka zgjeruar gjurm\u00ebn e saj ushtarake n\u00eb Arktik p\u00ebr dekada t\u00eb t\u00ebra, duke investuar n\u00eb objekte t\u00eb reja dhe ekzistuese n\u00eb rajon.<\/p>\n<p>Sipas Fondacionit Simons, nj\u00eb organizat\u00eb jofitimprur\u00ebse kanadeze q\u00eb monitoron sigurin\u00eb e Arktikut dhe \u00e7armatimin b\u00ebrthamor, ka 66 vende ushtarake dhe qindra instalime dhe posta t\u00eb tjera mbrojt\u00ebse brenda rajonit m\u00eb t\u00eb gjer\u00eb t\u00eb Arktikut.<\/p>\n<p><img data-recalc-dims=\"1\" loading=\"lazy\" decoding=\"async\" class=\"\" alt=\"\" src=\"https:\/\/i0.wp.com\/ix.cnn.io\/dailygraphics\/graphics\/20260120-arctic-military-bases\/static\/media\/ai2html-graphic-desktop.1ceb5c66.jpg?resize=740%2C741&#038;ssl=1\" width=\"740\" height=\"741\" \/><\/p>\n<p>Sipas t\u00eb dh\u00ebnave t\u00eb disponueshme publikisht dhe hulumtimit t\u00eb Fondacionit Simons, 30 jan\u00eb n\u00eb Rusi dhe 36 n\u00eb vendet e NATO-s me territor Arktik: 15 n\u00eb Norvegji \u2013 p\u00ebrfshir\u00eb nj\u00eb baz\u00eb britanike \u2013 tet\u00eb n\u00eb Shtetet e Bashkuara, n\u00ebnt\u00eb n\u00eb Kanada, tre n\u00eb Grenland\u00eb dhe nj\u00eb n\u00eb Island\u00eb.<\/p>\n<p>Edhe pse jo t\u00eb gjitha bazat jan\u00eb krijuar t\u00eb barabarta \u2013 ekspert\u00ebt thon\u00eb se Rusia aktualisht nuk mund t\u00eb krahasohet me aft\u00ebsit\u00eb ushtarake t\u00eb NATO-s \u2013 shkalla e pranis\u00eb ushtarake t\u00eb Rusis\u00eb dhe ritmi me t\u00eb cilin Moska e ka zgjeruar at\u00eb n\u00eb vitet e fundit, \u00ebsht\u00eb nj\u00eb shqet\u00ebsim i madh.<\/p>\n<p>Instituti Mbret\u00ebror i Sh\u00ebrbimeve t\u00eb Bashkuara (RUSI), nj\u00eb grup ekspert\u00ebsh p\u00ebr mbrojtjen me seli n\u00eb Mbret\u00ebrin\u00eb e Bashkuar, tha se Rusia vitet e fundit ka investuar nj\u00eb sasi t\u00eb konsiderueshme parash dhe p\u00ebrpjekjesh n\u00eb modernizimin e flot\u00ebs s\u00eb saj t\u00eb n\u00ebndet\u00ebseve me energji b\u00ebrthamore, e cila p\u00ebrb\u00ebn shtyll\u00ebn kurrizore t\u00eb fuqis\u00eb s\u00eb saj ushtarake n\u00eb Arktik. Nd\u00ebrsa vazhdon t\u00eb luftoj\u00eb n\u00eb Ukrain\u00eb, Rusia ka p\u00ebrmir\u00ebsuar gjithashtu aft\u00ebsit\u00eb e saj t\u00eb radar\u00ebve, droneve dhe raketave.<\/p>\n<p>Pamja nuk ishte gjithmon\u00eb kaq e rrezikshme. P\u00ebr vite me radh\u00eb pas p\u00ebrfundimit t\u00eb Luft\u00ebs s\u00eb Ftoht\u00eb, Arktiku ishte nj\u00eb nga zonat ku dukej sikur Rusia dhe vendet per\u00ebndimore mund t\u00eb b\u00ebnin biznes s\u00eb bashku.<\/p>\n<p>K\u00ebshilli Arktik, i themeluar n\u00eb vitin 1996, u p\u00ebrpoq ta afronte Rusin\u00eb me shtat\u00eb vendet e tjera t\u00eb Arktikut dhe t\u00eb lejonte nj\u00eb bashk\u00ebpunim m\u00eb t\u00eb ngusht\u00eb p\u00ebr \u00e7\u00ebshtje t\u00eb tilla si biodiversiteti, klima dhe mbrojtja e t\u00eb drejtave t\u00eb popujve indigjen\u00eb.<\/p>\n<p>P\u00ebr nj\u00eb koh\u00eb, pati madje nj\u00eb p\u00ebrpjekje p\u00ebr t\u00eb bashk\u00ebpunuar n\u00eb fush\u00ebn e siguris\u00eb, me Rusin\u00eb q\u00eb mori pjes\u00eb n\u00eb dy takime t\u00eb nivelit t\u00eb lart\u00eb t\u00eb Forumit t\u00eb Shefave t\u00eb Mbrojtjes s\u00eb Arktikut p\u00ebrpara se t\u00eb p\u00ebrjashtohej p\u00ebr shkak t\u00eb aneksimit t\u00eb paligjsh\u00ebm t\u00eb Krimes\u00eb n\u00eb vitin 2014.<\/p>\n<p>Shumica e formave t\u00eb bashk\u00ebpunimit jan\u00eb pezulluar q\u00eb at\u00ebher\u00eb, me marr\u00ebdh\u00ebniet midis Per\u00ebndimit dhe Mosk\u00ebs q\u00eb arrit\u00ebn nj\u00eb nivel t\u00eb ri t\u00eb ul\u00ebt pas Luft\u00ebs s\u00eb Ftoht\u00eb, pasi Rusia nisi pushtimin e saj t\u00eb plot\u00eb t\u00eb Ukrain\u00ebs n\u00eb vitin 2022.<\/p>\n<p>An\u00ebtar\u00ebsimi i Finland\u00ebs dhe Suedis\u00eb n\u00eb NATO n\u00eb vitet 2023 dhe 2024 e ka ndar\u00eb n\u00eb m\u00ebnyr\u00eb efektive rajonin e Arktikut n\u00eb dy gjysma pothuajse t\u00eb barabarta: nj\u00ebra e kontrolluar nga Rusia dhe tjetra nga NATO.<\/p>\n<p>Trump ka th\u00ebn\u00eb vazhdimisht se SHBA-t\u00eb \u201ckan\u00eb nevoj\u00eb\u201d p\u00ebr Groenland\u00ebn p\u00ebr arsye sigurie komb\u00ebtare, duke iu referuar ambicieve ruse dhe kineze n\u00eb Arktik. Ai ka argumentuar se Danimarka, e cila ka sovranitet mbi ishullin m\u00eb t\u00eb madh n\u00eb bot\u00eb, nuk \u00ebsht\u00eb mjaftuesh\u00ebm e fort\u00eb p\u00ebr ta mbrojtur at\u00eb nga k\u00ebrc\u00ebnimet e paraqitura nga t\u00eb dy vendet.<\/p>\n<p><img data-recalc-dims=\"1\" loading=\"lazy\" decoding=\"async\" class=\"\" alt=\"\" src=\"https:\/\/i0.wp.com\/ix.cnn.io\/dailygraphics\/graphics\/20260120-arctic-shipping-routes\/static\/media\/ai2html-graphic-desktop.9df94a1e.jpg?resize=788%2C806&#038;ssl=1\" width=\"788\" height=\"806\" \/><\/p>\n<p>Edhe pse nuk \u00ebsht\u00eb nj\u00eb vend arktik, Kina nuk e ka fshehur interesin e saj n\u00eb rajon. Vendi e shpalli veten si nj\u00eb \u201cshtet pran\u00eb Arktikut\u201d n\u00eb vitin 2018 dhe p\u00ebrshkroi nj\u00eb iniciativ\u00eb t\u00eb \u201crrug\u00ebs polare t\u00eb m\u00ebndafshit\u201d p\u00ebr transportin detar arktik.<\/p>\n<p>N\u00eb vitin 2024, Kina dhe Rusia nis\u00ebn nj\u00eb patrullim t\u00eb p\u00ebrbashk\u00ebt n\u00eb Arktik , pjes\u00eb e nj\u00eb bashk\u00ebpunimi m\u00eb t\u00eb gjer\u00eb midis t\u00eb dyjave.<\/p>\n<p>Por siguria nuk \u00ebsht\u00eb arsyeja e vetme pse interesi p\u00ebr Arktikun po rritet. Rajoni po transformohet m\u00eb shpejt se \u00e7do zon\u00eb tjet\u00ebr e bot\u00ebs, nd\u00ebrsa kriza klimatike thellohet, duke u ngrohur rreth kat\u00ebr her\u00eb m\u00eb shpejt se mesatarja globale.<\/p>\n<p>Akulli detar po tkurret me nj\u00eb rit\u00ebm t\u00eb shpejt\u00eb. Por, nd\u00ebrsa shkenc\u00ebtar\u00ebt paralajm\u00ebrojn\u00eb se kjo mund t\u00eb ket\u00eb pasoja tep\u00ebr t\u00eb d\u00ebmshme p\u00ebr bot\u00ebn natyrore dhe jetes\u00ebn e njer\u00ebzve q\u00eb mb\u00ebshteten n\u00eb t\u00eb, ka shum\u00eb q\u00eb argumentojn\u00eb se shkrirja e akullit detar mund t\u00eb hap\u00eb gjithashtu nj\u00eb mund\u00ebsi t\u00eb madhe ekonomike p\u00ebr sa i p\u00ebrket minierave dhe transportit detar.<\/p>\n<p>Dy rrug\u00eb detare q\u00eb ishin pothuajse t\u00eb paq\u00ebndrueshme vet\u00ebm dy dekada m\u00eb par\u00eb, tani po hapen p\u00ebr shkak t\u00eb shkrirjes dramatike t\u00eb akullit \u2013 megjith\u00ebse studiuesit dhe mbik\u00ebqyr\u00ebsit e mjedisit kan\u00eb paralajm\u00ebruar se d\u00ebrgimi i flotave t\u00eb anijeve p\u00ebrmes k\u00ebtij mjedisi t\u00eb paprekur, t\u00eb larg\u00ebt dhe t\u00eb rreziksh\u00ebm \u00ebsht\u00eb nj\u00eb katastrof\u00eb ekologjike dhe njer\u00ebzore q\u00eb pret t\u00eb ndodh\u00eb.<\/p>\n<p>Rruga Detare Veriore, e cila shtrihet p\u00ebrgjat\u00eb bregdetit verior rus, dhe Kalimi Veriper\u00ebndimor, q\u00eb p\u00ebrqafon bregdetin verior t\u00eb Amerik\u00ebs s\u00eb Veriut, kan\u00eb qen\u00eb praktikisht pa akull gjat\u00eb kulmit t\u00eb ver\u00ebs q\u00eb nga fundi i viteve 2000.<\/p>\n<p>Rruga Detare Veriore e shkurton koh\u00ebn e lundrimit midis Azis\u00eb dhe Evrop\u00ebs n\u00eb rreth dy jav\u00eb, af\u00ebrsisht gjysma e koh\u00ebs q\u00eb duhet n\u00ebp\u00ebrmjet rrug\u00ebs tradicionale t\u00eb Kanalit t\u00eb Suezit.<\/p>\n<p>Nd\u00ebrsa pjes\u00eb t\u00eb k\u00ebsaj rruge u p\u00ebrdor\u00ebn nga Rusia gjat\u00eb koh\u00ebs sovjetike p\u00ebr t\u00eb arritur dhe furnizuar vende t\u00eb larg\u00ebta, sfidat q\u00eb paraqiste n\u00ebnkuptonin se ajo u shp\u00ebrfill kryesisht si nj\u00eb opsion p\u00ebr transportin nd\u00ebrkomb\u00ebtar detar.<\/p>\n<p>Kjo ndryshoi n\u00eb fillim t\u00eb viteve 2010 kur kalimi u b\u00eb m\u00eb i arritsh\u00ebm dhe q\u00eb at\u00ebher\u00eb numri i udh\u00ebtimeve n\u00ebp\u00ebr t\u00eb \u00ebsht\u00eb rritur nga nj\u00eb grusht \u00e7do vit n\u00eb rreth 100.<\/p>\n<p>Rusia ka rritur p\u00ebrdorimin e k\u00ebsaj rruge q\u00eb nga viti 2022, duke e p\u00ebrdorur at\u00eb p\u00ebr t\u00eb transportuar naft\u00eb dhe gaz n\u00eb Kin\u00eb, pasi sanksionet e shk\u00ebput\u00ebn at\u00eb nga klient\u00ebt e saj t\u00eb m\u00ebparsh\u00ebm evropian\u00eb.<\/p>\n<p>N\u00eb m\u00ebnyr\u00eb t\u00eb ngjashme, Kalimi Veriper\u00ebndimor \u00ebsht\u00eb b\u00ebr\u00eb gjithashtu m\u00eb i q\u00ebndruesh\u00ebm, me numrin e lundrimeve me anije q\u00eb jan\u00eb rritur nga disa n\u00eb vit n\u00eb fillim t\u00eb viteve 2000 n\u00eb 41 n\u00eb vitin 2023.<\/p>\n<p>Nj\u00eb rrug\u00eb e tret\u00eb, qendrore q\u00eb do t\u00eb \u00e7onte anijet direkt p\u00ebrmes Polit t\u00eb Veriut mund t\u00eb b\u00ebhet gjithashtu e mundur n\u00eb t\u00eb ardhmen, megjith\u00ebse niveli i shkrirjes s\u00eb akullit q\u00eb do t\u00eb ishte i nevojsh\u00ebm p\u00ebr k\u00ebt\u00eb do t\u00eb sillte pasoja alarmante, duke p\u00ebrshpejtuar ngrohjen e planetit, duke rritur ekstremet e motit dhe duke shkat\u00ebrruar ekosistemet e \u00e7muara n\u00eb zon\u00eb.<\/p>\n<p>Sa i p\u00ebrket minierave, ekziston mund\u00ebsia q\u00eb shkrirja e akullit t\u00eb ekspozoj\u00eb tok\u00ebn q\u00eb m\u00eb par\u00eb ishte e pamundur t\u00eb shfryt\u00ebzohej. Groenlanda n\u00eb ve\u00e7anti mund t\u00eb jet\u00eb nj\u00eb pik\u00eb e nxeht\u00eb p\u00ebr qymyr, bak\u00ebr, ar, element\u00eb t\u00eb rrall\u00eb t\u00eb tok\u00ebs dhe zink, sipas Sh\u00ebrbimit Gjeologjik t\u00eb Danimark\u00ebs dhe Groenland\u00ebs.<\/p>\n<p>Megjithat\u00eb, studiuesit thon\u00eb se do t\u00eb ishte jasht\u00ebzakonisht e v\u00ebshtir\u00eb dhe e kushtueshme t\u00eb nxirreshin mineralet e Groenland\u00ebs, sepse shum\u00eb nga depozitat minerale t\u00eb ishullit jan\u00eb n\u00eb zona t\u00eb larg\u00ebta mbi Rrethin Arktik, ku ka nj\u00eb shtres\u00eb akulli polar me trash\u00ebsi nj\u00eb milje dhe err\u00ebsira mbret\u00ebron pjes\u00ebn m\u00eb t\u00eb madhe t\u00eb vitit.<\/p>\n<p>Ideja se k\u00ebto burime mund t\u00eb nxirreshin leht\u00ebsisht n\u00eb dobi t\u00eb SHBA-s\u00eb u p\u00ebrshkrua p\u00ebr CNN si \u201cplot\u00ebsisht e \u00e7mendur\u201d nga Malte Humpert, themelues dhe bashk\u00ebpun\u00ebtor i lart\u00eb n\u00eb Institutin Arktik.<\/p>\n<p>Nd\u00ebrsa Trump koh\u00ebt e fundit \u00ebsht\u00eb p\u00ebrqendruar n\u00eb aspektet e siguris\u00eb s\u00eb Grenland\u00ebs, ish-k\u00ebshilltari i tij i siguris\u00eb komb\u00ebtare Mike Waltz i tha Fox News n\u00eb vitin 2024 se fokusi i administrat\u00ebs n\u00eb Grenland\u00eb ishte \u201crreth mineraleve kritike\u201d dhe \u201cburimeve natyrore\u201d.\/CNN<\/p>\n","protected":false},"excerpt":{"rendered":"<p>23 Janar 2026 Debati rreth Arktikut po b\u00ebhet m\u00eb i nxeht\u00eb se kurr\u00eb, nd\u00ebrsa Presidenti i SHBA-s\u00eb, Donald Trump vazhdon t\u00eb k\u00ebmb\u00ebngul\u00eb q\u00eb Groenlanda t\u00eb b\u00ebhet pjes\u00eb e Shteteve t\u00eb Bashkuara. Por, nd\u00ebrsa k\u00ebrkesat e Trump q\u00eb SHBA-t\u00eb t\u00eb marrin p\u00ebrsip\u00ebr nj\u00eb territor q\u00eb i p\u00ebrket nj\u00ebrit prej aleat\u00ebve t\u00eb tyre m\u00eb t\u00eb ngusht\u00eb dhe [&hellip;]<\/p>\n","protected":false},"author":9,"featured_media":96865,"comment_status":"open","ping_status":"open","sticky":false,"template":"","format":"standard","meta":{"jetpack_post_was_ever_published":false,"_jetpack_newsletter_access":"","_jetpack_dont_email_post_to_subs":false,"_jetpack_newsletter_tier_id":0,"_jetpack_memberships_contains_paywalled_content":false,"_jetpack_memberships_contains_paid_content":false,"footnotes":"","jetpack_publicize_message":"","jetpack_publicize_feature_enabled":true,"jetpack_social_post_already_shared":true,"jetpack_social_options":{"image_generator_settings":{"template":"highway","default_image_id":0,"font":"","enabled":false},"version":2}},"categories":[27,85,1],"tags":[],"class_list":["post-96864","post","type-post","status-publish","format-standard","has-post-thumbnail","hentry","category-blogu-i-udhetarit","category-histori","category-njoftime-shtypi"],"jetpack_publicize_connections":[],"jetpack_featured_media_url":"https:\/\/i0.wp.com\/www.shqiperia.com\/blog\/wp-content\/uploads\/2026\/01\/Groenlande.jpg?fit=433%2C300&ssl=1","jetpack_sharing_enabled":true,"jetpack_shortlink":"https:\/\/wp.me\/p5Z6wp-pck","jetpack-related-posts":[{"id":96818,"url":"https:\/\/www.shqiperia.com\/blog\/analiza-e-bbc-cfare-dime-per-kornizen-e-marreveshjes-se-ardhshme-te-trump-mbi-groenlanden\/","url_meta":{"origin":96864,"position":0},"title":"Analiza e \u2018BBC\u2019: \u00c7far\u00eb dim\u00eb p\u00ebr \u2018korniz\u00ebn\u2019 e marr\u00ebveshjes s\u00eb ardhshme t\u00eb Trump mbi Groenland\u00ebn","author":"Kurt Farka","date":"January 22, 2026","format":false,"excerpt":"22 Janar 2026 Presidenti i SHBA-s\u00eb, Donald Trump, ka b\u00ebr\u00eb nj\u00eb njoftim p\u00ebr krijimin e nj\u00eb \u201ckornize\u201d t\u00eb mundshme marr\u00ebveshjeje me Danimark\u00ebn dhe Groenland\u00ebn lidhur me nj\u00eb marr\u00ebdh\u00ebnie t\u00eb ardhshme ushtarake dhe ekonomike, p\u00ebrfshir\u00eb ndoshta ndarjen e sovranitetit mbi k\u00ebt\u00eb territor strategjik t\u00eb Arktikut. Deklarata erdhi pas nj\u00eb periudhe t\u00eb\u2026","rel":"","context":"In &quot;Blogu i Udh\u00ebtarit&quot;","block_context":{"text":"Blogu i Udh\u00ebtarit","link":"https:\/\/www.shqiperia.com\/blog\/category\/blogu-i-udhetarit\/"},"img":{"alt_text":"","src":"https:\/\/i0.wp.com\/www.shqiperia.com\/blog\/wp-content\/uploads\/2026\/01\/bbc_sd-5.webp?fit=1200%2C675&ssl=1&resize=350%2C200","width":350,"height":200,"srcset":"https:\/\/i0.wp.com\/www.shqiperia.com\/blog\/wp-content\/uploads\/2026\/01\/bbc_sd-5.webp?fit=1200%2C675&ssl=1&resize=350%2C200 1x, https:\/\/i0.wp.com\/www.shqiperia.com\/blog\/wp-content\/uploads\/2026\/01\/bbc_sd-5.webp?fit=1200%2C675&ssl=1&resize=525%2C300 1.5x, https:\/\/i0.wp.com\/www.shqiperia.com\/blog\/wp-content\/uploads\/2026\/01\/bbc_sd-5.webp?fit=1200%2C675&ssl=1&resize=700%2C400 2x, https:\/\/i0.wp.com\/www.shqiperia.com\/blog\/wp-content\/uploads\/2026\/01\/bbc_sd-5.webp?fit=1200%2C675&ssl=1&resize=1050%2C600 3x"},"classes":[]},{"id":89971,"url":"https:\/\/www.shqiperia.com\/blog\/nuk-presim-zgjidhje-te-shpejte-me-nderhyrjen-e-shba-zedhenesi-i-kremlinit-aneksimi-i-territoreve-te-ukraines-eshte-i-panegociueshem\/","url_meta":{"origin":96864,"position":1},"title":"\u201cNuk presim zgjidhje t\u00eb shpejt\u00eb me nd\u00ebrhyrjen e SHBA\u201d- Z\u00ebdh\u00ebn\u00ebsi i Kremlinit: Aneksimi i territoreve t\u00eb Ukrain\u00ebs \u00ebsht\u00eb i panegociuesh\u00ebm","author":"Kurt Farka","date":"February 27, 2025","format":false,"excerpt":"27 Shkurt 2025 Z\u00ebdh\u00ebn\u00ebsi i Kremlini, Dmitry Peskov, ka deklaruar se nuk pret vendime t\u00eb lehta dhe t\u00eb shpejta n\u00eb marr\u00ebdh\u00ebniet e tij me Washingtonin, pavar\u00ebsisht afrimit q\u00eb po p\u00ebrshpejtohet prej dy jav\u00ebsh mes presidentit rus Vladimir Putin dhe presidentit amerikan Donald Trump. \u201cAskush nuk pret q\u00eb zgjidhjet t\u00eb jen\u00eb\u2026","rel":"","context":"In &quot;Njoftime Shtypi&quot;","block_context":{"text":"Njoftime Shtypi","link":"https:\/\/www.shqiperia.com\/blog\/category\/njoftime-shtypi\/"},"img":{"alt_text":"","src":"https:\/\/i0.wp.com\/www.shqiperia.com\/blog\/wp-content\/uploads\/2025\/02\/peskov.jpg?fit=1200%2C800&ssl=1&resize=350%2C200","width":350,"height":200,"srcset":"https:\/\/i0.wp.com\/www.shqiperia.com\/blog\/wp-content\/uploads\/2025\/02\/peskov.jpg?fit=1200%2C800&ssl=1&resize=350%2C200 1x, https:\/\/i0.wp.com\/www.shqiperia.com\/blog\/wp-content\/uploads\/2025\/02\/peskov.jpg?fit=1200%2C800&ssl=1&resize=525%2C300 1.5x, https:\/\/i0.wp.com\/www.shqiperia.com\/blog\/wp-content\/uploads\/2025\/02\/peskov.jpg?fit=1200%2C800&ssl=1&resize=700%2C400 2x, https:\/\/i0.wp.com\/www.shqiperia.com\/blog\/wp-content\/uploads\/2025\/02\/peskov.jpg?fit=1200%2C800&ssl=1&resize=1050%2C600 3x"},"classes":[]},{"id":48102,"url":"https:\/\/www.shqiperia.com\/blog\/alarmohen-shkencetaret-ne-arktik-regjistrohet-temperatura-48-grade-celsius\/","url_meta":{"origin":96864,"position":2},"title":"Alarmohen shkenc\u00ebtar\u00ebt! N\u00eb Arktik regjistrohet temperatura 48 grad\u00eb Celsius","author":"Kurt Farka","date":"June 24, 2021","format":false,"excerpt":"Alarmohen shkenc\u00ebtar\u00ebt! N\u00eb Arktik regjistrohet temperatura 48 grad\u00eb Celsius 24 QERSHOR 2021 D\u00ebbora dhe akulli jan\u00eb gj\u00ebja e par\u00eb q\u00eb t\u00eb vjen n\u00eb mend kur p\u00ebrmendet Arktiku dhe Siberia. Por jav\u00ebn e kaluar rajoni n\u00eb fjal\u00eb ka dal\u00eb jasht\u00eb \u00e7do parashikimi pasi ka regjistruar nj\u00eb val\u00eb t\u00eb nxehti rekord, ku\u2026","rel":"","context":"In &quot;Blogu i Udh\u00ebtarit&quot;","block_context":{"text":"Blogu i Udh\u00ebtarit","link":"https:\/\/www.shqiperia.com\/blog\/category\/blogu-i-udhetarit\/"},"img":{"alt_text":"","src":"https:\/\/i0.wp.com\/www.shqiperia.com\/blog\/wp-content\/uploads\/2021\/06\/640-0-97afc49cb3019a3654d546ed15082e38.jpg?fit=516%2C242&ssl=1&resize=350%2C200","width":350,"height":200},"classes":[]},{"id":34061,"url":"https:\/\/www.shqiperia.com\/blog\/temperaturat-ekstreme-ne-arktik-rrezikohet-zhdukja-e-qyteteve-ne-shba-dhe-kanada\/","url_meta":{"origin":96864,"position":3},"title":"Temperaturat ekstreme n\u00eb Arktik\/ Rrezikohet zhdukja e qyteteve n\u00eb SHBA dhe Kanada","author":"Kurt Farka","date":"April 29, 2020","format":false,"excerpt":"Temperaturat ekstreme n\u00eb Arktik\/ Rrezikohet zhdukja e qyteteve n\u00eb SHBA dhe Kanada - 24.04.20 Nj\u00eb klim\u00eb gjithnj\u00eb e m\u00eb ekstreme \u00ebsht\u00eb kjo e k\u00ebtyre dit\u00ebve. Nj\u00eb ngjarje e \u00e7uditshme e motit, n\u00eb nj\u00eb far\u00eb m\u00ebnyre anormale, n\u00eb fakt po trondit Polin e Veriut. Rrethi Arktikut po p\u00ebrjetohen temperatura t\u00eb zjarrta\u2026","rel":"","context":"In &quot;Blogu i Udh\u00ebtarit&quot;","block_context":{"text":"Blogu i Udh\u00ebtarit","link":"https:\/\/www.shqiperia.com\/blog\/category\/blogu-i-udhetarit\/"},"img":{"alt_text":"","src":"https:\/\/i0.wp.com\/www.shqiperia.com\/blog\/wp-content\/uploads\/2020\/04\/polo-nord-infuocato-24420-770x433-1.jpg?fit=770%2C433&ssl=1&resize=350%2C200","width":350,"height":200,"srcset":"https:\/\/i0.wp.com\/www.shqiperia.com\/blog\/wp-content\/uploads\/2020\/04\/polo-nord-infuocato-24420-770x433-1.jpg?fit=770%2C433&ssl=1&resize=350%2C200 1x, https:\/\/i0.wp.com\/www.shqiperia.com\/blog\/wp-content\/uploads\/2020\/04\/polo-nord-infuocato-24420-770x433-1.jpg?fit=770%2C433&ssl=1&resize=525%2C300 1.5x, https:\/\/i0.wp.com\/www.shqiperia.com\/blog\/wp-content\/uploads\/2020\/04\/polo-nord-infuocato-24420-770x433-1.jpg?fit=770%2C433&ssl=1&resize=700%2C400 2x"},"classes":[]},{"id":95254,"url":"https:\/\/www.shqiperia.com\/blog\/marreveshja-e-madhe-e-paqes-cfare-po-diskutojne-shba-te-dhe-rusia-nga-planet-miliarda-dollareshe-te-misioni-i-perbashket-ne-mars-me-spacex-te-musk\/","url_meta":{"origin":96864,"position":4},"title":"Marr\u00ebveshja e Madhe e Paqes, \u00e7far\u00eb po diskutojn\u00eb SHBA-t\u00eb dhe Rusia? Nga planet miliarda dollar\u00ebshe, te misioni i p\u00ebrbashk\u00ebt n\u00eb Mars me SpaceX t\u00eb Musk","author":"Kurt Farka","date":"November 29, 2025","format":false,"excerpt":"29 Nentor 2025 Tre biznesmen\u00eb t\u00eb fuqish\u00ebm, dy amerikan\u00eb dhe nj\u00eb rus, u ul\u00ebn mbi nj\u00eb laptop n\u00eb Miami Beach muajin e kaluar, mesa duket p\u00ebr t\u00eb hartuar nj\u00eb plan p\u00ebr t\u2019i dh\u00ebn\u00eb fund luft\u00ebs n\u00eb Ukrain\u00eb. Por sipas njer\u00ebzve t\u00eb njohur me diskutimet, t\u00eb cituar n\u00eb nj\u00eb artikull nga\u2026","rel":"","context":"In &quot;Blogu i Udh\u00ebtarit&quot;","block_context":{"text":"Blogu i Udh\u00ebtarit","link":"https:\/\/www.shqiperia.com\/blog\/category\/blogu-i-udhetarit\/"},"img":{"alt_text":"","src":"https:\/\/i0.wp.com\/www.shqiperia.com\/blog\/wp-content\/uploads\/2025\/11\/witkoff-kushner.jpg?fit=1156%2C647&ssl=1&resize=350%2C200","width":350,"height":200,"srcset":"https:\/\/i0.wp.com\/www.shqiperia.com\/blog\/wp-content\/uploads\/2025\/11\/witkoff-kushner.jpg?fit=1156%2C647&ssl=1&resize=350%2C200 1x, https:\/\/i0.wp.com\/www.shqiperia.com\/blog\/wp-content\/uploads\/2025\/11\/witkoff-kushner.jpg?fit=1156%2C647&ssl=1&resize=525%2C300 1.5x, https:\/\/i0.wp.com\/www.shqiperia.com\/blog\/wp-content\/uploads\/2025\/11\/witkoff-kushner.jpg?fit=1156%2C647&ssl=1&resize=700%2C400 2x, https:\/\/i0.wp.com\/www.shqiperia.com\/blog\/wp-content\/uploads\/2025\/11\/witkoff-kushner.jpg?fit=1156%2C647&ssl=1&resize=1050%2C600 3x"},"classes":[]},{"id":94508,"url":"https:\/\/www.shqiperia.com\/blog\/shkencetaret-zbulojne-nje-forme-te-panjohur-jete-nen-akullin-e-arktikut\/","url_meta":{"origin":96864,"position":5},"title":"Shkenc\u00ebtar\u00ebt zbulojn\u00eb nj\u00eb form\u00eb t\u00eb panjohur jete n\u00ebn akullin e Arktikut","author":"Kurt Farka","date":"October 30, 2025","format":false,"excerpt":"30 Tetor 2025 Nj\u00eb zbulim befasues nga shkenc\u00ebtar\u00ebt e Universitetit t\u00eb Kopenhagenit po sfidon at\u00eb q\u00eb dihej deri tani p\u00ebr jet\u00ebn n\u00ebn akullin e Arktikut. Nj\u00eb studim i ri ka treguar se procesi i \u201cfiksimit t\u00eb azotit\u201d, i domosdosh\u00ebm p\u00ebr jet\u00ebn n\u00eb tok\u00eb dhe n\u00eb oqean, mund t\u00eb ndodh\u00eb edhe\u2026","rel":"","context":"In &quot;Blogu i Udh\u00ebtarit&quot;","block_context":{"text":"Blogu i Udh\u00ebtarit","link":"https:\/\/www.shqiperia.com\/blog\/category\/blogu-i-udhetarit\/"},"img":{"alt_text":"","src":"https:\/\/i0.wp.com\/www.shqiperia.com\/blog\/wp-content\/uploads\/2025\/10\/ss-1024x582-1.jpg?fit=1024%2C582&ssl=1&resize=350%2C200","width":350,"height":200,"srcset":"https:\/\/i0.wp.com\/www.shqiperia.com\/blog\/wp-content\/uploads\/2025\/10\/ss-1024x582-1.jpg?fit=1024%2C582&ssl=1&resize=350%2C200 1x, https:\/\/i0.wp.com\/www.shqiperia.com\/blog\/wp-content\/uploads\/2025\/10\/ss-1024x582-1.jpg?fit=1024%2C582&ssl=1&resize=525%2C300 1.5x, https:\/\/i0.wp.com\/www.shqiperia.com\/blog\/wp-content\/uploads\/2025\/10\/ss-1024x582-1.jpg?fit=1024%2C582&ssl=1&resize=700%2C400 2x"},"classes":[]}],"_links":{"self":[{"href":"https:\/\/www.shqiperia.com\/blog\/wp-json\/wp\/v2\/posts\/96864","targetHints":{"allow":["GET"]}}],"collection":[{"href":"https:\/\/www.shqiperia.com\/blog\/wp-json\/wp\/v2\/posts"}],"about":[{"href":"https:\/\/www.shqiperia.com\/blog\/wp-json\/wp\/v2\/types\/post"}],"author":[{"embeddable":true,"href":"https:\/\/www.shqiperia.com\/blog\/wp-json\/wp\/v2\/users\/9"}],"replies":[{"embeddable":true,"href":"https:\/\/www.shqiperia.com\/blog\/wp-json\/wp\/v2\/comments?post=96864"}],"version-history":[{"count":1,"href":"https:\/\/www.shqiperia.com\/blog\/wp-json\/wp\/v2\/posts\/96864\/revisions"}],"predecessor-version":[{"id":96866,"href":"https:\/\/www.shqiperia.com\/blog\/wp-json\/wp\/v2\/posts\/96864\/revisions\/96866"}],"wp:featuredmedia":[{"embeddable":true,"href":"https:\/\/www.shqiperia.com\/blog\/wp-json\/wp\/v2\/media\/96865"}],"wp:attachment":[{"href":"https:\/\/www.shqiperia.com\/blog\/wp-json\/wp\/v2\/media?parent=96864"}],"wp:term":[{"taxonomy":"category","embeddable":true,"href":"https:\/\/www.shqiperia.com\/blog\/wp-json\/wp\/v2\/categories?post=96864"},{"taxonomy":"post_tag","embeddable":true,"href":"https:\/\/www.shqiperia.com\/blog\/wp-json\/wp\/v2\/tags?post=96864"}],"curies":[{"name":"wp","href":"https:\/\/api.w.org\/{rel}","templated":true}]}}