{"id":96861,"date":"2026-01-23T11:55:16","date_gmt":"2026-01-23T11:55:16","guid":{"rendered":"https:\/\/www.shqiperia.com\/blog\/?p=96861"},"modified":"2026-01-23T11:55:16","modified_gmt":"2026-01-23T11:55:16","slug":"bisedimet-trepaleshe-ne-abu-dhabi-kremlini-perserit-vijen-e-kuqe-per-paqe-ukrainasit-duhet-te-largohen-nga-donbasi","status":"publish","type":"post","link":"https:\/\/www.shqiperia.com\/blog\/bisedimet-trepaleshe-ne-abu-dhabi-kremlini-perserit-vijen-e-kuqe-per-paqe-ukrainasit-duhet-te-largohen-nga-donbasi\/","title":{"rendered":"Bisedimet trepal\u00ebshe n\u00eb Abu Dhabi, Kremlini p\u00ebrs\u00ebrit \u201cvij\u00ebn e kuqe\u201d: &#8211; P\u00ebr paqe, ukrainasit duhet t\u00eb largohen nga Donbasi"},"content":{"rendered":"<p><img data-recalc-dims=\"1\" loading=\"lazy\" decoding=\"async\" data-attachment-id=\"96862\" data-permalink=\"https:\/\/www.shqiperia.com\/blog\/bisedimet-trepaleshe-ne-abu-dhabi-kremlini-perserit-vijen-e-kuqe-per-paqe-ukrainasit-duhet-te-largohen-nga-donbasi\/kremlini-rusi\/\" data-orig-file=\"https:\/\/i0.wp.com\/www.shqiperia.com\/blog\/wp-content\/uploads\/2026\/01\/kremlini-rusi.jpg?fit=773%2C436&amp;ssl=1\" data-orig-size=\"773,436\" data-comments-opened=\"1\" data-image-meta=\"{&quot;aperture&quot;:&quot;0&quot;,&quot;credit&quot;:&quot;User&quot;,&quot;camera&quot;:&quot;&quot;,&quot;caption&quot;:&quot;&quot;,&quot;created_timestamp&quot;:&quot;1765037991&quot;,&quot;copyright&quot;:&quot;&quot;,&quot;focal_length&quot;:&quot;0&quot;,&quot;iso&quot;:&quot;0&quot;,&quot;shutter_speed&quot;:&quot;0&quot;,&quot;title&quot;:&quot;&quot;,&quot;orientation&quot;:&quot;0&quot;}\" data-image-title=\"kremlini-rusi\" data-image-description=\"\" data-image-caption=\"\" data-medium-file=\"https:\/\/i0.wp.com\/www.shqiperia.com\/blog\/wp-content\/uploads\/2026\/01\/kremlini-rusi.jpg?fit=300%2C169&amp;ssl=1\" data-large-file=\"https:\/\/i0.wp.com\/www.shqiperia.com\/blog\/wp-content\/uploads\/2026\/01\/kremlini-rusi.jpg?fit=773%2C436&amp;ssl=1\" class=\"alignnone  wp-image-96862\" alt=\"\" src=\"https:\/\/i0.wp.com\/www.shqiperia.com\/blog\/wp-content\/uploads\/2026\/01\/kremlini-rusi.jpg?resize=591%2C333&#038;ssl=1\" width=\"591\" height=\"333\" srcset=\"https:\/\/i0.wp.com\/www.shqiperia.com\/blog\/wp-content\/uploads\/2026\/01\/kremlini-rusi.jpg?resize=300%2C169&amp;ssl=1 300w, https:\/\/i0.wp.com\/www.shqiperia.com\/blog\/wp-content\/uploads\/2026\/01\/kremlini-rusi.jpg?resize=768%2C433&amp;ssl=1 768w, https:\/\/i0.wp.com\/www.shqiperia.com\/blog\/wp-content\/uploads\/2026\/01\/kremlini-rusi.jpg?resize=450%2C254&amp;ssl=1 450w, https:\/\/i0.wp.com\/www.shqiperia.com\/blog\/wp-content\/uploads\/2026\/01\/kremlini-rusi.jpg?resize=600%2C338&amp;ssl=1 600w, https:\/\/i0.wp.com\/www.shqiperia.com\/blog\/wp-content\/uploads\/2026\/01\/kremlini-rusi.jpg?resize=400%2C226&amp;ssl=1 400w, https:\/\/i0.wp.com\/www.shqiperia.com\/blog\/wp-content\/uploads\/2026\/01\/kremlini-rusi.jpg?w=773&amp;ssl=1 773w\" sizes=\"auto, (max-width: 591px) 100vw, 591px\" \/><\/p>\n<p><strong>23 Janar 2026<\/strong><\/p>\n<p><strong>Nd\u00ebrsa bisedimet mes Ukrain\u00ebs, Rusis\u00eb dhe Shteteve t\u00eb Bashkuara kan\u00eb filluar n\u00eb Abu Dhabi, Kremlini ka p\u00ebrs\u00ebritur s\u00ebrish \u201cvij\u00ebn e kuqe\u201d dhe t\u00eb panegociueshme p\u00ebr arritjen e nj\u00eb paqeje t\u00eb mundshme.<\/strong><\/p>\n<p>Z\u00ebdh\u00ebn\u00ebsi i Kremlinit Dmitry Peskov theksoi se p\u00ebr t\u2019i dh\u00ebn\u00eb fund konfliktit, ushtria ukrainase duhet t\u00eb largohet nga Donbasi.<\/p>\n<p><em>\u201cForcat e armatosura ukrainase, duhet t\u00eb largohen nga territori i Donbasit, ato duhet t\u00eb t\u00ebrhiqen q\u00eb andej. Ky \u00ebsht\u00eb nj\u00eb kusht shum\u00eb i r\u00ebnd\u00ebsish\u00ebm p\u00ebr nj\u00eb zgjidhje t\u00eb negociuar t\u00eb konfliktit\u201d,<\/em><span>\u00a0<\/span>\u00a0tha Peskov.<\/p>\n<p>\u201cPor ka edhe aspekte t\u00eb tjera q\u00eb mbeten n\u00eb axhend\u00ebn e negociatave\u201d, shtoi ai.<\/p>\n","protected":false},"excerpt":{"rendered":"<p>23 Janar 2026 Nd\u00ebrsa bisedimet mes Ukrain\u00ebs, Rusis\u00eb dhe Shteteve t\u00eb Bashkuara kan\u00eb filluar n\u00eb Abu Dhabi, Kremlini ka p\u00ebrs\u00ebritur s\u00ebrish \u201cvij\u00ebn e kuqe\u201d dhe t\u00eb panegociueshme p\u00ebr arritjen e nj\u00eb paqeje t\u00eb mundshme. Z\u00ebdh\u00ebn\u00ebsi i Kremlinit Dmitry Peskov theksoi se p\u00ebr t\u2019i dh\u00ebn\u00eb fund konfliktit, ushtria ukrainase duhet t\u00eb largohet nga Donbasi. \u201cForcat e [&hellip;]<\/p>\n","protected":false},"author":9,"featured_media":96862,"comment_status":"open","ping_status":"open","sticky":false,"template":"","format":"standard","meta":{"jetpack_post_was_ever_published":false,"_jetpack_newsletter_access":"","_jetpack_dont_email_post_to_subs":false,"_jetpack_newsletter_tier_id":0,"_jetpack_memberships_contains_paywalled_content":false,"_jetpack_memberships_contains_paid_content":false,"footnotes":"","jetpack_publicize_message":"","jetpack_publicize_feature_enabled":true,"jetpack_social_post_already_shared":true,"jetpack_social_options":{"image_generator_settings":{"template":"highway","default_image_id":0,"font":"","enabled":false},"version":2}},"categories":[27,1,2],"tags":[],"class_list":["post-96861","post","type-post","status-publish","format-standard","has-post-thumbnail","hentry","category-blogu-i-udhetarit","category-njoftime-shtypi","category-politika"],"jetpack_publicize_connections":[],"jetpack_featured_media_url":"https:\/\/i0.wp.com\/www.shqiperia.com\/blog\/wp-content\/uploads\/2026\/01\/kremlini-rusi.jpg?fit=773%2C436&ssl=1","jetpack_sharing_enabled":true,"jetpack_shortlink":"https:\/\/wp.me\/p5Z6wp-pch","jetpack-related-posts":[{"id":56568,"url":"https:\/\/www.shqiperia.com\/blog\/cfare-po-paralajmeron-irani-del-me-deklaraten-e-jashtezakonshme-mbi-armet-berthamore-nuk-do-te-bejme-hapa-pas-ne-vijen-e-kuqe\/","url_meta":{"origin":96861,"position":0},"title":"\u00c7far\u00eb po paralajm\u00ebron? Irani del me deklarat\u00ebn e jasht\u00ebzakonshme: &#8211; Mbi arm\u00ebt b\u00ebrthamore nuk do t\u00eb b\u00ebjm\u00eb hapa pas n\u00eb vij\u00ebn e kuqe!","author":"Kurt Farka","date":"April 10, 2022","format":false,"excerpt":"\u00c7far\u00eb po paralajm\u00ebron? Irani del me deklarat\u00ebn e jasht\u00ebzakonshme: - Mbi arm\u00ebt b\u00ebrthamore nuk do t\u00eb b\u00ebjm\u00eb hapa pas n\u00eb vij\u00ebn e kuqe! 10 PRILL 2022 \u00a0\u201cShtetet e Bashkuara kan\u00eb avancuar koh\u00ebt e fundit k\u00ebrkesa dhe kushte t\u00eb tepruara n\u00eb k\u00ebmbim t\u00eb heqjes s\u00eb sanksioneve q\u00eb shkojn\u00eb p\u00ebrtej projekt-marr\u00ebveshjes b\u00ebrthamore\u2026","rel":"","context":"In &quot;Njoftime Shtypi&quot;","block_context":{"text":"Njoftime Shtypi","link":"https:\/\/www.shqiperia.com\/blog\/category\/njoftime-shtypi\/"},"img":{"alt_text":"","src":"https:\/\/i0.wp.com\/www.shqiperia.com\/blog\/wp-content\/uploads\/2022\/04\/Irani-Mbi-armet-berthamore-nuk-do-te-bejme-hapa-pas-ne-vijen-e-kuqe.jpg?fit=800%2C475&ssl=1&resize=350%2C200","width":350,"height":200,"srcset":"https:\/\/i0.wp.com\/www.shqiperia.com\/blog\/wp-content\/uploads\/2022\/04\/Irani-Mbi-armet-berthamore-nuk-do-te-bejme-hapa-pas-ne-vijen-e-kuqe.jpg?fit=800%2C475&ssl=1&resize=350%2C200 1x, https:\/\/i0.wp.com\/www.shqiperia.com\/blog\/wp-content\/uploads\/2022\/04\/Irani-Mbi-armet-berthamore-nuk-do-te-bejme-hapa-pas-ne-vijen-e-kuqe.jpg?fit=800%2C475&ssl=1&resize=525%2C300 1.5x, https:\/\/i0.wp.com\/www.shqiperia.com\/blog\/wp-content\/uploads\/2022\/04\/Irani-Mbi-armet-berthamore-nuk-do-te-bejme-hapa-pas-ne-vijen-e-kuqe.jpg?fit=800%2C475&ssl=1&resize=700%2C400 2x"},"classes":[]},{"id":73097,"url":"https:\/\/www.shqiperia.com\/blog\/putin-deklaron-se-rusia-nuk-i-refuzon-bisedimet-e-paqes-nje-nisme-afrikane-dhe-kineze-mund-te-sherbeje-si-baze\/","url_meta":{"origin":96861,"position":1},"title":"Putin deklaron se Rusia nuk i refuzon bisedimet e paqes. &#8211; Nj\u00eb nism\u00eb afrikane dhe kineze mund t\u00eb sh\u00ebrbej\u00eb si baz\u00eb","author":"Kurt Farka","date":"July 30, 2023","format":false,"excerpt":"30 Korrik 2023 Presidenti rus Vladimir Putin ka th\u00ebn\u00eb se nuk e kund\u00ebrshton iden\u00eb e bisedimeve t\u00eb paqes p\u00ebr Ukrain\u00ebn. Duke folur pas takimit me udh\u00ebheq\u00ebsit afrikan\u00eb n\u00eb Sh\u00ebn Petersburg, ai tha se nj\u00eb nism\u00eb afrikane dhe kineze mund t\u00eb sh\u00ebrbej\u00eb si baz\u00eb p\u00ebr gjetjen e paqes. Presidenti Putin tha\u2026","rel":"","context":"In &quot;Blogu i Udh\u00ebtarit&quot;","block_context":{"text":"Blogu i Udh\u00ebtarit","link":"https:\/\/www.shqiperia.com\/blog\/category\/blogu-i-udhetarit\/"},"img":{"alt_text":"","src":"https:\/\/i0.wp.com\/www.shqiperia.com\/blog\/wp-content\/uploads\/2023\/07\/Download-1-1.jpg?resize=350%2C200&ssl=1","width":350,"height":200,"srcset":"https:\/\/i0.wp.com\/www.shqiperia.com\/blog\/wp-content\/uploads\/2023\/07\/Download-1-1.jpg?resize=350%2C200&ssl=1 1x, https:\/\/i0.wp.com\/www.shqiperia.com\/blog\/wp-content\/uploads\/2023\/07\/Download-1-1.jpg?resize=525%2C300&ssl=1 1.5x, https:\/\/i0.wp.com\/www.shqiperia.com\/blog\/wp-content\/uploads\/2023\/07\/Download-1-1.jpg?resize=700%2C400&ssl=1 2x"},"classes":[]},{"id":80872,"url":"https:\/\/www.shqiperia.com\/blog\/kremlini-paralajmeron-nato-n-kujdes-po-ju-vezhgojme\/","url_meta":{"origin":96861,"position":2},"title":"Kremlini paralajm\u00ebron NATO-n: &#8211; Kujdes, po ju v\u00ebzhgojm\u00eb","author":"Kurt Farka","date":"May 9, 2024","format":false,"excerpt":"9 Maji 2024 Rusia tha se d\u00ebrgimi i trupave t\u00eb NATO-s n\u00eb Ukrain\u00eb potencialisht do t\u00eb p\u00ebrb\u00ebnte nj\u00eb rrezik t\u00eb madh, duke shtuar se Moska po v\u00ebzhgon me kujdes nj\u00eb peticion ukrainas p\u00ebr nj\u00eb nd\u00ebrhyrje t\u00eb till\u00eb. Peticioni, i publikuar n\u00eb ueb-faqen e presidentit t\u00eb Ukrain\u00ebs, thuhet se Ukraina duhet\u2026","rel":"","context":"In &quot;Blogu i Udh\u00ebtarit&quot;","block_context":{"text":"Blogu i Udh\u00ebtarit","link":"https:\/\/www.shqiperia.com\/blog\/category\/blogu-i-udhetarit\/"},"img":{"alt_text":"","src":"https:\/\/i0.wp.com\/www.shqiperia.com\/blog\/wp-content\/uploads\/2024\/05\/800-0-ed3b2a9ff69b9adbaabd6e0af7774761.jpg?fit=800%2C503&ssl=1&resize=350%2C200","width":350,"height":200,"srcset":"https:\/\/i0.wp.com\/www.shqiperia.com\/blog\/wp-content\/uploads\/2024\/05\/800-0-ed3b2a9ff69b9adbaabd6e0af7774761.jpg?fit=800%2C503&ssl=1&resize=350%2C200 1x, https:\/\/i0.wp.com\/www.shqiperia.com\/blog\/wp-content\/uploads\/2024\/05\/800-0-ed3b2a9ff69b9adbaabd6e0af7774761.jpg?fit=800%2C503&ssl=1&resize=525%2C300 1.5x, https:\/\/i0.wp.com\/www.shqiperia.com\/blog\/wp-content\/uploads\/2024\/05\/800-0-ed3b2a9ff69b9adbaabd6e0af7774761.jpg?fit=800%2C503&ssl=1&resize=700%2C400 2x"},"classes":[]},{"id":82182,"url":"https:\/\/www.shqiperia.com\/blog\/lufta-ne-ukraine-dy-keshilltare-te-trump-paraqesin-planin-e-paqes\/","url_meta":{"origin":96861,"position":3},"title":"Lufta n\u00eb Ukrain\u00eb, dy k\u00ebshilltar\u00eb t\u00eb Trump paraqesin planin e &#8216;paqes&#8217;","author":"Kurt Farka","date":"June 26, 2024","format":false,"excerpt":"26 Qershor 2024 Donald Trump i \u00ebsht\u00eb paraqitur nj\u00eb plan p\u00ebr t\u2019i dh\u00ebn\u00eb fund luft\u00ebs n\u00eb Ukrain\u00eb, n\u00ebse ai zgjidhet n\u00eb Sht\u00ebpin\u00eb e Bardh\u00eb n\u00eb n\u00ebntor. Sipas\u00a0mediave t\u00eb huaja, q\u00eb citojn\u00eb agjencin\u00eb e lajmeve Reuters, b\u00ebhet me dije se dy k\u00ebshilltar\u00eb kryesor\u00eb p\u00ebr kandidatin e supozuar republikan kan\u00eb paraqitur planin,\u2026","rel":"","context":"In &quot;Blogu i Udh\u00ebtarit&quot;","block_context":{"text":"Blogu i Udh\u00ebtarit","link":"https:\/\/www.shqiperia.com\/blog\/category\/blogu-i-udhetarit\/"},"img":{"alt_text":"","src":"https:\/\/i0.wp.com\/www.shqiperia.com\/blog\/wp-content\/uploads\/2024\/06\/800-0-667bc3a680970-1.jpg?fit=800%2C517&ssl=1&resize=350%2C200","width":350,"height":200,"srcset":"https:\/\/i0.wp.com\/www.shqiperia.com\/blog\/wp-content\/uploads\/2024\/06\/800-0-667bc3a680970-1.jpg?fit=800%2C517&ssl=1&resize=350%2C200 1x, https:\/\/i0.wp.com\/www.shqiperia.com\/blog\/wp-content\/uploads\/2024\/06\/800-0-667bc3a680970-1.jpg?fit=800%2C517&ssl=1&resize=525%2C300 1.5x, https:\/\/i0.wp.com\/www.shqiperia.com\/blog\/wp-content\/uploads\/2024\/06\/800-0-667bc3a680970-1.jpg?fit=800%2C517&ssl=1&resize=700%2C400 2x"},"classes":[]},{"id":81073,"url":"https:\/\/www.shqiperia.com\/blog\/jemi-te-hapur-per-dialog-mbi-ukrainen-deklarata-e-putinit-ne-prag-te-vizites-ne-kine\/","url_meta":{"origin":96861,"position":4},"title":"\u201cJemi t\u00eb hapur p\u00ebr dialog mbi Ukrain\u00ebn\u201d- Deklarata e Putinit n\u00eb prag t\u00eb vizit\u00ebs n\u00eb Kin\u00eb","author":"Kurt Farka","date":"May 16, 2024","format":false,"excerpt":"16 Maji 2024 Presidenti Vladimir Putin tha se Kremlini \u00ebsht\u00eb i gashm\u00ebm p\u00ebr t\u00eb negociuar mbi konfliktin n\u00eb Ukrain\u00eb, n\u00eb prag t\u00eb vizit\u00ebs n\u00eb Pekin, aleatit q\u00eb ka mb\u00ebshtetur sulmin n\u00eb shkall\u00eb t\u00eb gjer\u00eb t\u00eb Rusis\u00eb ndaj fqinjit t\u00eb saj. \u201cJemi t\u00eb hapur p\u00ebr dialog mbi Ukrain\u00ebn, por k\u00ebto bisedime\u2026","rel":"","context":"In &quot;Blogu i Udh\u00ebtarit&quot;","block_context":{"text":"Blogu i Udh\u00ebtarit","link":"https:\/\/www.shqiperia.com\/blog\/category\/blogu-i-udhetarit\/"},"img":{"alt_text":"","src":"https:\/\/i0.wp.com\/www.shqiperia.com\/blog\/wp-content\/uploads\/2024\/05\/Putin-sot-eshte-cmenduria-e-botes-1.jpg?fit=960%2C540&ssl=1&resize=350%2C200","width":350,"height":200,"srcset":"https:\/\/i0.wp.com\/www.shqiperia.com\/blog\/wp-content\/uploads\/2024\/05\/Putin-sot-eshte-cmenduria-e-botes-1.jpg?fit=960%2C540&ssl=1&resize=350%2C200 1x, https:\/\/i0.wp.com\/www.shqiperia.com\/blog\/wp-content\/uploads\/2024\/05\/Putin-sot-eshte-cmenduria-e-botes-1.jpg?fit=960%2C540&ssl=1&resize=525%2C300 1.5x, https:\/\/i0.wp.com\/www.shqiperia.com\/blog\/wp-content\/uploads\/2024\/05\/Putin-sot-eshte-cmenduria-e-botes-1.jpg?fit=960%2C540&ssl=1&resize=700%2C400 2x"},"classes":[]},{"id":63519,"url":"https:\/\/www.shqiperia.com\/blog\/paralajmeroni-rusine-se-nese-na-sulmon-ne-kiev-kremlini-do-te-goditet-menjehere\/","url_meta":{"origin":96861,"position":5},"title":"Paralajm\u00ebroni Rusin\u00eb se n\u00ebse na sulmon n\u00eb Kiev, Kremlini do t\u00eb goditet menj\u00ebher\u00eb","author":"Kurt Farka","date":"October 23, 2022","format":false,"excerpt":"23 Tetor 2022 Per\u00ebndimi duhet t\u00eb paralajm\u00ebroj\u00eb Mosk\u00ebn se n\u00ebse fillon nj\u00eb sulm b\u00ebrthamor n\u00eb selin\u00eb e qeveris\u00eb ukrainase n\u00eb Kiev, at\u00ebher\u00eb qendra vendimmarr\u00ebse ruse, Kremlini do t\u00eb goditet, tha Volodymyr Zelensky n\u00eb nj\u00eb intervist\u00eb p\u00ebr televizionin kanadez. \u201cSa i p\u00ebrket p\u00ebrdorimit t\u00eb arm\u00ebve b\u00ebrthamore do t\u00eb jap nj\u00eb shembull.\u2026","rel":"","context":"In &quot;Blogu i Udh\u00ebtarit&quot;","block_context":{"text":"Blogu i Udh\u00ebtarit","link":"https:\/\/www.shqiperia.com\/blog\/category\/blogu-i-udhetarit\/"},"img":{"alt_text":"","src":"https:\/\/i0.wp.com\/www.shqiperia.com\/blog\/wp-content\/uploads\/2022\/10\/Zelensky-GettyImages-1240188140.jpg?fit=1100%2C707&ssl=1&resize=350%2C200","width":350,"height":200,"srcset":"https:\/\/i0.wp.com\/www.shqiperia.com\/blog\/wp-content\/uploads\/2022\/10\/Zelensky-GettyImages-1240188140.jpg?fit=1100%2C707&ssl=1&resize=350%2C200 1x, https:\/\/i0.wp.com\/www.shqiperia.com\/blog\/wp-content\/uploads\/2022\/10\/Zelensky-GettyImages-1240188140.jpg?fit=1100%2C707&ssl=1&resize=525%2C300 1.5x, https:\/\/i0.wp.com\/www.shqiperia.com\/blog\/wp-content\/uploads\/2022\/10\/Zelensky-GettyImages-1240188140.jpg?fit=1100%2C707&ssl=1&resize=700%2C400 2x, https:\/\/i0.wp.com\/www.shqiperia.com\/blog\/wp-content\/uploads\/2022\/10\/Zelensky-GettyImages-1240188140.jpg?fit=1100%2C707&ssl=1&resize=1050%2C600 3x"},"classes":[]}],"_links":{"self":[{"href":"https:\/\/www.shqiperia.com\/blog\/wp-json\/wp\/v2\/posts\/96861","targetHints":{"allow":["GET"]}}],"collection":[{"href":"https:\/\/www.shqiperia.com\/blog\/wp-json\/wp\/v2\/posts"}],"about":[{"href":"https:\/\/www.shqiperia.com\/blog\/wp-json\/wp\/v2\/types\/post"}],"author":[{"embeddable":true,"href":"https:\/\/www.shqiperia.com\/blog\/wp-json\/wp\/v2\/users\/9"}],"replies":[{"embeddable":true,"href":"https:\/\/www.shqiperia.com\/blog\/wp-json\/wp\/v2\/comments?post=96861"}],"version-history":[{"count":1,"href":"https:\/\/www.shqiperia.com\/blog\/wp-json\/wp\/v2\/posts\/96861\/revisions"}],"predecessor-version":[{"id":96863,"href":"https:\/\/www.shqiperia.com\/blog\/wp-json\/wp\/v2\/posts\/96861\/revisions\/96863"}],"wp:featuredmedia":[{"embeddable":true,"href":"https:\/\/www.shqiperia.com\/blog\/wp-json\/wp\/v2\/media\/96862"}],"wp:attachment":[{"href":"https:\/\/www.shqiperia.com\/blog\/wp-json\/wp\/v2\/media?parent=96861"}],"wp:term":[{"taxonomy":"category","embeddable":true,"href":"https:\/\/www.shqiperia.com\/blog\/wp-json\/wp\/v2\/categories?post=96861"},{"taxonomy":"post_tag","embeddable":true,"href":"https:\/\/www.shqiperia.com\/blog\/wp-json\/wp\/v2\/tags?post=96861"}],"curies":[{"name":"wp","href":"https:\/\/api.w.org\/{rel}","templated":true}]}}