{"id":96858,"date":"2026-01-23T11:49:32","date_gmt":"2026-01-23T11:49:32","guid":{"rendered":"https:\/\/www.shqiperia.com\/blog\/?p=96858"},"modified":"2026-01-23T11:49:32","modified_gmt":"2026-01-23T11:49:32","slug":"trump-terheq-ftesen-per-kanadane-ne-bordin-e-paqes","status":"publish","type":"post","link":"https:\/\/www.shqiperia.com\/blog\/trump-terheq-ftesen-per-kanadane-ne-bordin-e-paqes\/","title":{"rendered":"Trump t\u00ebrheq ftes\u00ebn p\u00ebr Kanadan\u00eb n\u00eb Bordin e Paqes"},"content":{"rendered":"<p><img data-recalc-dims=\"1\" loading=\"lazy\" decoding=\"async\" data-attachment-id=\"96859\" data-permalink=\"https:\/\/www.shqiperia.com\/blog\/trump-terheq-ftesen-per-kanadane-ne-bordin-e-paqes\/640-0-a8e06680276ce43657345c6aca60f5c1-2\/\" data-orig-file=\"https:\/\/i0.wp.com\/www.shqiperia.com\/blog\/wp-content\/uploads\/2026\/01\/640-0-a8e06680276ce43657345c6aca60f5c1-1.webp?fit=640%2C359&amp;ssl=1\" data-orig-size=\"640,359\" data-comments-opened=\"1\" data-image-meta=\"{&quot;aperture&quot;:&quot;0&quot;,&quot;credit&quot;:&quot;&quot;,&quot;camera&quot;:&quot;&quot;,&quot;caption&quot;:&quot;&quot;,&quot;created_timestamp&quot;:&quot;0&quot;,&quot;copyright&quot;:&quot;&quot;,&quot;focal_length&quot;:&quot;0&quot;,&quot;iso&quot;:&quot;0&quot;,&quot;shutter_speed&quot;:&quot;0&quot;,&quot;title&quot;:&quot;&quot;,&quot;orientation&quot;:&quot;0&quot;}\" data-image-title=\"-640-0-a8e06680276ce43657345c6aca60f5c1\" data-image-description=\"\" data-image-caption=\"\" data-medium-file=\"https:\/\/i0.wp.com\/www.shqiperia.com\/blog\/wp-content\/uploads\/2026\/01\/640-0-a8e06680276ce43657345c6aca60f5c1-1.webp?fit=300%2C168&amp;ssl=1\" data-large-file=\"https:\/\/i0.wp.com\/www.shqiperia.com\/blog\/wp-content\/uploads\/2026\/01\/640-0-a8e06680276ce43657345c6aca60f5c1-1.webp?fit=640%2C359&amp;ssl=1\" class=\"alignnone  wp-image-96859\" alt=\"\" src=\"https:\/\/i0.wp.com\/www.shqiperia.com\/blog\/wp-content\/uploads\/2026\/01\/640-0-a8e06680276ce43657345c6aca60f5c1-1.webp?resize=639%2C358&#038;ssl=1\" width=\"639\" height=\"358\" srcset=\"https:\/\/i0.wp.com\/www.shqiperia.com\/blog\/wp-content\/uploads\/2026\/01\/640-0-a8e06680276ce43657345c6aca60f5c1-1.webp?resize=300%2C168&amp;ssl=1 300w, https:\/\/i0.wp.com\/www.shqiperia.com\/blog\/wp-content\/uploads\/2026\/01\/640-0-a8e06680276ce43657345c6aca60f5c1-1.webp?resize=450%2C252&amp;ssl=1 450w, https:\/\/i0.wp.com\/www.shqiperia.com\/blog\/wp-content\/uploads\/2026\/01\/640-0-a8e06680276ce43657345c6aca60f5c1-1.webp?resize=600%2C337&amp;ssl=1 600w, https:\/\/i0.wp.com\/www.shqiperia.com\/blog\/wp-content\/uploads\/2026\/01\/640-0-a8e06680276ce43657345c6aca60f5c1-1.webp?resize=400%2C224&amp;ssl=1 400w, https:\/\/i0.wp.com\/www.shqiperia.com\/blog\/wp-content\/uploads\/2026\/01\/640-0-a8e06680276ce43657345c6aca60f5c1-1.webp?w=640&amp;ssl=1 640w\" sizes=\"auto, (max-width: 639px) 100vw, 639px\" \/><\/p>\n<p>23 Janar 2026<\/p>\n<p>Donald Trump t\u00ebrhoqi t\u00eb enjten ftes\u00ebn p\u00ebr Kanadan\u00eb p\u00ebr t\u2019iu bashkuar iniciativ\u00ebs s\u00eb tij t\u00eb Bordit t\u00eb Paqes, e cila synon zgjidhjen e konflikteve globale.<\/p>\n<p><em>\u201cJu lutem, kjo let\u00ebr sh\u00ebrben p\u00ebr t\u2019ju njoftuar se Bordi i Paqes po t\u00ebrheq ftes\u00ebn p\u00ebr ju p\u00ebr bashkimin e Kanadas\u00eb n\u00eb at\u00eb q\u00eb do t\u00eb jet\u00eb Bordi m\u00eb prestigjioz i Lider\u00ebve ndonj\u00ebher\u00eb t\u00eb grumbulluar\u201d,<\/em><span>\u00a0<\/span>shkroi Trump n\u00eb nj\u00eb postim n\u00eb Truth Social, drejtuar kryeministrit kanadez Mark Carney.<\/p>\n<p>Trump lan\u00e7oi iniciativ\u00ebn e Bordit t\u00eb Paqes n\u00eb Forumin Ekonomik Bot\u00ebror n\u00eb Davos, duke pretenduar se do t\u00eb jet\u00eb \u201cnj\u00eb nga trupat m\u00eb vendimtar\u00eb ndonj\u00ebher\u00eb krijuar n\u00eb historin\u00eb e bot\u00ebs\u201d. Bordi, i cili do t\u00eb udh\u00ebhiqet nga Trump, u p\u00ebrshkrua fillimisht si nj\u00eb trup\u00eb e p\u00ebrkohshme p\u00ebr t\u00eb mbik\u00ebqyrur qeverisjen dhe rind\u00ebrtimin e Gaz\u00ebs.<\/p>\n<p>Nd\u00ebrkoh\u00eb lider\u00eb t\u00eb shum\u00eb demokracive liberale kan\u00eb refuzuar t\u00eb bashkohen me organizat\u00ebn e re nd\u00ebrkomb\u00ebtare t\u00eb Trump.<\/p>\n<p>Carney e kishte pranuar n\u00eb parim para Davosit, megjith\u00ebse kishte th\u00ebn\u00eb t\u00eb diel\u00ebn se zyrtar\u00ebt e tij nuk kishin shqyrtuar ende \u201ct\u00eb gjitha detajet e struktur\u00ebs, si do t\u00eb funksionoj\u00eb, p\u00ebr \u00e7far\u00eb sh\u00ebrben financimi, etj.\u201d<\/p>\n<p><em>\u201cKanadaja k\u00ebrkon t\u00eb ket\u00eb impakt maksimal me parat\u00eb\u201d,<\/em><span>\u00a0<\/span>tha Carney p\u00ebr gazetar\u00ebt.<\/p>\n<p>Ministri i Financave t\u00eb Kanadas\u00eb, Fran\u00e7ois-Philippe Champagne, njoftoi t\u00eb mart\u00ebn se Kanadaja nuk planifikonte t\u00eb paguante 1 miliard dollar\u00ebt q\u00eb k\u00ebrkoheshin p\u00ebr nj\u00eb vend permanent n\u00eb bord.<\/p>\n<p>N\u00eb nj\u00eb fjalim t\u00eb hapur p\u00ebr lider\u00ebt bot\u00ebror\u00eb n\u00eb Davos t\u00eb mart\u00ebn, Carney p\u00ebrshkroi at\u00eb q\u00eb e quajti \u201cnj\u00eb shp\u00ebrthim\u201d n\u00eb rendin bot\u00ebror t\u00eb m\u00ebparsh\u00ebm t\u00eb bazuar n\u00eb rregulla, i shkaktuar nga sjellja agresive e Trump.<\/p>\n<p>Kur mb\u00ebrriti n\u00eb Davos, Trump b\u00ebri t\u00eb qart\u00eb se kishte d\u00ebgjuar p\u00ebr fjalimin viral t\u00eb Carney-t.<\/p>\n<p><em>\u201cKanadaja jeton p\u00ebr shkak t\u00eb Shteteve t\u00eb Bashkuara. Mos e harro, Mark, her\u00ebn tjet\u00ebr q\u00eb b\u00ebn deklarata t\u00eb tilla\u201d,<\/em><span>\u00a0<\/span>tha Trump t\u00eb m\u00ebrkur\u00ebn.<\/p>\n<p><em>\u201cKanadaja nuk jeton p\u00ebr shkak t\u00eb Shteteve t\u00eb Bashkuara. Kanadaja prosperon sepse jemi kanadez\u00eb\u201d,<\/em><span>\u00a0<\/span>u p\u00ebrgjigj Carney t\u00eb enjten.<\/p>\n<p>As zyra e Carney-t dhe as Sht\u00ebpia e Bardh\u00eb nuk kan\u00eb komentuar menj\u00ebher\u00eb p\u00ebr Reuters.<\/p>\n<p><em>\u201cSapo ky bord t\u00eb formohet plot\u00ebsisht, mund t\u00eb b\u00ebjm\u00eb thuajse \u00e7far\u00eb t\u00eb duam. Dhe do ta b\u00ebjm\u00eb k\u00ebt\u00eb n\u00eb bashk\u00ebpunim me Kombet e Bashkuara\u201d,<\/em><span>\u00a0<\/span>tha Trump t\u00eb enjten n\u00eb Zvic\u00ebr.<\/p>\n<p>Krijimi i bordit u miratua nga nj\u00eb rezolut\u00eb e K\u00ebshillit t\u00eb Sigurimit t\u00eb OKB-s\u00eb si pjes\u00eb e planit t\u00eb paqes s\u00eb Trump p\u00ebr Gaz\u00ebn, dhe z\u00ebdh\u00ebn\u00ebsi i OKB-s\u00eb, Rolando Gomez, tha t\u00eb enjten se angazhimi i OKB-s\u00eb me bordin do t\u00eb jet\u00eb vet\u00ebm n\u00eb k\u00ebt\u00eb kontekst.<\/p>\n<p>Kombet q\u00eb jan\u00eb an\u00ebtare p\u00ebrfshijn\u00eb Argjentin\u00ebn, Bahrejnin, Marokun, Pakistanin dhe Turqin\u00eb. Aleat\u00ebt e tjer\u00eb t\u00eb SHBA-ve, si Britania, Franca dhe Italia, kan\u00eb treguar se nuk do t\u00eb bashkohen p\u00ebr momentin.<\/p>\n","protected":false},"excerpt":{"rendered":"<p>23 Janar 2026 Donald Trump t\u00ebrhoqi t\u00eb enjten ftes\u00ebn p\u00ebr Kanadan\u00eb p\u00ebr t\u2019iu bashkuar iniciativ\u00ebs s\u00eb tij t\u00eb Bordit t\u00eb Paqes, e cila synon zgjidhjen e konflikteve globale. \u201cJu lutem, kjo let\u00ebr sh\u00ebrben p\u00ebr t\u2019ju njoftuar se Bordi i Paqes po t\u00ebrheq ftes\u00ebn p\u00ebr ju p\u00ebr bashkimin e Kanadas\u00eb n\u00eb at\u00eb q\u00eb do t\u00eb jet\u00eb [&hellip;]<\/p>\n","protected":false},"author":9,"featured_media":96859,"comment_status":"open","ping_status":"open","sticky":false,"template":"","format":"standard","meta":{"jetpack_post_was_ever_published":false,"_jetpack_newsletter_access":"","_jetpack_dont_email_post_to_subs":false,"_jetpack_newsletter_tier_id":0,"_jetpack_memberships_contains_paywalled_content":false,"_jetpack_memberships_contains_paid_content":false,"footnotes":"","jetpack_publicize_message":"","jetpack_publicize_feature_enabled":true,"jetpack_social_post_already_shared":true,"jetpack_social_options":{"image_generator_settings":{"template":"highway","default_image_id":0,"font":"","enabled":false},"version":2}},"categories":[27,1],"tags":[],"class_list":["post-96858","post","type-post","status-publish","format-standard","has-post-thumbnail","hentry","category-blogu-i-udhetarit","category-njoftime-shtypi"],"jetpack_publicize_connections":[],"jetpack_featured_media_url":"https:\/\/i0.wp.com\/www.shqiperia.com\/blog\/wp-content\/uploads\/2026\/01\/640-0-a8e06680276ce43657345c6aca60f5c1-1.webp?fit=640%2C359&ssl=1","jetpack_sharing_enabled":true,"jetpack_shortlink":"https:\/\/wp.me\/p5Z6wp-pce","jetpack-related-posts":[{"id":96762,"url":"https:\/\/www.shqiperia.com\/blog\/edhe-kina-ne-bordin-e-paqes-trump-i-dergon-ftesen-nuk-dihet-nese-do-ta-pranoje\/","url_meta":{"origin":96858,"position":0},"title":"Edhe Kina n\u00eb \u2018Bordin e Paqes\u2019 \/ Trump i d\u00ebrgon ftes\u00ebn, nuk dihet n\u00ebse do ta pranoj\u00eb","author":"Kurt Farka","date":"January 20, 2026","format":false,"excerpt":"20 Janar 2016 Kina konfirmoi t\u00eb mart\u00ebn se ishte ftuar t\u00eb bashkohej me \"Bordin e Paqes\" t\u00eb Presidentit t\u00eb SHBA-s\u00eb Donald Trump. Ftesa nga Uashingtoni u ishte b\u00ebr\u00eb dhjet\u00ebra vendeve n\u00eb p\u00ebrpjekjen e tij p\u00ebr t\u00eb nisur nj\u00eb iniciativ\u00eb globale q\u00eb synon zgjidhjen e konflikteve. Por Pekini, i cili koh\u00ebt\u2026","rel":"","context":"In &quot;Blogu i Udh\u00ebtarit&quot;","block_context":{"text":"Blogu i Udh\u00ebtarit","link":"https:\/\/www.shqiperia.com\/blog\/category\/blogu-i-udhetarit\/"},"img":{"alt_text":"","src":"https:\/\/i0.wp.com\/www.shqiperia.com\/blog\/wp-content\/uploads\/2026\/01\/1761549911_donaldtrumpxijinping.jpg?fit=780%2C440&ssl=1&resize=350%2C200","width":350,"height":200,"srcset":"https:\/\/i0.wp.com\/www.shqiperia.com\/blog\/wp-content\/uploads\/2026\/01\/1761549911_donaldtrumpxijinping.jpg?fit=780%2C440&ssl=1&resize=350%2C200 1x, https:\/\/i0.wp.com\/www.shqiperia.com\/blog\/wp-content\/uploads\/2026\/01\/1761549911_donaldtrumpxijinping.jpg?fit=780%2C440&ssl=1&resize=525%2C300 1.5x, https:\/\/i0.wp.com\/www.shqiperia.com\/blog\/wp-content\/uploads\/2026\/01\/1761549911_donaldtrumpxijinping.jpg?fit=780%2C440&ssl=1&resize=700%2C400 2x"},"classes":[]},{"id":97332,"url":"https:\/\/www.shqiperia.com\/blog\/spiropali-ne-shtepine-e-bardhe-pritet-nga-asistenti-special-i-trump-ministrja-bordi-i-paqes-do-te-jete-bordi-i-veprimit\/","url_meta":{"origin":96858,"position":1},"title":"Spiropali n\u00eb Sht\u00ebpin\u00eb e Bardh\u00eb, pritet nga Asistenti Special i Trump. Ministrja: &#8211; Bordi i Paqes do t\u00eb jet\u00eb Bordi i Veprimit","author":"Kurt Farka","date":"February 4, 2026","format":false,"excerpt":"4 Shkurt 2026 Ministrja p\u00ebr Europ\u00ebn dhe Pun\u00ebt e Jashtme, Elisa Spiropali, vizitoi m\u00ebngjesin e sot\u00ebm Sht\u00ebpin\u00eb e Bardh\u00eb n\u00eb Washington t\u00eb Shteteve t\u00eb Bashkuara t\u00eb Amerik\u00ebs. N\u00eb Sht\u00ebpin\u00eb e Bardh\u00eb, Spiropali u prit nga Charles McLaughlin, Asistent Special i Presidentit Trump q\u00eb nj\u00ebkoh\u00ebsisht mban detyr\u00ebn e Drejtorit t\u00eb Lart\u00eb\u2026","rel":"","context":"In &quot;Blogu i Udh\u00ebtarit&quot;","block_context":{"text":"Blogu i Udh\u00ebtarit","link":"https:\/\/www.shqiperia.com\/blog\/category\/blogu-i-udhetarit\/"},"img":{"alt_text":"","src":"https:\/\/i0.wp.com\/www.shqiperia.com\/blog\/wp-content\/uploads\/2026\/02\/Spiropali-ne-Uashington.webp?fit=1200%2C675&ssl=1&resize=350%2C200","width":350,"height":200,"srcset":"https:\/\/i0.wp.com\/www.shqiperia.com\/blog\/wp-content\/uploads\/2026\/02\/Spiropali-ne-Uashington.webp?fit=1200%2C675&ssl=1&resize=350%2C200 1x, https:\/\/i0.wp.com\/www.shqiperia.com\/blog\/wp-content\/uploads\/2026\/02\/Spiropali-ne-Uashington.webp?fit=1200%2C675&ssl=1&resize=525%2C300 1.5x, https:\/\/i0.wp.com\/www.shqiperia.com\/blog\/wp-content\/uploads\/2026\/02\/Spiropali-ne-Uashington.webp?fit=1200%2C675&ssl=1&resize=700%2C400 2x, https:\/\/i0.wp.com\/www.shqiperia.com\/blog\/wp-content\/uploads\/2026\/02\/Spiropali-ne-Uashington.webp?fit=1200%2C675&ssl=1&resize=1050%2C600 3x"},"classes":[]},{"id":97822,"url":"https:\/\/www.shqiperia.com\/blog\/vatikani-refuzon-zyrtarisht-ftesen-e-trump-per-bordin-e-paqes\/","url_meta":{"origin":96858,"position":2},"title":"Vatikani refuzon zyrtarisht ftes\u00ebn e Trump p\u00ebr \u2018Bordin e Paqes\u2019","author":"Kurt Farka","date":"February 18, 2026","format":false,"excerpt":"18 Shkurt 2026 Papa Leo XIV ka refuzuar ftes\u00ebn e Donald Trump p\u00ebr tu bashkuar n\u00eb \u201cBordin e Paqes\u201d. Kardinali Pietro Parolin, sekretari i shtetit i Vatikanit, u tha gazetar\u00ebve t\u00eb mart\u00ebn se Papa kishte nj\u00eb num\u00ebr shqet\u00ebsimesh n\u00eb lidhje me iniciativ\u00ebn dhe se si rezultat ai nuk do t\u00eb\u2026","rel":"","context":"In &quot;Njoftime Shtypi&quot;","block_context":{"text":"Njoftime Shtypi","link":"https:\/\/www.shqiperia.com\/blog\/category\/njoftime-shtypi\/"},"img":{"alt_text":"","src":"https:\/\/i0.wp.com\/www.shqiperia.com\/blog\/wp-content\/uploads\/2026\/02\/25trumppope-4-videoSixteenByNineJumbo1600.jpg?fit=1139%2C771&ssl=1&resize=350%2C200","width":350,"height":200,"srcset":"https:\/\/i0.wp.com\/www.shqiperia.com\/blog\/wp-content\/uploads\/2026\/02\/25trumppope-4-videoSixteenByNineJumbo1600.jpg?fit=1139%2C771&ssl=1&resize=350%2C200 1x, https:\/\/i0.wp.com\/www.shqiperia.com\/blog\/wp-content\/uploads\/2026\/02\/25trumppope-4-videoSixteenByNineJumbo1600.jpg?fit=1139%2C771&ssl=1&resize=525%2C300 1.5x, https:\/\/i0.wp.com\/www.shqiperia.com\/blog\/wp-content\/uploads\/2026\/02\/25trumppope-4-videoSixteenByNineJumbo1600.jpg?fit=1139%2C771&ssl=1&resize=700%2C400 2x, https:\/\/i0.wp.com\/www.shqiperia.com\/blog\/wp-content\/uploads\/2026\/02\/25trumppope-4-videoSixteenByNineJumbo1600.jpg?fit=1139%2C771&ssl=1&resize=1050%2C600 3x"},"classes":[]},{"id":96726,"url":"https:\/\/www.shqiperia.com\/blog\/tarife-1-mld-per-te-bordi-i-paqes-terhiqet-blair-nuk-bie-dakord-as-carney\/","url_meta":{"origin":96858,"position":3},"title":"Tarif\u00eb 1 mld $ p\u00ebr te \u201cBordi i Paqes\u201d? T\u00ebrhiqet Blair, nuk bie dakord as Carney","author":"Kurt Farka","date":"January 19, 2026","format":false,"excerpt":"19 Janar 2026 Ish-kryeministri britanik Tony Blair, i cili \u00ebsht\u00eb em\u00ebruar n\u00eb organin ekzekutiv t\u00eb \u201cBordit t\u00eb Paqes\u201d t\u00eb Donald Trump, \u00ebsht\u00eb distancuar nga k\u00ebrkesa e presidentit q\u00eb vendet t\u00eb paguajn\u00eb 1 miliard dollar\u00eb p\u00ebr an\u00ebtar\u00ebsim t\u00eb p\u00ebrhersh\u00ebm. Blair ka refuzuar t\u00eb mb\u00ebshtes\u00eb k\u00ebrkes\u00ebn p\u00ebr k\u00ebto fonde, e cila bazohet\u2026","rel":"","context":"In &quot;Blogu i Udh\u00ebtarit&quot;","block_context":{"text":"Blogu i Udh\u00ebtarit","link":"https:\/\/www.shqiperia.com\/blog\/category\/blogu-i-udhetarit\/"},"img":{"alt_text":"","src":"https:\/\/i0.wp.com\/www.shqiperia.com\/blog\/wp-content\/uploads\/2026\/01\/image-273-1024x683-1.webp?fit=1024%2C683&ssl=1&resize=350%2C200","width":350,"height":200,"srcset":"https:\/\/i0.wp.com\/www.shqiperia.com\/blog\/wp-content\/uploads\/2026\/01\/image-273-1024x683-1.webp?fit=1024%2C683&ssl=1&resize=350%2C200 1x, https:\/\/i0.wp.com\/www.shqiperia.com\/blog\/wp-content\/uploads\/2026\/01\/image-273-1024x683-1.webp?fit=1024%2C683&ssl=1&resize=525%2C300 1.5x, https:\/\/i0.wp.com\/www.shqiperia.com\/blog\/wp-content\/uploads\/2026\/01\/image-273-1024x683-1.webp?fit=1024%2C683&ssl=1&resize=700%2C400 2x"},"classes":[]},{"id":96815,"url":"https:\/\/www.shqiperia.com\/blog\/trump-i-kerkon-edhe-papes-te-behet-pjese-e-bordit-te-paqes-per-gazen\/","url_meta":{"origin":96858,"position":4},"title":"Trump i k\u00ebrkon edhe Pap\u00ebs t\u00eb b\u00ebhet pjes\u00eb e Bordit t\u00eb Paqes p\u00ebr Gaz\u00ebn","author":"Kurt Farka","date":"January 22, 2026","format":false,"excerpt":"22 Janar 2026 Presidenti i SHBA-s\u00eb, Donald Trump i ka b\u00ebr\u00eb nj\u00eb k\u00ebrkes\u00eb zyrtare Selis\u00eb s\u00eb Shenjt\u00eb n\u00eb Vatikan p\u00ebr t\u2019u b\u00ebr\u00eb pjes\u00eb e Bordit t\u00eb Paqes p\u00ebr rind\u00ebrtimin e Gaz\u00ebs dhe zonave t\u00eb tjera t\u00eb bot\u00ebs, sipas \u201cReuters\u201d. Kardinali Pietro Parolin, sekretari i Shtetit i Vatikanit, tha sot se\u2026","rel":"","context":"In &quot;Blogu i Udh\u00ebtarit&quot;","block_context":{"text":"Blogu i Udh\u00ebtarit","link":"https:\/\/www.shqiperia.com\/blog\/category\/blogu-i-udhetarit\/"},"img":{"alt_text":"","src":"https:\/\/i0.wp.com\/www.shqiperia.com\/blog\/wp-content\/uploads\/2026\/01\/250521-ga-daniel-ibanez-2-large.webp?fit=1200%2C800&ssl=1&resize=350%2C200","width":350,"height":200,"srcset":"https:\/\/i0.wp.com\/www.shqiperia.com\/blog\/wp-content\/uploads\/2026\/01\/250521-ga-daniel-ibanez-2-large.webp?fit=1200%2C800&ssl=1&resize=350%2C200 1x, https:\/\/i0.wp.com\/www.shqiperia.com\/blog\/wp-content\/uploads\/2026\/01\/250521-ga-daniel-ibanez-2-large.webp?fit=1200%2C800&ssl=1&resize=525%2C300 1.5x, https:\/\/i0.wp.com\/www.shqiperia.com\/blog\/wp-content\/uploads\/2026\/01\/250521-ga-daniel-ibanez-2-large.webp?fit=1200%2C800&ssl=1&resize=700%2C400 2x, https:\/\/i0.wp.com\/www.shqiperia.com\/blog\/wp-content\/uploads\/2026\/01\/250521-ga-daniel-ibanez-2-large.webp?fit=1200%2C800&ssl=1&resize=1050%2C600 3x"},"classes":[]},{"id":96747,"url":"https:\/\/www.shqiperia.com\/blog\/zelensky-merr-ftesen-per-te-qene-pjese-e-bordit-te-paqes-presidenti-ukrainas-smund-te-qendroj-krah-putinit\/","url_meta":{"origin":96858,"position":5},"title":"Zelensky merr ftes\u00ebn p\u00ebr t\u00eb qen\u00eb pjes\u00eb e Bordit t\u00eb Paqes, presidenti ukrainas: &#8211; S\u2019mund t\u00eb q\u00ebndroj krah Putinit","author":"Kurt Farka","date":"January 20, 2026","format":false,"excerpt":"20 Janar 2026 Presidenti i Ukrain\u00ebs, Volodymyr Zelensky, ka deklaruar se ka marr\u00eb nj\u00eb ftes\u00eb p\u00ebr t\u00eb bashkuar forcat me Bordin e Paqes, por tha se \u00ebsht\u00eb shum\u00eb e v\u00ebshtir\u00eb p\u00ebr t\u00eb imagjinoj\u00eb mund\u00ebsin\u00eb e bashk\u00ebpunimit me Vladimir Putinin. N\u00eb nj\u00eb intervist\u00eb p\u00ebr gazetar\u00ebt, Zelensky tha: \u201cNe e kemi marr\u00eb\u2026","rel":"","context":"In &quot;Blogu i Udh\u00ebtarit&quot;","block_context":{"text":"Blogu i Udh\u00ebtarit","link":"https:\/\/www.shqiperia.com\/blog\/category\/blogu-i-udhetarit\/"},"img":{"alt_text":"","src":"https:\/\/i0.wp.com\/www.shqiperia.com\/blog\/wp-content\/uploads\/2026\/01\/zelensky_sd.webp?fit=1200%2C675&ssl=1&resize=350%2C200","width":350,"height":200,"srcset":"https:\/\/i0.wp.com\/www.shqiperia.com\/blog\/wp-content\/uploads\/2026\/01\/zelensky_sd.webp?fit=1200%2C675&ssl=1&resize=350%2C200 1x, https:\/\/i0.wp.com\/www.shqiperia.com\/blog\/wp-content\/uploads\/2026\/01\/zelensky_sd.webp?fit=1200%2C675&ssl=1&resize=525%2C300 1.5x, https:\/\/i0.wp.com\/www.shqiperia.com\/blog\/wp-content\/uploads\/2026\/01\/zelensky_sd.webp?fit=1200%2C675&ssl=1&resize=700%2C400 2x, https:\/\/i0.wp.com\/www.shqiperia.com\/blog\/wp-content\/uploads\/2026\/01\/zelensky_sd.webp?fit=1200%2C675&ssl=1&resize=1050%2C600 3x"},"classes":[]}],"_links":{"self":[{"href":"https:\/\/www.shqiperia.com\/blog\/wp-json\/wp\/v2\/posts\/96858","targetHints":{"allow":["GET"]}}],"collection":[{"href":"https:\/\/www.shqiperia.com\/blog\/wp-json\/wp\/v2\/posts"}],"about":[{"href":"https:\/\/www.shqiperia.com\/blog\/wp-json\/wp\/v2\/types\/post"}],"author":[{"embeddable":true,"href":"https:\/\/www.shqiperia.com\/blog\/wp-json\/wp\/v2\/users\/9"}],"replies":[{"embeddable":true,"href":"https:\/\/www.shqiperia.com\/blog\/wp-json\/wp\/v2\/comments?post=96858"}],"version-history":[{"count":1,"href":"https:\/\/www.shqiperia.com\/blog\/wp-json\/wp\/v2\/posts\/96858\/revisions"}],"predecessor-version":[{"id":96860,"href":"https:\/\/www.shqiperia.com\/blog\/wp-json\/wp\/v2\/posts\/96858\/revisions\/96860"}],"wp:featuredmedia":[{"embeddable":true,"href":"https:\/\/www.shqiperia.com\/blog\/wp-json\/wp\/v2\/media\/96859"}],"wp:attachment":[{"href":"https:\/\/www.shqiperia.com\/blog\/wp-json\/wp\/v2\/media?parent=96858"}],"wp:term":[{"taxonomy":"category","embeddable":true,"href":"https:\/\/www.shqiperia.com\/blog\/wp-json\/wp\/v2\/categories?post=96858"},{"taxonomy":"post_tag","embeddable":true,"href":"https:\/\/www.shqiperia.com\/blog\/wp-json\/wp\/v2\/tags?post=96858"}],"curies":[{"name":"wp","href":"https:\/\/api.w.org\/{rel}","templated":true}]}}