{"id":96852,"date":"2026-01-23T11:39:44","date_gmt":"2026-01-23T11:39:44","guid":{"rendered":"https:\/\/www.shqiperia.com\/blog\/?p=96852"},"modified":"2026-01-23T11:39:44","modified_gmt":"2026-01-23T11:39:44","slug":"masaker-ne-fushen-e-futbollit-disa-te-maskuar-si-oficere-policie-ekzekutojne-tre-persona","status":"publish","type":"post","link":"https:\/\/www.shqiperia.com\/blog\/masaker-ne-fushen-e-futbollit-disa-te-maskuar-si-oficere-policie-ekzekutojne-tre-persona\/","title":{"rendered":"Masak\u00ebr n\u00eb fush\u00ebn e futbollit, disa t\u00eb maskuar si oficer\u00eb policie ekzekutojn\u00eb tre persona"},"content":{"rendered":"<div class=\"firstP\">\n<p><img data-recalc-dims=\"1\" loading=\"lazy\" decoding=\"async\" data-attachment-id=\"96853\" data-permalink=\"https:\/\/www.shqiperia.com\/blog\/masaker-ne-fushen-e-futbollit-disa-te-maskuar-si-oficere-policie-ekzekutojne-tre-persona\/63564564_sd\/\" data-orig-file=\"https:\/\/i0.wp.com\/www.shqiperia.com\/blog\/wp-content\/uploads\/2026\/01\/63564564_sd.webp?fit=1280%2C720&amp;ssl=1\" data-orig-size=\"1280,720\" data-comments-opened=\"1\" data-image-meta=\"{&quot;aperture&quot;:&quot;0&quot;,&quot;credit&quot;:&quot;&quot;,&quot;camera&quot;:&quot;&quot;,&quot;caption&quot;:&quot;&quot;,&quot;created_timestamp&quot;:&quot;0&quot;,&quot;copyright&quot;:&quot;&quot;,&quot;focal_length&quot;:&quot;0&quot;,&quot;iso&quot;:&quot;0&quot;,&quot;shutter_speed&quot;:&quot;0&quot;,&quot;title&quot;:&quot;&quot;,&quot;orientation&quot;:&quot;0&quot;}\" data-image-title=\"63564564_sd\" data-image-description=\"\" data-image-caption=\"\" data-medium-file=\"https:\/\/i0.wp.com\/www.shqiperia.com\/blog\/wp-content\/uploads\/2026\/01\/63564564_sd.webp?fit=300%2C169&amp;ssl=1\" data-large-file=\"https:\/\/i0.wp.com\/www.shqiperia.com\/blog\/wp-content\/uploads\/2026\/01\/63564564_sd.webp?fit=1024%2C576&amp;ssl=1\" class=\"alignnone  wp-image-96853\" alt=\"\" src=\"https:\/\/i0.wp.com\/www.shqiperia.com\/blog\/wp-content\/uploads\/2026\/01\/63564564_sd.webp?resize=660%2C372&#038;ssl=1\" width=\"660\" height=\"372\" srcset=\"https:\/\/i0.wp.com\/www.shqiperia.com\/blog\/wp-content\/uploads\/2026\/01\/63564564_sd.webp?resize=300%2C169&amp;ssl=1 300w, https:\/\/i0.wp.com\/www.shqiperia.com\/blog\/wp-content\/uploads\/2026\/01\/63564564_sd.webp?resize=1024%2C576&amp;ssl=1 1024w, https:\/\/i0.wp.com\/www.shqiperia.com\/blog\/wp-content\/uploads\/2026\/01\/63564564_sd.webp?resize=768%2C432&amp;ssl=1 768w, https:\/\/i0.wp.com\/www.shqiperia.com\/blog\/wp-content\/uploads\/2026\/01\/63564564_sd.webp?resize=450%2C253&amp;ssl=1 450w, https:\/\/i0.wp.com\/www.shqiperia.com\/blog\/wp-content\/uploads\/2026\/01\/63564564_sd.webp?resize=600%2C338&amp;ssl=1 600w, https:\/\/i0.wp.com\/www.shqiperia.com\/blog\/wp-content\/uploads\/2026\/01\/63564564_sd.webp?resize=400%2C225&amp;ssl=1 400w, https:\/\/i0.wp.com\/www.shqiperia.com\/blog\/wp-content\/uploads\/2026\/01\/63564564_sd.webp?w=1280&amp;ssl=1 1280w\" sizes=\"auto, (max-width: 660px) 100vw, 660px\" \/><\/p>\n<p>23 Janar 2025<\/p>\n<p>Nj\u00eb ngjarje e tmerrshme ka tronditur qytetin e Guayaquil, Ekuador, kur tre burra t\u00eb armatosur, t\u00eb maskuar si oficer\u00eb policie, sulmuan nj\u00eb fush\u00eb futbolli dhe ekzekutuan tre persona para syve t\u00eb lojtar\u00ebve dhe spektator\u00ebve t\u00eb tjer\u00eb.<\/p>\n<\/div>\n<p>Nj\u00eb video sigurie nga nj\u00eb komunitet i mbyllur, pran\u00eb qytetit t\u00eb portit t\u00eb Guayaquil, tregon momentin kur nj\u00eb ndeshje futbolli normale u shnd\u00ebrrua n\u00eb nj\u00eb sken\u00eb t\u00eb frikshme krimi. Papritur, tre burra t\u00eb maskuar dhe t\u00eb veshur si oficer\u00eb policie hyjn\u00eb n\u00eb fush\u00eb dhe nisin sulmin.<\/p>\n<p>Lojtar\u00ebt, kur kuptojn\u00eb q\u00eb di\u00e7ka nuk shkon, bien n\u00eb tok\u00eb dhe p\u00ebrpiqen t\u00eb shmangin v\u00ebmendjen e sulmuesve. Pas nj\u00eb periudhe t\u00eb shkurt\u00ebr tensioni, vras\u00ebsit sh\u00ebnjestruan viktim\u00ebn kryesore \u2013 nj\u00eb burr\u00eb t\u00eb veshur me t\u00eb zeza q\u00eb ndodhej n\u00eb qend\u00ebr t\u00eb fush\u00ebs.<\/p>\n<p>Ata e godasin at\u00eb me k\u00ebmb\u00eb teksa ai ishte i shtrir\u00eb n\u00eb tok\u00eb, duke i shtypur kok\u00ebn me k\u00ebmb\u00eb dhe ekzekutuar at\u00eb me nj\u00eb plumb n\u00eb kok\u00eb, nga af\u00ebr, para syve t\u00eb lojtar\u00ebve t\u00eb tjer\u00eb q\u00eb ishin t\u00eb paralizuar nga tmerri. M\u00eb pas, sulmuesit u larguan po aq shpejt sa kishin arritur.<\/p>\n<p>P\u00ebr disa \u00e7aste, t\u00eb mbijetuarit ngrihen ngadal\u00eb dhe jan\u00eb t\u00eb shokuar nga ajo q\u00eb kishin par\u00eb. Pa humbur koh\u00eb, ata largohen nga fusha, duke l\u00ebn\u00eb trupin e pajet\u00eb t\u00eb viktim\u00ebs n\u00eb mes t\u00eb fush\u00ebs.<\/p>\n<p>Sulmi ka zgjatur vet\u00ebm pes\u00eb minuta, por pas ngjarjes jan\u00eb gjetur dy trupa t\u00eb tjer\u00eb t\u00eb pajet\u00eb n\u00eb zon\u00ebn p\u00ebrreth. Sipas gazet\u00ebs ekuadoriane<span>\u00a0<\/span><a href=\"https:\/\/www.eluniverso.com\/guayaquil\/comunidad\/alias-marino-cabecilla-de-los-lagartos-figuro-como-accionista-y-gerente-de-empresas-de-seguridad-y-exportadoras-nota\/\">El Universo<\/a>, sulmuesit kishin rrahur rojet e siguris\u00eb t\u00eb komunitetit, i kishin lidhur dhe vjedhur arm\u00ebt e tyre para se t\u00eb realizonin ekzekutimin.<\/p>\n<p>Nj\u00eb nga viktimat \u00ebsht\u00eb identifikuar si Stalin Rolando Olivero Vargas, i njohur me nofk\u00ebn \u201cMarino\u201d. Ai ishte nj\u00eb lider i njohur i band\u00ebs kriminale t\u00eb organizuar Los Lagartos (Krokodilat), e cila kontrollon disa zona n\u00eb jug t\u00eb Guayaquil dhe \u00ebsht\u00eb nj\u00eb nga grupet q\u00eb ka qen\u00eb n\u00eb radarin e policis\u00eb p\u00ebr vite me radh\u00eb. Policia dyshon se ai mund t\u00eb ket\u00eb qen\u00eb objektivi i nj\u00eb band\u00eb rivale.<\/p>\n<p>Dy viktimat e tjera jan\u00eb identifikuar si Jefferson Xavier Salon Olivero (33 vje\u00e7) dhe Richard Josue Mina Vergara (29 vje\u00e7), t\u00eb dy me rekorde t\u00eb gjata kriminale, p\u00ebrfshir\u00eb akuza p\u00ebr trafikim nd\u00ebrkomb\u00ebtar droge, vrasje dhe vjedhje.<\/p>\n<p>Ministri i Brendsh\u00ebm, Juan Reimburg, ka konfirmuar se Olivero Vargas mund t\u00eb ket\u00eb qen\u00eb objektiv i nj\u00eb grupi rival, ve\u00e7an\u00ebrisht pasi ai ishte duke konsideruar kalimin te nj\u00eb organizat\u00eb tjet\u00ebr kriminale, Los Lobos (Ujqit), nj\u00eb l\u00ebvizje q\u00eb mund t\u00eb ket\u00eb shpejtuar fatin e tij.<\/p>\n<p>Policia kishte ndjekur nga af\u00ebr Olivero p\u00ebr disa jav\u00eb para vrasjes dhe disa dit\u00eb para ngjarjes kishte realizuar kontrolle n\u00eb nj\u00eb zon\u00eb t\u00eb af\u00ebrt p\u00ebr ta gjetur at\u00eb. Sipas hetimeve, ai kishte nj\u00eb lidhje romantike me Micaela Morales Arcos, vajz\u00ebn e ish-prefektit t\u00eb provinc\u00ebs Guayas, Carlos Luis Morales.<\/p>\n<p>Deri m\u00eb tani, nuk jan\u00eb b\u00ebr\u00eb arrestime lidhur me k\u00ebt\u00eb sulm t\u00eb r\u00ebnd\u00eb.<\/p>\n<p class=\"last\"><strong>Top Channel<\/strong><\/p>\n","protected":false},"excerpt":{"rendered":"<p>23 Janar 2025 Nj\u00eb ngjarje e tmerrshme ka tronditur qytetin e Guayaquil, Ekuador, kur tre burra t\u00eb armatosur, t\u00eb maskuar si oficer\u00eb policie, sulmuan nj\u00eb fush\u00eb futbolli dhe ekzekutuan tre persona para syve t\u00eb lojtar\u00ebve dhe spektator\u00ebve t\u00eb tjer\u00eb. Nj\u00eb video sigurie nga nj\u00eb komunitet i mbyllur, pran\u00eb qytetit t\u00eb portit t\u00eb Guayaquil, tregon momentin [&hellip;]<\/p>\n","protected":false},"author":9,"featured_media":96853,"comment_status":"open","ping_status":"open","sticky":false,"template":"","format":"standard","meta":{"jetpack_post_was_ever_published":false,"_jetpack_newsletter_access":"","_jetpack_dont_email_post_to_subs":false,"_jetpack_newsletter_tier_id":0,"_jetpack_memberships_contains_paywalled_content":false,"_jetpack_memberships_contains_paid_content":false,"footnotes":"","jetpack_publicize_message":"","jetpack_publicize_feature_enabled":true,"jetpack_social_post_already_shared":true,"jetpack_social_options":{"image_generator_settings":{"template":"highway","default_image_id":0,"font":"","enabled":false},"version":2}},"categories":[27,1],"tags":[],"class_list":["post-96852","post","type-post","status-publish","format-standard","has-post-thumbnail","hentry","category-blogu-i-udhetarit","category-njoftime-shtypi"],"jetpack_publicize_connections":[],"jetpack_featured_media_url":"https:\/\/i0.wp.com\/www.shqiperia.com\/blog\/wp-content\/uploads\/2026\/01\/63564564_sd.webp?fit=1280%2C720&ssl=1","jetpack_sharing_enabled":true,"jetpack_shortlink":"https:\/\/wp.me\/p5Z6wp-pc8","jetpack-related-posts":[{"id":82031,"url":"https:\/\/www.shqiperia.com\/blog\/zvicer-reshje-te-dendura-shiu-dhe-rreshqitje-dheu-zhduken-tre-persona\/","url_meta":{"origin":96852,"position":0},"title":"Zvicer &#8211; Reshje t\u00eb dendura shiu dhe rr\u00ebshqitje dheu, zhduken tre persona","author":"Kurt Farka","date":"June 23, 2024","format":false,"excerpt":"23 Qershor 2024 Teksa nj\u00eb pjes\u00eb e madhe e kontinentit europian po p\u00ebrballet me temperatura t\u00eb larta tej normales, pjes\u00eb t\u00eb tjera jan\u00eb prekur nga stuhi t\u00eb shoq\u00ebruara me reshje t\u00eb dendura shiu, mes tyre edhe Zvicra. Shteti helvetik \u00ebsht\u00eb goditur nga reshje t\u00eb forta shiu, t\u00eb cilat kan\u00eb shkaktuar\u2026","rel":"","context":"In &quot;Blogu i Udh\u00ebtarit&quot;","block_context":{"text":"Blogu i Udh\u00ebtarit","link":"https:\/\/www.shqiperia.com\/blog\/category\/blogu-i-udhetarit\/"},"img":{"alt_text":"","src":"https:\/\/i0.wp.com\/www.shqiperia.com\/blog\/wp-content\/uploads\/2024\/06\/800-0-f027d205c135cef9110b13dd3044983c.jpg?fit=800%2C405&ssl=1&resize=350%2C200","width":350,"height":200,"srcset":"https:\/\/i0.wp.com\/www.shqiperia.com\/blog\/wp-content\/uploads\/2024\/06\/800-0-f027d205c135cef9110b13dd3044983c.jpg?fit=800%2C405&ssl=1&resize=350%2C200 1x, https:\/\/i0.wp.com\/www.shqiperia.com\/blog\/wp-content\/uploads\/2024\/06\/800-0-f027d205c135cef9110b13dd3044983c.jpg?fit=800%2C405&ssl=1&resize=525%2C300 1.5x, https:\/\/i0.wp.com\/www.shqiperia.com\/blog\/wp-content\/uploads\/2024\/06\/800-0-f027d205c135cef9110b13dd3044983c.jpg?fit=800%2C405&ssl=1&resize=700%2C400 2x"},"classes":[]},{"id":81216,"url":"https:\/\/www.shqiperia.com\/blog\/tre-deputete-socialiste-ne-dosjen-e-spak-ut-collaku-ndoka-i-hyri-politikes-kur-rama-shpalli-aleancen-e-qelbesirave\/","url_meta":{"origin":96852,"position":1},"title":"&#8221;Tre deputet\u00eb socialist\u00eb n\u00eb dosjen e SPAK-ut&#8221;, \u00c7ollaku: &#8211; Ndoka i hyri politik\u00ebs kur Rama shpalli aleanc\u00ebn e &#8221;qelb\u00ebsirave&#8221;","author":"Kurt Farka","date":"May 22, 2024","format":false,"excerpt":"22 Maji 2024 Gazetari, Basir \u00c7ollaku i ftuar n\u00eb emisionin \u2018\u2019Ora e Betit\u2019\u2019 n\u00eb Ora News u shpreh se n\u00eb dosjen e SPAK-ut jan\u00eb tre erma deputet\u00ebsh t\u00eb partis\u00eb socialiste. \u00c7ollaku:\u00a0Vet\u00ebm n\u00eb k\u00ebt\u00eb episod t\u00eb publikuar jan\u00eb tre deputet\u00eb t\u00eb partis\u00eb socialiste. Arben Ndoka, Eduart Ndreca dhe Rrajat, histori vrasje,\u2026","rel":"","context":"In &quot;Blogu i Udh\u00ebtarit&quot;","block_context":{"text":"Blogu i Udh\u00ebtarit","link":"https:\/\/www.shqiperia.com\/blog\/category\/blogu-i-udhetarit\/"},"img":{"alt_text":"","src":"https:\/\/i0.wp.com\/www.shqiperia.com\/blog\/wp-content\/uploads\/2024\/05\/x720.jpg?fit=1200%2C675&ssl=1&resize=350%2C200","width":350,"height":200,"srcset":"https:\/\/i0.wp.com\/www.shqiperia.com\/blog\/wp-content\/uploads\/2024\/05\/x720.jpg?fit=1200%2C675&ssl=1&resize=350%2C200 1x, https:\/\/i0.wp.com\/www.shqiperia.com\/blog\/wp-content\/uploads\/2024\/05\/x720.jpg?fit=1200%2C675&ssl=1&resize=525%2C300 1.5x, https:\/\/i0.wp.com\/www.shqiperia.com\/blog\/wp-content\/uploads\/2024\/05\/x720.jpg?fit=1200%2C675&ssl=1&resize=700%2C400 2x, https:\/\/i0.wp.com\/www.shqiperia.com\/blog\/wp-content\/uploads\/2024\/05\/x720.jpg?fit=1200%2C675&ssl=1&resize=1050%2C600 3x"},"classes":[]},{"id":73205,"url":"https:\/\/www.shqiperia.com\/blog\/kopshtit-zoologjik-ne-kinen-lindore-dyshojne-se-ne-te-nuk-ka-kafshe-por-njerez-te-maskuar-si-te-tille\/","url_meta":{"origin":96852,"position":2},"title":"Kopshtit zoologjik n\u00eb Kin\u00ebn lindore dyshojn\u00eb s\u00eb n\u00eb t\u00eb nuk ka kafsh\u00eb, por njer\u00ebz t\u00eb maskuar si t\u00eb till\u00eb.","author":"Kurt Farka","date":"August 2, 2023","format":false,"excerpt":"2 Gusht 2023 Pamjet e nj\u00eb ariu q\u00eb q\u00ebndron n\u00eb k\u00ebmb\u00eb si nj\u00eb njeri, ka b\u00ebr\u00eb q\u00eb vizitoret e nj\u00eb kopshtit zoologjik n\u00eb Kin\u00ebn lindore t\u00eb dyshojn\u00eb s\u00eb n\u00eb t\u00eb nuk ka kafsh\u00eb, por njer\u00ebz t\u00eb maskuar si t\u00eb till\u00eb. Nj\u00eb kopsht zoologjik n\u00eb Kin\u00eb akuzohet se kan\u00eb maskuar njer\u00ebz\u2026","rel":"","context":"In &quot;Blogu i Udh\u00ebtarit&quot;","block_context":{"text":"Blogu i Udh\u00ebtarit","link":"https:\/\/www.shqiperia.com\/blog\/category\/blogu-i-udhetarit\/"},"img":{"alt_text":"","src":"https:\/\/i0.wp.com\/www.shqiperia.com\/blog\/wp-content\/uploads\/2023\/08\/640-0-c091f103f02ceb54dd706576253e6a09-1.jpg?fit=640%2C426&ssl=1&resize=350%2C200","width":350,"height":200,"srcset":"https:\/\/i0.wp.com\/www.shqiperia.com\/blog\/wp-content\/uploads\/2023\/08\/640-0-c091f103f02ceb54dd706576253e6a09-1.jpg?fit=640%2C426&ssl=1&resize=350%2C200 1x, https:\/\/i0.wp.com\/www.shqiperia.com\/blog\/wp-content\/uploads\/2023\/08\/640-0-c091f103f02ceb54dd706576253e6a09-1.jpg?fit=640%2C426&ssl=1&resize=525%2C300 1.5x"},"classes":[]},{"id":73559,"url":"https:\/\/www.shqiperia.com\/blog\/spo-trajtohet-si-skandal-por-si-lutfi-dervishi-sky-do-te-beje-te-mundur-dridhjen-e-nen-tokes-se-krimit-te-veshur-me-uniforme-polici\/","url_meta":{"origin":96852,"position":3},"title":"\u201cS\u2019po trajtohet si skandal, por si\u2026\u201d- Lutfi Dervishi: SKY do t\u00eb b\u00ebj\u00eb t\u00eb mundur dridhjen e (n\u00ebn) tok\u00ebs s\u00eb krimit t\u00eb veshur me uniform\u00eb polici","author":"Kurt Farka","date":"August 15, 2023","format":false,"excerpt":"Nga\u00a0Lutfi Dervishi SKY do t\u00eb trondis\u00eb qiellin dhe (n\u00ebn)tok\u00ebn Imagjinoni t\u00eb lexoni nj\u00eb lib\u00ebr policor apo t\u00eb shihni nj\u00eb film n\u00eb Netflix ku paditet n\u00eb Prokurori nj\u00eb struktur\u00eb e policis\u00eb q\u00eb merret me v\u00ebzhgimin, p\u00ebrgjimin, vendosjen GPS, infiltrimin n\u00eb organizatat kriminale, lokalizimin e personave n\u00eb k\u00ebrkim, operacionet e transportit (t\u00eb\u2026","rel":"","context":"In &quot;Blogu i Udh\u00ebtarit&quot;","block_context":{"text":"Blogu i Udh\u00ebtarit","link":"https:\/\/www.shqiperia.com\/blog\/category\/blogu-i-udhetarit\/"},"img":{"alt_text":"","src":"https:\/\/i0.wp.com\/www.shqiperia.com\/blog\/wp-content\/uploads\/2023\/08\/1692093265_finalprojekt.00281010.Still058-300x169.jpg?resize=350%2C200&ssl=1","width":350,"height":200,"srcset":"https:\/\/i0.wp.com\/www.shqiperia.com\/blog\/wp-content\/uploads\/2023\/08\/1692093265_finalprojekt.00281010.Still058-300x169.jpg?resize=350%2C200&ssl=1 1x, https:\/\/i0.wp.com\/www.shqiperia.com\/blog\/wp-content\/uploads\/2023\/08\/1692093265_finalprojekt.00281010.Still058-300x169.jpg?resize=525%2C300&ssl=1 1.5x, https:\/\/i0.wp.com\/www.shqiperia.com\/blog\/wp-content\/uploads\/2023\/08\/1692093265_finalprojekt.00281010.Still058-300x169.jpg?resize=700%2C400&ssl=1 2x"},"classes":[]},{"id":48424,"url":"https:\/\/www.shqiperia.com\/blog\/tentuan-te-shisnin-statujen-e-perendeshes-greke-tre-burrat-perfundojne-ne-pranga\/","url_meta":{"origin":96852,"position":4},"title":"Tentuan t\u00eb shisnin statuj\u00ebn e Per\u00ebndesh\u00ebs greke, tre burrat p\u00ebrfundojn\u00eb n\u00eb pranga","author":"Kurt Farka","date":"July 12, 2021","format":false,"excerpt":"Tentuan t\u00eb shisnin statuj\u00ebn e Per\u00ebndesh\u00ebs greke, tre burrat p\u00ebrfundojn\u00eb n\u00eb pranga Qershor 2021 3 shtetas grek\u00eb kan\u00eb p\u00ebrfunduar n\u00eb pranga, pasi jan\u00eb p\u00ebrpjekur t\u00eb shesin nj\u00eb statuj\u00eb bt\u00eb nj\u00eb perendesha greke. Statuja prej mermeri, besohet se \u00ebsht\u00eb krijuar n\u00eb shekullin e dyt\u00eb ose tret\u00eb pas Krishtit, kur Greqia ishte\u2026","rel":"","context":"In &quot;Histori&quot;","block_context":{"text":"Histori","link":"https:\/\/www.shqiperia.com\/blog\/category\/histori\/"},"img":{"alt_text":"","src":"https:\/\/i0.wp.com\/www.shqiperia.com\/blog\/wp-content\/uploads\/2021\/07\/1624889117_773x435cmsv2dc8132c2636f54d499ac60746fcb9fb058140661-Copy.jpg?fit=634%2C323&ssl=1&resize=350%2C200","width":350,"height":200,"srcset":"https:\/\/i0.wp.com\/www.shqiperia.com\/blog\/wp-content\/uploads\/2021\/07\/1624889117_773x435cmsv2dc8132c2636f54d499ac60746fcb9fb058140661-Copy.jpg?fit=634%2C323&ssl=1&resize=350%2C200 1x, https:\/\/i0.wp.com\/www.shqiperia.com\/blog\/wp-content\/uploads\/2021\/07\/1624889117_773x435cmsv2dc8132c2636f54d499ac60746fcb9fb058140661-Copy.jpg?fit=634%2C323&ssl=1&resize=525%2C300 1.5x"},"classes":[]},{"id":91145,"url":"https:\/\/www.shqiperia.com\/blog\/te-maskuar-si-pelegrine-ndalohen-ne-kosove-disa-pjesetare-te-sherbimeve-te-sigurise-serbe\/","url_meta":{"origin":96852,"position":5},"title":"T\u00eb maskuar si pelegrin\u00eb, ndalohen n\u00eb Kosov\u00eb disa pjes\u00ebtar\u00eb t\u00eb sh\u00ebrbimeve t\u00eb siguris\u00eb serbe","author":"Kurt Farka","date":"April 7, 2025","format":false,"excerpt":"7 Prill 2025 16 serb\u00eb jan\u00eb arrestuar n\u00eb territorin e Republik\u00ebs s\u00eb Kosov\u00ebs. Autoritetet e kan\u00eb p\u00ebrshkruar prezenc\u00ebn e tyre si \u201cp\u00ebrpjekje p\u00ebr destabilizim\u201d. N\u00eb Gjakov\u00eb t\u00eb shtun\u00ebn u arrestuan dy serb\u00eb nga Mitrovica dhe dy t\u00eb tjer\u00eb nga Serbia. Nj\u00ebri nga Novi Sadi e tjetri nga Beogradi. Burime t\u00eb\u2026","rel":"","context":"In &quot;Blogu i Udh\u00ebtarit&quot;","block_context":{"text":"Blogu i Udh\u00ebtarit","link":"https:\/\/www.shqiperia.com\/blog\/category\/blogu-i-udhetarit\/"},"img":{"alt_text":"","src":"https:\/\/i0.wp.com\/www.shqiperia.com\/blog\/wp-content\/uploads\/2025\/04\/1000-0-1743958588xpasaporta-767-png.webp?fit=1000%2C559&ssl=1&resize=350%2C200","width":350,"height":200,"srcset":"https:\/\/i0.wp.com\/www.shqiperia.com\/blog\/wp-content\/uploads\/2025\/04\/1000-0-1743958588xpasaporta-767-png.webp?fit=1000%2C559&ssl=1&resize=350%2C200 1x, https:\/\/i0.wp.com\/www.shqiperia.com\/blog\/wp-content\/uploads\/2025\/04\/1000-0-1743958588xpasaporta-767-png.webp?fit=1000%2C559&ssl=1&resize=525%2C300 1.5x, https:\/\/i0.wp.com\/www.shqiperia.com\/blog\/wp-content\/uploads\/2025\/04\/1000-0-1743958588xpasaporta-767-png.webp?fit=1000%2C559&ssl=1&resize=700%2C400 2x"},"classes":[]}],"_links":{"self":[{"href":"https:\/\/www.shqiperia.com\/blog\/wp-json\/wp\/v2\/posts\/96852","targetHints":{"allow":["GET"]}}],"collection":[{"href":"https:\/\/www.shqiperia.com\/blog\/wp-json\/wp\/v2\/posts"}],"about":[{"href":"https:\/\/www.shqiperia.com\/blog\/wp-json\/wp\/v2\/types\/post"}],"author":[{"embeddable":true,"href":"https:\/\/www.shqiperia.com\/blog\/wp-json\/wp\/v2\/users\/9"}],"replies":[{"embeddable":true,"href":"https:\/\/www.shqiperia.com\/blog\/wp-json\/wp\/v2\/comments?post=96852"}],"version-history":[{"count":1,"href":"https:\/\/www.shqiperia.com\/blog\/wp-json\/wp\/v2\/posts\/96852\/revisions"}],"predecessor-version":[{"id":96854,"href":"https:\/\/www.shqiperia.com\/blog\/wp-json\/wp\/v2\/posts\/96852\/revisions\/96854"}],"wp:featuredmedia":[{"embeddable":true,"href":"https:\/\/www.shqiperia.com\/blog\/wp-json\/wp\/v2\/media\/96853"}],"wp:attachment":[{"href":"https:\/\/www.shqiperia.com\/blog\/wp-json\/wp\/v2\/media?parent=96852"}],"wp:term":[{"taxonomy":"category","embeddable":true,"href":"https:\/\/www.shqiperia.com\/blog\/wp-json\/wp\/v2\/categories?post=96852"},{"taxonomy":"post_tag","embeddable":true,"href":"https:\/\/www.shqiperia.com\/blog\/wp-json\/wp\/v2\/tags?post=96852"}],"curies":[{"name":"wp","href":"https:\/\/api.w.org\/{rel}","templated":true}]}}