{"id":96848,"date":"2026-01-22T22:56:08","date_gmt":"2026-01-22T22:56:08","guid":{"rendered":"https:\/\/www.shqiperia.com\/blog\/?p=96848"},"modified":"2026-01-22T22:56:42","modified_gmt":"2026-01-22T22:56:42","slug":"lista-me-19-shtetet-kush-mori-pjese-ne-ceremonine-e-bordit-te-paqes","status":"publish","type":"post","link":"https:\/\/www.shqiperia.com\/blog\/lista-me-19-shtetet-kush-mori-pjese-ne-ceremonine-e-bordit-te-paqes\/","title":{"rendered":"LISTA me 19 shtetet, kush mori pjes\u00eb n\u00eb ceremonin\u00eb e Bordit t\u00eb Paqes"},"content":{"rendered":"<p><img data-recalc-dims=\"1\" loading=\"lazy\" decoding=\"async\" data-attachment-id=\"96850\" data-permalink=\"https:\/\/www.shqiperia.com\/blog\/lista-me-19-shtetet-kush-mori-pjese-ne-ceremonine-e-bordit-te-paqes\/640-0-a8e06680276ce43657345c6aca60f5c1\/\" data-orig-file=\"https:\/\/i0.wp.com\/www.shqiperia.com\/blog\/wp-content\/uploads\/2026\/01\/640-0-a8e06680276ce43657345c6aca60f5c1.webp?fit=640%2C359&amp;ssl=1\" data-orig-size=\"640,359\" data-comments-opened=\"1\" data-image-meta=\"{&quot;aperture&quot;:&quot;0&quot;,&quot;credit&quot;:&quot;&quot;,&quot;camera&quot;:&quot;&quot;,&quot;caption&quot;:&quot;&quot;,&quot;created_timestamp&quot;:&quot;0&quot;,&quot;copyright&quot;:&quot;&quot;,&quot;focal_length&quot;:&quot;0&quot;,&quot;iso&quot;:&quot;0&quot;,&quot;shutter_speed&quot;:&quot;0&quot;,&quot;title&quot;:&quot;&quot;,&quot;orientation&quot;:&quot;0&quot;}\" data-image-title=\"-640-0-a8e06680276ce43657345c6aca60f5c1\" data-image-description=\"\" data-image-caption=\"\" data-medium-file=\"https:\/\/i0.wp.com\/www.shqiperia.com\/blog\/wp-content\/uploads\/2026\/01\/640-0-a8e06680276ce43657345c6aca60f5c1.webp?fit=300%2C168&amp;ssl=1\" data-large-file=\"https:\/\/i0.wp.com\/www.shqiperia.com\/blog\/wp-content\/uploads\/2026\/01\/640-0-a8e06680276ce43657345c6aca60f5c1.webp?fit=640%2C359&amp;ssl=1\" class=\"alignnone  wp-image-96850\" alt=\"\" src=\"https:\/\/i0.wp.com\/www.shqiperia.com\/blog\/wp-content\/uploads\/2026\/01\/640-0-a8e06680276ce43657345c6aca60f5c1.webp?resize=563%2C315&#038;ssl=1\" width=\"563\" height=\"315\" srcset=\"https:\/\/i0.wp.com\/www.shqiperia.com\/blog\/wp-content\/uploads\/2026\/01\/640-0-a8e06680276ce43657345c6aca60f5c1.webp?resize=300%2C168&amp;ssl=1 300w, https:\/\/i0.wp.com\/www.shqiperia.com\/blog\/wp-content\/uploads\/2026\/01\/640-0-a8e06680276ce43657345c6aca60f5c1.webp?resize=450%2C252&amp;ssl=1 450w, https:\/\/i0.wp.com\/www.shqiperia.com\/blog\/wp-content\/uploads\/2026\/01\/640-0-a8e06680276ce43657345c6aca60f5c1.webp?resize=600%2C337&amp;ssl=1 600w, https:\/\/i0.wp.com\/www.shqiperia.com\/blog\/wp-content\/uploads\/2026\/01\/640-0-a8e06680276ce43657345c6aca60f5c1.webp?resize=400%2C224&amp;ssl=1 400w, https:\/\/i0.wp.com\/www.shqiperia.com\/blog\/wp-content\/uploads\/2026\/01\/640-0-a8e06680276ce43657345c6aca60f5c1.webp?w=640&amp;ssl=1 640w\" sizes=\"auto, (max-width: 563px) 100vw, 563px\" \/><\/p>\n<p>22 Janar 2026<\/p>\n<p>&#8230; Ne mbledhje mungan: Kryeministri i Shqip\u00ebris\u00eb, Edi Rama, presidenti i Bjellorusis\u00eb, Aleksand\u00ebr Lukashenko dhe kryetari i Partis\u00eb Komuniste t\u00eb Vietnamit, To Lam.<\/p>\n<p>\u00cbsht\u00eb zbardhur lista e plot\u00eb me emrat e 19 shteteve q\u00eb mor\u00ebn pjes\u00eb n\u00eb ceremonin\u00eb n\u00ebnshkruese t\u00eb Bordit t\u00eb Paqes, t\u00eb mbajtur k\u00ebt\u00eb t\u00eb enjte n\u00eb Davos, n\u00ebn drejtimin e presidentit amerikan, Donald Trump.<\/p>\n<p>N\u00eb mbledhjen mor\u00ebn pjes\u00eb president\u00eb dhe kryeministra nga vende t\u00eb ndryshme, p\u00ebrfshir\u00eb Azerbajxhanin, Argjentin\u00ebn, Kazakistanin, Indonezin\u00eb dhe Kosov\u00ebn, nd\u00ebrsa munguan Kryeministri i Shqip\u00ebris\u00eb, Edi Rama, presidenti i Bjellorusis\u00eb, Aleksand\u00ebr Lukashenko dhe kryetari i Partis\u00eb Komuniste t\u00eb Vietnamit, To Lam.<\/p>\n<p><strong>Lista e plot\u00eb me vendet pjesmarr\u00ebse:<\/strong><\/p>\n<p>Arabia Saudite\u00a0\u2014 ministri i Jasht\u00ebm Faisal bin Farhan Al\u2011Saud<br \/>\nArgjentina\u00a0\u2014 presidenti Javier Milei<br \/>\nArmenia\u00a0\u2014 kryeministri Nikol Pashinyan<br \/>\nAzerbajxhani\u00a0\u2014 presidenti Ilham Aliyev<br \/>\nBahrejni\u00a0\u2014 sheiku Isa bin Salman Al Khalifa<br \/>\nBullgaria\u00a0\u2014 kryeministri Rosen Zhelyazkov<br \/>\nEmiratet e Bashkuara Arabe\u00a0\u2014 kryetari i Autoritetit t\u00eb \u00c7\u00ebshtjeve Ekzekutive Khaldoon Al Mubarak<br \/>\nHungaria\u00a0\u2014 kryeministri Viktor Orban<br \/>\nIndonezia\u00a0\u2014 presidenti Prabowo Subianto<br \/>\nJordania\u00a0\u2014 z\u00ebvend\u00ebskryeministri Ayman Safadi<br \/>\nKatari\u00a0\u2014 kryeministri Sheiku Mohammed bin Abdul Rahman Al Thani<br \/>\nKazakistani\u00a0\u2014 presidenti Kassym\u2011Jomart Tokayev<br \/>\nKosova\u00a0\u2014 presidentja Vjosa Osmani<br \/>\nMongolia\u00a0\u2014 kryeministri Gombojavyn Zandanshatar<br \/>\nMaroku\u00a0\u2014 ministri i Jasht\u00ebm Nasser Bourita<br \/>\nPakistani\u00a0\u2014 kryeministri Shehbaz Sharif<br \/>\nParaguai\u00a0\u2014 presidenti Santiago Pena<br \/>\nTurqia\u00a0\u2014 ministri i Jasht\u00ebm Hakan Fidan<br \/>\nUzbekistani \u2014 presidenti Shavkat Miromonovich Mirziyoyev.<\/p>\n<p>&#8212;&#8212;&#8212;&#8212;<\/p>\n","protected":false},"excerpt":{"rendered":"<p>22 Janar 2026 &#8230; Ne mbledhje mungan: Kryeministri i Shqip\u00ebris\u00eb, Edi Rama, presidenti i Bjellorusis\u00eb, Aleksand\u00ebr Lukashenko dhe kryetari i Partis\u00eb Komuniste t\u00eb Vietnamit, To Lam. \u00cbsht\u00eb zbardhur lista e plot\u00eb me emrat e 19 shteteve q\u00eb mor\u00ebn pjes\u00eb n\u00eb ceremonin\u00eb n\u00ebnshkruese t\u00eb Bordit t\u00eb Paqes, t\u00eb mbajtur k\u00ebt\u00eb t\u00eb enjte n\u00eb Davos, n\u00ebn drejtimin [&hellip;]<\/p>\n","protected":false},"author":9,"featured_media":96850,"comment_status":"open","ping_status":"open","sticky":false,"template":"","format":"standard","meta":{"jetpack_post_was_ever_published":false,"_jetpack_newsletter_access":"","_jetpack_dont_email_post_to_subs":false,"_jetpack_newsletter_tier_id":0,"_jetpack_memberships_contains_paywalled_content":false,"_jetpack_memberships_contains_paid_content":false,"footnotes":"","jetpack_publicize_message":"","jetpack_publicize_feature_enabled":true,"jetpack_social_post_already_shared":true,"jetpack_social_options":{"image_generator_settings":{"template":"highway","default_image_id":0,"font":"","enabled":false},"version":2}},"categories":[27,1,2],"tags":[],"class_list":["post-96848","post","type-post","status-publish","format-standard","has-post-thumbnail","hentry","category-blogu-i-udhetarit","category-njoftime-shtypi","category-politika"],"jetpack_publicize_connections":[],"jetpack_featured_media_url":"https:\/\/i0.wp.com\/www.shqiperia.com\/blog\/wp-content\/uploads\/2026\/01\/640-0-a8e06680276ce43657345c6aca60f5c1.webp?fit=640%2C359&ssl=1","jetpack_sharing_enabled":true,"jetpack_shortlink":"https:\/\/wp.me\/p5Z6wp-pc4","jetpack-related-posts":[{"id":96717,"url":"https:\/\/www.shqiperia.com\/blog\/jo-vetem-shqiperia-por-kremlini-putini-eshte-ftuar-te-bashkohet-me-bordin-e-paqes-per-gazen-edhe-lukashenko\/","url_meta":{"origin":96848,"position":0},"title":"Jo vetem Shqiperia por &#8230; Kremlini: Putini \u00ebsht\u00eb ftuar t\u00eb bashkohet me &#8216;Bordin e Paqes&#8217; p\u00ebr Gaz\u00ebn! &#8211; Edhe Lukashenko &#8230;","author":"Kurt Farka","date":"January 19, 2026","format":false,"excerpt":"19 Janar 2026 Kremlini ka njoftuar se Presidenti Vladimir Putin ka marr\u00eb nj\u00eb ftes\u00eb p\u00ebrmes kanaleve diplomatike, p\u00ebr t\u00eb qen\u00eb pjes\u00eb e Bordit t\u00eb Paqes q\u00eb do t\u00eb mbikqyr\u00eb procesin e rind\u00ebrtimit n\u00eb Gaza. Presidenti rus Vladimir Putin Kremlini ka njoftuar se Presidenti rus\u00a0Vladimir Putin\u00a0ka marr\u00eb nj\u00eb ftes\u00eb p\u00ebr t'u\u2026","rel":"","context":"In &quot;Blogu i Udh\u00ebtarit&quot;","block_context":{"text":"Blogu i Udh\u00ebtarit","link":"https:\/\/www.shqiperia.com\/blog\/category\/blogu-i-udhetarit\/"},"img":{"alt_text":"","src":"https:\/\/i0.wp.com\/www.shqiperia.com\/blog\/wp-content\/uploads\/2026\/01\/615804215_1336955228470113_3291936159788439035_n.jpg?fit=1080%2C684&ssl=1&resize=350%2C200","width":350,"height":200,"srcset":"https:\/\/i0.wp.com\/www.shqiperia.com\/blog\/wp-content\/uploads\/2026\/01\/615804215_1336955228470113_3291936159788439035_n.jpg?fit=1080%2C684&ssl=1&resize=350%2C200 1x, https:\/\/i0.wp.com\/www.shqiperia.com\/blog\/wp-content\/uploads\/2026\/01\/615804215_1336955228470113_3291936159788439035_n.jpg?fit=1080%2C684&ssl=1&resize=525%2C300 1.5x, https:\/\/i0.wp.com\/www.shqiperia.com\/blog\/wp-content\/uploads\/2026\/01\/615804215_1336955228470113_3291936159788439035_n.jpg?fit=1080%2C684&ssl=1&resize=700%2C400 2x, https:\/\/i0.wp.com\/www.shqiperia.com\/blog\/wp-content\/uploads\/2026\/01\/615804215_1336955228470113_3291936159788439035_n.jpg?fit=1080%2C684&ssl=1&resize=1050%2C600 3x"},"classes":[]},{"id":38813,"url":"https:\/\/www.shqiperia.com\/blog\/alexander-lukashenko-betohet-fshehtas-si-president\/","url_meta":{"origin":96848,"position":1},"title":"Alexander Lukashenko betohet fshehtas si president","author":"Kurt Farka","date":"September 23, 2020","format":false,"excerpt":"Alexander Lukashenko betohet fshehtas si president 23 SHTATOR 2020 Pas disa jav\u00ebsh protest\u00eb p\u00ebr shkak t\u00eb zgjedhjeve t\u00eb gushtit, Alexander Lukashenko, \u00ebsht\u00eb betuar si president. Mediat shtet\u00ebrore t\u00eb Bjellorusis\u00eb raportojn\u00eb se ai u betua n\u00eb nj\u00eb ceremoni t\u00eb fsheht\u00eb. Presidenti Bjellorus, Aleksand\u00ebr Lukashenko \u00ebsht\u00eb betuar p\u00ebr nj\u00eb mandat t\u00eb gjasht\u00eb,\u2026","rel":"","context":"In &quot;Blogu i Udh\u00ebtarit&quot;","block_context":{"text":"Blogu i Udh\u00ebtarit","link":"https:\/\/www.shqiperia.com\/blog\/category\/blogu-i-udhetarit\/"},"img":{"alt_text":"","src":"https:\/\/i0.wp.com\/www.shqiperia.com\/blog\/wp-content\/uploads\/2020\/09\/640-0-5f6b21e2e0552.jpg?fit=640%2C360&ssl=1&resize=350%2C200","width":350,"height":200,"srcset":"https:\/\/i0.wp.com\/www.shqiperia.com\/blog\/wp-content\/uploads\/2020\/09\/640-0-5f6b21e2e0552.jpg?fit=640%2C360&ssl=1&resize=350%2C200 1x, https:\/\/i0.wp.com\/www.shqiperia.com\/blog\/wp-content\/uploads\/2020\/09\/640-0-5f6b21e2e0552.jpg?fit=640%2C360&ssl=1&resize=525%2C300 1.5x"},"classes":[]},{"id":97908,"url":"https:\/\/www.shqiperia.com\/blog\/cfare-ndodhi-shtepia-e-bardhe-fshin-takimin-rama-trump-ne-bordin-e-paqes\/","url_meta":{"origin":96848,"position":2},"title":"\u00c7far\u00eb ndodhi? Sht\u00ebpia e Bardh\u00eb \u2018fshin\u2019 takimin Rama\u2013Trump n\u00eb Bordin e Paqes","author":"Kurt Farka","date":"February 22, 2026","format":false,"excerpt":"22 Shkurt 2026 Sht\u00ebpia e Bardh\u00eb ka publikuar takimin e plot\u00eb t\u00eb presidentit t\u00eb SHBA-ve, Donald Trump, me lider\u00ebt e vendeve q\u00eb i jan\u00eb bashkuar Bordit t\u00eb Paqes. N\u00eb takim mor\u00ebn pjes\u00eb edhe kryeministri Edi Rama dhe presidentja e Kosov\u00ebs, Vjosa Osmani. N\u00eb p\u00ebrfundim t\u00eb fjalimit t\u00eb mbajtur para Bordit\u2026","rel":"","context":"In &quot;Blogu i Udh\u00ebtarit&quot;","block_context":{"text":"Blogu i Udh\u00ebtarit","link":"https:\/\/www.shqiperia.com\/blog\/category\/blogu-i-udhetarit\/"},"img":{"alt_text":"","src":"https:\/\/i0.wp.com\/www.shqiperia.com\/blog\/wp-content\/uploads\/2026\/02\/auto_-640-0-699abc0a77bc517717526611.jpg?fit=900%2C425&ssl=1&resize=350%2C200","width":350,"height":200,"srcset":"https:\/\/i0.wp.com\/www.shqiperia.com\/blog\/wp-content\/uploads\/2026\/02\/auto_-640-0-699abc0a77bc517717526611.jpg?fit=900%2C425&ssl=1&resize=350%2C200 1x, https:\/\/i0.wp.com\/www.shqiperia.com\/blog\/wp-content\/uploads\/2026\/02\/auto_-640-0-699abc0a77bc517717526611.jpg?fit=900%2C425&ssl=1&resize=525%2C300 1.5x, https:\/\/i0.wp.com\/www.shqiperia.com\/blog\/wp-content\/uploads\/2026\/02\/auto_-640-0-699abc0a77bc517717526611.jpg?fit=900%2C425&ssl=1&resize=700%2C400 2x"},"classes":[]},{"id":96821,"url":"https:\/\/www.shqiperia.com\/blog\/trump-zgjodhi-te-mos-ia-shihte-bojen-rames-ne-davos\/","url_meta":{"origin":96848,"position":3},"title":"Trump \u2018zgjodhi\u2019 t\u00eb mos ia shihte boj\u00ebn Ram\u00ebs n\u00eb Davos","author":"Kurt Farka","date":"January 22, 2026","format":false,"excerpt":"Nga\u00a0Genc Burimi Jan\u00eb dy skena surrealiste q\u00eb do t\u00eb mbahen mend gjat\u00eb n\u00eb memorien e televizioneve n\u00eb Shqip\u00ebri. Nga nj\u00ebra an\u00eb, Davosi. Nj\u00eb sken\u00eb solemne me 19 krer\u00eb shtetesh dhe qeverish nga e gjith\u00eb bota, q\u00eb asistonin krah presidentit Trump n\u00eb themelimin e Bordit t\u00eb Paqes. Kamerat nga e gjith\u00eb\u2026","rel":"","context":"In &quot;Blogu i Udh\u00ebtarit&quot;","block_context":{"text":"Blogu i Udh\u00ebtarit","link":"https:\/\/www.shqiperia.com\/blog\/category\/blogu-i-udhetarit\/"},"img":{"alt_text":"","src":"https:\/\/i0.wp.com\/www.shqiperia.com\/blog\/wp-content\/uploads\/2026\/01\/auto_trump-osmani-davos-2026-bordi-i-paqes-ap1769090222.jpg?fit=900%2C600&ssl=1&resize=350%2C200","width":350,"height":200,"srcset":"https:\/\/i0.wp.com\/www.shqiperia.com\/blog\/wp-content\/uploads\/2026\/01\/auto_trump-osmani-davos-2026-bordi-i-paqes-ap1769090222.jpg?fit=900%2C600&ssl=1&resize=350%2C200 1x, https:\/\/i0.wp.com\/www.shqiperia.com\/blog\/wp-content\/uploads\/2026\/01\/auto_trump-osmani-davos-2026-bordi-i-paqes-ap1769090222.jpg?fit=900%2C600&ssl=1&resize=525%2C300 1.5x, https:\/\/i0.wp.com\/www.shqiperia.com\/blog\/wp-content\/uploads\/2026\/01\/auto_trump-osmani-davos-2026-bordi-i-paqes-ap1769090222.jpg?fit=900%2C600&ssl=1&resize=700%2C400 2x"},"classes":[]},{"id":96870,"url":"https:\/\/www.shqiperia.com\/blog\/vjosa-osmani-zbardh-arsyen-pse-e-perzune-edi-ramen-nga-nenshkrimi-i-bordit-te-paqes-ne-davos-prapaskenat\/","url_meta":{"origin":96848,"position":4},"title":"Vjosa Osmani zbardh arsyen pse e p\u00ebrzun\u00eb Edi Ram\u00ebn nga n\u00ebnshkrimi i Bordit t\u00eb Paqes n\u00eb Davos, prapaskenat\u2026","author":"Kurt Farka","date":"January 24, 2026","format":false,"excerpt":"25 Janar 2026 Ceremonia n\u00eb Davos t\u00eb Zvicr\u00ebs, ku Presidenti i Shteteve t\u00eb Bashkuara, Donald Trump, n\u00ebnshkroi marr\u00ebveshjen p\u00ebr krijimin e Bordit t\u00eb Paqes, shfaqi nj\u00eb kontrast t\u00eb thell\u00eb diplomatik mes Prishtin\u00ebs dhe Tiran\u00ebs. Nd\u00ebrsa Presidentja e Kosov\u00ebs, Vjosa Osmani, u thirr me nj\u00eb ftes\u00eb urgjente dhe personale p\u00ebr t\u00eb\u2026","rel":"","context":"In &quot;Blogu i Udh\u00ebtarit&quot;","block_context":{"text":"Blogu i Udh\u00ebtarit","link":"https:\/\/www.shqiperia.com\/blog\/category\/blogu-i-udhetarit\/"},"img":{"alt_text":"","src":"https:\/\/i0.wp.com\/www.shqiperia.com\/blog\/wp-content\/uploads\/2026\/01\/politike-kryesore-2.jpg?fit=560%2C349&ssl=1&resize=350%2C200","width":350,"height":200,"srcset":"https:\/\/i0.wp.com\/www.shqiperia.com\/blog\/wp-content\/uploads\/2026\/01\/politike-kryesore-2.jpg?fit=560%2C349&ssl=1&resize=350%2C200 1x, https:\/\/i0.wp.com\/www.shqiperia.com\/blog\/wp-content\/uploads\/2026\/01\/politike-kryesore-2.jpg?fit=560%2C349&ssl=1&resize=525%2C300 1.5x"},"classes":[]},{"id":54715,"url":"https:\/\/www.shqiperia.com\/blog\/alarmi-i-sherbimeve-amerikane-te-zbulimit-per-oret-e-ardhshme-lukashenko-do-hedhe-ushtrine-e-tij-me-48-mije-trupa-ne-ukraine\/","url_meta":{"origin":96848,"position":5},"title":"Alarmi i sh\u00ebrbimeve amerikane t\u00eb zbulimit p\u00ebr or\u00ebt e ardhshme: &#8211; Lukashenko do \u2018hedh\u00eb\u2019 ushtrin\u00eb e tij me 48 mij\u00eb trupa n\u00eb Ukrain\u00eb","author":"Kurt Farka","date":"February 28, 2022","format":false,"excerpt":"Alarmi i sh\u00ebrbimeve amerikane t\u00eb zbulimit p\u00ebr or\u00ebt e ardhshme: - Lukashenko do \u2018hedh\u00eb\u2019 ushtrin\u00eb e tij me 48 mij\u00eb trupa n\u00eb Ukrain\u00eb 28 Shkurt 2022 Sh\u00ebrbimet amerikane t\u00eb zbulimit, presin q\u00eb q\u00eb udh\u00ebheq\u00ebsi bjellorus, Alexander Lukashenko, t\u00eb hedh\u00eb ushtrin\u00eb e tij prej 48,000 trupash n\u00eb Ukrain\u00eb, n\u00eb or\u00ebt ose\u2026","rel":"","context":"In &quot;Blogu i Udh\u00ebtarit&quot;","block_context":{"text":"Blogu i Udh\u00ebtarit","link":"https:\/\/www.shqiperia.com\/blog\/category\/blogu-i-udhetarit\/"},"img":{"alt_text":"","src":"https:\/\/i0.wp.com\/www.shqiperia.com\/blog\/wp-content\/uploads\/2022\/02\/Trupat-bjellorusi-ukraine-lufte.jpg?fit=1017%2C570&ssl=1&resize=350%2C200","width":350,"height":200,"srcset":"https:\/\/i0.wp.com\/www.shqiperia.com\/blog\/wp-content\/uploads\/2022\/02\/Trupat-bjellorusi-ukraine-lufte.jpg?fit=1017%2C570&ssl=1&resize=350%2C200 1x, https:\/\/i0.wp.com\/www.shqiperia.com\/blog\/wp-content\/uploads\/2022\/02\/Trupat-bjellorusi-ukraine-lufte.jpg?fit=1017%2C570&ssl=1&resize=525%2C300 1.5x, https:\/\/i0.wp.com\/www.shqiperia.com\/blog\/wp-content\/uploads\/2022\/02\/Trupat-bjellorusi-ukraine-lufte.jpg?fit=1017%2C570&ssl=1&resize=700%2C400 2x"},"classes":[]}],"_links":{"self":[{"href":"https:\/\/www.shqiperia.com\/blog\/wp-json\/wp\/v2\/posts\/96848","targetHints":{"allow":["GET"]}}],"collection":[{"href":"https:\/\/www.shqiperia.com\/blog\/wp-json\/wp\/v2\/posts"}],"about":[{"href":"https:\/\/www.shqiperia.com\/blog\/wp-json\/wp\/v2\/types\/post"}],"author":[{"embeddable":true,"href":"https:\/\/www.shqiperia.com\/blog\/wp-json\/wp\/v2\/users\/9"}],"replies":[{"embeddable":true,"href":"https:\/\/www.shqiperia.com\/blog\/wp-json\/wp\/v2\/comments?post=96848"}],"version-history":[{"count":2,"href":"https:\/\/www.shqiperia.com\/blog\/wp-json\/wp\/v2\/posts\/96848\/revisions"}],"predecessor-version":[{"id":96851,"href":"https:\/\/www.shqiperia.com\/blog\/wp-json\/wp\/v2\/posts\/96848\/revisions\/96851"}],"wp:featuredmedia":[{"embeddable":true,"href":"https:\/\/www.shqiperia.com\/blog\/wp-json\/wp\/v2\/media\/96850"}],"wp:attachment":[{"href":"https:\/\/www.shqiperia.com\/blog\/wp-json\/wp\/v2\/media?parent=96848"}],"wp:term":[{"taxonomy":"category","embeddable":true,"href":"https:\/\/www.shqiperia.com\/blog\/wp-json\/wp\/v2\/categories?post=96848"},{"taxonomy":"post_tag","embeddable":true,"href":"https:\/\/www.shqiperia.com\/blog\/wp-json\/wp\/v2\/tags?post=96848"}],"curies":[{"name":"wp","href":"https:\/\/api.w.org\/{rel}","templated":true}]}}