{"id":96843,"date":"2026-01-22T22:42:43","date_gmt":"2026-01-22T22:42:43","guid":{"rendered":"https:\/\/www.shqiperia.com\/blog\/?p=96843"},"modified":"2026-01-22T22:44:03","modified_gmt":"2026-01-22T22:44:03","slug":"votuan-pro-per-bordin-e-paqes-myslim-murrizi-akuza-demokrateve-plehra-dhe-palaco-qe-serviloseni","status":"publish","type":"post","link":"https:\/\/www.shqiperia.com\/blog\/votuan-pro-per-bordin-e-paqes-myslim-murrizi-akuza-demokrateve-plehra-dhe-palaco-qe-serviloseni\/","title":{"rendered":"Votuan pro p\u00ebr Bordin e Paqes, Myslim Murrizi akuza demokrat\u00ebve: &#8211; Plehra dhe pala\u00e7o, q\u00eb serviloseni"},"content":{"rendered":"<div class=\"firstP\">\n<p><img data-recalc-dims=\"1\" loading=\"lazy\" decoding=\"async\" data-attachment-id=\"96844\" data-permalink=\"https:\/\/www.shqiperia.com\/blog\/votuan-pro-per-bordin-e-paqes-myslim-murrizi-akuza-demokrateve-plehra-dhe-palaco-qe-serviloseni\/murrizi_sd-1\/\" data-orig-file=\"https:\/\/i0.wp.com\/www.shqiperia.com\/blog\/wp-content\/uploads\/2026\/01\/murrizi_sd-1.webp?fit=1280%2C720&amp;ssl=1\" data-orig-size=\"1280,720\" data-comments-opened=\"1\" data-image-meta=\"{&quot;aperture&quot;:&quot;0&quot;,&quot;credit&quot;:&quot;&quot;,&quot;camera&quot;:&quot;&quot;,&quot;caption&quot;:&quot;&quot;,&quot;created_timestamp&quot;:&quot;0&quot;,&quot;copyright&quot;:&quot;&quot;,&quot;focal_length&quot;:&quot;0&quot;,&quot;iso&quot;:&quot;0&quot;,&quot;shutter_speed&quot;:&quot;0&quot;,&quot;title&quot;:&quot;&quot;,&quot;orientation&quot;:&quot;0&quot;}\" data-image-title=\"murrizi_sd-1\" data-image-description=\"\" data-image-caption=\"\" data-medium-file=\"https:\/\/i0.wp.com\/www.shqiperia.com\/blog\/wp-content\/uploads\/2026\/01\/murrizi_sd-1.webp?fit=300%2C169&amp;ssl=1\" data-large-file=\"https:\/\/i0.wp.com\/www.shqiperia.com\/blog\/wp-content\/uploads\/2026\/01\/murrizi_sd-1.webp?fit=1024%2C576&amp;ssl=1\" class=\"alignnone wp-image-96844\" alt=\"\" src=\"https:\/\/i0.wp.com\/www.shqiperia.com\/blog\/wp-content\/uploads\/2026\/01\/murrizi_sd-1.webp?resize=634%2C357&#038;ssl=1\" width=\"634\" height=\"357\" srcset=\"https:\/\/i0.wp.com\/www.shqiperia.com\/blog\/wp-content\/uploads\/2026\/01\/murrizi_sd-1.webp?resize=300%2C169&amp;ssl=1 300w, https:\/\/i0.wp.com\/www.shqiperia.com\/blog\/wp-content\/uploads\/2026\/01\/murrizi_sd-1.webp?resize=1024%2C576&amp;ssl=1 1024w, https:\/\/i0.wp.com\/www.shqiperia.com\/blog\/wp-content\/uploads\/2026\/01\/murrizi_sd-1.webp?resize=768%2C432&amp;ssl=1 768w, https:\/\/i0.wp.com\/www.shqiperia.com\/blog\/wp-content\/uploads\/2026\/01\/murrizi_sd-1.webp?resize=450%2C253&amp;ssl=1 450w, https:\/\/i0.wp.com\/www.shqiperia.com\/blog\/wp-content\/uploads\/2026\/01\/murrizi_sd-1.webp?resize=600%2C338&amp;ssl=1 600w, https:\/\/i0.wp.com\/www.shqiperia.com\/blog\/wp-content\/uploads\/2026\/01\/murrizi_sd-1.webp?resize=400%2C225&amp;ssl=1 400w, https:\/\/i0.wp.com\/www.shqiperia.com\/blog\/wp-content\/uploads\/2026\/01\/murrizi_sd-1.webp?w=1280&amp;ssl=1 1280w\" sizes=\"auto, (max-width: 634px) 100vw, 634px\" \/><\/p>\n<p>22 Janar 2026<\/p>\n<p>Ish-deputeti i PD-s\u00eb Myslim Murrizi ka reaguar ashp\u00ebr ndaj deputet\u00ebve q\u00eb votuan sot pro ratifikimin t\u00eb marr\u00ebveshjes s\u00eb Shqip\u00ebris\u00eb p\u00ebr Bordin e Paqes me Palestin\u00ebn, ku Edi Rama do t\u00eb p\u00ebrfaq\u00ebsoj\u00eb vendin ton\u00eb.<\/p>\n<\/div>\n<p>N\u00eb nj\u00eb postim n\u00eb rrjetet sociale, Myslim Murrizi shkruan se t\u00eb \u201cvotosh Ram\u00ebn si p\u00ebrfaq\u00ebsues t\u00eb Shqip\u00ebris\u00eb n\u00eb \u201cSht\u00ebpin\u00eb e Bardh\u00eb\u201d, tregon se kemi t\u00eb b\u00ebjm\u00eb me nj\u00eb opozit\u00eb t\u00eb dob\u00ebt\u201d.<\/p>\n<p><strong>Postimi i plot\u00eb i Murrizit:<\/strong><\/p>\n<p>Nje opozite e tredhur nga frika apo servilizmi, nga blerja apo\u00a0 pazaret e pista me rregjimin eshte me keq se sa pa opozit fare<\/p>\n<p>Te votosh Ramen per te qen perfaqesues edhe i opozites ne bordin e \u201c paqes\u201d dhe ne Shtepin e Bardhe tregon se mender deputetet e opozites jane bythec te peshtir ndaj \u00e7do te huaji dhe eshte pothuajse e njenjta situate si ne shtator 2021 kur mbi 80 % e deputeteve pranuan nenshtrimin qe ju beri Yri Kim duke ju treguar barin opozitareve dhe spurdhjak deputetet i lepiheshin nga pas si qen te zgjebosur dhe dy vite me von ne shtator 2023 po me te njenjtin stil te peshtir ju lepin Berishes per te qen sot ne parlament si plehra pa vlere se jan aty pa vota as te demokrateve e as te qytetareve<\/p>\n<p>Kur ju votoni Ramen per tju perfaqesuar ne nje forum leshi pa asnje vlere juridike nderkombetare si te tredhur ateher pse kerkoni qe te mos e votojne Shqiptaret nga halli nga frika ose me pages?<\/p>\n<p>Keni koh qe votoni bashkarisht \u00e7do qelbesirllik qe ju vjen per shtat e pastaj derdellisni per revolucion leshi<\/p>\n<p>Ne 17 qershor 2017 si te tredhur votuat 27 funderrinat e vetingut dhe pasi i votuat filluat te lehni si qen te pshurrur kundra vetingut<\/p>\n<p>Ne 2022 votuat zgjatjen e mandatit te funderrinave te KPK se vetingut me dy vjet dhe sot e keni ne krah deputet te ps njerin prej atyre qe i zgjatet mandatin per te shkarkuar gjyqtar e prokuror per bindje politike apo perkatesi krahinore<\/p>\n<p>Olsi Komin\u00e7i ka mare votat tuaja ne 2022 dhe sot eshte deputet i PS<\/p>\n<p>Votuat amnistin penale me mashtrimin se do dalin nga burgu protestuesit dhe dolen nga burgu me voten tuaj vetem hajdutet dhe mashtruesit<\/p>\n<p>Votuat ne korrik 2024 kodin zgjedhor per te mbyllur listat me 1\/3 duke mashtruar si te peshtir se ishte detyrim nga vendimi i gjykates kushtetuese dhe ne fakt ishte vetem interesi juaj i qelbur per te siguruar nje karrike te dhjer ne parlament qe te rrini si te dhjer kur ju \u201c dhjeu\u201d sot Rama ne surrat duke ju thene se do me votoni rresht si ushtar sepse jeni pa moral pa dinjitet pa kellqe dhe frikacak te ndyre e servil te peshtire<\/p>\n<p>I dhate firmat Endri Shabanit dhe me firmat tuaja dhe votat e Rames u be avokat i popullit dhe pastaj hani m si zagar se do ta \u00e7ojme ne gjykat kushtetuese<\/p>\n<p>Po si mendoni ju mor plehra qe ju ta votoni Ramen te ejten per tu kapardisur ne Washington dhe ne populli opozitar do vim ta rrezojme te shtunen??????<\/p>\n<p>Po kaq superior nga mendja e mbani veten ju soj qelbanikesh dhe bastard pa moral te piste e te qelbur ne gen ku jo pak prej jush vijne nga familjet me te degjeneruara dhe komuniste qe ka Shqiperia!!!<\/p>\n<p>Kryeministri i Anglis Z Starmer ja tha ne sy Presidentit Trump qe JOOO nuk mund te jem antar i ketij bordi te paqes kur aty ka individ qe kane bere masakra ne Gaza si kryeministri i Izraelit nje moster me fytyr njeriu<\/p>\n<p>Po ju mor plehra deputet te opozites qe votuat sot Ramen per tu ngrehur e per tu tallur me ju a e dini vetem me te zgjuar se Kryeministri i Anglis???<\/p>\n<p>Po si mund te jete Rama ne bordin e \u201c paqes\u201d me voten tuaj kur ky moster ka perzene nga Shqiperia rreth 1 milion Shqiptare dhe ka luftuar paqen brenda Shqiperis duke nxitur urrejtjen ndaj qytetareve opozitar jo ndaj jush spurdhjak opozitar leshi<\/p>\n<p>Izraeli mor pala\u00e7o deputet qe serviloseni si lavirer semafori ndaj \u00e7do jo shqipfolesi ka vrare ne Gaza nga 7 tetori 2023 mbi 72000 Palestinez nga te cilet 20179 jane FEMINJE dhe 10472 jane GRA<\/p>\n<p>Ka plagosur e gjymtuar 172000 Qytetar te pa fajshem Palestinez nga te cilet 44123 feminje dhe 23769 Gra<\/p>\n<p>Dhe qe nga 9 tetori 2025 ku gjoja u firmos armepushimi Izraeli ka vrar mbi 500 Palestinez sepse nuk e do dhe nuk e deshiron PAQEN me Palestinen ate \u201c paqe\u201d per te cilen ju funderrina votuat sot Ramen per te perfaqesuar Shqiperin dhe Shqiptaret edhe me voten tuaj qe i vjen era hale si\u00e7 keni treguar se jeni vete<\/p>\n<p>TURPI JU MBULOFTE EDHE PSE JU KENI LINDUR DHE BASHKEJETONI ME TURPIN NJELLOJ SI QENT E TUFES<\/p>\n<p>ME MIR PA OPOZITE FARE SE SA NJE OPOZITE FASAD E RREGJIMIT TE GYSIT GESIT VISIT E PISIT<\/p>\n<p>Tani dilni te shtunen e flisni \u201c kundra\u201d Rames ne miting se nuk ju pjerdh askush as \u00e7far flisni e as \u00e7far m do hani sa koh qe keni votuar pro Rames sa her i eshte dashur Rames vota juaj e dhjer o frymor te dhjer deri ne fyt<\/p>\n<p class=\"last\"><strong>Nga: Top Channel<\/strong><\/p>\n","protected":false},"excerpt":{"rendered":"<p>22 Janar 2026 Ish-deputeti i PD-s\u00eb Myslim Murrizi ka reaguar ashp\u00ebr ndaj deputet\u00ebve q\u00eb votuan sot pro ratifikimin t\u00eb marr\u00ebveshjes s\u00eb Shqip\u00ebris\u00eb p\u00ebr Bordin e Paqes me Palestin\u00ebn, ku Edi Rama do t\u00eb p\u00ebrfaq\u00ebsoj\u00eb vendin ton\u00eb. N\u00eb nj\u00eb postim n\u00eb rrjetet sociale, Myslim Murrizi shkruan se t\u00eb \u201cvotosh Ram\u00ebn si p\u00ebrfaq\u00ebsues t\u00eb Shqip\u00ebris\u00eb n\u00eb \u201cSht\u00ebpin\u00eb [&hellip;]<\/p>\n","protected":false},"author":9,"featured_media":96844,"comment_status":"open","ping_status":"open","sticky":false,"template":"","format":"standard","meta":{"jetpack_post_was_ever_published":false,"_jetpack_newsletter_access":"","_jetpack_dont_email_post_to_subs":false,"_jetpack_newsletter_tier_id":0,"_jetpack_memberships_contains_paywalled_content":false,"_jetpack_memberships_contains_paid_content":false,"footnotes":"","jetpack_publicize_message":"","jetpack_publicize_feature_enabled":true,"jetpack_social_post_already_shared":true,"jetpack_social_options":{"image_generator_settings":{"template":"highway","default_image_id":0,"font":"","enabled":false},"version":2}},"categories":[27,1,2],"tags":[],"class_list":["post-96843","post","type-post","status-publish","format-standard","has-post-thumbnail","hentry","category-blogu-i-udhetarit","category-njoftime-shtypi","category-politika"],"jetpack_publicize_connections":[],"jetpack_featured_media_url":"https:\/\/i0.wp.com\/www.shqiperia.com\/blog\/wp-content\/uploads\/2026\/01\/murrizi_sd-1.webp?fit=1280%2C720&ssl=1","jetpack_sharing_enabled":true,"jetpack_shortlink":"https:\/\/wp.me\/p5Z6wp-pbZ","jetpack-related-posts":[{"id":35501,"url":"https:\/\/www.shqiperia.com\/blog\/myslim-murrizi-fiton-terren-si-opozite\/","url_meta":{"origin":96843,"position":0},"title":"Myslim Murrizi fiton terren si Opozite.","author":"Kurt Farka","date":"June 7, 2020","format":false,"excerpt":"Myslim Murrizi fiton terren si Opozite. Marr\u00ebveshja me opozit\u00ebn\/ Shp\u00ebrthen keq Murrizi ndaj ambasador\u00ebve: Soreca dhe Borchard t\u00eb tregojn\u00eb \u201carsyen\u201d p\u00ebrse u zbyth\u00ebn nga rekomandimi ky\u00e7 i OSCE dhe ODIHR-it 7 QERSHOR 2020 Deputeti Myslim Murrizi p\u00ebrmes nj\u00eb reagimi n\u00eb Facebook i k\u00ebrkon ambasador\u00ebve Soreca dhe Borchard q\u00eb t\u00eb tregojn\u00eb,\u2026","rel":"","context":"In &quot;Blogu i Udh\u00ebtarit&quot;","block_context":{"text":"Blogu i Udh\u00ebtarit","link":"https:\/\/www.shqiperia.com\/blog\/category\/blogu-i-udhetarit\/"},"img":{"alt_text":"","src":"https:\/\/i0.wp.com\/www.shqiperia.com\/blog\/wp-content\/uploads\/2020\/06\/640-0-5edceba44dd40.jpg?fit=640%2C350&ssl=1&resize=350%2C200","width":350,"height":200,"srcset":"https:\/\/i0.wp.com\/www.shqiperia.com\/blog\/wp-content\/uploads\/2020\/06\/640-0-5edceba44dd40.jpg?fit=640%2C350&ssl=1&resize=350%2C200 1x, https:\/\/i0.wp.com\/www.shqiperia.com\/blog\/wp-content\/uploads\/2020\/06\/640-0-5edceba44dd40.jpg?fit=640%2C350&ssl=1&resize=525%2C300 1.5x"},"classes":[]},{"id":57310,"url":"https:\/\/www.shqiperia.com\/blog\/myslim-murrizi-zbulon-kerkesen-qe-i-beri-berisha-me-mori-mbreme-naten-ne-telefon-dhe-do-te-jem-ne-kuvendin-e-30-prillit\/","url_meta":{"origin":96843,"position":1},"title":"Myslim Murrizi zbulon k\u00ebrkes\u00ebn q\u00eb i b\u00ebri Berisha: &#8211; M\u00eb mori mbr\u00ebm\u00eb nat\u00ebn n\u00eb telefon dhe.. do t\u00eb jem n\u00eb Kuvendin e 30 Prillit.","author":"Kurt Farka","date":"April 28, 2022","format":false,"excerpt":"Myslim Murrizi zbulon k\u00ebrkes\u00ebn q\u00eb i b\u00ebri Berisha: - M\u00eb mori mbr\u00ebm\u00eb nat\u00ebn n\u00eb telefon dhe.. do t\u00eb jem n\u00eb Kuvendin e 30 Prillit. 28 PRILL 2022 Ish-kryeministri Sali Berisha ka telefonuar mbr\u00ebmjen e s\u00eb m\u00ebrkur\u00ebs n\u00eb telefon ish-deputetin Myslim Murrizi dhe i ka k\u00ebrkuar rikthimin n\u00eb PD. K\u00ebt\u00eb e\u2026","rel":"","context":"In &quot;Blogu i Udh\u00ebtarit&quot;","block_context":{"text":"Blogu i Udh\u00ebtarit","link":"https:\/\/www.shqiperia.com\/blog\/category\/blogu-i-udhetarit\/"},"img":{"alt_text":"","src":"https:\/\/i0.wp.com\/www.shqiperia.com\/blog\/wp-content\/uploads\/2022\/04\/Myslim-Murrizi.jpg?fit=530%2C269&ssl=1&resize=350%2C200","width":350,"height":200,"srcset":"https:\/\/i0.wp.com\/www.shqiperia.com\/blog\/wp-content\/uploads\/2022\/04\/Myslim-Murrizi.jpg?fit=530%2C269&ssl=1&resize=350%2C200 1x, https:\/\/i0.wp.com\/www.shqiperia.com\/blog\/wp-content\/uploads\/2022\/04\/Myslim-Murrizi.jpg?fit=530%2C269&ssl=1&resize=525%2C300 1.5x"},"classes":[]},{"id":42206,"url":"https:\/\/www.shqiperia.com\/blog\/cfare-ben-ardi-veliu-dhe-shefi-krimit-ekonomik-shperthen-myslim-murrizi-dhe-leshon-paralajmerimin-e-forte-javen-tjeter-do-sjell-filmime\/","url_meta":{"origin":96843,"position":2},"title":"\u201c\u00c7far\u00eb b\u00ebn Ardi Veliu dhe shefi Krimit Ekonomik?\u201d, shp\u00ebrthen Myslim Murrizi dhe l\u00ebshon paralajm\u00ebrimin e fort\u00eb: Jav\u00ebn tjet\u00ebr do sjell filmime!","author":"Kurt Farka","date":"December 23, 2020","format":false,"excerpt":"\u201c\u00c7far\u00eb b\u00ebn Ardi Veliu dhe shefi Krimit Ekonomik?\u201d, shp\u00ebrthen Myslim Murrizi dhe l\u00ebshon paralajm\u00ebrimin e fort\u00eb: Jav\u00ebn tjet\u00ebr do sjell filmime! 23 DHJETOR 2020 FacebookWhatsAppTwitterEmail Deputeti Myslim Murrizi denoncoi sot aktivitetin e sektorit Call Center n\u00eb Shqip\u00ebri, duke cituar media t\u00eb huaja q\u00eb sipas tij thon\u00eb se ky biznes xhiron\u2026","rel":"","context":"In &quot;Blogu i Udh\u00ebtarit&quot;","block_context":{"text":"Blogu i Udh\u00ebtarit","link":"https:\/\/www.shqiperia.com\/blog\/category\/blogu-i-udhetarit\/"},"img":{"alt_text":"","src":"https:\/\/i0.wp.com\/www.shqiperia.com\/blog\/wp-content\/uploads\/2020\/12\/800-0-5fe328d837485.jpg?fit=643%2C343&ssl=1&resize=350%2C200","width":350,"height":200,"srcset":"https:\/\/i0.wp.com\/www.shqiperia.com\/blog\/wp-content\/uploads\/2020\/12\/800-0-5fe328d837485.jpg?fit=643%2C343&ssl=1&resize=350%2C200 1x, https:\/\/i0.wp.com\/www.shqiperia.com\/blog\/wp-content\/uploads\/2020\/12\/800-0-5fe328d837485.jpg?fit=643%2C343&ssl=1&resize=525%2C300 1.5x"},"classes":[]},{"id":58999,"url":"https:\/\/www.shqiperia.com\/blog\/myslim-murrizi-po-mbeshtet-bijte-e-komunisteve-yuri-kim-mbajte-fjalim-ne-mes-te-kryehajduteve-qindra-minjera-euro-per-nje-foto\/","url_meta":{"origin":96843,"position":3},"title":"Myslim Murrizi: &#8211; \u201cPo mb\u00ebshtet bijt\u00eb e komunist\u00ebve\u201d. &#8211; Yuri Kim: &#8211; Mbajte fjalim n\u00eb mes t\u00eb kryehajdut\u00ebve, qindra minjera euro p\u00ebr nj\u00eb foto\u2026","author":"Kurt Farka","date":"June 13, 2022","format":false,"excerpt":"13 Qershor 2022 An\u00ebtari i K\u00ebshillit Komb\u00ebtar t\u00eb PD, ish-deputeti Myslim Murrizi ka reaguar ashp\u00ebr pas deklarat\u00ebs s\u00eb ambasadores amerikane n\u00eb Tiran\u00eb, Yuri Kim, lidhur me luft\u00ebn kund\u00ebr korrupsionit. Murrizi ka akuzuar diplomaten ameriakane Kim se po mb\u00ebshtet bijt\u00eb e komunist\u00ebve n\u00eb pushtet, nd\u00ebrsa theksoi se ambasadorja mbajti fjalim p\u00ebr\u2026","rel":"","context":"In &quot;Blogu i Udh\u00ebtarit&quot;","block_context":{"text":"Blogu i Udh\u00ebtarit","link":"https:\/\/www.shqiperia.com\/blog\/category\/blogu-i-udhetarit\/"},"img":{"alt_text":"","src":"https:\/\/i0.wp.com\/www.shqiperia.com\/blog\/wp-content\/uploads\/2022\/06\/800-0-4926b226f7b30b6703e9ddf0a3731234.jpg?fit=800%2C397&ssl=1&resize=350%2C200","width":350,"height":200,"srcset":"https:\/\/i0.wp.com\/www.shqiperia.com\/blog\/wp-content\/uploads\/2022\/06\/800-0-4926b226f7b30b6703e9ddf0a3731234.jpg?fit=800%2C397&ssl=1&resize=350%2C200 1x, https:\/\/i0.wp.com\/www.shqiperia.com\/blog\/wp-content\/uploads\/2022\/06\/800-0-4926b226f7b30b6703e9ddf0a3731234.jpg?fit=800%2C397&ssl=1&resize=525%2C300 1.5x, https:\/\/i0.wp.com\/www.shqiperia.com\/blog\/wp-content\/uploads\/2022\/06\/800-0-4926b226f7b30b6703e9ddf0a3731234.jpg?fit=800%2C397&ssl=1&resize=700%2C400 2x"},"classes":[]},{"id":97908,"url":"https:\/\/www.shqiperia.com\/blog\/cfare-ndodhi-shtepia-e-bardhe-fshin-takimin-rama-trump-ne-bordin-e-paqes\/","url_meta":{"origin":96843,"position":4},"title":"\u00c7far\u00eb ndodhi? Sht\u00ebpia e Bardh\u00eb \u2018fshin\u2019 takimin Rama\u2013Trump n\u00eb Bordin e Paqes","author":"Kurt Farka","date":"February 22, 2026","format":false,"excerpt":"22 Shkurt 2026 Sht\u00ebpia e Bardh\u00eb ka publikuar takimin e plot\u00eb t\u00eb presidentit t\u00eb SHBA-ve, Donald Trump, me lider\u00ebt e vendeve q\u00eb i jan\u00eb bashkuar Bordit t\u00eb Paqes. N\u00eb takim mor\u00ebn pjes\u00eb edhe kryeministri Edi Rama dhe presidentja e Kosov\u00ebs, Vjosa Osmani. N\u00eb p\u00ebrfundim t\u00eb fjalimit t\u00eb mbajtur para Bordit\u2026","rel":"","context":"In &quot;Blogu i Udh\u00ebtarit&quot;","block_context":{"text":"Blogu i Udh\u00ebtarit","link":"https:\/\/www.shqiperia.com\/blog\/category\/blogu-i-udhetarit\/"},"img":{"alt_text":"","src":"https:\/\/i0.wp.com\/www.shqiperia.com\/blog\/wp-content\/uploads\/2026\/02\/auto_-640-0-699abc0a77bc517717526611.jpg?fit=900%2C425&ssl=1&resize=350%2C200","width":350,"height":200,"srcset":"https:\/\/i0.wp.com\/www.shqiperia.com\/blog\/wp-content\/uploads\/2026\/02\/auto_-640-0-699abc0a77bc517717526611.jpg?fit=900%2C425&ssl=1&resize=350%2C200 1x, https:\/\/i0.wp.com\/www.shqiperia.com\/blog\/wp-content\/uploads\/2026\/02\/auto_-640-0-699abc0a77bc517717526611.jpg?fit=900%2C425&ssl=1&resize=525%2C300 1.5x, https:\/\/i0.wp.com\/www.shqiperia.com\/blog\/wp-content\/uploads\/2026\/02\/auto_-640-0-699abc0a77bc517717526611.jpg?fit=900%2C425&ssl=1&resize=700%2C400 2x"},"classes":[]},{"id":56041,"url":"https:\/\/www.shqiperia.com\/blog\/myslim-murrizi-besoj-se-dhe-shpallja-non-grata-e-berishes-ka-qene-e-qellimshme-per-ta-zgjuar\/","url_meta":{"origin":96843,"position":5},"title":"Myslim Murrizi: &#8211; \u201cBesoj se dhe shpallja \u2018non grata\u2019 e Berish\u00ebs ka qen\u00eb e q\u00ebllimshme, p\u00ebr ta zgjuar\u2026","author":"Kurt Farka","date":"March 28, 2022","format":false,"excerpt":"Myslim Murrizi: - \u201cBesoj se dhe shpallja \u2018non grata\u2019 e Berish\u00ebs ka qen\u00eb e q\u00ebllimshme, p\u00ebr ta zgjuar\u2026 28 MARS 2022 \u201cSali Berisha m\u00eb \u2018non grata\u2019 ishte n\u00eb \u201897-\u00ebn se tani\u201d, Myslim Murrizi del me deklarat\u00ebn e fort\u00eb Ish-deputeti Myslim Murrizi ka komentuar sot zhvillimet m\u00eb t\u00eb fundit brenda partis\u00eb\u2026","rel":"","context":"In &quot;Blogu i Udh\u00ebtarit&quot;","block_context":{"text":"Blogu i Udh\u00ebtarit","link":"https:\/\/www.shqiperia.com\/blog\/category\/blogu-i-udhetarit\/"},"img":{"alt_text":"","src":"https:\/\/i0.wp.com\/www.shqiperia.com\/blog\/wp-content\/uploads\/2022\/03\/Myslim-Murrizi.png?fit=800%2C519&ssl=1&resize=350%2C200","width":350,"height":200,"srcset":"https:\/\/i0.wp.com\/www.shqiperia.com\/blog\/wp-content\/uploads\/2022\/03\/Myslim-Murrizi.png?fit=800%2C519&ssl=1&resize=350%2C200 1x, https:\/\/i0.wp.com\/www.shqiperia.com\/blog\/wp-content\/uploads\/2022\/03\/Myslim-Murrizi.png?fit=800%2C519&ssl=1&resize=525%2C300 1.5x, https:\/\/i0.wp.com\/www.shqiperia.com\/blog\/wp-content\/uploads\/2022\/03\/Myslim-Murrizi.png?fit=800%2C519&ssl=1&resize=700%2C400 2x"},"classes":[]}],"_links":{"self":[{"href":"https:\/\/www.shqiperia.com\/blog\/wp-json\/wp\/v2\/posts\/96843","targetHints":{"allow":["GET"]}}],"collection":[{"href":"https:\/\/www.shqiperia.com\/blog\/wp-json\/wp\/v2\/posts"}],"about":[{"href":"https:\/\/www.shqiperia.com\/blog\/wp-json\/wp\/v2\/types\/post"}],"author":[{"embeddable":true,"href":"https:\/\/www.shqiperia.com\/blog\/wp-json\/wp\/v2\/users\/9"}],"replies":[{"embeddable":true,"href":"https:\/\/www.shqiperia.com\/blog\/wp-json\/wp\/v2\/comments?post=96843"}],"version-history":[{"count":3,"href":"https:\/\/www.shqiperia.com\/blog\/wp-json\/wp\/v2\/posts\/96843\/revisions"}],"predecessor-version":[{"id":96847,"href":"https:\/\/www.shqiperia.com\/blog\/wp-json\/wp\/v2\/posts\/96843\/revisions\/96847"}],"wp:featuredmedia":[{"embeddable":true,"href":"https:\/\/www.shqiperia.com\/blog\/wp-json\/wp\/v2\/media\/96844"}],"wp:attachment":[{"href":"https:\/\/www.shqiperia.com\/blog\/wp-json\/wp\/v2\/media?parent=96843"}],"wp:term":[{"taxonomy":"category","embeddable":true,"href":"https:\/\/www.shqiperia.com\/blog\/wp-json\/wp\/v2\/categories?post=96843"},{"taxonomy":"post_tag","embeddable":true,"href":"https:\/\/www.shqiperia.com\/blog\/wp-json\/wp\/v2\/tags?post=96843"}],"curies":[{"name":"wp","href":"https:\/\/api.w.org\/{rel}","templated":true}]}}