{"id":96840,"date":"2026-01-22T22:31:39","date_gmt":"2026-01-22T22:31:39","guid":{"rendered":"https:\/\/www.shqiperia.com\/blog\/?p=96840"},"modified":"2026-01-22T22:31:39","modified_gmt":"2026-01-22T22:31:39","slug":"bileta-kushton-1-miliard-dollare-trump-prezanton-sot-ne-davos-keshillin-e-paqes-qe-shihet-gjeresisht-si-okb-ja-e-tij-private","status":"publish","type":"post","link":"https:\/\/www.shqiperia.com\/blog\/bileta-kushton-1-miliard-dollare-trump-prezanton-sot-ne-davos-keshillin-e-paqes-qe-shihet-gjeresisht-si-okb-ja-e-tij-private\/","title":{"rendered":"Bileta kushton 1 miliard dollar\u00eb, Trump prezanton sot n\u00eb Davos \u201cK\u00ebshillin e Paqes\u201d q\u00eb shihet gjer\u00ebsisht si OKB-ja e tij private"},"content":{"rendered":"<p><img data-recalc-dims=\"1\" loading=\"lazy\" decoding=\"async\" data-attachment-id=\"96841\" data-permalink=\"https:\/\/www.shqiperia.com\/blog\/bileta-kushton-1-miliard-dollare-trump-prezanton-sot-ne-davos-keshillin-e-paqes-qe-shihet-gjeresisht-si-okb-ja-e-tij-private\/screenshot-2026-01-22-104722\/\" data-orig-file=\"https:\/\/i0.wp.com\/www.shqiperia.com\/blog\/wp-content\/uploads\/2026\/01\/Screenshot-2026-01-22-104722.webp?fit=1322%2C842&amp;ssl=1\" data-orig-size=\"1322,842\" data-comments-opened=\"1\" data-image-meta=\"{&quot;aperture&quot;:&quot;0&quot;,&quot;credit&quot;:&quot;&quot;,&quot;camera&quot;:&quot;&quot;,&quot;caption&quot;:&quot;&quot;,&quot;created_timestamp&quot;:&quot;0&quot;,&quot;copyright&quot;:&quot;&quot;,&quot;focal_length&quot;:&quot;0&quot;,&quot;iso&quot;:&quot;0&quot;,&quot;shutter_speed&quot;:&quot;0&quot;,&quot;title&quot;:&quot;&quot;,&quot;orientation&quot;:&quot;0&quot;}\" data-image-title=\"Screenshot-2026-01-22-104722\" data-image-description=\"\" data-image-caption=\"\" data-medium-file=\"https:\/\/i0.wp.com\/www.shqiperia.com\/blog\/wp-content\/uploads\/2026\/01\/Screenshot-2026-01-22-104722.webp?fit=300%2C191&amp;ssl=1\" data-large-file=\"https:\/\/i0.wp.com\/www.shqiperia.com\/blog\/wp-content\/uploads\/2026\/01\/Screenshot-2026-01-22-104722.webp?fit=1024%2C652&amp;ssl=1\" class=\"alignnone  wp-image-96841\" alt=\"\" src=\"https:\/\/i0.wp.com\/www.shqiperia.com\/blog\/wp-content\/uploads\/2026\/01\/Screenshot-2026-01-22-104722.webp?resize=716%2C456&#038;ssl=1\" width=\"716\" height=\"456\" srcset=\"https:\/\/i0.wp.com\/www.shqiperia.com\/blog\/wp-content\/uploads\/2026\/01\/Screenshot-2026-01-22-104722.webp?resize=300%2C191&amp;ssl=1 300w, https:\/\/i0.wp.com\/www.shqiperia.com\/blog\/wp-content\/uploads\/2026\/01\/Screenshot-2026-01-22-104722.webp?resize=1024%2C652&amp;ssl=1 1024w, https:\/\/i0.wp.com\/www.shqiperia.com\/blog\/wp-content\/uploads\/2026\/01\/Screenshot-2026-01-22-104722.webp?resize=768%2C489&amp;ssl=1 768w, https:\/\/i0.wp.com\/www.shqiperia.com\/blog\/wp-content\/uploads\/2026\/01\/Screenshot-2026-01-22-104722.webp?resize=450%2C287&amp;ssl=1 450w, https:\/\/i0.wp.com\/www.shqiperia.com\/blog\/wp-content\/uploads\/2026\/01\/Screenshot-2026-01-22-104722.webp?resize=600%2C382&amp;ssl=1 600w, https:\/\/i0.wp.com\/www.shqiperia.com\/blog\/wp-content\/uploads\/2026\/01\/Screenshot-2026-01-22-104722.webp?resize=1300%2C828&amp;ssl=1 1300w, https:\/\/i0.wp.com\/www.shqiperia.com\/blog\/wp-content\/uploads\/2026\/01\/Screenshot-2026-01-22-104722.webp?resize=400%2C255&amp;ssl=1 400w, https:\/\/i0.wp.com\/www.shqiperia.com\/blog\/wp-content\/uploads\/2026\/01\/Screenshot-2026-01-22-104722.webp?w=1322&amp;ssl=1 1322w\" sizes=\"auto, (max-width: 716px) 100vw, 716px\" \/><\/p>\n<p>22 Janar 2026<\/p>\n<p>Pas t\u00ebrheqjes s\u00eb tij lidhur me Groenland\u00ebn dhe uljes s\u00eb tensioneve t\u00eb nj\u00eb p\u00ebrplasjeje q\u00eb ai vet\u00eb kishte nxitur, Donald Trump prezanton sot n\u00eb Davos nism\u00ebn e re t\u00eb quajtur \u201cK\u00ebshilli i Paqes\u201d.<\/p>\n<p>Fillimisht i konceptuar p\u00ebr rind\u00ebrtimin e Gaz\u00ebs, ky k\u00ebshill pritet t\u00eb ket\u00eb nj\u00eb mandat shum\u00eb m\u00eb t\u00eb gjer\u00eb, duke synuar \u201czgjidhjen e konflikteve n\u00eb mbar\u00eb bot\u00ebn\u201d.<\/p>\n<p>Ky organiz\u00ebm shihet gjer\u00ebsisht si \u201cOKB-ja private\u201d e Trumpit sepse synon qartazi t\u00eb nxjerr\u00eb nga loja Organizat\u00ebn e Kombeve t\u00eb Bashkuara, duke e z\u00ebvend\u00ebsuar me nj\u00eb version thuajse monarkik, pasi Trump e ka shpallur veten drejtues t\u00eb p\u00ebrjetsh\u00ebm (edhe pasi t\u00eb mos jet\u00eb m\u00eb President i SHBA) me kopetenca shum\u00eb t\u00eb gjera.<\/p>\n<p>N\u00eb or\u00ebn 10:30, presidenti amerikan do t\u00eb marr\u00eb pjes\u00eb n\u00eb ceremonin\u00eb e n\u00ebnshkrimit t\u00eb kart\u00ebs themeluese.<\/p>\n<p><strong>Nj\u00eb miliard dollar\u00eb p\u00ebr nj\u00eb vend t\u00eb p\u00ebrhersh\u00ebm \u2013 Kush do t\u00eb marr\u00eb pjes\u00eb<\/strong><\/p>\n<p>Rreth 35 lider\u00eb bot\u00ebror\u00eb kan\u00eb pranuar tashm\u00eb ftes\u00ebn p\u00ebr t\u2019u bashkuar me k\u00ebshillin, nga af\u00ebrsisht 50 ftesa t\u00eb d\u00ebrguara, b\u00ebri t\u00eb ditur t\u00eb m\u00ebrkur\u00ebn nj\u00eb zyrtar i lart\u00eb i administrat\u00ebs Trump.<\/p>\n<p><em>\u201cMendoj se \u00ebsht\u00eb k\u00ebshilli m\u00eb i mir\u00eb q\u00eb \u00ebsht\u00eb krijuar ndonj\u00ebher\u00eb\u201d, u shpreh Trump gjat\u00eb nj\u00eb takimi me presidentin egjiptian Abdel Fattah al-Sisi, i cili \u00ebsht\u00eb nd\u00ebr lider\u00ebt q\u00eb kan\u00eb pranuar pjes\u00ebmarrjen.<\/em><\/p>\n<p>\u00c7mimi i \u201cbilet\u00ebs s\u00eb hyrjes\u201d \u00ebsht\u00eb 1 miliard dollar\u00eb p\u00ebr nj\u00eb vend t\u00eb p\u00ebrhersh\u00ebm n\u00eb k\u00ebshill.<\/p>\n<p>Trump deklaroi n\u00eb Davos se presidenti rus Vladimir Putin e ka pranuar ftes\u00ebn, ndon\u00ebse m\u00eb her\u00ebt Putin ishte shprehur vet\u00ebm se Ministris\u00eb s\u00eb Jashtme i ishte \u201cngarkuar detyra t\u00eb shqyrtoj\u00eb\u201d propozimin amerikan.<\/p>\n<p>Kryeministri izraelit Benjamin Netanyahu konfirmoi gjithashtu se ka pranuar t\u00eb marr\u00eb pjes\u00eb.<\/p>\n<p>Megjithat\u00eb, aleat\u00eb t\u00eb r\u00ebnd\u00ebsish\u00ebm t\u00eb SHBA-s\u00eb, p\u00ebrfshir\u00eb Franc\u00ebn dhe Mbret\u00ebrin\u00eb e Bashkuar, kan\u00eb shprehur rezerva p\u00ebr k\u00ebt\u00eb \u201cK\u00ebshill Paqeje\u201d.<\/p>\n<p>N\u00eb t\u00eb kund\u00ebrt, shum\u00eb vende t\u00eb Lindjes s\u00eb Mesme, si Arabia Saudite dhe Katari, kan\u00eb deklaruar se do t\u2019i bashkohen nism\u00ebs.<\/p>\n<p>Trump nuk e ka fshehur zhg\u00ebnjimin e tij p\u00ebr faktin se nuk ka fituar \u00c7mimin Nobel p\u00ebr Paqe, nd\u00ebrsa shpesh pretendon se ka kontribuar n\u00eb p\u00ebrfundimin e tet\u00eb luft\u00ebrave, ndon\u00ebse ato vazhdojn\u00eb.<\/p>\n<p><strong>Takim i paralajm\u00ebruar me Zelenskyn<\/strong><\/p>\n<p>Ftesa drejtuar Vladimir Putinit ka shkaktuar shqet\u00ebsim t\u00eb ve\u00e7ant\u00eb tek aleat\u00ebt e SHBA-s\u00eb, sidomos tek Ukraina, e cila k\u00ebrkon t\u2019i jap\u00eb fund luft\u00ebs gati kat\u00ebrvje\u00e7are me Rusin\u00eb, q\u00eb nisi me pushtimin e shkurtit 2022.<\/p>\n<p>Donald Trump pritet t\u00eb takohet sot me presidentin ukrainas Volodymyr Zelensky, menj\u00ebher\u00eb pas shpalljes zyrtare t\u00eb krijimit t\u00eb \u201cK\u00ebshillit t\u00eb Paqes\u201d.<\/p>\n<p>T\u00eb m\u00ebrkur\u00ebn n\u00eb Davos, Trump deklaroi se Rusia dhe Ukraina do t\u00eb ishin \u201cbudallaqe\u201d n\u00ebse nuk arrijn\u00eb nj\u00eb marr\u00ebveshje p\u00ebr t\u2019i dh\u00ebn\u00eb fund konfliktit, t\u00eb cilin ai kishte premtuar se do ta zgjidhte \u201cbrenda nj\u00eb dite\u201d pas marrjes s\u00eb detyr\u00ebs.<\/p>\n<p>Ai p\u00ebrs\u00ebrit vazhdikmisht se president\u00ebt e Rusis\u00eb dhe Ukrain\u00ebs jan\u00eb pran\u00eb nj\u00eb marr\u00ebveshjeje, megjith\u00ebse her\u00eb pas here faj\u00ebson nj\u00ebr\u00ebn ose tjetr\u00ebn pal\u00eb p\u00ebr munges\u00ebn e arm\u00ebpushimit.<\/p>\n<p>I rezervuar prej koh\u00ebsh ndaj ndihm\u00ebs p\u00ebr Ukrain\u00ebn, Trump deklaroi n\u00eb Davos se jan\u00eb NATO-ja dhe Evropa ato q\u00eb duhet \u201ct\u00eb merren me Ukrain\u00ebn\u201d, dhe jo Shtetet e Bashkuara.<\/p>\n<p>Nd\u00ebrkoh\u00eb, i d\u00ebrguari amerikan Steve Witkoff pritet t\u00eb largohet nga Davosi drejt Mosk\u00ebs, s\u00eb bashku me dh\u00ebndrin e Trumpit, Jared Kushner, p\u00ebr bisedime me presidentin rus Vladimir Putin.<\/p>\n<p>Trump deklaroi gjithashtu se ka r\u00ebn\u00eb dakord me shefin e NATO-s, Mark Rutte, mbi \u201ckorniz\u00ebn e nj\u00eb marr\u00ebveshjeje t\u00eb ardhshme\u201d lidhur me Groenland\u00ebn.<\/p>\n<p>Nga: Gazeta Dita<\/p>\n","protected":false},"excerpt":{"rendered":"<p>22 Janar 2026 Pas t\u00ebrheqjes s\u00eb tij lidhur me Groenland\u00ebn dhe uljes s\u00eb tensioneve t\u00eb nj\u00eb p\u00ebrplasjeje q\u00eb ai vet\u00eb kishte nxitur, Donald Trump prezanton sot n\u00eb Davos nism\u00ebn e re t\u00eb quajtur \u201cK\u00ebshilli i Paqes\u201d. Fillimisht i konceptuar p\u00ebr rind\u00ebrtimin e Gaz\u00ebs, ky k\u00ebshill pritet t\u00eb ket\u00eb nj\u00eb mandat shum\u00eb m\u00eb t\u00eb gjer\u00eb, duke [&hellip;]<\/p>\n","protected":false},"author":9,"featured_media":96841,"comment_status":"open","ping_status":"open","sticky":false,"template":"","format":"standard","meta":{"jetpack_post_was_ever_published":false,"_jetpack_newsletter_access":"","_jetpack_dont_email_post_to_subs":false,"_jetpack_newsletter_tier_id":0,"_jetpack_memberships_contains_paywalled_content":false,"_jetpack_memberships_contains_paid_content":false,"footnotes":"","jetpack_publicize_message":"","jetpack_publicize_feature_enabled":true,"jetpack_social_post_already_shared":true,"jetpack_social_options":{"image_generator_settings":{"template":"highway","default_image_id":0,"font":"","enabled":false},"version":2}},"categories":[27,1],"tags":[],"class_list":["post-96840","post","type-post","status-publish","format-standard","has-post-thumbnail","hentry","category-blogu-i-udhetarit","category-njoftime-shtypi"],"jetpack_publicize_connections":[],"jetpack_featured_media_url":"https:\/\/i0.wp.com\/www.shqiperia.com\/blog\/wp-content\/uploads\/2026\/01\/Screenshot-2026-01-22-104722.webp?fit=1322%2C842&ssl=1","jetpack_sharing_enabled":true,"jetpack_shortlink":"https:\/\/wp.me\/p5Z6wp-pbW","jetpack-related-posts":[{"id":96821,"url":"https:\/\/www.shqiperia.com\/blog\/trump-zgjodhi-te-mos-ia-shihte-bojen-rames-ne-davos\/","url_meta":{"origin":96840,"position":0},"title":"Trump \u2018zgjodhi\u2019 t\u00eb mos ia shihte boj\u00ebn Ram\u00ebs n\u00eb Davos","author":"Kurt Farka","date":"January 22, 2026","format":false,"excerpt":"Nga\u00a0Genc Burimi Jan\u00eb dy skena surrealiste q\u00eb do t\u00eb mbahen mend gjat\u00eb n\u00eb memorien e televizioneve n\u00eb Shqip\u00ebri. Nga nj\u00ebra an\u00eb, Davosi. Nj\u00eb sken\u00eb solemne me 19 krer\u00eb shtetesh dhe qeverish nga e gjith\u00eb bota, q\u00eb asistonin krah presidentit Trump n\u00eb themelimin e Bordit t\u00eb Paqes. Kamerat nga e gjith\u00eb\u2026","rel":"","context":"In &quot;Blogu i Udh\u00ebtarit&quot;","block_context":{"text":"Blogu i Udh\u00ebtarit","link":"https:\/\/www.shqiperia.com\/blog\/category\/blogu-i-udhetarit\/"},"img":{"alt_text":"","src":"https:\/\/i0.wp.com\/www.shqiperia.com\/blog\/wp-content\/uploads\/2026\/01\/auto_trump-osmani-davos-2026-bordi-i-paqes-ap1769090222.jpg?fit=900%2C600&ssl=1&resize=350%2C200","width":350,"height":200,"srcset":"https:\/\/i0.wp.com\/www.shqiperia.com\/blog\/wp-content\/uploads\/2026\/01\/auto_trump-osmani-davos-2026-bordi-i-paqes-ap1769090222.jpg?fit=900%2C600&ssl=1&resize=350%2C200 1x, https:\/\/i0.wp.com\/www.shqiperia.com\/blog\/wp-content\/uploads\/2026\/01\/auto_trump-osmani-davos-2026-bordi-i-paqes-ap1769090222.jpg?fit=900%2C600&ssl=1&resize=525%2C300 1.5x, https:\/\/i0.wp.com\/www.shqiperia.com\/blog\/wp-content\/uploads\/2026\/01\/auto_trump-osmani-davos-2026-bordi-i-paqes-ap1769090222.jpg?fit=900%2C600&ssl=1&resize=700%2C400 2x"},"classes":[]},{"id":96858,"url":"https:\/\/www.shqiperia.com\/blog\/trump-terheq-ftesen-per-kanadane-ne-bordin-e-paqes\/","url_meta":{"origin":96840,"position":1},"title":"Trump t\u00ebrheq ftes\u00ebn p\u00ebr Kanadan\u00eb n\u00eb Bordin e Paqes","author":"Kurt Farka","date":"January 23, 2026","format":false,"excerpt":"23 Janar 2026 Donald Trump t\u00ebrhoqi t\u00eb enjten ftes\u00ebn p\u00ebr Kanadan\u00eb p\u00ebr t\u2019iu bashkuar iniciativ\u00ebs s\u00eb tij t\u00eb Bordit t\u00eb Paqes, e cila synon zgjidhjen e konflikteve globale. \u201cJu lutem, kjo let\u00ebr sh\u00ebrben p\u00ebr t\u2019ju njoftuar se Bordi i Paqes po t\u00ebrheq ftes\u00ebn p\u00ebr ju p\u00ebr bashkimin e Kanadas\u00eb n\u00eb\u2026","rel":"","context":"In &quot;Blogu i Udh\u00ebtarit&quot;","block_context":{"text":"Blogu i Udh\u00ebtarit","link":"https:\/\/www.shqiperia.com\/blog\/category\/blogu-i-udhetarit\/"},"img":{"alt_text":"","src":"https:\/\/i0.wp.com\/www.shqiperia.com\/blog\/wp-content\/uploads\/2026\/01\/640-0-a8e06680276ce43657345c6aca60f5c1-1.webp?fit=640%2C359&ssl=1&resize=350%2C200","width":350,"height":200,"srcset":"https:\/\/i0.wp.com\/www.shqiperia.com\/blog\/wp-content\/uploads\/2026\/01\/640-0-a8e06680276ce43657345c6aca60f5c1-1.webp?fit=640%2C359&ssl=1&resize=350%2C200 1x, https:\/\/i0.wp.com\/www.shqiperia.com\/blog\/wp-content\/uploads\/2026\/01\/640-0-a8e06680276ce43657345c6aca60f5c1-1.webp?fit=640%2C359&ssl=1&resize=525%2C300 1.5x"},"classes":[]},{"id":97126,"url":"https:\/\/www.shqiperia.com\/blog\/skandali-me-bordin-e-paqes-parlamenti-miratoi-nje-marreveshje-fantazem-votimi-per-propozimin-e-trump-nul-pasi\/","url_meta":{"origin":96840,"position":2},"title":"Skandali me Bordin e Paqes, Parlamenti miratoi nj\u00eb marr\u00ebveshje fantaz\u00ebm, votimi p\u00ebr propozimin e Trump nul pasi\u2026","author":"Kurt Farka","date":"January 29, 2026","format":false,"excerpt":"29 Janar 2026 Skandali me Bordin e Paqes, Parlamenti miratoi nj\u00eb marr\u00ebveshje fantaz\u00ebm, votimi p\u00ebr propozimin e Trump nul pasi nuk ka nj\u00eb dokument t\u00eb firmosur midis presidentit SHBA dhe Edi Ram\u00ebs Parlamenti i Shqip\u00ebris\u00eb duket se \u00ebsht\u00eb p\u00ebrfshir\u00eb n\u00eb nj\u00eb skandal t\u00eb r\u00ebnd\u00eb institucional, p\u00ebr t\u00eb cilin p\u00ebrgjegj\u00ebsia kryesore\u2026","rel":"","context":"In &quot;Blogu i Udh\u00ebtarit&quot;","block_context":{"text":"Blogu i Udh\u00ebtarit","link":"https:\/\/www.shqiperia.com\/blog\/category\/blogu-i-udhetarit\/"},"img":{"alt_text":"","src":"https:\/\/i0.wp.com\/www.shqiperia.com\/blog\/wp-content\/uploads\/2026\/01\/Begaj-jep-autorizimin-qe-vetem-Edi-Rama-perfaqeson-Shqiperine-ne-Bordin-e-Paqes-Copy.jpg?fit=800%2C515&ssl=1&resize=350%2C200","width":350,"height":200,"srcset":"https:\/\/i0.wp.com\/www.shqiperia.com\/blog\/wp-content\/uploads\/2026\/01\/Begaj-jep-autorizimin-qe-vetem-Edi-Rama-perfaqeson-Shqiperine-ne-Bordin-e-Paqes-Copy.jpg?fit=800%2C515&ssl=1&resize=350%2C200 1x, https:\/\/i0.wp.com\/www.shqiperia.com\/blog\/wp-content\/uploads\/2026\/01\/Begaj-jep-autorizimin-qe-vetem-Edi-Rama-perfaqeson-Shqiperine-ne-Bordin-e-Paqes-Copy.jpg?fit=800%2C515&ssl=1&resize=525%2C300 1.5x, https:\/\/i0.wp.com\/www.shqiperia.com\/blog\/wp-content\/uploads\/2026\/01\/Begaj-jep-autorizimin-qe-vetem-Edi-Rama-perfaqeson-Shqiperine-ne-Bordin-e-Paqes-Copy.jpg?fit=800%2C515&ssl=1&resize=700%2C400 2x"},"classes":[]},{"id":96943,"url":"https:\/\/www.shqiperia.com\/blog\/rama-shmangu-pergjegjesite-maliqi-me-e-rendesishme-ishte-te-shkohej-ne-davos-sesa-nje-foto-ne-vlore\/","url_meta":{"origin":96840,"position":3},"title":"\u2018Rama shmangu p\u00ebrgjegj\u00ebsit\u00eb\u2019, Maliqi: M\u00eb e r\u00ebnd\u00ebsishme ishte t\u00eb shkohej n\u00eb Davos sesa nj\u00eb foto n\u00eb Vlor\u00eb","author":"Kurt Farka","date":"January 25, 2026","format":false,"excerpt":"25 Janar 2026 I ftuar n\u00eb nj\u00eb emision televiziv, Nefail Maliqi, gazetari shqiptar n\u00eb Gjenev\u00eb, u shpreh se mospjes\u00ebmarrja e kryeministrit Edi Rama n\u00eb Samitin Bot\u00ebror Ekonomik n\u00eb Davos p\u00ebrb\u00ebn nj\u00eb d\u00ebm serioz p\u00ebr imazhin dhe interesat e Shqip\u00ebris\u00eb n\u00eb aren\u00ebn nd\u00ebrkomb\u00ebtare. Sipas Maliqit, nd\u00ebrsa lider\u00eb nga e gjith\u00eb bota\u2026","rel":"","context":"In &quot;Blogu i Udh\u00ebtarit&quot;","block_context":{"text":"Blogu i Udh\u00ebtarit","link":"https:\/\/www.shqiperia.com\/blog\/category\/blogu-i-udhetarit\/"},"img":{"alt_text":"","src":"https:\/\/i0.wp.com\/www.shqiperia.com\/blog\/wp-content\/uploads\/2026\/01\/Nefail-Maliqi.jpg?fit=581%2C363&ssl=1&resize=350%2C200","width":350,"height":200,"srcset":"https:\/\/i0.wp.com\/www.shqiperia.com\/blog\/wp-content\/uploads\/2026\/01\/Nefail-Maliqi.jpg?fit=581%2C363&ssl=1&resize=350%2C200 1x, https:\/\/i0.wp.com\/www.shqiperia.com\/blog\/wp-content\/uploads\/2026\/01\/Nefail-Maliqi.jpg?fit=581%2C363&ssl=1&resize=525%2C300 1.5x"},"classes":[]},{"id":96870,"url":"https:\/\/www.shqiperia.com\/blog\/vjosa-osmani-zbardh-arsyen-pse-e-perzune-edi-ramen-nga-nenshkrimi-i-bordit-te-paqes-ne-davos-prapaskenat\/","url_meta":{"origin":96840,"position":4},"title":"Vjosa Osmani zbardh arsyen pse e p\u00ebrzun\u00eb Edi Ram\u00ebn nga n\u00ebnshkrimi i Bordit t\u00eb Paqes n\u00eb Davos, prapaskenat\u2026","author":"Kurt Farka","date":"January 24, 2026","format":false,"excerpt":"25 Janar 2026 Ceremonia n\u00eb Davos t\u00eb Zvicr\u00ebs, ku Presidenti i Shteteve t\u00eb Bashkuara, Donald Trump, n\u00ebnshkroi marr\u00ebveshjen p\u00ebr krijimin e Bordit t\u00eb Paqes, shfaqi nj\u00eb kontrast t\u00eb thell\u00eb diplomatik mes Prishtin\u00ebs dhe Tiran\u00ebs. Nd\u00ebrsa Presidentja e Kosov\u00ebs, Vjosa Osmani, u thirr me nj\u00eb ftes\u00eb urgjente dhe personale p\u00ebr t\u00eb\u2026","rel":"","context":"In &quot;Blogu i Udh\u00ebtarit&quot;","block_context":{"text":"Blogu i Udh\u00ebtarit","link":"https:\/\/www.shqiperia.com\/blog\/category\/blogu-i-udhetarit\/"},"img":{"alt_text":"","src":"https:\/\/i0.wp.com\/www.shqiperia.com\/blog\/wp-content\/uploads\/2026\/01\/politike-kryesore-2.jpg?fit=560%2C349&ssl=1&resize=350%2C200","width":350,"height":200,"srcset":"https:\/\/i0.wp.com\/www.shqiperia.com\/blog\/wp-content\/uploads\/2026\/01\/politike-kryesore-2.jpg?fit=560%2C349&ssl=1&resize=350%2C200 1x, https:\/\/i0.wp.com\/www.shqiperia.com\/blog\/wp-content\/uploads\/2026\/01\/politike-kryesore-2.jpg?fit=560%2C349&ssl=1&resize=525%2C300 1.5x"},"classes":[]},{"id":97822,"url":"https:\/\/www.shqiperia.com\/blog\/vatikani-refuzon-zyrtarisht-ftesen-e-trump-per-bordin-e-paqes\/","url_meta":{"origin":96840,"position":5},"title":"Vatikani refuzon zyrtarisht ftes\u00ebn e Trump p\u00ebr \u2018Bordin e Paqes\u2019","author":"Kurt Farka","date":"February 18, 2026","format":false,"excerpt":"18 Shkurt 2026 Papa Leo XIV ka refuzuar ftes\u00ebn e Donald Trump p\u00ebr tu bashkuar n\u00eb \u201cBordin e Paqes\u201d. Kardinali Pietro Parolin, sekretari i shtetit i Vatikanit, u tha gazetar\u00ebve t\u00eb mart\u00ebn se Papa kishte nj\u00eb num\u00ebr shqet\u00ebsimesh n\u00eb lidhje me iniciativ\u00ebn dhe se si rezultat ai nuk do t\u00eb\u2026","rel":"","context":"In &quot;Njoftime Shtypi&quot;","block_context":{"text":"Njoftime Shtypi","link":"https:\/\/www.shqiperia.com\/blog\/category\/njoftime-shtypi\/"},"img":{"alt_text":"","src":"https:\/\/i0.wp.com\/www.shqiperia.com\/blog\/wp-content\/uploads\/2026\/02\/25trumppope-4-videoSixteenByNineJumbo1600.jpg?fit=1139%2C771&ssl=1&resize=350%2C200","width":350,"height":200,"srcset":"https:\/\/i0.wp.com\/www.shqiperia.com\/blog\/wp-content\/uploads\/2026\/02\/25trumppope-4-videoSixteenByNineJumbo1600.jpg?fit=1139%2C771&ssl=1&resize=350%2C200 1x, https:\/\/i0.wp.com\/www.shqiperia.com\/blog\/wp-content\/uploads\/2026\/02\/25trumppope-4-videoSixteenByNineJumbo1600.jpg?fit=1139%2C771&ssl=1&resize=525%2C300 1.5x, https:\/\/i0.wp.com\/www.shqiperia.com\/blog\/wp-content\/uploads\/2026\/02\/25trumppope-4-videoSixteenByNineJumbo1600.jpg?fit=1139%2C771&ssl=1&resize=700%2C400 2x, https:\/\/i0.wp.com\/www.shqiperia.com\/blog\/wp-content\/uploads\/2026\/02\/25trumppope-4-videoSixteenByNineJumbo1600.jpg?fit=1139%2C771&ssl=1&resize=1050%2C600 3x"},"classes":[]}],"_links":{"self":[{"href":"https:\/\/www.shqiperia.com\/blog\/wp-json\/wp\/v2\/posts\/96840","targetHints":{"allow":["GET"]}}],"collection":[{"href":"https:\/\/www.shqiperia.com\/blog\/wp-json\/wp\/v2\/posts"}],"about":[{"href":"https:\/\/www.shqiperia.com\/blog\/wp-json\/wp\/v2\/types\/post"}],"author":[{"embeddable":true,"href":"https:\/\/www.shqiperia.com\/blog\/wp-json\/wp\/v2\/users\/9"}],"replies":[{"embeddable":true,"href":"https:\/\/www.shqiperia.com\/blog\/wp-json\/wp\/v2\/comments?post=96840"}],"version-history":[{"count":1,"href":"https:\/\/www.shqiperia.com\/blog\/wp-json\/wp\/v2\/posts\/96840\/revisions"}],"predecessor-version":[{"id":96842,"href":"https:\/\/www.shqiperia.com\/blog\/wp-json\/wp\/v2\/posts\/96840\/revisions\/96842"}],"wp:featuredmedia":[{"embeddable":true,"href":"https:\/\/www.shqiperia.com\/blog\/wp-json\/wp\/v2\/media\/96841"}],"wp:attachment":[{"href":"https:\/\/www.shqiperia.com\/blog\/wp-json\/wp\/v2\/media?parent=96840"}],"wp:term":[{"taxonomy":"category","embeddable":true,"href":"https:\/\/www.shqiperia.com\/blog\/wp-json\/wp\/v2\/categories?post=96840"},{"taxonomy":"post_tag","embeddable":true,"href":"https:\/\/www.shqiperia.com\/blog\/wp-json\/wp\/v2\/tags?post=96840"}],"curies":[{"name":"wp","href":"https:\/\/api.w.org\/{rel}","templated":true}]}}