{"id":96836,"date":"2026-01-22T18:09:52","date_gmt":"2026-01-22T18:09:52","guid":{"rendered":"https:\/\/www.shqiperia.com\/blog\/?p=96836"},"modified":"2026-01-22T18:09:52","modified_gmt":"2026-01-22T18:09:52","slug":"stuhia-ciklonare-pritet-te-preke-shqiperine-meteorologia-ben-paralajmerimin","status":"publish","type":"post","link":"https:\/\/www.shqiperia.com\/blog\/stuhia-ciklonare-pritet-te-preke-shqiperine-meteorologia-ben-paralajmerimin\/","title":{"rendered":"\u201cStuhia ciklonare pritet t\u00eb prek\u00eb Shqip\u00ebrin\u00eb\u201d\/ Meteorologia b\u00ebn paralajm\u00ebrimin&#8230;"},"content":{"rendered":"<p><img data-recalc-dims=\"1\" loading=\"lazy\" decoding=\"async\" data-attachment-id=\"96837\" data-permalink=\"https:\/\/www.shqiperia.com\/blog\/stuhia-ciklonare-pritet-te-preke-shqiperine-meteorologia-ben-paralajmerimin\/image-435-2-768x499-1\/\" data-orig-file=\"https:\/\/i0.wp.com\/www.shqiperia.com\/blog\/wp-content\/uploads\/2026\/01\/image-435-2-768x499-1.webp?fit=768%2C499&amp;ssl=1\" data-orig-size=\"768,499\" data-comments-opened=\"1\" data-image-meta=\"{&quot;aperture&quot;:&quot;0&quot;,&quot;credit&quot;:&quot;&quot;,&quot;camera&quot;:&quot;&quot;,&quot;caption&quot;:&quot;&quot;,&quot;created_timestamp&quot;:&quot;0&quot;,&quot;copyright&quot;:&quot;&quot;,&quot;focal_length&quot;:&quot;0&quot;,&quot;iso&quot;:&quot;0&quot;,&quot;shutter_speed&quot;:&quot;0&quot;,&quot;title&quot;:&quot;&quot;,&quot;orientation&quot;:&quot;0&quot;}\" data-image-title=\"image-435-2-768&#215;499-1\" data-image-description=\"\" data-image-caption=\"\" data-medium-file=\"https:\/\/i0.wp.com\/www.shqiperia.com\/blog\/wp-content\/uploads\/2026\/01\/image-435-2-768x499-1.webp?fit=300%2C195&amp;ssl=1\" data-large-file=\"https:\/\/i0.wp.com\/www.shqiperia.com\/blog\/wp-content\/uploads\/2026\/01\/image-435-2-768x499-1.webp?fit=768%2C499&amp;ssl=1\" class=\"alignnone  wp-image-96837\" alt=\"\" src=\"https:\/\/i0.wp.com\/www.shqiperia.com\/blog\/wp-content\/uploads\/2026\/01\/image-435-2-768x499-1.webp?resize=609%2C396&#038;ssl=1\" width=\"609\" height=\"396\" srcset=\"https:\/\/i0.wp.com\/www.shqiperia.com\/blog\/wp-content\/uploads\/2026\/01\/image-435-2-768x499-1.webp?resize=300%2C195&amp;ssl=1 300w, https:\/\/i0.wp.com\/www.shqiperia.com\/blog\/wp-content\/uploads\/2026\/01\/image-435-2-768x499-1.webp?resize=450%2C292&amp;ssl=1 450w, https:\/\/i0.wp.com\/www.shqiperia.com\/blog\/wp-content\/uploads\/2026\/01\/image-435-2-768x499-1.webp?resize=600%2C390&amp;ssl=1 600w, https:\/\/i0.wp.com\/www.shqiperia.com\/blog\/wp-content\/uploads\/2026\/01\/image-435-2-768x499-1.webp?resize=400%2C260&amp;ssl=1 400w, https:\/\/i0.wp.com\/www.shqiperia.com\/blog\/wp-content\/uploads\/2026\/01\/image-435-2-768x499-1.webp?w=768&amp;ssl=1 768w\" sizes=\"auto, (max-width: 609px) 100vw, 609px\" \/><\/p>\n<p>22 Janar 2026<\/p>\n<p>Shqip\u00ebria pritet t\u00eb p\u00ebrballet me nj\u00eb p\u00ebrkeq\u00ebsim t\u00eb kushteve t\u00eb motit pas dy dit\u00ebsh, si pasoj\u00eb e nj\u00eb qendre t\u00eb re ciklonare q\u00eb po fuqizohet mbi Italin\u00eb qendrore dhe q\u00eb do t\u00eb p\u00ebrfshij\u00eb gradualisht gjith\u00eb Ballkanin.<\/p>\n<p>\u201cNj\u00eb qend\u00ebr ciklonare \u00ebsht\u00eb e pozicionuar prej disa dit\u00ebsh n\u00eb Italin\u00eb jugore, kryesisht Sicili, por p\u00ebrgjith\u00ebsisht Italin\u00eb jugore. Kjo qend\u00ebr ciklonare po zvog\u00eblohet dhe zhvendoset drejt juglindjes, pra po vjen drejt jugut t\u00eb Ballkanit. Megjithat\u00eb ka nj\u00eb spostim dhe nj\u00eb dhe nj\u00eb devijim t\u00eb till\u00eb q\u00eb po i shkon Greqis\u00eb.<\/p>\n<p>Kjo stuhi e k\u00ebtyre dit\u00ebve nuk na prek, por nj\u00eb tjet\u00ebr stuhi ciklonare po fuqizohet me Mesdheun per\u00ebndimor. Ajo qend\u00ebr ciklonare do t\u00eb na prek\u00eb dhe neve, p\u00ebrgjith\u00ebsisht Ballkanin, duke prodhuar reshje me intensitet t\u00eb pakt\u00ebn mesatar p\u00ebr t\u00eb gjith\u00eb territorin shqiptar\u201d, tha n\u00eb \u201cDita jon\u00eb\u201d meteorologia, Tanja Porja.<\/p>\n<p>Sipas saj, aktualisht vendi ndodhet n\u00eb kushte relativisht t\u00eb q\u00ebndrueshme, me reshje t\u00eb pakta dhe lokale, nd\u00ebrsa temperaturat kan\u00eb sh\u00ebnuar rritje, duke arritur deri n\u00eb 15 grad\u00eb Celsius n\u00eb zonat jugper\u00ebndimore.<\/p>\n<p>Por kjo situat\u00eb do t\u00eb ndryshoj\u00eb n\u00eb fundjav\u00eb, kryesisht t\u00eb diel\u00ebn dhe t\u00eb h\u00ebn\u00ebn, kur sistemi ciklonar do t\u00eb sjell\u00eb reshje shiu me intensitet mesatar n\u00eb t\u00eb gjith\u00eb territorin.<\/p>\n<p>\u201cDeri t\u00eb diel\u00ebn reshjet jan\u00eb krejt t\u00eb pakta dhe t\u00eb karakterit lokal, jan\u00eb vet\u00ebm n\u00eb disa zona nd\u00ebrsa kjo qend\u00ebr ciklonare sjell nj\u00eb sistem t\u00eb fuqish\u00ebm me vran\u00ebsira p\u00ebr t\u00eb gjith\u00eb Ballkanin. N\u00eb disa zona t\u00eb Ballkanit do t\u00eb sjell\u00eb reshje shiu, n\u00eb disa zona m\u00eb n\u00eb brend\u00ebsi reshje d\u00ebbore.<\/p>\n<p>N\u00eb territorin shqiptar do t\u00eb sjell\u00eb kryesisht shi, por edhe pak d\u00ebbor\u00eb, duke qen\u00eb se temperaturat nuk \u00ebsht\u00eb se do t\u00eb luhaten shum\u00eb n\u00eb vlerat minimale. Do t\u00eb q\u00ebndrojn\u00eb rreth zeros dhe leht\u00ebsisht negative, gj\u00eb e cila reshjet i b\u00ebn q\u00eb t\u00eb jen\u00eb d\u00ebbore vet\u00ebm n\u00eb zonat e thella malore. Pjesa m\u00eb e madhe do ket\u00eb reshje shiu\u201d, shtoi ajo.<\/p>\n<p>Nga: Gazeta Sot<\/p>\n","protected":false},"excerpt":{"rendered":"<p>22 Janar 2026 Shqip\u00ebria pritet t\u00eb p\u00ebrballet me nj\u00eb p\u00ebrkeq\u00ebsim t\u00eb kushteve t\u00eb motit pas dy dit\u00ebsh, si pasoj\u00eb e nj\u00eb qendre t\u00eb re ciklonare q\u00eb po fuqizohet mbi Italin\u00eb qendrore dhe q\u00eb do t\u00eb p\u00ebrfshij\u00eb gradualisht gjith\u00eb Ballkanin. \u201cNj\u00eb qend\u00ebr ciklonare \u00ebsht\u00eb e pozicionuar prej disa dit\u00ebsh n\u00eb Italin\u00eb jugore, kryesisht Sicili, por p\u00ebrgjith\u00ebsisht [&hellip;]<\/p>\n","protected":false},"author":9,"featured_media":96837,"comment_status":"open","ping_status":"open","sticky":false,"template":"","format":"standard","meta":{"jetpack_post_was_ever_published":false,"_jetpack_newsletter_access":"","_jetpack_dont_email_post_to_subs":false,"_jetpack_newsletter_tier_id":0,"_jetpack_memberships_contains_paywalled_content":false,"_jetpack_memberships_contains_paid_content":false,"footnotes":"","jetpack_publicize_message":"","jetpack_publicize_feature_enabled":true,"jetpack_social_post_already_shared":true,"jetpack_social_options":{"image_generator_settings":{"template":"highway","default_image_id":0,"font":"","enabled":false},"version":2}},"categories":[27,35],"tags":[],"class_list":["post-96836","post","type-post","status-publish","format-standard","has-post-thumbnail","hentry","category-blogu-i-udhetarit","category-shoqerore"],"jetpack_publicize_connections":[],"jetpack_featured_media_url":"https:\/\/i0.wp.com\/www.shqiperia.com\/blog\/wp-content\/uploads\/2026\/01\/image-435-2-768x499-1.webp?fit=768%2C499&ssl=1","jetpack_sharing_enabled":true,"jetpack_shortlink":"https:\/\/wp.me\/p5Z6wp-pbS","jetpack-related-posts":[{"id":87152,"url":"https:\/\/www.shqiperia.com\/blog\/stuhia-ciklonare-pritet-te-preke-shqiperine-meteorologia-ben-paralajmerimin-bombe-erera-te-forte-dhe\/","url_meta":{"origin":96836,"position":0},"title":"\u201cStuhia ciklonare pritet t\u00eb prek\u00eb Shqip\u00ebrin\u00eb\u201d\/ Meteorologia b\u00ebn paralajm\u00ebrimin \u2018bomb\u00eb\u2019: Er\u00ebra t\u00eb fort\u00eb dhe\u2026","author":"Kurt Farka","date":"December 6, 2024","format":false,"excerpt":"6 Dhjetor 2024 Meteorologet paralajm\u00ebroine se nj\u00eb stuhi e fuqishme ciklonare po i afrohet brigjeve shqiptare, duke sjell\u00eb er\u00eb t\u00eb fort\u00eb dhe rrebeshe afatshkurta. Sipas saj dita ka nisur me reshje shiu, nd\u00ebrsa priten rrebeshe dhe bor\u00eb e dendur n\u00eb vend. \u201cDita e sotme ka nisur me reshje veriu pritet\u2026","rel":"","context":"In &quot;Blogu i Udh\u00ebtarit&quot;","block_context":{"text":"Blogu i Udh\u00ebtarit","link":"https:\/\/www.shqiperia.com\/blog\/category\/blogu-i-udhetarit\/"},"img":{"alt_text":"","src":"https:\/\/i0.wp.com\/www.shqiperia.com\/blog\/wp-content\/uploads\/2024\/12\/stuhi.jpg?fit=750%2C393&ssl=1&resize=350%2C200","width":350,"height":200,"srcset":"https:\/\/i0.wp.com\/www.shqiperia.com\/blog\/wp-content\/uploads\/2024\/12\/stuhi.jpg?fit=750%2C393&ssl=1&resize=350%2C200 1x, https:\/\/i0.wp.com\/www.shqiperia.com\/blog\/wp-content\/uploads\/2024\/12\/stuhi.jpg?fit=750%2C393&ssl=1&resize=525%2C300 1.5x, https:\/\/i0.wp.com\/www.shqiperia.com\/blog\/wp-content\/uploads\/2024\/12\/stuhi.jpg?fit=750%2C393&ssl=1&resize=700%2C400 2x"},"classes":[]},{"id":31286,"url":"https:\/\/www.shqiperia.com\/blog\/cikloni-kiara-pas-europes-do-te-preke-edhe-shqiperine\/","url_meta":{"origin":96836,"position":1},"title":"Cikloni \u201cKiara\u201d; &#8211; \u00a0Pas Europ\u00ebs do t\u00eb prek\u00eb edhe Shqip\u00ebrin\u00eb.","author":"Kurt Farka","date":"February 8, 2020","format":false,"excerpt":"Cikloni \u201cKiara\u201d; - \u00a0Pas Europ\u00ebs do t\u00eb prek\u00eb edhe Shqip\u00ebrin\u00eb. 8 Shkurt 2020 Fundjava ka nisur me diell, temperatura t\u00eb larta dhe mot t\u00eb kthjell\u00ebt, por sinoptikan\u00ebt parashikojn\u00eb nj\u00eb ndryshim drastik t\u00eb motit n\u00eb mesjav\u00eb. Shkak do t\u00eb b\u00ebhet stuhia ciklonare \u201cKiara\u201d q\u00eb ka goditur Europ\u00ebn, por q\u00eb do t\u00eb\u2026","rel":"","context":"In &quot;Blogu i Udh\u00ebtarit&quot;","block_context":{"text":"Blogu i Udh\u00ebtarit","link":"https:\/\/www.shqiperia.com\/blog\/category\/blogu-i-udhetarit\/"},"img":{"alt_text":"","src":"https:\/\/i0.wp.com\/www.shqiperia.com\/blog\/wp-content\/uploads\/2020\/02\/era-1100x620-770x433-600x360-1.jpg?fit=600%2C360&ssl=1&resize=350%2C200","width":350,"height":200,"srcset":"https:\/\/i0.wp.com\/www.shqiperia.com\/blog\/wp-content\/uploads\/2020\/02\/era-1100x620-770x433-600x360-1.jpg?fit=600%2C360&ssl=1&resize=350%2C200 1x, https:\/\/i0.wp.com\/www.shqiperia.com\/blog\/wp-content\/uploads\/2020\/02\/era-1100x620-770x433-600x360-1.jpg?fit=600%2C360&ssl=1&resize=525%2C300 1.5x"},"classes":[]},{"id":73233,"url":"https:\/\/www.shqiperia.com\/blog\/terbohet-moti-meteorologet-japin-alarmin-cikloni-godet-italine-dhe-ballkanin-kur-pritet-te-kaloje-nga-shqiperia\/","url_meta":{"origin":96836,"position":2},"title":"\u2018T\u00ebrbohet\u2019 moti\/ Meteorolog\u00ebt japin ALARMIN: &#8211; Cikloni godet Italin\u00eb dhe Ballkanin, kur pritet t\u00eb kaloj\u00eb nga Shqip\u00ebria","author":"Kurt Farka","date":"August 3, 2023","format":false,"excerpt":"3 Gusht 2023 Cikloni Circe do t\u00eb godas\u00eb Italin\u00eb nga veriu n\u00eb jug p\u00ebr tre dit\u00ebt e ardhshme duke sjell\u00eb stuhi t\u00eb forta dhe er\u00eb. K\u00ebshtu parashikon Lorenzo Tedici, meteorolog i faqes s\u00eb internetit www.iLMeteo.it, i cili njofton gjithashtu nj\u00eb r\u00ebnie t\u00eb temperaturave me t\u00eb pakt\u00ebn 10 grad\u00eb dhe stuhi\u2026","rel":"","context":"In &quot;Blogu i Udh\u00ebtarit&quot;","block_context":{"text":"Blogu i Udh\u00ebtarit","link":"https:\/\/www.shqiperia.com\/blog\/category\/blogu-i-udhetarit\/"},"img":{"alt_text":"","src":"https:\/\/i0.wp.com\/www.shqiperia.com\/blog\/wp-content\/uploads\/2023\/08\/640-0-64cb9061c5d50.jpg?fit=640%2C358&ssl=1&resize=350%2C200","width":350,"height":200,"srcset":"https:\/\/i0.wp.com\/www.shqiperia.com\/blog\/wp-content\/uploads\/2023\/08\/640-0-64cb9061c5d50.jpg?fit=640%2C358&ssl=1&resize=350%2C200 1x, https:\/\/i0.wp.com\/www.shqiperia.com\/blog\/wp-content\/uploads\/2023\/08\/640-0-64cb9061c5d50.jpg?fit=640%2C358&ssl=1&resize=525%2C300 1.5x"},"classes":[]},{"id":84537,"url":"https:\/\/www.shqiperia.com\/blog\/sherbimi-meteorologjik-ushtarak-ja-si-parashikohet-moti-per-javen-e-ardhshme\/","url_meta":{"origin":96836,"position":3},"title":"Sh\u00ebrbimi Meteorologjik Ushtarak: Ja si parashikohet moti p\u00ebr jav\u00ebn e ardhshme","author":"Kurt Farka","date":"September 15, 2024","format":false,"excerpt":"15 Shtator 2024 \u00c7adra, m\u00ebng\u00eb t\u00eb shkurtra dhe net\u00eb t\u00eb fresk\u00ebta. Mund t\u00eb duket pak \u201cabsurde\u201d por kjo do t\u00eb jet\u00eb nj\u00eb panoram\u00eb e asaj se \u00e7far\u00eb do t\u00eb na shoq\u00ebroj\u00eb p\u00ebr jav\u00ebn q\u00eb presim p\u00ebrpara. Vendi yn\u00eb, sipas Sh\u00ebrbimit Meteorologjik Ushtarak, do t\u00eb ndikohet nga kushte atmosferike kryesisht t\u00eb\u2026","rel":"","context":"In &quot;Blogu i Udh\u00ebtarit&quot;","block_context":{"text":"Blogu i Udh\u00ebtarit","link":"https:\/\/www.shqiperia.com\/blog\/category\/blogu-i-udhetarit\/"},"img":{"alt_text":"","src":"https:\/\/i0.wp.com\/www.shqiperia.com\/blog\/wp-content\/uploads\/2024\/09\/640-0-shiu-tirane-1665333031-433x300-1.jpg?fit=433%2C300&ssl=1&resize=350%2C200","width":350,"height":200},"classes":[]},{"id":58213,"url":"https:\/\/www.shqiperia.com\/blog\/nje-stuhi-moti-po-vjen-ne-ballkan-pergatituni-per-pergatituni-per\/","url_meta":{"origin":96836,"position":4},"title":"Nj\u00eb stuhi moti po vjen n\u00eb Ballkan, p\u00ebrgatituni p\u00ebr&#8230; &#8211; P\u00ebrgatituni p\u00ebr&#8230;","author":"Kurt Farka","date":"May 27, 2022","format":false,"excerpt":"27 MAJ 2022 Sistemi evropian i paralajm\u00ebrimit t\u00eb stuhis\u00eb, ka dh\u00ebn\u00eb alarmin p\u00ebr nj\u00eb stuhi t\u00eb 'shkall\u00ebs s\u00eb par\u00eb' q\u00eb pritet t\u00eb p\u00ebrfshij\u00eb rajonin e Ballkanit. Sipas t\u00eb dh\u00ebnave t\u00eb publikuara n\u00eb faqen e tyre t\u00eb internetit, stuhia do t\u00eb sjell\u00eb reshje shiu dhe er\u00ebra t\u00eb forta. Stuhia do t\u00eb\u2026","rel":"","context":"In &quot;Njoftime Shtypi&quot;","block_context":{"text":"Njoftime Shtypi","link":"https:\/\/www.shqiperia.com\/blog\/category\/njoftime-shtypi\/"},"img":{"alt_text":"","src":"https:\/\/i0.wp.com\/www.shqiperia.com\/blog\/wp-content\/uploads\/2022\/05\/Nje-stuhi-e-madhe-po-vjen-ne-Ballkan-pergatituni-per....png?fit=686%2C371&ssl=1&resize=350%2C200","width":350,"height":200,"srcset":"https:\/\/i0.wp.com\/www.shqiperia.com\/blog\/wp-content\/uploads\/2022\/05\/Nje-stuhi-e-madhe-po-vjen-ne-Ballkan-pergatituni-per....png?fit=686%2C371&ssl=1&resize=350%2C200 1x, https:\/\/i0.wp.com\/www.shqiperia.com\/blog\/wp-content\/uploads\/2022\/05\/Nje-stuhi-e-madhe-po-vjen-ne-Ballkan-pergatituni-per....png?fit=686%2C371&ssl=1&resize=525%2C300 1.5x"},"classes":[]},{"id":77037,"url":"https:\/\/www.shqiperia.com\/blog\/cikloni-befana-mberthen-italine-reshjet-e-dendura-dhe-i-ftohti-polar-qe-pritet-te-godase-te-gjithe-ballkanin\/","url_meta":{"origin":96836,"position":5},"title":"Cikloni Befana &#8220;mb\u00ebrthen&#8221; Italin\u00eb, reshjet e dendura dhe i ftohti polar q\u00eb pritet t\u00eb godas\u00eb t\u00eb gjith\u00eb Ballkanin","author":"Kurt Farka","date":"January 5, 2024","format":false,"excerpt":"5 Janar 2024 Nga kjo e premte Italia do t\u00eb p\u00ebrfshihet nga moti i keq, nd\u00ebrsa temperaturat do t\u00eb ulen ndjesh\u00ebm,\u00a0 Andrea Garbinato nga uebsajti iLMeteo.it u shpreh se vala anormale e t\u00eb nxehtit q\u00eb ka sh\u00ebnuar periudh\u00ebn e Krishtlindjeve do p\u00ebrfundoj\u00eb dit\u00ebt e para t\u00eb janarit, ku u shpreh\u2026","rel":"","context":"In &quot;Blogu i Udh\u00ebtarit&quot;","block_context":{"text":"Blogu i Udh\u00ebtarit","link":"https:\/\/www.shqiperia.com\/blog\/category\/blogu-i-udhetarit\/"},"img":{"alt_text":"","src":"https:\/\/i0.wp.com\/www.shqiperia.com\/blog\/wp-content\/uploads\/2024\/01\/800-0-659822b1ef6c8.jpg?fit=800%2C473&ssl=1&resize=350%2C200","width":350,"height":200,"srcset":"https:\/\/i0.wp.com\/www.shqiperia.com\/blog\/wp-content\/uploads\/2024\/01\/800-0-659822b1ef6c8.jpg?fit=800%2C473&ssl=1&resize=350%2C200 1x, https:\/\/i0.wp.com\/www.shqiperia.com\/blog\/wp-content\/uploads\/2024\/01\/800-0-659822b1ef6c8.jpg?fit=800%2C473&ssl=1&resize=525%2C300 1.5x, https:\/\/i0.wp.com\/www.shqiperia.com\/blog\/wp-content\/uploads\/2024\/01\/800-0-659822b1ef6c8.jpg?fit=800%2C473&ssl=1&resize=700%2C400 2x"},"classes":[]}],"_links":{"self":[{"href":"https:\/\/www.shqiperia.com\/blog\/wp-json\/wp\/v2\/posts\/96836","targetHints":{"allow":["GET"]}}],"collection":[{"href":"https:\/\/www.shqiperia.com\/blog\/wp-json\/wp\/v2\/posts"}],"about":[{"href":"https:\/\/www.shqiperia.com\/blog\/wp-json\/wp\/v2\/types\/post"}],"author":[{"embeddable":true,"href":"https:\/\/www.shqiperia.com\/blog\/wp-json\/wp\/v2\/users\/9"}],"replies":[{"embeddable":true,"href":"https:\/\/www.shqiperia.com\/blog\/wp-json\/wp\/v2\/comments?post=96836"}],"version-history":[{"count":1,"href":"https:\/\/www.shqiperia.com\/blog\/wp-json\/wp\/v2\/posts\/96836\/revisions"}],"predecessor-version":[{"id":96838,"href":"https:\/\/www.shqiperia.com\/blog\/wp-json\/wp\/v2\/posts\/96836\/revisions\/96838"}],"wp:featuredmedia":[{"embeddable":true,"href":"https:\/\/www.shqiperia.com\/blog\/wp-json\/wp\/v2\/media\/96837"}],"wp:attachment":[{"href":"https:\/\/www.shqiperia.com\/blog\/wp-json\/wp\/v2\/media?parent=96836"}],"wp:term":[{"taxonomy":"category","embeddable":true,"href":"https:\/\/www.shqiperia.com\/blog\/wp-json\/wp\/v2\/categories?post=96836"},{"taxonomy":"post_tag","embeddable":true,"href":"https:\/\/www.shqiperia.com\/blog\/wp-json\/wp\/v2\/tags?post=96836"}],"curies":[{"name":"wp","href":"https:\/\/api.w.org\/{rel}","templated":true}]}}