{"id":96832,"date":"2026-01-22T18:06:38","date_gmt":"2026-01-22T18:06:38","guid":{"rendered":"https:\/\/www.shqiperia.com\/blog\/?p=96832"},"modified":"2026-01-22T18:06:38","modified_gmt":"2026-01-22T18:06:38","slug":"perplasja-per-ballukun-ne-kushtetuese-spak-ngre-tonet-edhe-ndaj-gjykates-cenuat-hetimin-po-helmohen-provat","status":"publish","type":"post","link":"https:\/\/www.shqiperia.com\/blog\/perplasja-per-ballukun-ne-kushtetuese-spak-ngre-tonet-edhe-ndaj-gjykates-cenuat-hetimin-po-helmohen-provat\/","title":{"rendered":"P\u00ebrplasja p\u00ebr Ballukun n\u00eb Kushtetuese, SPAK ngre tonet edhe ndaj gjykat\u00ebs: Cenuat hetimin, po helmohen provat"},"content":{"rendered":"<p><img data-recalc-dims=\"1\" loading=\"lazy\" decoding=\"async\" data-attachment-id=\"96834\" data-permalink=\"https:\/\/www.shqiperia.com\/blog\/perplasja-per-ballukun-ne-kushtetuese-spak-ngre-tonet-edhe-ndaj-gjykates-cenuat-hetimin-po-helmohen-provat\/belinda-balluku-2\/\" data-orig-file=\"https:\/\/i0.wp.com\/www.shqiperia.com\/blog\/wp-content\/uploads\/2026\/01\/Belinda-Balluku.jpg?fit=926%2C557&amp;ssl=1\" data-orig-size=\"926,557\" data-comments-opened=\"1\" data-image-meta=\"{&quot;aperture&quot;:&quot;0&quot;,&quot;credit&quot;:&quot;&quot;,&quot;camera&quot;:&quot;&quot;,&quot;caption&quot;:&quot;&quot;,&quot;created_timestamp&quot;:&quot;0&quot;,&quot;copyright&quot;:&quot;&quot;,&quot;focal_length&quot;:&quot;0&quot;,&quot;iso&quot;:&quot;0&quot;,&quot;shutter_speed&quot;:&quot;0&quot;,&quot;title&quot;:&quot;&quot;,&quot;orientation&quot;:&quot;0&quot;}\" data-image-title=\"Belinda Balluku\" data-image-description=\"\" data-image-caption=\"\" data-medium-file=\"https:\/\/i0.wp.com\/www.shqiperia.com\/blog\/wp-content\/uploads\/2026\/01\/Belinda-Balluku.jpg?fit=300%2C180&amp;ssl=1\" data-large-file=\"https:\/\/i0.wp.com\/www.shqiperia.com\/blog\/wp-content\/uploads\/2026\/01\/Belinda-Balluku.jpg?fit=926%2C557&amp;ssl=1\" class=\"alignnone  wp-image-96834\" alt=\"\" src=\"https:\/\/i0.wp.com\/www.shqiperia.com\/blog\/wp-content\/uploads\/2026\/01\/Belinda-Balluku.jpg?resize=677%2C406&#038;ssl=1\" width=\"677\" height=\"406\" srcset=\"https:\/\/i0.wp.com\/www.shqiperia.com\/blog\/wp-content\/uploads\/2026\/01\/Belinda-Balluku.jpg?resize=300%2C180&amp;ssl=1 300w, https:\/\/i0.wp.com\/www.shqiperia.com\/blog\/wp-content\/uploads\/2026\/01\/Belinda-Balluku.jpg?resize=768%2C462&amp;ssl=1 768w, https:\/\/i0.wp.com\/www.shqiperia.com\/blog\/wp-content\/uploads\/2026\/01\/Belinda-Balluku.jpg?resize=450%2C271&amp;ssl=1 450w, https:\/\/i0.wp.com\/www.shqiperia.com\/blog\/wp-content\/uploads\/2026\/01\/Belinda-Balluku.jpg?resize=600%2C361&amp;ssl=1 600w, https:\/\/i0.wp.com\/www.shqiperia.com\/blog\/wp-content\/uploads\/2026\/01\/Belinda-Balluku.jpg?resize=400%2C241&amp;ssl=1 400w, https:\/\/i0.wp.com\/www.shqiperia.com\/blog\/wp-content\/uploads\/2026\/01\/Belinda-Balluku.jpg?w=926&amp;ssl=1 926w\" sizes=\"auto, (max-width: 677px) 100vw, 677px\" \/><\/p>\n<p>22 Janar 2026<\/p>\n<p>Qeveria dhe SPAK zhvilluan betej\u00ebn ligjore n\u00eb Gjykat\u00ebn Kushtetuese. Pezullimi i Belinda Ballukut ishte vij\u00eb e kuqe p\u00ebr qeveris\u00eb q\u00eb duhet t\u00eb merrte zgjidh\u00eb n\u00eb gjykata, ndaj i k\u00ebrkuan trup\u00ebs kushtetuese rr\u00ebzimin e padis\u00eb n\u00eb m\u00ebnyr\u00eb q\u00eb kjo praktik\u00eb t\u00eb mos p\u00ebrs\u00ebritet m\u00eb tej.<\/p>\n<p>Avokati i qeveris\u00eb, Heraldo Jonuaz e p\u00ebrkufizoi vendimin e GJKKO-s\u00eb si n\u00ebnshtrim q\u00eb drejt\u00ebsia po i b\u00ebn kryeministrit p\u00ebr shkarkimin e Ballukut pasi me aktin e pezullimit, pamund\u00ebson ushtrimin e detyr\u00ebs.<\/p>\n<p>P\u00ebrball\u00eb q\u00ebndrimeve parimore t\u00eb p\u00ebrfaq\u00ebsuesit t\u00eb qeveris\u00eb ishin dy prokuror\u00ebt e Belinda Ballukut, Dritan Pren\u00e7i dhe Dorina Bejko, t\u00eb cil\u00ebt e konsideruan ankimin e Ram\u00ebs si t\u00eb pavler\u00eb.<\/p>\n<p>Gjykata Kushtetuese n\u00eb shqyrtimin paraprak ngriu vendimin e GJKKO q\u00eb kishte pezulluar nga detyra Belinda Ballukun, deri sa kjo gjykat\u00eb t\u00eb thoshte fjal\u00ebn e fundit p\u00ebr k\u00ebt\u00eb \u00e7\u00ebshtje, q\u00eb p\u00ebr SPAK ishte cenim i hetimit penal.<\/p>\n<p>Madje pa kursyer edhe nj\u00eb kritik\u00eb direkte p\u00ebr trup\u00ebn Kushtetuese.<\/p>\n<p>Dritan Pren\u00e7i: Gjykata Kushtetuese nuk mund t\u00eb jet\u00eb Gjykat\u00eb Supreme e Lart\u00eb<\/p>\n<p>N\u00eb seanc\u00ebn gjyq\u00ebsore, an\u00ebtarja Marsida Xhaferllari p\u00ebrcolli edhe nj\u00eb m\u00ebri t\u00eb Edi Ram\u00ebs.<\/p>\n<p>Marsida Xhaferllari: Po sikur te pezullohet qeveria brenda nj\u00eb dite, si shp\u00ebtojm\u00eb nga republika e prokuroreve?<\/p>\n<p>Dritan Pren\u00e7i: Pyetja \u00ebsht\u00eb jasht\u00eb objektit.<\/p>\n<p>Trupa kushtetuese u t\u00ebrhoq p\u00ebr vendimmarrje ku sipas afateve ka 30 dit\u00eb koh\u00eb, por gjasat jan\u00eb q\u00eb dispozitivi i Kushtetueses t\u00eb dal\u00eb p\u00ebrpara se sa Belinda Balluku t\u00eb p\u00ebrball\u00ebt me nj\u00eb k\u00ebrkes\u00eb tjet\u00ebr t\u00eb SPAK, heqjen e imunitetit.<\/p>\n","protected":false},"excerpt":{"rendered":"<p>22 Janar 2026 Qeveria dhe SPAK zhvilluan betej\u00ebn ligjore n\u00eb Gjykat\u00ebn Kushtetuese. Pezullimi i Belinda Ballukut ishte vij\u00eb e kuqe p\u00ebr qeveris\u00eb q\u00eb duhet t\u00eb merrte zgjidh\u00eb n\u00eb gjykata, ndaj i k\u00ebrkuan trup\u00ebs kushtetuese rr\u00ebzimin e padis\u00eb n\u00eb m\u00ebnyr\u00eb q\u00eb kjo praktik\u00eb t\u00eb mos p\u00ebrs\u00ebritet m\u00eb tej. Avokati i qeveris\u00eb, Heraldo Jonuaz e p\u00ebrkufizoi vendimin [&hellip;]<\/p>\n","protected":false},"author":9,"featured_media":96834,"comment_status":"open","ping_status":"open","sticky":false,"template":"","format":"standard","meta":{"jetpack_post_was_ever_published":false,"_jetpack_newsletter_access":"","_jetpack_dont_email_post_to_subs":false,"_jetpack_newsletter_tier_id":0,"_jetpack_memberships_contains_paywalled_content":false,"_jetpack_memberships_contains_paid_content":false,"footnotes":"","jetpack_publicize_message":"","jetpack_publicize_feature_enabled":true,"jetpack_social_post_already_shared":true,"jetpack_social_options":{"image_generator_settings":{"template":"highway","default_image_id":0,"font":"","enabled":false},"version":2}},"categories":[1,2],"tags":[],"class_list":["post-96832","post","type-post","status-publish","format-standard","has-post-thumbnail","hentry","category-njoftime-shtypi","category-politika"],"jetpack_publicize_connections":[],"jetpack_featured_media_url":"https:\/\/i0.wp.com\/www.shqiperia.com\/blog\/wp-content\/uploads\/2026\/01\/Belinda-Balluku.jpg?fit=926%2C557&ssl=1","jetpack_sharing_enabled":true,"jetpack_shortlink":"https:\/\/wp.me\/p5Z6wp-pbO","jetpack-related-posts":[{"id":97441,"url":"https:\/\/www.shqiperia.com\/blog\/kuvendi-duhet-ti-heqe-imunitetin-ballukut-koci-i-prere-ska-pse-te-pritet-gjykata-kushtetuese\/","url_meta":{"origin":96832,"position":0},"title":"\u201cKuvendi duhet t\u2019i heq\u00eb imunitetin Ballukut\u201d, Ko\u00e7i i prer\u00eb: &#8211; S\u2019ka pse t\u00eb pritet Gjykata Kushtetuese","author":"Kurt Farka","date":"February 6, 2026","format":false,"excerpt":"6 Shkurt 2026 Ish deputeti socialist, Petro Ko\u00e7i theksoi se parlamenti duhet q\u00eb ta miratoj\u00eb k\u00ebrkes\u00ebn e SPAK p\u00ebr heqjen e imunitetit t\u00eb Belinda Ballukut, z\u00ebvend\u00ebs kryeministres dhe ministres s\u00eb Infrastruktur\u00ebs dhe Energjis\u00eb, e marr\u00eb e pandehur p\u00ebr tenderin e tunelit t\u00eb Llogaras\u00eb dhe n\u00ebn hetim p\u00ebr nj\u00eb s\u00ebr\u00eb procedurash\u2026","rel":"","context":"In &quot;Blogu i Udh\u00ebtarit&quot;","block_context":{"text":"Blogu i Udh\u00ebtarit","link":"https:\/\/www.shqiperia.com\/blog\/category\/blogu-i-udhetarit\/"},"img":{"alt_text":"","src":"https:\/\/i0.wp.com\/www.shqiperia.com\/blog\/wp-content\/uploads\/2026\/02\/petro-koci.jpg?fit=900%2C502&ssl=1&resize=350%2C200","width":350,"height":200,"srcset":"https:\/\/i0.wp.com\/www.shqiperia.com\/blog\/wp-content\/uploads\/2026\/02\/petro-koci.jpg?fit=900%2C502&ssl=1&resize=350%2C200 1x, https:\/\/i0.wp.com\/www.shqiperia.com\/blog\/wp-content\/uploads\/2026\/02\/petro-koci.jpg?fit=900%2C502&ssl=1&resize=525%2C300 1.5x, https:\/\/i0.wp.com\/www.shqiperia.com\/blog\/wp-content\/uploads\/2026\/02\/petro-koci.jpg?fit=900%2C502&ssl=1&resize=700%2C400 2x"},"classes":[]},{"id":95540,"url":"https:\/\/www.shqiperia.com\/blog\/debati-per-vendimin-e-kushtetueses-tre-gjyqtare-te-karrieres-kunder-rikthimit-te-ballukut-ne-detyre\/","url_meta":{"origin":96832,"position":1},"title":"Debati p\u00ebr vendimin e Kushtetueses, tre gjyqtar\u00eb t\u00eb karrier\u00ebs kund\u00ebr rikthimit t\u00eb Ballukut n\u00eb detyr\u00eb","author":"Kurt Farka","date":"December 13, 2025","format":false,"excerpt":"13 Dhjetor 2025 Gjykata Kushtetuese vendosi rikthimin n\u00eb detyr\u00eb t\u00eb z\u00ebvend\u00ebskryeministres Belinda Balluku, duke rr\u00ebzuar vendimin e GJKKO-s\u00eb q\u00eb e kishte pezulluar nga funksioni. Vendimi \u00ebsht\u00eb marr\u00eb mes nj\u00eb ndarjeje t\u00eb qart\u00eb brenda trup\u00ebs gjykuese, jo vet\u00ebm n\u00eb q\u00ebndrime, por edhe n\u00eb profil profesional. Sipas burimeve nga brenda Gjykat\u00ebs Kushtetuese,\u2026","rel":"","context":"In &quot;Blogu i Udh\u00ebtarit&quot;","block_context":{"text":"Blogu i Udh\u00ebtarit","link":"https:\/\/www.shqiperia.com\/blog\/category\/blogu-i-udhetarit\/"},"img":{"alt_text":"","src":"https:\/\/i0.wp.com\/www.shqiperia.com\/blog\/wp-content\/uploads\/2025\/12\/gjyqtaret-e-gjk.jpg?fit=945%2C709&ssl=1&resize=350%2C200","width":350,"height":200,"srcset":"https:\/\/i0.wp.com\/www.shqiperia.com\/blog\/wp-content\/uploads\/2025\/12\/gjyqtaret-e-gjk.jpg?fit=945%2C709&ssl=1&resize=350%2C200 1x, https:\/\/i0.wp.com\/www.shqiperia.com\/blog\/wp-content\/uploads\/2025\/12\/gjyqtaret-e-gjk.jpg?fit=945%2C709&ssl=1&resize=525%2C300 1.5x, https:\/\/i0.wp.com\/www.shqiperia.com\/blog\/wp-content\/uploads\/2025\/12\/gjyqtaret-e-gjk.jpg?fit=945%2C709&ssl=1&resize=700%2C400 2x"},"classes":[]},{"id":95559,"url":"https:\/\/www.shqiperia.com\/blog\/rama-tha-se-na-bllokoi-avionet-me-kanadane-por-ja-cfare-ndodhi-me-marreveshjen-ku-duhej-patjeter-balluku\/","url_meta":{"origin":96832,"position":2},"title":"Rama tha se na bllokoi avion\u00ebt me Kanadan\u00eb, por ja \u00e7far\u00eb ndodhi me marr\u00ebveshjen ku \u201cduhej patjet\u00ebr Balluku\u201d","author":"Kurt Farka","date":"December 14, 2025","format":false,"excerpt":"14 Dhjetor 2025 Pak dit\u00eb m\u00eb par\u00eb, kreu i qeveris\u00eb, u ankua se vendimi i Gjykat\u00ebs s\u00eb Posa\u00e7me p\u00ebr pezullimin nga detyra t\u00eb zv.kryeministres dhe nj\u00ebkoh\u00ebsisht Ministres s\u00eb Infrastruktur\u00ebs, Belinda Balluku, kishte bllokuar pun\u00ebn e qeveris\u00eb. Dhe, nj\u00eb prej d\u00ebmeve q\u00eb kishte sjell\u00eb vendimi i GJKKO-s\u00eb ishte pik\u00ebrisht bllokimi i\u2026","rel":"","context":"In &quot;Blogu i Udh\u00ebtarit&quot;","block_context":{"text":"Blogu i Udh\u00ebtarit","link":"https:\/\/www.shqiperia.com\/blog\/category\/blogu-i-udhetarit\/"},"img":{"alt_text":"","src":"https:\/\/i0.wp.com\/www.shqiperia.com\/blog\/wp-content\/uploads\/2025\/12\/Screenshot_20251213_161651_Gallery.jpg?fit=720%2C453&ssl=1&resize=350%2C200","width":350,"height":200,"srcset":"https:\/\/i0.wp.com\/www.shqiperia.com\/blog\/wp-content\/uploads\/2025\/12\/Screenshot_20251213_161651_Gallery.jpg?fit=720%2C453&ssl=1&resize=350%2C200 1x, https:\/\/i0.wp.com\/www.shqiperia.com\/blog\/wp-content\/uploads\/2025\/12\/Screenshot_20251213_161651_Gallery.jpg?fit=720%2C453&ssl=1&resize=525%2C300 1.5x, https:\/\/i0.wp.com\/www.shqiperia.com\/blog\/wp-content\/uploads\/2025\/12\/Screenshot_20251213_161651_Gallery.jpg?fit=720%2C453&ssl=1&resize=700%2C400 2x"},"classes":[]},{"id":97005,"url":"https:\/\/www.shqiperia.com\/blog\/dorezoni-imunitetin-e-hajduteve-qytetaret-paralajmerojne-protesta-para-kryesise-se-kuvendit-keshilli-i-mandateve-vendos-per-ballukun-spak-kerkon-ta-arrestoje\/","url_meta":{"origin":96832,"position":3},"title":"\u201cDor\u00ebzoni imunitetin e hajdut\u00ebve\u201d- Qytetar\u00ebt paralajm\u00ebrojn\u00eb protesta para kryesis\u00eb s\u00eb Kuvendit! K\u00ebshilli i Mandateve vendos p\u00ebr Ballukun, SPAK k\u00ebrkon ta arrestoj\u00eb","author":"Kurt Farka","date":"January 27, 2026","format":false,"excerpt":"27 Janar 2026 Nj\u00eb grup qytetar\u00ebsh kan\u00eb paralajm\u00ebruar dit\u00ebn e nes\u00ebrme nj\u00eb protest\u00eb para kryesis\u00eb s\u00eb Kuvendit, ku do t\u00eb mblidhet K\u00ebshilli i Mandateve dhe Rregullores p\u00ebr heqjen e imunitetit t\u00eb Belinda Ballukut, p\u00ebr t\u00eb cil\u00ebn SPAK k\u00ebrkon autorizimin p\u00ebr arrestim. Me sloganin \u201cDor\u00ebzoni imunitetin e hajdut\u00ebve\u201d, qytetar\u00ebt do t\u00eb\u2026","rel":"","context":"In &quot;Blogu i Udh\u00ebtarit&quot;","block_context":{"text":"Blogu i Udh\u00ebtarit","link":"https:\/\/www.shqiperia.com\/blog\/category\/blogu-i-udhetarit\/"},"img":{"alt_text":"","src":"https:\/\/i0.wp.com\/www.shqiperia.com\/blog\/wp-content\/uploads\/2026\/01\/proteste-neser.jpg?fit=654%2C541&ssl=1&resize=350%2C200","width":350,"height":200,"srcset":"https:\/\/i0.wp.com\/www.shqiperia.com\/blog\/wp-content\/uploads\/2026\/01\/proteste-neser.jpg?fit=654%2C541&ssl=1&resize=350%2C200 1x, https:\/\/i0.wp.com\/www.shqiperia.com\/blog\/wp-content\/uploads\/2026\/01\/proteste-neser.jpg?fit=654%2C541&ssl=1&resize=525%2C300 1.5x"},"classes":[]},{"id":97516,"url":"https:\/\/www.shqiperia.com\/blog\/gjk-la-ne-fuqi-pezullimin-e-ballukut-rama-sulmon-gjyqtaret-sgjeten-forcen-te-mos-lejojne-marrjen-peng-te-qeverise\/","url_meta":{"origin":96832,"position":4},"title":"GJK la n\u00eb fuqi pezullimin e Ballukut, Rama sulmon gjyqtar\u00ebt: &#8211; S\u2019gjet\u00ebn forc\u00ebn t\u00eb mos lejojn\u00eb marrjen peng t\u00eb qeveris\u00eb","author":"Kurt Farka","date":"February 8, 2026","format":false,"excerpt":"8 Shkurt 2026 Kryeministri Edi Rama ka reaguar ashp\u00ebr n\u00eb podcastin e tij \u201cFlasim\u201d ndaj vendimit t\u00eb Gjykat\u00ebs Kushtetuese p\u00ebr t\u00eb l\u00ebn\u00eb n\u00eb fuqi pezullimin nga detyra t\u00eb z\u00ebvend\u00ebskryeministres Belinda Balluku, duke rikthyer k\u00ebrkes\u00ebn e SPAK-ut, i cili po ashtu k\u00ebrkon edhe arrestimin e saj. Rama e cil\u00ebsoi vendimin si\u2026","rel":"","context":"In &quot;Njoftime Shtypi&quot;","block_context":{"text":"Njoftime Shtypi","link":"https:\/\/www.shqiperia.com\/blog\/category\/njoftime-shtypi\/"},"img":{"alt_text":"","src":"https:\/\/i0.wp.com\/www.shqiperia.com\/blog\/wp-content\/uploads\/2026\/02\/rama-balluku1-1140x570-1.jpg?fit=1010%2C570&ssl=1&resize=350%2C200","width":350,"height":200,"srcset":"https:\/\/i0.wp.com\/www.shqiperia.com\/blog\/wp-content\/uploads\/2026\/02\/rama-balluku1-1140x570-1.jpg?fit=1010%2C570&ssl=1&resize=350%2C200 1x, https:\/\/i0.wp.com\/www.shqiperia.com\/blog\/wp-content\/uploads\/2026\/02\/rama-balluku1-1140x570-1.jpg?fit=1010%2C570&ssl=1&resize=525%2C300 1.5x, https:\/\/i0.wp.com\/www.shqiperia.com\/blog\/wp-content\/uploads\/2026\/02\/rama-balluku1-1140x570-1.jpg?fit=1010%2C570&ssl=1&resize=700%2C400 2x"},"classes":[]},{"id":97589,"url":"https:\/\/www.shqiperia.com\/blog\/top-channel-zbulon-ndryshimet-e-nenit-per-pezullimin-e-nje-ministri-e-paralajmeroi-edi-rama\/","url_meta":{"origin":96832,"position":5},"title":"Top Channel zbulon ndryshimet e nenit p\u00ebr pezullimin e nj\u00eb ministri, e paralajm\u00ebroi Edi Rama","author":"Kurt Farka","date":"February 11, 2026","format":false,"excerpt":"11 Shkurt 2026 N\u00eb kushtet kur Gjykata Kushtetuese u nda 4 me 4 duke mos e dh\u00ebn\u00eb nj\u00eb vendim p\u00ebr k\u00ebrkes\u00ebn e qeveris\u00eb n\u00ebse k\u00ebrkesa e SPAK p\u00ebr pezullimin e Belinda Ballukut ishte nd\u00ebrhyrje n\u00eb pun\u00ebt e ekzekutivit, kryeministri Edi Rama t\u00eb H\u00ebn\u00ebn paralajm\u00ebroi se \u201cgrupi parlamentar socialist do t\u00eb\u2026","rel":"","context":"In &quot;Kultura&quot;","block_context":{"text":"Kultura","link":"https:\/\/www.shqiperia.com\/blog\/category\/kultura\/"},"img":{"alt_text":"","src":"https:\/\/i0.wp.com\/www.shqiperia.com\/blog\/wp-content\/uploads\/2026\/02\/Besfort-Lamallari.jpg?fit=450%2C372&ssl=1&resize=350%2C200","width":350,"height":200},"classes":[]}],"_links":{"self":[{"href":"https:\/\/www.shqiperia.com\/blog\/wp-json\/wp\/v2\/posts\/96832","targetHints":{"allow":["GET"]}}],"collection":[{"href":"https:\/\/www.shqiperia.com\/blog\/wp-json\/wp\/v2\/posts"}],"about":[{"href":"https:\/\/www.shqiperia.com\/blog\/wp-json\/wp\/v2\/types\/post"}],"author":[{"embeddable":true,"href":"https:\/\/www.shqiperia.com\/blog\/wp-json\/wp\/v2\/users\/9"}],"replies":[{"embeddable":true,"href":"https:\/\/www.shqiperia.com\/blog\/wp-json\/wp\/v2\/comments?post=96832"}],"version-history":[{"count":1,"href":"https:\/\/www.shqiperia.com\/blog\/wp-json\/wp\/v2\/posts\/96832\/revisions"}],"predecessor-version":[{"id":96835,"href":"https:\/\/www.shqiperia.com\/blog\/wp-json\/wp\/v2\/posts\/96832\/revisions\/96835"}],"wp:featuredmedia":[{"embeddable":true,"href":"https:\/\/www.shqiperia.com\/blog\/wp-json\/wp\/v2\/media\/96834"}],"wp:attachment":[{"href":"https:\/\/www.shqiperia.com\/blog\/wp-json\/wp\/v2\/media?parent=96832"}],"wp:term":[{"taxonomy":"category","embeddable":true,"href":"https:\/\/www.shqiperia.com\/blog\/wp-json\/wp\/v2\/categories?post=96832"},{"taxonomy":"post_tag","embeddable":true,"href":"https:\/\/www.shqiperia.com\/blog\/wp-json\/wp\/v2\/tags?post=96832"}],"curies":[{"name":"wp","href":"https:\/\/api.w.org\/{rel}","templated":true}]}}