{"id":96781,"date":"2026-01-21T09:35:13","date_gmt":"2026-01-21T09:35:13","guid":{"rendered":"https:\/\/www.shqiperia.com\/blog\/?p=96781"},"modified":"2026-01-22T00:29:44","modified_gmt":"2026-01-22T00:29:44","slug":"investimet-strategjike-ne-zvernec-e-sazan-perfundon-takimi-i-rames-me-ivanka-trump-ne-vlore-largohen-drejt-orikumit","status":"publish","type":"post","link":"https:\/\/www.shqiperia.com\/blog\/investimet-strategjike-ne-zvernec-e-sazan-perfundon-takimi-i-rames-me-ivanka-trump-ne-vlore-largohen-drejt-orikumit\/","title":{"rendered":"Investimet strategjike n\u00eb Zv\u00ebrnec e Sazan, p\u00ebrfundon takimi i Ram\u00ebs me Ivanka Trump n\u00eb Vlor\u00eb. Largohen drejt Orikumit"},"content":{"rendered":"<div class=\"inside_div_article\">\n<div class=\"article_header\">\n<div class=\"author_and_related permbledhja\">\n<p><img data-recalc-dims=\"1\" loading=\"lazy\" decoding=\"async\" data-attachment-id=\"96807\" data-permalink=\"https:\/\/www.shqiperia.com\/blog\/investimet-strategjike-ne-zvernec-e-sazan-perfundon-takimi-i-rames-me-ivanka-trump-ne-vlore-largohen-drejt-orikumit\/erama-trump\/\" data-orig-file=\"https:\/\/i0.wp.com\/www.shqiperia.com\/blog\/wp-content\/uploads\/2026\/01\/erama-trump.jpg?fit=848%2C480&amp;ssl=1\" data-orig-size=\"848,480\" data-comments-opened=\"1\" data-image-meta=\"{&quot;aperture&quot;:&quot;0&quot;,&quot;credit&quot;:&quot;&quot;,&quot;camera&quot;:&quot;&quot;,&quot;caption&quot;:&quot;&quot;,&quot;created_timestamp&quot;:&quot;0&quot;,&quot;copyright&quot;:&quot;&quot;,&quot;focal_length&quot;:&quot;0&quot;,&quot;iso&quot;:&quot;0&quot;,&quot;shutter_speed&quot;:&quot;0&quot;,&quot;title&quot;:&quot;&quot;,&quot;orientation&quot;:&quot;0&quot;}\" data-image-title=\"erama-trump\" data-image-description=\"\" data-image-caption=\"\" data-medium-file=\"https:\/\/i0.wp.com\/www.shqiperia.com\/blog\/wp-content\/uploads\/2026\/01\/erama-trump.jpg?fit=300%2C170&amp;ssl=1\" data-large-file=\"https:\/\/i0.wp.com\/www.shqiperia.com\/blog\/wp-content\/uploads\/2026\/01\/erama-trump.jpg?fit=848%2C480&amp;ssl=1\" class=\"alignnone  wp-image-96807\" alt=\"\" src=\"https:\/\/i0.wp.com\/www.shqiperia.com\/blog\/wp-content\/uploads\/2026\/01\/erama-trump.jpg?resize=649%2C368&#038;ssl=1\" width=\"649\" height=\"368\" srcset=\"https:\/\/i0.wp.com\/www.shqiperia.com\/blog\/wp-content\/uploads\/2026\/01\/erama-trump.jpg?resize=300%2C170&amp;ssl=1 300w, https:\/\/i0.wp.com\/www.shqiperia.com\/blog\/wp-content\/uploads\/2026\/01\/erama-trump.jpg?resize=768%2C435&amp;ssl=1 768w, https:\/\/i0.wp.com\/www.shqiperia.com\/blog\/wp-content\/uploads\/2026\/01\/erama-trump.jpg?resize=450%2C255&amp;ssl=1 450w, https:\/\/i0.wp.com\/www.shqiperia.com\/blog\/wp-content\/uploads\/2026\/01\/erama-trump.jpg?resize=600%2C340&amp;ssl=1 600w, https:\/\/i0.wp.com\/www.shqiperia.com\/blog\/wp-content\/uploads\/2026\/01\/erama-trump.jpg?resize=400%2C226&amp;ssl=1 400w, https:\/\/i0.wp.com\/www.shqiperia.com\/blog\/wp-content\/uploads\/2026\/01\/erama-trump.jpg?w=848&amp;ssl=1 848w\" sizes=\"auto, (max-width: 649px) 100vw, 649px\" \/><\/p>\n<p>21 Janar 2026<\/p>\n<\/div>\n<\/div>\n<\/div>\n<div class=\"single_article_body\">\n<div class=\"article-body\">\n<div class=\"ads_desktop\">\n<div id=\"beacon_596ac62d29\">\n<p>Ka p\u00ebrfunduar takimi i kryeministrit Edi Rama me Ivanka Trump, vajz\u00ebn e Donald Trump, n\u00eb Vlor\u00eb.<\/p>\n<p>Pas dark\u00ebs private ata jan\u00eb larguar drejt Orikumit.<\/p>\n<div class=\"galery-slider\">\n<ul class=\"slides\">\n<li class=\"flex-slider-item\" data-thumb-alt=\"\"><a href=\"https:\/\/i0.wp.com\/www.balkanweb.com\/wp-content\/uploads\/2026\/01\/WhatsApp-Image-2026-01-21-at-21.45.19.jpeg?ssl=1\"><img data-recalc-dims=\"1\" loading=\"lazy\" decoding=\"async\" class=\"\" alt=\"foto galeri \" src=\"https:\/\/i0.wp.com\/www.balkanweb.com\/wp-content\/uploads\/2026\/01\/WhatsApp-Image-2026-01-21-at-21.45.19.jpeg?resize=704%2C939&#038;ssl=1\" width=\"704\" height=\"939\" \/><\/a><a href=\"https:\/\/i0.wp.com\/www.balkanweb.com\/wp-content\/uploads\/2026\/01\/WhatsApp-Image-2026-01-21-at-21.45.18-1.jpeg?ssl=1\"><img data-recalc-dims=\"1\" loading=\"lazy\" decoding=\"async\" class=\"\" alt=\"foto galeri \" src=\"https:\/\/i0.wp.com\/www.balkanweb.com\/wp-content\/uploads\/2026\/01\/WhatsApp-Image-2026-01-21-at-21.45.18-1.jpeg?resize=679%2C905&#038;ssl=1\" width=\"679\" height=\"905\" \/><\/a><a href=\"https:\/\/i0.wp.com\/www.balkanweb.com\/wp-content\/uploads\/2026\/01\/WhatsApp-Image-2026-01-21-at-21.45.18.jpeg?ssl=1\"><img data-recalc-dims=\"1\" loading=\"lazy\" decoding=\"async\" class=\"\" alt=\"foto galeri \" src=\"https:\/\/i0.wp.com\/www.balkanweb.com\/wp-content\/uploads\/2026\/01\/WhatsApp-Image-2026-01-21-at-21.45.18.jpeg?resize=699%2C932&#038;ssl=1\" width=\"699\" height=\"932\" \/><\/a><\/li>\n<\/ul>\n<ol class=\"flex-control-nav flex-control-paging\"><\/ol>\n<ul class=\"flex-direction-nav\"><\/ul>\n<\/div>\n<p>N\u00eb fokus t\u00eb bisedimeve t\u00eb kryeministrit me vajz\u00ebn e Presidentit t\u00eb SHBA do t\u00eb jen\u00eb investimet e mundshme strategjike n\u00eb zon\u00ebn e Vlor\u00ebs.<\/p>\n<p>Ivanka Trump dhe bashk\u00ebshorti i saj Jared Kushner do t\u00eb sjellin disa nga kompanit\u00eb m\u00eb t\u00eb famshme nd\u00ebrkomb\u00ebtare n\u00eb fush\u00ebn e turizmit, p\u00ebr t\u00eb investuar n\u00eb hoteleri n\u00eb bregdetin e Zv\u00ebrnecit dhe ishullin e Sazanit.<\/p>\n<p><span><\/span>Ivanka Trump do t\u00eb q\u00ebndroj\u00eb n\u00eb Vlor\u00eb 48 or\u00eb. Ajo mb\u00ebrriti m\u00ebngjesin e sot\u00ebm dhe do t\u00eb largohet t\u00eb premten.<\/p>\n<p>Gjat\u00eb q\u00ebndrimit n\u00eb Vlor\u00eb, Ivanka Trump po zhvillon gjithashtu takime t\u00eb mbyllura me arkitekt\u00eb nd\u00ebrkomb\u00ebtar\u00eb dhe p\u00ebrfaq\u00ebsues t\u00eb projekteve, ku po diskutohet koncepti urbanistik dhe vizioni i zhvillimit turistik t\u00eb zon\u00ebs.<\/p>\n<div><a target=\"_blank\" href=\"https:\/\/www.facebook.com\/groups\/709747609433811\/\" rel=\"noopener\"> Balkanweb<\/a><\/div>\n<\/div>\n<\/div>\n<\/div>\n<\/div>\n","protected":false},"excerpt":{"rendered":"<p>21 Janar 2026 Ka p\u00ebrfunduar takimi i kryeministrit Edi Rama me Ivanka Trump, vajz\u00ebn e Donald Trump, n\u00eb Vlor\u00eb. Pas dark\u00ebs private ata jan\u00eb larguar drejt Orikumit. N\u00eb fokus t\u00eb bisedimeve t\u00eb kryeministrit me vajz\u00ebn e Presidentit t\u00eb SHBA do t\u00eb jen\u00eb investimet e mundshme strategjike n\u00eb zon\u00ebn e Vlor\u00ebs. Ivanka Trump dhe bashk\u00ebshorti i [&hellip;]<\/p>\n","protected":false},"author":9,"featured_media":96807,"comment_status":"open","ping_status":"open","sticky":false,"template":"","format":"standard","meta":{"jetpack_post_was_ever_published":false,"_jetpack_newsletter_access":"","_jetpack_dont_email_post_to_subs":false,"_jetpack_newsletter_tier_id":0,"_jetpack_memberships_contains_paywalled_content":false,"_jetpack_memberships_contains_paid_content":false,"footnotes":"","jetpack_publicize_message":"","jetpack_publicize_feature_enabled":true,"jetpack_social_post_already_shared":true,"jetpack_social_options":{"image_generator_settings":{"template":"highway","default_image_id":0,"font":"","enabled":false},"version":2}},"categories":[27],"tags":[],"class_list":["post-96781","post","type-post","status-publish","format-standard","has-post-thumbnail","hentry","category-blogu-i-udhetarit"],"jetpack_publicize_connections":[],"jetpack_featured_media_url":"https:\/\/i0.wp.com\/www.shqiperia.com\/blog\/wp-content\/uploads\/2026\/01\/erama-trump.jpg?fit=848%2C480&ssl=1","jetpack_sharing_enabled":true,"jetpack_shortlink":"https:\/\/wp.me\/p5Z6wp-paZ","jetpack-related-posts":[{"id":96784,"url":"https:\/\/www.shqiperia.com\/blog\/ivanka-trump-ne-vlore-shoqerohet-me-forca-te-shumta-policie\/","url_meta":{"origin":96781,"position":0},"title":"Ivanka Trump n\u00eb Vlor\u00eb, shoq\u00ebrohet me forca t\u00eb shumta policie","author":"Kurt Farka","date":"January 21, 2026","format":false,"excerpt":"21 Janar 2026 Ivanka Trump ka mb\u00ebrritur paraditen e k\u00ebsaj t\u00eb m\u00ebrkure n\u00eb Vlor\u00eb. Vajza e presidentit Donald Trump sapo ka mb\u00ebrritur n\u00eb qytetin bregdetar dhe \u00ebsht\u00eb shoq\u00ebruar me forca t\u00eb shumta policie. Ivanka Trump ka ardhur rreth or\u00ebs 10:00 dhe aktualisht ndodhet n\u00eb zon\u00ebn e Ujit t\u00eb Ftoht\u00eb, n\u00eb\u2026","rel":"","context":"In &quot;Blogu i Udh\u00ebtarit&quot;","block_context":{"text":"Blogu i Udh\u00ebtarit","link":"https:\/\/www.shqiperia.com\/blog\/category\/blogu-i-udhetarit\/"},"img":{"alt_text":"","src":"https:\/\/i0.wp.com\/www.shqiperia.com\/blog\/wp-content\/uploads\/2026\/01\/ivanka-800x450-1.webp?fit=800%2C450&ssl=1&resize=350%2C200","width":350,"height":200,"srcset":"https:\/\/i0.wp.com\/www.shqiperia.com\/blog\/wp-content\/uploads\/2026\/01\/ivanka-800x450-1.webp?fit=800%2C450&ssl=1&resize=350%2C200 1x, https:\/\/i0.wp.com\/www.shqiperia.com\/blog\/wp-content\/uploads\/2026\/01\/ivanka-800x450-1.webp?fit=800%2C450&ssl=1&resize=525%2C300 1.5x, https:\/\/i0.wp.com\/www.shqiperia.com\/blog\/wp-content\/uploads\/2026\/01\/ivanka-800x450-1.webp?fit=800%2C450&ssl=1&resize=700%2C400 2x"},"classes":[]},{"id":99303,"url":"https:\/\/www.shqiperia.com\/blog\/ivanka-trump-ne-vlore-pamjet-nga-vila-qeveritare-ku-po-qendron-vajza-e-presidentit-amerikan\/","url_meta":{"origin":96781,"position":1},"title":"Ivanka Trump n\u00eb Vlor\u00eb\/ Pamjet nga vila qeveritare, ku po q\u00ebndron vajza e presidentit amerikan","author":"Kurt Farka","date":"April 12, 2026","format":false,"excerpt":"12 Prill 2026 Kjo \u00ebsht\u00eb vila qeveritare n\u00eb Vlor\u00eb ku po q\u00ebndron Ivanka Trump. Ajo \u00ebsht\u00eb akomoduar aty prej mbr\u00ebmjes s\u00eb kaluar. Sot pritet q\u00eb ajo dhe kryeministri Rama t\u00eb ndalen p\u00ebr nj\u00eb drek\u00eb n\u00eb Dh\u00ebrmi. Kujtojm\u00eb q\u00eb n\u00eb vizit\u00ebn e saj t\u00eb fundit n\u00eb Vlor\u00eb, n\u00eb janar, ishin t\u00eb\u2026","rel":"","context":"In &quot;Njoftime Shtypi&quot;","block_context":{"text":"Njoftime Shtypi","link":"https:\/\/www.shqiperia.com\/blog\/category\/njoftime-shtypi\/"},"img":{"alt_text":"","src":"https:\/\/i0.wp.com\/www.shqiperia.com\/blog\/wp-content\/uploads\/2026\/04\/vila-qeveritare-Vlore.jpg?fit=780%2C440&ssl=1&resize=350%2C200","width":350,"height":200,"srcset":"https:\/\/i0.wp.com\/www.shqiperia.com\/blog\/wp-content\/uploads\/2026\/04\/vila-qeveritare-Vlore.jpg?fit=780%2C440&ssl=1&resize=350%2C200 1x, https:\/\/i0.wp.com\/www.shqiperia.com\/blog\/wp-content\/uploads\/2026\/04\/vila-qeveritare-Vlore.jpg?fit=780%2C440&ssl=1&resize=525%2C300 1.5x, https:\/\/i0.wp.com\/www.shqiperia.com\/blog\/wp-content\/uploads\/2026\/04\/vila-qeveritare-Vlore.jpg?fit=780%2C440&ssl=1&resize=700%2C400 2x"},"classes":[]},{"id":38013,"url":"https:\/\/www.shqiperia.com\/blog\/ivanka-trump-merr-pjese-ne-takimin-hoti-vucic-ne-uashington-zbulohen-prapaskenat-dhe-cfare-tha-gjate-mbledhjes-vajza-e-presidentit-te-shba-se\/","url_meta":{"origin":96781,"position":2},"title":"Ivanka Trump merr pjes\u00eb n\u00eb takimin Hoti-Vu\u00e7i\u00e7 n\u00eb Uashington, zbulohen prapaskenat dhe \u00e7far\u00eb tha gjat\u00eb mbledhjes vajza e Presidentit t\u00eb SHBA-s\u00eb","author":"Kurt Farka","date":"September 4, 2020","format":false,"excerpt":"Ivanka Trump merr pjes\u00eb n\u00eb takimin Hoti-Vu\u00e7i\u00e7 n\u00eb Uashington, zbulohen prapaskenat dhe \u00e7far\u00eb tha gjat\u00eb mbledhjes vajza e Presidentit t\u00eb SHBA-s\u00eb 4 SHTATOR 2020 Dje u mbajt takimi i shum\u00ebpritur mes Kosov\u00ebs dhe Serbis\u00eb n\u00eb Uashington, ku m\u00ebsohet se ishte e pranishme edhe vajza e Presidentit Donald Trump, Ivanka. Ajo\u2026","rel":"","context":"In &quot;Blogu i Udh\u00ebtarit&quot;","block_context":{"text":"Blogu i Udh\u00ebtarit","link":"https:\/\/www.shqiperia.com\/blog\/category\/blogu-i-udhetarit\/"},"img":{"alt_text":"","src":"https:\/\/i0.wp.com\/www.shqiperia.com\/blog\/wp-content\/uploads\/2020\/09\/800-0-5f51e73bd5cf6.jpg?fit=800%2C434&ssl=1&resize=350%2C200","width":350,"height":200,"srcset":"https:\/\/i0.wp.com\/www.shqiperia.com\/blog\/wp-content\/uploads\/2020\/09\/800-0-5f51e73bd5cf6.jpg?fit=800%2C434&ssl=1&resize=350%2C200 1x, https:\/\/i0.wp.com\/www.shqiperia.com\/blog\/wp-content\/uploads\/2020\/09\/800-0-5f51e73bd5cf6.jpg?fit=800%2C434&ssl=1&resize=525%2C300 1.5x, https:\/\/i0.wp.com\/www.shqiperia.com\/blog\/wp-content\/uploads\/2020\/09\/800-0-5f51e73bd5cf6.jpg?fit=800%2C434&ssl=1&resize=700%2C400 2x"},"classes":[]},{"id":97280,"url":"https:\/\/www.shqiperia.com\/blog\/vizita-e-ivanka-trump-dhe-historia-e-konfliktit-te-pronesise-per-zvernecin-si-pergjigjet-rama\/","url_meta":{"origin":96781,"position":3},"title":"Vizita e Ivanka Trump dhe historia e konfliktit t\u00eb pron\u00ebsis\u00eb p\u00ebr Zv\u00ebrnecin. Si p\u00ebrgjigjet Rama","author":"Kurt Farka","date":"February 2, 2026","format":false,"excerpt":"2 Shkurt 2026 P\u00ebrgjat\u00eb dy dit\u00ebve t\u00eb vrenjtura m\u00eb 21 dhe 22 janar, zona piktoreske e Zv\u00ebrnecit buz\u00eb lagun\u00ebs s\u00eb Nart\u00ebs n\u00eb Vlor\u00eb u kthye n\u00eb tok\u00ebn e Ivanka Trump \u2013 vajz\u00ebs s\u00eb presidentit t\u00eb Shteteve t\u00eb Bashkuara t\u00eb Amerik\u00ebs. Fshati u rrethua nga forca t\u00eb shumta policie, nd\u00ebrkoh\u00eb q\u00eb\u2026","rel":"","context":"In &quot;Kultura&quot;","block_context":{"text":"Kultura","link":"https:\/\/www.shqiperia.com\/blog\/category\/kultura\/"},"img":{"alt_text":"","src":"https:\/\/i0.wp.com\/www.shqiperia.com\/blog\/wp-content\/uploads\/2026\/02\/Ivanka_Trump_50457124431-1140x760-1.webp?fit=1140%2C760&ssl=1&resize=350%2C200","width":350,"height":200,"srcset":"https:\/\/i0.wp.com\/www.shqiperia.com\/blog\/wp-content\/uploads\/2026\/02\/Ivanka_Trump_50457124431-1140x760-1.webp?fit=1140%2C760&ssl=1&resize=350%2C200 1x, https:\/\/i0.wp.com\/www.shqiperia.com\/blog\/wp-content\/uploads\/2026\/02\/Ivanka_Trump_50457124431-1140x760-1.webp?fit=1140%2C760&ssl=1&resize=525%2C300 1.5x, https:\/\/i0.wp.com\/www.shqiperia.com\/blog\/wp-content\/uploads\/2026\/02\/Ivanka_Trump_50457124431-1140x760-1.webp?fit=1140%2C760&ssl=1&resize=700%2C400 2x, https:\/\/i0.wp.com\/www.shqiperia.com\/blog\/wp-content\/uploads\/2026\/02\/Ivanka_Trump_50457124431-1140x760-1.webp?fit=1140%2C760&ssl=1&resize=1050%2C600 3x"},"classes":[]},{"id":89131,"url":"https:\/\/www.shqiperia.com\/blog\/moska-dhe-uashingtoni-drejt-bisedimeve-putin-dhe-trump-do-te-takohen\/","url_meta":{"origin":96781,"position":4},"title":"Moska dhe Uashingtoni drejt bisedimeve, Putin dhe Trump do t\u00eb takohen\u2026","author":"Kurt Farka","date":"February 6, 2025","format":false,"excerpt":"6 Shkurt 2025 Nj\u00eb takim mes presidentit rus Vladimir Putin dhe homologut t\u00eb tij amerikan, Donald Trump, mund t\u00eb zhvillohet shum\u00eb shpejt, madje brenda k\u00ebtij muaji. K\u00ebshtu ka deklaruar Leonid Slutski, kryetari i Komisionit p\u00ebr \u00c7\u00ebshtjet e Jashtme n\u00eb Dum\u00ebn Ruse, pas nj\u00eb takimi me ministrin e Jasht\u00ebm, Sergei Lavrov.\u2026","rel":"","context":"In &quot;Blogu i Udh\u00ebtarit&quot;","block_context":{"text":"Blogu i Udh\u00ebtarit","link":"https:\/\/www.shqiperia.com\/blog\/category\/blogu-i-udhetarit\/"},"img":{"alt_text":"","src":"https:\/\/i0.wp.com\/www.shqiperia.com\/blog\/wp-content\/uploads\/2025\/02\/trump-putin.jpg?fit=946%2C540&ssl=1&resize=350%2C200","width":350,"height":200,"srcset":"https:\/\/i0.wp.com\/www.shqiperia.com\/blog\/wp-content\/uploads\/2025\/02\/trump-putin.jpg?fit=946%2C540&ssl=1&resize=350%2C200 1x, https:\/\/i0.wp.com\/www.shqiperia.com\/blog\/wp-content\/uploads\/2025\/02\/trump-putin.jpg?fit=946%2C540&ssl=1&resize=525%2C300 1.5x, https:\/\/i0.wp.com\/www.shqiperia.com\/blog\/wp-content\/uploads\/2025\/02\/trump-putin.jpg?fit=946%2C540&ssl=1&resize=700%2C400 2x"},"classes":[]},{"id":96821,"url":"https:\/\/www.shqiperia.com\/blog\/trump-zgjodhi-te-mos-ia-shihte-bojen-rames-ne-davos\/","url_meta":{"origin":96781,"position":5},"title":"Trump \u2018zgjodhi\u2019 t\u00eb mos ia shihte boj\u00ebn Ram\u00ebs n\u00eb Davos","author":"Kurt Farka","date":"January 22, 2026","format":false,"excerpt":"Nga\u00a0Genc Burimi Jan\u00eb dy skena surrealiste q\u00eb do t\u00eb mbahen mend gjat\u00eb n\u00eb memorien e televizioneve n\u00eb Shqip\u00ebri. Nga nj\u00ebra an\u00eb, Davosi. Nj\u00eb sken\u00eb solemne me 19 krer\u00eb shtetesh dhe qeverish nga e gjith\u00eb bota, q\u00eb asistonin krah presidentit Trump n\u00eb themelimin e Bordit t\u00eb Paqes. Kamerat nga e gjith\u00eb\u2026","rel":"","context":"In &quot;Blogu i Udh\u00ebtarit&quot;","block_context":{"text":"Blogu i Udh\u00ebtarit","link":"https:\/\/www.shqiperia.com\/blog\/category\/blogu-i-udhetarit\/"},"img":{"alt_text":"","src":"https:\/\/i0.wp.com\/www.shqiperia.com\/blog\/wp-content\/uploads\/2026\/01\/auto_trump-osmani-davos-2026-bordi-i-paqes-ap1769090222.jpg?fit=900%2C600&ssl=1&resize=350%2C200","width":350,"height":200,"srcset":"https:\/\/i0.wp.com\/www.shqiperia.com\/blog\/wp-content\/uploads\/2026\/01\/auto_trump-osmani-davos-2026-bordi-i-paqes-ap1769090222.jpg?fit=900%2C600&ssl=1&resize=350%2C200 1x, https:\/\/i0.wp.com\/www.shqiperia.com\/blog\/wp-content\/uploads\/2026\/01\/auto_trump-osmani-davos-2026-bordi-i-paqes-ap1769090222.jpg?fit=900%2C600&ssl=1&resize=525%2C300 1.5x, https:\/\/i0.wp.com\/www.shqiperia.com\/blog\/wp-content\/uploads\/2026\/01\/auto_trump-osmani-davos-2026-bordi-i-paqes-ap1769090222.jpg?fit=900%2C600&ssl=1&resize=700%2C400 2x"},"classes":[]}],"_links":{"self":[{"href":"https:\/\/www.shqiperia.com\/blog\/wp-json\/wp\/v2\/posts\/96781","targetHints":{"allow":["GET"]}}],"collection":[{"href":"https:\/\/www.shqiperia.com\/blog\/wp-json\/wp\/v2\/posts"}],"about":[{"href":"https:\/\/www.shqiperia.com\/blog\/wp-json\/wp\/v2\/types\/post"}],"author":[{"embeddable":true,"href":"https:\/\/www.shqiperia.com\/blog\/wp-json\/wp\/v2\/users\/9"}],"replies":[{"embeddable":true,"href":"https:\/\/www.shqiperia.com\/blog\/wp-json\/wp\/v2\/comments?post=96781"}],"version-history":[{"count":3,"href":"https:\/\/www.shqiperia.com\/blog\/wp-json\/wp\/v2\/posts\/96781\/revisions"}],"predecessor-version":[{"id":96808,"href":"https:\/\/www.shqiperia.com\/blog\/wp-json\/wp\/v2\/posts\/96781\/revisions\/96808"}],"wp:featuredmedia":[{"embeddable":true,"href":"https:\/\/www.shqiperia.com\/blog\/wp-json\/wp\/v2\/media\/96807"}],"wp:attachment":[{"href":"https:\/\/www.shqiperia.com\/blog\/wp-json\/wp\/v2\/media?parent=96781"}],"wp:term":[{"taxonomy":"category","embeddable":true,"href":"https:\/\/www.shqiperia.com\/blog\/wp-json\/wp\/v2\/categories?post=96781"},{"taxonomy":"post_tag","embeddable":true,"href":"https:\/\/www.shqiperia.com\/blog\/wp-json\/wp\/v2\/tags?post=96781"}],"curies":[{"name":"wp","href":"https:\/\/api.w.org\/{rel}","templated":true}]}}