{"id":96463,"date":"2026-01-10T09:07:00","date_gmt":"2026-01-10T09:07:00","guid":{"rendered":"https:\/\/www.shqiperia.com\/blog\/?p=96463"},"modified":"2026-01-10T09:07:00","modified_gmt":"2026-01-10T09:07:00","slug":"moti-i-keq-ne-shkoder-266-hektare-ende-nen-uje-rruga-per-ne-fshatin-obot-e-kalueshme-vetem-me-mjete-te-larta","status":"publish","type":"post","link":"https:\/\/www.shqiperia.com\/blog\/moti-i-keq-ne-shkoder-266-hektare-ende-nen-uje-rruga-per-ne-fshatin-obot-e-kalueshme-vetem-me-mjete-te-larta\/","title":{"rendered":"Moti i keq n\u00eb Shkod\u00ebr, 266 hektar\u00eb ende n\u00ebn uj\u00eb, rruga p\u00ebr n\u00eb fshatin Obot e kalueshme vet\u00ebm me mjete t\u00eb larta"},"content":{"rendered":"<p><img data-recalc-dims=\"1\" loading=\"lazy\" decoding=\"async\" data-attachment-id=\"96464\" data-permalink=\"https:\/\/www.shqiperia.com\/blog\/moti-i-keq-ne-shkoder-266-hektare-ende-nen-uje-rruga-per-ne-fshatin-obot-e-kalueshme-vetem-me-mjete-te-larta\/shkoder-2\/\" data-orig-file=\"https:\/\/i0.wp.com\/www.shqiperia.com\/blog\/wp-content\/uploads\/2026\/01\/SHKODER.webp?fit=1027%2C587&amp;ssl=1\" data-orig-size=\"1027,587\" data-comments-opened=\"1\" data-image-meta=\"{&quot;aperture&quot;:&quot;0&quot;,&quot;credit&quot;:&quot;&quot;,&quot;camera&quot;:&quot;&quot;,&quot;caption&quot;:&quot;&quot;,&quot;created_timestamp&quot;:&quot;0&quot;,&quot;copyright&quot;:&quot;&quot;,&quot;focal_length&quot;:&quot;0&quot;,&quot;iso&quot;:&quot;0&quot;,&quot;shutter_speed&quot;:&quot;0&quot;,&quot;title&quot;:&quot;&quot;,&quot;orientation&quot;:&quot;0&quot;}\" data-image-title=\"SHKODER\" data-image-description=\"\" data-image-caption=\"\" data-medium-file=\"https:\/\/i0.wp.com\/www.shqiperia.com\/blog\/wp-content\/uploads\/2026\/01\/SHKODER.webp?fit=300%2C171&amp;ssl=1\" data-large-file=\"https:\/\/i0.wp.com\/www.shqiperia.com\/blog\/wp-content\/uploads\/2026\/01\/SHKODER.webp?fit=1024%2C585&amp;ssl=1\" class=\"alignnone  wp-image-96464\" alt=\"\" src=\"https:\/\/i0.wp.com\/www.shqiperia.com\/blog\/wp-content\/uploads\/2026\/01\/SHKODER.webp?resize=675%2C385&#038;ssl=1\" width=\"675\" height=\"385\" srcset=\"https:\/\/i0.wp.com\/www.shqiperia.com\/blog\/wp-content\/uploads\/2026\/01\/SHKODER.webp?resize=300%2C171&amp;ssl=1 300w, https:\/\/i0.wp.com\/www.shqiperia.com\/blog\/wp-content\/uploads\/2026\/01\/SHKODER.webp?resize=1024%2C585&amp;ssl=1 1024w, https:\/\/i0.wp.com\/www.shqiperia.com\/blog\/wp-content\/uploads\/2026\/01\/SHKODER.webp?resize=768%2C439&amp;ssl=1 768w, https:\/\/i0.wp.com\/www.shqiperia.com\/blog\/wp-content\/uploads\/2026\/01\/SHKODER.webp?resize=450%2C257&amp;ssl=1 450w, https:\/\/i0.wp.com\/www.shqiperia.com\/blog\/wp-content\/uploads\/2026\/01\/SHKODER.webp?resize=600%2C343&amp;ssl=1 600w, https:\/\/i0.wp.com\/www.shqiperia.com\/blog\/wp-content\/uploads\/2026\/01\/SHKODER.webp?resize=400%2C229&amp;ssl=1 400w, https:\/\/i0.wp.com\/www.shqiperia.com\/blog\/wp-content\/uploads\/2026\/01\/SHKODER.webp?w=1027&amp;ssl=1 1027w\" sizes=\"auto, (max-width: 675px) 100vw, 675px\" \/><\/p>\n<p>10 Janar 2026<\/p>\n<p>Situata n\u00eb territorin e Bashkis\u00eb Shkod\u00ebr paraqitet e q\u00ebndrueshme, me nivele t\u00eb ujit n\u00ebn kuotat kritike dhe pa problematika t\u00eb evidentuara.<\/p>\n<p>Nga monitorimi periodik n\u00eb terren diten e sotme dat\u00eb 10.01.2021,ora 8.00.<\/p>\n<p>Situata e lumenjve:<\/p>\n<p>Nivelet e ujit n\u00eb lumenjt\u00eb Bun\u00eb dhe Drin mbeten t\u00eb kontrolluara dhe brenda parametrave t\u00eb siguris\u00eb por gjat\u00eb 24 or\u00ebve t\u00eb fundit kan\u00eb regjistruar rritje t\u00eb niveleve t\u00eb lumenjve me rreth 10-20 cm krahasuar me nj\u00eb dit\u00eb m\u00eb par\u00eb. N\u00eb Ur\u00ebn e Vjet\u00ebr t\u00eb Bun\u00ebs, niveli i ujit \u00ebsht\u00eb 8.30 m, nd\u00ebrsa n\u00eb Ur\u00ebn e Bah\u00e7all\u00ebkut, lumi Drin paraqitet n\u00eb kuot\u00ebn 8.05 m.N\u00eb nj\u00ebsin\u00eb administrative Daj\u00e7 niveli i ujit \u00ebsht\u00eb 6.48m.<\/p>\n<p>Bashkia Shkod\u00ebr<\/p>\n<p>Siperfaqe totale e permbytur 266 Ha. Nuk ka asnj\u00eb banes\u00eb t\u00eb p\u00ebrmbytur dhe me prezenc\u00eb uji n\u00eb t\u00eb gjith\u00eb territorin e Bashkis\u00eb Shkod\u00ebr.<\/p>\n<p>Nj.A. Ana Malit<\/p>\n<ol>\n<li>Vazhdon t\u00eb jet\u00eb e bllokuar rruga p\u00ebr n\u00eb Obot p\u00ebr mjetet e ul\u00ebta. Rruga e Obotit \u00ebsht\u00eb e kalushme vet\u00ebm me mjete t\u00eb larta. Niveli i ujit mbi rrug\u00eb arrin mbi 50 cm<\/li>\n<li>Sip\u00ebrfaqja e tok\u00ebs bujq\u00ebsore e p\u00ebrmbytur vler\u00ebsohet n\u00eb 130 Ha, kryesisht ne fshatrat Obot, Muriqan.<\/li>\n<\/ol>\n<p>Nj.A Daj\u00e7<\/p>\n<ol>\n<li>Sip\u00ebrfaqja e tok\u00ebs bujq\u00ebsore e p\u00ebrmbytur vler\u00ebsohet n\u00eb 35 Ha, kryesisht n\u00eb Pentar.<\/li>\n<\/ol>\n<p>Nj.A. Velipoj\u00eb<\/p>\n<ol>\n<li>Sip\u00ebrfaqja e tok\u00ebs bujq\u00ebsore e p\u00ebrmbytur vler\u00ebsohet n\u00eb 101 Ha,<\/li>\n<\/ol>\n<p>Bashkia Shkod\u00ebr \u00ebsht\u00eb n\u00eb monitorim t\u00eb vazhduesh\u00ebm t\u00eb situat\u00ebs dhe ka nj\u00eb tendenc\u00eb t\u00ebrheqje t\u00eb ujit nga zonat me prani t\u00eb tij.<\/p>\n","protected":false},"excerpt":{"rendered":"<p>10 Janar 2026 Situata n\u00eb territorin e Bashkis\u00eb Shkod\u00ebr paraqitet e q\u00ebndrueshme, me nivele t\u00eb ujit n\u00ebn kuotat kritike dhe pa problematika t\u00eb evidentuara. Nga monitorimi periodik n\u00eb terren diten e sotme dat\u00eb 10.01.2021,ora 8.00. Situata e lumenjve: Nivelet e ujit n\u00eb lumenjt\u00eb Bun\u00eb dhe Drin mbeten t\u00eb kontrolluara dhe brenda parametrave t\u00eb siguris\u00eb por [&hellip;]<\/p>\n","protected":false},"author":9,"featured_media":96464,"comment_status":"open","ping_status":"open","sticky":false,"template":"","format":"standard","meta":{"jetpack_post_was_ever_published":false,"_jetpack_newsletter_access":"","_jetpack_dont_email_post_to_subs":false,"_jetpack_newsletter_tier_id":0,"_jetpack_memberships_contains_paywalled_content":false,"_jetpack_memberships_contains_paid_content":false,"footnotes":"","jetpack_publicize_message":"","jetpack_publicize_feature_enabled":true,"jetpack_social_post_already_shared":true,"jetpack_social_options":{"image_generator_settings":{"template":"highway","default_image_id":0,"font":"","enabled":false},"version":2}},"categories":[27,1],"tags":[],"class_list":["post-96463","post","type-post","status-publish","format-standard","has-post-thumbnail","hentry","category-blogu-i-udhetarit","category-njoftime-shtypi"],"jetpack_publicize_connections":[],"jetpack_featured_media_url":"https:\/\/i0.wp.com\/www.shqiperia.com\/blog\/wp-content\/uploads\/2026\/01\/SHKODER.webp?fit=1027%2C587&ssl=1","jetpack_sharing_enabled":true,"jetpack_shortlink":"https:\/\/wp.me\/p5Z6wp-p5R","jetpack-related-posts":[{"id":42735,"url":"https:\/\/www.shqiperia.com\/blog\/moti-i-keq-reshjet-shkaktojne-permbytje-ne-lezhe-vlore-dhe-shkoder-mbi-20-fshatra-pa-energji-elektrike-drini-dhe-osumi-rrezik-per-dalje-nga-shtrati\/","url_meta":{"origin":96463,"position":0},"title":"MOTI I KEQ: Reshjet shkaktojn\u00eb p\u00ebrmbytje n\u00eb Lezh\u00eb, Vlor\u00eb dhe Shkod\u00ebr, mbi 20 fshatra pa energji elektrike. Drini dhe Osumi, rrezik p\u00ebr dalje nga shtrati","author":"Kurt Farka","date":"January 8, 2021","format":false,"excerpt":"MOTI I KEQ: Reshjet shkaktojn\u00eb p\u00ebrmbytje n\u00eb Lezh\u00eb, Vlor\u00eb dhe Shkod\u00ebr, mbi 20 fshatra pa energji elektrike. Drini dhe Osumi, rrezik p\u00ebr dalje nga shtrati. 8 janar 2021 Moti i keq ka pushtuar vendin duke shkaktuar p\u00ebrmbytje, dalje t\u00eb lumenjve nga shtrati dhe izolimin total t\u00eb fshatrave t\u00eb t\u00ebra p\u00ebr\u2026","rel":"","context":"In &quot;Blogu i Udh\u00ebtarit&quot;","block_context":{"text":"Blogu i Udh\u00ebtarit","link":"https:\/\/www.shqiperia.com\/blog\/category\/blogu-i-udhetarit\/"},"img":{"alt_text":"","src":"https:\/\/i0.wp.com\/www.shqiperia.com\/blog\/wp-content\/uploads\/2021\/01\/unnamed-11-905x450-1.jpg?fit=905%2C450&ssl=1&resize=350%2C200","width":350,"height":200,"srcset":"https:\/\/i0.wp.com\/www.shqiperia.com\/blog\/wp-content\/uploads\/2021\/01\/unnamed-11-905x450-1.jpg?fit=905%2C450&ssl=1&resize=350%2C200 1x, https:\/\/i0.wp.com\/www.shqiperia.com\/blog\/wp-content\/uploads\/2021\/01\/unnamed-11-905x450-1.jpg?fit=905%2C450&ssl=1&resize=525%2C300 1.5x, https:\/\/i0.wp.com\/www.shqiperia.com\/blog\/wp-content\/uploads\/2021\/01\/unnamed-11-905x450-1.jpg?fit=905%2C450&ssl=1&resize=700%2C400 2x"},"classes":[]},{"id":42731,"url":"https:\/\/www.shqiperia.com\/blog\/permbytet-shkodra-bashkia-kerkon-ndihmen-e-ushtrise\/","url_meta":{"origin":96463,"position":1},"title":"P\u00ebrmbytet Shkodra, Bashkia k\u00ebrkon ndihm\u00ebn e ushtris\u00eb","author":"Kurt Farka","date":"January 8, 2021","format":false,"excerpt":"P\u00ebrmbytet Shkodra, Bashkia k\u00ebrkon ndihm\u00ebn e ushtris\u00eb 8 JANAR 2021 Reshjet e dendura n\u00eb qarkun e Shkodr\u00ebs kan\u00eb shkaktuar p\u00ebrmbytje t\u00eb m\u00ebdha. Bashkia e Shkodr\u00ebs ka njoftuar mbi situat\u00ebn n\u00eb vend, duke k\u00ebrkuar edhe nd\u00ebrhyrjen e ushtris\u00eb me mjete p\u00ebr lundrim q\u00eb t\u00eb zhbllokohet situata p\u00ebr banor\u00ebt e fshatit Obot\u2026","rel":"","context":"In &quot;Blogu i Udh\u00ebtarit&quot;","block_context":{"text":"Blogu i Udh\u00ebtarit","link":"https:\/\/www.shqiperia.com\/blog\/category\/blogu-i-udhetarit\/"},"img":{"alt_text":"","src":"https:\/\/i0.wp.com\/www.shqiperia.com\/blog\/wp-content\/uploads\/2021\/01\/640-0-5ff8285ca2ae8.jpg?fit=640%2C367&ssl=1&resize=350%2C200","width":350,"height":200,"srcset":"https:\/\/i0.wp.com\/www.shqiperia.com\/blog\/wp-content\/uploads\/2021\/01\/640-0-5ff8285ca2ae8.jpg?fit=640%2C367&ssl=1&resize=350%2C200 1x, https:\/\/i0.wp.com\/www.shqiperia.com\/blog\/wp-content\/uploads\/2021\/01\/640-0-5ff8285ca2ae8.jpg?fit=640%2C367&ssl=1&resize=525%2C300 1.5x"},"classes":[]},{"id":103618,"url":"https:\/\/www.shqiperia.com\/blog\/thatesira-ne-evrope-rajni-dhe-danubi-ne-nivele-kritike-goditen-transporti-energjia-dhe-turizmi\/","url_meta":{"origin":96463,"position":2},"title":"That\u00ebsira n\u00eb Evrop\u00eb\/ Rajni dhe Danubi n\u00eb nivele kritike, goditen transporti, energjia dhe turizmi","author":"Kurt Farka","date":"August 1, 2026","format":false,"excerpt":"1 Gusht 2026 Val\u00ebt ekstreme t\u00eb t\u00eb nxehtit dhe that\u00ebsira kan\u00eb ulur n\u00eb m\u00ebnyr\u00eb drastike nivelin e ujit n\u00eb lumenjt\u00eb Rajn dhe Danub, duke shkaktuar probleme serioze n\u00eb transportin tregtar, furnizimin me energji dhe sektorin e turizmit n\u00eb disa vende evropiane. N\u00eb Gjermani, lumi Rajn, nj\u00eb nga arteriet m\u00eb t\u00eb\u2026","rel":"","context":"In &quot;Blogu i Udh\u00ebtarit&quot;","block_context":{"text":"Blogu i Udh\u00ebtarit","link":"https:\/\/www.shqiperia.com\/blog\/category\/blogu-i-udhetarit\/"},"img":{"alt_text":"","src":"https:\/\/i0.wp.com\/www.shqiperia.com\/blog\/wp-content\/uploads\/2026\/08\/640-0-el-nio-1785563464.png?fit=640%2C352&ssl=1&resize=350%2C200","width":350,"height":200,"srcset":"https:\/\/i0.wp.com\/www.shqiperia.com\/blog\/wp-content\/uploads\/2026\/08\/640-0-el-nio-1785563464.png?fit=640%2C352&ssl=1&resize=350%2C200 1x, https:\/\/i0.wp.com\/www.shqiperia.com\/blog\/wp-content\/uploads\/2026\/08\/640-0-el-nio-1785563464.png?fit=640%2C352&ssl=1&resize=525%2C300 1.5x"},"classes":[]},{"id":104953,"url":"https:\/\/www.shqiperia.com\/blog\/alarm-ne-fierze-niveli-i-ujit-bie-ndjeshem-dalin-ne-pah-strukturat-e-urave-te-drinit\/","url_meta":{"origin":96463,"position":3},"title":"Alarm n\u00eb Fierz\u00eb\/ Niveli i ujit bie ndjesh\u00ebm, dalin n\u00eb pah strukturat e urave t\u00eb Drinit","author":"Kurt Farka","date":"August 22, 2026","format":false,"excerpt":"22 Gusht 2026 Niveli i ujit n\u00eb liqenin e Fierz\u00ebs, m\u00eb i madhi n\u00eb kaskad\u00ebn e Drinit, ka r\u00ebn\u00eb n\u00eb rreth 277 metra p\u00ebr shkak t\u00eb that\u00ebsir\u00ebs dhe temperaturave t\u00eb larta. Konkretisht niveli i ujit n\u00eb uj\u00ebmbledh\u00ebsin m\u00eb t\u00eb madh ka r\u00ebn\u00eb rreth 18.5 metra n\u00ebn kuot\u00ebn maksimale prej 296\u2026","rel":"","context":"In &quot;Blogu i Udh\u00ebtarit&quot;","block_context":{"text":"Blogu i Udh\u00ebtarit","link":"https:\/\/www.shqiperia.com\/blog\/category\/blogu-i-udhetarit\/"},"img":{"alt_text":"","src":"https:\/\/i0.wp.com\/www.shqiperia.com\/blog\/wp-content\/uploads\/2026\/08\/1787386741-liqeniifierzes-1-6a895e0c332f4.jpeg?fit=780%2C440&ssl=1&resize=350%2C200","width":350,"height":200,"srcset":"https:\/\/i0.wp.com\/www.shqiperia.com\/blog\/wp-content\/uploads\/2026\/08\/1787386741-liqeniifierzes-1-6a895e0c332f4.jpeg?fit=780%2C440&ssl=1&resize=350%2C200 1x, https:\/\/i0.wp.com\/www.shqiperia.com\/blog\/wp-content\/uploads\/2026\/08\/1787386741-liqeniifierzes-1-6a895e0c332f4.jpeg?fit=780%2C440&ssl=1&resize=525%2C300 1.5x, https:\/\/i0.wp.com\/www.shqiperia.com\/blog\/wp-content\/uploads\/2026\/08\/1787386741-liqeniifierzes-1-6a895e0c332f4.jpeg?fit=780%2C440&ssl=1&resize=700%2C400 2x"},"classes":[]},{"id":103204,"url":"https:\/\/www.shqiperia.com\/blog\/danubi-ne-krize-nga-thatesira-niveli-rekord-i-ulet-bllokon-anijet-dhe-zbulon-mbetje-lufte-ne-kroaci\/","url_meta":{"origin":96463,"position":4},"title":"Danubi n\u00eb kriz\u00eb nga that\u00ebsira\/ Niveli rekord i ul\u00ebt bllokon anijet dhe zbulon mbetje lufte n\u00eb Kroaci","author":"Kurt Farka","date":"July 25, 2026","format":false,"excerpt":"25 Korrik 2026 That\u00ebsira ekstreme dhe temperaturat e larta q\u00eb kan\u00eb p\u00ebrfshir\u00eb Europ\u00ebn kan\u00eb shkaktuar nj\u00eb r\u00ebnie t\u00eb pazakont\u00eb t\u00eb nivelit t\u00eb ujit n\u00eb lumin Danub, duke sjell\u00eb pasoja t\u00eb r\u00ebnda n\u00eb disa vende t\u00eb rajonit. N\u00eb Serbi, ve\u00e7an\u00ebrisht n\u00eb qytetin e Novi Sadit, dhjet\u00ebra varka kan\u00eb mbetur t\u00eb bllokuara\u2026","rel":"","context":"In &quot;Blogu i Udh\u00ebtarit&quot;","block_context":{"text":"Blogu i Udh\u00ebtarit","link":"https:\/\/www.shqiperia.com\/blog\/category\/blogu-i-udhetarit\/"},"img":{"alt_text":"","src":"https:\/\/i0.wp.com\/www.shqiperia.com\/blog\/wp-content\/uploads\/2026\/07\/640-0-screenshot-2026-07-25-211538-1785006947.png?fit=640%2C323&ssl=1&resize=350%2C200","width":350,"height":200,"srcset":"https:\/\/i0.wp.com\/www.shqiperia.com\/blog\/wp-content\/uploads\/2026\/07\/640-0-screenshot-2026-07-25-211538-1785006947.png?fit=640%2C323&ssl=1&resize=350%2C200 1x, https:\/\/i0.wp.com\/www.shqiperia.com\/blog\/wp-content\/uploads\/2026\/07\/640-0-screenshot-2026-07-25-211538-1785006947.png?fit=640%2C323&ssl=1&resize=525%2C300 1.5x"},"classes":[]},{"id":104750,"url":"https:\/\/www.shqiperia.com\/blog\/liqeni-i-zyrihut-arrin-nivelin-me-te-ulet-ne-75-vjet-thatesira-e-rende-perfshin-zvicren\/","url_meta":{"origin":96463,"position":5},"title":"Liqeni i Zyrihut arrin nivelin m\u00eb t\u00eb ul\u00ebt n\u00eb 75 vjet, that\u00ebsira e r\u00ebnd\u00eb p\u00ebrfshin Zvicr\u00ebn","author":"Kurt Farka","date":"August 19, 2026","format":false,"excerpt":"19 Gusht 2026 Niveli i Liqenit t\u00eb Zyrihut n\u00eb Zvic\u00ebr ka r\u00ebn\u00eb n\u00eb nivelin m\u00eb t\u00eb ul\u00ebt t\u00eb regjistruar n\u00eb 75 vjet, njoftoi t\u00eb m\u00ebrkur\u00ebn Zyra Federale p\u00ebr Mjedisin (OFEV), nd\u00ebrsa vendi po p\u00ebrballet me nj\u00eb that\u00ebsir\u00eb t\u00eb r\u00ebnd\u00eb. Sipas OFEV, Zvicra ka p\u00ebrjetuar that\u00ebsir\u00eb t\u00eb theksuar q\u00eb prej pranver\u00ebs,\u2026","rel":"","context":"In &quot;Blogu i Udh\u00ebtarit&quot;","block_context":{"text":"Blogu i Udh\u00ebtarit","link":"https:\/\/www.shqiperia.com\/blog\/category\/blogu-i-udhetarit\/"},"img":{"alt_text":"","src":"https:\/\/i0.wp.com\/www.shqiperia.com\/blog\/wp-content\/uploads\/2026\/08\/640-0-023578790095f2104ca83f9728b9b6b9.jpg?fit=640%2C360&ssl=1&resize=350%2C200","width":350,"height":200,"srcset":"https:\/\/i0.wp.com\/www.shqiperia.com\/blog\/wp-content\/uploads\/2026\/08\/640-0-023578790095f2104ca83f9728b9b6b9.jpg?fit=640%2C360&ssl=1&resize=350%2C200 1x, https:\/\/i0.wp.com\/www.shqiperia.com\/blog\/wp-content\/uploads\/2026\/08\/640-0-023578790095f2104ca83f9728b9b6b9.jpg?fit=640%2C360&ssl=1&resize=525%2C300 1.5x"},"classes":[]}],"_links":{"self":[{"href":"https:\/\/www.shqiperia.com\/blog\/wp-json\/wp\/v2\/posts\/96463","targetHints":{"allow":["GET"]}}],"collection":[{"href":"https:\/\/www.shqiperia.com\/blog\/wp-json\/wp\/v2\/posts"}],"about":[{"href":"https:\/\/www.shqiperia.com\/blog\/wp-json\/wp\/v2\/types\/post"}],"author":[{"embeddable":true,"href":"https:\/\/www.shqiperia.com\/blog\/wp-json\/wp\/v2\/users\/9"}],"replies":[{"embeddable":true,"href":"https:\/\/www.shqiperia.com\/blog\/wp-json\/wp\/v2\/comments?post=96463"}],"version-history":[{"count":1,"href":"https:\/\/www.shqiperia.com\/blog\/wp-json\/wp\/v2\/posts\/96463\/revisions"}],"predecessor-version":[{"id":96465,"href":"https:\/\/www.shqiperia.com\/blog\/wp-json\/wp\/v2\/posts\/96463\/revisions\/96465"}],"wp:featuredmedia":[{"embeddable":true,"href":"https:\/\/www.shqiperia.com\/blog\/wp-json\/wp\/v2\/media\/96464"}],"wp:attachment":[{"href":"https:\/\/www.shqiperia.com\/blog\/wp-json\/wp\/v2\/media?parent=96463"}],"wp:term":[{"taxonomy":"category","embeddable":true,"href":"https:\/\/www.shqiperia.com\/blog\/wp-json\/wp\/v2\/categories?post=96463"},{"taxonomy":"post_tag","embeddable":true,"href":"https:\/\/www.shqiperia.com\/blog\/wp-json\/wp\/v2\/tags?post=96463"}],"curies":[{"name":"wp","href":"https:\/\/api.w.org\/{rel}","templated":true}]}}