{"id":96460,"date":"2026-01-10T09:03:57","date_gmt":"2026-01-10T09:03:57","guid":{"rendered":"https:\/\/www.shqiperia.com\/blog\/?p=96460"},"modified":"2026-01-10T09:03:57","modified_gmt":"2026-01-10T09:03:57","slug":"mblidhet-komisioni-i-gjuhesise-dhe-letersise-planifikim-i-veprimtarive-te-vitit-2026","status":"publish","type":"post","link":"https:\/\/www.shqiperia.com\/blog\/mblidhet-komisioni-i-gjuhesise-dhe-letersise-planifikim-i-veprimtarive-te-vitit-2026\/","title":{"rendered":"Mblidhet Komisioni i Gjuh\u00ebsis\u00eb dhe Let\u00ebrsis\u00eb, planifikim i veprimtarive t\u00eb vitit 2026"},"content":{"rendered":"<div id=\"attachment_96461\" style=\"width: 706px\" class=\"wp-caption alignnone\"><img data-recalc-dims=\"1\" loading=\"lazy\" decoding=\"async\" aria-describedby=\"caption-attachment-96461\" data-attachment-id=\"96461\" data-permalink=\"https:\/\/www.shqiperia.com\/blog\/mblidhet-komisioni-i-gjuhesise-dhe-letersise-planifikim-i-veprimtarive-te-vitit-2026\/screenshot-7\/\" data-orig-file=\"https:\/\/i0.wp.com\/www.shqiperia.com\/blog\/wp-content\/uploads\/2026\/01\/IMG_4251-1140x570-1.jpeg?fit=1140%2C570&amp;ssl=1\" data-orig-size=\"1140,570\" data-comments-opened=\"1\" data-image-meta=\"{&quot;aperture&quot;:&quot;0&quot;,&quot;credit&quot;:&quot;&quot;,&quot;camera&quot;:&quot;&quot;,&quot;caption&quot;:&quot;Screenshot&quot;,&quot;created_timestamp&quot;:&quot;1768000100&quot;,&quot;copyright&quot;:&quot;&quot;,&quot;focal_length&quot;:&quot;0&quot;,&quot;iso&quot;:&quot;0&quot;,&quot;shutter_speed&quot;:&quot;0&quot;,&quot;title&quot;:&quot;Screenshot&quot;,&quot;orientation&quot;:&quot;1&quot;}\" data-image-title=\"Screenshot\" data-image-description=\"\" data-image-caption=\"&lt;p&gt;Screenshot&lt;\/p&gt;\n\" data-medium-file=\"https:\/\/i0.wp.com\/www.shqiperia.com\/blog\/wp-content\/uploads\/2026\/01\/IMG_4251-1140x570-1.jpeg?fit=300%2C150&amp;ssl=1\" data-large-file=\"https:\/\/i0.wp.com\/www.shqiperia.com\/blog\/wp-content\/uploads\/2026\/01\/IMG_4251-1140x570-1.jpeg?fit=1024%2C512&amp;ssl=1\" class=\" wp-image-96461\" alt=\"\" src=\"https:\/\/i0.wp.com\/www.shqiperia.com\/blog\/wp-content\/uploads\/2026\/01\/IMG_4251-1140x570-1.jpeg?resize=696%2C348&#038;ssl=1\" width=\"696\" height=\"348\" srcset=\"https:\/\/i0.wp.com\/www.shqiperia.com\/blog\/wp-content\/uploads\/2026\/01\/IMG_4251-1140x570-1.jpeg?resize=300%2C150&amp;ssl=1 300w, https:\/\/i0.wp.com\/www.shqiperia.com\/blog\/wp-content\/uploads\/2026\/01\/IMG_4251-1140x570-1.jpeg?resize=1024%2C512&amp;ssl=1 1024w, https:\/\/i0.wp.com\/www.shqiperia.com\/blog\/wp-content\/uploads\/2026\/01\/IMG_4251-1140x570-1.jpeg?resize=768%2C384&amp;ssl=1 768w, https:\/\/i0.wp.com\/www.shqiperia.com\/blog\/wp-content\/uploads\/2026\/01\/IMG_4251-1140x570-1.jpeg?resize=450%2C225&amp;ssl=1 450w, https:\/\/i0.wp.com\/www.shqiperia.com\/blog\/wp-content\/uploads\/2026\/01\/IMG_4251-1140x570-1.jpeg?resize=600%2C300&amp;ssl=1 600w, https:\/\/i0.wp.com\/www.shqiperia.com\/blog\/wp-content\/uploads\/2026\/01\/IMG_4251-1140x570-1.jpeg?resize=400%2C200&amp;ssl=1 400w, https:\/\/i0.wp.com\/www.shqiperia.com\/blog\/wp-content\/uploads\/2026\/01\/IMG_4251-1140x570-1.jpeg?w=1140&amp;ssl=1 1140w\" sizes=\"auto, (max-width: 696px) 100vw, 696px\" \/><p id=\"caption-attachment-96461\" class=\"wp-caption-text\">Screenshot<\/p><\/div>\n<p>10 Janar 2026<\/p>\n<p>N\u00eb k\u00ebt\u00eb mbledhje akad. Anila Hoda dhe akad. G\u00ebzim Hoxha\u00a0 dhan\u00eb dhe orientimet p\u00ebrkat\u00ebse p\u00ebr p\u00ebrgatitjen sa m\u00eb t\u00eb mir\u00eb t\u00eb draft-projekteve t\u00eb veprimtarive p\u00ebr vitin 2026.<\/p>\n<p>Aktiviteti p\u00ebrgjat\u00eb vitit 2025 dhe projektet p\u00ebrgjat\u00eb k\u00ebtij viti ishte n\u00eb qend\u00ebr t\u00eb takimit q\u00eb mblodhi k\u00ebto dit\u00eb janari gjuh\u00ebtar\u00ebt. N\u00eb fokus t\u00eb diskutimeve ishin k\u00ebrkimet shkencore n\u00eb fushat e gjuh\u00ebsis\u00eb, m\u00ebsimdh\u00ebnia e gjuh\u00ebs n\u00eb shkolla apo dhe organizimi i veprimtarive p\u00ebrkujtimore dhe jubilare p\u00ebr personalitete me kontribute t\u00eb spikatura n\u00eb albanologji dhe gjuh\u00ebsi. Mbledhja e Komisionit t\u00eb p\u00ebrhersh\u00ebm t\u00eb Gjuh\u00ebsis\u00eb dhe t\u00eb Let\u00ebrsis\u00eb \u00a0u mbajt n\u00eb Akademin\u00eb e Shkencave t\u00eb Shqip\u00ebris\u00eb, n\u00eb dat\u00ebn 8 janar me pjes\u00ebmarrjen e sekretares shkencore t\u00eb ASHSH-s\u00eb, akad. Anila Hoda; kryetarit t\u00eb Seksionit t\u00eb Shkencave Shoq\u00ebrore dhe Albanologjike, akad. G\u00ebzim Hoxha, si dhe an\u00ebtar\u00ebve t\u00eb komisionit dhe grupit t\u00eb pun\u00ebs.<\/p>\n<p>Prof. dr. Anila Omari, kryetare e Komisionit t\u00eb p\u00ebrhersh\u00ebm t\u00eb gjuh\u00ebsis\u00eb dhe t\u00eb let\u00ebrsis\u00eb paraqiti nj\u00eb raport mbi aktivitetin e Komisionit p\u00ebr vitin 2025. M\u00eb pas, diskutimet u p\u00ebrqendruan n\u00eb planifikimin e veprimtarive p\u00ebr vitin 2026. \u201cU propozuan q\u00eb t\u00eb mbahen konferenca, tryeza shkencore apo ligj\u00ebrata lidhur me nevojat p\u00ebr: k\u00ebrkime shkencore n\u00eb disa fusha t\u00eb gjuh\u00ebsis\u00eb si morfologjia dhe drejtshkrimi i shqipes; hartimin e platformave p\u00ebr kujdesin dhe kultur\u00ebn e gjuh\u00ebs; trajtimin e \u00e7\u00ebshtjeve terminologjike gjuh\u00ebsore n\u00eb bashk\u00ebpunim me disa komisione, si ai i drejt\u00ebsis\u00eb, i matematik\u00ebs dhe informatik\u00ebs e m\u00eb gjer\u00eb, si dhe problemet e m\u00ebsimdh\u00ebnies s\u00eb gjuh\u00ebs n\u00eb shkolla. Gjithashtu, u propozua dhe u diskutua organizimi i veprimtarive shkencore p\u00ebrkujtimore dhe jubilare p\u00ebr t\u00eb nxjerr\u00eb n\u00eb drit\u00eb personalitete me vepra dhe kontribute t\u00eb spikatura n\u00eb fushat e gjuh\u00ebsis\u00eb dhe albanologjis\u00eb\u201d, thuhet n\u00eb njoftimin e ASH-s\u00eb.<\/p>\n","protected":false},"excerpt":{"rendered":"<p>10 Janar 2026 N\u00eb k\u00ebt\u00eb mbledhje akad. Anila Hoda dhe akad. G\u00ebzim Hoxha\u00a0 dhan\u00eb dhe orientimet p\u00ebrkat\u00ebse p\u00ebr p\u00ebrgatitjen sa m\u00eb t\u00eb mir\u00eb t\u00eb draft-projekteve t\u00eb veprimtarive p\u00ebr vitin 2026. Aktiviteti p\u00ebrgjat\u00eb vitit 2025 dhe projektet p\u00ebrgjat\u00eb k\u00ebtij viti ishte n\u00eb qend\u00ebr t\u00eb takimit q\u00eb mblodhi k\u00ebto dit\u00eb janari gjuh\u00ebtar\u00ebt. N\u00eb fokus t\u00eb diskutimeve ishin [&hellip;]<\/p>\n","protected":false},"author":9,"featured_media":96461,"comment_status":"open","ping_status":"open","sticky":false,"template":"","format":"standard","meta":{"jetpack_post_was_ever_published":false,"_jetpack_newsletter_access":"","_jetpack_dont_email_post_to_subs":false,"_jetpack_newsletter_tier_id":0,"_jetpack_memberships_contains_paywalled_content":false,"_jetpack_memberships_contains_paid_content":false,"footnotes":"","jetpack_publicize_message":"","jetpack_publicize_feature_enabled":true,"jetpack_social_post_already_shared":true,"jetpack_social_options":{"image_generator_settings":{"template":"highway","default_image_id":0,"font":"","enabled":false},"version":2}},"categories":[27,85,10,1],"tags":[],"class_list":["post-96460","post","type-post","status-publish","format-standard","has-post-thumbnail","hentry","category-blogu-i-udhetarit","category-histori","category-kultura","category-njoftime-shtypi"],"jetpack_publicize_connections":[],"jetpack_featured_media_url":"https:\/\/i0.wp.com\/www.shqiperia.com\/blog\/wp-content\/uploads\/2026\/01\/IMG_4251-1140x570-1.jpeg?fit=1140%2C570&ssl=1","jetpack_sharing_enabled":true,"jetpack_shortlink":"https:\/\/wp.me\/p5Z6wp-p5O","jetpack-related-posts":[{"id":104750,"url":"https:\/\/www.shqiperia.com\/blog\/liqeni-i-zyrihut-arrin-nivelin-me-te-ulet-ne-75-vjet-thatesira-e-rende-perfshin-zvicren\/","url_meta":{"origin":96460,"position":0},"title":"Liqeni i Zyrihut arrin nivelin m\u00eb t\u00eb ul\u00ebt n\u00eb 75 vjet, that\u00ebsira e r\u00ebnd\u00eb p\u00ebrfshin Zvicr\u00ebn","author":"Kurt Farka","date":"August 19, 2026","format":false,"excerpt":"19 Gusht 2026 Niveli i Liqenit t\u00eb Zyrihut n\u00eb Zvic\u00ebr ka r\u00ebn\u00eb n\u00eb nivelin m\u00eb t\u00eb ul\u00ebt t\u00eb regjistruar n\u00eb 75 vjet, njoftoi t\u00eb m\u00ebrkur\u00ebn Zyra Federale p\u00ebr Mjedisin (OFEV), nd\u00ebrsa vendi po p\u00ebrballet me nj\u00eb that\u00ebsir\u00eb t\u00eb r\u00ebnd\u00eb. Sipas OFEV, Zvicra ka p\u00ebrjetuar that\u00ebsir\u00eb t\u00eb theksuar q\u00eb prej pranver\u00ebs,\u2026","rel":"","context":"In &quot;Blogu i Udh\u00ebtarit&quot;","block_context":{"text":"Blogu i Udh\u00ebtarit","link":"https:\/\/www.shqiperia.com\/blog\/category\/blogu-i-udhetarit\/"},"img":{"alt_text":"","src":"https:\/\/i0.wp.com\/www.shqiperia.com\/blog\/wp-content\/uploads\/2026\/08\/640-0-023578790095f2104ca83f9728b9b6b9.jpg?fit=640%2C360&ssl=1&resize=350%2C200","width":350,"height":200,"srcset":"https:\/\/i0.wp.com\/www.shqiperia.com\/blog\/wp-content\/uploads\/2026\/08\/640-0-023578790095f2104ca83f9728b9b6b9.jpg?fit=640%2C360&ssl=1&resize=350%2C200 1x, https:\/\/i0.wp.com\/www.shqiperia.com\/blog\/wp-content\/uploads\/2026\/08\/640-0-023578790095f2104ca83f9728b9b6b9.jpg?fit=640%2C360&ssl=1&resize=525%2C300 1.5x"},"classes":[]},{"id":104601,"url":"https:\/\/www.shqiperia.com\/blog\/guret-e-urise-dalin-ne-siperfaqe-si-shenja-historike\/","url_meta":{"origin":96460,"position":1},"title":"Gur\u00ebt e uris\u00eb dalin n\u00eb sip\u00ebrfaqe si shenja historike","author":"Kurt Farka","date":"August 17, 2026","format":false,"excerpt":"17Gusht 2026 Nj\u00eb mbishkrim i till\u00eb, n\u00eb gjermanisht, thot\u00eb: \u201cWenn du mich siehst, dann weine\u201d (N\u00ebse m\u00eb sheh, qaj). K\u00ebto fjal\u00eb jan\u00eb gdhendur n\u00eb nj\u00eb gur urie n\u00eb lumin \u201cElbe\u201d, pran\u00eb D\u011b\u010d\u00ednit n\u00eb \u00c7eki, af\u00ebr kufirit me Gjermanin\u00eb Derisa lumenjt\u00eb e Evrop\u00ebs tkurren gjat\u00eb periudhave t\u00eb that\u00ebsir\u00ebs, gjurm\u00eb t\u00eb fshehura\u2026","rel":"","context":"In &quot;Blogu i Udh\u00ebtarit&quot;","block_context":{"text":"Blogu i Udh\u00ebtarit","link":"https:\/\/www.shqiperia.com\/blog\/category\/blogu-i-udhetarit\/"},"img":{"alt_text":"","src":"https:\/\/i0.wp.com\/www.shqiperia.com\/blog\/wp-content\/uploads\/2026\/08\/Guret-e-urise-dalin-ne-siperfaqe-si-shenja-historike.jpg?fit=1109%2C486&ssl=1&resize=350%2C200","width":350,"height":200,"srcset":"https:\/\/i0.wp.com\/www.shqiperia.com\/blog\/wp-content\/uploads\/2026\/08\/Guret-e-urise-dalin-ne-siperfaqe-si-shenja-historike.jpg?fit=1109%2C486&ssl=1&resize=350%2C200 1x, https:\/\/i0.wp.com\/www.shqiperia.com\/blog\/wp-content\/uploads\/2026\/08\/Guret-e-urise-dalin-ne-siperfaqe-si-shenja-historike.jpg?fit=1109%2C486&ssl=1&resize=525%2C300 1.5x, https:\/\/i0.wp.com\/www.shqiperia.com\/blog\/wp-content\/uploads\/2026\/08\/Guret-e-urise-dalin-ne-siperfaqe-si-shenja-historike.jpg?fit=1109%2C486&ssl=1&resize=700%2C400 2x, https:\/\/i0.wp.com\/www.shqiperia.com\/blog\/wp-content\/uploads\/2026\/08\/Guret-e-urise-dalin-ne-siperfaqe-si-shenja-historike.jpg?fit=1109%2C486&ssl=1&resize=1050%2C600 3x"},"classes":[]},{"id":103023,"url":"https:\/\/www.shqiperia.com\/blog\/be-fut-ne-lupe-financat-e-edi-rames-eurodeputeti-plas-bomben-zbulon-se-kryeministri-perdor-familjen-e-tij-per\/","url_meta":{"origin":96460,"position":2},"title":"BE fut n\u00eb \u201clup\u00eb\u201d financat e Edi Ram\u00ebs, eurodeputeti plas \u201cbomb\u00ebn\u201d, zbulon se kryeministri p\u00ebrdor familjen e tij p\u00ebr\u2026","author":"Kurt Farka","date":"July 21, 2026","format":false,"excerpt":"21 Korrik 2026 Nga Gazeta Sot Bashkimi Europian po monitoron nga af\u00ebr situat\u00ebn n\u00eb Shqip\u00ebri dhe paralelisht po ndjek edhe l\u00ebvizjet financiare q\u00eb, sipas eurodeputetit t\u00eb grupit t\u00eb Partis\u00eb Popullore Europiane (EPP), Tom\u00e1\u0161 Zdechovsk\u00fd, lidhen me kryeministrin Edi Rama dhe familjen e tij. Gjat\u00eb nj\u00eb interviste televizive, eurodeputeti deklaroi se\u2026","rel":"","context":"In &quot;Blogu i Udh\u00ebtarit&quot;","block_context":{"text":"Blogu i Udh\u00ebtarit","link":"https:\/\/www.shqiperia.com\/blog\/category\/blogu-i-udhetarit\/"},"img":{"alt_text":"","src":"https:\/\/i0.wp.com\/www.shqiperia.com\/blog\/wp-content\/uploads\/2026\/07\/foto-3-6-1140x570-1.jpg?fit=1056%2C570&ssl=1&resize=350%2C200","width":350,"height":200,"srcset":"https:\/\/i0.wp.com\/www.shqiperia.com\/blog\/wp-content\/uploads\/2026\/07\/foto-3-6-1140x570-1.jpg?fit=1056%2C570&ssl=1&resize=350%2C200 1x, https:\/\/i0.wp.com\/www.shqiperia.com\/blog\/wp-content\/uploads\/2026\/07\/foto-3-6-1140x570-1.jpg?fit=1056%2C570&ssl=1&resize=525%2C300 1.5x, https:\/\/i0.wp.com\/www.shqiperia.com\/blog\/wp-content\/uploads\/2026\/07\/foto-3-6-1140x570-1.jpg?fit=1056%2C570&ssl=1&resize=700%2C400 2x, https:\/\/i0.wp.com\/www.shqiperia.com\/blog\/wp-content\/uploads\/2026\/07\/foto-3-6-1140x570-1.jpg?fit=1056%2C570&ssl=1&resize=1050%2C600 3x"},"classes":[]},{"id":103008,"url":"https:\/\/www.shqiperia.com\/blog\/levizja-e-jashtezakonshme-e-ajsbergut-gjigant-shenje-e-nje-planeti-qe-po-ngrohet\/","url_meta":{"origin":96460,"position":3},"title":"L\u00ebvizja e jasht\u00ebzakonshme e ajsbergut gjigant, shenj\u00eb e nj\u00eb planeti q\u00eb po ngrohet","author":"Kurt Farka","date":"July 21, 2026","format":false,"excerpt":"21 Korrik 2026 Instituti Meteorologjik Danez (DMI) ka b\u00ebr\u00eb t\u00eb ditur se nj\u00eb ajsberg ka l\u00ebvizur m\u00eb shum\u00eb se 1.200 kilometra p\u00ebrgjat\u00eb bregdetit t\u00eb Grenland\u00ebs Lindore. Si\u00e7 raporton transmetuesi danez DR, ajsbergu \u00ebsht\u00eb rreth 5.7 kilometra i gjat\u00eb dhe 4 kilometra i gjer\u00eb nd\u00ebrsa pjesa e tij mbi sip\u00ebrfaqen e\u2026","rel":"","context":"In &quot;Blogu i Udh\u00ebtarit&quot;","block_context":{"text":"Blogu i Udh\u00ebtarit","link":"https:\/\/www.shqiperia.com\/blog\/category\/blogu-i-udhetarit\/"},"img":{"alt_text":"","src":"https:\/\/i0.wp.com\/www.shqiperia.com\/blog\/wp-content\/uploads\/2026\/07\/640-0-akjpg-1784218458.jpg?fit=640%2C360&ssl=1&resize=350%2C200","width":350,"height":200,"srcset":"https:\/\/i0.wp.com\/www.shqiperia.com\/blog\/wp-content\/uploads\/2026\/07\/640-0-akjpg-1784218458.jpg?fit=640%2C360&ssl=1&resize=350%2C200 1x, https:\/\/i0.wp.com\/www.shqiperia.com\/blog\/wp-content\/uploads\/2026\/07\/640-0-akjpg-1784218458.jpg?fit=640%2C360&ssl=1&resize=525%2C300 1.5x"},"classes":[]},{"id":105373,"url":"https:\/\/www.shqiperia.com\/blog\/fatkeqesite-natyrore-me-vdekjeprurese-ne-histori\/","url_meta":{"origin":96460,"position":4},"title":"Fatkeq\u00ebsit\u00eb natyrore m\u00eb vdekjeprur\u00ebse n\u00eb histori","author":"Kurt Farka","date":"August 28, 2026","format":false,"excerpt":"28 Gusht 2026 Miliona njer\u00ebz kan\u00eb humbur jet\u00ebn nga p\u00ebrmbytje, t\u00ebrmete, shp\u00ebrthime vullkanike dhe stuhi shkat\u00ebrruese. Megjithat\u00eb, pasojat e nj\u00eb katastrofe nuk varen vet\u00ebm nga fuqia e natyr\u00ebs. Dend\u00ebsia e popullsis\u00eb, cil\u00ebsia e nd\u00ebrtimeve, infrastruktura dhe m\u00ebnyra se si autoritetet reagojn\u00eb mund ta shum\u00ebfishojn\u00eb numrin e viktimave. Ekspert\u00ebt madje shmangin\u2026","rel":"","context":"In &quot;Blogu i Udh\u00ebtarit&quot;","block_context":{"text":"Blogu i Udh\u00ebtarit","link":"https:\/\/www.shqiperia.com\/blog\/category\/blogu-i-udhetarit\/"},"img":{"alt_text":"","src":"https:\/\/i0.wp.com\/www.shqiperia.com\/blog\/wp-content\/uploads\/2026\/08\/auto_RQAsMzFtHEcmyZuw9ewMzaTgcOYiacEZ1787826687.png?fit=900%2C555&ssl=1&resize=350%2C200","width":350,"height":200,"srcset":"https:\/\/i0.wp.com\/www.shqiperia.com\/blog\/wp-content\/uploads\/2026\/08\/auto_RQAsMzFtHEcmyZuw9ewMzaTgcOYiacEZ1787826687.png?fit=900%2C555&ssl=1&resize=350%2C200 1x, https:\/\/i0.wp.com\/www.shqiperia.com\/blog\/wp-content\/uploads\/2026\/08\/auto_RQAsMzFtHEcmyZuw9ewMzaTgcOYiacEZ1787826687.png?fit=900%2C555&ssl=1&resize=525%2C300 1.5x, https:\/\/i0.wp.com\/www.shqiperia.com\/blog\/wp-content\/uploads\/2026\/08\/auto_RQAsMzFtHEcmyZuw9ewMzaTgcOYiacEZ1787826687.png?fit=900%2C555&ssl=1&resize=700%2C400 2x"},"classes":[]},{"id":103563,"url":"https:\/\/www.shqiperia.com\/blog\/thatesira-paralizon-lumin-ren-rin-nje-nga-arteriet-kryesore-tregtare-te-europes-bllokohen-transportet-rriten-shqetesimet-per-ekonomine\/","url_meta":{"origin":96460,"position":5},"title":"That\u00ebsira paralizon lumin Ren (Rin), nj\u00eb nga arteriet kryesore tregtare t\u00eb Europ\u00ebs! Bllokohen transportet, rriten shqet\u00ebsimet p\u00ebr ekonomin\u00eb","author":"Kurt Farka","date":"August 1, 2026","format":false,"excerpt":"1 Gusht 2026 Kushdo q\u00eb k\u00ebto dit\u00eb sh\u00ebtit apo thjesht ndalet buz\u00eb lumit Ren, n\u00eb Bonn apo n\u00eb nj\u00eb nga qytetet e tjera p\u00ebrgjat\u00eb brigjeve t\u00eb tij, e kupton menj\u00ebher\u00eb se di\u00e7ka mungon. Jan\u00eb anijet e mallrave, t\u00eb cilat zakonisht kalojn\u00eb pa nd\u00ebrprerje, pothuajse n\u00eb kolona, duke transportuar mallra dhe\u2026","rel":"","context":"In &quot;Blogu i Udh\u00ebtarit&quot;","block_context":{"text":"Blogu i Udh\u00ebtarit","link":"https:\/\/www.shqiperia.com\/blog\/category\/blogu-i-udhetarit\/"},"img":{"alt_text":"","src":"https:\/\/i0.wp.com\/www.shqiperia.com\/blog\/wp-content\/uploads\/2026\/08\/rinos.jpg?fit=1020%2C589&ssl=1&resize=350%2C200","width":350,"height":200,"srcset":"https:\/\/i0.wp.com\/www.shqiperia.com\/blog\/wp-content\/uploads\/2026\/08\/rinos.jpg?fit=1020%2C589&ssl=1&resize=350%2C200 1x, https:\/\/i0.wp.com\/www.shqiperia.com\/blog\/wp-content\/uploads\/2026\/08\/rinos.jpg?fit=1020%2C589&ssl=1&resize=525%2C300 1.5x, https:\/\/i0.wp.com\/www.shqiperia.com\/blog\/wp-content\/uploads\/2026\/08\/rinos.jpg?fit=1020%2C589&ssl=1&resize=700%2C400 2x"},"classes":[]}],"_links":{"self":[{"href":"https:\/\/www.shqiperia.com\/blog\/wp-json\/wp\/v2\/posts\/96460","targetHints":{"allow":["GET"]}}],"collection":[{"href":"https:\/\/www.shqiperia.com\/blog\/wp-json\/wp\/v2\/posts"}],"about":[{"href":"https:\/\/www.shqiperia.com\/blog\/wp-json\/wp\/v2\/types\/post"}],"author":[{"embeddable":true,"href":"https:\/\/www.shqiperia.com\/blog\/wp-json\/wp\/v2\/users\/9"}],"replies":[{"embeddable":true,"href":"https:\/\/www.shqiperia.com\/blog\/wp-json\/wp\/v2\/comments?post=96460"}],"version-history":[{"count":1,"href":"https:\/\/www.shqiperia.com\/blog\/wp-json\/wp\/v2\/posts\/96460\/revisions"}],"predecessor-version":[{"id":96462,"href":"https:\/\/www.shqiperia.com\/blog\/wp-json\/wp\/v2\/posts\/96460\/revisions\/96462"}],"wp:featuredmedia":[{"embeddable":true,"href":"https:\/\/www.shqiperia.com\/blog\/wp-json\/wp\/v2\/media\/96461"}],"wp:attachment":[{"href":"https:\/\/www.shqiperia.com\/blog\/wp-json\/wp\/v2\/media?parent=96460"}],"wp:term":[{"taxonomy":"category","embeddable":true,"href":"https:\/\/www.shqiperia.com\/blog\/wp-json\/wp\/v2\/categories?post=96460"},{"taxonomy":"post_tag","embeddable":true,"href":"https:\/\/www.shqiperia.com\/blog\/wp-json\/wp\/v2\/tags?post=96460"}],"curies":[{"name":"wp","href":"https:\/\/api.w.org\/{rel}","templated":true}]}}