{"id":96406,"date":"2026-01-09T04:29:32","date_gmt":"2026-01-09T04:29:32","guid":{"rendered":"https:\/\/www.shqiperia.com\/blog\/?p=96406"},"modified":"2026-01-09T04:29:32","modified_gmt":"2026-01-09T04:29:32","slug":"zbulimi-gjuetaret-perdoren-helm-ne-majat-e-shigjetave-rreth-60-000-vjet-me-pare","status":"publish","type":"post","link":"https:\/\/www.shqiperia.com\/blog\/zbulimi-gjuetaret-perdoren-helm-ne-majat-e-shigjetave-rreth-60-000-vjet-me-pare\/","title":{"rendered":"ZBULIMI: Gjuetar\u00ebt p\u00ebrdor\u00ebn helm n\u00eb majat e shigjetave rreth 60 000 vjet m\u00eb par\u00eb"},"content":{"rendered":"<p><img data-recalc-dims=\"1\" loading=\"lazy\" decoding=\"async\" data-attachment-id=\"96407\" data-permalink=\"https:\/\/www.shqiperia.com\/blog\/zbulimi-gjuetaret-perdoren-helm-ne-majat-e-shigjetave-rreth-60-000-vjet-me-pare\/640-0-gjjpg-1767890804\/\" data-orig-file=\"https:\/\/i0.wp.com\/www.shqiperia.com\/blog\/wp-content\/uploads\/2026\/01\/640-0-gjjpg-1767890804.jpg?fit=640%2C358&amp;ssl=1\" data-orig-size=\"640,358\" data-comments-opened=\"1\" data-image-meta=\"{&quot;aperture&quot;:&quot;0&quot;,&quot;credit&quot;:&quot;&quot;,&quot;camera&quot;:&quot;&quot;,&quot;caption&quot;:&quot;&quot;,&quot;created_timestamp&quot;:&quot;0&quot;,&quot;copyright&quot;:&quot;&quot;,&quot;focal_length&quot;:&quot;0&quot;,&quot;iso&quot;:&quot;0&quot;,&quot;shutter_speed&quot;:&quot;0&quot;,&quot;title&quot;:&quot;&quot;,&quot;orientation&quot;:&quot;0&quot;}\" data-image-title=\"-640-0-gjjpg-1767890804\" data-image-description=\"\" data-image-caption=\"\" data-medium-file=\"https:\/\/i0.wp.com\/www.shqiperia.com\/blog\/wp-content\/uploads\/2026\/01\/640-0-gjjpg-1767890804.jpg?fit=300%2C168&amp;ssl=1\" data-large-file=\"https:\/\/i0.wp.com\/www.shqiperia.com\/blog\/wp-content\/uploads\/2026\/01\/640-0-gjjpg-1767890804.jpg?fit=640%2C358&amp;ssl=1\" class=\"alignnone  wp-image-96407\" alt=\"\" src=\"https:\/\/i0.wp.com\/www.shqiperia.com\/blog\/wp-content\/uploads\/2026\/01\/640-0-gjjpg-1767890804.jpg?resize=745%2C417&#038;ssl=1\" width=\"745\" height=\"417\" srcset=\"https:\/\/i0.wp.com\/www.shqiperia.com\/blog\/wp-content\/uploads\/2026\/01\/640-0-gjjpg-1767890804.jpg?resize=300%2C168&amp;ssl=1 300w, https:\/\/i0.wp.com\/www.shqiperia.com\/blog\/wp-content\/uploads\/2026\/01\/640-0-gjjpg-1767890804.jpg?resize=450%2C252&amp;ssl=1 450w, https:\/\/i0.wp.com\/www.shqiperia.com\/blog\/wp-content\/uploads\/2026\/01\/640-0-gjjpg-1767890804.jpg?resize=600%2C336&amp;ssl=1 600w, https:\/\/i0.wp.com\/www.shqiperia.com\/blog\/wp-content\/uploads\/2026\/01\/640-0-gjjpg-1767890804.jpg?resize=400%2C224&amp;ssl=1 400w, https:\/\/i0.wp.com\/www.shqiperia.com\/blog\/wp-content\/uploads\/2026\/01\/640-0-gjjpg-1767890804.jpg?w=640&amp;ssl=1 640w\" sizes=\"auto, (max-width: 745px) 100vw, 745px\" \/><\/p>\n<p>9 Janar 2026<\/p>\n<p>P\u00ebrdorimi i helmit n\u00eb shigjeta sh\u00ebnoi nj\u00eb revolucion n\u00eb teknologjin\u00eb e gjuetis\u00eb njer\u00ebzore \u2013 provat e reja sugjerojn\u00eb se kjo ndodhi dhjet\u00ebra mij\u00ebra vjet m\u00eb her\u00ebt se sa dihej m\u00eb par\u00eb, sipas \u201cScience Advances\u201d.<\/p>\n<p>Studiuesit kan\u00eb gjetur gjurm\u00eb \u2013 t\u00eb asaj q\u00eb duket t\u00eb jet\u00eb helm i nxjerr\u00eb nga bim\u00ebt \u2013 n\u00eb maja t\u00eb vogla shigjetash prej guri nga Afrika e Jugut, q\u00eb datojn\u00eb 60 000 vjet m\u00eb par\u00eb.<\/p>\n<p>Shkenc\u00ebtar\u00ebt kan\u00eb qen\u00eb prej koh\u00ebsh t\u00eb magjepsur nga zhvillimi i mjeteve t\u00eb helmuara t\u00eb gjuetis\u00eb.<\/p>\n<p>Nga nj\u00ebra an\u00eb, ato mund t\u00eb ken\u00eb p\u00ebrmir\u00ebsuar loj\u00ebn e t\u00eb par\u00ebve tan\u00eb p\u00ebr t\u00eb mbledhur ushqim.<\/p>\n<p>Nga ana tjet\u00ebr, ato ofrojn\u00eb nj\u00eb dritare n\u00eb njohje: mjetet e helmuara p\u00ebrfaq\u00ebsojn\u00eb nj\u00eb teknologji shum\u00eb t\u00eb sofistikuar q\u00eb k\u00ebrkon njohuri se si t\u00eb nxirret helmi nga bim\u00ebt, si ndikon helmi n\u00eb pre dhe si t\u00eb shfryt\u00ebzohen k\u00ebto efekte p\u00ebr t\u00eb rritur efikasitetin e gjuetis\u00eb.<\/p>\n<p>M\u00eb par\u00eb, provat m\u00eb t\u00eb vjetra t\u00eb drejtp\u00ebrdrejta t\u00eb arm\u00ebve t\u00eb helmuara vinin nga majat e shigjetave prej kocke n\u00eb nj\u00eb varr egjiptian q\u00eb datonte rreth 4 000 vjet m\u00eb par\u00eb dhe majat e shigjetave prej kocke nga shpella \u201dKruger\u201d n\u00eb Afrik\u00ebn e Jugut q\u00eb datojn\u00eb rreth 6 700 vjet m\u00eb par\u00eb.<\/p>\n<p>Megjithat\u00eb, studiuesit kishin arsye t\u00eb dyshonin se teknologjia mund t\u00eb ishte duksh\u00ebm m\u00eb e vjet\u00ebr se kaq, sepse ata kishin gjetur maja shigjetash prej kocke dhe guri shum\u00eb m\u00eb t\u00eb vjetra q\u00eb ngjanin me ato t\u00eb helmuara n\u00eb madh\u00ebsi dhe form\u00eb.<\/p>\n<p>Por shkenc\u00ebtar\u00ebt nuk kishin prova t\u00eb drejtp\u00ebrdrejta t\u00eb helmimit n\u00eb k\u00ebto mjete gjuetie m\u00eb t\u00eb vjetra.<\/p>\n<p>N\u00eb studimin e botuar sot n\u00eb \u201cScience Advances\u201d, Sven Isaksson i Universitetit t\u00eb Stokholmit dhe koleg\u00ebt e tij tregohet p\u00ebr analizat mikrokimike dhe biomolekulare t\u00eb mbetjeve t\u00eb gjetura n\u00eb majat e shigjetave prej kuarci 60 000-vje\u00e7are nga Streha Shk\u00ebmbore Umhlatuzana n\u00eb KwaZulu-Natal, Afrika e Jugut.<\/p>\n<p>Analizat zbuluan komponime toksike nga an\u00ebtar\u00ebt e familjes Amaryllidaceae t\u00eb bim\u00ebve q\u00eb jan\u00eb indigjene n\u00eb Afrik\u00ebn Jugore.<\/p>\n<p>Autor\u00ebt supozojn\u00eb se njer\u00ebzit e lasht\u00eb p\u00ebrdor\u00ebn sekrecione nga bulbat e Boophone disticha, nj\u00eb specie Amaryllidaceae q\u00eb dihet mir\u00eb se \u00ebsht\u00eb p\u00ebrdorur p\u00ebr helm shigjetash.<\/p>\n<p>Isaksson dhe koleg\u00ebt e tij than\u00eb se k\u00ebto shigjeta t\u00eb helmuara ndoshta nuk i vrisnin menj\u00ebher\u00eb kafsh\u00ebt pre.<\/p>\n<p>N\u00eb vend t\u00eb k\u00ebsaj, ato do t\u2019i kishin dob\u00ebsuar kafsh\u00ebt me kalimin e koh\u00ebs. Gjuetar\u00ebt do t\u00eb kishin pasur nevoj\u00eb t\u00eb gjurmonin kafsh\u00ebt e plagosura nd\u00ebrsa ato vraponin.<\/p>\n<p>\u201cHelmi \u00ebsht\u00eb nj\u00eb adaptim i p\u00ebrparuar p\u00ebr njer\u00ebzit, dhe k\u00ebtu e shohim t\u00eb shfaqet t\u00eb pakt\u00ebn 60 000 vjet m\u00eb par\u00eb\u201d, tha Curtis Marean i Universitetit Shtet\u00ebror t\u00eb Arizon\u00ebs, i cili nuk ishte i p\u00ebrfshir\u00eb n\u00eb studimin e ri.<\/p>\n<p>Ai tha se fakti q\u00eb helmi u gjet n\u00eb mikrolite \u2013 vegla t\u00eb vogla prej guri \u2013 \u00ebsht\u00eb gjithashtu i r\u00ebnd\u00ebsish\u00ebm.<\/p>\n<p>Miniaturizimi i veglave prej guri ishte nj\u00eb tjet\u00ebr p\u00ebrparim ky\u00e7 p\u00ebr njer\u00ebzit, q\u00eb ndihmoi n\u00eb zhvillimin e teknologjis\u00eb s\u00eb harkut dhe shigjet\u00ebs.<\/p>\n<p>Sipas Marean, zbulimi i ri ngre pyetjen n\u00ebse zhvillimi i teknologjis\u00eb s\u00eb mikrolitit lidhet me zhvillimin e helmit.<\/p>\n","protected":false},"excerpt":{"rendered":"<p>9 Janar 2026 P\u00ebrdorimi i helmit n\u00eb shigjeta sh\u00ebnoi nj\u00eb revolucion n\u00eb teknologjin\u00eb e gjuetis\u00eb njer\u00ebzore \u2013 provat e reja sugjerojn\u00eb se kjo ndodhi dhjet\u00ebra mij\u00ebra vjet m\u00eb her\u00ebt se sa dihej m\u00eb par\u00eb, sipas \u201cScience Advances\u201d. Studiuesit kan\u00eb gjetur gjurm\u00eb \u2013 t\u00eb asaj q\u00eb duket t\u00eb jet\u00eb helm i nxjerr\u00eb nga bim\u00ebt \u2013 n\u00eb [&hellip;]<\/p>\n","protected":false},"author":9,"featured_media":96407,"comment_status":"open","ping_status":"open","sticky":false,"template":"","format":"standard","meta":{"jetpack_post_was_ever_published":false,"_jetpack_newsletter_access":"","_jetpack_dont_email_post_to_subs":false,"_jetpack_newsletter_tier_id":0,"_jetpack_memberships_contains_paywalled_content":false,"_jetpack_memberships_contains_paid_content":false,"footnotes":"","jetpack_publicize_message":"","jetpack_publicize_feature_enabled":true,"jetpack_social_post_already_shared":true,"jetpack_social_options":{"image_generator_settings":{"template":"highway","default_image_id":0,"font":"","enabled":false},"version":2}},"categories":[27,85,1,86],"tags":[],"class_list":["post-96406","post","type-post","status-publish","format-standard","has-post-thumbnail","hentry","category-blogu-i-udhetarit","category-histori","category-njoftime-shtypi","category-trashegimi-kulturore"],"jetpack_publicize_connections":[],"jetpack_featured_media_url":"https:\/\/i0.wp.com\/www.shqiperia.com\/blog\/wp-content\/uploads\/2026\/01\/640-0-gjjpg-1767890804.jpg?fit=640%2C358&ssl=1","jetpack_sharing_enabled":true,"jetpack_shortlink":"https:\/\/wp.me\/p5Z6wp-p4W","jetpack-related-posts":[{"id":105331,"url":"https:\/\/www.shqiperia.com\/blog\/ndodh-ne-austri-alpinisti-gjen-canten-e-shpines-qe-humbi-60-vjet-me-pare-gjate-shkrirjes-se-akullnajes\/","url_meta":{"origin":96406,"position":0},"title":"Ndodh n\u00eb Austri! Alpinisti gjen \u00e7ant\u00ebn e shpin\u00ebs q\u00eb humbi 60 vjet m\u00eb par\u00eb gjat\u00eb shkrirjes s\u00eb akullnaj\u00ebs","author":"Kurt Farka","date":"August 27, 2026","format":false,"excerpt":"27 Gusht 2026 Nj\u00eb alpinist 86-vje\u00e7ar n\u00eb Austri \u00ebsht\u00eb ribashkuar me \u00e7ant\u00ebn e shpin\u00ebs dhe pajisjet e tij t\u00eb alpinizmit, m\u00eb shum\u00eb se 60 vjet pasi i kishte humbur n\u00eb nj\u00eb \u00e7arje t\u00eb akullnaj\u00ebs. Sendet u zbuluan n\u00eb muajin korrik n\u00eb akullnaj\u00ebn Sulztalferner, n\u00eb Tirol, n\u00eb nj\u00eb lart\u00ebsi prej rreth\u2026","rel":"","context":"In &quot;Blogu i Udh\u00ebtarit&quot;","block_context":{"text":"Blogu i Udh\u00ebtarit","link":"https:\/\/www.shqiperia.com\/blog\/category\/blogu-i-udhetarit\/"},"img":{"alt_text":"","src":"https:\/\/i0.wp.com\/www.shqiperia.com\/blog\/wp-content\/uploads\/2026\/08\/orivatis.jpg?fit=1200%2C569&ssl=1&resize=350%2C200","width":350,"height":200,"srcset":"https:\/\/i0.wp.com\/www.shqiperia.com\/blog\/wp-content\/uploads\/2026\/08\/orivatis.jpg?fit=1200%2C569&ssl=1&resize=350%2C200 1x, https:\/\/i0.wp.com\/www.shqiperia.com\/blog\/wp-content\/uploads\/2026\/08\/orivatis.jpg?fit=1200%2C569&ssl=1&resize=525%2C300 1.5x, https:\/\/i0.wp.com\/www.shqiperia.com\/blog\/wp-content\/uploads\/2026\/08\/orivatis.jpg?fit=1200%2C569&ssl=1&resize=700%2C400 2x, https:\/\/i0.wp.com\/www.shqiperia.com\/blog\/wp-content\/uploads\/2026\/08\/orivatis.jpg?fit=1200%2C569&ssl=1&resize=1050%2C600 3x"},"classes":[]},{"id":102208,"url":"https:\/\/www.shqiperia.com\/blog\/arkeologet-zbulojne-nje-shpelle-te-perdorur-nga-njerezit-400-mije-vjet-me-pare\/","url_meta":{"origin":96406,"position":1},"title":"Arkeolog\u00ebt zbulojn\u00eb nj\u00eb shpell\u00eb t\u00eb p\u00ebrdorur nga njer\u00ebzit 400 mij\u00eb vjet m\u00eb par\u00eb","author":"Kurt Farka","date":"July 3, 2026","format":false,"excerpt":"3 Korrik 2026 Arkeolog\u00ebt kan\u00eb zbuluar nj\u00eb shpell\u00eb t\u00eb p\u00ebrdorur nga para-neandertal\u00ebt deri 400 mij\u00eb vjet m\u00eb par\u00eb, duke e b\u00ebr\u00eb at\u00eb nj\u00eb nga vendet e pakta t\u00eb njohura nga kjo periudh\u00eb ende pak e kuptuar, e disponueshme p\u00ebr studime shkencore. Shpella, e vendosur n\u00eb periferi t\u00eb Fureidisit n\u00eb veri\u2026","rel":"","context":"In &quot;Histori&quot;","block_context":{"text":"Histori","link":"https:\/\/www.shqiperia.com\/blog\/category\/histori\/"},"img":{"alt_text":"","src":"https:\/\/i0.wp.com\/www.shqiperia.com\/blog\/wp-content\/uploads\/2026\/07\/auto_thumbs_b_c_c658ba736894edac14e17d93963bef6e1782801921.webp?fit=863%2C486&ssl=1&resize=350%2C200","width":350,"height":200,"srcset":"https:\/\/i0.wp.com\/www.shqiperia.com\/blog\/wp-content\/uploads\/2026\/07\/auto_thumbs_b_c_c658ba736894edac14e17d93963bef6e1782801921.webp?fit=863%2C486&ssl=1&resize=350%2C200 1x, https:\/\/i0.wp.com\/www.shqiperia.com\/blog\/wp-content\/uploads\/2026\/07\/auto_thumbs_b_c_c658ba736894edac14e17d93963bef6e1782801921.webp?fit=863%2C486&ssl=1&resize=525%2C300 1.5x, https:\/\/i0.wp.com\/www.shqiperia.com\/blog\/wp-content\/uploads\/2026\/07\/auto_thumbs_b_c_c658ba736894edac14e17d93963bef6e1782801921.webp?fit=863%2C486&ssl=1&resize=700%2C400 2x"},"classes":[]},{"id":100101,"url":"https:\/\/www.shqiperia.com\/blog\/nje-qytetari-shqiptar-i-duhen-270-dite-ne-shkalle-te-pare-2318-dite-mbi-6-vite-ne-apel-dhe-1762-dite-rreth-5-vjet-ne-gjykaten-e-larte\/","url_meta":{"origin":96406,"position":2},"title":"Nj\u00eb qytetari shqiptar i duhen 270 dit\u00eb n\u00eb shkall\u00eb t\u00eb par\u00eb, 2318 dit\u00eb (mbi 6 vite) n\u00eb Apel dhe 1762 dit\u00eb (rreth 5 vjet) n\u00eb Gjykat\u00ebn e Lart\u00eb","author":"Kurt Farka","date":"May 11, 2026","format":false,"excerpt":"11 Maji 2026 Nga: Gazeta Dita N\u00eb t\u00eb gjith\u00eb gjykatat e vendit, viti 2025 u mbyll me rreth 150 mij\u00eb dosje q\u00eb presin t\u00eb shqyrtohen n\u00eb t\u00eb trija shkall\u00ebt e gjykimit. Shifrat q\u00eb K\u00ebshilli i Lart\u00eb Gjyq\u00ebsor i ka paraqitur n\u00eb raportin dor\u00ebzuar parlamentit, tregojn\u00eb situat\u00ebn e r\u00ebnduar, ku m\u00eb\u2026","rel":"","context":"In &quot;Blogu i Udh\u00ebtarit&quot;","block_context":{"text":"Blogu i Udh\u00ebtarit","link":"https:\/\/www.shqiperia.com\/blog\/category\/blogu-i-udhetarit\/"},"img":{"alt_text":"","src":"https:\/\/i0.wp.com\/www.shqiperia.com\/blog\/wp-content\/uploads\/2026\/05\/Edi-Rama-drejtesia-statuja.jpg?fit=1024%2C603&ssl=1&resize=350%2C200","width":350,"height":200,"srcset":"https:\/\/i0.wp.com\/www.shqiperia.com\/blog\/wp-content\/uploads\/2026\/05\/Edi-Rama-drejtesia-statuja.jpg?fit=1024%2C603&ssl=1&resize=350%2C200 1x, https:\/\/i0.wp.com\/www.shqiperia.com\/blog\/wp-content\/uploads\/2026\/05\/Edi-Rama-drejtesia-statuja.jpg?fit=1024%2C603&ssl=1&resize=525%2C300 1.5x, https:\/\/i0.wp.com\/www.shqiperia.com\/blog\/wp-content\/uploads\/2026\/05\/Edi-Rama-drejtesia-statuja.jpg?fit=1024%2C603&ssl=1&resize=700%2C400 2x"},"classes":[]},{"id":101447,"url":"https:\/\/www.shqiperia.com\/blog\/me-mjeshtrin-e-gdhendjes-se-drurit-zhulatasin-bejo-kerra\/","url_meta":{"origin":96406,"position":3},"title":"Me mjeshtrin e gdh\u00ebndjes s\u00eb drurit, zhulatasin Bejo K\u00ebrra","author":"Kurt Farka","date":"June 13, 2026","format":false,"excerpt":"Nga cikli \" Mjeshtrat tan\u00eb\" BEJUA I K\u00cbRRE... -me mjeshtrin e gdh\u00ebndjes s\u00eb drurit, zhulatasin Bejo K\u00ebrra- N\u00eb mos gaboj ka qen\u00eb viti i fundit i fakultetit, aty nga pranvera e '78-t\u00ebs kur do ta prisja te stacioni i trenit n\u00eb Tiran\u00eb. N\u00eb nj\u00eb ark\u00eb t\u00eb madhe druri, sajuar vet\u00eb\u2026","rel":"","context":"In &quot;Blogu i Udh\u00ebtarit&quot;","block_context":{"text":"Blogu i Udh\u00ebtarit","link":"https:\/\/www.shqiperia.com\/blog\/category\/blogu-i-udhetarit\/"},"img":{"alt_text":"","src":"https:\/\/i0.wp.com\/www.shqiperia.com\/blog\/wp-content\/uploads\/2026\/06\/75100700_10214621153983304_3457411672136744960_n.jpg?fit=950%2C960&ssl=1&resize=350%2C200","width":350,"height":200,"srcset":"https:\/\/i0.wp.com\/www.shqiperia.com\/blog\/wp-content\/uploads\/2026\/06\/75100700_10214621153983304_3457411672136744960_n.jpg?fit=950%2C960&ssl=1&resize=350%2C200 1x, https:\/\/i0.wp.com\/www.shqiperia.com\/blog\/wp-content\/uploads\/2026\/06\/75100700_10214621153983304_3457411672136744960_n.jpg?fit=950%2C960&ssl=1&resize=525%2C300 1.5x, https:\/\/i0.wp.com\/www.shqiperia.com\/blog\/wp-content\/uploads\/2026\/06\/75100700_10214621153983304_3457411672136744960_n.jpg?fit=950%2C960&ssl=1&resize=700%2C400 2x"},"classes":[]},{"id":104066,"url":"https:\/\/www.shqiperia.com\/blog\/nana-qante-thoshte-le-te-digjem-brenda-banoret-tregojne-tmerrin-e-zjarrit-ne-kruje-flaket-rrethuan-shtepite-u-dogjen-ullishte-shekullore\/","url_meta":{"origin":96406,"position":4},"title":"Nana qante, thoshte le t\u00eb digjem brenda\u201d\/ Banor\u00ebt tregojn\u00eb tmerrin e zjarrit n\u00eb Kruj\u00eb: &#8211; Flak\u00ebt rrethuan sht\u00ebpit\u00eb, u dogj\u00ebn ullishte shekullore","author":"Kurt Farka","date":"August 9, 2026","format":false,"excerpt":"9 Gusht 2026 Flak\u00ebt q\u00eb p\u00ebrfshin\u00eb Malin e Kruj\u00ebs dhe iu afruan zonave t\u00eb banuara lan\u00eb pas jo vet\u00ebm sip\u00ebrfaqe t\u00eb m\u00ebdha t\u00eb djegura, por edhe d\u00ebshmi t\u00eb banor\u00ebve p\u00ebr or\u00ebt e panikut dhe frik\u00ebs q\u00eb p\u00ebrjetuan pran\u00eb sht\u00ebpive t\u00eb tyre. Banor\u00ebt tregojn\u00eb se zjarri u p\u00ebrhap me shpejt\u00ebsi, duke\u2026","rel":"","context":"In &quot;Blogu i Udh\u00ebtarit&quot;","block_context":{"text":"Blogu i Udh\u00ebtarit","link":"https:\/\/www.shqiperia.com\/blog\/category\/blogu-i-udhetarit\/"},"img":{"alt_text":"","src":"https:\/\/i0.wp.com\/www.shqiperia.com\/blog\/wp-content\/uploads\/2026\/08\/640-0-yt5r43wesqjpg-1786265851.jpg?fit=640%2C365&ssl=1&resize=350%2C200","width":350,"height":200,"srcset":"https:\/\/i0.wp.com\/www.shqiperia.com\/blog\/wp-content\/uploads\/2026\/08\/640-0-yt5r43wesqjpg-1786265851.jpg?fit=640%2C365&ssl=1&resize=350%2C200 1x, https:\/\/i0.wp.com\/www.shqiperia.com\/blog\/wp-content\/uploads\/2026\/08\/640-0-yt5r43wesqjpg-1786265851.jpg?fit=640%2C365&ssl=1&resize=525%2C300 1.5x"},"classes":[]},{"id":103290,"url":"https:\/\/www.shqiperia.com\/blog\/cnn-objektiv-i-protestave-eshte-edi-rama\/","url_meta":{"origin":96406,"position":5},"title":"CNN: &#8211; Objektiv i protestave \u00ebsht\u00eb Edi Rama","author":"Kurt Farka","date":"July 27, 2026","format":false,"excerpt":"27 Korrik 2026 \u201cFAREED\u2019s Global Briefing\u201d \u00ebsht\u00eb buletini javor i gazetarit t\u00eb njohur Fareed Zakaria, drejtues i emisionit \u201cFareed Zakaria GPS\u201d, nj\u00eb prej programeve m\u00eb t\u00eb ndjekura t\u00eb CNN p\u00ebr politik\u00ebn nd\u00ebrkomb\u00ebtare dhe gjeopolitik\u00ebn. N\u00eb edicionin m\u00eb t\u00eb fundit, Zakaria i kushton v\u00ebmendje edhe Shqip\u00ebris\u00eb, duke e p\u00ebrfshir\u00eb protest\u00ebn 57-ditore\u2026","rel":"","context":"In &quot;Blogu i Udh\u00ebtarit&quot;","block_context":{"text":"Blogu i Udh\u00ebtarit","link":"https:\/\/www.shqiperia.com\/blog\/category\/blogu-i-udhetarit\/"},"img":{"alt_text":"","src":"https:\/\/i0.wp.com\/www.shqiperia.com\/blog\/wp-content\/uploads\/2026\/07\/maxresdefault-2.jpg?fit=1200%2C675&ssl=1&resize=350%2C200","width":350,"height":200,"srcset":"https:\/\/i0.wp.com\/www.shqiperia.com\/blog\/wp-content\/uploads\/2026\/07\/maxresdefault-2.jpg?fit=1200%2C675&ssl=1&resize=350%2C200 1x, https:\/\/i0.wp.com\/www.shqiperia.com\/blog\/wp-content\/uploads\/2026\/07\/maxresdefault-2.jpg?fit=1200%2C675&ssl=1&resize=525%2C300 1.5x, https:\/\/i0.wp.com\/www.shqiperia.com\/blog\/wp-content\/uploads\/2026\/07\/maxresdefault-2.jpg?fit=1200%2C675&ssl=1&resize=700%2C400 2x, https:\/\/i0.wp.com\/www.shqiperia.com\/blog\/wp-content\/uploads\/2026\/07\/maxresdefault-2.jpg?fit=1200%2C675&ssl=1&resize=1050%2C600 3x"},"classes":[]}],"_links":{"self":[{"href":"https:\/\/www.shqiperia.com\/blog\/wp-json\/wp\/v2\/posts\/96406","targetHints":{"allow":["GET"]}}],"collection":[{"href":"https:\/\/www.shqiperia.com\/blog\/wp-json\/wp\/v2\/posts"}],"about":[{"href":"https:\/\/www.shqiperia.com\/blog\/wp-json\/wp\/v2\/types\/post"}],"author":[{"embeddable":true,"href":"https:\/\/www.shqiperia.com\/blog\/wp-json\/wp\/v2\/users\/9"}],"replies":[{"embeddable":true,"href":"https:\/\/www.shqiperia.com\/blog\/wp-json\/wp\/v2\/comments?post=96406"}],"version-history":[{"count":1,"href":"https:\/\/www.shqiperia.com\/blog\/wp-json\/wp\/v2\/posts\/96406\/revisions"}],"predecessor-version":[{"id":96408,"href":"https:\/\/www.shqiperia.com\/blog\/wp-json\/wp\/v2\/posts\/96406\/revisions\/96408"}],"wp:featuredmedia":[{"embeddable":true,"href":"https:\/\/www.shqiperia.com\/blog\/wp-json\/wp\/v2\/media\/96407"}],"wp:attachment":[{"href":"https:\/\/www.shqiperia.com\/blog\/wp-json\/wp\/v2\/media?parent=96406"}],"wp:term":[{"taxonomy":"category","embeddable":true,"href":"https:\/\/www.shqiperia.com\/blog\/wp-json\/wp\/v2\/categories?post=96406"},{"taxonomy":"post_tag","embeddable":true,"href":"https:\/\/www.shqiperia.com\/blog\/wp-json\/wp\/v2\/tags?post=96406"}],"curies":[{"name":"wp","href":"https:\/\/api.w.org\/{rel}","templated":true}]}}