{"id":96397,"date":"2026-01-09T03:06:56","date_gmt":"2026-01-09T03:06:56","guid":{"rendered":"https:\/\/www.shqiperia.com\/blog\/?p=96397"},"modified":"2026-01-09T03:06:56","modified_gmt":"2026-01-09T03:06:56","slug":"kendi-i-fotografise-kaqulashi-cafkeziu","status":"publish","type":"post","link":"https:\/\/www.shqiperia.com\/blog\/kendi-i-fotografise-kaqulashi-cafkeziu\/","title":{"rendered":"Kendi i Fotografise &#8211; Kaqulashi \u00e7afk\u00ebziu"},"content":{"rendered":"<div class=\"xdj266r x14z9mp xat24cr x1lziwak x1vvkbs x126k92a\">\n<div><img data-recalc-dims=\"1\" loading=\"lazy\" decoding=\"async\" data-attachment-id=\"96398\" data-permalink=\"https:\/\/www.shqiperia.com\/blog\/kendi-i-fotografise-kaqulashi-cafkeziu\/612515796_1298754545632367_4217732880036359045_n-1\/\" data-orig-file=\"https:\/\/i0.wp.com\/www.shqiperia.com\/blog\/wp-content\/uploads\/2026\/01\/612515796_1298754545632367_4217732880036359045_n-1.jpg?fit=1730%2C988&amp;ssl=1\" data-orig-size=\"1730,988\" data-comments-opened=\"1\" data-image-meta=\"{&quot;aperture&quot;:&quot;0&quot;,&quot;credit&quot;:&quot;&quot;,&quot;camera&quot;:&quot;&quot;,&quot;caption&quot;:&quot;&quot;,&quot;created_timestamp&quot;:&quot;0&quot;,&quot;copyright&quot;:&quot;&quot;,&quot;focal_length&quot;:&quot;0&quot;,&quot;iso&quot;:&quot;0&quot;,&quot;shutter_speed&quot;:&quot;0&quot;,&quot;title&quot;:&quot;&quot;,&quot;orientation&quot;:&quot;0&quot;}\" data-image-title=\"612515796_1298754545632367_4217732880036359045_n (1)\" data-image-description=\"\" data-image-caption=\"\" data-medium-file=\"https:\/\/i0.wp.com\/www.shqiperia.com\/blog\/wp-content\/uploads\/2026\/01\/612515796_1298754545632367_4217732880036359045_n-1.jpg?fit=300%2C171&amp;ssl=1\" data-large-file=\"https:\/\/i0.wp.com\/www.shqiperia.com\/blog\/wp-content\/uploads\/2026\/01\/612515796_1298754545632367_4217732880036359045_n-1.jpg?fit=1024%2C585&amp;ssl=1\" class=\"alignnone  wp-image-96398\" alt=\"\" src=\"https:\/\/i0.wp.com\/www.shqiperia.com\/blog\/wp-content\/uploads\/2026\/01\/612515796_1298754545632367_4217732880036359045_n-1.jpg?resize=519%2C296&#038;ssl=1\" width=\"519\" height=\"296\" srcset=\"https:\/\/i0.wp.com\/www.shqiperia.com\/blog\/wp-content\/uploads\/2026\/01\/612515796_1298754545632367_4217732880036359045_n-1.jpg?resize=300%2C171&amp;ssl=1 300w, https:\/\/i0.wp.com\/www.shqiperia.com\/blog\/wp-content\/uploads\/2026\/01\/612515796_1298754545632367_4217732880036359045_n-1.jpg?resize=1024%2C585&amp;ssl=1 1024w, https:\/\/i0.wp.com\/www.shqiperia.com\/blog\/wp-content\/uploads\/2026\/01\/612515796_1298754545632367_4217732880036359045_n-1.jpg?resize=768%2C439&amp;ssl=1 768w, https:\/\/i0.wp.com\/www.shqiperia.com\/blog\/wp-content\/uploads\/2026\/01\/612515796_1298754545632367_4217732880036359045_n-1.jpg?resize=1536%2C877&amp;ssl=1 1536w, https:\/\/i0.wp.com\/www.shqiperia.com\/blog\/wp-content\/uploads\/2026\/01\/612515796_1298754545632367_4217732880036359045_n-1.jpg?resize=450%2C257&amp;ssl=1 450w, https:\/\/i0.wp.com\/www.shqiperia.com\/blog\/wp-content\/uploads\/2026\/01\/612515796_1298754545632367_4217732880036359045_n-1.jpg?resize=600%2C343&amp;ssl=1 600w, https:\/\/i0.wp.com\/www.shqiperia.com\/blog\/wp-content\/uploads\/2026\/01\/612515796_1298754545632367_4217732880036359045_n-1.jpg?resize=1500%2C857&amp;ssl=1 1500w, https:\/\/i0.wp.com\/www.shqiperia.com\/blog\/wp-content\/uploads\/2026\/01\/612515796_1298754545632367_4217732880036359045_n-1.jpg?resize=1300%2C742&amp;ssl=1 1300w, https:\/\/i0.wp.com\/www.shqiperia.com\/blog\/wp-content\/uploads\/2026\/01\/612515796_1298754545632367_4217732880036359045_n-1.jpg?resize=400%2C228&amp;ssl=1 400w, https:\/\/i0.wp.com\/www.shqiperia.com\/blog\/wp-content\/uploads\/2026\/01\/612515796_1298754545632367_4217732880036359045_n-1.jpg?w=1730&amp;ssl=1 1730w\" sizes=\"auto, (max-width: 519px) 100vw, 519px\" \/><\/div>\n<div><\/div>\n<div>9 Janar 2026<\/div>\n<div>Kaqulashi \u00e7afk\u00ebziu &#8211; Pyrrhula pyrrhula.<\/div>\n<\/div>\n<div class=\"x14z9mp xat24cr x1lziwak x1vvkbs xtlvy1s x126k92a\">\n<div><span class=\"html-span xdj266r x14z9mp xat24cr x1lziwak xexx8yu xyri2b x18d9i69 x1c1uobl x1hl2dhg x16tdsg8 x1vvkbs\"><a class=\"html-a xdj266r x14z9mp xat24cr x1lziwak xexx8yu xyri2b x18d9i69 x1c1uobl x1hl2dhg x16tdsg8 x1vvkbs\"><\/a><\/span>Nga zogjte me te bukur qe i kemi ne trojet tona.<\/div>\n<div><img data-recalc-dims=\"1\" loading=\"lazy\" decoding=\"async\" data-attachment-id=\"96399\" data-permalink=\"https:\/\/www.shqiperia.com\/blog\/kendi-i-fotografise-kaqulashi-cafkeziu\/612709264_1298754548965700_4174738769215238923_n\/\" data-orig-file=\"https:\/\/i0.wp.com\/www.shqiperia.com\/blog\/wp-content\/uploads\/2026\/01\/612709264_1298754548965700_4174738769215238923_n.jpg?fit=2048%2C1139&amp;ssl=1\" data-orig-size=\"2048,1139\" data-comments-opened=\"1\" data-image-meta=\"{&quot;aperture&quot;:&quot;0&quot;,&quot;credit&quot;:&quot;&quot;,&quot;camera&quot;:&quot;&quot;,&quot;caption&quot;:&quot;&quot;,&quot;created_timestamp&quot;:&quot;0&quot;,&quot;copyright&quot;:&quot;&quot;,&quot;focal_length&quot;:&quot;0&quot;,&quot;iso&quot;:&quot;0&quot;,&quot;shutter_speed&quot;:&quot;0&quot;,&quot;title&quot;:&quot;&quot;,&quot;orientation&quot;:&quot;0&quot;}\" data-image-title=\"612709264_1298754548965700_4174738769215238923_n\" data-image-description=\"\" data-image-caption=\"\" data-medium-file=\"https:\/\/i0.wp.com\/www.shqiperia.com\/blog\/wp-content\/uploads\/2026\/01\/612709264_1298754548965700_4174738769215238923_n.jpg?fit=300%2C167&amp;ssl=1\" data-large-file=\"https:\/\/i0.wp.com\/www.shqiperia.com\/blog\/wp-content\/uploads\/2026\/01\/612709264_1298754548965700_4174738769215238923_n.jpg?fit=1024%2C570&amp;ssl=1\" class=\"alignnone  wp-image-96399\" alt=\"\" src=\"https:\/\/i0.wp.com\/www.shqiperia.com\/blog\/wp-content\/uploads\/2026\/01\/612709264_1298754548965700_4174738769215238923_n.jpg?resize=726%2C404&#038;ssl=1\" width=\"726\" height=\"404\" srcset=\"https:\/\/i0.wp.com\/www.shqiperia.com\/blog\/wp-content\/uploads\/2026\/01\/612709264_1298754548965700_4174738769215238923_n.jpg?resize=300%2C167&amp;ssl=1 300w, https:\/\/i0.wp.com\/www.shqiperia.com\/blog\/wp-content\/uploads\/2026\/01\/612709264_1298754548965700_4174738769215238923_n.jpg?resize=1024%2C570&amp;ssl=1 1024w, https:\/\/i0.wp.com\/www.shqiperia.com\/blog\/wp-content\/uploads\/2026\/01\/612709264_1298754548965700_4174738769215238923_n.jpg?resize=768%2C427&amp;ssl=1 768w, https:\/\/i0.wp.com\/www.shqiperia.com\/blog\/wp-content\/uploads\/2026\/01\/612709264_1298754548965700_4174738769215238923_n.jpg?resize=1536%2C854&amp;ssl=1 1536w, https:\/\/i0.wp.com\/www.shqiperia.com\/blog\/wp-content\/uploads\/2026\/01\/612709264_1298754548965700_4174738769215238923_n.jpg?resize=2000%2C1112&amp;ssl=1 2000w, https:\/\/i0.wp.com\/www.shqiperia.com\/blog\/wp-content\/uploads\/2026\/01\/612709264_1298754548965700_4174738769215238923_n.jpg?resize=450%2C250&amp;ssl=1 450w, https:\/\/i0.wp.com\/www.shqiperia.com\/blog\/wp-content\/uploads\/2026\/01\/612709264_1298754548965700_4174738769215238923_n.jpg?resize=600%2C334&amp;ssl=1 600w, https:\/\/i0.wp.com\/www.shqiperia.com\/blog\/wp-content\/uploads\/2026\/01\/612709264_1298754548965700_4174738769215238923_n.jpg?resize=1500%2C834&amp;ssl=1 1500w, https:\/\/i0.wp.com\/www.shqiperia.com\/blog\/wp-content\/uploads\/2026\/01\/612709264_1298754548965700_4174738769215238923_n.jpg?resize=1300%2C723&amp;ssl=1 1300w, https:\/\/i0.wp.com\/www.shqiperia.com\/blog\/wp-content\/uploads\/2026\/01\/612709264_1298754548965700_4174738769215238923_n.jpg?resize=400%2C222&amp;ssl=1 400w, https:\/\/i0.wp.com\/www.shqiperia.com\/blog\/wp-content\/uploads\/2026\/01\/612709264_1298754548965700_4174738769215238923_n.jpg?w=2048&amp;ssl=1 2048w\" sizes=\"auto, (max-width: 726px) 100vw, 726px\" \/><\/div>\n<div>Ne Dimer tash mund ti shihni shume afer shtepive tona.<\/div>\n<div><img data-recalc-dims=\"1\" loading=\"lazy\" decoding=\"async\" data-attachment-id=\"96400\" data-permalink=\"https:\/\/www.shqiperia.com\/blog\/kendi-i-fotografise-kaqulashi-cafkeziu\/612176151_1298754608965694_1368466899621679057_n\/\" data-orig-file=\"https:\/\/i0.wp.com\/www.shqiperia.com\/blog\/wp-content\/uploads\/2026\/01\/612176151_1298754608965694_1368466899621679057_n.jpg?fit=2048%2C1310&amp;ssl=1\" data-orig-size=\"2048,1310\" data-comments-opened=\"1\" data-image-meta=\"{&quot;aperture&quot;:&quot;0&quot;,&quot;credit&quot;:&quot;&quot;,&quot;camera&quot;:&quot;&quot;,&quot;caption&quot;:&quot;&quot;,&quot;created_timestamp&quot;:&quot;0&quot;,&quot;copyright&quot;:&quot;&quot;,&quot;focal_length&quot;:&quot;0&quot;,&quot;iso&quot;:&quot;0&quot;,&quot;shutter_speed&quot;:&quot;0&quot;,&quot;title&quot;:&quot;&quot;,&quot;orientation&quot;:&quot;0&quot;}\" data-image-title=\"612176151_1298754608965694_1368466899621679057_n\" data-image-description=\"\" data-image-caption=\"\" data-medium-file=\"https:\/\/i0.wp.com\/www.shqiperia.com\/blog\/wp-content\/uploads\/2026\/01\/612176151_1298754608965694_1368466899621679057_n.jpg?fit=300%2C192&amp;ssl=1\" data-large-file=\"https:\/\/i0.wp.com\/www.shqiperia.com\/blog\/wp-content\/uploads\/2026\/01\/612176151_1298754608965694_1368466899621679057_n.jpg?fit=1024%2C655&amp;ssl=1\" class=\"alignnone  wp-image-96400\" alt=\"\" src=\"https:\/\/i0.wp.com\/www.shqiperia.com\/blog\/wp-content\/uploads\/2026\/01\/612176151_1298754608965694_1368466899621679057_n.jpg?resize=727%2C465&#038;ssl=1\" width=\"727\" height=\"465\" srcset=\"https:\/\/i0.wp.com\/www.shqiperia.com\/blog\/wp-content\/uploads\/2026\/01\/612176151_1298754608965694_1368466899621679057_n.jpg?resize=300%2C192&amp;ssl=1 300w, https:\/\/i0.wp.com\/www.shqiperia.com\/blog\/wp-content\/uploads\/2026\/01\/612176151_1298754608965694_1368466899621679057_n.jpg?resize=1024%2C655&amp;ssl=1 1024w, https:\/\/i0.wp.com\/www.shqiperia.com\/blog\/wp-content\/uploads\/2026\/01\/612176151_1298754608965694_1368466899621679057_n.jpg?resize=768%2C491&amp;ssl=1 768w, https:\/\/i0.wp.com\/www.shqiperia.com\/blog\/wp-content\/uploads\/2026\/01\/612176151_1298754608965694_1368466899621679057_n.jpg?resize=1536%2C983&amp;ssl=1 1536w, https:\/\/i0.wp.com\/www.shqiperia.com\/blog\/wp-content\/uploads\/2026\/01\/612176151_1298754608965694_1368466899621679057_n.jpg?resize=2000%2C1279&amp;ssl=1 2000w, https:\/\/i0.wp.com\/www.shqiperia.com\/blog\/wp-content\/uploads\/2026\/01\/612176151_1298754608965694_1368466899621679057_n.jpg?resize=450%2C288&amp;ssl=1 450w, https:\/\/i0.wp.com\/www.shqiperia.com\/blog\/wp-content\/uploads\/2026\/01\/612176151_1298754608965694_1368466899621679057_n.jpg?resize=600%2C384&amp;ssl=1 600w, https:\/\/i0.wp.com\/www.shqiperia.com\/blog\/wp-content\/uploads\/2026\/01\/612176151_1298754608965694_1368466899621679057_n.jpg?resize=1500%2C959&amp;ssl=1 1500w, https:\/\/i0.wp.com\/www.shqiperia.com\/blog\/wp-content\/uploads\/2026\/01\/612176151_1298754608965694_1368466899621679057_n.jpg?resize=1300%2C832&amp;ssl=1 1300w, https:\/\/i0.wp.com\/www.shqiperia.com\/blog\/wp-content\/uploads\/2026\/01\/612176151_1298754608965694_1368466899621679057_n.jpg?resize=400%2C256&amp;ssl=1 400w, https:\/\/i0.wp.com\/www.shqiperia.com\/blog\/wp-content\/uploads\/2026\/01\/612176151_1298754608965694_1368466899621679057_n.jpg?w=2048&amp;ssl=1 2048w\" sizes=\"auto, (max-width: 727px) 100vw, 727px\" \/><\/div>\n<\/div>\n","protected":false},"excerpt":{"rendered":"<p>9 Janar 2026 Kaqulashi \u00e7afk\u00ebziu &#8211; Pyrrhula pyrrhula. Nga zogjte me te bukur qe i kemi ne trojet tona. Ne Dimer tash mund ti shihni shume afer shtepive tona.<\/p>\n","protected":false},"author":9,"featured_media":96398,"comment_status":"open","ping_status":"open","sticky":false,"template":"","format":"standard","meta":{"jetpack_post_was_ever_published":false,"_jetpack_newsletter_access":"","_jetpack_dont_email_post_to_subs":false,"_jetpack_newsletter_tier_id":0,"_jetpack_memberships_contains_paywalled_content":false,"_jetpack_memberships_contains_paid_content":false,"footnotes":"","jetpack_publicize_message":"","jetpack_publicize_feature_enabled":true,"jetpack_social_post_already_shared":true,"jetpack_social_options":{"image_generator_settings":{"template":"highway","default_image_id":0,"font":"","enabled":false},"version":2}},"categories":[27,14],"tags":[],"class_list":["post-96397","post","type-post","status-publish","format-standard","has-post-thumbnail","hentry","category-blogu-i-udhetarit","category-press-releases"],"jetpack_publicize_connections":[],"jetpack_featured_media_url":"https:\/\/i0.wp.com\/www.shqiperia.com\/blog\/wp-content\/uploads\/2026\/01\/612515796_1298754545632367_4217732880036359045_n-1.jpg?fit=1730%2C988&ssl=1","jetpack_sharing_enabled":true,"jetpack_shortlink":"https:\/\/wp.me\/p5Z6wp-p4N","jetpack-related-posts":[{"id":101425,"url":"https:\/\/www.shqiperia.com\/blog\/rama-ka-shkarravitur-fatet-tona-per-13-vite-sdo-e-mundin-dot-kete-proteste\/","url_meta":{"origin":96397,"position":0},"title":"\u201cRama ka shkarravitur fatet tona p\u00ebr 13 vite\u201d \u2013 Sdo e mundin dot k\u00ebt\u00eb protest\u00eb","author":"Kurt Farka","date":"June 13, 2026","format":false,"excerpt":"Aktori Florjan Binaj tha para mij\u00ebra qytetar\u00ebve q\u00eb jan\u00eb mbledhur p\u00ebr t\u00eb 13-\u00ebn\u00a0dit\u00eb kund\u00ebr qeveris\u00eb s\u00eb Edi Ram\u00ebs se nuk do t\u00eb mund ta d\u00ebmtojn\u00eb dot protest\u00ebn e tyre. Ai tha se kryeministri ka shkarravitur p\u00ebr 13 vite fatet e shqiptar\u00ebve, nd\u00ebrsa shtoi se ata po protestojn\u00eb edhe p\u00ebr punonj\u00ebsit\u2026","rel":"","context":"In &quot;Njoftime Shtypi&quot;","block_context":{"text":"Njoftime Shtypi","link":"https:\/\/www.shqiperia.com\/blog\/category\/njoftime-shtypi\/"},"img":{"alt_text":"","src":"https:\/\/i0.wp.com\/www.shqiperia.com\/blog\/wp-content\/uploads\/2026\/06\/protestaa-433x300-1.jpg?fit=433%2C300&ssl=1&resize=350%2C200","width":350,"height":200},"classes":[]},{"id":102638,"url":"https:\/\/www.shqiperia.com\/blog\/aktivisti-ilir-xhemalaj-falenderoj-dua-lipen-qe-ngriti-zerin-per-ne-i-bej-thirrje-intelektualeve-te-na-bashkohen-dhe-te-marrim-fatet-e-vendit-ne-dore\/","url_meta":{"origin":96397,"position":1},"title":"Aktivisti Ilir Xhemalaj: &#8211; Fal\u00ebnderoj Dua Lip\u00ebn q\u00eb ngriti z\u00ebrin p\u00ebr ne! &#8211; I b\u00ebj thirrje intelektual\u00ebve t\u00eb na bashkohen dhe t\u00eb marrim fatet e vendit n\u00eb dor\u00eb","author":"Kurt Farka","date":"July 13, 2026","format":false,"excerpt":"13 Korrik 2026 Aktivisti Ilir Xhemalaj i b\u00ebri thirrje intelektual\u00ebve nga protesta e 44-\u00ebrt t\u00eb bashkohen me qytetar\u00ebt n\u00eb shesh kund\u00ebr qeveris\u00eb Rama. Sakaq, falenderoi edhe k\u00ebng\u00ebtaren Dua Lipa p\u00ebr deklaratat e saj n\u00eb podkastin me Lea Ypin. Ilir Xhemalaj:\u00a0\u00a0Ne k\u00ebtu n\u00eb k\u00ebt\u00eb shesh kemi nj\u00eb familje e madhe, dhe\u2026","rel":"","context":"In &quot;Blogu i Udh\u00ebtarit&quot;","block_context":{"text":"Blogu i Udh\u00ebtarit","link":"https:\/\/www.shqiperia.com\/blog\/category\/blogu-i-udhetarit\/"},"img":{"alt_text":"","src":"https:\/\/i0.wp.com\/www.shqiperia.com\/blog\/wp-content\/uploads\/2026\/07\/ilir-xhemalaj.jpg?fit=815%2C509&ssl=1&resize=350%2C200","width":350,"height":200,"srcset":"https:\/\/i0.wp.com\/www.shqiperia.com\/blog\/wp-content\/uploads\/2026\/07\/ilir-xhemalaj.jpg?fit=815%2C509&ssl=1&resize=350%2C200 1x, https:\/\/i0.wp.com\/www.shqiperia.com\/blog\/wp-content\/uploads\/2026\/07\/ilir-xhemalaj.jpg?fit=815%2C509&ssl=1&resize=525%2C300 1.5x, https:\/\/i0.wp.com\/www.shqiperia.com\/blog\/wp-content\/uploads\/2026\/07\/ilir-xhemalaj.jpg?fit=815%2C509&ssl=1&resize=700%2C400 2x"},"classes":[]},{"id":105035,"url":"https:\/\/www.shqiperia.com\/blog\/kosova-e-gatshme-ta-ndihmoje-shqiperine-dhe-malin-e-zi-per-zjarret\/","url_meta":{"origin":96397,"position":2},"title":"Kosova e gatshme ta ndihmoj\u00eb Shqip\u00ebrin\u00eb dhe Malin e Zi p\u00ebr zjarret","author":"Kurt Farka","date":"August 23, 2026","format":false,"excerpt":"23 Gusht 2026 Me dat\u00eb 14 Gusht Ministri i Mbrojtjes i Kosoves ka b\u00ebr\u00eb k\u00ebt\u00eb Deklarat\u00eb: Jemi t\u00eb gatshem te ndihmojme Shqiperin\u00eb dhe Malin e Zi ne shuarjen e flak\u00ebve. Qeveria Shqiptare e Ram\u00ebs nuk pranon, se ka frik\u00eb kritikat per gjendjen katastrofike te pergatitjes per ngjarje t\u00eb tilla do\u00a0\u2026","rel":"","context":"In &quot;Blogu i Udh\u00ebtarit&quot;","block_context":{"text":"Blogu i Udh\u00ebtarit","link":"https:\/\/www.shqiperia.com\/blog\/category\/blogu-i-udhetarit\/"},"img":{"alt_text":"","src":"https:\/\/i0.wp.com\/www.shqiperia.com\/blog\/wp-content\/uploads\/2026\/08\/1471653211751.JPG.832x569_q80_box-071900604_upscale.jpg?fit=832%2C493&ssl=1&resize=350%2C200","width":350,"height":200,"srcset":"https:\/\/i0.wp.com\/www.shqiperia.com\/blog\/wp-content\/uploads\/2026\/08\/1471653211751.JPG.832x569_q80_box-071900604_upscale.jpg?fit=832%2C493&ssl=1&resize=350%2C200 1x, https:\/\/i0.wp.com\/www.shqiperia.com\/blog\/wp-content\/uploads\/2026\/08\/1471653211751.JPG.832x569_q80_box-071900604_upscale.jpg?fit=832%2C493&ssl=1&resize=525%2C300 1.5x, https:\/\/i0.wp.com\/www.shqiperia.com\/blog\/wp-content\/uploads\/2026\/08\/1471653211751.JPG.832x569_q80_box-071900604_upscale.jpg?fit=832%2C493&ssl=1&resize=700%2C400 2x"},"classes":[]},{"id":104050,"url":"https:\/\/www.shqiperia.com\/blog\/njoftim-shefi-i-shtabit-te-pergjithshem-te-fa-gjenerallejtenant-arben-kingji\/","url_meta":{"origin":96397,"position":3},"title":"Njoftim: &#8211; Shefi i Shtabit t\u00eb P\u00ebrgjithsh\u00ebm t\u00eb FA &#8211; Gjenerallejt\u00ebnant Arben Kingji","author":"Kurt Farka","date":"August 9, 2026","format":false,"excerpt":"9 Gusht 2026 Nisur nga situata e v\u00ebshtir\u00eb e krijuar nga vatra aktive e zjarrit n\u00eb Kruj\u00eb, tre helikopter\u00eb t\u00eb Forc\u00ebs Ajrore u angazhuan n\u00eb operacionin p\u00ebr shuarjen e zjarrit, nd\u00ebrkoh\u00eb. Forcat e Armatosura vijojn\u00eb t\u00eb jen\u00eb n\u00eb gatishm\u00ebri t\u00eb plot\u00eb, me kapacitete dhe trupa t\u00eb gatshme p\u00ebr nd\u00ebrhyrje n\u00eb\u2026","rel":"","context":"In &quot;Blogu i Udh\u00ebtarit&quot;","block_context":{"text":"Blogu i Udh\u00ebtarit","link":"https:\/\/www.shqiperia.com\/blog\/category\/blogu-i-udhetarit\/"},"img":{"alt_text":"","src":"https:\/\/i0.wp.com\/www.shqiperia.com\/blog\/wp-content\/uploads\/2026\/08\/769147516_1392280092858382_4338129270249392723_n.jpg?fit=960%2C720&ssl=1&resize=350%2C200","width":350,"height":200,"srcset":"https:\/\/i0.wp.com\/www.shqiperia.com\/blog\/wp-content\/uploads\/2026\/08\/769147516_1392280092858382_4338129270249392723_n.jpg?fit=960%2C720&ssl=1&resize=350%2C200 1x, https:\/\/i0.wp.com\/www.shqiperia.com\/blog\/wp-content\/uploads\/2026\/08\/769147516_1392280092858382_4338129270249392723_n.jpg?fit=960%2C720&ssl=1&resize=525%2C300 1.5x, https:\/\/i0.wp.com\/www.shqiperia.com\/blog\/wp-content\/uploads\/2026\/08\/769147516_1392280092858382_4338129270249392723_n.jpg?fit=960%2C720&ssl=1&resize=700%2C400 2x"},"classes":[]},{"id":102444,"url":"https:\/\/www.shqiperia.com\/blog\/ska-bisedime-vetem-doreheqje-protestuesi-palaco-kryeminister-kush-ulet-te-bej-marreveshje-me-ramen-do-perballet-me-zemerimin-e-popullit\/","url_meta":{"origin":96397,"position":4},"title":"\u201cS\u2019ka bisedime, vet\u00ebm dor\u00ebheqje!\u201d- Protestuesi: Pala\u00e7o kryeminist\u00ebr! &#8211; Kush ulet t\u00eb b\u00ebj marr\u00ebveshje me Ram\u00ebn, do p\u00ebrballet me zem\u00ebrimin e popullit!","author":"Kurt Farka","date":"July 9, 2026","format":false,"excerpt":"9 Korrik 2026 Nj\u00eb protestues ka mbajtur nj\u00eb fjalim gjat\u00eb protest\u00ebs s\u00eb 40-t\u00eb para Kryeministris\u00eb, ku ka k\u00ebrkuar dor\u00ebheqjen e kryeministrit Edi Rama dhe ka kund\u00ebrshtuar \u00e7do mund\u00ebsi p\u00ebr dialog me qeverin\u00eb. \u201cNuk duhet t\u00eb ket\u00eb marr\u00ebveshje me t\u00eb, nuk duhet t\u00eb ulet askush me t\u00eb. Kush do t\u00eb marr\u00eb\u2026","rel":"","context":"In &quot;Blogu i Udh\u00ebtarit&quot;","block_context":{"text":"Blogu i Udh\u00ebtarit","link":"https:\/\/www.shqiperia.com\/blog\/category\/blogu-i-udhetarit\/"},"img":{"alt_text":"","src":"https:\/\/i0.wp.com\/www.shqiperia.com\/blog\/wp-content\/uploads\/2026\/07\/protesta-e-4-korrikut.jpg?fit=832%2C556&ssl=1&resize=350%2C200","width":350,"height":200,"srcset":"https:\/\/i0.wp.com\/www.shqiperia.com\/blog\/wp-content\/uploads\/2026\/07\/protesta-e-4-korrikut.jpg?fit=832%2C556&ssl=1&resize=350%2C200 1x, https:\/\/i0.wp.com\/www.shqiperia.com\/blog\/wp-content\/uploads\/2026\/07\/protesta-e-4-korrikut.jpg?fit=832%2C556&ssl=1&resize=525%2C300 1.5x, https:\/\/i0.wp.com\/www.shqiperia.com\/blog\/wp-content\/uploads\/2026\/07\/protesta-e-4-korrikut.jpg?fit=832%2C556&ssl=1&resize=700%2C400 2x"},"classes":[]},{"id":101642,"url":"https:\/\/www.shqiperia.com\/blog\/shqiptaret-nga-anglia-franca-dhe-gjermania-jane-nisur-ketu\/","url_meta":{"origin":96397,"position":5},"title":"Shqiptar\u00ebt nga Anglia, Franca dhe Gjermania jan\u00eb nisur k\u00ebtu","author":"Kurt Farka","date":"June 19, 2026","format":false,"excerpt":"Aktivistja Lu\u00e7iana Kokaj foli nga protesta para Kryeministris\u00eb n\u00eb dit\u00ebn e 19-t\u00eb, ku u shpreh se shqiptar\u00ebt e diaspor\u00ebs nga Anglia, Gjermania, Franca, Belgjika jan\u00eb nisur p\u00ebr n\u00eb atdhe.Sakaq, ftoi protestuesit t\u00eb rezistojn\u00eb pasi betejat tha ajo i fitojn\u00eb ata q\u00eb rezistojn\u00eb. Lu\u00e7iana Kokaj:\u00a0Shqiptar\u00eb nga Anglia, nga Franca, Belgjika e\u2026","rel":"","context":"In &quot;Blogu i Udh\u00ebtarit&quot;","block_context":{"text":"Blogu i Udh\u00ebtarit","link":"https:\/\/www.shqiperia.com\/blog\/category\/blogu-i-udhetarit\/"},"img":{"alt_text":"","src":"https:\/\/i0.wp.com\/www.shqiperia.com\/blog\/wp-content\/uploads\/2026\/06\/IMG_9907-1-300x173.jpeg?resize=350%2C200&ssl=1","width":350,"height":200,"srcset":"https:\/\/i0.wp.com\/www.shqiperia.com\/blog\/wp-content\/uploads\/2026\/06\/IMG_9907-1-300x173.jpeg?resize=350%2C200&ssl=1 1x, https:\/\/i0.wp.com\/www.shqiperia.com\/blog\/wp-content\/uploads\/2026\/06\/IMG_9907-1-300x173.jpeg?resize=525%2C300&ssl=1 1.5x"},"classes":[]}],"_links":{"self":[{"href":"https:\/\/www.shqiperia.com\/blog\/wp-json\/wp\/v2\/posts\/96397","targetHints":{"allow":["GET"]}}],"collection":[{"href":"https:\/\/www.shqiperia.com\/blog\/wp-json\/wp\/v2\/posts"}],"about":[{"href":"https:\/\/www.shqiperia.com\/blog\/wp-json\/wp\/v2\/types\/post"}],"author":[{"embeddable":true,"href":"https:\/\/www.shqiperia.com\/blog\/wp-json\/wp\/v2\/users\/9"}],"replies":[{"embeddable":true,"href":"https:\/\/www.shqiperia.com\/blog\/wp-json\/wp\/v2\/comments?post=96397"}],"version-history":[{"count":1,"href":"https:\/\/www.shqiperia.com\/blog\/wp-json\/wp\/v2\/posts\/96397\/revisions"}],"predecessor-version":[{"id":96401,"href":"https:\/\/www.shqiperia.com\/blog\/wp-json\/wp\/v2\/posts\/96397\/revisions\/96401"}],"wp:featuredmedia":[{"embeddable":true,"href":"https:\/\/www.shqiperia.com\/blog\/wp-json\/wp\/v2\/media\/96398"}],"wp:attachment":[{"href":"https:\/\/www.shqiperia.com\/blog\/wp-json\/wp\/v2\/media?parent=96397"}],"wp:term":[{"taxonomy":"category","embeddable":true,"href":"https:\/\/www.shqiperia.com\/blog\/wp-json\/wp\/v2\/categories?post=96397"},{"taxonomy":"post_tag","embeddable":true,"href":"https:\/\/www.shqiperia.com\/blog\/wp-json\/wp\/v2\/tags?post=96397"}],"curies":[{"name":"wp","href":"https:\/\/api.w.org\/{rel}","templated":true}]}}