{"id":96391,"date":"2026-01-09T02:54:31","date_gmt":"2026-01-09T02:54:31","guid":{"rendered":"https:\/\/www.shqiperia.com\/blog\/?p=96391"},"modified":"2026-01-09T02:54:31","modified_gmt":"2026-01-09T02:54:31","slug":"kompania-qe-fitoi-tenderin-e-supervizimit-te-tunelit-te-llogarase-pagoi-hotelet-e-rames-ballukut-e-ibrahimajt","status":"publish","type":"post","link":"https:\/\/www.shqiperia.com\/blog\/kompania-qe-fitoi-tenderin-e-supervizimit-te-tunelit-te-llogarase-pagoi-hotelet-e-rames-ballukut-e-ibrahimajt\/","title":{"rendered":"Kompania q\u00eb fitoi tenderin e supervizimit t\u00eb tunelit t\u00eb Llogaras\u00eb pagoi hotelet e Ram\u00ebs, Ballukut e Ibrahimajt"},"content":{"rendered":"<p><img data-recalc-dims=\"1\" loading=\"lazy\" decoding=\"async\" data-attachment-id=\"96392\" data-permalink=\"https:\/\/www.shqiperia.com\/blog\/kompania-qe-fitoi-tenderin-e-supervizimit-te-tunelit-te-llogarase-pagoi-hotelet-e-rames-ballukut-e-ibrahimajt\/hq720-11\/\" data-orig-file=\"https:\/\/i0.wp.com\/www.shqiperia.com\/blog\/wp-content\/uploads\/2026\/01\/hq720.jpg?fit=686%2C386&amp;ssl=1\" data-orig-size=\"686,386\" data-comments-opened=\"1\" data-image-meta=\"{&quot;aperture&quot;:&quot;0&quot;,&quot;credit&quot;:&quot;&quot;,&quot;camera&quot;:&quot;&quot;,&quot;caption&quot;:&quot;&quot;,&quot;created_timestamp&quot;:&quot;0&quot;,&quot;copyright&quot;:&quot;&quot;,&quot;focal_length&quot;:&quot;0&quot;,&quot;iso&quot;:&quot;0&quot;,&quot;shutter_speed&quot;:&quot;0&quot;,&quot;title&quot;:&quot;&quot;,&quot;orientation&quot;:&quot;0&quot;}\" data-image-title=\"hq720\" data-image-description=\"\" data-image-caption=\"\" data-medium-file=\"https:\/\/i0.wp.com\/www.shqiperia.com\/blog\/wp-content\/uploads\/2026\/01\/hq720.jpg?fit=300%2C169&amp;ssl=1\" data-large-file=\"https:\/\/i0.wp.com\/www.shqiperia.com\/blog\/wp-content\/uploads\/2026\/01\/hq720.jpg?fit=686%2C386&amp;ssl=1\" class=\"alignnone  wp-image-96392\" alt=\"\" src=\"https:\/\/i0.wp.com\/www.shqiperia.com\/blog\/wp-content\/uploads\/2026\/01\/hq720.jpg?resize=543%2C306&#038;ssl=1\" width=\"543\" height=\"306\" srcset=\"https:\/\/i0.wp.com\/www.shqiperia.com\/blog\/wp-content\/uploads\/2026\/01\/hq720.jpg?resize=300%2C169&amp;ssl=1 300w, https:\/\/i0.wp.com\/www.shqiperia.com\/blog\/wp-content\/uploads\/2026\/01\/hq720.jpg?resize=450%2C253&amp;ssl=1 450w, https:\/\/i0.wp.com\/www.shqiperia.com\/blog\/wp-content\/uploads\/2026\/01\/hq720.jpg?resize=600%2C338&amp;ssl=1 600w, https:\/\/i0.wp.com\/www.shqiperia.com\/blog\/wp-content\/uploads\/2026\/01\/hq720.jpg?resize=400%2C225&amp;ssl=1 400w, https:\/\/i0.wp.com\/www.shqiperia.com\/blog\/wp-content\/uploads\/2026\/01\/hq720.jpg?w=686&amp;ssl=1 686w\" sizes=\"auto, (max-width: 543px) 100vw, 543px\" \/><\/p>\n<p>9 Janar 2026<\/p>\n<p>Duke folur n\u00eb \u2018\u00c7im Peka LIVE\u2019 Arben Ahmetaj\u00a0 tha se Hill International\u2019 e cila ka marr\u00eb supervizimin e tunelit t\u00eb Llogaras\u00eb ka paguar hotelet e kryeministrit Edi Rama, zv\/kryeministres Belinda Balluku dhe ministres s\u00eb Ekonomis\u00eb Delina Ibrahimaj.<\/p>\n<p><strong>Arben Ahmetaj:<\/strong><span>\u00a0<\/span>Ah, nj\u00eb gj\u00eb shum\u00eb interesante p\u00ebr tunelin e vog\u00ebl. \u00cbsht\u00eb n\u00eb raport me 324 apartamentet, avion\u00ebt, mjetet lundruese. Premtova q\u00eb s&#8217;i referohem Altinit. Her\u00eb e fundit sot. Po\u00a0 i k\u00ebrkoj t\u00eb falur madje. N\u00ebse do ta p\u00ebrmend ndonj\u00ebher\u00eb n\u00eb nj\u00eb raport publik, n\u00eb raport me \u00e7\u00ebshtjen time, sigurisht q\u00eb do ruaj respektin si prokuror.<\/p>\n<p>Shikoni nj\u00eb \u00e7ik\u00eb k\u00ebto, k\u00ebto jan\u00eb pagesat q\u00eb ka b\u00ebr\u00eb p\u00ebr Belind\u00ebn, Delin\u00ebn,\u00a0 \u2019Hill International\u2019.<\/p>\n<div id=\"rekl-56\">(Sh\u00ebnim redaksional Delina Ibrahimaj minister e Ekonomis\u00eb)<\/div>\n<p>Ka b\u00ebr\u00eb p\u00ebr Delin\u00ebn, Delina tani ka marr\u00eb rolin e Belind\u00ebs, t\u00eb gjith\u00eb kompanit\u00eb shkojn\u00eb te Delina, arsyet ja kam th\u00ebn\u00eb nj\u00ebher\u00eb kryeministrit kur ishte kryeminist\u00ebr n\u00eb zyr\u00eb.<\/p>\n<p>Pagesa n\u00eb nj\u00eb aktivitet n\u00eb Greqi. Belinda, Rama, Delina. T\u00eb pakt\u00ebn k\u00ebta kam un\u00eb k\u00ebtu. Dhe diskutimet p\u00ebr supervizionin. Hill International ka marr\u00eb supervizionin p\u00ebr tunelin.<\/p>\n<p>Pra ky \u00ebsht\u00eb supervizori i tunelit, q\u00eb ka paguar p\u00ebr hotelet e k\u00ebtyre. Tani zoti Dumani, me t\u00eb nj\u00ebjtin argument duhet dhe Delin\u00ebn.<\/p>\n<p>Belind\u00ebn po e po, se ka dh\u00ebn\u00eb. Po si\u00e7 ka tentuar t\u00eb m\u00eb akuzoj\u00eb mua, Delina \u00a0ka b\u00ebr\u00eb rialokime. I bie se \u00e7a m\u00eb thua mua ti, ti ke b\u00ebr\u00eb rialokime, ti ke fjetur n\u00eb nj\u00eb hotel me gruan edhe ke b\u00ebr\u00eb dhe rialokime.<\/p>\n<p>Pra, sipas k\u00ebtij standarti zoti Dumani, ti dhe Delin\u00ebn duhet ta \u00e7osh n\u00eb ndjekje penale p\u00ebr korrupsion, apo jo? Me k\u00ebt\u00eb.Ka paguar p\u00ebr kryeministrin dhe ka marr\u00eb dhe tender ky.<\/p>\n<p>Ka paguar p\u00ebr kryeministrin, ka paguar p\u00ebr Delin\u00ebn dhe p\u00ebr Belind\u00ebn. I ke k\u00ebtu. Dakord? Merre. Po rrim\u00eb tek infrastruktura kritike&#8221;<\/p>\n","protected":false},"excerpt":{"rendered":"<p>9 Janar 2026 Duke folur n\u00eb \u2018\u00c7im Peka LIVE\u2019 Arben Ahmetaj\u00a0 tha se Hill International\u2019 e cila ka marr\u00eb supervizimin e tunelit t\u00eb Llogaras\u00eb ka paguar hotelet e kryeministrit Edi Rama, zv\/kryeministres Belinda Balluku dhe ministres s\u00eb Ekonomis\u00eb Delina Ibrahimaj. Arben Ahmetaj:\u00a0Ah, nj\u00eb gj\u00eb shum\u00eb interesante p\u00ebr tunelin e vog\u00ebl. \u00cbsht\u00eb n\u00eb raport me 324 [&hellip;]<\/p>\n","protected":false},"author":9,"featured_media":96392,"comment_status":"open","ping_status":"open","sticky":false,"template":"","format":"standard","meta":{"jetpack_post_was_ever_published":false,"_jetpack_newsletter_access":"","_jetpack_dont_email_post_to_subs":false,"_jetpack_newsletter_tier_id":0,"_jetpack_memberships_contains_paywalled_content":false,"_jetpack_memberships_contains_paid_content":false,"footnotes":"","jetpack_publicize_message":"","jetpack_publicize_feature_enabled":true,"jetpack_social_post_already_shared":true,"jetpack_social_options":{"image_generator_settings":{"template":"highway","default_image_id":0,"font":"","enabled":false},"version":2}},"categories":[27,1,2],"tags":[],"class_list":["post-96391","post","type-post","status-publish","format-standard","has-post-thumbnail","hentry","category-blogu-i-udhetarit","category-njoftime-shtypi","category-politika"],"jetpack_publicize_connections":[],"jetpack_featured_media_url":"https:\/\/i0.wp.com\/www.shqiperia.com\/blog\/wp-content\/uploads\/2026\/01\/hq720.jpg?fit=686%2C386&ssl=1","jetpack_sharing_enabled":true,"jetpack_shortlink":"https:\/\/wp.me\/p5Z6wp-p4H","jetpack-related-posts":[{"id":105291,"url":"https:\/\/www.shqiperia.com\/blog\/ra-koordinatori-jo-skema-ergys-agasi-ne-pranga\/","url_meta":{"origin":96391,"position":0},"title":"\u201cRa koordinatori, jo skema\u201d. Ergys Agasi n\u00eb pranga.","author":"Kurt Farka","date":"August 27, 2026","format":false,"excerpt":"27 Gusht 2027 Ergys Agasi u arrestua nj\u00eb dit\u00eb m\u00eb par\u00eb gjat\u00eb pas nj\u00eb operacioni t\u00eb zhvilluar nga policia. N\u00ebp\u00ebrmjet nj\u00eb reagimi n\u00eb facebook, Belind K\u00eblli\u00e7i shprehet se Agasi kishte fituar pushtet pasi Rama i kishte besuar detyr\u00ebn e koordinatorit p\u00ebr bandat. Nd\u00ebrsa theksoi se me arrestimin e Ergys Agasit\u2026","rel":"","context":"In &quot;Blogu i Udh\u00ebtarit&quot;","block_context":{"text":"Blogu i Udh\u00ebtarit","link":"https:\/\/www.shqiperia.com\/blog\/category\/blogu-i-udhetarit\/"},"img":{"alt_text":"","src":"https:\/\/i0.wp.com\/www.shqiperia.com\/blog\/wp-content\/uploads\/2026\/08\/edi-rama-ergys-agasi.jpg?fit=632%2C316&ssl=1&resize=350%2C200","width":350,"height":200,"srcset":"https:\/\/i0.wp.com\/www.shqiperia.com\/blog\/wp-content\/uploads\/2026\/08\/edi-rama-ergys-agasi.jpg?fit=632%2C316&ssl=1&resize=350%2C200 1x, https:\/\/i0.wp.com\/www.shqiperia.com\/blog\/wp-content\/uploads\/2026\/08\/edi-rama-ergys-agasi.jpg?fit=632%2C316&ssl=1&resize=525%2C300 1.5x"},"classes":[]},{"id":101435,"url":"https:\/\/www.shqiperia.com\/blog\/masoni-i-pasuruar-nga-fatos-nano-pellumbi-dade-malaj-ahmetaj-dhe-ben-blushi-si-e-shohin-transformimin-e-figures-se-edi-rames-ata-qe-politika-i-ndau\/","url_meta":{"origin":96391,"position":1},"title":"\u201cMasoni i pasuruar\u201d\/ Nga Fatos Nano, P\u00ebllumbi, Dade, Malaj, Ahmetaj dhe Ben Blushi. &#8211; Si e shohin \u2018transformimin\u2019 e figur\u00ebs s\u00eb Edi Ram\u00ebs ata q\u00eb politika i ndau","author":"Kurt Farka","date":"June 13, 2026","format":false,"excerpt":"Teksa vendi \u00ebsht\u00eb p\u00ebrfshir\u00eb nga protesta masive, ku k\u00ebrkohet dor\u00ebheqja e kryeministrit Edi Rama, m\u00eb posht\u00eb sjellim nj\u00eb d\u00ebshmi te asaj se \u00e7far\u00eb mendojn\u00eb ish-bashk\u00ebpun\u00ebtor\u00eb t\u00eb tij me t\u00eb cil\u00ebt ka ndar\u00eb dhe rrug\u00eb t\u00eb p\u00ebrbashk\u00ebta n\u00eb politik\u00eb. Lideri historik i PS-s\u00eb, i ndjeri Fatos Nano e ka cil\u00ebsuar Ram\u00ebn\u2026","rel":"","context":"In &quot;Blogu i Udh\u00ebtarit&quot;","block_context":{"text":"Blogu i Udh\u00ebtarit","link":"https:\/\/www.shqiperia.com\/blog\/category\/blogu-i-udhetarit\/"},"img":{"alt_text":"","src":"https:\/\/i0.wp.com\/www.shqiperia.com\/blog\/wp-content\/uploads\/2026\/06\/rama-protesta-770x432-1.jpg?fit=770%2C432&ssl=1&resize=350%2C200","width":350,"height":200,"srcset":"https:\/\/i0.wp.com\/www.shqiperia.com\/blog\/wp-content\/uploads\/2026\/06\/rama-protesta-770x432-1.jpg?fit=770%2C432&ssl=1&resize=350%2C200 1x, https:\/\/i0.wp.com\/www.shqiperia.com\/blog\/wp-content\/uploads\/2026\/06\/rama-protesta-770x432-1.jpg?fit=770%2C432&ssl=1&resize=525%2C300 1.5x, https:\/\/i0.wp.com\/www.shqiperia.com\/blog\/wp-content\/uploads\/2026\/06\/rama-protesta-770x432-1.jpg?fit=770%2C432&ssl=1&resize=700%2C400 2x"},"classes":[]},{"id":102663,"url":"https:\/\/www.shqiperia.com\/blog\/pas-flakes-do-ngrihen-hotele-dhe-vila-dyshime-se-zjarri-ne-kodren-e-gjirit-te-llamanit-ishte-i-qellimshem\/","url_meta":{"origin":96391,"position":2},"title":"Pas flak\u00ebs do ngrihen hotele dhe vila? Dyshime se zjarri n\u00eb kodr\u00ebn e Gjirit t\u00eb Llamanit ishte i q\u00ebllimsh\u00ebm","author":"Kurt Farka","date":"July 14, 2026","format":false,"excerpt":"14 Korrik 2026 Nj\u00eb zjarr i p\u00ebrmasave t\u00eb m\u00ebdha u regjistrua pasditen e 13 korrikut n\u00eb nj\u00eb nga gjiret m\u00eb t\u00eb bukura t\u00eb Detit Jon, n\u00eb zon\u00ebn e Himar\u00ebs. Flak\u00ebt shkrumbuan kodr\u00ebn nga ana veriore e Llamanit, teksa e gjith\u00eb zona \u00ebsht\u00eb me pem\u00eb t\u00eb vogla dhe shkurre. Mediat raportuan\u2026","rel":"","context":"In &quot;Blogu i Udh\u00ebtarit&quot;","block_context":{"text":"Blogu i Udh\u00ebtarit","link":"https:\/\/www.shqiperia.com\/blog\/category\/blogu-i-udhetarit\/"},"img":{"alt_text":"","src":"https:\/\/i0.wp.com\/www.shqiperia.com\/blog\/wp-content\/uploads\/2026\/07\/640-0-d2-1783972641.jpeg?fit=640%2C340&ssl=1&resize=350%2C200","width":350,"height":200,"srcset":"https:\/\/i0.wp.com\/www.shqiperia.com\/blog\/wp-content\/uploads\/2026\/07\/640-0-d2-1783972641.jpeg?fit=640%2C340&ssl=1&resize=350%2C200 1x, https:\/\/i0.wp.com\/www.shqiperia.com\/blog\/wp-content\/uploads\/2026\/07\/640-0-d2-1783972641.jpeg?fit=640%2C340&ssl=1&resize=525%2C300 1.5x"},"classes":[]},{"id":100750,"url":"https:\/\/www.shqiperia.com\/blog\/mesazhet-e-be-fikin-shpresat-per-anetaresimin-e-shqiperise-pa-largimin-e-elites-politike-dyert-e-integrimit-do\/","url_meta":{"origin":96391,"position":3},"title":"Mesazhet e BE fikin shpresat p\u00ebr an\u00ebtar\u00ebsimin e Shqip\u00ebris\u00eb, pa largimin e elit\u00ebs politike dyert e integrimit do\u2026","author":"Kurt Farka","date":"May 30, 2026","format":false,"excerpt":"30 Maji 2026 Nga: Gazeta Sot Rruga e Shqip\u00ebris\u00eb drejt Bashkimit Europian ka hyr\u00eb n\u00eb nj\u00eb faz\u00eb p\u00ebrcaktuese, ku mesazhet q\u00eb vijn\u00eb nga Brukseli nuk jan\u00eb m\u00eb thjesht kritika, por d\u00ebshmi e faktit se dyert e integrimit do t\u00eb q\u00ebndrojn\u00eb t\u00eb mbyllura p\u00ebr aq koh\u00eb sa vendi mbetet n\u00ebn kontrollin\u2026","rel":"","context":"In &quot;Blogu i Udh\u00ebtarit&quot;","block_context":{"text":"Blogu i Udh\u00ebtarit","link":"https:\/\/www.shqiperia.com\/blog\/category\/blogu-i-udhetarit\/"},"img":{"alt_text":"","src":"https:\/\/i0.wp.com\/www.shqiperia.com\/blog\/wp-content\/uploads\/2026\/05\/IMG_9705-1011x570-1.jpeg?fit=1011%2C570&ssl=1&resize=350%2C200","width":350,"height":200,"srcset":"https:\/\/i0.wp.com\/www.shqiperia.com\/blog\/wp-content\/uploads\/2026\/05\/IMG_9705-1011x570-1.jpeg?fit=1011%2C570&ssl=1&resize=350%2C200 1x, https:\/\/i0.wp.com\/www.shqiperia.com\/blog\/wp-content\/uploads\/2026\/05\/IMG_9705-1011x570-1.jpeg?fit=1011%2C570&ssl=1&resize=525%2C300 1.5x, https:\/\/i0.wp.com\/www.shqiperia.com\/blog\/wp-content\/uploads\/2026\/05\/IMG_9705-1011x570-1.jpeg?fit=1011%2C570&ssl=1&resize=700%2C400 2x"},"classes":[]},{"id":102363,"url":"https:\/\/www.shqiperia.com\/blog\/kulisat-maduro-i-venezueles-dhe-edi-rama-te-vetmit-lidere-shtetesh-qe-shpallen-krere-te-karteleve-te-droges\/","url_meta":{"origin":96391,"position":4},"title":"Kulisat, Maduro i Venezuel\u00ebs dhe Edi Rama t\u00eb vetmit lider\u00eb shtetesh q\u00eb shpallen krer\u00eb t\u00eb karteleve t\u00eb drog\u00ebs\u2026","author":"Kurt Farka","date":"July 8, 2026","format":false,"excerpt":"8 Korrik 2026 Nj\u00eb t\u00ebrmet i paprecedent\u00eb politik po dridh themelet e Tiran\u00ebs pas nj\u00eb l\u00ebvizjeje shokuese dhe \u201cbombastike\u201d t\u00eb nd\u00ebrmarr\u00eb direkt nga Uashingtoni zyrtar. Kongresmeni republikan, Joe Wilson, ka depozituar me urgjenc\u00eb ekstreme nj\u00eb amendament t\u00eb rrept\u00eb q\u00eb ka kaluar menj\u00ebher\u00eb n\u00eb Komisionet e Rregullores dhe Ligjeve n\u00eb Kongresin\u2026","rel":"","context":"In &quot;Blogu i Udh\u00ebtarit&quot;","block_context":{"text":"Blogu i Udh\u00ebtarit","link":"https:\/\/www.shqiperia.com\/blog\/category\/blogu-i-udhetarit\/"},"img":{"alt_text":"","src":"https:\/\/i0.wp.com\/www.shqiperia.com\/blog\/wp-content\/uploads\/2026\/07\/foto-7-3-1024x570-1.jpg?fit=1024%2C570&ssl=1&resize=350%2C200","width":350,"height":200,"srcset":"https:\/\/i0.wp.com\/www.shqiperia.com\/blog\/wp-content\/uploads\/2026\/07\/foto-7-3-1024x570-1.jpg?fit=1024%2C570&ssl=1&resize=350%2C200 1x, https:\/\/i0.wp.com\/www.shqiperia.com\/blog\/wp-content\/uploads\/2026\/07\/foto-7-3-1024x570-1.jpg?fit=1024%2C570&ssl=1&resize=525%2C300 1.5x, https:\/\/i0.wp.com\/www.shqiperia.com\/blog\/wp-content\/uploads\/2026\/07\/foto-7-3-1024x570-1.jpg?fit=1024%2C570&ssl=1&resize=700%2C400 2x"},"classes":[]},{"id":103909,"url":"https:\/\/www.shqiperia.com\/blog\/500-milion-euro-gjoba-e-ciftit-rama-balluku-per-shqiptaret-pas-200-milioneve-te-becchettit-gati-fatura-tjeter-e\/","url_meta":{"origin":96391,"position":5},"title":"500 milion euro gjoba e \u00e7iftit Rama-Balluku p\u00ebr shqiptar\u00ebt, pas 200 milion\u00ebve t\u00eb Becchettit gati fatura tjet\u00ebr e\u2026","author":"Kurt Farka","date":"August 6, 2026","format":false,"excerpt":"6 Gusht 2026 Taksapaguesit shqiptar\u00eb mund t\u00eb p\u00ebrballen me nj\u00eb tjet\u00ebr fatur\u00eb t\u00eb kripur nga gjykatat nd\u00ebrkomb\u00ebtare. Sinjalet e dh\u00ebna dit\u00ebn e djeshme nga biznesmeni Behgjet Pacolli se kompania e tij MABCO Constructions SA po p\u00ebrgatitet t\u2019i drejtohet arbitrazhit n\u00ebse qeveria anulon kontrat\u00ebn p\u00ebr Aeroportin e Vlor\u00ebs, kan\u00eb rikthyer n\u00eb\u2026","rel":"","context":"In &quot;Blogu i Udh\u00ebtarit&quot;","block_context":{"text":"Blogu i Udh\u00ebtarit","link":"https:\/\/www.shqiperia.com\/blog\/category\/blogu-i-udhetarit\/"},"img":{"alt_text":"","src":"https:\/\/i0.wp.com\/www.shqiperia.com\/blog\/wp-content\/uploads\/2026\/08\/foto-9-2-1024x512-1.jpg?fit=1024%2C512&ssl=1&resize=350%2C200","width":350,"height":200,"srcset":"https:\/\/i0.wp.com\/www.shqiperia.com\/blog\/wp-content\/uploads\/2026\/08\/foto-9-2-1024x512-1.jpg?fit=1024%2C512&ssl=1&resize=350%2C200 1x, https:\/\/i0.wp.com\/www.shqiperia.com\/blog\/wp-content\/uploads\/2026\/08\/foto-9-2-1024x512-1.jpg?fit=1024%2C512&ssl=1&resize=525%2C300 1.5x, https:\/\/i0.wp.com\/www.shqiperia.com\/blog\/wp-content\/uploads\/2026\/08\/foto-9-2-1024x512-1.jpg?fit=1024%2C512&ssl=1&resize=700%2C400 2x"},"classes":[]}],"_links":{"self":[{"href":"https:\/\/www.shqiperia.com\/blog\/wp-json\/wp\/v2\/posts\/96391","targetHints":{"allow":["GET"]}}],"collection":[{"href":"https:\/\/www.shqiperia.com\/blog\/wp-json\/wp\/v2\/posts"}],"about":[{"href":"https:\/\/www.shqiperia.com\/blog\/wp-json\/wp\/v2\/types\/post"}],"author":[{"embeddable":true,"href":"https:\/\/www.shqiperia.com\/blog\/wp-json\/wp\/v2\/users\/9"}],"replies":[{"embeddable":true,"href":"https:\/\/www.shqiperia.com\/blog\/wp-json\/wp\/v2\/comments?post=96391"}],"version-history":[{"count":1,"href":"https:\/\/www.shqiperia.com\/blog\/wp-json\/wp\/v2\/posts\/96391\/revisions"}],"predecessor-version":[{"id":96393,"href":"https:\/\/www.shqiperia.com\/blog\/wp-json\/wp\/v2\/posts\/96391\/revisions\/96393"}],"wp:featuredmedia":[{"embeddable":true,"href":"https:\/\/www.shqiperia.com\/blog\/wp-json\/wp\/v2\/media\/96392"}],"wp:attachment":[{"href":"https:\/\/www.shqiperia.com\/blog\/wp-json\/wp\/v2\/media?parent=96391"}],"wp:term":[{"taxonomy":"category","embeddable":true,"href":"https:\/\/www.shqiperia.com\/blog\/wp-json\/wp\/v2\/categories?post=96391"},{"taxonomy":"post_tag","embeddable":true,"href":"https:\/\/www.shqiperia.com\/blog\/wp-json\/wp\/v2\/tags?post=96391"}],"curies":[{"name":"wp","href":"https:\/\/api.w.org\/{rel}","templated":true}]}}