{"id":96363,"date":"2026-01-08T04:42:53","date_gmt":"2026-01-08T04:42:53","guid":{"rendered":"https:\/\/www.shqiperia.com\/blog\/?p=96363"},"modified":"2026-01-08T04:42:53","modified_gmt":"2026-01-08T04:42:53","slug":"afresku-i-jezu-krishtit-ne-turqi-deshmon-artin-e-krishterimit-te-hershem","status":"publish","type":"post","link":"https:\/\/www.shqiperia.com\/blog\/afresku-i-jezu-krishtit-ne-turqi-deshmon-artin-e-krishterimit-te-hershem\/","title":{"rendered":"Afresku i Jezu Krishtit n\u00eb Turqi d\u00ebshmon artin e krishterimit t\u00eb hersh\u00ebm"},"content":{"rendered":"<h5><img data-recalc-dims=\"1\" loading=\"lazy\" decoding=\"async\" data-attachment-id=\"96364\" data-permalink=\"https:\/\/www.shqiperia.com\/blog\/afresku-i-jezu-krishtit-ne-turqi-deshmon-artin-e-krishterimit-te-hershem\/d36ac1de-69a2-42fb-a569-c4a0901d2c5a\/\" data-orig-file=\"https:\/\/i0.wp.com\/www.shqiperia.com\/blog\/wp-content\/uploads\/2026\/01\/d36ac1de-69a2-42fb-a569-c4a0901d2c5a.webp?fit=1100%2C730&amp;ssl=1\" data-orig-size=\"1100,730\" data-comments-opened=\"1\" data-image-meta=\"{&quot;aperture&quot;:&quot;0&quot;,&quot;credit&quot;:&quot;&quot;,&quot;camera&quot;:&quot;&quot;,&quot;caption&quot;:&quot;&quot;,&quot;created_timestamp&quot;:&quot;0&quot;,&quot;copyright&quot;:&quot;&quot;,&quot;focal_length&quot;:&quot;0&quot;,&quot;iso&quot;:&quot;0&quot;,&quot;shutter_speed&quot;:&quot;0&quot;,&quot;title&quot;:&quot;&quot;,&quot;orientation&quot;:&quot;0&quot;}\" data-image-title=\"d36ac1de-69a2-42fb-a569-c4a0901d2c5a\" data-image-description=\"\" data-image-caption=\"\" data-medium-file=\"https:\/\/i0.wp.com\/www.shqiperia.com\/blog\/wp-content\/uploads\/2026\/01\/d36ac1de-69a2-42fb-a569-c4a0901d2c5a.webp?fit=300%2C199&amp;ssl=1\" data-large-file=\"https:\/\/i0.wp.com\/www.shqiperia.com\/blog\/wp-content\/uploads\/2026\/01\/d36ac1de-69a2-42fb-a569-c4a0901d2c5a.webp?fit=1024%2C680&amp;ssl=1\" class=\"alignnone  wp-image-96364\" alt=\"\" src=\"https:\/\/i0.wp.com\/www.shqiperia.com\/blog\/wp-content\/uploads\/2026\/01\/d36ac1de-69a2-42fb-a569-c4a0901d2c5a.webp?resize=602%2C399&#038;ssl=1\" width=\"602\" height=\"399\" srcset=\"https:\/\/i0.wp.com\/www.shqiperia.com\/blog\/wp-content\/uploads\/2026\/01\/d36ac1de-69a2-42fb-a569-c4a0901d2c5a.webp?resize=300%2C199&amp;ssl=1 300w, https:\/\/i0.wp.com\/www.shqiperia.com\/blog\/wp-content\/uploads\/2026\/01\/d36ac1de-69a2-42fb-a569-c4a0901d2c5a.webp?resize=1024%2C680&amp;ssl=1 1024w, https:\/\/i0.wp.com\/www.shqiperia.com\/blog\/wp-content\/uploads\/2026\/01\/d36ac1de-69a2-42fb-a569-c4a0901d2c5a.webp?resize=768%2C510&amp;ssl=1 768w, https:\/\/i0.wp.com\/www.shqiperia.com\/blog\/wp-content\/uploads\/2026\/01\/d36ac1de-69a2-42fb-a569-c4a0901d2c5a.webp?resize=450%2C299&amp;ssl=1 450w, https:\/\/i0.wp.com\/www.shqiperia.com\/blog\/wp-content\/uploads\/2026\/01\/d36ac1de-69a2-42fb-a569-c4a0901d2c5a.webp?resize=600%2C398&amp;ssl=1 600w, https:\/\/i0.wp.com\/www.shqiperia.com\/blog\/wp-content\/uploads\/2026\/01\/d36ac1de-69a2-42fb-a569-c4a0901d2c5a.webp?resize=400%2C265&amp;ssl=1 400w, https:\/\/i0.wp.com\/www.shqiperia.com\/blog\/wp-content\/uploads\/2026\/01\/d36ac1de-69a2-42fb-a569-c4a0901d2c5a.webp?w=1100&amp;ssl=1 1100w\" sizes=\"auto, (max-width: 602px) 100vw, 602px\" \/><\/h5>\n<p>8 Janar 2026<\/p>\n<h5>N\u00eb afresk Jezusi paraqitet si i ri, me fytyr\u00eb t\u00eb past\u00ebr pa mjek\u00ebr, i veshur me tunik\u00eb dhe me nj\u00eb kec mbi supe. Kjo paraqitje pasqyron qart\u00eb gjuh\u00ebn vizuale t\u00eb artit romak dhe p\u00ebrfaq\u00ebson nj\u00eb nga shembujt e rrall\u00eb n\u00eb Anadolli, ku Krishti paraqitet me atribute estetike duksh\u00ebm romake. Motivi i Bariut t\u00eb Mir\u00eb ishte nj\u00eb nga simbolet kryesore t\u00eb krishterimit t\u00eb hersh\u00ebm, ve\u00e7mas para se kryqi t\u00eb b\u00ebhej shenja dominuese e krishter\u00eb<\/h5>\n<p>Arkeolog\u00ebt turq kan\u00eb zbuluar nj\u00eb afresk jasht\u00ebzakonisht t\u00eb rrall\u00eb t\u00eb krishterimit t\u00eb hersh\u00ebm, i cili paraqet Jezu Krishtin si Bariun e Mir\u00eb, t\u00eb stilizuar me tipare t\u00eb theksuara romake.<br \/>\nB\u00ebhet fjal\u00eb p\u00ebr nj\u00eb nga zbulimet m\u00eb t\u00eb r\u00ebnd\u00ebsishme t\u00eb artit t\u00eb hersh\u00ebm t\u00eb krishter\u00eb n\u00eb Anadoll dhe motivin ikonografik m\u00eb t\u00eb hersh\u00ebm t\u00eb periudh\u00ebs s\u00eb krishterimit jasht\u00eb territorit t\u00eb Italis\u00eb.<br \/>\nAfresku u zbulua n\u00eb nj\u00eb varr n\u00ebntok\u00ebsor n\u00eb fshatin Hisardere, pran\u00eb Iznikut t\u00eb sot\u00ebm n\u00eb Turqin\u00eb veriper\u00ebndimore, Nikea antike \u2013 vendi ku n\u00eb vitin 325 u miratua Simboli i Besimit i Nikeas. Varri datohet n\u00eb shekullin III t\u00eb er\u00ebs son\u00eb, n\u00eb nj\u00eb periudh\u00eb kur t\u00eb krishter\u00ebt ende p\u00ebrndiqeshin brenda Perandoris\u00eb Romake. P\u00ebr k\u00ebt\u00eb zbulim t\u00eb ver\u00ebs s\u00eb vitit t\u00eb kaluar tashm\u00eb kan\u00eb dal\u00eb rezultatet e radh\u00ebs q\u00eb i japin pesh\u00eb shtes\u00eb simbolike.<\/p>\n<p><strong>Jezusi me tipare romake<\/strong><\/p>\n<p>N\u00eb afresk Jezusi paraqitet si i ri, me fytyr\u00eb t\u00eb past\u00ebr pa mjek\u00ebr, i veshur me tunik\u00eb dhe me nj\u00eb kec mbi supe. Kjo paraqitje pasqyron qart\u00eb gjuh\u00ebn vizuale t\u00eb artit romak dhe p\u00ebrfaq\u00ebson nj\u00eb nga shembujt e rrall\u00eb n\u00eb Anadolli ku Krishti paraqitet me atribute estetike duksh\u00ebm romake.<br \/>\nMotivi i Bariut t\u00eb Mir\u00eb ishte nj\u00eb nga simbolet kryesore t\u00eb krishterimit t\u00eb hersh\u00ebm, ve\u00e7mas para se kryqi t\u00eb b\u00ebhej shenja dominuese e krishter\u00eb. Simbolizonte mbrojtjen, shp\u00ebtimin dhe udh\u00ebheqjen hyjnore dhe shfaqej shpesh n\u00eb kontekst funeral. Megjithat\u00eb, n\u00eb Anadolli deri m\u00eb sot jan\u00eb identifikuar vet\u00ebm disa paraqitje t\u00eb tilla, nd\u00ebrsa afresku nga Hisardere dallohet p\u00ebr ruajtjen dhe kompleksitetin e kompozimit.<\/p>\n<p><strong>Varri n\u00eb t\u00eb cilin paraqitet Jezusi i ri<\/strong><\/p>\n<p>Varri i p\u00ebrket nekropolit t\u00eb Hisarderes, nj\u00eb nga m\u00eb t\u00eb m\u00ebdhenjt\u00eb n\u00eb rajon, i cili ishte n\u00eb p\u00ebrdorim prej shekullit II deri n\u00eb shekullin V. B\u00ebhet fjal\u00eb p\u00ebr nj\u00eb dhom\u00eb varrimi n\u00ebntok\u00ebsore e g\u00ebrmuar n\u00eb tok\u00eb. Edhe pse muri jugor \u00ebsht\u00eb shkat\u00ebrruar, muret e tjera dhe qemeri me form\u00eb fu\u00e7ie kan\u00eb mbetur pothuajse t\u00eb paprekura dhe krejt\u00ebsisht t\u00eb pikturuara.<br \/>\nP\u00ebrve\u00e7 afreskut qendror t\u00eb Bariut t\u00eb Mir\u00eb, muret dhe tavani jan\u00eb zbukuruar me motive florale dhe t\u00eb faun\u00ebs, ornamente spirale dhe vija t\u00eb kuqe. Jan\u00eb t\u00eb pranishme edhe portrete burrash dhe grash me status m\u00eb t\u00eb lart\u00eb shoq\u00ebror, pran\u00eb t\u00eb cil\u00ebve paraqiten edhe skllev\u00ebr, gj\u00eb q\u00eb tregon p\u00ebr struktur\u00ebn e nd\u00ebrlikuar shoq\u00ebrore t\u00eb komunitetit t\u00eb cilit i p\u00ebrkisnin t\u00eb ndjer\u00ebt.<br \/>\nSkena qendrore ndodhet n\u00eb murin verior, mbi shtratin mortor prej pllakash terrakote. Sip\u00ebrfaqja gjysm\u00ebrrethore e qemerit mbi shtrat e thekson m\u00eb tej figur\u00ebn e Jezusit t\u00eb ri, nd\u00ebrsa n\u00eb t\u00eb dyja an\u00ebt paraqiten kafsh\u00eb n\u00eb gjelb\u00ebrim, duke n\u00ebnvizuar karakterin pastoral t\u00eb kompozimit.<\/p>\n<p><strong>Mbetjet skeletore n\u00eb varrin e hersh\u00ebm<\/strong><\/p>\n<p>Gjat\u00eb g\u00ebrmimeve u gjet\u00ebn mbetje skeletore t\u00eb pes\u00eb personave. Analiza antropologjike tregoi se tre individ\u00eb u identifikuan si dy t\u00eb rritur t\u00eb rinj dhe nj\u00eb foshnj\u00eb rreth gjasht\u00ebmuajshe, nd\u00ebrsa p\u00ebr skeletet e tjera, p\u00ebr shkak t\u00eb gjendjes s\u00eb dob\u00ebt t\u00eb ruajtjes, nuk ishte e mundur t\u00eb p\u00ebrcaktohej me siguri mosha.<br \/>\nArkeologia kryesore e projektit, G\u00fcl\u015fen Kutbay, ka theksuar se afresku mund t\u00eb p\u00ebrfaq\u00ebsoj\u00eb \u201cnj\u00eb shembull unik t\u00eb k\u00ebtij lloji n\u00eb rajon\u201d, nd\u00ebrsa arkeologu Eren Erten Ertem nga Muzeu i Iznikut n\u00eb Bursa vler\u00ebson se pikturimi i varrit pasqyron qart\u00eb \u201ckalimin nga paganizmi i von\u00eb n\u00eb krishterimin e hersh\u00ebm, me theks n\u00eb p\u00ebrcjelljen pozitive t\u00eb t\u00eb ndjer\u00ebve drejt jet\u00ebs s\u00eb p\u00ebrtejme\u201d.<\/p>\n<p><strong>R\u00ebnd\u00ebsia e zbulimit<\/strong><\/p>\n<p>Ky zbulim p\u00ebrfaq\u00ebson shembullin m\u00eb t\u00eb hersh\u00ebm t\u00eb njohur t\u00eb ikonografis\u00eb s\u00eb Bariut t\u00eb Mir\u00eb jasht\u00eb Italis\u00eb dhe d\u00ebshmin\u00eb e par\u00eb t\u00eb artit figurativ t\u00eb krishter\u00eb n\u00eb nekropolin e Hisarderes. R\u00ebnd\u00ebsia e tij shkon p\u00ebrtej korniz\u00ebs lokale dhe kontribuon n\u00eb kuptimin e p\u00ebrhapjes s\u00eb krishterimit, si edhe t\u00eb procesit t\u00eb p\u00ebrshtatjes t\u00eb ikonografis\u00eb s\u00eb krishter\u00eb me trash\u00ebgimin\u00eb vizuale romake n\u00eb Anadoll.<br \/>\nAnadolli ka pasur nj\u00eb rol themeltar n\u00eb historin\u00eb e hershme t\u00eb krishterimit \u2013 Sh\u00ebn Pali lindi n\u00eb Tars, Sh\u00ebn Gjoni kaloi vitet e fundit n\u00eb Efes dhe, sipas tradit\u00ebs, Zonja e Bekuar i kaloi dit\u00ebt e fundit pran\u00eb po k\u00ebtij qyteti. Afresku nga Hisardere tani i bashkohet k\u00ebtij peizazhi t\u00eb pasur shpirt\u00ebror dhe arkeologjik si nj\u00eb d\u00ebshmi e jasht\u00ebzakonshme e besimit dhe artit t\u00eb hersh\u00ebm t\u00eb krishter\u00eb.<\/p>\n","protected":false},"excerpt":{"rendered":"<p>8 Janar 2026 N\u00eb afresk Jezusi paraqitet si i ri, me fytyr\u00eb t\u00eb past\u00ebr pa mjek\u00ebr, i veshur me tunik\u00eb dhe me nj\u00eb kec mbi supe. Kjo paraqitje pasqyron qart\u00eb gjuh\u00ebn vizuale t\u00eb artit romak dhe p\u00ebrfaq\u00ebson nj\u00eb nga shembujt e rrall\u00eb n\u00eb Anadolli, ku Krishti paraqitet me atribute estetike duksh\u00ebm romake. Motivi i Bariut [&hellip;]<\/p>\n","protected":false},"author":9,"featured_media":96364,"comment_status":"open","ping_status":"open","sticky":false,"template":"","format":"standard","meta":{"jetpack_post_was_ever_published":false,"_jetpack_newsletter_access":"","_jetpack_dont_email_post_to_subs":false,"_jetpack_newsletter_tier_id":0,"_jetpack_memberships_contains_paywalled_content":false,"_jetpack_memberships_contains_paid_content":false,"footnotes":"","jetpack_publicize_message":"","jetpack_publicize_feature_enabled":true,"jetpack_social_post_already_shared":true,"jetpack_social_options":{"image_generator_settings":{"template":"highway","default_image_id":0,"font":"","enabled":false},"version":2}},"categories":[87,85,10,86],"tags":[],"class_list":["post-96363","post","type-post","status-publish","format-standard","has-post-thumbnail","hentry","category-arte","category-histori","category-kultura","category-trashegimi-kulturore"],"jetpack_publicize_connections":[],"jetpack_featured_media_url":"https:\/\/i0.wp.com\/www.shqiperia.com\/blog\/wp-content\/uploads\/2026\/01\/d36ac1de-69a2-42fb-a569-c4a0901d2c5a.webp?fit=1100%2C730&ssl=1","jetpack_sharing_enabled":true,"jetpack_shortlink":"https:\/\/wp.me\/p5Z6wp-p4f","jetpack-related-posts":[{"id":105436,"url":"https:\/\/www.shqiperia.com\/blog\/pse-te-krishteret-e-kane-te-dielen-diten-e-adhurimit\/","url_meta":{"origin":96363,"position":0},"title":"Pse t\u00eb krishter\u00ebt e kan\u00eb t\u00eb diel\u00ebn dit\u00ebn e adhurimit?","author":"Kurt Farka","date":"August 29, 2026","format":false,"excerpt":"29 Gusht 2026 P\u00ebr shumic\u00ebn e t\u00eb krishter\u00ebve n\u00eb mbar\u00eb bot\u00ebn, e diela \u00ebsht\u00eb dita e adhurimit dhe e sh\u00ebrbesave fetare. Por nuk ka qen\u00eb gjithmon\u00eb k\u00ebshtu. Ja \u00e7far\u00eb tregojn\u00eb burimet historike dhe fetare p\u00ebr r\u00ebnd\u00ebsin\u00eb e s\u00eb diel\u00ebs n\u00eb adhurimin e krishter\u00eb. A kan\u00eb adhuruar gjithmon\u00eb t\u00eb krishter\u00ebt t\u00eb\u2026","rel":"","context":"In &quot;Blogu i Udh\u00ebtarit&quot;","block_context":{"text":"Blogu i Udh\u00ebtarit","link":"https:\/\/www.shqiperia.com\/blog\/category\/blogu-i-udhetarit\/"},"img":{"alt_text":"","src":"https:\/\/i0.wp.com\/www.shqiperia.com\/blog\/wp-content\/uploads\/2026\/08\/R-2.jpg?fit=850%2C638&ssl=1&resize=350%2C200","width":350,"height":200,"srcset":"https:\/\/i0.wp.com\/www.shqiperia.com\/blog\/wp-content\/uploads\/2026\/08\/R-2.jpg?fit=850%2C638&ssl=1&resize=350%2C200 1x, https:\/\/i0.wp.com\/www.shqiperia.com\/blog\/wp-content\/uploads\/2026\/08\/R-2.jpg?fit=850%2C638&ssl=1&resize=525%2C300 1.5x, https:\/\/i0.wp.com\/www.shqiperia.com\/blog\/wp-content\/uploads\/2026\/08\/R-2.jpg?fit=850%2C638&ssl=1&resize=700%2C400 2x"},"classes":[]},{"id":103210,"url":"https:\/\/www.shqiperia.com\/blog\/elbasani-ne-shekullin-xx-ne-ekspozite\/","url_meta":{"origin":96363,"position":1},"title":"\u201cElbasani n\u00eb shekullin XX\u201d n\u00eb ekspozit\u00eb","author":"Kurt Farka","date":"July 25, 2026","format":false,"excerpt":"25 Korrik 2026 N\u00eb nj\u00eb prej godinave m\u00eb p\u00ebrfaq\u00ebsuese t\u00eb trash\u00ebgimis\u00eb kulturore t\u00eb Elbasanit, oborrin e Muzeut Etnografik, \u00ebsht\u00eb hapur ekspozita \u201cElbasani n\u00eb Shekullin XX\u201d. P\u00ebrmes fotografive, veshjeve tradicionale dhe objekteve muzeale, ekspozita ofron nj\u00eb udh\u00ebtim n\u00eb historin\u00eb, traditat dhe jet\u00ebn e p\u00ebrditshme t\u00eb qytetit gjat\u00eb shekullit t\u00eb kaluar. Nj\u00eb\u2026","rel":"","context":"In &quot;Blogu i Udh\u00ebtarit&quot;","block_context":{"text":"Blogu i Udh\u00ebtarit","link":"https:\/\/www.shqiperia.com\/blog\/category\/blogu-i-udhetarit\/"},"img":{"alt_text":"","src":"https:\/\/i0.wp.com\/www.shqiperia.com\/blog\/wp-content\/uploads\/2026\/07\/elbasani-1024x509-1.webp?fit=1024%2C509&ssl=1&resize=350%2C200","width":350,"height":200,"srcset":"https:\/\/i0.wp.com\/www.shqiperia.com\/blog\/wp-content\/uploads\/2026\/07\/elbasani-1024x509-1.webp?fit=1024%2C509&ssl=1&resize=350%2C200 1x, https:\/\/i0.wp.com\/www.shqiperia.com\/blog\/wp-content\/uploads\/2026\/07\/elbasani-1024x509-1.webp?fit=1024%2C509&ssl=1&resize=525%2C300 1.5x, https:\/\/i0.wp.com\/www.shqiperia.com\/blog\/wp-content\/uploads\/2026\/07\/elbasani-1024x509-1.webp?fit=1024%2C509&ssl=1&resize=700%2C400 2x"},"classes":[]},{"id":100123,"url":"https:\/\/www.shqiperia.com\/blog\/fundi-i-nje-perandorie-roma-nuk-u-shkaterrua-nga-barbaret-thone-te-dhenat-nga-antropologjia-molekulare\/","url_meta":{"origin":96363,"position":2},"title":"Fundi i nj\u00eb Perandorie &#8211; Roma nuk u shkat\u00ebrrua nga barbar\u00ebt, thon\u00eb t\u00eb dh\u00ebnat nga antropologjia molekulare","author":"Kurt Farka","date":"May 11, 2026","format":false,"excerpt":"11 Maji 2026 Fundi i Perandoris\u00eb Romake t\u00eb Per\u00ebndimit u verifikua n\u00eb vitin 476 dhe gjithnj\u00eb \u00ebsht\u00eb lidhur me migrimet n\u00eb mas\u00eb t\u00eb popullsive t\u00eb evrop\u00ebs veriore. Pushtimet barbare dhe momenti i mb\u00ebrritjes s\u00eb klaneve sh\u00ebnoi fundin e dominimit romak duke ndryshuar asetet shoq\u00ebrore dhe demografike t\u00eb gjith\u00eb konintentit. Por\u2026","rel":"","context":"In &quot;Blogu i Udh\u00ebtarit&quot;","block_context":{"text":"Blogu i Udh\u00ebtarit","link":"https:\/\/www.shqiperia.com\/blog\/category\/blogu-i-udhetarit\/"},"img":{"alt_text":"","src":"https:\/\/i0.wp.com\/www.shqiperia.com\/blog\/wp-content\/uploads\/2026\/05\/perandoria-romake.jpg?fit=1024%2C684&ssl=1&resize=350%2C200","width":350,"height":200,"srcset":"https:\/\/i0.wp.com\/www.shqiperia.com\/blog\/wp-content\/uploads\/2026\/05\/perandoria-romake.jpg?fit=1024%2C684&ssl=1&resize=350%2C200 1x, https:\/\/i0.wp.com\/www.shqiperia.com\/blog\/wp-content\/uploads\/2026\/05\/perandoria-romake.jpg?fit=1024%2C684&ssl=1&resize=525%2C300 1.5x, https:\/\/i0.wp.com\/www.shqiperia.com\/blog\/wp-content\/uploads\/2026\/05\/perandoria-romake.jpg?fit=1024%2C684&ssl=1&resize=700%2C400 2x"},"classes":[]},{"id":105528,"url":"https:\/\/www.shqiperia.com\/blog\/8-destinacionet-turistike-qe-romaket-i-kishin-ne-listen-e-tyre-te-deshirave\/","url_meta":{"origin":96363,"position":3},"title":"8 destinacionet turistike q\u00eb romak\u00ebt i kishin n\u00eb list\u00ebn e tyre t\u00eb d\u00ebshirave","author":"Kurt Farka","date":"August 30, 2026","format":false,"excerpt":"30 Gusht 2026 Udh\u00ebtimet nuk jan\u00eb aspak nj\u00eb shpikje moderne. Edhe romak\u00ebt e lasht\u00eb, sidomos ata t\u00eb pasur, udh\u00ebtonin p\u00ebr pushime, p\u00ebr t\u2019u kuruar, p\u00ebr t\u00eb m\u00ebsuar dhe p\u00ebr t\u00eb vizituar vende t\u00eb famshme. Nga piramidat e Giz\u00ebs dhe ishujt grek\u00eb, te tempujt, Loj\u00ebrat Olimpike dhe resortet luksoze, k\u00ebto ishin\u2026","rel":"","context":"In &quot;Blogu i Udh\u00ebtarit&quot;","block_context":{"text":"Blogu i Udh\u00ebtarit","link":"https:\/\/www.shqiperia.com\/blog\/category\/blogu-i-udhetarit\/"},"img":{"alt_text":"","src":"https:\/\/i0.wp.com\/www.shqiperia.com\/blog\/wp-content\/uploads\/2026\/08\/auto_images_voltaxMediaLibrary_mmsport_mentalfloss_01m0wwqyy7e0swyq95ms1787829029.webp?fit=1080%2C608&ssl=1&resize=350%2C200","width":350,"height":200,"srcset":"https:\/\/i0.wp.com\/www.shqiperia.com\/blog\/wp-content\/uploads\/2026\/08\/auto_images_voltaxMediaLibrary_mmsport_mentalfloss_01m0wwqyy7e0swyq95ms1787829029.webp?fit=1080%2C608&ssl=1&resize=350%2C200 1x, https:\/\/i0.wp.com\/www.shqiperia.com\/blog\/wp-content\/uploads\/2026\/08\/auto_images_voltaxMediaLibrary_mmsport_mentalfloss_01m0wwqyy7e0swyq95ms1787829029.webp?fit=1080%2C608&ssl=1&resize=525%2C300 1.5x, https:\/\/i0.wp.com\/www.shqiperia.com\/blog\/wp-content\/uploads\/2026\/08\/auto_images_voltaxMediaLibrary_mmsport_mentalfloss_01m0wwqyy7e0swyq95ms1787829029.webp?fit=1080%2C608&ssl=1&resize=700%2C400 2x, https:\/\/i0.wp.com\/www.shqiperia.com\/blog\/wp-content\/uploads\/2026\/08\/auto_images_voltaxMediaLibrary_mmsport_mentalfloss_01m0wwqyy7e0swyq95ms1787829029.webp?fit=1080%2C608&ssl=1&resize=1050%2C600 3x"},"classes":[]},{"id":104470,"url":"https:\/\/www.shqiperia.com\/blog\/thatesira-zbulon-rrenojat-e-nje-ure-te-lashte-prane-vatikanit\/","url_meta":{"origin":96363,"position":4},"title":"That\u00ebsira zbulon rr\u00ebnojat e nj\u00eb ure t\u00eb lasht\u00eb pran\u00eb Vatikanit","author":"Kurt Farka","date":"August 14, 2026","format":false,"excerpt":"14 Gusht 2026 Rr\u00ebnojat e nj\u00eb ure t\u00eb lasht\u00eb romake jan\u00eb shfaqur s\u00ebrish n\u00eb lumin Tiber, pasi nj\u00eb periudh\u00eb e zgjatur that\u00ebsire ka ulur ndjesh\u00ebm nivelin e ujit n\u00eb Rom\u00eb. B\u00ebhet fjal\u00eb p\u00ebr at\u00eb q\u00eb njihet si Ura e Neronit, rr\u00ebnojat e s\u00eb cil\u00ebs jan\u00eb b\u00ebr\u00eb t\u00eb dukshme pran\u00eb Bazilik\u00ebs\u2026","rel":"","context":"In &quot;Blogu i Udh\u00ebtarit&quot;","block_context":{"text":"Blogu i Udh\u00ebtarit","link":"https:\/\/www.shqiperia.com\/blog\/category\/blogu-i-udhetarit\/"},"img":{"alt_text":"","src":"https:\/\/i0.wp.com\/www.shqiperia.com\/blog\/wp-content\/uploads\/2026\/08\/640-0-uytrejpg-1786713755.jpg?fit=640%2C364&ssl=1&resize=350%2C200","width":350,"height":200,"srcset":"https:\/\/i0.wp.com\/www.shqiperia.com\/blog\/wp-content\/uploads\/2026\/08\/640-0-uytrejpg-1786713755.jpg?fit=640%2C364&ssl=1&resize=350%2C200 1x, https:\/\/i0.wp.com\/www.shqiperia.com\/blog\/wp-content\/uploads\/2026\/08\/640-0-uytrejpg-1786713755.jpg?fit=640%2C364&ssl=1&resize=525%2C300 1.5x"},"classes":[]},{"id":104197,"url":"https:\/\/www.shqiperia.com\/blog\/anija-romake-2100-vjecare-me-500-amfora-gjendet-ne-brigjet-e-sicilise\/","url_meta":{"origin":96363,"position":5},"title":"Anija romake 2100-vje\u00e7are me 500 amfora gjendet n\u00eb brigjet e Si\u00e7ilis\u00eb","author":"Kurt Farka","date":"August 11, 2026","format":false,"excerpt":"11 Gusht 2026 Nj\u00eb anije e mbytur romake 2,100-vje\u00e7are q\u00eb mbante rreth 500 amfora \u00ebsht\u00eb zbuluar 3 milje larg brigjeve t\u00eb Mazara del Vallo n\u00eb Si\u00e7ili. Skuadra italiane e mbrojtjes s\u00eb trash\u00ebgimis\u00eb kulturore t\u00eb Karabinier\u00ebve hetoi rr\u00ebnojat me ndihm\u00ebn e zhyt\u00ebsve dhe kamerave n\u00ebnujore, pasi mori nj\u00eb informacion nga peshkatar\u00ebt.\u2026","rel":"","context":"In &quot;Blogu i Udh\u00ebtarit&quot;","block_context":{"text":"Blogu i Udh\u00ebtarit","link":"https:\/\/www.shqiperia.com\/blog\/category\/blogu-i-udhetarit\/"},"img":{"alt_text":"","src":"https:\/\/i0.wp.com\/www.shqiperia.com\/blog\/wp-content\/uploads\/2026\/08\/auto_ANIJA1786383635-1.png?fit=900%2C414&ssl=1&resize=350%2C200","width":350,"height":200,"srcset":"https:\/\/i0.wp.com\/www.shqiperia.com\/blog\/wp-content\/uploads\/2026\/08\/auto_ANIJA1786383635-1.png?fit=900%2C414&ssl=1&resize=350%2C200 1x, https:\/\/i0.wp.com\/www.shqiperia.com\/blog\/wp-content\/uploads\/2026\/08\/auto_ANIJA1786383635-1.png?fit=900%2C414&ssl=1&resize=525%2C300 1.5x, https:\/\/i0.wp.com\/www.shqiperia.com\/blog\/wp-content\/uploads\/2026\/08\/auto_ANIJA1786383635-1.png?fit=900%2C414&ssl=1&resize=700%2C400 2x"},"classes":[]}],"_links":{"self":[{"href":"https:\/\/www.shqiperia.com\/blog\/wp-json\/wp\/v2\/posts\/96363","targetHints":{"allow":["GET"]}}],"collection":[{"href":"https:\/\/www.shqiperia.com\/blog\/wp-json\/wp\/v2\/posts"}],"about":[{"href":"https:\/\/www.shqiperia.com\/blog\/wp-json\/wp\/v2\/types\/post"}],"author":[{"embeddable":true,"href":"https:\/\/www.shqiperia.com\/blog\/wp-json\/wp\/v2\/users\/9"}],"replies":[{"embeddable":true,"href":"https:\/\/www.shqiperia.com\/blog\/wp-json\/wp\/v2\/comments?post=96363"}],"version-history":[{"count":1,"href":"https:\/\/www.shqiperia.com\/blog\/wp-json\/wp\/v2\/posts\/96363\/revisions"}],"predecessor-version":[{"id":96365,"href":"https:\/\/www.shqiperia.com\/blog\/wp-json\/wp\/v2\/posts\/96363\/revisions\/96365"}],"wp:featuredmedia":[{"embeddable":true,"href":"https:\/\/www.shqiperia.com\/blog\/wp-json\/wp\/v2\/media\/96364"}],"wp:attachment":[{"href":"https:\/\/www.shqiperia.com\/blog\/wp-json\/wp\/v2\/media?parent=96363"}],"wp:term":[{"taxonomy":"category","embeddable":true,"href":"https:\/\/www.shqiperia.com\/blog\/wp-json\/wp\/v2\/categories?post=96363"},{"taxonomy":"post_tag","embeddable":true,"href":"https:\/\/www.shqiperia.com\/blog\/wp-json\/wp\/v2\/tags?post=96363"}],"curies":[{"name":"wp","href":"https:\/\/api.w.org\/{rel}","templated":true}]}}