{"id":95559,"date":"2025-12-14T06:02:53","date_gmt":"2025-12-14T06:02:53","guid":{"rendered":"https:\/\/www.shqiperia.com\/blog\/?p=95559"},"modified":"2025-12-14T06:02:53","modified_gmt":"2025-12-14T06:02:53","slug":"rama-tha-se-na-bllokoi-avionet-me-kanadane-por-ja-cfare-ndodhi-me-marreveshjen-ku-duhej-patjeter-balluku","status":"publish","type":"post","link":"https:\/\/www.shqiperia.com\/blog\/rama-tha-se-na-bllokoi-avionet-me-kanadane-por-ja-cfare-ndodhi-me-marreveshjen-ku-duhej-patjeter-balluku\/","title":{"rendered":"Rama tha se na bllokoi avion\u00ebt me Kanadan\u00eb, por ja \u00e7far\u00eb ndodhi me marr\u00ebveshjen ku \u201cduhej patjet\u00ebr Balluku\u201d"},"content":{"rendered":"<p><img data-recalc-dims=\"1\" loading=\"lazy\" decoding=\"async\" data-attachment-id=\"95560\" data-permalink=\"https:\/\/www.shqiperia.com\/blog\/rama-tha-se-na-bllokoi-avionet-me-kanadane-por-ja-cfare-ndodhi-me-marreveshjen-ku-duhej-patjeter-balluku\/screenshot_20251213_161651_gallery\/\" data-orig-file=\"https:\/\/i0.wp.com\/www.shqiperia.com\/blog\/wp-content\/uploads\/2025\/12\/Screenshot_20251213_161651_Gallery.jpg?fit=720%2C453&amp;ssl=1\" data-orig-size=\"720,453\" data-comments-opened=\"1\" data-image-meta=\"{&quot;aperture&quot;:&quot;0&quot;,&quot;credit&quot;:&quot;&quot;,&quot;camera&quot;:&quot;&quot;,&quot;caption&quot;:&quot;&quot;,&quot;created_timestamp&quot;:&quot;0&quot;,&quot;copyright&quot;:&quot;&quot;,&quot;focal_length&quot;:&quot;0&quot;,&quot;iso&quot;:&quot;0&quot;,&quot;shutter_speed&quot;:&quot;0&quot;,&quot;title&quot;:&quot;&quot;,&quot;orientation&quot;:&quot;0&quot;}\" data-image-title=\"Screenshot_20251213_161651_Gallery\" data-image-description=\"\" data-image-caption=\"\" data-medium-file=\"https:\/\/i0.wp.com\/www.shqiperia.com\/blog\/wp-content\/uploads\/2025\/12\/Screenshot_20251213_161651_Gallery.jpg?fit=300%2C189&amp;ssl=1\" data-large-file=\"https:\/\/i0.wp.com\/www.shqiperia.com\/blog\/wp-content\/uploads\/2025\/12\/Screenshot_20251213_161651_Gallery.jpg?fit=720%2C453&amp;ssl=1\" class=\"alignnone  wp-image-95560\" alt=\"\" src=\"https:\/\/i0.wp.com\/www.shqiperia.com\/blog\/wp-content\/uploads\/2025\/12\/Screenshot_20251213_161651_Gallery.jpg?resize=616%2C388&#038;ssl=1\" width=\"616\" height=\"388\" srcset=\"https:\/\/i0.wp.com\/www.shqiperia.com\/blog\/wp-content\/uploads\/2025\/12\/Screenshot_20251213_161651_Gallery.jpg?resize=300%2C189&amp;ssl=1 300w, https:\/\/i0.wp.com\/www.shqiperia.com\/blog\/wp-content\/uploads\/2025\/12\/Screenshot_20251213_161651_Gallery.jpg?resize=450%2C283&amp;ssl=1 450w, https:\/\/i0.wp.com\/www.shqiperia.com\/blog\/wp-content\/uploads\/2025\/12\/Screenshot_20251213_161651_Gallery.jpg?resize=600%2C378&amp;ssl=1 600w, https:\/\/i0.wp.com\/www.shqiperia.com\/blog\/wp-content\/uploads\/2025\/12\/Screenshot_20251213_161651_Gallery.jpg?resize=400%2C252&amp;ssl=1 400w, https:\/\/i0.wp.com\/www.shqiperia.com\/blog\/wp-content\/uploads\/2025\/12\/Screenshot_20251213_161651_Gallery.jpg?w=720&amp;ssl=1 720w\" sizes=\"auto, (max-width: 616px) 100vw, 616px\" \/><\/p>\n<p>14 Dhjetor 2025<\/p>\n<p>Pak dit\u00eb m\u00eb par\u00eb, kreu i qeveris\u00eb, u ankua se vendimi i Gjykat\u00ebs s\u00eb Posa\u00e7me p\u00ebr pezullimin nga detyra t\u00eb zv.kryeministres dhe nj\u00ebkoh\u00ebsisht Ministres s\u00eb Infrastruktur\u00ebs, Belinda Balluku, kishte bllokuar pun\u00ebn e qeveris\u00eb.<\/p>\n<p>Dhe, nj\u00eb prej d\u00ebmeve q\u00eb kishte sjell\u00eb vendimi i GJKKO-s\u00eb ishte pik\u00ebrisht bllokimi i marr\u00ebveshjes me Kanadan\u00eb, sipas tij.<\/p>\n<p>\u201cMinistri i pezulluar jo vet\u00ebm q\u00eb nuk firmos dot vet\u00eb asgj\u00eb, por b\u00ebn q\u00eb askush tjet\u00ebr t\u00eb mos marr\u00eb dot vendim dhe t\u00eb firmos\u00eb. Ndaj edhe \u00ebsht\u00eb absurd si koncept sepse \u00ebsht\u00eb bllokim i krejt zinxhirit vendimmarr\u00ebs p\u00ebr sektor\u00ebt q\u00eb ministri mbulon, dhe nd\u00ebr gj\u00ebrat q\u00eb jan\u00eb bllokuar \u00ebsht\u00eb edhe marr\u00ebveshja me Kanadan\u00eb p\u00ebr fluturimet ajrore\u201d, deklaroi ai n\u00eb nj\u00eb komunikim n\u00eb rrjete sociale, gjat\u00eb fushat\u00ebs p\u00ebr t\u00eb bindur Gjykat\u00ebn Kushtetuese t\u00eb rikthej\u00eb n\u00eb detyr\u00eb z\u00ebvend\u00ebsen e tij.<\/p>\n<p>U duk sikur vendimi i Gjykat\u00ebs s\u00eb Posa\u00e7me na prishi shum\u00eb pun\u00eb me Kanadan\u00eb dhe se pezullimi i Ballukut i la avion\u00ebt n\u00eb aj\u00ebr.<\/p>\n<p>Por, si\u00e7 edhe ishte m\u00eb normalja e m\u00eb logjikja, zgjidhja ishte shum\u00eb e thjesht\u00eb e shum\u00eb e leht\u00eb.<\/p>\n<p><img data-recalc-dims=\"1\" loading=\"lazy\" decoding=\"async\" class=\"aligncenter  wp-image-293991\" alt=\"\" src=\"https:\/\/i0.wp.com\/gazetadita.al\/wp-content\/uploads\/2025\/12\/Screenshot_20251213_161516_Chrome-scaled.webp?resize=872%2C491&#038;ssl=1\" width=\"872\" height=\"491\" \/><\/p>\n<p>T\u00eb premten e k\u00ebsaj jave (12 dhjetor 2025), kryeministri Rama e ka n\u00ebnshkruar vet\u00eb Vendimin P\u00ebr miratimin, n\u00eb parim, t\u00eb Marr\u00ebveshjes, nd\u00ebrmjet K\u00ebshillit t\u00eb Ministrave t\u00eb Republik\u00ebs s\u00eb Shqip\u00ebris\u00eb dhe qeveris\u00eb s\u00eb Kanadas\u00eb, p\u00ebr transportin ajror.<\/p>\n<p>Ky vendim u miratua vet\u00ebm pak or\u00eb p\u00ebrpara se Gjykata Kushtetuese t\u00eb vendoste pezullimin e vendimit t\u00eb GJKKO-s\u00eb, duke rikthyer n\u00eb detyr\u00eb Belinda Ballukun.<\/p>\n<p>Edhe Kushtetuesja, n\u00eb vendimin p\u00ebr rikthimin n\u00eb zyr\u00eb t\u00eb Ballukut, argumentoi se pezullimi i saj nga detyra rrezikon t\u00eb sjell\u00eb pasoja q\u00eb prekin interesat shtet\u00ebrore gjat\u00eb ushtrimit t\u00eb kompetencave kushtetuese t\u00eb pushtetit ekzekutiv n\u00eb drejtim t\u00eb p\u00ebrcaktimit t\u00eb politikave t\u00eb p\u00ebrgjithshme shtet\u00ebrore\u2026<\/p>\n<p>Po ja q\u00eb argumenti i Kushtetueses \u00e7alon-Rama i ngriti vet\u00eb avion\u00ebt p\u00ebr n\u00eb Kanada, pa pritur rikthimin e\u00a0Ballukut n\u00eb zyr\u00eb.<\/p>\n<p>Nga: Gazeta Dita<\/p>\n","protected":false},"excerpt":{"rendered":"<p>14 Dhjetor 2025 Pak dit\u00eb m\u00eb par\u00eb, kreu i qeveris\u00eb, u ankua se vendimi i Gjykat\u00ebs s\u00eb Posa\u00e7me p\u00ebr pezullimin nga detyra t\u00eb zv.kryeministres dhe nj\u00ebkoh\u00ebsisht Ministres s\u00eb Infrastruktur\u00ebs, Belinda Balluku, kishte bllokuar pun\u00ebn e qeveris\u00eb. Dhe, nj\u00eb prej d\u00ebmeve q\u00eb kishte sjell\u00eb vendimi i GJKKO-s\u00eb ishte pik\u00ebrisht bllokimi i marr\u00ebveshjes me Kanadan\u00eb, sipas tij. [&hellip;]<\/p>\n","protected":false},"author":9,"featured_media":95560,"comment_status":"open","ping_status":"open","sticky":false,"template":"","format":"standard","meta":{"jetpack_post_was_ever_published":false,"_jetpack_newsletter_access":"","_jetpack_dont_email_post_to_subs":false,"_jetpack_newsletter_tier_id":0,"_jetpack_memberships_contains_paywalled_content":false,"_jetpack_memberships_contains_paid_content":false,"footnotes":"","jetpack_publicize_message":"","jetpack_publicize_feature_enabled":true,"jetpack_social_post_already_shared":true,"jetpack_social_options":{"image_generator_settings":{"template":"highway","default_image_id":0,"font":"","enabled":false},"version":2}},"categories":[27,1,2],"tags":[],"class_list":["post-95559","post","type-post","status-publish","format-standard","has-post-thumbnail","hentry","category-blogu-i-udhetarit","category-njoftime-shtypi","category-politika"],"jetpack_publicize_connections":[],"jetpack_featured_media_url":"https:\/\/i0.wp.com\/www.shqiperia.com\/blog\/wp-content\/uploads\/2025\/12\/Screenshot_20251213_161651_Gallery.jpg?fit=720%2C453&ssl=1","jetpack_sharing_enabled":true,"jetpack_shortlink":"https:\/\/wp.me\/p5Z6wp-oRh","jetpack-related-posts":[{"id":89220,"url":"https:\/\/www.shqiperia.com\/blog\/belinda-balluku-i-merr-pushtetin-rames-shume-vendime-te-qeverise-mbajne-firmen-e-ballukut\/","url_meta":{"origin":95559,"position":0},"title":"Belinda Balluku \u201ci merr\u201d pushtetin Ram\u00ebs. &#8211; Shum\u00eb vendime t\u00eb qeveris\u00eb mbajn\u00eb firm\u00ebn e Ballukut.","author":"Kurt Farka","date":"February 8, 2025","format":false,"excerpt":"8 Shkurt 2025 N\u00eb sken\u00ebn politike shqiptare po vihen re l\u00ebvizje t\u00eb r\u00ebnd\u00ebsishme q\u00eb sinjalizojn\u00eb nj\u00eb zhvendosje t\u00eb pushtetit brenda qeveris\u00eb s\u00eb drejtuar nga Edi Rama. Zv\/kryeministrja Belinda Balluku duket se ka marr\u00eb tashm\u00eb kontroll t\u00eb plot\u00eb mbi vendimet ky\u00e7e qeveritare, duke eklipsuar edhe vet\u00eb kryeministrin. Shum\u00eb vendime t\u00eb qeveris\u00eb\u2026","rel":"","context":"In &quot;Blogu i Udh\u00ebtarit&quot;","block_context":{"text":"Blogu i Udh\u00ebtarit","link":"https:\/\/www.shqiperia.com\/blog\/category\/blogu-i-udhetarit\/"},"img":{"alt_text":"","src":"https:\/\/i0.wp.com\/www.shqiperia.com\/blog\/wp-content\/uploads\/2025\/02\/foto-faqe-3.png?fit=751%2C473&ssl=1&resize=350%2C200","width":350,"height":200,"srcset":"https:\/\/i0.wp.com\/www.shqiperia.com\/blog\/wp-content\/uploads\/2025\/02\/foto-faqe-3.png?fit=751%2C473&ssl=1&resize=350%2C200 1x, https:\/\/i0.wp.com\/www.shqiperia.com\/blog\/wp-content\/uploads\/2025\/02\/foto-faqe-3.png?fit=751%2C473&ssl=1&resize=525%2C300 1.5x, https:\/\/i0.wp.com\/www.shqiperia.com\/blog\/wp-content\/uploads\/2025\/02\/foto-faqe-3.png?fit=751%2C473&ssl=1&resize=700%2C400 2x"},"classes":[]},{"id":95042,"url":"https:\/\/www.shqiperia.com\/blog\/vendimi-i-gjkko-qe-pezulloi-belinda-ballukun-gazetarja-zbulon-detajet-hetimet-kalojne-nga-aeroporti-i-vlores-te-pastrimi-i-parave\/","url_meta":{"origin":95559,"position":1},"title":"Vendimi i GJKKO q\u00eb pezulloi Belinda Ballukun, gazetarja zbulon detajet: &#8211; Hetimet kalojn\u00eb nga Aeroporti i Vlor\u00ebs te pastrimi i parave","author":"Kurt Farka","date":"November 21, 2025","format":false,"excerpt":"21 Nentor 2025 Gazetarja Anila Hoxha zbardh detaje lidhur me skandalin e zv.kryeministres, Belinda Balluku, ndaj t\u00eb cil\u00ebs GJKKO vendosi sot dy masa; pezullimin nga detyra dhe bllokimin e pasaport\u00ebs, pasi ajo akuzohet p\u00ebr shkelje t\u00eb barazis\u00eb n\u00eb tenderin p\u00ebr Tunelin e Llogaras\u00eb dhe p\u00ebr projektin e Unaz\u00ebs s\u00eb Madhe\u2026","rel":"","context":"In &quot;Blogu i Udh\u00ebtarit&quot;","block_context":{"text":"Blogu i Udh\u00ebtarit","link":"https:\/\/www.shqiperia.com\/blog\/category\/blogu-i-udhetarit\/"},"img":{"alt_text":"","src":"https:\/\/i0.wp.com\/www.shqiperia.com\/blog\/wp-content\/uploads\/2025\/11\/640-0-img-9391-482.jpeg?fit=640%2C407&ssl=1&resize=350%2C200","width":350,"height":200,"srcset":"https:\/\/i0.wp.com\/www.shqiperia.com\/blog\/wp-content\/uploads\/2025\/11\/640-0-img-9391-482.jpeg?fit=640%2C407&ssl=1&resize=350%2C200 1x, https:\/\/i0.wp.com\/www.shqiperia.com\/blog\/wp-content\/uploads\/2025\/11\/640-0-img-9391-482.jpeg?fit=640%2C407&ssl=1&resize=525%2C300 1.5x"},"classes":[]},{"id":95285,"url":"https:\/\/www.shqiperia.com\/blog\/pezullimi-i-ballukut-nga-gjkko-rama-ne-flasim-vendimi-absurd-gjykata-kushtetuese-ti-jape-drejtim\/","url_meta":{"origin":95559,"position":2},"title":"Pezullimi i Ballukut nga GJKKO, Rama n\u00eb \u2018Flasim\u2019: &#8211; Vendimi absurd, Gjykata Kushtetuese t\u2019i jap\u00eb drejtim","author":"Kurt Farka","date":"November 30, 2025","format":false,"excerpt":"30 Nentor 2025 N\u00eb nisje t\u00eb episodit t\u00eb 8-t\u00eb, t\u00eb k\u00ebtij sezoni t\u00eb Podkastit \u201cFlasim\u201d, Kryeministri Rama b\u00ebri p\u00ebrmbledhjen e \u00e7\u00ebshtjeve m\u00eb t\u00eb r\u00ebnd\u00ebsishme t\u00eb jav\u00ebs. Kreu i qeveris\u00eb foli p\u00ebr shp\u00ebrblimin p\u00ebr pensionist\u00ebt, rritjen e pagave dhe pensioneve, samitin p\u00ebr Planin e ri t\u00eb Rritjes, nd\u00ebrsa u ndal dhe\u2026","rel":"","context":"In &quot;Blogu i Udh\u00ebtarit&quot;","block_context":{"text":"Blogu i Udh\u00ebtarit","link":"https:\/\/www.shqiperia.com\/blog\/category\/blogu-i-udhetarit\/"},"img":{"alt_text":"","src":"https:\/\/i0.wp.com\/www.shqiperia.com\/blog\/wp-content\/uploads\/2025\/11\/Edi-Rama-Belina-Balluku.jpeg?fit=1130%2C671&ssl=1&resize=350%2C200","width":350,"height":200,"srcset":"https:\/\/i0.wp.com\/www.shqiperia.com\/blog\/wp-content\/uploads\/2025\/11\/Edi-Rama-Belina-Balluku.jpeg?fit=1130%2C671&ssl=1&resize=350%2C200 1x, https:\/\/i0.wp.com\/www.shqiperia.com\/blog\/wp-content\/uploads\/2025\/11\/Edi-Rama-Belina-Balluku.jpeg?fit=1130%2C671&ssl=1&resize=525%2C300 1.5x, https:\/\/i0.wp.com\/www.shqiperia.com\/blog\/wp-content\/uploads\/2025\/11\/Edi-Rama-Belina-Balluku.jpeg?fit=1130%2C671&ssl=1&resize=700%2C400 2x, https:\/\/i0.wp.com\/www.shqiperia.com\/blog\/wp-content\/uploads\/2025\/11\/Edi-Rama-Belina-Balluku.jpeg?fit=1130%2C671&ssl=1&resize=1050%2C600 3x"},"classes":[]},{"id":96858,"url":"https:\/\/www.shqiperia.com\/blog\/trump-terheq-ftesen-per-kanadane-ne-bordin-e-paqes\/","url_meta":{"origin":95559,"position":3},"title":"Trump t\u00ebrheq ftes\u00ebn p\u00ebr Kanadan\u00eb n\u00eb Bordin e Paqes","author":"Kurt Farka","date":"January 23, 2026","format":false,"excerpt":"23 Janar 2026 Donald Trump t\u00ebrhoqi t\u00eb enjten ftes\u00ebn p\u00ebr Kanadan\u00eb p\u00ebr t\u2019iu bashkuar iniciativ\u00ebs s\u00eb tij t\u00eb Bordit t\u00eb Paqes, e cila synon zgjidhjen e konflikteve globale. \u201cJu lutem, kjo let\u00ebr sh\u00ebrben p\u00ebr t\u2019ju njoftuar se Bordi i Paqes po t\u00ebrheq ftes\u00ebn p\u00ebr ju p\u00ebr bashkimin e Kanadas\u00eb n\u00eb\u2026","rel":"","context":"In &quot;Blogu i Udh\u00ebtarit&quot;","block_context":{"text":"Blogu i Udh\u00ebtarit","link":"https:\/\/www.shqiperia.com\/blog\/category\/blogu-i-udhetarit\/"},"img":{"alt_text":"","src":"https:\/\/i0.wp.com\/www.shqiperia.com\/blog\/wp-content\/uploads\/2026\/01\/640-0-a8e06680276ce43657345c6aca60f5c1-1.webp?fit=640%2C359&ssl=1&resize=350%2C200","width":350,"height":200,"srcset":"https:\/\/i0.wp.com\/www.shqiperia.com\/blog\/wp-content\/uploads\/2026\/01\/640-0-a8e06680276ce43657345c6aca60f5c1-1.webp?fit=640%2C359&ssl=1&resize=350%2C200 1x, https:\/\/i0.wp.com\/www.shqiperia.com\/blog\/wp-content\/uploads\/2026\/01\/640-0-a8e06680276ce43657345c6aca60f5c1-1.webp?fit=640%2C359&ssl=1&resize=525%2C300 1.5x"},"classes":[]},{"id":97104,"url":"https:\/\/www.shqiperia.com\/blog\/spak-ka-prova-qe-balluku-po-intimidon-deshmitaret\/","url_meta":{"origin":95559,"position":4},"title":"\u201cSPAK ka prova q\u00eb Balluku po intimidon d\u00ebshmitar\u00ebt\u201d","author":"Kurt Farka","date":"January 29, 2026","format":false,"excerpt":"29 Janar 2026 Drejtuesi i Departamentit \u201cBrainGrain\u201d n\u00eb PD, Tedi Kopliku, n\u00eb nj\u00eb lidhje me studion e News24, e ka quajtur t\u00eb pakuptimt\u00eb arsyen q\u00eb mazhoranca ka paraqitur p\u00ebr shtyrjen e mbledhjes s\u00eb K\u00ebshillit t\u00eb Mandateve p\u00ebr heqjen e imunitetit t\u00eb zv\/kryeministres Belinda Balluku. Kopliku tha se SPAK ka prova\u2026","rel":"","context":"In &quot;Blogu i Udh\u00ebtarit&quot;","block_context":{"text":"Blogu i Udh\u00ebtarit","link":"https:\/\/www.shqiperia.com\/blog\/category\/blogu-i-udhetarit\/"},"img":{"alt_text":"","src":"https:\/\/i0.wp.com\/www.shqiperia.com\/blog\/wp-content\/uploads\/2026\/01\/belinda-balluku-1.jpg?fit=800%2C482&ssl=1&resize=350%2C200","width":350,"height":200,"srcset":"https:\/\/i0.wp.com\/www.shqiperia.com\/blog\/wp-content\/uploads\/2026\/01\/belinda-balluku-1.jpg?fit=800%2C482&ssl=1&resize=350%2C200 1x, https:\/\/i0.wp.com\/www.shqiperia.com\/blog\/wp-content\/uploads\/2026\/01\/belinda-balluku-1.jpg?fit=800%2C482&ssl=1&resize=525%2C300 1.5x, https:\/\/i0.wp.com\/www.shqiperia.com\/blog\/wp-content\/uploads\/2026\/01\/belinda-balluku-1.jpg?fit=800%2C482&ssl=1&resize=700%2C400 2x"},"classes":[]},{"id":96578,"url":"https:\/\/www.shqiperia.com\/blog\/kayo-dhe-ortaket-e-tij-biznes-me-ramen-sauditohen-gazetari-e-firmosur-nga-belinda-balluku\/","url_meta":{"origin":95559,"position":5},"title":"\u201cKAYO dhe ortak\u00ebt e tij biznes me Ram\u00ebn, s\u2019auditohen\u201d\/ Gazetari: E firmosur nga Belinda Balluku","author":"Kurt Farka","date":"January 14, 2026","format":false,"excerpt":"14 Janar 2026 Kompania shtet\u00ebrore KAYO, e krijuar me q\u00ebllimin p\u00ebr t\u00eb ringjallur industrin\u00eb e armatimeve n\u00eb Shqip\u00ebri, \u00ebsht\u00eb p\u00ebrfshir\u00eb n\u00eb nj\u00eb skandal q\u00eb ngre dyshime t\u00eb forta p\u00ebr abuzim me pasurit\u00eb publike dhe favorizim t\u00eb kompanive private. I ftuar n\u00eb nj\u00eb emisonin televiziv, gazetari Julian Hoxhaj shprehet se n\u00ebn\u2026","rel":"","context":"In &quot;Blogu i Udh\u00ebtarit&quot;","block_context":{"text":"Blogu i Udh\u00ebtarit","link":"https:\/\/www.shqiperia.com\/blog\/category\/blogu-i-udhetarit\/"},"img":{"alt_text":"","src":"https:\/\/i0.wp.com\/www.shqiperia.com\/blog\/wp-content\/uploads\/2026\/01\/Ardi-Veliu.jpg?fit=1080%2C697&ssl=1&resize=350%2C200","width":350,"height":200,"srcset":"https:\/\/i0.wp.com\/www.shqiperia.com\/blog\/wp-content\/uploads\/2026\/01\/Ardi-Veliu.jpg?fit=1080%2C697&ssl=1&resize=350%2C200 1x, https:\/\/i0.wp.com\/www.shqiperia.com\/blog\/wp-content\/uploads\/2026\/01\/Ardi-Veliu.jpg?fit=1080%2C697&ssl=1&resize=525%2C300 1.5x, https:\/\/i0.wp.com\/www.shqiperia.com\/blog\/wp-content\/uploads\/2026\/01\/Ardi-Veliu.jpg?fit=1080%2C697&ssl=1&resize=700%2C400 2x, https:\/\/i0.wp.com\/www.shqiperia.com\/blog\/wp-content\/uploads\/2026\/01\/Ardi-Veliu.jpg?fit=1080%2C697&ssl=1&resize=1050%2C600 3x"},"classes":[]}],"_links":{"self":[{"href":"https:\/\/www.shqiperia.com\/blog\/wp-json\/wp\/v2\/posts\/95559","targetHints":{"allow":["GET"]}}],"collection":[{"href":"https:\/\/www.shqiperia.com\/blog\/wp-json\/wp\/v2\/posts"}],"about":[{"href":"https:\/\/www.shqiperia.com\/blog\/wp-json\/wp\/v2\/types\/post"}],"author":[{"embeddable":true,"href":"https:\/\/www.shqiperia.com\/blog\/wp-json\/wp\/v2\/users\/9"}],"replies":[{"embeddable":true,"href":"https:\/\/www.shqiperia.com\/blog\/wp-json\/wp\/v2\/comments?post=95559"}],"version-history":[{"count":1,"href":"https:\/\/www.shqiperia.com\/blog\/wp-json\/wp\/v2\/posts\/95559\/revisions"}],"predecessor-version":[{"id":95561,"href":"https:\/\/www.shqiperia.com\/blog\/wp-json\/wp\/v2\/posts\/95559\/revisions\/95561"}],"wp:featuredmedia":[{"embeddable":true,"href":"https:\/\/www.shqiperia.com\/blog\/wp-json\/wp\/v2\/media\/95560"}],"wp:attachment":[{"href":"https:\/\/www.shqiperia.com\/blog\/wp-json\/wp\/v2\/media?parent=95559"}],"wp:term":[{"taxonomy":"category","embeddable":true,"href":"https:\/\/www.shqiperia.com\/blog\/wp-json\/wp\/v2\/categories?post=95559"},{"taxonomy":"post_tag","embeddable":true,"href":"https:\/\/www.shqiperia.com\/blog\/wp-json\/wp\/v2\/tags?post=95559"}],"curies":[{"name":"wp","href":"https:\/\/api.w.org\/{rel}","templated":true}]}}