{"id":95556,"date":"2025-12-14T05:58:00","date_gmt":"2025-12-14T05:58:00","guid":{"rendered":"https:\/\/www.shqiperia.com\/blog\/?p=95556"},"modified":"2025-12-14T05:58:00","modified_gmt":"2025-12-14T05:58:00","slug":"jane-unike-ne-europe-por-pa-mbrojtje-policia-kap-4-persona-duke-germuar-ne-varret-ilire-te-selces","status":"publish","type":"post","link":"https:\/\/www.shqiperia.com\/blog\/jane-unike-ne-europe-por-pa-mbrojtje-policia-kap-4-persona-duke-germuar-ne-varret-ilire-te-selces\/","title":{"rendered":"Jan\u00eb unike n\u00eb Europ\u00eb, por pa mbrojtje: &#8211; Policia kap 4 persona duke g\u00ebrmuar n\u00eb Varret Ilire t\u00eb Selc\u00ebs"},"content":{"rendered":"<p><img data-recalc-dims=\"1\" loading=\"lazy\" decoding=\"async\" data-attachment-id=\"95557\" data-permalink=\"https:\/\/www.shqiperia.com\/blog\/jane-unike-ne-europe-por-pa-mbrojtje-policia-kap-4-persona-duke-germuar-ne-varret-ilire-te-selces\/img-2606-1765636955\/\" data-orig-file=\"https:\/\/i0.wp.com\/www.shqiperia.com\/blog\/wp-content\/uploads\/2025\/12\/img-2606-1765636955.jpg?fit=960%2C599&amp;ssl=1\" data-orig-size=\"960,599\" data-comments-opened=\"1\" data-image-meta=\"{&quot;aperture&quot;:&quot;0&quot;,&quot;credit&quot;:&quot;&quot;,&quot;camera&quot;:&quot;&quot;,&quot;caption&quot;:&quot;&quot;,&quot;created_timestamp&quot;:&quot;0&quot;,&quot;copyright&quot;:&quot;&quot;,&quot;focal_length&quot;:&quot;0&quot;,&quot;iso&quot;:&quot;0&quot;,&quot;shutter_speed&quot;:&quot;0&quot;,&quot;title&quot;:&quot;&quot;,&quot;orientation&quot;:&quot;0&quot;}\" data-image-title=\"img-2606-1765636955\" data-image-description=\"\" data-image-caption=\"\" data-medium-file=\"https:\/\/i0.wp.com\/www.shqiperia.com\/blog\/wp-content\/uploads\/2025\/12\/img-2606-1765636955.jpg?fit=300%2C187&amp;ssl=1\" data-large-file=\"https:\/\/i0.wp.com\/www.shqiperia.com\/blog\/wp-content\/uploads\/2025\/12\/img-2606-1765636955.jpg?fit=960%2C599&amp;ssl=1\" class=\"alignnone  wp-image-95557\" alt=\"\" src=\"https:\/\/i0.wp.com\/www.shqiperia.com\/blog\/wp-content\/uploads\/2025\/12\/img-2606-1765636955.jpg?resize=561%2C350&#038;ssl=1\" width=\"561\" height=\"350\" srcset=\"https:\/\/i0.wp.com\/www.shqiperia.com\/blog\/wp-content\/uploads\/2025\/12\/img-2606-1765636955.jpg?resize=300%2C187&amp;ssl=1 300w, https:\/\/i0.wp.com\/www.shqiperia.com\/blog\/wp-content\/uploads\/2025\/12\/img-2606-1765636955.jpg?resize=768%2C479&amp;ssl=1 768w, https:\/\/i0.wp.com\/www.shqiperia.com\/blog\/wp-content\/uploads\/2025\/12\/img-2606-1765636955.jpg?resize=450%2C281&amp;ssl=1 450w, https:\/\/i0.wp.com\/www.shqiperia.com\/blog\/wp-content\/uploads\/2025\/12\/img-2606-1765636955.jpg?resize=600%2C374&amp;ssl=1 600w, https:\/\/i0.wp.com\/www.shqiperia.com\/blog\/wp-content\/uploads\/2025\/12\/img-2606-1765636955.jpg?resize=400%2C250&amp;ssl=1 400w, https:\/\/i0.wp.com\/www.shqiperia.com\/blog\/wp-content\/uploads\/2025\/12\/img-2606-1765636955.jpg?w=960&amp;ssl=1 960w\" sizes=\"auto, (max-width: 561px) 100vw, 561px\" \/><\/p>\n<p>14 Dhjetor 2025<\/p>\n<p>Policia e Kor\u00e7\u00ebs ka kapur n\u00eb flagranc\u00eb 4 t\u00eb rinj duke hapur gropa n\u00eb Varret Monumentale Ilire t\u00eb Selc\u00ebs s\u00eb Poshtme n\u00eb Mok\u00ebr.<\/p>\n<p>T\u00eb rinjt\u00eb jan\u00eb kapur nga inspektori i policis\u00eb s\u00eb zon\u00ebs, i cili ishte njoftuar n\u00eb rrug\u00eb operative nga banor\u00ebt e fshatit, q\u00eb kishin par\u00eb t\u00eb rinj me detonator\u00eb metalesh duke g\u00ebrmuar n\u00eb pjes\u00ebn an\u00ebsore t\u00eb territorit arkeologjik.<\/p>\n<p>Kjo \u00ebsht\u00eb hera e par\u00eb q\u00eb policia kap n\u00eb flagranc\u00eb persona q\u00eb g\u00ebrmojn\u00eb p\u00ebr t\u00eb gjetur metale apo objekte arkeologjike me vler\u00eb n\u00eb varret Ilire.<\/p>\n<p>Nd\u00ebrkoh\u00eb, tre g\u00ebrmime t\u00eb tjera t\u00eb paligjshme jan\u00eb konstatuar gjat\u00eb nj\u00eb harku kohor prej 2-3 muajsh, por autor\u00ebt e tyre nuk jan\u00eb identifikuar.<\/p>\n<p>Varret Ilire t\u00eb Selc\u00ebs, q\u00eb i p\u00ebrkasin fundit t\u00eb shekullit IV para Krishtit, jan\u00eb unike p\u00ebr nga lloji i tyre n\u00eb t\u00eb gjith\u00eb Evrop\u00ebn.<\/p>\n<p>Ato jan\u00eb shpallur zon\u00eb A arkeologjike, por hyrja e personave q\u00eb k\u00ebrkojn\u00eb objekte arkeologjike \u00ebsht\u00eb tep\u00ebr e leht\u00eb, pasi zona nuk \u00ebsht\u00eb e rrethuar nga ministria p\u00ebrkat\u00ebse.<\/p>\n<p>Me nd\u00ebrtimin e rrug\u00ebs s\u00eb re Quk\u00ebs-Qaf\u00eb Pllo\u00e7\u00eb, q\u00eb kalon shum\u00eb pran\u00eb tyre, personat q\u00eb k\u00ebrkojn\u00eb ar kan\u00eb edhe m\u00eb shum\u00eb leht\u00ebsi p\u00ebr t\u2019u futur n\u00eb zon\u00eb duke b\u00ebr\u00eb q\u00eb Varrezat Ilire t\u00eb Selc\u00ebs t\u00eb jen\u00eb pre e gjahtar\u00ebve t\u00eb thesareve.<\/p>\n<p><strong>Pse konsiderohen unike<\/strong><\/p>\n<p>Varret ilire t\u00eb Selc\u00ebs jan\u00eb konsideruar unike n\u00eb Europ\u00eb. Ato nuk jan\u00eb t\u00eb vetmet varre ilire n\u00eb kontinent, pra kjo nuk do t\u00eb thot\u00eb q\u00eb nuk ka varre t\u00eb tjera ilire apo iliro-dainike. Por m\u00ebnyra e nd\u00ebrtimit t\u00eb tyre \u00ebsht\u00eb jasht\u00ebzakonisht e ve\u00e7ant\u00eb dhe rrall\u00eb e hasur.<\/p>\n<p>\u00c7\u2019\u00ebsht\u00eb unike n\u00eb to? Varret e Selc\u00ebs s\u00eb Poshtme jan\u00eb monumentale, t\u00eb gdhendura direkt n\u00eb shk\u00ebmb dhe kan\u00eb struktura komplekse. Disa prej tyre p\u00ebrmbajn\u00eb antechambre, dhoma funerare dhe fasada me kolona, gj\u00eb q\u00eb rrall\u00eb shihet n\u00eb varre ilire n\u00eb mbar\u00eb Europ\u00ebn.<\/p>\n<p>Kjo i ka b\u00ebr\u00eb arkeolog\u00ebt dhe ekspert\u00ebt t\u00eb vler\u00ebsojn\u00eb se k\u00ebto varre jan\u00eb t\u00eb ve\u00e7anta p\u00ebr nga koncepti dhe zbatimi arkitektonik.<\/p>\n<p>K\u00ebto varre datojn\u00eb nga shekulli IV-III para Krishtit dhe lidhen me qytetin e lasht\u00eb ilir t\u00eb Pelionit, q\u00eb tregon jo vet\u00ebm zakone funerare, por edhe nivelin kulturor, politik dhe ekonomik t\u00eb Ilir\u00ebve n\u00eb at\u00eb zon\u00eb.<\/p>\n","protected":false},"excerpt":{"rendered":"<p>14 Dhjetor 2025 Policia e Kor\u00e7\u00ebs ka kapur n\u00eb flagranc\u00eb 4 t\u00eb rinj duke hapur gropa n\u00eb Varret Monumentale Ilire t\u00eb Selc\u00ebs s\u00eb Poshtme n\u00eb Mok\u00ebr. T\u00eb rinjt\u00eb jan\u00eb kapur nga inspektori i policis\u00eb s\u00eb zon\u00ebs, i cili ishte njoftuar n\u00eb rrug\u00eb operative nga banor\u00ebt e fshatit, q\u00eb kishin par\u00eb t\u00eb rinj me detonator\u00eb metalesh [&hellip;]<\/p>\n","protected":false},"author":9,"featured_media":95557,"comment_status":"open","ping_status":"open","sticky":false,"template":"","format":"standard","meta":{"jetpack_post_was_ever_published":false,"_jetpack_newsletter_access":"","_jetpack_dont_email_post_to_subs":false,"_jetpack_newsletter_tier_id":0,"_jetpack_memberships_contains_paywalled_content":false,"_jetpack_memberships_contains_paid_content":false,"footnotes":"","jetpack_publicize_message":"","jetpack_publicize_feature_enabled":true,"jetpack_social_post_already_shared":true,"jetpack_social_options":{"image_generator_settings":{"template":"highway","default_image_id":0,"font":"","enabled":false},"version":2}},"categories":[85,10,1,86],"tags":[],"class_list":["post-95556","post","type-post","status-publish","format-standard","has-post-thumbnail","hentry","category-histori","category-kultura","category-njoftime-shtypi","category-trashegimi-kulturore"],"jetpack_publicize_connections":[],"jetpack_featured_media_url":"https:\/\/i0.wp.com\/www.shqiperia.com\/blog\/wp-content\/uploads\/2025\/12\/img-2606-1765636955.jpg?fit=960%2C599&ssl=1","jetpack_sharing_enabled":true,"jetpack_shortlink":"https:\/\/wp.me\/p5Z6wp-oRe","jetpack-related-posts":[{"id":2360,"url":"https:\/\/www.shqiperia.com\/blog\/varret-ilire-ne-selce-e-poshtme-pogradec\/","url_meta":{"origin":95556,"position":0},"title":"Varret Ilire. &#8211; n\u00eb Selc\u00eb e Poshtme &#8211; Pogradec","author":"Kurt Farka","date":"February 1, 2018","format":false,"excerpt":"Varret Ilire t\u00eb Selc\u00ebs s\u00eb Poshtme ndodhen n\u00eb af\u00ebrsi t\u00eb qytetit t\u00eb Pogradecit n\u00eb Shqip\u00ebri, n\u00eb fshatin Selc\u00eb e Poshtme. N\u00eb bregun e djatht\u00eb t\u00eb lumit Shkumbin, n\u00eb nj\u00eb lart\u00ebsi prej m mbi nivelin e detit, q\u00ebndrojn\u00eb mbetjet e qytetit t\u00eb lasht\u00eb t\u00eb Pelionit dhe nekropolit shoq\u00ebrues. Rruga romake Via\u2026","rel":"","context":"In &quot;Trashegimi Kulturore&quot;","block_context":{"text":"Trashegimi Kulturore","link":"https:\/\/www.shqiperia.com\/blog\/category\/trashegimi-kulturore\/"},"img":{"alt_text":"","src":"https:\/\/i0.wp.com\/www.shqiperia.com\/blog\/wp-content\/uploads\/2018\/02\/Varreza-ilire-e-Selces-3.jpg?resize=350%2C200","width":350,"height":200},"classes":[]},{"id":8570,"url":"https:\/\/www.shqiperia.com\/blog\/monumente-projekt-per-varret-e-selces\/","url_meta":{"origin":95556,"position":1},"title":"Monumente &#8211; Projekt per Varret e Selces.-","author":"Kurt Farka","date":"June 8, 2018","format":false,"excerpt":"Monumente - Projekt per Varret e Selces.- Ne javen e Europes Ministrja e Kultures Mirela Kumbaro Furxhi vizitoj bashke me Ambasadoren e Delegacionit Europian, Romana Vlahutin, p\u00ebr t\u00eb prekur konkretisht jo vet\u00ebm nj\u00eb vler\u00eb t\u00eb rrall\u00eb t\u00eb kultur\u00ebs shqiptare, por edhe dobin\u00eb e projektit te hartuar e miratuar tashm\u00eb me\u2026","rel":"","context":"In &quot;Njoftime Shtypi&quot;","block_context":{"text":"Njoftime Shtypi","link":"https:\/\/www.shqiperia.com\/blog\/category\/njoftime-shtypi\/"},"img":{"alt_text":"","src":"https:\/\/i0.wp.com\/www.shqiperia.com\/blog\/wp-content\/uploads\/2018\/06\/Pafte-okez-brezi-nga-Varrezat-e-Selces..jpg?fit=620%2C425&ssl=1&resize=350%2C200","width":350,"height":200,"srcset":"https:\/\/i0.wp.com\/www.shqiperia.com\/blog\/wp-content\/uploads\/2018\/06\/Pafte-okez-brezi-nga-Varrezat-e-Selces..jpg?fit=620%2C425&ssl=1&resize=350%2C200 1x, https:\/\/i0.wp.com\/www.shqiperia.com\/blog\/wp-content\/uploads\/2018\/06\/Pafte-okez-brezi-nga-Varrezat-e-Selces..jpg?fit=620%2C425&ssl=1&resize=525%2C300 1.5x"},"classes":[]},{"id":8065,"url":"https:\/\/www.shqiperia.com\/blog\/kryeplaku-jep-alarmin-gjuetaret-e-thesareve-po-masakrojne-varret-ilire-ne-parkun-arkeologjik-te-amanties\/","url_meta":{"origin":95556,"position":2},"title":"Kryeplaku jep alarmin: Gjuetar\u00ebt e thesareve po masakrojn\u00eb varret ilire ne Parkun Arkeologjik te Amanties.-","author":"Kurt Farka","date":"May 29, 2018","format":false,"excerpt":"Kryeplaku jep alarmin: Gjuetar\u00ebt e thesareve po masakrojn\u00eb varret ilire ne Parkun Arkeologjik te Amanties.- Nga: Enrik MEHMETI Nj\u00eb prej vendeve m\u00eb t\u00eb njohura p\u00ebr historin\u00eb Ilire rrezikon t\u00eb zhduket. Amantia e lasht\u00eb po masakrohet vazhdimisht nga gjuetar\u00ebt e thesareve t\u00eb cil\u00ebt kan\u00eb d\u00ebmtuar nj\u00eb num\u00ebr t\u00eb madh varresh ilire.\u2026","rel":"","context":"In &quot;Kultura&quot;","block_context":{"text":"Kultura","link":"https:\/\/www.shqiperia.com\/blog\/category\/kultura\/"},"img":{"alt_text":"","src":"https:\/\/i0.wp.com\/www.shqiperia.com\/blog\/wp-content\/uploads\/2018\/05\/amantia.jpg?fit=615%2C342&ssl=1&resize=350%2C200","width":350,"height":200,"srcset":"https:\/\/i0.wp.com\/www.shqiperia.com\/blog\/wp-content\/uploads\/2018\/05\/amantia.jpg?fit=615%2C342&ssl=1&resize=350%2C200 1x, https:\/\/i0.wp.com\/www.shqiperia.com\/blog\/wp-content\/uploads\/2018\/05\/amantia.jpg?fit=615%2C342&ssl=1&resize=525%2C300 1.5x"},"classes":[]},{"id":29966,"url":"https:\/\/www.shqiperia.com\/blog\/mbreteria-e-enkelejdeve-shteti-i-pare-nga-proto-shqiptaret\/","url_meta":{"origin":95556,"position":3},"title":"MBRET\u00cbRIA E ENKELEJD\u00cbVE &#8211; SHTETI I PAR\u00cb NGA PROTO SHQIPTARET.","author":"Kurt Farka","date":"January 2, 2020","format":false,"excerpt":"MBRET\u00cbRIA E ENKELEJD\u00cbVE - SHTETI I PAR\u00cb NGA PROTO SHQIPTARET. Shteti I par\u00eb i organizuar nga rraca e para Shqiptarve sipas burimeve ,dokumentave rezulton se \u00ebsht\u00eb Mbret\u00ebria e Enkelejd\u00ebve, fisi Ilir q\u00eb u b\u00eb Shtet . Shteti u krijua n\u00eb vitet 800 para er\u00ebs t\u00eb re, n\u00eb tok\u00ebn p\u0113r rreth\u2026","rel":"","context":"In &quot;Kultura&quot;","block_context":{"text":"Kultura","link":"https:\/\/www.shqiperia.com\/blog\/category\/kultura\/"},"img":{"alt_text":"","src":"https:\/\/i0.wp.com\/www.shqiperia.com\/blog\/wp-content\/uploads\/2020\/01\/72358199_150111169533141_5328496174431207424_n.jpg?fit=750%2C530&ssl=1&resize=350%2C200","width":350,"height":200,"srcset":"https:\/\/i0.wp.com\/www.shqiperia.com\/blog\/wp-content\/uploads\/2020\/01\/72358199_150111169533141_5328496174431207424_n.jpg?fit=750%2C530&ssl=1&resize=350%2C200 1x, https:\/\/i0.wp.com\/www.shqiperia.com\/blog\/wp-content\/uploads\/2020\/01\/72358199_150111169533141_5328496174431207424_n.jpg?fit=750%2C530&ssl=1&resize=525%2C300 1.5x, https:\/\/i0.wp.com\/www.shqiperia.com\/blog\/wp-content\/uploads\/2020\/01\/72358199_150111169533141_5328496174431207424_n.jpg?fit=750%2C530&ssl=1&resize=700%2C400 2x"},"classes":[]},{"id":55123,"url":"https:\/\/www.shqiperia.com\/blog\/imazhet-rreqethese-nga-ukraina-fotot-qe-tregojne-si-viktimat-e-luftes-hidhen-ne-varret-masive\/","url_meta":{"origin":95556,"position":4},"title":"Imazhet rr\u00ebqeth\u00ebse nga Ukraina! &#8211; FOTOT q\u00eb tregojn\u00eb si viktimat e luft\u00ebs hidhen n\u00eb varret masive","author":"Kurt Farka","date":"March 10, 2022","format":false,"excerpt":"Imazhet rr\u00ebqeth\u00ebse nga Ukraina! - FOTOT q\u00eb tregojn\u00eb si viktimat e luft\u00ebs hidhen n\u00eb varret masive 10 MARS 2022 Fotot rr\u00ebqeth\u00ebse t\u00eb shkrepura n\u00eb Ukrain\u00eb, tregojn\u00eb kufomat q\u00eb futen n\u00eb disa \u00e7anta dhe m\u00eb pas hidhen n\u00eb varre masive. K\u00ebto pamje t\u00eb tmerrshme vijn\u00eb pasi forcat e presidentit rus, Vladimir\u2026","rel":"","context":"In &quot;Blogu i Udh\u00ebtarit&quot;","block_context":{"text":"Blogu i Udh\u00ebtarit","link":"https:\/\/www.shqiperia.com\/blog\/category\/blogu-i-udhetarit\/"},"img":{"alt_text":"","src":"https:\/\/i0.wp.com\/www.shqiperia.com\/blog\/wp-content\/uploads\/2022\/03\/Varreza-masive-te-te-vrareve-Ukraine-2.png?fit=640%2C355&ssl=1&resize=350%2C200","width":350,"height":200,"srcset":"https:\/\/i0.wp.com\/www.shqiperia.com\/blog\/wp-content\/uploads\/2022\/03\/Varreza-masive-te-te-vrareve-Ukraine-2.png?fit=640%2C355&ssl=1&resize=350%2C200 1x, https:\/\/i0.wp.com\/www.shqiperia.com\/blog\/wp-content\/uploads\/2022\/03\/Varreza-masive-te-te-vrareve-Ukraine-2.png?fit=640%2C355&ssl=1&resize=525%2C300 1.5x"},"classes":[]},{"id":80076,"url":"https:\/\/www.shqiperia.com\/blog\/a-e-dini-se-ne-mat-gjenden-33-varre-shkembore-ilire\/","url_meta":{"origin":95556,"position":5},"title":"A e dini se\u2026 n\u00eb Mat gjenden 33 varre shk\u00ebmbore Ilire?","author":"Kurt Farka","date":"April 13, 2024","format":false,"excerpt":"13 Prill 2024 N\u00eb krahin\u00ebn e Matit ndodhen 33 varre shk\u00ebmbore Ilire t\u00eb shp\u00ebrndara pothuajse n\u00eb t\u00eb gjith\u00eb territorin, por q\u00eb banor\u00ebt e zon\u00ebs ku ndodhen k\u00ebto varre i njohin historikisht si burgje. Ky \u00ebsht\u00eb nj\u00eb prej tyre q\u00eb ndodhet n\u00eb fshatin B\u00ebrshi t\u00eb Klosit dhe quhet \u201cBurgu i Murriqit\u201d.\u2026","rel":"","context":"In &quot;Blogu i Udh\u00ebtarit&quot;","block_context":{"text":"Blogu i Udh\u00ebtarit","link":"https:\/\/www.shqiperia.com\/blog\/category\/blogu-i-udhetarit\/"},"img":{"alt_text":"","src":"https:\/\/i0.wp.com\/www.shqiperia.com\/blog\/wp-content\/uploads\/2024\/04\/received_893924924803931.jpeg?fit=1200%2C675&ssl=1&resize=350%2C200","width":350,"height":200,"srcset":"https:\/\/i0.wp.com\/www.shqiperia.com\/blog\/wp-content\/uploads\/2024\/04\/received_893924924803931.jpeg?fit=1200%2C675&ssl=1&resize=350%2C200 1x, https:\/\/i0.wp.com\/www.shqiperia.com\/blog\/wp-content\/uploads\/2024\/04\/received_893924924803931.jpeg?fit=1200%2C675&ssl=1&resize=525%2C300 1.5x, https:\/\/i0.wp.com\/www.shqiperia.com\/blog\/wp-content\/uploads\/2024\/04\/received_893924924803931.jpeg?fit=1200%2C675&ssl=1&resize=700%2C400 2x, https:\/\/i0.wp.com\/www.shqiperia.com\/blog\/wp-content\/uploads\/2024\/04\/received_893924924803931.jpeg?fit=1200%2C675&ssl=1&resize=1050%2C600 3x"},"classes":[]}],"_links":{"self":[{"href":"https:\/\/www.shqiperia.com\/blog\/wp-json\/wp\/v2\/posts\/95556","targetHints":{"allow":["GET"]}}],"collection":[{"href":"https:\/\/www.shqiperia.com\/blog\/wp-json\/wp\/v2\/posts"}],"about":[{"href":"https:\/\/www.shqiperia.com\/blog\/wp-json\/wp\/v2\/types\/post"}],"author":[{"embeddable":true,"href":"https:\/\/www.shqiperia.com\/blog\/wp-json\/wp\/v2\/users\/9"}],"replies":[{"embeddable":true,"href":"https:\/\/www.shqiperia.com\/blog\/wp-json\/wp\/v2\/comments?post=95556"}],"version-history":[{"count":1,"href":"https:\/\/www.shqiperia.com\/blog\/wp-json\/wp\/v2\/posts\/95556\/revisions"}],"predecessor-version":[{"id":95558,"href":"https:\/\/www.shqiperia.com\/blog\/wp-json\/wp\/v2\/posts\/95556\/revisions\/95558"}],"wp:featuredmedia":[{"embeddable":true,"href":"https:\/\/www.shqiperia.com\/blog\/wp-json\/wp\/v2\/media\/95557"}],"wp:attachment":[{"href":"https:\/\/www.shqiperia.com\/blog\/wp-json\/wp\/v2\/media?parent=95556"}],"wp:term":[{"taxonomy":"category","embeddable":true,"href":"https:\/\/www.shqiperia.com\/blog\/wp-json\/wp\/v2\/categories?post=95556"},{"taxonomy":"post_tag","embeddable":true,"href":"https:\/\/www.shqiperia.com\/blog\/wp-json\/wp\/v2\/tags?post=95556"}],"curies":[{"name":"wp","href":"https:\/\/api.w.org\/{rel}","templated":true}]}}