{"id":95553,"date":"2025-12-13T21:23:07","date_gmt":"2025-12-13T21:23:07","guid":{"rendered":"https:\/\/www.shqiperia.com\/blog\/?p=95553"},"modified":"2025-12-13T21:23:07","modified_gmt":"2025-12-13T21:23:07","slug":"perplasje-me-policine-ne-protesten-para-kryeministrise-lapaj-na-thoni-cilin-ligj-kemi-shkelur","status":"publish","type":"post","link":"https:\/\/www.shqiperia.com\/blog\/perplasje-me-policine-ne-protesten-para-kryeministrise-lapaj-na-thoni-cilin-ligj-kemi-shkelur\/","title":{"rendered":"P\u00ebrplasje me policin\u00eb n\u00eb protest\u00ebn para Kryeministris\u00eb, Lapaj: &#8211; Na thoni cilin ligj kemi shkelur?"},"content":{"rendered":"<p><img data-recalc-dims=\"1\" loading=\"lazy\" decoding=\"async\" data-attachment-id=\"95554\" data-permalink=\"https:\/\/www.shqiperia.com\/blog\/perplasje-me-policine-ne-protesten-para-kryeministrise-lapaj-na-thoni-cilin-ligj-kemi-shkelur\/adriatik-lapaj2-433x300\/\" data-orig-file=\"https:\/\/i0.wp.com\/www.shqiperia.com\/blog\/wp-content\/uploads\/2025\/12\/adriatik-lapaj2-433x300-1.jpg?fit=433%2C300&amp;ssl=1\" data-orig-size=\"433,300\" data-comments-opened=\"1\" data-image-meta=\"{&quot;aperture&quot;:&quot;0&quot;,&quot;credit&quot;:&quot;&quot;,&quot;camera&quot;:&quot;&quot;,&quot;caption&quot;:&quot;&quot;,&quot;created_timestamp&quot;:&quot;0&quot;,&quot;copyright&quot;:&quot;&quot;,&quot;focal_length&quot;:&quot;0&quot;,&quot;iso&quot;:&quot;0&quot;,&quot;shutter_speed&quot;:&quot;0&quot;,&quot;title&quot;:&quot;&quot;,&quot;orientation&quot;:&quot;0&quot;}\" data-image-title=\"adriatik-lapaj2-433&#215;300\" data-image-description=\"\" data-image-caption=\"\" data-medium-file=\"https:\/\/i0.wp.com\/www.shqiperia.com\/blog\/wp-content\/uploads\/2025\/12\/adriatik-lapaj2-433x300-1.jpg?fit=300%2C208&amp;ssl=1\" data-large-file=\"https:\/\/i0.wp.com\/www.shqiperia.com\/blog\/wp-content\/uploads\/2025\/12\/adriatik-lapaj2-433x300-1.jpg?fit=433%2C300&amp;ssl=1\" class=\"alignnone  wp-image-95554\" alt=\"\" src=\"https:\/\/i0.wp.com\/www.shqiperia.com\/blog\/wp-content\/uploads\/2025\/12\/adriatik-lapaj2-433x300-1.jpg?resize=607%2C421&#038;ssl=1\" width=\"607\" height=\"421\" srcset=\"https:\/\/i0.wp.com\/www.shqiperia.com\/blog\/wp-content\/uploads\/2025\/12\/adriatik-lapaj2-433x300-1.jpg?resize=300%2C208&amp;ssl=1 300w, https:\/\/i0.wp.com\/www.shqiperia.com\/blog\/wp-content\/uploads\/2025\/12\/adriatik-lapaj2-433x300-1.jpg?resize=400%2C277&amp;ssl=1 400w, https:\/\/i0.wp.com\/www.shqiperia.com\/blog\/wp-content\/uploads\/2025\/12\/adriatik-lapaj2-433x300-1.jpg?w=433&amp;ssl=1 433w\" sizes=\"auto, (max-width: 607px) 100vw, 607px\" \/><\/p>\n<p><strong>13 Dhjetor 2025<\/strong><\/p>\n<p><strong>Ka vijuar me tensione protesta e sotme e Adriatik Lapajt dhe mb\u00ebshtet\u00ebsve t\u00eb Shqip\u00ebria B\u00ebhet p\u00ebrpara kryeministris\u00eb. Policia ka nd\u00ebrhyr\u00eb ndaj protestuesve duke iu k\u00ebrkuar t\u00eb lirojn\u00eb trotuarin p\u00ebrpara kryeministris\u00eb.<\/strong><\/p>\n<p>Lapaj ka debatuar me forcat e rendit, duke th\u00ebn\u00eb se ka leje p\u00ebr k\u00ebt\u00eb tubim.<\/p>\n<p><em>\u201cNa thoni cilin ligj kemi shkelur?\u201d, thot\u00eb Lapaj<\/em><\/p>\n<p>Nd\u00ebrkoh\u00eb policia ka k\u00ebrkuar heqjen e nj\u00eb gjeneratori p\u00ebr energjin\u00eb elektrike, si dhe karrigeve aty pran\u00eb.<\/p>\n<p>Protestuesit pretendojn\u00eb se jan\u00eb konform ligjit dhe nuk e kan\u00eb shkelur at\u00eb, pasi ka t\u00eb b\u00ebj\u00eb me nj\u00eb protest\u00eb t\u00eb rregullt.<\/p>\n","protected":false},"excerpt":{"rendered":"<p>13 Dhjetor 2025 Ka vijuar me tensione protesta e sotme e Adriatik Lapajt dhe mb\u00ebshtet\u00ebsve t\u00eb Shqip\u00ebria B\u00ebhet p\u00ebrpara kryeministris\u00eb. Policia ka nd\u00ebrhyr\u00eb ndaj protestuesve duke iu k\u00ebrkuar t\u00eb lirojn\u00eb trotuarin p\u00ebrpara kryeministris\u00eb. Lapaj ka debatuar me forcat e rendit, duke th\u00ebn\u00eb se ka leje p\u00ebr k\u00ebt\u00eb tubim. \u201cNa thoni cilin ligj kemi shkelur?\u201d, thot\u00eb [&hellip;]<\/p>\n","protected":false},"author":9,"featured_media":95554,"comment_status":"open","ping_status":"open","sticky":false,"template":"","format":"standard","meta":{"jetpack_post_was_ever_published":false,"_jetpack_newsletter_access":"","_jetpack_dont_email_post_to_subs":false,"_jetpack_newsletter_tier_id":0,"_jetpack_memberships_contains_paywalled_content":false,"_jetpack_memberships_contains_paid_content":false,"footnotes":"","jetpack_publicize_message":"","jetpack_publicize_feature_enabled":true,"jetpack_social_post_already_shared":true,"jetpack_social_options":{"image_generator_settings":{"template":"highway","default_image_id":0,"font":"","enabled":false},"version":2}},"categories":[27,1,2],"tags":[],"class_list":["post-95553","post","type-post","status-publish","format-standard","has-post-thumbnail","hentry","category-blogu-i-udhetarit","category-njoftime-shtypi","category-politika"],"jetpack_publicize_connections":[],"jetpack_featured_media_url":"https:\/\/i0.wp.com\/www.shqiperia.com\/blog\/wp-content\/uploads\/2025\/12\/adriatik-lapaj2-433x300-1.jpg?fit=433%2C300&ssl=1","jetpack_sharing_enabled":true,"jetpack_shortlink":"https:\/\/wp.me\/p5Z6wp-oRb","jetpack-related-posts":[{"id":55629,"url":"https:\/\/www.shqiperia.com\/blog\/perplasjet-para-kryeministrise-adriatik-lapaj-thirrje-policise-i-therrisni-mendjes-nuk-zgjidhet-ceshtja-me-dhune\/","url_meta":{"origin":95553,"position":0},"title":"P\u00ebrplasjet para kryeministris\u00eb, Adriatik Lapaj thirrje policis\u00eb: &#8211; I th\u00ebrrisni mendjes! Nuk zgjidhet \u00e7\u00ebshtja me dhun\u00eb","author":"Kurt Farka","date":"March 19, 2022","format":false,"excerpt":"P\u00ebrplasjet para kryeministris\u00eb, Adriatik Lapaj thirrje policis\u00eb: - I th\u00ebrrisni mendjes! Nuk zgjidhet \u00e7\u00ebshtja me dhun\u00eb 19 MARS 2022 Aktivisti Adriatik Lapaj ka kritikuar l\u00ebvizjen e Policis\u00eb s\u00eb Shtetit p\u00ebr t\u00eb shp\u00ebrndar\u00eb protestuesit p\u00ebrpara Kryeministris\u00eb. N\u00eb nj\u00eb prononcim p\u00ebr mediat, Lapaj thot\u00eb se kjo nuk \u00ebsht\u00eb zgjidhja e duhur p\u00ebr\u2026","rel":"","context":"In &quot;Blogu i Udh\u00ebtarit&quot;","block_context":{"text":"Blogu i Udh\u00ebtarit","link":"https:\/\/www.shqiperia.com\/blog\/category\/blogu-i-udhetarit\/"},"img":{"alt_text":"","src":"https:\/\/i0.wp.com\/www.shqiperia.com\/blog\/wp-content\/uploads\/2022\/03\/800-0-18c2f77e2e01332f5f06580705f5a948.jpg?fit=800%2C429&ssl=1&resize=350%2C200","width":350,"height":200,"srcset":"https:\/\/i0.wp.com\/www.shqiperia.com\/blog\/wp-content\/uploads\/2022\/03\/800-0-18c2f77e2e01332f5f06580705f5a948.jpg?fit=800%2C429&ssl=1&resize=350%2C200 1x, https:\/\/i0.wp.com\/www.shqiperia.com\/blog\/wp-content\/uploads\/2022\/03\/800-0-18c2f77e2e01332f5f06580705f5a948.jpg?fit=800%2C429&ssl=1&resize=525%2C300 1.5x, https:\/\/i0.wp.com\/www.shqiperia.com\/blog\/wp-content\/uploads\/2022\/03\/800-0-18c2f77e2e01332f5f06580705f5a948.jpg?fit=800%2C429&ssl=1&resize=700%2C400 2x"},"classes":[]},{"id":95732,"url":"https:\/\/www.shqiperia.com\/blog\/adritatik-lapaj-koha-qe-brezi-i-ri-te-bashkohet\/","url_meta":{"origin":95553,"position":1},"title":"Adritatik Lapaj:  &#8211; Koha q\u00eb brezi i ri t\u00eb bashkohet","author":"Kurt Farka","date":"December 20, 2025","format":false,"excerpt":"20 Dhjetor 2025 Kreu i L\u00ebvizjes \u201cShqip\u00ebria B\u00ebhet\u201d, Adriatik Lapaj n\u00eb protest\u00ebn para Kryeministris\u00eb ka k\u00ebrkuar dor\u00ebheqjen e kreut t\u00eb qeveris\u00eb, Edi Rama. Lapaj ftoi qytetar\u00ebt t\u2019i bashkohen n\u00eb tubim, nd\u00ebrsa theksoi se kryeministri nuk i ka mbajtur premtimet e b\u00ebra. Ai u shpreh se \u201cnuk tremben nga procedimet penale\u201d,\u2026","rel":"","context":"In &quot;Blogu i Udh\u00ebtarit&quot;","block_context":{"text":"Blogu i Udh\u00ebtarit","link":"https:\/\/www.shqiperia.com\/blog\/category\/blogu-i-udhetarit\/"},"img":{"alt_text":"","src":"https:\/\/i0.wp.com\/www.shqiperia.com\/blog\/wp-content\/uploads\/2025\/12\/proteste-lapaj.jpg?fit=1200%2C601&ssl=1&resize=350%2C200","width":350,"height":200,"srcset":"https:\/\/i0.wp.com\/www.shqiperia.com\/blog\/wp-content\/uploads\/2025\/12\/proteste-lapaj.jpg?fit=1200%2C601&ssl=1&resize=350%2C200 1x, https:\/\/i0.wp.com\/www.shqiperia.com\/blog\/wp-content\/uploads\/2025\/12\/proteste-lapaj.jpg?fit=1200%2C601&ssl=1&resize=525%2C300 1.5x, https:\/\/i0.wp.com\/www.shqiperia.com\/blog\/wp-content\/uploads\/2025\/12\/proteste-lapaj.jpg?fit=1200%2C601&ssl=1&resize=700%2C400 2x, https:\/\/i0.wp.com\/www.shqiperia.com\/blog\/wp-content\/uploads\/2025\/12\/proteste-lapaj.jpg?fit=1200%2C601&ssl=1&resize=1050%2C600 3x"},"classes":[]},{"id":95503,"url":"https:\/\/www.shqiperia.com\/blog\/adriatik-lapaj-sfidues-nuk-largohem-nga-sheshi-bashkimi-masiv-i-qytetareve-mund-ta-rrezoje-qeverine\/","url_meta":{"origin":95553,"position":2},"title":"Adriatik Lapaj sfidues\/ Nuk largohem nga sheshi, bashkimi masiv i qytetar\u00ebve mund ta rr\u00ebzoj\u00eb qeverin\u00eb","author":"Kurt Farka","date":"December 11, 2025","format":false,"excerpt":"11 Dhjetor 2025 Kreu i Shqip\u00ebria B\u00ebhet, Adriatik Lapaj foli n\u00eb lidhje direkte nga sheshi p\u00ebrpara kryeministris\u00eb ku ndodhet prej dy dit\u00ebsh pa u larguar duke protestuar. Lapaj thot\u00eb se nuk largohet nga sheshi pa dh\u00ebn\u00eb dor\u00ebheqjen kryeministri Edi Rama. Sipas tij, n\u00ebse njer\u00ebzit bashkohen procesi shkurtohet dhe Rama do\u2026","rel":"","context":"In &quot;Blogu i Udh\u00ebtarit&quot;","block_context":{"text":"Blogu i Udh\u00ebtarit","link":"https:\/\/www.shqiperia.com\/blog\/category\/blogu-i-udhetarit\/"},"img":{"alt_text":"","src":"https:\/\/i0.wp.com\/www.shqiperia.com\/blog\/wp-content\/uploads\/2025\/12\/Capture-516-1.jpg?fit=491%2C365&ssl=1&resize=350%2C200","width":350,"height":200},"classes":[]},{"id":95861,"url":"https:\/\/www.shqiperia.com\/blog\/lapaj-vendoset-te-kryeministria-duhet-bashkim-pertej-flamujve-politike-rama-nuk-largohet-me-turizem-protestash\/","url_meta":{"origin":95553,"position":3},"title":"Lapaj vendoset te Kryeministria: &#8211; Duhet bashkim p\u00ebrtej flamujve politike. &#8211; Rama nuk largohet me \u2018turiz\u00ebm protestash\u2019","author":"Kurt Farka","date":"December 22, 2025","format":false,"excerpt":"22 Dhjetor 2025 Kreu i L\u00ebvizjes \u201cShqip\u00ebria B\u00ebhet\u201d Adriatik Lapaj pas p\u00ebrfundimit t\u00eb protest\u00ebs s\u00eb Berish\u00ebs, \u00ebsht\u00eb vendosur te Kryeministria. Gjat\u00eb fjal\u00ebs s\u00eb tij Lapaj tha se Rama dhe regjimi i tij nuk mundet dot me kapsolla. Ai b\u00ebri thirrje p\u00ebr rezistenc\u00eb dhe protesta masive. \u201cP\u00ebr dy or\u00eb hym\u00eb n\u00eb\u2026","rel":"","context":"In &quot;Blogu i Udh\u00ebtarit&quot;","block_context":{"text":"Blogu i Udh\u00ebtarit","link":"https:\/\/www.shqiperia.com\/blog\/category\/blogu-i-udhetarit\/"},"img":{"alt_text":"","src":"https:\/\/i0.wp.com\/www.shqiperia.com\/blog\/wp-content\/uploads\/2025\/12\/Lapaj-Berisha-rotated.jpg?fit=900%2C498&ssl=1&resize=350%2C200","width":350,"height":200,"srcset":"https:\/\/i0.wp.com\/www.shqiperia.com\/blog\/wp-content\/uploads\/2025\/12\/Lapaj-Berisha-rotated.jpg?fit=900%2C498&ssl=1&resize=350%2C200 1x, https:\/\/i0.wp.com\/www.shqiperia.com\/blog\/wp-content\/uploads\/2025\/12\/Lapaj-Berisha-rotated.jpg?fit=900%2C498&ssl=1&resize=525%2C300 1.5x, https:\/\/i0.wp.com\/www.shqiperia.com\/blog\/wp-content\/uploads\/2025\/12\/Lapaj-Berisha-rotated.jpg?fit=900%2C498&ssl=1&resize=700%2C400 2x"},"classes":[]},{"id":95597,"url":"https:\/\/www.shqiperia.com\/blog\/harmonizohen-veprimtarit-e-opozites-berisha-gati-per-te-shkuar-tek-foltorja-lapaj-i-liron-vendin-dhe-zhvendos-protesten-disa-metra-me-tutje\/","url_meta":{"origin":95553,"position":4},"title":"Harmonizohen veprimtarit e Opozites. Berisha gati p\u00ebr t\u00eb shkuar tek \u2018Foltorja\u2019, Lapaj i \u2018liron\u2019 vendin dhe zhvendos protest\u00ebn disa metra m\u00eb tutje","author":"Kurt Farka","date":"December 15, 2025","format":false,"excerpt":"15 Dhjetor 2025 Kreu i Partis\u00eb \u2018Shqip\u00ebria B\u00ebhet\u2019 ka vendosur ta zhvendos\u00eb protest\u00ebn e tij disa metra m\u00eb tutje Kryeministris\u00eb. Pak para se Sali Berisha t\u00eb mbledh\u00eb \u2018Foltoren\u2019 si \u00e7do t\u00eb h\u00ebn\u00eb, Adriatika Lapaj ka vendosur ti liroj\u00eb vendin kreu t\u00eb PD-s\u00eb. Lapaj ka vendosur q\u00eb protest\u00ebn e tij q\u00eb\u2026","rel":"","context":"In &quot;Blogu i Udh\u00ebtarit&quot;","block_context":{"text":"Blogu i Udh\u00ebtarit","link":"https:\/\/www.shqiperia.com\/blog\/category\/blogu-i-udhetarit\/"},"img":{"alt_text":"","src":"https:\/\/i0.wp.com\/www.shqiperia.com\/blog\/wp-content\/uploads\/2025\/12\/lapajjjj_sd.webp?fit=1200%2C675&ssl=1&resize=350%2C200","width":350,"height":200,"srcset":"https:\/\/i0.wp.com\/www.shqiperia.com\/blog\/wp-content\/uploads\/2025\/12\/lapajjjj_sd.webp?fit=1200%2C675&ssl=1&resize=350%2C200 1x, https:\/\/i0.wp.com\/www.shqiperia.com\/blog\/wp-content\/uploads\/2025\/12\/lapajjjj_sd.webp?fit=1200%2C675&ssl=1&resize=525%2C300 1.5x, https:\/\/i0.wp.com\/www.shqiperia.com\/blog\/wp-content\/uploads\/2025\/12\/lapajjjj_sd.webp?fit=1200%2C675&ssl=1&resize=700%2C400 2x, https:\/\/i0.wp.com\/www.shqiperia.com\/blog\/wp-content\/uploads\/2025\/12\/lapajjjj_sd.webp?fit=1200%2C675&ssl=1&resize=1050%2C600 3x"},"classes":[]},{"id":95729,"url":"https:\/\/www.shqiperia.com\/blog\/sme-trembin-procedimet-lapaj-thirrje-rames-poshte-zyres-se-tij-dorehiqu-koha-qe-brezi-i-ri-te-na-bashkohet\/","url_meta":{"origin":95553,"position":5},"title":"\u201cS\u2019m\u00eb trembin procedimet\u201d, Lapaj thirrje Ram\u00ebs posht\u00eb zyr\u00ebs s\u00eb tij: Dor\u00ebhiqu! Koha q\u00eb brezi i ri t\u00eb na bashkohet!","author":"Kurt Farka","date":"December 20, 2025","format":false,"excerpt":"20 Dhjetor 2025 Nga protesta para Kryeministris\u00eb e L\u00ebvizjes \u2018Shqip\u00ebria B\u00ebhet\u2019, Adriatik Lapaj l\u00ebshoi nj\u00eb lum\u00eb me akuza n\u00eb drejtim t\u00eb kryeministrit Edi Rama. Ai tha se Rama ka vjedhur masivisht nga shqiptar\u00ebt. \u201cFtoj qytetar\u00ebt t\u00eb bashkohen dhe q\u00eb Rama t\u00eb dor\u00ebhiqet. Premtimet q\u00eb dha, Rama g\u00ebnjeu dhe nuk i\u2026","rel":"","context":"In &quot;Blogu i Udh\u00ebtarit&quot;","block_context":{"text":"Blogu i Udh\u00ebtarit","link":"https:\/\/www.shqiperia.com\/blog\/category\/blogu-i-udhetarit\/"},"img":{"alt_text":"","src":"https:\/\/i0.wp.com\/www.shqiperia.com\/blog\/wp-content\/uploads\/2025\/12\/PROTESTA-2.jpg?fit=871%2C478&ssl=1&resize=350%2C200","width":350,"height":200,"srcset":"https:\/\/i0.wp.com\/www.shqiperia.com\/blog\/wp-content\/uploads\/2025\/12\/PROTESTA-2.jpg?fit=871%2C478&ssl=1&resize=350%2C200 1x, https:\/\/i0.wp.com\/www.shqiperia.com\/blog\/wp-content\/uploads\/2025\/12\/PROTESTA-2.jpg?fit=871%2C478&ssl=1&resize=525%2C300 1.5x, https:\/\/i0.wp.com\/www.shqiperia.com\/blog\/wp-content\/uploads\/2025\/12\/PROTESTA-2.jpg?fit=871%2C478&ssl=1&resize=700%2C400 2x"},"classes":[]}],"_links":{"self":[{"href":"https:\/\/www.shqiperia.com\/blog\/wp-json\/wp\/v2\/posts\/95553","targetHints":{"allow":["GET"]}}],"collection":[{"href":"https:\/\/www.shqiperia.com\/blog\/wp-json\/wp\/v2\/posts"}],"about":[{"href":"https:\/\/www.shqiperia.com\/blog\/wp-json\/wp\/v2\/types\/post"}],"author":[{"embeddable":true,"href":"https:\/\/www.shqiperia.com\/blog\/wp-json\/wp\/v2\/users\/9"}],"replies":[{"embeddable":true,"href":"https:\/\/www.shqiperia.com\/blog\/wp-json\/wp\/v2\/comments?post=95553"}],"version-history":[{"count":1,"href":"https:\/\/www.shqiperia.com\/blog\/wp-json\/wp\/v2\/posts\/95553\/revisions"}],"predecessor-version":[{"id":95555,"href":"https:\/\/www.shqiperia.com\/blog\/wp-json\/wp\/v2\/posts\/95553\/revisions\/95555"}],"wp:featuredmedia":[{"embeddable":true,"href":"https:\/\/www.shqiperia.com\/blog\/wp-json\/wp\/v2\/media\/95554"}],"wp:attachment":[{"href":"https:\/\/www.shqiperia.com\/blog\/wp-json\/wp\/v2\/media?parent=95553"}],"wp:term":[{"taxonomy":"category","embeddable":true,"href":"https:\/\/www.shqiperia.com\/blog\/wp-json\/wp\/v2\/categories?post=95553"},{"taxonomy":"post_tag","embeddable":true,"href":"https:\/\/www.shqiperia.com\/blog\/wp-json\/wp\/v2\/tags?post=95553"}],"curies":[{"name":"wp","href":"https:\/\/api.w.org\/{rel}","templated":true}]}}