{"id":95546,"date":"2025-12-13T18:56:27","date_gmt":"2025-12-13T18:56:27","guid":{"rendered":"https:\/\/www.shqiperia.com\/blog\/?p=95546"},"modified":"2025-12-13T18:56:27","modified_gmt":"2025-12-13T18:56:27","slug":"ngordhin-qindra-krere-shpende-ne-krapes-nuk-groposen-por-hidhen-ne-lumin-gjanice","status":"publish","type":"post","link":"https:\/\/www.shqiperia.com\/blog\/ngordhin-qindra-krere-shpende-ne-krapes-nuk-groposen-por-hidhen-ne-lumin-gjanice\/","title":{"rendered":"Ngordhin qindra krer\u00eb shpend\u00eb n\u00eb Krap\u00ebs, nuk groposen por hidhen n\u00eb lumin Gjanic\u00eb"},"content":{"rendered":"<p><img data-recalc-dims=\"1\" loading=\"lazy\" decoding=\"async\" data-attachment-id=\"95547\" data-permalink=\"https:\/\/www.shqiperia.com\/blog\/ngordhin-qindra-krere-shpende-ne-krapes-nuk-groposen-por-hidhen-ne-lumin-gjanice\/1762332655758_272\/\" data-orig-file=\"https:\/\/i0.wp.com\/www.shqiperia.com\/blog\/wp-content\/uploads\/2025\/12\/1762332655758_272.jpg?fit=1000%2C668&amp;ssl=1\" data-orig-size=\"1000,668\" data-comments-opened=\"1\" data-image-meta=\"{&quot;aperture&quot;:&quot;0&quot;,&quot;credit&quot;:&quot;&quot;,&quot;camera&quot;:&quot;&quot;,&quot;caption&quot;:&quot;&quot;,&quot;created_timestamp&quot;:&quot;0&quot;,&quot;copyright&quot;:&quot;&quot;,&quot;focal_length&quot;:&quot;0&quot;,&quot;iso&quot;:&quot;0&quot;,&quot;shutter_speed&quot;:&quot;0&quot;,&quot;title&quot;:&quot;&quot;,&quot;orientation&quot;:&quot;0&quot;}\" data-image-title=\"1762332655758_272\" data-image-description=\"\" data-image-caption=\"\" data-medium-file=\"https:\/\/i0.wp.com\/www.shqiperia.com\/blog\/wp-content\/uploads\/2025\/12\/1762332655758_272.jpg?fit=300%2C200&amp;ssl=1\" data-large-file=\"https:\/\/i0.wp.com\/www.shqiperia.com\/blog\/wp-content\/uploads\/2025\/12\/1762332655758_272.jpg?fit=1000%2C668&amp;ssl=1\" class=\"alignnone  wp-image-95547\" alt=\"\" src=\"https:\/\/i0.wp.com\/www.shqiperia.com\/blog\/wp-content\/uploads\/2025\/12\/1762332655758_272.jpg?resize=597%2C398&#038;ssl=1\" width=\"597\" height=\"398\" srcset=\"https:\/\/i0.wp.com\/www.shqiperia.com\/blog\/wp-content\/uploads\/2025\/12\/1762332655758_272.jpg?resize=300%2C200&amp;ssl=1 300w, https:\/\/i0.wp.com\/www.shqiperia.com\/blog\/wp-content\/uploads\/2025\/12\/1762332655758_272.jpg?resize=768%2C513&amp;ssl=1 768w, https:\/\/i0.wp.com\/www.shqiperia.com\/blog\/wp-content\/uploads\/2025\/12\/1762332655758_272.jpg?resize=600%2C401&amp;ssl=1 600w, https:\/\/i0.wp.com\/www.shqiperia.com\/blog\/wp-content\/uploads\/2025\/12\/1762332655758_272.jpg?resize=450%2C301&amp;ssl=1 450w, https:\/\/i0.wp.com\/www.shqiperia.com\/blog\/wp-content\/uploads\/2025\/12\/1762332655758_272.jpg?resize=400%2C267&amp;ssl=1 400w, https:\/\/i0.wp.com\/www.shqiperia.com\/blog\/wp-content\/uploads\/2025\/12\/1762332655758_272.jpg?w=1000&amp;ssl=1 1000w\" sizes=\"auto, (max-width: 597px) 100vw, 597px\" \/><\/p>\n<p>13 Dhjetor 2025<\/p>\n<p>Qindra shpend\u00eb kan\u00eb ngordhur brenda nj\u00eb kohe t\u00eb shkurt\u00ebr n\u00eb fshatin Kraps n\u00eb Fier, duke krijuar nj\u00eb situat\u00eb alarmante. Edhe pse ende nuk \u00ebsht\u00eb konfirmuar, dyshohet se ato jan\u00eb prekur nga gripi i shpend\u00ebve, nd\u00ebrsa banor\u00ebt akuzojn\u00eb autoritetet se nuk kan\u00eb shkuar p\u00ebr t\u00eb verifikuar gjendjen. Ajo q\u00eb e b\u00ebn situat\u00ebn edhe m\u00eb shqet\u00ebsuese \u00ebsht\u00eb m\u00ebnyra se si po trajtohen shpend\u00ebt e ngordhur, pasi nj\u00eb pjes\u00eb e tyre po groposen, por nj\u00eb num\u00ebr i konsideruesh\u00ebm po hidhen n\u00eb lumin Gjanic\u00eb, duke krijuar nj\u00eb katastrof\u00eb t\u00eb v\u00ebrtet\u00eb mjedisore<\/p>\n<p>Nj\u00eb situat\u00eb alarmante \u00ebsht\u00eb regjistruar n\u00eb fshatin Krap\u00ebs, n\u00eb nj\u00ebsin\u00eb administrative Port\u00ebz, bashkia Fier, ku qindra shpend\u00eb kan\u00eb ngordhur brenda nj\u00eb kohe t\u00eb shkurt\u00ebr, duke ngritur dyshime serioze p\u00ebr p\u00ebrhapjen e gripit t\u00eb shpend\u00ebve. Sipas banor\u00ebve t\u00eb zon\u00ebs, gjithcka ka ndodhur papritur, nd\u00ebrsa shpend\u00ebt kan\u00eb shfaqur simptoma t\u00eb r\u00ebnda p\u00ebrpara se t\u00eb ngordhnin. Frika p\u00ebr nj\u00eb s\u00ebmundje infektive \u00ebsht\u00eb e madhe, jo vet\u00ebm p\u00ebr fermat p\u00ebrreth, por edhe p\u00ebr sh\u00ebndetin publik.<\/p>\n<p>Ajo q\u00eb e b\u00ebn situat\u00ebn edhe m\u00eb shqet\u00ebsuese \u00ebsht\u00eb m\u00ebnyra se si po trajtohen shpend\u00ebt e ngordhur. Banor\u00ebt raportojn\u00eb se nj\u00eb pjes\u00eb e tyre po groposen, por nj\u00eb num\u00ebr i konsideruesh\u00ebm po hidhen n\u00eb lumin Gjanic\u00eb, duke krijuar nj\u00eb katastrof\u00eb t\u00eb v\u00ebrtet\u00eb mjedisore, pasi ky lum p\u00ebrshkon zona t\u00eb t\u00ebra t\u00eb banuara dhe derdhet n\u00eb det, duke rrezikuar p\u00ebrhapjen e ndotjes n\u00eb nj\u00eb shkall\u00eb shum\u00eb m\u00eb t\u00eb gjer\u00eb. Banor\u00ebt shprehen t\u00eb revoltuar dhe t\u00eb braktisur nga institucionet, pasi sipas tyre, deri m\u00eb tani asnj\u00eb p\u00ebrfaq\u00ebsues i autoriteteve t\u00eb Bujq\u00ebsis\u00eb apo sh\u00ebrbimeve veterinare nuk ka shkuar n\u00eb terren p\u00ebr t\u00eb verifikuar gjendjen.<\/p>\n<p>Situata k\u00ebrkon nd\u00ebrhyrje urgjente t\u00eb institucioneve p\u00ebrgjegj\u00ebse, p\u00ebr t\u00eb konstatuar shkakun e ngordhjes, p\u00ebr t\u00eb parandaluar p\u00ebrhapjen e mundshme t\u00eb s\u00ebmundjeve dhe p\u00ebr t\u00eb shmangur nj\u00eb ndotje t\u00eb pakthyeshme mjedisore<\/p>\n","protected":false},"excerpt":{"rendered":"<p>13 Dhjetor 2025 Qindra shpend\u00eb kan\u00eb ngordhur brenda nj\u00eb kohe t\u00eb shkurt\u00ebr n\u00eb fshatin Kraps n\u00eb Fier, duke krijuar nj\u00eb situat\u00eb alarmante. Edhe pse ende nuk \u00ebsht\u00eb konfirmuar, dyshohet se ato jan\u00eb prekur nga gripi i shpend\u00ebve, nd\u00ebrsa banor\u00ebt akuzojn\u00eb autoritetet se nuk kan\u00eb shkuar p\u00ebr t\u00eb verifikuar gjendjen. Ajo q\u00eb e b\u00ebn situat\u00ebn edhe [&hellip;]<\/p>\n","protected":false},"author":9,"featured_media":95547,"comment_status":"open","ping_status":"open","sticky":false,"template":"","format":"standard","meta":{"jetpack_post_was_ever_published":false,"_jetpack_newsletter_access":"","_jetpack_dont_email_post_to_subs":false,"_jetpack_newsletter_tier_id":0,"_jetpack_memberships_contains_paywalled_content":false,"_jetpack_memberships_contains_paid_content":false,"footnotes":"","jetpack_publicize_message":"","jetpack_publicize_feature_enabled":true,"jetpack_social_post_already_shared":true,"jetpack_social_options":{"image_generator_settings":{"template":"highway","default_image_id":0,"font":"","enabled":false},"version":2}},"categories":[27,1,35],"tags":[],"class_list":["post-95546","post","type-post","status-publish","format-standard","has-post-thumbnail","hentry","category-blogu-i-udhetarit","category-njoftime-shtypi","category-shoqerore"],"jetpack_publicize_connections":[],"jetpack_featured_media_url":"https:\/\/i0.wp.com\/www.shqiperia.com\/blog\/wp-content\/uploads\/2025\/12\/1762332655758_272.jpg?fit=1000%2C668&ssl=1","jetpack_sharing_enabled":true,"jetpack_shortlink":"https:\/\/wp.me\/p5Z6wp-oR4","jetpack-related-posts":[{"id":48332,"url":"https:\/\/www.shqiperia.com\/blog\/pas-variantit-delta-ne-permet-shqiperia-nuk-gjen-paqe-shfaqet-gripi-i-shpendeve-ne-fier\/","url_meta":{"origin":95546,"position":0},"title":"Pas variantit Delta n\u00eb P\u00ebrmet! Shqip\u00ebria nuk gjen &#8220;paqe&#8221;, shfaqet gripi i shpend\u00ebve n\u00eb Fier","author":"Kurt Farka","date":"July 7, 2021","format":false,"excerpt":"Pas variantit Delta n\u00eb P\u00ebrmet! Shqip\u00ebria nuk gjen \"paqe\", shfaqet gripi i shpend\u00ebve n\u00eb Fier 7 KORRIK 2021 Nga: GAZETA SHQIP Pak m\u00eb par\u00eb u njoftua se jan\u00eb shfaqur dy raste me simptoma t\u00eb ngjashme t\u00eb variantit t\u00eb ri Delta dyshohet se jan\u00eb identifikuar n\u00eb qarkun e Gjirokastr\u00ebs. B\u00ebhet fjal\u00eb\u2026","rel":"","context":"In &quot;Blogu i Udh\u00ebtarit&quot;","block_context":{"text":"Blogu i Udh\u00ebtarit","link":"https:\/\/www.shqiperia.com\/blog\/category\/blogu-i-udhetarit\/"},"img":{"alt_text":"","src":"https:\/\/i0.wp.com\/www.shqiperia.com\/blog\/wp-content\/uploads\/2021\/07\/640-0-60e589bb455f5.jpg?fit=640%2C362&ssl=1&resize=350%2C200","width":350,"height":200,"srcset":"https:\/\/i0.wp.com\/www.shqiperia.com\/blog\/wp-content\/uploads\/2021\/07\/640-0-60e589bb455f5.jpg?fit=640%2C362&ssl=1&resize=350%2C200 1x, https:\/\/i0.wp.com\/www.shqiperia.com\/blog\/wp-content\/uploads\/2021\/07\/640-0-60e589bb455f5.jpg?fit=640%2C362&ssl=1&resize=525%2C300 1.5x"},"classes":[]},{"id":56488,"url":"https:\/\/www.shqiperia.com\/blog\/zbulohet-vater-e-re-e-gripit-te-shpendeve-ne-shkoder\/","url_meta":{"origin":95546,"position":1},"title":"Zbulohet vat\u00ebr e re e Gripit te shpendeve n\u00eb Shkod\u00ebr. &#8211; Ja sa jan\u00eb n\u00eb gjith\u00eb vendin dhe apeli q\u00eb b\u00ebjn\u00eb autoritetet","author":"Kurt Farka","date":"April 8, 2022","format":false,"excerpt":"Zbulohet vat\u00ebr e re e Gripit te shpendeve n\u00eb Shkod\u00ebr. - Ja sa jan\u00eb n\u00eb gjith\u00eb vendin dhe apeli q\u00eb b\u00ebjn\u00eb autoritetet 8 Mars 2022 At\u00ebher\u00eb kur mendonim se gripi i shpend\u00ebve ishte izoluar, ndodh ajo q\u00eb nuk pritej. Pas dhjet\u00eb dit\u00ebsh qet\u00ebsi, zbulohet nj\u00eb vat\u00ebr e re, duke zgjuar\u2026","rel":"","context":"In &quot;Blogu i Udh\u00ebtarit&quot;","block_context":{"text":"Blogu i Udh\u00ebtarit","link":"https:\/\/www.shqiperia.com\/blog\/category\/blogu-i-udhetarit\/"},"img":{"alt_text":"","src":"https:\/\/i0.wp.com\/www.shqiperia.com\/blog\/wp-content\/uploads\/2022\/04\/pulat-e-ngordhura-dhe-te-infektuara.jpg?fit=640%2C405&ssl=1&resize=350%2C200","width":350,"height":200,"srcset":"https:\/\/i0.wp.com\/www.shqiperia.com\/blog\/wp-content\/uploads\/2022\/04\/pulat-e-ngordhura-dhe-te-infektuara.jpg?fit=640%2C405&ssl=1&resize=350%2C200 1x, https:\/\/i0.wp.com\/www.shqiperia.com\/blog\/wp-content\/uploads\/2022\/04\/pulat-e-ngordhura-dhe-te-infektuara.jpg?fit=640%2C405&ssl=1&resize=525%2C300 1.5x"},"classes":[]},{"id":33648,"url":"https:\/\/www.shqiperia.com\/blog\/masaker-ne-pyjet-e-shqiperise-gjahtaret-vrasin-kafshe-dhe-shpende-te-rralla\/","url_meta":{"origin":95546,"position":2},"title":"Masak\u00ebr n\u00eb pyjet e Shqip\u00ebris\u00eb, gjahtar\u00ebt vrasin kafsh\u00eb dhe shpend\u00eb t\u00eb rralla","author":"Kurt Farka","date":"April 22, 2020","format":false,"excerpt":"Masak\u00ebr n\u00eb pyjet e Shqip\u00ebris\u00eb, gjahtar\u00ebt vrasin kafsh\u00eb dhe shpend\u00eb t\u00eb rralla 19 Prill 2020 Moratoriumi i gjuetis\u00eb, pavar\u00ebsisht se ka vite q\u00eb \u00ebsht\u00eb vendosur duket se jo p\u00ebr t\u00eb gjith\u00eb ka dh\u00ebn\u00eb efektet e parashikuara duke mos u respektuar nga nj\u00eb pjes\u00eb. Teksa vendi vazhdon t\u00eb jet\u00eb pjes\u00ebrisht i\u2026","rel":"","context":"In &quot;Blogu i Udh\u00ebtarit&quot;","block_context":{"text":"Blogu i Udh\u00ebtarit","link":"https:\/\/www.shqiperia.com\/blog\/category\/blogu-i-udhetarit\/"},"img":{"alt_text":"","src":"https:\/\/i0.wp.com\/www.shqiperia.com\/blog\/wp-content\/uploads\/2020\/04\/93221625_684333329043915_8545657855749914624_n-1.jpg?fit=479%2C299&ssl=1&resize=350%2C200","width":350,"height":200},"classes":[]},{"id":55925,"url":"https:\/\/www.shqiperia.com\/blog\/pulat-e-ngordhura-nga-gripi-ben-vaki-si-kane-groposur-i-bejne-sallam\/","url_meta":{"origin":95546,"position":3},"title":"Pulat e ngordhura nga Gripi: &#8211; B\u00ebn vaki s&#8217;i kan\u00eb groposur, i b\u00ebjn\u00eb sallam","author":"Kurt Farka","date":"March 24, 2022","format":false,"excerpt":"Pulat e ngordhura nga Gripi: - B\u00ebn vaki s'i kan\u00eb groposur, i b\u00ebjn\u00eb sallam Nga Inelda Vallja, Edi Ru\u00e7i, Mark Brunga 24 Mars 2022 Mbi 382 mij\u00eb shpend\u00eb p\u00ebrllogaritet se kan\u00eb ngordhur si pasoj\u00eb e gripit t\u00eb shpend\u00ebve n\u00eb vendin ton\u00eb sipas t\u00eb dh\u00ebnave t\u00eb ministris\u00eb s\u00eb Bujq\u00ebsis\u00eb. Tregtimi dhe\u2026","rel":"","context":"In &quot;Blogu i Udh\u00ebtarit&quot;","block_context":{"text":"Blogu i Udh\u00ebtarit","link":"https:\/\/www.shqiperia.com\/blog\/category\/blogu-i-udhetarit\/"},"img":{"alt_text":"","src":"https:\/\/i0.wp.com\/www.shqiperia.com\/blog\/wp-content\/uploads\/2022\/03\/640-0-2048859543db943fb89f25270bcd25ba.jpg?fit=640%2C357&ssl=1&resize=350%2C200","width":350,"height":200,"srcset":"https:\/\/i0.wp.com\/www.shqiperia.com\/blog\/wp-content\/uploads\/2022\/03\/640-0-2048859543db943fb89f25270bcd25ba.jpg?fit=640%2C357&ssl=1&resize=350%2C200 1x, https:\/\/i0.wp.com\/www.shqiperia.com\/blog\/wp-content\/uploads\/2022\/03\/640-0-2048859543db943fb89f25270bcd25ba.jpg?fit=640%2C357&ssl=1&resize=525%2C300 1.5x"},"classes":[]},{"id":87994,"url":"https:\/\/www.shqiperia.com\/blog\/ngordhje-masive-e-shpendeve-ne-plazhin-e-vjeter-vlore-arsye-dyshohet-gripi-i-shpendeve-dhe\/","url_meta":{"origin":95546,"position":4},"title":"Ngordhje masive e shpend\u00ebve n\u00eb Plazhin e Vjet\u00ebr Vlore, arsye dyshohet gripi i shpend\u00ebve dhe&#8230;","author":"Kurt Farka","date":"January 4, 2025","format":false,"excerpt":"4 Janar 2025 Nj\u00eb ngjarje shqet\u00ebsuese \u00ebsht\u00eb raportuar n\u00eb Plazhin e Vjet\u00ebr, ku jan\u00eb gjetur dhjet\u00ebra shpend\u00eb t\u00eb ngordhur, p\u00ebrfshir\u00eb lejlek\u00eb dhe specie t\u00eb tjera t\u00eb faun\u00ebs s\u00eb eg\u00ebr. Kjo situat\u00eb ka ngritur alarmin p\u00ebr sh\u00ebndetin publik dhe at\u00eb mjedisor, duke shqet\u00ebsuar qytetar\u00ebt q\u00eb frekuentojn\u00eb zon\u00ebn p\u00ebr ecje dhe aktivitete\u2026","rel":"","context":"In &quot;Blogu i Udh\u00ebtarit&quot;","block_context":{"text":"Blogu i Udh\u00ebtarit","link":"https:\/\/www.shqiperia.com\/blog\/category\/blogu-i-udhetarit\/"},"img":{"alt_text":"","src":"https:\/\/i0.wp.com\/www.shqiperia.com\/blog\/wp-content\/uploads\/2025\/01\/shpend-i-ngordhur.jpg?fit=589%2C403&ssl=1&resize=350%2C200","width":350,"height":200,"srcset":"https:\/\/i0.wp.com\/www.shqiperia.com\/blog\/wp-content\/uploads\/2025\/01\/shpend-i-ngordhur.jpg?fit=589%2C403&ssl=1&resize=350%2C200 1x, https:\/\/i0.wp.com\/www.shqiperia.com\/blog\/wp-content\/uploads\/2025\/01\/shpend-i-ngordhur.jpg?fit=589%2C403&ssl=1&resize=525%2C300 1.5x"},"classes":[]},{"id":55352,"url":"https:\/\/www.shqiperia.com\/blog\/shfaqet-gripi-i-shpendeve-h5n1-rreth-600-pelikane-te-ngordhur-ne-prespen-e-vogel\/","url_meta":{"origin":95546,"position":5},"title":"Shfaqet gripi i shpend\u00ebve H5N1, rreth 600 pelikan\u00eb t\u00eb ngordhur n\u00eb Presp\u00ebn e Vog\u00ebl","author":"Kurt Farka","date":"March 13, 2022","format":false,"excerpt":"Shfaqet gripi i shpend\u00ebve H5N1, rreth 600 pelikan\u00eb t\u00eb ngordhur n\u00eb Presp\u00ebn e Vog\u00ebl 11 Mars 2022 Pelikan\u00ebt roz\u00eb mb\u00ebrrijn\u00eb n\u00eb Presp\u00eb nga zonat e tyre t\u00eb dim\u00ebrimit t\u00eb ndodhura n\u00eb Afrik\u00ebn Sub-Sahariane. Nj\u00eb shp\u00ebrthim i fort\u00eb i Gripit t\u00eb Shpend\u00ebve po v\u00ebrehet k\u00ebto dit\u00ebt e fundit n\u00eb n\u00eb kolonin\u00eb\u2026","rel":"","context":"In &quot;Blogu i Udh\u00ebtarit&quot;","block_context":{"text":"Blogu i Udh\u00ebtarit","link":"https:\/\/www.shqiperia.com\/blog\/category\/blogu-i-udhetarit\/"},"img":{"alt_text":"","src":"https:\/\/i0.wp.com\/www.shqiperia.com\/blog\/wp-content\/uploads\/2022\/03\/Shfaqet-gripi-i-shpendeve-H5N1-rreth-600-pelikane-te-ngordhur-ne-Prespen-e-Vogel-Mars-2022-2.jpg?fit=905%2C450&ssl=1&resize=350%2C200","width":350,"height":200,"srcset":"https:\/\/i0.wp.com\/www.shqiperia.com\/blog\/wp-content\/uploads\/2022\/03\/Shfaqet-gripi-i-shpendeve-H5N1-rreth-600-pelikane-te-ngordhur-ne-Prespen-e-Vogel-Mars-2022-2.jpg?fit=905%2C450&ssl=1&resize=350%2C200 1x, https:\/\/i0.wp.com\/www.shqiperia.com\/blog\/wp-content\/uploads\/2022\/03\/Shfaqet-gripi-i-shpendeve-H5N1-rreth-600-pelikane-te-ngordhur-ne-Prespen-e-Vogel-Mars-2022-2.jpg?fit=905%2C450&ssl=1&resize=525%2C300 1.5x, https:\/\/i0.wp.com\/www.shqiperia.com\/blog\/wp-content\/uploads\/2022\/03\/Shfaqet-gripi-i-shpendeve-H5N1-rreth-600-pelikane-te-ngordhur-ne-Prespen-e-Vogel-Mars-2022-2.jpg?fit=905%2C450&ssl=1&resize=700%2C400 2x"},"classes":[]}],"_links":{"self":[{"href":"https:\/\/www.shqiperia.com\/blog\/wp-json\/wp\/v2\/posts\/95546","targetHints":{"allow":["GET"]}}],"collection":[{"href":"https:\/\/www.shqiperia.com\/blog\/wp-json\/wp\/v2\/posts"}],"about":[{"href":"https:\/\/www.shqiperia.com\/blog\/wp-json\/wp\/v2\/types\/post"}],"author":[{"embeddable":true,"href":"https:\/\/www.shqiperia.com\/blog\/wp-json\/wp\/v2\/users\/9"}],"replies":[{"embeddable":true,"href":"https:\/\/www.shqiperia.com\/blog\/wp-json\/wp\/v2\/comments?post=95546"}],"version-history":[{"count":1,"href":"https:\/\/www.shqiperia.com\/blog\/wp-json\/wp\/v2\/posts\/95546\/revisions"}],"predecessor-version":[{"id":95548,"href":"https:\/\/www.shqiperia.com\/blog\/wp-json\/wp\/v2\/posts\/95546\/revisions\/95548"}],"wp:featuredmedia":[{"embeddable":true,"href":"https:\/\/www.shqiperia.com\/blog\/wp-json\/wp\/v2\/media\/95547"}],"wp:attachment":[{"href":"https:\/\/www.shqiperia.com\/blog\/wp-json\/wp\/v2\/media?parent=95546"}],"wp:term":[{"taxonomy":"category","embeddable":true,"href":"https:\/\/www.shqiperia.com\/blog\/wp-json\/wp\/v2\/categories?post=95546"},{"taxonomy":"post_tag","embeddable":true,"href":"https:\/\/www.shqiperia.com\/blog\/wp-json\/wp\/v2\/tags?post=95546"}],"curies":[{"name":"wp","href":"https:\/\/api.w.org\/{rel}","templated":true}]}}