{"id":95540,"date":"2025-12-13T14:17:56","date_gmt":"2025-12-13T14:17:56","guid":{"rendered":"https:\/\/www.shqiperia.com\/blog\/?p=95540"},"modified":"2025-12-13T16:51:05","modified_gmt":"2025-12-13T16:51:05","slug":"debati-per-vendimin-e-kushtetueses-tre-gjyqtare-te-karrieres-kunder-rikthimit-te-ballukut-ne-detyre","status":"publish","type":"post","link":"https:\/\/www.shqiperia.com\/blog\/debati-per-vendimin-e-kushtetueses-tre-gjyqtare-te-karrieres-kunder-rikthimit-te-ballukut-ne-detyre\/","title":{"rendered":"Debati p\u00ebr vendimin e Kushtetueses, tre gjyqtar\u00eb t\u00eb karrier\u00ebs kund\u00ebr rikthimit t\u00eb Ballukut n\u00eb detyr\u00eb"},"content":{"rendered":"<p><img data-recalc-dims=\"1\" loading=\"lazy\" decoding=\"async\" data-attachment-id=\"95541\" data-permalink=\"https:\/\/www.shqiperia.com\/blog\/debati-per-vendimin-e-kushtetueses-tre-gjyqtare-te-karrieres-kunder-rikthimit-te-ballukut-ne-detyre\/gjyqtaret-e-gjk\/\" data-orig-file=\"https:\/\/i0.wp.com\/www.shqiperia.com\/blog\/wp-content\/uploads\/2025\/12\/gjyqtaret-e-gjk.jpg?fit=945%2C709&amp;ssl=1\" data-orig-size=\"945,709\" data-comments-opened=\"1\" data-image-meta=\"{&quot;aperture&quot;:&quot;0&quot;,&quot;credit&quot;:&quot;&quot;,&quot;camera&quot;:&quot;&quot;,&quot;caption&quot;:&quot;&quot;,&quot;created_timestamp&quot;:&quot;0&quot;,&quot;copyright&quot;:&quot;&quot;,&quot;focal_length&quot;:&quot;0&quot;,&quot;iso&quot;:&quot;0&quot;,&quot;shutter_speed&quot;:&quot;0&quot;,&quot;title&quot;:&quot;&quot;,&quot;orientation&quot;:&quot;0&quot;}\" data-image-title=\"gjyqtaret-e-gjk\" data-image-description=\"\" data-image-caption=\"\" data-medium-file=\"https:\/\/i0.wp.com\/www.shqiperia.com\/blog\/wp-content\/uploads\/2025\/12\/gjyqtaret-e-gjk.jpg?fit=300%2C225&amp;ssl=1\" data-large-file=\"https:\/\/i0.wp.com\/www.shqiperia.com\/blog\/wp-content\/uploads\/2025\/12\/gjyqtaret-e-gjk.jpg?fit=945%2C709&amp;ssl=1\" class=\"alignnone wp-image-95541\" alt=\"\" src=\"https:\/\/i0.wp.com\/www.shqiperia.com\/blog\/wp-content\/uploads\/2025\/12\/gjyqtaret-e-gjk.jpg?resize=611%2C458&#038;ssl=1\" width=\"611\" height=\"458\" srcset=\"https:\/\/i0.wp.com\/www.shqiperia.com\/blog\/wp-content\/uploads\/2025\/12\/gjyqtaret-e-gjk.jpg?resize=300%2C225&amp;ssl=1 300w, https:\/\/i0.wp.com\/www.shqiperia.com\/blog\/wp-content\/uploads\/2025\/12\/gjyqtaret-e-gjk.jpg?resize=768%2C576&amp;ssl=1 768w, https:\/\/i0.wp.com\/www.shqiperia.com\/blog\/wp-content\/uploads\/2025\/12\/gjyqtaret-e-gjk.jpg?resize=450%2C338&amp;ssl=1 450w, https:\/\/i0.wp.com\/www.shqiperia.com\/blog\/wp-content\/uploads\/2025\/12\/gjyqtaret-e-gjk.jpg?resize=600%2C450&amp;ssl=1 600w, https:\/\/i0.wp.com\/www.shqiperia.com\/blog\/wp-content\/uploads\/2025\/12\/gjyqtaret-e-gjk.jpg?resize=400%2C300&amp;ssl=1 400w, https:\/\/i0.wp.com\/www.shqiperia.com\/blog\/wp-content\/uploads\/2025\/12\/gjyqtaret-e-gjk.jpg?w=945&amp;ssl=1 945w\" sizes=\"auto, (max-width: 611px) 100vw, 611px\" \/><\/p>\n<p>13 Dhjetor 2025<\/p>\n<p>Gjykata Kushtetuese vendosi rikthimin n\u00eb detyr\u00eb t\u00eb z\u00ebvend\u00ebskryeministres Belinda Balluku, duke rr\u00ebzuar vendimin e GJKKO-s\u00eb q\u00eb e kishte pezulluar nga funksioni.<\/p>\n<p>Vendimi \u00ebsht\u00eb marr\u00eb mes nj\u00eb ndarjeje t\u00eb qart\u00eb brenda trup\u00ebs gjykuese, jo vet\u00ebm n\u00eb q\u00ebndrime, por edhe n\u00eb profil profesional.<\/p>\n<p>Sipas burimeve nga brenda Gjykat\u00ebs Kushtetuese, 5 an\u00ebtar\u00eb votuan kund\u00ebr vendimit t\u00eb GJKKO-s\u00eb, duke hapur rrug\u00ebn p\u00ebr rikthimin e Ballukut n\u00eb detyr\u00eb. K\u00ebta jan\u00eb Sonila Bejtja, Fiona Papajorgji, Genti Ibrahimi, Sand\u00ebr Beci dhe Marjana Semini.<\/p>\n<div class=\"ai-viewport-1\" data-insertion-position=\"prepend\" data-selector=\".ai-insert-7-55849721\" data-insertion-no-dbg=\"\" data-code=\"PGRpdiBjbGFzcz0nY29kZS1ibG9jayBjb2RlLWJsb2NrLTcnIHN0eWxlPSdtYXJnaW46IDhweCAwOyBjbGVhcjogYm90aDsnPgo8L2Rpdj4K\" data-block=\"7\"><\/div>\n<p>T\u00eb p\u00ebrbashk\u00ebtat mes tyre nuk jan\u00eb vet\u00ebm n\u00eb vot\u00eb, por edhe n\u00eb origjin\u00ebn profesionale, pasi asnj\u00ebri prej tyre nuk vjen nga sistemi gjyq\u00ebsor i karrier\u00ebs. Para em\u00ebrimit n\u00eb Gjykat\u00ebn Kushtetuese, ata kan\u00eb ushtruar role si akademik\u00eb, avokat\u00eb, noter\u00eb, k\u00ebshilltar\u00eb ligjor\u00eb apo drejtues institucionesh, por jo si gjyqtar\u00eb q\u00eb kan\u00eb dh\u00ebn\u00eb drejt\u00ebsi n\u00eb gjykata.<\/p>\n<p>N\u00eb krahun tjet\u00ebr, 3 an\u00ebtar\u00ebt q\u00eb mb\u00ebshtet\u00ebn vendimin e GJKKO-s\u00eb, duke argumentuar ligjshm\u00ebrin\u00eb e pezullimit, jan\u00eb Marsida Xhaferllari, Asim Vokshi dhe Ilir Toska. Ndryshe nga pes\u00ebshja kund\u00ebrshtuese, t\u00eb tre vijn\u00eb nga sistemi gjyq\u00ebsor, me karrier\u00eb t\u00eb gjat\u00eb si gjyqtar\u00eb n\u00eb gjykata t\u00eb rretheve, apel dhe institucione t\u00eb larta t\u00eb drejt\u00ebsis\u00eb.<\/p>\n<p>Kjo ndarje ka nxjerr\u00eb n\u00eb pah nj\u00eb debat t\u00eb fort\u00eb institucional; a\u00a0duhet t\u00eb peshoj\u00eb m\u00eb shum\u00eb p\u00ebrvoja akademike dhe administrative, apo p\u00ebrvoja konkrete n\u00eb gjykim penal, sidomos kur b\u00ebhet fjal\u00eb p\u00ebr vendime t\u00eb marra nga GJKKO ndaj zyrtar\u00ebve t\u00eb lart\u00eb?<\/p>\n<p>Vendimi i Kushtetueses, q\u00eb \u00e7oi n\u00eb rikthimin e Belinda Ballukut n\u00eb detyr\u00eb, po shihet nga kritik\u00ebt si nj\u00eb sinjal problematik p\u00ebr hetimet ndaj pushtetit ekzekutiv.<\/p>\n<p>Fakti q\u00eb vendimi u imponua nga gjyqtar\u00eb q\u00eb nuk kan\u00eb qen\u00eb pjes\u00eb e sistemit gjyq\u00ebsor, nd\u00ebrsa u kund\u00ebrshtua nga ata q\u00eb kan\u00eb ushtruar realisht funksionin e gjykat\u00ebsit, thellon debatin publik mbi p\u00ebrb\u00ebrjen, rolin dhe balancat reale brenda Gjykat\u00ebs Kushtetuese.<\/p>\n<hr \/>\n<div>\n<div class=\"x78zum5 xdt5ytf\" data-virtualized=\"false\">\n<div class=\"x9f619 x1n2onr6 x1ja2u2z\">\n<div class=\"__fb-light-mode x1n2onr6\">\n<div>\n<div class=\"x78zum5 xdt5ytf x1n2onr6\" data-release-focus-from=\"CLICK\" data-scope=\"messages_table\">\n<div class=\"html-div xdj266r x14z9mp xat24cr x1lziwak xexx8yu xyri2b x18d9i69 x1c1uobl x78zum5 x1eb86dx\">\n<div class=\"html-div xdj266r x14z9mp xat24cr x1lziwak xexx8yu xyri2b x18d9i69 x1c1uobl xeuugli x1vjfegm\">\n<div class=\"html-div xdj266r x14z9mp xat24cr x1lziwak xexx8yu xyri2b x18d9i69 x1c1uobl x78zum5 xh8yej3\">\n<div class=\"x1cy8zhl x78zum5 xdt5ytf x193iq5w x1n2onr6 x1kxipp6\">\n<div class=\"x78zum5 xh8yej3\">\n<div class=\"html-div xdj266r x14z9mp xat24cr x1lziwak xexx8yu xyri2b x18d9i69 x1c1uobl x6ikm8r x10wlt62\">\n<div class=\"html-div xdj266r x14z9mp xat24cr x1lziwak x14ctfv x13sv91t x6ikm8r x10wlt62 xerhiuh x1pn3fxy x10zy8in xm9bcq3 x1n2onr6 x1vjfegm x1k4qllp x1mzt3pk x13faqbe x1xr0vuk x1jm4cbz x114wg8e xrrpcnn x14rx4xb x13fuv20 x18b5jzi x1q0q8m5 x1t7ytsu x19livfd x1h2krnu x3p3xfz xet2kk3 xaymx6s x1lu5o8o x1ou5ly4 xofb2d2\"><\/div>\n<\/div>\n<\/div>\n<\/div>\n<\/div>\n<div class=\"html-div xdj266r x14z9mp xat24cr x1lziwak xexx8yu xyri2b x18d9i69 x1c1uobl x78zum5 xh8yej3\">\n<div class=\"x1cy8zhl x78zum5 xdt5ytf x193iq5w x1n2onr6 x1kxipp6\">\n<div class=\"x78zum5 xh8yej3\">\n<div class=\"html-div xdj266r x14z9mp xat24cr x1lziwak xexx8yu xyri2b x18d9i69 x1c1uobl x1h91t0o xkh2ocl x78zum5 xdt5ytf x13a6bvl x193iq5w x1iyjqo2 x1eb86dx\">\n<div class=\"html-div xdj266r x14z9mp xat24cr x1lziwak xexx8yu xyri2b x18d9i69 x1c1uobl x1r8uery x1iyjqo2\"><\/div>\n<\/div>\n<\/div>\n<\/div>\n<div class=\"html-div xdj266r x14z9mp xat24cr x1lziwak xexx8yu xyri2b x18d9i69 x1c1uobl x1h91t0o xkh2ocl x78zum5 xdt5ytf x13a6bvl x193iq5w x1iyjqo2 x1eb86dx\">\n<div class=\"html-div xdj266r x14z9mp xat24cr x1lziwak xexx8yu xyri2b x18d9i69 x1c1uobl x1r8uery x1iyjqo2\"><\/div>\n<\/div>\n<\/div>\n<div class=\"html-div xdj266r x14z9mp xat24cr x1lziwak xexx8yu xyri2b x18d9i69 x1c1uobl x1h91t0o xkh2ocl x78zum5 xdt5ytf x13a6bvl x193iq5w x1c4vz4f x1eb86dx\">\n<div class=\"html-div xdj266r x14z9mp xat24cr x1lziwak xexx8yu xyri2b x18d9i69 x1c1uobl\"><\/div>\n<\/div>\n<\/div>\n<div class=\"html-div xdj266r x14z9mp xat24cr x1lziwak xexx8yu xyri2b x1eb86dx x78zum5 x1c4vz4f x2lah0s xjqpyvm xnvo3vl\">\n<div class=\"html-div xdj266r x14z9mp xat24cr x1lziwak xexx8yu xyri2b x18d9i69 x1c1uobl x78zum5 xamitd3\">\n<div class=\"html-div xdj266r x14z9mp xat24cr x1lziwak xexx8yu xyri2b x18d9i69 x78zum5 xdt5ytf x1iyjqo2 x2lah0s xl56j7k x1n2onr6 x1mqs8db x1n327nk xaso8d8\" aria-hidden=\"true\">\n<div class=\"html-div xdj266r x14z9mp xat24cr x1lziwak xexx8yu xyri2b x18d9i69 x1c1uobl x6s0dn4 xl5lk40 x78zum5 x1mqs8db x1q0g3np\"><\/div>\n<\/div>\n<\/div>\n<\/div>\n<div class=\"html-div xdj266r x14z9mp xat24cr x1lziwak xexx8yu xyri2b x18d9i69 x1c1uobl x1eb86dx x1r8uery x1iyjqo2\"><\/div>\n<\/div>\n<div class=\"html-div xdj266r x14z9mp xat24cr x1lziwak xexx8yu xyri2b x18d9i69 x1c1uobl x1eb86dx xh8yej3 x16ye13r\"><\/div>\n<\/div>\n<\/div>\n<div><\/div>\n<\/div>\n<\/div>\n<\/div>\n<\/div>\n<div>\n<div class=\"x78zum5 xdt5ytf\" data-virtualized=\"false\">\n<div class=\"x9f619 x1n2onr6 x1ja2u2z\">\n<div>\n<div>\n<div class=\"__fb-light-mode x1n2onr6\">\n<div>\n<div class=\"x78zum5 xdt5ytf x1n2onr6\" data-release-focus-from=\"CLICK\" data-scope=\"messages_table\">\n<div class=\"html-div xdj266r x14z9mp xat24cr x1lziwak xexx8yu xyri2b x18d9i69 x1c1uobl x1h91t0o xkh2ocl x78zum5 xdt5ytf x13a6bvl x193iq5w x1iyjqo2 x1eb86dx\">\n<div class=\"x9f619 x1ja2u2z x78zum5 x2lah0s x1n2onr6 x1qughib x1qjc9v5 xozqiw3 x1q0g3np\">\n<div class=\"x9f619 x1n2onr6 x1ja2u2z x78zum5 xdt5ytf x2lah0s x193iq5w xeuugli\"><\/div>\n<\/div>\n<\/div>\n<div class=\"html-div xdj266r x14z9mp xat24cr x1lziwak xexx8yu xyri2b x18d9i69 x1c1uobl x78zum5 x1eb86dx\">\n<div class=\"html-div xdj266r x14z9mp xat24cr x1lziwak xexx8yu xyri2b x18d9i69 x1c1uobl xeuugli x1vjfegm\">\n<div>\n<div class=\"html-div xdj266r x14z9mp xat24cr x1lziwak xexx8yu xyri2b x18d9i69 x1c1uobl x78zum5 xh8yej3\">\n<div class=\"x1cy8zhl x78zum5 xdt5ytf x193iq5w x1n2onr6 x1kxipp6\">\n<div class=\"x78zum5 xh8yej3\">\n<div class=\"html-div xdj266r x14z9mp xat24cr x1lziwak xexx8yu xyri2b x18d9i69 x1c1uobl x6ikm8r x10wlt62\">\n<div class=\"html-div xdj266r x14z9mp xat24cr x1lziwak x14ctfv x13sv91t x6ikm8r x10wlt62 xerhiuh x1pn3fxy x10zy8in xm9bcq3 x1n2onr6 x1vjfegm x1k4qllp x1mzt3pk x13faqbe x1xr0vuk x1jm4cbz x114wg8e xrrpcnn x14rx4xb x13fuv20 x18b5jzi x1q0q8m5 x1t7ytsu x19livfd x1h2krnu x3p3xfz xet2kk3 xaymx6s x1lu5o8o x1ou5ly4 xofb2d2\">\n<div class=\"html-div xexx8yu xyri2b x18d9i69 x1c1uobl x1gslohp x14z9mp x12nagc x1lziwak x1yc453h x126k92a x18lvrbx\"><\/div>\n<\/div>\n<\/div>\n<div class=\"html-div xdj266r x14z9mp xat24cr x1lziwak xexx8yu xyri2b x18d9i69 x1c1uobl x1h91t0o xkh2ocl x78zum5 xdt5ytf x13a6bvl x193iq5w x1iyjqo2 x1eb86dx\">\n<div class=\"html-div xdj266r x14z9mp xat24cr x1lziwak xexx8yu xyri2b x18d9i69 x1c1uobl x1r8uery x1iyjqo2\"><\/div>\n<\/div>\n<\/div>\n<\/div>\n<div class=\"html-div xdj266r x14z9mp xat24cr x1lziwak xexx8yu xyri2b x18d9i69 x1c1uobl x1h91t0o xkh2ocl x78zum5 xdt5ytf x13a6bvl x193iq5w x1iyjqo2 x1eb86dx\">\n<div class=\"html-div xdj266r x14z9mp xat24cr x1lziwak xexx8yu xyri2b x18d9i69 x1c1uobl x1r8uery x1iyjqo2\"><\/div>\n<\/div>\n<\/div>\n<div class=\"html-div xdj266r x14z9mp xat24cr x1lziwak xexx8yu xyri2b x18d9i69 x1c1uobl x1h91t0o xkh2ocl x78zum5 xdt5ytf x13a6bvl x193iq5w x1c4vz4f x1eb86dx\">\n<div class=\"html-div xdj266r x14z9mp xat24cr x1lziwak xexx8yu xyri2b x18d9i69 x1c1uobl\"><\/div>\n<\/div>\n<\/div>\n<\/div>\n<div class=\"html-div xdj266r x14z9mp xat24cr x1lziwak xexx8yu xyri2b x1eb86dx x78zum5 x1c4vz4f x2lah0s xjqpyvm xnvo3vl\">\n<div class=\"html-div xdj266r x14z9mp xat24cr x1lziwak xexx8yu xyri2b x18d9i69 x1c1uobl x78zum5 xamitd3\">\n<div class=\"html-div xdj266r x14z9mp xat24cr x1lziwak xexx8yu xyri2b x18d9i69 x78zum5 xdt5ytf x1iyjqo2 x2lah0s xl56j7k x1n2onr6 x1mqs8db x1n327nk xaso8d8\" aria-hidden=\"true\">\n<div class=\"html-div xdj266r x14z9mp xat24cr x1lziwak xexx8yu xyri2b x18d9i69 x1c1uobl x6s0dn4 xl5lk40 x78zum5 x1mqs8db x1q0g3np\">\n<div class=\"html-div xdj266r x14z9mp xat24cr x1lziwak xexx8yu xyri2b x18d9i69 x1c1uobl x6s0dn4 xl5lk40 x78zum5 x1mqs8db x1q0g3np\">\n<div class=\"html-div xdj266r x14z9mp xat24cr x1lziwak xexx8yu xyri2b x18d9i69 x1c1uobl\" aria-hidden=\"false\">\n<div class=\"x9f619 x1n2onr6 x1ja2u2z __fb-light-mode\"><\/div>\n<\/div>\n<div class=\"html-div xdj266r x14z9mp xat24cr x1lziwak xexx8yu xyri2b x18d9i69 x1c1uobl\" aria-hidden=\"false\">\n<div class=\"x9f619 x1n2onr6 x1ja2u2z __fb-light-mode\"><\/div>\n<\/div>\n<div class=\"html-div xdj266r x14z9mp xat24cr x1lziwak xexx8yu xyri2b x18d9i69 x1c1uobl\" aria-hidden=\"false\">\n<div class=\"x9f619 x1n2onr6 x1ja2u2z __fb-light-mode\"><\/div>\n<\/div>\n<\/div>\n<\/div>\n<\/div>\n<\/div>\n<\/div>\n<div class=\"html-div xdj266r x14z9mp xat24cr x1lziwak xexx8yu xyri2b x18d9i69 x1c1uobl x1eb86dx x1r8uery x1iyjqo2\"><\/div>\n<\/div>\n<div class=\"html-div xdj266r x14z9mp xat24cr x1lziwak xexx8yu xyri2b x18d9i69 x1c1uobl x1eb86dx xh8yej3 x16ye13r\"><\/div>\n<\/div>\n<\/div>\n<div><\/div>\n<\/div>\n<\/div>\n<\/div>\n<\/div>\n<\/div>\n<\/div>\n","protected":false},"excerpt":{"rendered":"<p>13 Dhjetor 2025 Gjykata Kushtetuese vendosi rikthimin n\u00eb detyr\u00eb t\u00eb z\u00ebvend\u00ebskryeministres Belinda Balluku, duke rr\u00ebzuar vendimin e GJKKO-s\u00eb q\u00eb e kishte pezulluar nga funksioni. Vendimi \u00ebsht\u00eb marr\u00eb mes nj\u00eb ndarjeje t\u00eb qart\u00eb brenda trup\u00ebs gjykuese, jo vet\u00ebm n\u00eb q\u00ebndrime, por edhe n\u00eb profil profesional. Sipas burimeve nga brenda Gjykat\u00ebs Kushtetuese, 5 an\u00ebtar\u00eb votuan kund\u00ebr vendimit [&hellip;]<\/p>\n","protected":false},"author":9,"featured_media":95541,"comment_status":"open","ping_status":"open","sticky":false,"template":"","format":"standard","meta":{"jetpack_post_was_ever_published":false,"_jetpack_newsletter_access":"","_jetpack_dont_email_post_to_subs":false,"_jetpack_newsletter_tier_id":0,"_jetpack_memberships_contains_paywalled_content":false,"_jetpack_memberships_contains_paid_content":false,"footnotes":"","jetpack_publicize_message":"","jetpack_publicize_feature_enabled":true,"jetpack_social_post_already_shared":true,"jetpack_social_options":{"image_generator_settings":{"template":"highway","default_image_id":0,"font":"","enabled":false},"version":2}},"categories":[27,1],"tags":[],"class_list":["post-95540","post","type-post","status-publish","format-standard","has-post-thumbnail","hentry","category-blogu-i-udhetarit","category-njoftime-shtypi"],"jetpack_publicize_connections":[],"jetpack_featured_media_url":"https:\/\/i0.wp.com\/www.shqiperia.com\/blog\/wp-content\/uploads\/2025\/12\/gjyqtaret-e-gjk.jpg?fit=945%2C709&ssl=1","jetpack_sharing_enabled":true,"jetpack_shortlink":"https:\/\/wp.me\/p5Z6wp-oQY","jetpack-related-posts":[{"id":95559,"url":"https:\/\/www.shqiperia.com\/blog\/rama-tha-se-na-bllokoi-avionet-me-kanadane-por-ja-cfare-ndodhi-me-marreveshjen-ku-duhej-patjeter-balluku\/","url_meta":{"origin":95540,"position":0},"title":"Rama tha se na bllokoi avion\u00ebt me Kanadan\u00eb, por ja \u00e7far\u00eb ndodhi me marr\u00ebveshjen ku \u201cduhej patjet\u00ebr Balluku\u201d","author":"Kurt Farka","date":"December 14, 2025","format":false,"excerpt":"14 Dhjetor 2025 Pak dit\u00eb m\u00eb par\u00eb, kreu i qeveris\u00eb, u ankua se vendimi i Gjykat\u00ebs s\u00eb Posa\u00e7me p\u00ebr pezullimin nga detyra t\u00eb zv.kryeministres dhe nj\u00ebkoh\u00ebsisht Ministres s\u00eb Infrastruktur\u00ebs, Belinda Balluku, kishte bllokuar pun\u00ebn e qeveris\u00eb. Dhe, nj\u00eb prej d\u00ebmeve q\u00eb kishte sjell\u00eb vendimi i GJKKO-s\u00eb ishte pik\u00ebrisht bllokimi i\u2026","rel":"","context":"In &quot;Blogu i Udh\u00ebtarit&quot;","block_context":{"text":"Blogu i Udh\u00ebtarit","link":"https:\/\/www.shqiperia.com\/blog\/category\/blogu-i-udhetarit\/"},"img":{"alt_text":"","src":"https:\/\/i0.wp.com\/www.shqiperia.com\/blog\/wp-content\/uploads\/2025\/12\/Screenshot_20251213_161651_Gallery.jpg?fit=720%2C453&ssl=1&resize=350%2C200","width":350,"height":200,"srcset":"https:\/\/i0.wp.com\/www.shqiperia.com\/blog\/wp-content\/uploads\/2025\/12\/Screenshot_20251213_161651_Gallery.jpg?fit=720%2C453&ssl=1&resize=350%2C200 1x, https:\/\/i0.wp.com\/www.shqiperia.com\/blog\/wp-content\/uploads\/2025\/12\/Screenshot_20251213_161651_Gallery.jpg?fit=720%2C453&ssl=1&resize=525%2C300 1.5x, https:\/\/i0.wp.com\/www.shqiperia.com\/blog\/wp-content\/uploads\/2025\/12\/Screenshot_20251213_161651_Gallery.jpg?fit=720%2C453&ssl=1&resize=700%2C400 2x"},"classes":[]},{"id":97464,"url":"https:\/\/www.shqiperia.com\/blog\/gjykata-kushtetuese-riktheu-pezullimin-e-belinda-ballukut-nga-detyra-ne-burgun-e-durresit-shperthejne-fishekzjarret\/","url_meta":{"origin":95540,"position":1},"title":"Gjykata Kushtetuese riktheu pezullimin e Belinda Ballukut nga detyra! N\u00eb Burgun e Durr\u00ebsit shp\u00ebrthejn\u00eb fishekzjarr\u00ebt!","author":"Kurt Farka","date":"February 7, 2026","format":false,"excerpt":"7 Shkurt 2026 Mbr\u00ebmjen e djeshme (6 shkurt) Gjykata Kushtetuese vendosi t\u00eb rikthej\u00eb pezullimin e Belinda Ballukut nga detyra, duke rr\u00ebzuar k\u00ebrkes\u00ebn ankimore t\u00eb kryeministrit Rama, i cili k\u00ebrkont t\u00eb shpallej antikushtetues vendimi i GJKKO. Ky vendim \u00ebsht\u00eb pritur me entuziaz\u00ebm n\u00eb burgun e Durr\u00ebsit, aty ku vuajn\u00eb d\u00ebnimin disa\u2026","rel":"","context":"In &quot;Blogu i Udh\u00ebtarit&quot;","block_context":{"text":"Blogu i Udh\u00ebtarit","link":"https:\/\/www.shqiperia.com\/blog\/category\/blogu-i-udhetarit\/"},"img":{"alt_text":"","src":"https:\/\/i0.wp.com\/www.shqiperia.com\/blog\/wp-content\/uploads\/2026\/02\/628120189_18174777379379257_3508255312498801487_n.jpg?fit=1200%2C800&ssl=1&resize=350%2C200","width":350,"height":200,"srcset":"https:\/\/i0.wp.com\/www.shqiperia.com\/blog\/wp-content\/uploads\/2026\/02\/628120189_18174777379379257_3508255312498801487_n.jpg?fit=1200%2C800&ssl=1&resize=350%2C200 1x, https:\/\/i0.wp.com\/www.shqiperia.com\/blog\/wp-content\/uploads\/2026\/02\/628120189_18174777379379257_3508255312498801487_n.jpg?fit=1200%2C800&ssl=1&resize=525%2C300 1.5x, https:\/\/i0.wp.com\/www.shqiperia.com\/blog\/wp-content\/uploads\/2026\/02\/628120189_18174777379379257_3508255312498801487_n.jpg?fit=1200%2C800&ssl=1&resize=700%2C400 2x, https:\/\/i0.wp.com\/www.shqiperia.com\/blog\/wp-content\/uploads\/2026\/02\/628120189_18174777379379257_3508255312498801487_n.jpg?fit=1200%2C800&ssl=1&resize=1050%2C600 3x"},"classes":[]},{"id":96832,"url":"https:\/\/www.shqiperia.com\/blog\/perplasja-per-ballukun-ne-kushtetuese-spak-ngre-tonet-edhe-ndaj-gjykates-cenuat-hetimin-po-helmohen-provat\/","url_meta":{"origin":95540,"position":2},"title":"P\u00ebrplasja p\u00ebr Ballukun n\u00eb Kushtetuese, SPAK ngre tonet edhe ndaj gjykat\u00ebs: Cenuat hetimin, po helmohen provat","author":"Kurt Farka","date":"January 22, 2026","format":false,"excerpt":"22 Janar 2026 Qeveria dhe SPAK zhvilluan betej\u00ebn ligjore n\u00eb Gjykat\u00ebn Kushtetuese. Pezullimi i Belinda Ballukut ishte vij\u00eb e kuqe p\u00ebr qeveris\u00eb q\u00eb duhet t\u00eb merrte zgjidh\u00eb n\u00eb gjykata, ndaj i k\u00ebrkuan trup\u00ebs kushtetuese rr\u00ebzimin e padis\u00eb n\u00eb m\u00ebnyr\u00eb q\u00eb kjo praktik\u00eb t\u00eb mos p\u00ebrs\u00ebritet m\u00eb tej. Avokati i qeveris\u00eb,\u2026","rel":"","context":"In &quot;Njoftime Shtypi&quot;","block_context":{"text":"Njoftime Shtypi","link":"https:\/\/www.shqiperia.com\/blog\/category\/njoftime-shtypi\/"},"img":{"alt_text":"","src":"https:\/\/i0.wp.com\/www.shqiperia.com\/blog\/wp-content\/uploads\/2026\/01\/Belinda-Balluku.jpg?fit=926%2C557&ssl=1&resize=350%2C200","width":350,"height":200,"srcset":"https:\/\/i0.wp.com\/www.shqiperia.com\/blog\/wp-content\/uploads\/2026\/01\/Belinda-Balluku.jpg?fit=926%2C557&ssl=1&resize=350%2C200 1x, https:\/\/i0.wp.com\/www.shqiperia.com\/blog\/wp-content\/uploads\/2026\/01\/Belinda-Balluku.jpg?fit=926%2C557&ssl=1&resize=525%2C300 1.5x, https:\/\/i0.wp.com\/www.shqiperia.com\/blog\/wp-content\/uploads\/2026\/01\/Belinda-Balluku.jpg?fit=926%2C557&ssl=1&resize=700%2C400 2x"},"classes":[]},{"id":97441,"url":"https:\/\/www.shqiperia.com\/blog\/kuvendi-duhet-ti-heqe-imunitetin-ballukut-koci-i-prere-ska-pse-te-pritet-gjykata-kushtetuese\/","url_meta":{"origin":95540,"position":3},"title":"\u201cKuvendi duhet t\u2019i heq\u00eb imunitetin Ballukut\u201d, Ko\u00e7i i prer\u00eb: &#8211; S\u2019ka pse t\u00eb pritet Gjykata Kushtetuese","author":"Kurt Farka","date":"February 6, 2026","format":false,"excerpt":"6 Shkurt 2026 Ish deputeti socialist, Petro Ko\u00e7i theksoi se parlamenti duhet q\u00eb ta miratoj\u00eb k\u00ebrkes\u00ebn e SPAK p\u00ebr heqjen e imunitetit t\u00eb Belinda Ballukut, z\u00ebvend\u00ebs kryeministres dhe ministres s\u00eb Infrastruktur\u00ebs dhe Energjis\u00eb, e marr\u00eb e pandehur p\u00ebr tenderin e tunelit t\u00eb Llogaras\u00eb dhe n\u00ebn hetim p\u00ebr nj\u00eb s\u00ebr\u00eb procedurash\u2026","rel":"","context":"In &quot;Blogu i Udh\u00ebtarit&quot;","block_context":{"text":"Blogu i Udh\u00ebtarit","link":"https:\/\/www.shqiperia.com\/blog\/category\/blogu-i-udhetarit\/"},"img":{"alt_text":"","src":"https:\/\/i0.wp.com\/www.shqiperia.com\/blog\/wp-content\/uploads\/2026\/02\/petro-koci.jpg?fit=900%2C502&ssl=1&resize=350%2C200","width":350,"height":200,"srcset":"https:\/\/i0.wp.com\/www.shqiperia.com\/blog\/wp-content\/uploads\/2026\/02\/petro-koci.jpg?fit=900%2C502&ssl=1&resize=350%2C200 1x, https:\/\/i0.wp.com\/www.shqiperia.com\/blog\/wp-content\/uploads\/2026\/02\/petro-koci.jpg?fit=900%2C502&ssl=1&resize=525%2C300 1.5x, https:\/\/i0.wp.com\/www.shqiperia.com\/blog\/wp-content\/uploads\/2026\/02\/petro-koci.jpg?fit=900%2C502&ssl=1&resize=700%2C400 2x"},"classes":[]},{"id":97589,"url":"https:\/\/www.shqiperia.com\/blog\/top-channel-zbulon-ndryshimet-e-nenit-per-pezullimin-e-nje-ministri-e-paralajmeroi-edi-rama\/","url_meta":{"origin":95540,"position":4},"title":"Top Channel zbulon ndryshimet e nenit p\u00ebr pezullimin e nj\u00eb ministri, e paralajm\u00ebroi Edi Rama","author":"Kurt Farka","date":"February 11, 2026","format":false,"excerpt":"11 Shkurt 2026 N\u00eb kushtet kur Gjykata Kushtetuese u nda 4 me 4 duke mos e dh\u00ebn\u00eb nj\u00eb vendim p\u00ebr k\u00ebrkes\u00ebn e qeveris\u00eb n\u00ebse k\u00ebrkesa e SPAK p\u00ebr pezullimin e Belinda Ballukut ishte nd\u00ebrhyrje n\u00eb pun\u00ebt e ekzekutivit, kryeministri Edi Rama t\u00eb H\u00ebn\u00ebn paralajm\u00ebroi se \u201cgrupi parlamentar socialist do t\u00eb\u2026","rel":"","context":"In &quot;Kultura&quot;","block_context":{"text":"Kultura","link":"https:\/\/www.shqiperia.com\/blog\/category\/kultura\/"},"img":{"alt_text":"","src":"https:\/\/i0.wp.com\/www.shqiperia.com\/blog\/wp-content\/uploads\/2026\/02\/Besfort-Lamallari.jpg?fit=450%2C372&ssl=1&resize=350%2C200","width":350,"height":200},"classes":[]},{"id":97461,"url":"https:\/\/www.shqiperia.com\/blog\/pezullimi-i-ballukut-i-jepet-e-drejta-te-kerkoje-ne-gjykate-pezullimin-e-cdo-ministri\/","url_meta":{"origin":95540,"position":5},"title":"Pezullimi i Ballukut i jepet e drejta t\u00eb k\u00ebrkoj\u00eb n\u00eb Gjykat\u00eb pezullimin e \u00e7do ministri","author":"Kurt Farka","date":"February 7, 2026","format":false,"excerpt":"7 Shkurt 2026 Gazetarja Klodiana Lala ishte pasditen e sotme n\u00eb \u201cKjo Jav\u00eb\u201d ku dha m\u00eb shum\u00eb detaje mbi l\u00ebnien n\u00eb fuqi t\u00eb vendimit t\u00eb GJKKO p\u00ebr pezullimin nga detyra t\u00eb zv.kryeministres dhe ministres s\u00eb Infrastruktur\u00ebs dhe Energjis\u00eb, Belinda Balluku. Gazetarja shpjegoi se vendimi i GJKKO u rr\u00ebzua me votim\u2026","rel":"","context":"In &quot;Blogu i Udh\u00ebtarit&quot;","block_context":{"text":"Blogu i Udh\u00ebtarit","link":"https:\/\/www.shqiperia.com\/blog\/category\/blogu-i-udhetarit\/"},"img":{"alt_text":"","src":"https:\/\/i0.wp.com\/www.shqiperia.com\/blog\/wp-content\/uploads\/2026\/02\/1200-630-1757612289xscreenshot-2025-09-11t193800432-722.png?fit=1200%2C630&ssl=1&resize=350%2C200","width":350,"height":200,"srcset":"https:\/\/i0.wp.com\/www.shqiperia.com\/blog\/wp-content\/uploads\/2026\/02\/1200-630-1757612289xscreenshot-2025-09-11t193800432-722.png?fit=1200%2C630&ssl=1&resize=350%2C200 1x, https:\/\/i0.wp.com\/www.shqiperia.com\/blog\/wp-content\/uploads\/2026\/02\/1200-630-1757612289xscreenshot-2025-09-11t193800432-722.png?fit=1200%2C630&ssl=1&resize=525%2C300 1.5x, https:\/\/i0.wp.com\/www.shqiperia.com\/blog\/wp-content\/uploads\/2026\/02\/1200-630-1757612289xscreenshot-2025-09-11t193800432-722.png?fit=1200%2C630&ssl=1&resize=700%2C400 2x, https:\/\/i0.wp.com\/www.shqiperia.com\/blog\/wp-content\/uploads\/2026\/02\/1200-630-1757612289xscreenshot-2025-09-11t193800432-722.png?fit=1200%2C630&ssl=1&resize=1050%2C600 3x"},"classes":[]}],"_links":{"self":[{"href":"https:\/\/www.shqiperia.com\/blog\/wp-json\/wp\/v2\/posts\/95540","targetHints":{"allow":["GET"]}}],"collection":[{"href":"https:\/\/www.shqiperia.com\/blog\/wp-json\/wp\/v2\/posts"}],"about":[{"href":"https:\/\/www.shqiperia.com\/blog\/wp-json\/wp\/v2\/types\/post"}],"author":[{"embeddable":true,"href":"https:\/\/www.shqiperia.com\/blog\/wp-json\/wp\/v2\/users\/9"}],"replies":[{"embeddable":true,"href":"https:\/\/www.shqiperia.com\/blog\/wp-json\/wp\/v2\/comments?post=95540"}],"version-history":[{"count":3,"href":"https:\/\/www.shqiperia.com\/blog\/wp-json\/wp\/v2\/posts\/95540\/revisions"}],"predecessor-version":[{"id":95545,"href":"https:\/\/www.shqiperia.com\/blog\/wp-json\/wp\/v2\/posts\/95540\/revisions\/95545"}],"wp:featuredmedia":[{"embeddable":true,"href":"https:\/\/www.shqiperia.com\/blog\/wp-json\/wp\/v2\/media\/95541"}],"wp:attachment":[{"href":"https:\/\/www.shqiperia.com\/blog\/wp-json\/wp\/v2\/media?parent=95540"}],"wp:term":[{"taxonomy":"category","embeddable":true,"href":"https:\/\/www.shqiperia.com\/blog\/wp-json\/wp\/v2\/categories?post=95540"},{"taxonomy":"post_tag","embeddable":true,"href":"https:\/\/www.shqiperia.com\/blog\/wp-json\/wp\/v2\/tags?post=95540"}],"curies":[{"name":"wp","href":"https:\/\/api.w.org\/{rel}","templated":true}]}}