{"id":95536,"date":"2025-12-13T14:09:20","date_gmt":"2025-12-13T14:09:20","guid":{"rendered":"https:\/\/www.shqiperia.com\/blog\/?p=95536"},"modified":"2025-12-13T14:10:00","modified_gmt":"2025-12-13T14:10:00","slug":"pd-proteste-kombetare-para-kryeministrise-me-22-dhjetor","status":"publish","type":"post","link":"https:\/\/www.shqiperia.com\/blog\/pd-proteste-kombetare-para-kryeministrise-me-22-dhjetor\/","title":{"rendered":"PD protest\u00eb komb\u00ebtare para Kryeministris\u00eb me 22 Dhjetor"},"content":{"rendered":"<p><img data-recalc-dims=\"1\" loading=\"lazy\" decoding=\"async\" data-attachment-id=\"95537\" data-permalink=\"https:\/\/www.shqiperia.com\/blog\/pd-proteste-kombetare-para-kryeministrise-me-22-dhjetor\/pd-protesta-qeveria\/\" data-orig-file=\"https:\/\/i0.wp.com\/www.shqiperia.com\/blog\/wp-content\/uploads\/2025\/12\/PD-protesta-qeveria.jpg?fit=696%2C412&amp;ssl=1\" data-orig-size=\"696,412\" data-comments-opened=\"1\" data-image-meta=\"{&quot;aperture&quot;:&quot;0&quot;,&quot;credit&quot;:&quot;&quot;,&quot;camera&quot;:&quot;&quot;,&quot;caption&quot;:&quot;&quot;,&quot;created_timestamp&quot;:&quot;0&quot;,&quot;copyright&quot;:&quot;&quot;,&quot;focal_length&quot;:&quot;0&quot;,&quot;iso&quot;:&quot;0&quot;,&quot;shutter_speed&quot;:&quot;0&quot;,&quot;title&quot;:&quot;&quot;,&quot;orientation&quot;:&quot;0&quot;}\" data-image-title=\"PD-protesta-qeveria\" data-image-description=\"\" data-image-caption=\"\" data-medium-file=\"https:\/\/i0.wp.com\/www.shqiperia.com\/blog\/wp-content\/uploads\/2025\/12\/PD-protesta-qeveria.jpg?fit=300%2C178&amp;ssl=1\" data-large-file=\"https:\/\/i0.wp.com\/www.shqiperia.com\/blog\/wp-content\/uploads\/2025\/12\/PD-protesta-qeveria.jpg?fit=696%2C412&amp;ssl=1\" class=\"alignnone wp-image-95537\" alt=\"\" src=\"https:\/\/i0.wp.com\/www.shqiperia.com\/blog\/wp-content\/uploads\/2025\/12\/PD-protesta-qeveria.jpg?resize=684%2C406&#038;ssl=1\" width=\"684\" height=\"406\" srcset=\"https:\/\/i0.wp.com\/www.shqiperia.com\/blog\/wp-content\/uploads\/2025\/12\/PD-protesta-qeveria.jpg?resize=300%2C178&amp;ssl=1 300w, https:\/\/i0.wp.com\/www.shqiperia.com\/blog\/wp-content\/uploads\/2025\/12\/PD-protesta-qeveria.jpg?resize=450%2C266&amp;ssl=1 450w, https:\/\/i0.wp.com\/www.shqiperia.com\/blog\/wp-content\/uploads\/2025\/12\/PD-protesta-qeveria.jpg?resize=600%2C355&amp;ssl=1 600w, https:\/\/i0.wp.com\/www.shqiperia.com\/blog\/wp-content\/uploads\/2025\/12\/PD-protesta-qeveria.jpg?resize=400%2C237&amp;ssl=1 400w, https:\/\/i0.wp.com\/www.shqiperia.com\/blog\/wp-content\/uploads\/2025\/12\/PD-protesta-qeveria.jpg?w=696&amp;ssl=1 696w\" sizes=\"auto, (max-width: 684px) 100vw, 684px\" \/><\/p>\n<p>13 Dhjetor 2025<\/p>\n<p>Kryetari i PD, Sali Berisha njoftoi sot gjat\u00eb mbledhjes s\u00eb Kryesis\u00eb zhvillimin e protest\u00ebs komb\u00ebtare n\u00eb 22 dhjetor n\u00eb Tiran\u00eb. Protesta do t\u00eb mbahet n\u00eb or\u00ebn 17.00, para Kryeministris\u00eb.<\/p>\n<p>Kjo do t\u00eb jet\u00eb protesta e par\u00eb komb\u00ebtare pas zgjedhjeve t\u00eb 11 majit, dhe vjen pas kat\u00ebr foltoreve t\u00eb organizuara gjithashtu para Kryeministris\u00eb, t\u00eb cilat u kritikuan p\u00ebr pjes\u00ebmarrjen e ul\u00ebt.<\/p>\n<p>Nj\u00eb nga kritik\u00ebt e k\u00ebtyre foltoreve ishte an\u00ebtari i Kryesis\u00eb s\u00eb PD, Ervin Salianji, i cili nd\u00ebrkoh\u00eb ka nisur takime me demokrat\u00ebt n\u00eb terren, duke k\u00ebrkuar rifreskimin e opozit\u00ebs dhe konfigurimin e aksionit politik.<\/p>\n<p>Gjat\u00eb mbledhjes s\u00eb Kryesis\u00eb s\u00eb PD, Sali Berisha deklaroi se protesta do t\u00eb jet\u00eb e vetmja rrug\u00eb q\u00eb do t\u00eb ndjek\u00eb opozita, nd\u00ebrsa i p\u00ebrcolli nj\u00eb mesazh n\u00eb dukje edhe Salianjit kur tha se \u00e7do alternativ\u00eb tjet\u00ebr sh\u00ebrben si zjarrfik\u00ebse e reagimit opozitar, n\u00eb p\u00ebrballje me Qeverin\u00eb dhe kryeministrin Edi Rama.<\/p>\n","protected":false},"excerpt":{"rendered":"<p>13 Dhjetor 2025 Kryetari i PD, Sali Berisha njoftoi sot gjat\u00eb mbledhjes s\u00eb Kryesis\u00eb zhvillimin e protest\u00ebs komb\u00ebtare n\u00eb 22 dhjetor n\u00eb Tiran\u00eb. Protesta do t\u00eb mbahet n\u00eb or\u00ebn 17.00, para Kryeministris\u00eb. Kjo do t\u00eb jet\u00eb protesta e par\u00eb komb\u00ebtare pas zgjedhjeve t\u00eb 11 majit, dhe vjen pas kat\u00ebr foltoreve t\u00eb organizuara gjithashtu para Kryeministris\u00eb, [&hellip;]<\/p>\n","protected":false},"author":9,"featured_media":95537,"comment_status":"open","ping_status":"open","sticky":false,"template":"","format":"standard","meta":{"jetpack_post_was_ever_published":false,"_jetpack_newsletter_access":"","_jetpack_dont_email_post_to_subs":false,"_jetpack_newsletter_tier_id":0,"_jetpack_memberships_contains_paywalled_content":false,"_jetpack_memberships_contains_paid_content":false,"footnotes":"","jetpack_publicize_message":"","jetpack_publicize_feature_enabled":true,"jetpack_social_post_already_shared":true,"jetpack_social_options":{"image_generator_settings":{"template":"highway","default_image_id":0,"font":"","enabled":false},"version":2}},"categories":[27,1,2,35],"tags":[],"class_list":["post-95536","post","type-post","status-publish","format-standard","has-post-thumbnail","hentry","category-blogu-i-udhetarit","category-njoftime-shtypi","category-politika","category-shoqerore"],"jetpack_publicize_connections":[],"jetpack_featured_media_url":"https:\/\/i0.wp.com\/www.shqiperia.com\/blog\/wp-content\/uploads\/2025\/12\/PD-protesta-qeveria.jpg?fit=696%2C412&ssl=1","jetpack_sharing_enabled":true,"jetpack_shortlink":"https:\/\/wp.me\/p5Z6wp-oQU","jetpack-related-posts":[{"id":95855,"url":"https:\/\/www.shqiperia.com\/blog\/qeveri-teknike-protesta-kombetare-e-pd-opozita-kerkon-largimin-e-edi-rames\/","url_meta":{"origin":95536,"position":0},"title":"\u201cQeveri teknike\u201d, protesta komb\u00ebtare e PD, opozita k\u00ebrkon largimin e Edi Ram\u00ebs","author":"Kurt Farka","date":"December 22, 2025","format":false,"excerpt":"22 Dhjetor 2025 Nga: Top Channel Pasditen e sotme po zhvillohet protesta komb\u00ebtare e thirrur nga PD-ja, teksa kreu i demokrat\u00ebve Sali Berisha, ka dal\u00eb nga selia dhe \u00ebsht\u00eb nisur drejt Kryeministris\u00eb. Q\u00eb n\u00eb nisje ka pasur hedhje shashkash dhe brohoritma, t\u00eb cilat e shoq\u00ebruan Berish\u00ebn gjat\u00eb gjith\u00eb rrug\u00ebs. Krah\u2026","rel":"","context":"In &quot;Blogu i Udh\u00ebtarit&quot;","block_context":{"text":"Blogu i Udh\u00ebtarit","link":"https:\/\/www.shqiperia.com\/blog\/category\/blogu-i-udhetarit\/"},"img":{"alt_text":"","src":"https:\/\/i0.wp.com\/www.shqiperia.com\/blog\/wp-content\/uploads\/2025\/12\/WhatsApp-Image-2025-12-22-at-19_sd-800x450-1.webp?fit=800%2C450&ssl=1&resize=350%2C200","width":350,"height":200,"srcset":"https:\/\/i0.wp.com\/www.shqiperia.com\/blog\/wp-content\/uploads\/2025\/12\/WhatsApp-Image-2025-12-22-at-19_sd-800x450-1.webp?fit=800%2C450&ssl=1&resize=350%2C200 1x, https:\/\/i0.wp.com\/www.shqiperia.com\/blog\/wp-content\/uploads\/2025\/12\/WhatsApp-Image-2025-12-22-at-19_sd-800x450-1.webp?fit=800%2C450&ssl=1&resize=525%2C300 1.5x, https:\/\/i0.wp.com\/www.shqiperia.com\/blog\/wp-content\/uploads\/2025\/12\/WhatsApp-Image-2025-12-22-at-19_sd-800x450-1.webp?fit=800%2C450&ssl=1&resize=700%2C400 2x"},"classes":[]},{"id":95844,"url":"https:\/\/www.shqiperia.com\/blog\/pd-zbret-para-kryeministrise-opozita-nis-stinen-e-protestave-kunder-rames\/","url_meta":{"origin":95536,"position":1},"title":"PD zbret para Kryeministris\u00eb, opozita nis stin\u00ebn e protestave kund\u00ebr Ram\u00ebs","author":"Kurt Farka","date":"December 22, 2025","format":false,"excerpt":"22 Dhjetor 2025 PD dhe mb\u00ebshtet\u00ebsit e saj zbresin n\u00eb Bulevardin qendror t\u00eb kryeqytetit, n\u00eb nj\u00eb protest\u00eb komb\u00ebtare kund\u00ebr Qeveris\u00eb dhe kryeministrit Edi Rama, pasi ky i fundit bllokoi heqjen e imunitetit p\u00ebr Belinda Ballukun, duke refuzuar k\u00ebrkes\u00ebn e SPAK p\u00ebr arrestimin e saj. Balluku akuzohet p\u00ebr korrupsion me tenderat\u2026","rel":"","context":"In &quot;Blogu i Udh\u00ebtarit&quot;","block_context":{"text":"Blogu i Udh\u00ebtarit","link":"https:\/\/www.shqiperia.com\/blog\/category\/blogu-i-udhetarit\/"},"img":{"alt_text":"","src":"https:\/\/i0.wp.com\/www.shqiperia.com\/blog\/wp-content\/uploads\/2025\/12\/Screenshot_6.jpg?fit=1200%2C567&ssl=1&resize=350%2C200","width":350,"height":200,"srcset":"https:\/\/i0.wp.com\/www.shqiperia.com\/blog\/wp-content\/uploads\/2025\/12\/Screenshot_6.jpg?fit=1200%2C567&ssl=1&resize=350%2C200 1x, https:\/\/i0.wp.com\/www.shqiperia.com\/blog\/wp-content\/uploads\/2025\/12\/Screenshot_6.jpg?fit=1200%2C567&ssl=1&resize=525%2C300 1.5x, https:\/\/i0.wp.com\/www.shqiperia.com\/blog\/wp-content\/uploads\/2025\/12\/Screenshot_6.jpg?fit=1200%2C567&ssl=1&resize=700%2C400 2x, https:\/\/i0.wp.com\/www.shqiperia.com\/blog\/wp-content\/uploads\/2025\/12\/Screenshot_6.jpg?fit=1200%2C567&ssl=1&resize=1050%2C600 3x"},"classes":[]},{"id":52322,"url":"https:\/\/www.shqiperia.com\/blog\/u-riktheva-berisha-i-emocionuar-ne-seline-e-pd-se-paralajmeron-protesta-kombetare-revolucionin-nuk-e-ndal-askush\/","url_meta":{"origin":95536,"position":2},"title":"&#8220;U riktheva!&#8221; Berisha i emocionuar n\u00eb selin\u00eb e PD-s\u00eb. Paralajm\u00ebron protesta komb\u00ebtare: &#8211; Revolucionin nuk e ndal askush","author":"Kurt Farka","date":"December 13, 2021","format":false,"excerpt":"\"U riktheva!\" Berisha i emocionuar n\u00eb selin\u00eb e PD-s\u00eb. Paralajm\u00ebron protesta komb\u00ebtare: - Revolucionin nuk e ndal askush Nga OraNews 13 Dhjetor 2021, ora: 15:25 \u201cU riktheva!\u201d ish kryeministri Sali Berisha nuk e fshehu dot emocionet n\u00eb konferenc\u00ebn e par\u00eb n\u00eb selin\u00eb PD, 8 vite pas dor\u00ebheqjes s\u00eb tij si\u2026","rel":"","context":"In &quot;Blogu i Udh\u00ebtarit&quot;","block_context":{"text":"Blogu i Udh\u00ebtarit","link":"https:\/\/www.shqiperia.com\/blog\/category\/blogu-i-udhetarit\/"},"img":{"alt_text":"","src":"https:\/\/i0.wp.com\/www.shqiperia.com\/blog\/wp-content\/uploads\/2021\/12\/640-0-c9a407d2-c0cf-43ee-8eee-30d8e760dab9-1639405282.jpg?fit=640%2C360&ssl=1&resize=350%2C200","width":350,"height":200,"srcset":"https:\/\/i0.wp.com\/www.shqiperia.com\/blog\/wp-content\/uploads\/2021\/12\/640-0-c9a407d2-c0cf-43ee-8eee-30d8e760dab9-1639405282.jpg?fit=640%2C360&ssl=1&resize=350%2C200 1x, https:\/\/i0.wp.com\/www.shqiperia.com\/blog\/wp-content\/uploads\/2021\/12\/640-0-c9a407d2-c0cf-43ee-8eee-30d8e760dab9-1639405282.jpg?fit=640%2C360&ssl=1&resize=525%2C300 1.5x"},"classes":[]},{"id":52515,"url":"https:\/\/www.shqiperia.com\/blog\/sali-berisha-publikon-foto-montazhin-me-gardistet-e-2019-thirrje-rames-edvin-larg-duart-nga-selia-e-pd\/","url_meta":{"origin":95536,"position":3},"title":"Sali Berisha publikon foto-montazhin me gardist\u00ebt e 2019, thirrje Ram\u00ebs: &#8211; Edvin larg duart nga selia e PD!","author":"Kurt Farka","date":"December 19, 2021","format":false,"excerpt":"Sali Berisha publikon foto-montazhin me gardist\u00ebt e 2019, thirrje Ram\u00ebs: - Edvin larg duart nga selia e PD! 19 Dhjetor 2021 Nj\u00eb dit\u00eb pasi shkoi n\u00eb selin\u00eb e PD-s\u00eb nga ku deklari shkarkimin e Lulzim Bash\u00ebs, Ish-kryeministri Berisha ka postuar n\u00eb rrjetet sociale nj\u00eb fotomontazh, me nj\u00eb mesazh drejtuar kryeministrit\u2026","rel":"","context":"In &quot;Blogu i Udh\u00ebtarit&quot;","block_context":{"text":"Blogu i Udh\u00ebtarit","link":"https:\/\/www.shqiperia.com\/blog\/category\/blogu-i-udhetarit\/"},"img":{"alt_text":"","src":"https:\/\/i0.wp.com\/www.shqiperia.com\/blog\/wp-content\/uploads\/2021\/12\/Blindohet-kryeministria.jpg?fit=1025%2C508&ssl=1&resize=350%2C200","width":350,"height":200,"srcset":"https:\/\/i0.wp.com\/www.shqiperia.com\/blog\/wp-content\/uploads\/2021\/12\/Blindohet-kryeministria.jpg?fit=1025%2C508&ssl=1&resize=350%2C200 1x, https:\/\/i0.wp.com\/www.shqiperia.com\/blog\/wp-content\/uploads\/2021\/12\/Blindohet-kryeministria.jpg?fit=1025%2C508&ssl=1&resize=525%2C300 1.5x, https:\/\/i0.wp.com\/www.shqiperia.com\/blog\/wp-content\/uploads\/2021\/12\/Blindohet-kryeministria.jpg?fit=1025%2C508&ssl=1&resize=700%2C400 2x"},"classes":[]},{"id":89244,"url":"https:\/\/www.shqiperia.com\/blog\/opozita-zbriti-ne-shesh-proteste-kombetare-para-kryeministrise\/","url_meta":{"origin":95536,"position":4},"title":"Opozita zbriti n\u00eb shesh, protest\u00eb komb\u00ebtare para Kryeministris\u00eb","author":"Kurt Farka","date":"February 8, 2025","format":false,"excerpt":"8 ShkurtPartia Demokratike dhe aleat\u00ebt e saj jan\u00eb mbledhur para Kryeministris\u00eb, n\u00eb Bulevardin \u201cD\u00ebshmor\u00ebt e Kombit\u201d, n\u00eb nj\u00eb protest\u00eb masive pas akuzave t\u00eb ish-zv\/kryeministrit Arben Ahmetaj, i cili akuzoi Edi Ram\u00ebn dhe qeverin\u00eb p\u00ebr abuzime me fondet publike. Protesta vjen teksa vendi ndodhet rreth 100 dit\u00eb larg zgjedhjeve t\u00eb 11\u2026","rel":"","context":"In &quot;Blogu i Udh\u00ebtarit&quot;","block_context":{"text":"Blogu i Udh\u00ebtarit","link":"https:\/\/www.shqiperia.com\/blog\/category\/blogu-i-udhetarit\/"},"img":{"alt_text":"","src":"https:\/\/i0.wp.com\/www.shqiperia.com\/blog\/wp-content\/uploads\/2025\/02\/Protesteeeee.jpg?fit=640%2C427&ssl=1&resize=350%2C200","width":350,"height":200,"srcset":"https:\/\/i0.wp.com\/www.shqiperia.com\/blog\/wp-content\/uploads\/2025\/02\/Protesteeeee.jpg?fit=640%2C427&ssl=1&resize=350%2C200 1x, https:\/\/i0.wp.com\/www.shqiperia.com\/blog\/wp-content\/uploads\/2025\/02\/Protesteeeee.jpg?fit=640%2C427&ssl=1&resize=525%2C300 1.5x"},"classes":[]},{"id":64843,"url":"https:\/\/www.shqiperia.com\/blog\/tubimi-i-6-dhjetorit-berisha-nuk-stepet-pas-refuzimit-te-lejes-nga-policia\/","url_meta":{"origin":95536,"position":5},"title":"Tubimi i 6 dhjetorit, Berisha nuk \u2018stepet\u2019 pas refuzimit t\u00eb lejes nga policia","author":"Kurt Farka","date":"November 27, 2022","format":false,"excerpt":"27 Nentor 2022 Kryetari i PD-se Sali Berisha deklaroi k\u00ebt\u00eb t\u00eb diel se protesta e lajm\u00ebruar nga Partia Demokratike m\u00eb 6 dhjetor do t\u00eb mbahet n\u00eb ambientet p\u00ebrpara kryeministris\u00eb, pavar\u00ebsisht se policia nuk e ka miratuar nj\u00eb leje t\u00eb till\u00eb. N\u00eb nj\u00eb prononcim p\u00ebr media n\u00eb p\u00ebrfundim t\u00eb mbledhjes s\u00eb\u2026","rel":"","context":"In &quot;Blogu i Udh\u00ebtarit&quot;","block_context":{"text":"Blogu i Udh\u00ebtarit","link":"https:\/\/www.shqiperia.com\/blog\/category\/blogu-i-udhetarit\/"},"img":{"alt_text":"","src":"https:\/\/i0.wp.com\/www.shqiperia.com\/blog\/wp-content\/uploads\/2022\/11\/berisha-555-770x433-1.jpg?fit=770%2C433&ssl=1&resize=350%2C200","width":350,"height":200,"srcset":"https:\/\/i0.wp.com\/www.shqiperia.com\/blog\/wp-content\/uploads\/2022\/11\/berisha-555-770x433-1.jpg?fit=770%2C433&ssl=1&resize=350%2C200 1x, https:\/\/i0.wp.com\/www.shqiperia.com\/blog\/wp-content\/uploads\/2022\/11\/berisha-555-770x433-1.jpg?fit=770%2C433&ssl=1&resize=525%2C300 1.5x, https:\/\/i0.wp.com\/www.shqiperia.com\/blog\/wp-content\/uploads\/2022\/11\/berisha-555-770x433-1.jpg?fit=770%2C433&ssl=1&resize=700%2C400 2x"},"classes":[]}],"_links":{"self":[{"href":"https:\/\/www.shqiperia.com\/blog\/wp-json\/wp\/v2\/posts\/95536","targetHints":{"allow":["GET"]}}],"collection":[{"href":"https:\/\/www.shqiperia.com\/blog\/wp-json\/wp\/v2\/posts"}],"about":[{"href":"https:\/\/www.shqiperia.com\/blog\/wp-json\/wp\/v2\/types\/post"}],"author":[{"embeddable":true,"href":"https:\/\/www.shqiperia.com\/blog\/wp-json\/wp\/v2\/users\/9"}],"replies":[{"embeddable":true,"href":"https:\/\/www.shqiperia.com\/blog\/wp-json\/wp\/v2\/comments?post=95536"}],"version-history":[{"count":2,"href":"https:\/\/www.shqiperia.com\/blog\/wp-json\/wp\/v2\/posts\/95536\/revisions"}],"predecessor-version":[{"id":95539,"href":"https:\/\/www.shqiperia.com\/blog\/wp-json\/wp\/v2\/posts\/95536\/revisions\/95539"}],"wp:featuredmedia":[{"embeddable":true,"href":"https:\/\/www.shqiperia.com\/blog\/wp-json\/wp\/v2\/media\/95537"}],"wp:attachment":[{"href":"https:\/\/www.shqiperia.com\/blog\/wp-json\/wp\/v2\/media?parent=95536"}],"wp:term":[{"taxonomy":"category","embeddable":true,"href":"https:\/\/www.shqiperia.com\/blog\/wp-json\/wp\/v2\/categories?post=95536"},{"taxonomy":"post_tag","embeddable":true,"href":"https:\/\/www.shqiperia.com\/blog\/wp-json\/wp\/v2\/tags?post=95536"}],"curies":[{"name":"wp","href":"https:\/\/api.w.org\/{rel}","templated":true}]}}