{"id":95533,"date":"2025-12-13T14:05:57","date_gmt":"2025-12-13T14:05:57","guid":{"rendered":"https:\/\/www.shqiperia.com\/blog\/?p=95533"},"modified":"2025-12-13T14:05:57","modified_gmt":"2025-12-13T14:05:57","slug":"e-diela-sjell-kthesen-e-motit","status":"publish","type":"post","link":"https:\/\/www.shqiperia.com\/blog\/e-diela-sjell-kthesen-e-motit\/","title":{"rendered":"E Diela sjell kthes\u00ebn e motit"},"content":{"rendered":"<p><img data-recalc-dims=\"1\" loading=\"lazy\" decoding=\"async\" data-attachment-id=\"95534\" data-permalink=\"https:\/\/www.shqiperia.com\/blog\/e-diela-sjell-kthesen-e-motit\/1614321979_motimediell700x3841\/\" data-orig-file=\"https:\/\/i0.wp.com\/www.shqiperia.com\/blog\/wp-content\/uploads\/2025\/12\/1614321979_motimediell700x3841.jpg?fit=780%2C440&amp;ssl=1\" data-orig-size=\"780,440\" data-comments-opened=\"1\" data-image-meta=\"{&quot;aperture&quot;:&quot;0&quot;,&quot;credit&quot;:&quot;&quot;,&quot;camera&quot;:&quot;&quot;,&quot;caption&quot;:&quot;&quot;,&quot;created_timestamp&quot;:&quot;0&quot;,&quot;copyright&quot;:&quot;&quot;,&quot;focal_length&quot;:&quot;0&quot;,&quot;iso&quot;:&quot;0&quot;,&quot;shutter_speed&quot;:&quot;0&quot;,&quot;title&quot;:&quot;&quot;,&quot;orientation&quot;:&quot;0&quot;}\" data-image-title=\"1614321979_motimediell700x3841\" data-image-description=\"\" data-image-caption=\"\" data-medium-file=\"https:\/\/i0.wp.com\/www.shqiperia.com\/blog\/wp-content\/uploads\/2025\/12\/1614321979_motimediell700x3841.jpg?fit=300%2C169&amp;ssl=1\" data-large-file=\"https:\/\/i0.wp.com\/www.shqiperia.com\/blog\/wp-content\/uploads\/2025\/12\/1614321979_motimediell700x3841.jpg?fit=780%2C440&amp;ssl=1\" class=\"alignnone  wp-image-95534\" alt=\"\" src=\"https:\/\/i0.wp.com\/www.shqiperia.com\/blog\/wp-content\/uploads\/2025\/12\/1614321979_motimediell700x3841.jpg?resize=591%2C333&#038;ssl=1\" width=\"591\" height=\"333\" srcset=\"https:\/\/i0.wp.com\/www.shqiperia.com\/blog\/wp-content\/uploads\/2025\/12\/1614321979_motimediell700x3841.jpg?resize=300%2C169&amp;ssl=1 300w, https:\/\/i0.wp.com\/www.shqiperia.com\/blog\/wp-content\/uploads\/2025\/12\/1614321979_motimediell700x3841.jpg?resize=768%2C433&amp;ssl=1 768w, https:\/\/i0.wp.com\/www.shqiperia.com\/blog\/wp-content\/uploads\/2025\/12\/1614321979_motimediell700x3841.jpg?resize=450%2C254&amp;ssl=1 450w, https:\/\/i0.wp.com\/www.shqiperia.com\/blog\/wp-content\/uploads\/2025\/12\/1614321979_motimediell700x3841.jpg?resize=600%2C338&amp;ssl=1 600w, https:\/\/i0.wp.com\/www.shqiperia.com\/blog\/wp-content\/uploads\/2025\/12\/1614321979_motimediell700x3841.jpg?resize=400%2C226&amp;ssl=1 400w, https:\/\/i0.wp.com\/www.shqiperia.com\/blog\/wp-content\/uploads\/2025\/12\/1614321979_motimediell700x3841.jpg?w=780&amp;ssl=1 780w\" sizes=\"auto, (max-width: 591px) 100vw, 591px\" \/><\/p>\n<p>13 Dhjetor 2025<\/p>\n<p>Dit\u00ebn e nes\u00ebrme vendi yn\u00eb do t\u00eb ndikohet nga kushte atmosferike t\u00eb q\u00ebndrueshme dhe me temperatura lart normales p\u00ebr muajin Dhjetor. Or\u00ebt me diell do t\u00eb mbizot\u00ebrojn\u00eb n\u00eb pjes\u00ebn m\u00eb t\u00eb madhe t\u00eb vendit, me vran\u00ebsira t\u00eb pakta kalimtare.<\/p>\n<p>Temperaturat maksimale prite t\u00eb arrijn\u00eb deri n\u00eb 19 grad\u00eb celcius, nd\u00ebrsa ato minimale n\u00eb 4 grad\u00eb celcius.<\/p>\n<p>Era do t\u00eb fryj\u00eb me drejtim nga kuadrati i veriut me shpejt\u00ebsi mesatare 5m\/sek, e cila hera-her\u00ebs n\u00eb bregdet dhe lugina fiton shpejt\u00ebsi deri n\u00eb 12m\/sek.Val\u00ebzimi n\u00eb detet Jon dhe Adriatik do t\u00eb jet\u00eb i forc\u00ebs 1-2 ball\u00eb.<\/p>\n","protected":false},"excerpt":{"rendered":"<p>13 Dhjetor 2025 Dit\u00ebn e nes\u00ebrme vendi yn\u00eb do t\u00eb ndikohet nga kushte atmosferike t\u00eb q\u00ebndrueshme dhe me temperatura lart normales p\u00ebr muajin Dhjetor. Or\u00ebt me diell do t\u00eb mbizot\u00ebrojn\u00eb n\u00eb pjes\u00ebn m\u00eb t\u00eb madhe t\u00eb vendit, me vran\u00ebsira t\u00eb pakta kalimtare. Temperaturat maksimale prite t\u00eb arrijn\u00eb deri n\u00eb 19 grad\u00eb celcius, nd\u00ebrsa ato minimale [&hellip;]<\/p>\n","protected":false},"author":9,"featured_media":95534,"comment_status":"open","ping_status":"open","sticky":false,"template":"","format":"standard","meta":{"jetpack_post_was_ever_published":false,"_jetpack_newsletter_access":"","_jetpack_dont_email_post_to_subs":false,"_jetpack_newsletter_tier_id":0,"_jetpack_memberships_contains_paywalled_content":false,"_jetpack_memberships_contains_paid_content":false,"footnotes":"","jetpack_publicize_message":"","jetpack_publicize_feature_enabled":true,"jetpack_social_post_already_shared":true,"jetpack_social_options":{"image_generator_settings":{"template":"highway","default_image_id":0,"font":"","enabled":false},"version":2}},"categories":[27],"tags":[],"class_list":["post-95533","post","type-post","status-publish","format-standard","has-post-thumbnail","hentry","category-blogu-i-udhetarit"],"jetpack_publicize_connections":[],"jetpack_featured_media_url":"https:\/\/i0.wp.com\/www.shqiperia.com\/blog\/wp-content\/uploads\/2025\/12\/1614321979_motimediell700x3841.jpg?fit=780%2C440&ssl=1","jetpack_sharing_enabled":true,"jetpack_shortlink":"https:\/\/wp.me\/p5Z6wp-oQR","jetpack-related-posts":[{"id":95197,"url":"https:\/\/www.shqiperia.com\/blog\/ja-cfare-pritet-te-ndodhe-me-temperaturat\/","url_meta":{"origin":95533,"position":0},"title":"Ja \u00e7far\u00eb pritet t\u00eb ndodh\u00eb me temperaturat","author":"Kurt Farka","date":"November 27, 2025","format":false,"excerpt":"27 Nentor 2025 Dit\u00ebn e premte vendi yn\u00eb do t\u00eb ndikohet nga kushte atmosferike t\u00eb paq\u00ebndrueshme. Moti parashikohet t\u00eb jet\u00eb me vran\u00ebsira mesatare e t\u00eb denduar. Reshjet e shiut priten t\u00eb jen\u00eb prezente q\u00eb n\u00eb or\u00ebt e para t\u00eb 24-or\u00ebshit deri n\u00eb or\u00ebt e mesdit\u00ebs n\u00eb pjes\u00ebn m\u00eb t\u00eb madhe\u2026","rel":"","context":"In &quot;Blogu i Udh\u00ebtarit&quot;","block_context":{"text":"Blogu i Udh\u00ebtarit","link":"https:\/\/www.shqiperia.com\/blog\/category\/blogu-i-udhetarit\/"},"img":{"alt_text":"","src":"https:\/\/i0.wp.com\/www.shqiperia.com\/blog\/wp-content\/uploads\/2025\/11\/640-0-1742797637x640-0-moti-shiu-2-698-705.jpg?fit=640%2C360&ssl=1&resize=350%2C200","width":350,"height":200,"srcset":"https:\/\/i0.wp.com\/www.shqiperia.com\/blog\/wp-content\/uploads\/2025\/11\/640-0-1742797637x640-0-moti-shiu-2-698-705.jpg?fit=640%2C360&ssl=1&resize=350%2C200 1x, https:\/\/i0.wp.com\/www.shqiperia.com\/blog\/wp-content\/uploads\/2025\/11\/640-0-1742797637x640-0-moti-shiu-2-698-705.jpg?fit=640%2C360&ssl=1&resize=525%2C300 1.5x"},"classes":[]},{"id":93954,"url":"https:\/\/www.shqiperia.com\/blog\/reshje-shiu-dhe-ulje-temperaturash-parashikimi-per-diten-e-neserme\/","url_meta":{"origin":95533,"position":1},"title":"Reshje shiu, dhe ulje temperaturash, parashikimi p\u00ebr dit\u00ebn e nes\u00ebrme","author":"Kurt Farka","date":"September 25, 2025","format":false,"excerpt":"25 Shtator 2025 Dit\u00ebn e premte vendi yn\u00eb do t\u00eb ndikohet nga kushte atmosferike t\u00eb paq\u00ebndrueshme. Moti parashikohet me alternime kthjellimesh dhe vran\u00ebsira t\u00eb cilat pritet t\u00eb jen\u00eb deri t\u00eb dendura. Reshje shiu me intensitet t\u00eb ul\u00ebt n\u00eb or\u00ebt e mesdit\u00ebs dhe pasdites n\u00eb pjes\u00ebn m\u00eb t\u00eb madhe t\u00eb territorit,\u2026","rel":"","context":"In &quot;Blogu i Udh\u00ebtarit&quot;","block_context":{"text":"Blogu i Udh\u00ebtarit","link":"https:\/\/www.shqiperia.com\/blog\/category\/blogu-i-udhetarit\/"},"img":{"alt_text":"","src":"https:\/\/i0.wp.com\/www.shqiperia.com\/blog\/wp-content\/uploads\/2025\/09\/moti-shiu-780x439-770x433-1.jpg?fit=770%2C433&ssl=1&resize=350%2C200","width":350,"height":200,"srcset":"https:\/\/i0.wp.com\/www.shqiperia.com\/blog\/wp-content\/uploads\/2025\/09\/moti-shiu-780x439-770x433-1.jpg?fit=770%2C433&ssl=1&resize=350%2C200 1x, https:\/\/i0.wp.com\/www.shqiperia.com\/blog\/wp-content\/uploads\/2025\/09\/moti-shiu-780x439-770x433-1.jpg?fit=770%2C433&ssl=1&resize=525%2C300 1.5x, https:\/\/i0.wp.com\/www.shqiperia.com\/blog\/wp-content\/uploads\/2025\/09\/moti-shiu-780x439-770x433-1.jpg?fit=770%2C433&ssl=1&resize=700%2C400 2x"},"classes":[]},{"id":94353,"url":"https:\/\/www.shqiperia.com\/blog\/mos-u-genjeni-nga-oret-me-diell-reshje-shiu\/","url_meta":{"origin":95533,"position":2},"title":"Mos u g\u00ebnjeni nga or\u00ebt me diell, reshje shiu&#8230;","author":"Kurt Farka","date":"October 23, 2025","format":false,"excerpt":"23 Tetor 2025 Sotvendi yn\u00eb do t\u00eb ndikohet nga kushte atmosferike t\u00eb paq\u00ebndrueshme. Moti parashikohet me alternime kthjellimesh dhe vran\u00ebsirash, t\u00eb cilat hera-her\u00ebs pritet t\u00eb jen\u00eb deri t\u00eb dendura. Reshje shiu me intensitet t\u00eb ul\u00ebt n\u00eb veriper\u00ebndim dhe n\u00eb ekstremin jugor t\u00eb vendit, q\u00eb n\u00eb or\u00ebt e para t\u00eb 24-or\u00ebshit\u2026","rel":"","context":"In &quot;Blogu i Udh\u00ebtarit&quot;","block_context":{"text":"Blogu i Udh\u00ebtarit","link":"https:\/\/www.shqiperia.com\/blog\/category\/blogu-i-udhetarit\/"},"img":{"alt_text":"","src":"https:\/\/i0.wp.com\/www.shqiperia.com\/blog\/wp-content\/uploads\/2025\/10\/moti-2-1.jpg?fit=730%2C440&ssl=1&resize=350%2C200","width":350,"height":200,"srcset":"https:\/\/i0.wp.com\/www.shqiperia.com\/blog\/wp-content\/uploads\/2025\/10\/moti-2-1.jpg?fit=730%2C440&ssl=1&resize=350%2C200 1x, https:\/\/i0.wp.com\/www.shqiperia.com\/blog\/wp-content\/uploads\/2025\/10\/moti-2-1.jpg?fit=730%2C440&ssl=1&resize=525%2C300 1.5x, https:\/\/i0.wp.com\/www.shqiperia.com\/blog\/wp-content\/uploads\/2025\/10\/moti-2-1.jpg?fit=730%2C440&ssl=1&resize=700%2C400 2x"},"classes":[]},{"id":64881,"url":"https:\/\/www.shqiperia.com\/blog\/bien-ndjeshem-temperaturat-mengjeset-nisin-me-4-grade-celcius\/","url_meta":{"origin":95533,"position":3},"title":"Bien ndjesh\u00ebm temperaturat, m\u00ebngjeset nisin me -4 grad\u00eb celcius","author":"Kurt Farka","date":"November 29, 2022","format":false,"excerpt":"Sipas MeteoAlb: Territori Shqiptar n\u00eb or\u00ebt e para t\u00eb dit\u00ebs do t\u00eb jet\u00eb me alternime kthjellimesh dhe vran\u00ebsirash t\u00eb cilat m\u00eb t\u00eb dukshme do t\u00eb jen\u00eb n\u00eb zonat Lindore, ku dhe do t\u00eb krijojn\u00eb mund\u00ebsi p\u00ebr reshje t\u00eb pakta n\u00eb Juglindje t\u00eb Shqip\u00ebris\u00eb. Nd\u00ebrsa or\u00ebt vijuese sjellin p\u00ebrmir\u00ebsim t\u00eb motit\u2026","rel":"","context":"In &quot;Blogu i Udh\u00ebtarit&quot;","block_context":{"text":"Blogu i Udh\u00ebtarit","link":"https:\/\/www.shqiperia.com\/blog\/category\/blogu-i-udhetarit\/"},"img":{"alt_text":"","src":"https:\/\/i0.wp.com\/www.shqiperia.com\/blog\/wp-content\/uploads\/2022\/11\/640-0-5yuyj67-1669703732.jpeg?fit=640%2C357&ssl=1&resize=350%2C200","width":350,"height":200,"srcset":"https:\/\/i0.wp.com\/www.shqiperia.com\/blog\/wp-content\/uploads\/2022\/11\/640-0-5yuyj67-1669703732.jpeg?fit=640%2C357&ssl=1&resize=350%2C200 1x, https:\/\/i0.wp.com\/www.shqiperia.com\/blog\/wp-content\/uploads\/2022\/11\/640-0-5yuyj67-1669703732.jpeg?fit=640%2C357&ssl=1&resize=525%2C300 1.5x"},"classes":[]},{"id":96047,"url":"https:\/\/www.shqiperia.com\/blog\/acari-pritet-te-pushtoje-vendin-sinoptikani-jep-lajmin-e-papritur-ja-cfare-do-ndodh-ditet-e-vitit-te-ri\/","url_meta":{"origin":95533,"position":4},"title":"\u201cAcari pritet t\u00eb pushtoj\u00eb vendin\u2026\u201d\/ Sinoptikani jep lajmin e papritur, ja \u00e7far\u00eb do ndodh dit\u00ebt e Vitit t\u00eb Ri","author":"Kurt Farka","date":"December 26, 2025","format":false,"excerpt":"26 Dhjetor 2025 Sinoptikani ka dh\u00ebn\u00eb lajmin e keq sa i p\u00ebrket nd\u00ebrrimit t\u00eb viteve, teksa tha se vendi yn\u00eb do t\u00eb \u201cpushtohet\u201d nga moti i acart\u00eb. P\u00ebr k\u00ebt\u00eb fundjav\u00eb, sinoptikani ka deklaruar se moti do t\u00eb jet\u00eb i kthjell\u00ebt por temperaturat, priten q\u00eb t\u00eb jen\u00eb t\u00eb ulta dhe vlerat\u2026","rel":"","context":"In &quot;Blogu i Udh\u00ebtarit&quot;","block_context":{"text":"Blogu i Udh\u00ebtarit","link":"https:\/\/www.shqiperia.com\/blog\/category\/blogu-i-udhetarit\/"},"img":{"alt_text":"","src":"https:\/\/i0.wp.com\/www.shqiperia.com\/blog\/wp-content\/uploads\/2025\/12\/image-225-4.webp?fit=659%2C389&ssl=1&resize=350%2C200","width":350,"height":200,"srcset":"https:\/\/i0.wp.com\/www.shqiperia.com\/blog\/wp-content\/uploads\/2025\/12\/image-225-4.webp?fit=659%2C389&ssl=1&resize=350%2C200 1x, https:\/\/i0.wp.com\/www.shqiperia.com\/blog\/wp-content\/uploads\/2025\/12\/image-225-4.webp?fit=659%2C389&ssl=1&resize=525%2C300 1.5x"},"classes":[]},{"id":93134,"url":"https:\/\/www.shqiperia.com\/blog\/parashikimi-i-motit-per-diten-e-premte\/","url_meta":{"origin":95533,"position":5},"title":"Parashikimi i motit p\u00ebr dit\u00ebn e premte","author":"Kurt Farka","date":"August 21, 2025","format":false,"excerpt":"21Gusht 2025 Dit\u00ebn e premte vendi yn\u00eb do t\u00eb ndikohet nga kushte atmosferike t\u00eb paq\u00ebndrueshme. Moti parashikohet me vran\u00ebsira mesatare deri t\u00eb dendura, n\u00eb or\u00ebt e pasdites mot me vran\u00ebsira t\u00eb pakta kryesisht n\u00eb veri t\u00eb vendit. Reshjet e shiut parashikohen t\u00eb jen\u00eb prezente q\u00eb n\u00eb or\u00ebt e para t\u00eb\u2026","rel":"","context":"In &quot;Njoftime Shtypi&quot;","block_context":{"text":"Njoftime Shtypi","link":"https:\/\/www.shqiperia.com\/blog\/category\/njoftime-shtypi\/"},"img":{"alt_text":"","src":"https:\/\/i0.wp.com\/www.shqiperia.com\/blog\/wp-content\/uploads\/2025\/08\/moti-me-shio.jpg?fit=650%2C365&ssl=1&resize=350%2C200","width":350,"height":200,"srcset":"https:\/\/i0.wp.com\/www.shqiperia.com\/blog\/wp-content\/uploads\/2025\/08\/moti-me-shio.jpg?fit=650%2C365&ssl=1&resize=350%2C200 1x, https:\/\/i0.wp.com\/www.shqiperia.com\/blog\/wp-content\/uploads\/2025\/08\/moti-me-shio.jpg?fit=650%2C365&ssl=1&resize=525%2C300 1.5x"},"classes":[]}],"_links":{"self":[{"href":"https:\/\/www.shqiperia.com\/blog\/wp-json\/wp\/v2\/posts\/95533","targetHints":{"allow":["GET"]}}],"collection":[{"href":"https:\/\/www.shqiperia.com\/blog\/wp-json\/wp\/v2\/posts"}],"about":[{"href":"https:\/\/www.shqiperia.com\/blog\/wp-json\/wp\/v2\/types\/post"}],"author":[{"embeddable":true,"href":"https:\/\/www.shqiperia.com\/blog\/wp-json\/wp\/v2\/users\/9"}],"replies":[{"embeddable":true,"href":"https:\/\/www.shqiperia.com\/blog\/wp-json\/wp\/v2\/comments?post=95533"}],"version-history":[{"count":1,"href":"https:\/\/www.shqiperia.com\/blog\/wp-json\/wp\/v2\/posts\/95533\/revisions"}],"predecessor-version":[{"id":95535,"href":"https:\/\/www.shqiperia.com\/blog\/wp-json\/wp\/v2\/posts\/95533\/revisions\/95535"}],"wp:featuredmedia":[{"embeddable":true,"href":"https:\/\/www.shqiperia.com\/blog\/wp-json\/wp\/v2\/media\/95534"}],"wp:attachment":[{"href":"https:\/\/www.shqiperia.com\/blog\/wp-json\/wp\/v2\/media?parent=95533"}],"wp:term":[{"taxonomy":"category","embeddable":true,"href":"https:\/\/www.shqiperia.com\/blog\/wp-json\/wp\/v2\/categories?post=95533"},{"taxonomy":"post_tag","embeddable":true,"href":"https:\/\/www.shqiperia.com\/blog\/wp-json\/wp\/v2\/tags?post=95533"}],"curies":[{"name":"wp","href":"https:\/\/api.w.org\/{rel}","templated":true}]}}