{"id":95529,"date":"2025-12-12T08:48:04","date_gmt":"2025-12-12T08:48:04","guid":{"rendered":"https:\/\/www.shqiperia.com\/blog\/?p=95529"},"modified":"2025-12-12T08:48:04","modified_gmt":"2025-12-12T08:48:04","slug":"giorgia-meloni-nxjerr-ne-ankand-dhuratat-e-lidereve-te-huaj-perfshire-shallin-e-edi-rames","status":"publish","type":"post","link":"https:\/\/www.shqiperia.com\/blog\/giorgia-meloni-nxjerr-ne-ankand-dhuratat-e-lidereve-te-huaj-perfshire-shallin-e-edi-rames\/","title":{"rendered":"Giorgia Meloni nxjerr n\u00eb ankand dhuratat e lider\u00ebve t\u00eb huaj, p\u00ebrfshir\u00eb shallin e Edi Ram\u00ebs"},"content":{"rendered":"<p><img data-recalc-dims=\"1\" loading=\"lazy\" decoding=\"async\" data-attachment-id=\"95530\" data-permalink=\"https:\/\/www.shqiperia.com\/blog\/giorgia-meloni-nxjerr-ne-ankand-dhuratat-e-lidereve-te-huaj-perfshire-shallin-e-edi-rames\/rama-meloni-shalli1\/\" data-orig-file=\"https:\/\/i0.wp.com\/www.shqiperia.com\/blog\/wp-content\/uploads\/2025\/12\/Rama-Meloni-shalli1.webp?fit=978%2C560&amp;ssl=1\" data-orig-size=\"978,560\" data-comments-opened=\"1\" data-image-meta=\"{&quot;aperture&quot;:&quot;0&quot;,&quot;credit&quot;:&quot;&quot;,&quot;camera&quot;:&quot;&quot;,&quot;caption&quot;:&quot;&quot;,&quot;created_timestamp&quot;:&quot;0&quot;,&quot;copyright&quot;:&quot;&quot;,&quot;focal_length&quot;:&quot;0&quot;,&quot;iso&quot;:&quot;0&quot;,&quot;shutter_speed&quot;:&quot;0&quot;,&quot;title&quot;:&quot;&quot;,&quot;orientation&quot;:&quot;0&quot;}\" data-image-title=\"Rama-Meloni-shalli1\" data-image-description=\"\" data-image-caption=\"\" data-medium-file=\"https:\/\/i0.wp.com\/www.shqiperia.com\/blog\/wp-content\/uploads\/2025\/12\/Rama-Meloni-shalli1.webp?fit=300%2C172&amp;ssl=1\" data-large-file=\"https:\/\/i0.wp.com\/www.shqiperia.com\/blog\/wp-content\/uploads\/2025\/12\/Rama-Meloni-shalli1.webp?fit=978%2C560&amp;ssl=1\" class=\"alignnone  wp-image-95530\" alt=\"\" src=\"https:\/\/i0.wp.com\/www.shqiperia.com\/blog\/wp-content\/uploads\/2025\/12\/Rama-Meloni-shalli1.webp?resize=616%2C353&#038;ssl=1\" width=\"616\" height=\"353\" srcset=\"https:\/\/i0.wp.com\/www.shqiperia.com\/blog\/wp-content\/uploads\/2025\/12\/Rama-Meloni-shalli1.webp?resize=300%2C172&amp;ssl=1 300w, https:\/\/i0.wp.com\/www.shqiperia.com\/blog\/wp-content\/uploads\/2025\/12\/Rama-Meloni-shalli1.webp?resize=768%2C440&amp;ssl=1 768w, https:\/\/i0.wp.com\/www.shqiperia.com\/blog\/wp-content\/uploads\/2025\/12\/Rama-Meloni-shalli1.webp?resize=450%2C258&amp;ssl=1 450w, https:\/\/i0.wp.com\/www.shqiperia.com\/blog\/wp-content\/uploads\/2025\/12\/Rama-Meloni-shalli1.webp?resize=600%2C344&amp;ssl=1 600w, https:\/\/i0.wp.com\/www.shqiperia.com\/blog\/wp-content\/uploads\/2025\/12\/Rama-Meloni-shalli1.webp?resize=400%2C229&amp;ssl=1 400w, https:\/\/i0.wp.com\/www.shqiperia.com\/blog\/wp-content\/uploads\/2025\/12\/Rama-Meloni-shalli1.webp?w=978&amp;ssl=1 978w\" sizes=\"auto, (max-width: 616px) 100vw, 616px\" \/><\/p>\n<p>12 Dhjetor 2025<\/p>\n<p>Kryeministrja italiane, Giorgia Meloni, ka vendosur t\u00eb nxjerr\u00eb n\u00eb ankand dhuratat e marra nga lider\u00eb t\u00eb huaj gjat\u00eb vizitave zyrtare jasht\u00eb vendit.<\/p>\n<p>Nd\u00ebr dhuratat q\u00eb do t\u00eb shiten \u00ebsht\u00eb edhe shalli, q\u00eb i dhuroi kryeministri shqiptar Edi Rama p\u00ebr dit\u00eblindjen e 48-t\u00eb t\u00eb saj. Ligji ndalon q\u00eb presidentja t\u00eb mbaj\u00eb p\u00ebr vete dhuratat me vler\u00eb mbi 300 euro, ndaj ato do t\u00eb dalin n\u00eb shitje p\u00ebr publikun.<\/p>\n<p>Vlera totale e dhuratave arrin rreth 800 mij\u00eb euro, sipas mediave. Objekte t\u00eb ndryshme do t\u00eb menaxhohen nga sht\u00ebpia e ankandeve Bertolami Fine Art n\u00eb Rom\u00eb. Deri tani nuk \u00ebsht\u00eb publikuar lista e plot\u00eb e dhuratave q\u00eb do t\u00eb dalin n\u00eb ankand, por ato jan\u00eb mbi 270 sende dhe ruhen n\u00eb nj\u00eb dhom\u00eb t\u00eb Palazzo Chigi, raporton<span>\u00a0<\/span><a href=\"https:\/\/www.repubblica.it\/politica\/2025\/12\/11\/news\/asta_meloni_regali_paesi_esteri-425034733\/\">la Repubblica.<\/a><\/p>\n<figure class=\"wp-block-image size-full\"><img data-recalc-dims=\"1\" loading=\"lazy\" decoding=\"async\" class=\"wp-image-1000000433371\" alt=\"\" src=\"https:\/\/i0.wp.com\/tvklan.al\/wp-content\/uploads\/2025\/12\/Meloni2.png?resize=695%2C412&#038;ssl=1\" width=\"695\" height=\"412\" \/><\/figure>\n<p>Dhurata e par\u00eb daton nga G20 n\u00eb Bali n\u00eb 2022 dhe ishte nj\u00eb veshje tradicionale e grave t\u00eb Kerala, dhurat\u00eb nga presidenti indian Narendra Modi. Midis dhuratave t\u00eb tjera, \u00ebsht\u00eb nj\u00eb statuj\u00eb prej p\u00eblhure nga deputeti Michele Emiliano. Ankandi p\u00ebrfshin gjithashtu dy byzylyk\u00eb metalik\u00eb, kat\u00ebr piktura, nj\u00eb pjat\u00eb metalike, nj\u00eb var\u00ebse, unaz\u00eb dhe vath\u00eb.<\/p>\n<figure class=\"wp-block-image size-full\"><img data-recalc-dims=\"1\" loading=\"lazy\" decoding=\"async\" class=\"wp-image-1000000433372\" alt=\"\" src=\"https:\/\/i0.wp.com\/tvklan.al\/wp-content\/uploads\/2025\/12\/Meloni3.png?resize=694%2C407&#038;ssl=1\" width=\"694\" height=\"407\" \/><\/figure>\n<p>Ka edhe k\u00ebpuc\u00eb \u2018pitoni blu\u2019 nga nj\u00eb stiliste saudite, vazo, bizhuteri dhe nj\u00eb shkrim n\u00eb valixhe t\u00eb kuqe. Dhuratat p\u00ebrfshijn\u00eb gjithashtu tapete nga Libia dhe vendet e tjera arabe, nj\u00eb komplet \u00e7aji prej porcelani nga Viktor Orban dhe nj\u00eb ciotol\u00eb qeramike nga Joe Biden.<\/p>\n<p>Kostumi tradicional i dhuruar nga ish-kryeministri rumun Marcel Ciolacu \u00ebsht\u00eb gjithashtu pjes\u00eb e ankandit.<\/p>\n","protected":false},"excerpt":{"rendered":"<p>12 Dhjetor 2025 Kryeministrja italiane, Giorgia Meloni, ka vendosur t\u00eb nxjerr\u00eb n\u00eb ankand dhuratat e marra nga lider\u00eb t\u00eb huaj gjat\u00eb vizitave zyrtare jasht\u00eb vendit. Nd\u00ebr dhuratat q\u00eb do t\u00eb shiten \u00ebsht\u00eb edhe shalli, q\u00eb i dhuroi kryeministri shqiptar Edi Rama p\u00ebr dit\u00eblindjen e 48-t\u00eb t\u00eb saj. Ligji ndalon q\u00eb presidentja t\u00eb mbaj\u00eb p\u00ebr vete [&hellip;]<\/p>\n","protected":false},"author":9,"featured_media":95530,"comment_status":"open","ping_status":"open","sticky":false,"template":"","format":"standard","meta":{"jetpack_post_was_ever_published":false,"_jetpack_newsletter_access":"","_jetpack_dont_email_post_to_subs":false,"_jetpack_newsletter_tier_id":0,"_jetpack_memberships_contains_paywalled_content":false,"_jetpack_memberships_contains_paid_content":false,"footnotes":"","jetpack_publicize_message":"","jetpack_publicize_feature_enabled":true,"jetpack_social_post_already_shared":true,"jetpack_social_options":{"image_generator_settings":{"template":"highway","default_image_id":0,"font":"","enabled":false},"version":2}},"categories":[27,14],"tags":[],"class_list":["post-95529","post","type-post","status-publish","format-standard","has-post-thumbnail","hentry","category-blogu-i-udhetarit","category-press-releases"],"jetpack_publicize_connections":[],"jetpack_featured_media_url":"https:\/\/i0.wp.com\/www.shqiperia.com\/blog\/wp-content\/uploads\/2025\/12\/Rama-Meloni-shalli1.webp?fit=978%2C560&ssl=1","jetpack_sharing_enabled":true,"jetpack_shortlink":"https:\/\/wp.me\/p5Z6wp-oQN","jetpack-related-posts":[{"id":51192,"url":"https:\/\/www.shqiperia.com\/blog\/ne-nje-rruge-miqesie-qe-forcohet-dita-dites-rama-pret-ne-zyre-kongresmenet-e-shba-ve-ja-dhuratat-qe-iu-jep-foto\/","url_meta":{"origin":95529,"position":0},"title":"\u201cN\u00eb nj\u00eb rrug\u00eb miq\u00ebsie q\u00eb forcohet dita-dit\u00ebs\u201d. \u00a0Rama pret n\u00eb zyr\u00eb kongresmen\u00ebt e SHBA-ve, ja dhuratat q\u00eb iu jep (FOTO)","author":"Kurt Farka","date":"November 8, 2021","format":false,"excerpt":"\u201cN\u00eb nj\u00eb rrug\u00eb miq\u00ebsie q\u00eb forcohet dita-dit\u00ebs\u201d. \u00a0Rama pret n\u00eb zyr\u00eb kongresmen\u00ebt e SHBA-ve, ja dhuratat q\u00eb iu jep (FOTO) 08 N\u00ebntor 2021 Kryeministri Edi Rama ka pritur sot n\u00eb zyr\u00ebn e tij n\u00eb Kryeministri, senator\u00eb dhe kongresmen\u00eb t\u00eb Shteteve t\u00eb Bashkuara t\u00eb Amerik\u00ebs. Ka qen\u00eb vet zoti Rama ai\u2026","rel":"","context":"In &quot;Press Releases&quot;","block_context":{"text":"Press Releases","link":"https:\/\/www.shqiperia.com\/blog\/category\/press-releases\/"},"img":{"alt_text":"","src":"https:\/\/i0.wp.com\/www.shqiperia.com\/blog\/wp-content\/uploads\/2021\/11\/Rama-ju-jep-dhurata-Senatoreve-amerikane.jpg?fit=1200%2C799&ssl=1&resize=350%2C200","width":350,"height":200,"srcset":"https:\/\/i0.wp.com\/www.shqiperia.com\/blog\/wp-content\/uploads\/2021\/11\/Rama-ju-jep-dhurata-Senatoreve-amerikane.jpg?fit=1200%2C799&ssl=1&resize=350%2C200 1x, https:\/\/i0.wp.com\/www.shqiperia.com\/blog\/wp-content\/uploads\/2021\/11\/Rama-ju-jep-dhurata-Senatoreve-amerikane.jpg?fit=1200%2C799&ssl=1&resize=525%2C300 1.5x, https:\/\/i0.wp.com\/www.shqiperia.com\/blog\/wp-content\/uploads\/2021\/11\/Rama-ju-jep-dhurata-Senatoreve-amerikane.jpg?fit=1200%2C799&ssl=1&resize=700%2C400 2x, https:\/\/i0.wp.com\/www.shqiperia.com\/blog\/wp-content\/uploads\/2021\/11\/Rama-ju-jep-dhurata-Senatoreve-amerikane.jpg?fit=1200%2C799&ssl=1&resize=1050%2C600 3x"},"classes":[]},{"id":55682,"url":"https:\/\/www.shqiperia.com\/blog\/veprat-e-hershme-te-claude-monet-dalin-ne-ankand\/","url_meta":{"origin":95529,"position":1},"title":"Veprat e hershme t\u00eb Claude Monet dalin n\u00eb ankand","author":"Kurt Farka","date":"March 20, 2022","format":false,"excerpt":"Veprat e hershme t\u00eb Claude Monet dalin n\u00eb ankand Mars 2022 Disa vepra t\u00eb hershme t\u00eb nj\u00eb prej piktor\u00ebve m\u00eb t\u00eb njohur, Claude Monet, do t\u00eb dalin n\u00eb ankand nga sht\u00ebpia britanike e aksioneve Sotheby, dhe vler\u00ebsohet se do t\u00eb arrijn\u00eb 50 milion\u00eb dollar\u00eb nga shitja. Pes\u00eb pikturat, t\u00eb cilat\u2026","rel":"","context":"In &quot;Arte&quot;","block_context":{"text":"Arte","link":"https:\/\/www.shqiperia.com\/blog\/category\/arte\/"},"img":{"alt_text":"","src":"https:\/\/i0.wp.com\/www.shqiperia.com\/blog\/wp-content\/uploads\/2022\/03\/Veprat-e-hershme-te-Claude-Monet-dalin-ne-ankand-3.jpg?fit=727%2C414&ssl=1&resize=350%2C200","width":350,"height":200,"srcset":"https:\/\/i0.wp.com\/www.shqiperia.com\/blog\/wp-content\/uploads\/2022\/03\/Veprat-e-hershme-te-Claude-Monet-dalin-ne-ankand-3.jpg?fit=727%2C414&ssl=1&resize=350%2C200 1x, https:\/\/i0.wp.com\/www.shqiperia.com\/blog\/wp-content\/uploads\/2022\/03\/Veprat-e-hershme-te-Claude-Monet-dalin-ne-ankand-3.jpg?fit=727%2C414&ssl=1&resize=525%2C300 1.5x, https:\/\/i0.wp.com\/www.shqiperia.com\/blog\/wp-content\/uploads\/2022\/03\/Veprat-e-hershme-te-Claude-Monet-dalin-ne-ankand-3.jpg?fit=727%2C414&ssl=1&resize=700%2C400 2x"},"classes":[]},{"id":76599,"url":"https:\/\/www.shqiperia.com\/blog\/lulja-e-kuqe-e-krishtlindjeve-si-te-kujdeseni-per-ta-pasur-sa-me-gjate-ne-shtepi\/","url_meta":{"origin":95529,"position":2},"title":"Lulja e kuqe e Krishtlindjeve, si t\u00eb kujdeseni p\u00ebr ta pasur sa m\u00eb gjat\u00eb n\u00eb sht\u00ebpi","author":"Kurt Farka","date":"December 23, 2023","format":false,"excerpt":"23 Dhjetor 2023 Sezoni i fundvitit q\u00eb p\u00ebrkon edhe me sezonin e shum\u00eb festave, ka m\u00eb shum\u00eb se nj\u00eb tipar identifikues. Duke filluar q\u00eb nga bredhi i stolisur, dritat vezulluese, gatimet karakteristike apo dhuratat e fundvitit. E nd\u00ebr to nj\u00eb vend e z\u00eb edhe lulja e kuqe e krishtlindjeve p\u00ebr\u2026","rel":"","context":"In &quot;Blogu i Udh\u00ebtarit&quot;","block_context":{"text":"Blogu i Udh\u00ebtarit","link":"https:\/\/www.shqiperia.com\/blog\/category\/blogu-i-udhetarit\/"},"img":{"alt_text":"","src":"https:\/\/i0.wp.com\/www.shqiperia.com\/blog\/wp-content\/uploads\/2023\/12\/llule-krishtlindje.jpg?fit=1200%2C675&ssl=1&resize=350%2C200","width":350,"height":200,"srcset":"https:\/\/i0.wp.com\/www.shqiperia.com\/blog\/wp-content\/uploads\/2023\/12\/llule-krishtlindje.jpg?fit=1200%2C675&ssl=1&resize=350%2C200 1x, https:\/\/i0.wp.com\/www.shqiperia.com\/blog\/wp-content\/uploads\/2023\/12\/llule-krishtlindje.jpg?fit=1200%2C675&ssl=1&resize=525%2C300 1.5x, https:\/\/i0.wp.com\/www.shqiperia.com\/blog\/wp-content\/uploads\/2023\/12\/llule-krishtlindje.jpg?fit=1200%2C675&ssl=1&resize=700%2C400 2x, https:\/\/i0.wp.com\/www.shqiperia.com\/blog\/wp-content\/uploads\/2023\/12\/llule-krishtlindje.jpg?fit=1200%2C675&ssl=1&resize=1050%2C600 3x"},"classes":[]},{"id":73562,"url":"https:\/\/www.shqiperia.com\/blog\/central-berthamor-ne-shqiperi\/","url_meta":{"origin":95529,"position":3},"title":"Central b\u00ebrthamor n\u00eb Shqip\u00ebri?","author":"Kurt Farka","date":"August 16, 2023","format":false,"excerpt":"16 Gusht 2023 Kryeministrja italiane, Giorgia Meloni, pezulloi pushimet e saj n\u00eb Puglia dhe udh\u00ebtoi dit\u00ebn e djeshme drejt Shqip\u00ebris\u00eb. Me ftes\u00eb t\u00eb Kryeministrit Rama, Meloni s\u00eb bashku me familjen mb\u00ebrrit\u00ebn n\u00eb Vlor\u00eb ku u prit\u00ebn nga kreu i qeveris\u00eb. Mediat italiane kan\u00eb zbardhur disa nga \u00e7\u00ebshtjet q\u00eb dy krer\u00ebt\u2026","rel":"","context":"In &quot;Blogu i Udh\u00ebtarit&quot;","block_context":{"text":"Blogu i Udh\u00ebtarit","link":"https:\/\/www.shqiperia.com\/blog\/category\/blogu-i-udhetarit\/"},"img":{"alt_text":"","src":"https:\/\/i0.wp.com\/www.shqiperia.com\/blog\/wp-content\/uploads\/2023\/08\/rama-meloni.jpg?fit=940%2C633&ssl=1&resize=350%2C200","width":350,"height":200,"srcset":"https:\/\/i0.wp.com\/www.shqiperia.com\/blog\/wp-content\/uploads\/2023\/08\/rama-meloni.jpg?fit=940%2C633&ssl=1&resize=350%2C200 1x, https:\/\/i0.wp.com\/www.shqiperia.com\/blog\/wp-content\/uploads\/2023\/08\/rama-meloni.jpg?fit=940%2C633&ssl=1&resize=525%2C300 1.5x, https:\/\/i0.wp.com\/www.shqiperia.com\/blog\/wp-content\/uploads\/2023\/08\/rama-meloni.jpg?fit=940%2C633&ssl=1&resize=700%2C400 2x"},"classes":[]},{"id":52755,"url":"https:\/\/www.shqiperia.com\/blog\/rindertimi-i-shtepive-nga-termeti-kryebashkiakja-e-kurbinit-shperthen-ne-lot-ne-mes-te-fjalimit\/","url_meta":{"origin":95529,"position":4},"title":"Rind\u00ebrtimi i sht\u00ebpive nga t\u00ebrmeti. &#8211; \u00a0Kryebashkiakja e Kurbinit shp\u00ebrthen n\u00eb lot n\u00eb mes t\u00eb fjalimit","author":"Kurt Farka","date":"December 28, 2021","format":false,"excerpt":"Rind\u00ebrtimi i sht\u00ebpive nga t\u00ebrmeti. - \u00a0Kryebashkiakja e Kurbinit shp\u00ebrthen n\u00eb lot n\u00eb mes t\u00eb fjalimit 28 DHJETOR 2021 500 familje n\u00eb La\u00e7 sot kthehen n\u00eb sht\u00ebpi t\u00eb reja, t\u00eb rind\u00ebrtuara pas t\u00ebrmetit tragjik t\u00eb 2019. Gjat\u00eb fjal\u00ebs s\u00eb saj n\u00eb ceremonin\u00eb ku \u00ebsht\u00eb i pranish\u00ebm edhe kryeministri Edi Rama,\u2026","rel":"","context":"In &quot;Blogu i Udh\u00ebtarit&quot;","block_context":{"text":"Blogu i Udh\u00ebtarit","link":"https:\/\/www.shqiperia.com\/blog\/category\/blogu-i-udhetarit\/"},"img":{"alt_text":"","src":"https:\/\/i0.wp.com\/www.shqiperia.com\/blog\/wp-content\/uploads\/2021\/12\/640-0-61cb36c4920e1.png?fit=640%2C344&ssl=1&resize=350%2C200","width":350,"height":200,"srcset":"https:\/\/i0.wp.com\/www.shqiperia.com\/blog\/wp-content\/uploads\/2021\/12\/640-0-61cb36c4920e1.png?fit=640%2C344&ssl=1&resize=350%2C200 1x, https:\/\/i0.wp.com\/www.shqiperia.com\/blog\/wp-content\/uploads\/2021\/12\/640-0-61cb36c4920e1.png?fit=640%2C344&ssl=1&resize=525%2C300 1.5x"},"classes":[]},{"id":66354,"url":"https:\/\/www.shqiperia.com\/blog\/ka-fituar-111-milione-leke-ne-shorteun-e-vitit-te-ri-por-ende-nuk-eshte-paraqitur-telebingo-shqiptare-shpjegon-si-veprohet-ne-vijim\/","url_meta":{"origin":95529,"position":5},"title":"Ka fituar 111 milion\u00eb lek\u00eb n\u00eb shorteun e Vitit t\u00eb Ri, por ende nuk \u00ebsht\u00eb paraqitur! &#8211; Telebingo Shqiptare shpjegon si veprohet n\u00eb vijim","author":"Kurt Farka","date":"January 16, 2023","format":false,"excerpt":"16 Janar 2023 Nj\u00eb armat\u00eb e t\u00ebr\u00eb fituesish ka pushtuar dit\u00ebn e djeshme loj\u00ebn m\u00eb popullore t\u00eb fatit n\u00eb vend, Telebingo Shqiptare. B\u00ebhet fjal\u00eb p\u00ebr fituesit fatlum\u00eb t\u00eb shorteut special t\u00eb Vitit t\u00eb Ri, t\u00eb hedhur n\u00eb dat\u00ebn 1 janar, t\u00eb cil\u00ebt jan\u00eb paraqitur p\u00ebr t\u00eb marr\u00eb super\u00e7mimet e fituara,\u2026","rel":"","context":"In &quot;Blogu i Udh\u00ebtarit&quot;","block_context":{"text":"Blogu i Udh\u00ebtarit","link":"https:\/\/www.shqiperia.com\/blog\/category\/blogu-i-udhetarit\/"},"img":{"alt_text":"","src":"https:\/\/i0.wp.com\/www.shqiperia.com\/blog\/wp-content\/uploads\/2023\/01\/f2d843b8-ea0c-401e-b0fc-79c5f70e5d1c.jpg?fit=1024%2C768&ssl=1&resize=350%2C200","width":350,"height":200,"srcset":"https:\/\/i0.wp.com\/www.shqiperia.com\/blog\/wp-content\/uploads\/2023\/01\/f2d843b8-ea0c-401e-b0fc-79c5f70e5d1c.jpg?fit=1024%2C768&ssl=1&resize=350%2C200 1x, https:\/\/i0.wp.com\/www.shqiperia.com\/blog\/wp-content\/uploads\/2023\/01\/f2d843b8-ea0c-401e-b0fc-79c5f70e5d1c.jpg?fit=1024%2C768&ssl=1&resize=525%2C300 1.5x, https:\/\/i0.wp.com\/www.shqiperia.com\/blog\/wp-content\/uploads\/2023\/01\/f2d843b8-ea0c-401e-b0fc-79c5f70e5d1c.jpg?fit=1024%2C768&ssl=1&resize=700%2C400 2x"},"classes":[]}],"_links":{"self":[{"href":"https:\/\/www.shqiperia.com\/blog\/wp-json\/wp\/v2\/posts\/95529","targetHints":{"allow":["GET"]}}],"collection":[{"href":"https:\/\/www.shqiperia.com\/blog\/wp-json\/wp\/v2\/posts"}],"about":[{"href":"https:\/\/www.shqiperia.com\/blog\/wp-json\/wp\/v2\/types\/post"}],"author":[{"embeddable":true,"href":"https:\/\/www.shqiperia.com\/blog\/wp-json\/wp\/v2\/users\/9"}],"replies":[{"embeddable":true,"href":"https:\/\/www.shqiperia.com\/blog\/wp-json\/wp\/v2\/comments?post=95529"}],"version-history":[{"count":1,"href":"https:\/\/www.shqiperia.com\/blog\/wp-json\/wp\/v2\/posts\/95529\/revisions"}],"predecessor-version":[{"id":95531,"href":"https:\/\/www.shqiperia.com\/blog\/wp-json\/wp\/v2\/posts\/95529\/revisions\/95531"}],"wp:featuredmedia":[{"embeddable":true,"href":"https:\/\/www.shqiperia.com\/blog\/wp-json\/wp\/v2\/media\/95530"}],"wp:attachment":[{"href":"https:\/\/www.shqiperia.com\/blog\/wp-json\/wp\/v2\/media?parent=95529"}],"wp:term":[{"taxonomy":"category","embeddable":true,"href":"https:\/\/www.shqiperia.com\/blog\/wp-json\/wp\/v2\/categories?post=95529"},{"taxonomy":"post_tag","embeddable":true,"href":"https:\/\/www.shqiperia.com\/blog\/wp-json\/wp\/v2\/tags?post=95529"}],"curies":[{"name":"wp","href":"https:\/\/api.w.org\/{rel}","templated":true}]}}