{"id":95526,"date":"2025-12-12T08:34:52","date_gmt":"2025-12-12T08:34:52","guid":{"rendered":"https:\/\/www.shqiperia.com\/blog\/?p=95526"},"modified":"2025-12-12T08:34:52","modified_gmt":"2025-12-12T08:34:52","slug":"arkeologet-ne-britani-kane-zbuluar-proven-400-mije-vjecare-te-krijimit-te-zjarrit-nga-njeriu","status":"publish","type":"post","link":"https:\/\/www.shqiperia.com\/blog\/arkeologet-ne-britani-kane-zbuluar-proven-400-mije-vjecare-te-krijimit-te-zjarrit-nga-njeriu\/","title":{"rendered":"Arkeolog\u00ebt n\u00eb Britani kan\u00eb zbuluar prov\u00ebn 400 mij\u00eb vje\u00e7are t\u00eb krijimit t\u00eb zjarrit nga njeriu"},"content":{"rendered":"<p><img data-recalc-dims=\"1\" loading=\"lazy\" decoding=\"async\" data-attachment-id=\"95527\" data-permalink=\"https:\/\/www.shqiperia.com\/blog\/arkeologet-ne-britani-kane-zbuluar-proven-400-mije-vjecare-te-krijimit-te-zjarrit-nga-njeriu\/640-0-nik2-1765453863\/\" data-orig-file=\"https:\/\/i0.wp.com\/www.shqiperia.com\/blog\/wp-content\/uploads\/2025\/12\/640-0-nik2-1765453863.jpeg?fit=640%2C427&amp;ssl=1\" data-orig-size=\"640,427\" data-comments-opened=\"1\" data-image-meta=\"{&quot;aperture&quot;:&quot;0&quot;,&quot;credit&quot;:&quot;&quot;,&quot;camera&quot;:&quot;&quot;,&quot;caption&quot;:&quot;&quot;,&quot;created_timestamp&quot;:&quot;0&quot;,&quot;copyright&quot;:&quot;&quot;,&quot;focal_length&quot;:&quot;0&quot;,&quot;iso&quot;:&quot;0&quot;,&quot;shutter_speed&quot;:&quot;0&quot;,&quot;title&quot;:&quot;&quot;,&quot;orientation&quot;:&quot;0&quot;}\" data-image-title=\"-640-0-nik2-1765453863\" data-image-description=\"\" data-image-caption=\"\" data-medium-file=\"https:\/\/i0.wp.com\/www.shqiperia.com\/blog\/wp-content\/uploads\/2025\/12\/640-0-nik2-1765453863.jpeg?fit=300%2C200&amp;ssl=1\" data-large-file=\"https:\/\/i0.wp.com\/www.shqiperia.com\/blog\/wp-content\/uploads\/2025\/12\/640-0-nik2-1765453863.jpeg?fit=640%2C427&amp;ssl=1\" class=\"alignnone  wp-image-95527\" alt=\"\" src=\"https:\/\/i0.wp.com\/www.shqiperia.com\/blog\/wp-content\/uploads\/2025\/12\/640-0-nik2-1765453863.jpeg?resize=689%2C459&#038;ssl=1\" width=\"689\" height=\"459\" srcset=\"https:\/\/i0.wp.com\/www.shqiperia.com\/blog\/wp-content\/uploads\/2025\/12\/640-0-nik2-1765453863.jpeg?resize=300%2C200&amp;ssl=1 300w, https:\/\/i0.wp.com\/www.shqiperia.com\/blog\/wp-content\/uploads\/2025\/12\/640-0-nik2-1765453863.jpeg?resize=600%2C400&amp;ssl=1 600w, https:\/\/i0.wp.com\/www.shqiperia.com\/blog\/wp-content\/uploads\/2025\/12\/640-0-nik2-1765453863.jpeg?resize=450%2C300&amp;ssl=1 450w, https:\/\/i0.wp.com\/www.shqiperia.com\/blog\/wp-content\/uploads\/2025\/12\/640-0-nik2-1765453863.jpeg?resize=400%2C267&amp;ssl=1 400w, https:\/\/i0.wp.com\/www.shqiperia.com\/blog\/wp-content\/uploads\/2025\/12\/640-0-nik2-1765453863.jpeg?w=640&amp;ssl=1 640w\" sizes=\"auto, (max-width: 689px) 100vw, 689px\" \/><\/p>\n<p><em>12 Dhjetor 2025<\/em><\/p>\n<p><em>Arkeolog\u00ebt n\u00eb Britani kan\u00eb zbuluar prov\u00ebn m\u00eb t\u00eb hershme t\u00eb krijimit t\u00eb q\u00ebllimsh\u00ebm t\u00eb zjarrit nga njeriu, rreth 400 mij\u00eb vjet m\u00eb par\u00eb. Zbulimi p\u00ebrfshin nj\u00eb vat\u00ebr t\u00eb lasht\u00eb, mjete guri dhe mineralin pirit, q\u00eb sh\u00ebrbente si \u00e7akmak primitiv. Ky moment historik ndryshon kuptimin ton\u00eb p\u00ebr evolucionin, teknologjin\u00eb dhe zhvillimin shoq\u00ebror t\u00eb njer\u00ebzimit.<\/em><\/p>\n<p><img data-recalc-dims=\"1\" loading=\"lazy\" decoding=\"async\" class=\"\" alt=\"ZJARRI Q\u00cb RISHKROI HISTORIN\u00cb! Arkeolog\u00ebt n\u00eb Britani\" src=\"https:\/\/i0.wp.com\/media.oranews.tv\/oranews.tv\/media3\/-640-0-nik3-1765453864.jpeg?resize=771%2C515&#038;ssl=1\" width=\"771\" height=\"515\" data-size=\"x\" data-id=\"781251\" \/><\/p>\n<p>N\u00ebn hijen e pem\u00ebve t\u00eb qeta t\u00eb Barnham Forest, nj\u00eb zbulim i papritur po trondit historin\u00eb njer\u00ebzore.<\/p>\n<p>Arkeolog\u00ebt britanik\u00eb kan\u00eb gjetur prov\u00ebn m\u00eb t\u00eb hershme se paraardh\u00ebsit tan\u00eb ndez\u00ebn zjarr\u2026 jo rast\u00ebsisht, por me q\u00ebllim. Jo 50 mij\u00eb, jo 100 mij\u00eb\u2026 por 400 mij\u00eb vjet m\u00eb par\u00eb.<\/p>\n<p>Pik\u00ebrisht k\u00ebtu, brenda nj\u00eb shtrese balte t\u00eb kuq\u00ebrremt\u00eb, studiuesit zbuluan gjurm\u00ebt e nj\u00eb vatre t\u00eb lasht\u00eb. Depozita t\u00eb djegura, mjete guri t\u00eb \u00e7ara nga nxeht\u00ebsia dhe fragmentet e piritit\u00a0 minerali q\u00eb, kur goditet me gurin e forte te quajtur-strall, krijon shk\u00ebndija.<\/p>\n<p><em>&#8220;K\u00ebtu njer\u00ebzit e hersh\u00ebm u mblodh\u00ebn rreth zjarrit\u2026 nj\u00eb moment ky\u00e7 n\u00eb evolucionin ton\u00eb.&#8221;,<\/em><span>\u00a0<\/span>tha profesrori Nick Ashton.<\/p>\n<p>Ky ishte \u201c\u00e7akmaku\u201d i par\u00eb i njohur. Teknologji e thjesht\u00eb, por revolucionare. P\u00ebr her\u00eb t\u00eb par\u00eb, njer\u00ebzit mund t\u00eb krijonin zjarr kur donin, ku donin.<\/p>\n<p>Zjarri solli gatimin, ngrohjen, mbrojtjen, bashk\u00ebjetes\u00ebn\u2026 dhe ndoshta hapat e par\u00eb drejt gjuh\u00ebs s\u00eb strukturuar.<\/p>\n<p><img data-recalc-dims=\"1\" loading=\"lazy\" decoding=\"async\" class=\"\" alt=\"ZJARRI Q\u00cb RISHKROI HISTORIN\u00cb! Arkeolog\u00ebt n\u00eb Britani\" src=\"https:\/\/i0.wp.com\/media.oranews.tv\/oranews.tv\/media3\/-640-0-nik-1765453863.jpeg?resize=824%2C550&#038;ssl=1\" width=\"824\" height=\"550\" data-size=\"x\" data-id=\"781249\" \/><\/p>\n<p>E gjitha kjo, shum\u00eb p\u00ebrpara ardhjes s\u00eb Homo sapiens n\u00eb Evrop\u00eb.<\/p>\n<p><em>&#8220;Lidhja e piritit me vatr\u00ebn ishte prova q\u00eb prisnim. Kjo ndryshon gjith\u00e7ka.&#8221;<\/em><\/p>\n<p>Ky zbulim, i publikuar n\u00eb revist\u00ebn Nature, rihap debatin global p\u00ebr origjin\u00ebn e teknologjis\u00eb s\u00eb zjarrit. Dhe nd\u00ebrsa arkeolog\u00ebt k\u00ebrkojn\u00eb vendin e radh\u00ebs, historia e njer\u00ebzimit sapo mori flak\u00eb s\u00ebrish\u2026 n\u00eb Barnham t\u00eb Britanis\u00eb.<\/p>\n","protected":false},"excerpt":{"rendered":"<p>12 Dhjetor 2025 Arkeolog\u00ebt n\u00eb Britani kan\u00eb zbuluar prov\u00ebn m\u00eb t\u00eb hershme t\u00eb krijimit t\u00eb q\u00ebllimsh\u00ebm t\u00eb zjarrit nga njeriu, rreth 400 mij\u00eb vjet m\u00eb par\u00eb. Zbulimi p\u00ebrfshin nj\u00eb vat\u00ebr t\u00eb lasht\u00eb, mjete guri dhe mineralin pirit, q\u00eb sh\u00ebrbente si \u00e7akmak primitiv. Ky moment historik ndryshon kuptimin ton\u00eb p\u00ebr evolucionin, teknologjin\u00eb dhe zhvillimin shoq\u00ebror t\u00eb [&hellip;]<\/p>\n","protected":false},"author":9,"featured_media":95527,"comment_status":"open","ping_status":"open","sticky":false,"template":"","format":"standard","meta":{"jetpack_post_was_ever_published":false,"_jetpack_newsletter_access":"","_jetpack_dont_email_post_to_subs":false,"_jetpack_newsletter_tier_id":0,"_jetpack_memberships_contains_paywalled_content":false,"_jetpack_memberships_contains_paid_content":false,"footnotes":"","jetpack_publicize_message":"","jetpack_publicize_feature_enabled":true,"jetpack_social_post_already_shared":true,"jetpack_social_options":{"image_generator_settings":{"template":"highway","default_image_id":0,"font":"","enabled":false},"version":2}},"categories":[85,1],"tags":[],"class_list":["post-95526","post","type-post","status-publish","format-standard","has-post-thumbnail","hentry","category-histori","category-njoftime-shtypi"],"jetpack_publicize_connections":[],"jetpack_featured_media_url":"https:\/\/i0.wp.com\/www.shqiperia.com\/blog\/wp-content\/uploads\/2025\/12\/640-0-nik2-1765453863.jpeg?fit=640%2C427&ssl=1","jetpack_sharing_enabled":true,"jetpack_shortlink":"https:\/\/wp.me\/p5Z6wp-oQK","jetpack-related-posts":[{"id":98039,"url":"https:\/\/www.shqiperia.com\/blog\/shkrimi-mund-te-jete-40-mije-vjet-me-i-hershem-se-sa-mendohej-cfare-kane-zbuluar-arkeologet-ne-gjermani\/","url_meta":{"origin":95526,"position":0},"title":"Shkrimi mund t\u00eb jet\u00eb 40 mij\u00eb vjet m\u00eb i hersh\u00ebm se sa mendohej, \u00e7far\u00eb kan\u00eb zbuluar arkeolog\u00ebt n\u00eb Gjermani","author":"Kurt Farka","date":"February 27, 2026","format":false,"excerpt":"27 Shkurt 2026 Historia e shkrimit t\u00eb mendimeve dhe ndjenjave mund t\u00eb jet\u00eb dhjet\u00ebra mij\u00ebra vjet m\u00eb e vjet\u00ebr se sa besohej m\u00eb par\u00eb, duke habitur arkeolog\u00ebt q\u00eb b\u00ebn\u00eb k\u00ebt\u00eb zbulim. Studiuesit kan\u00eb dalluar modele kuptimi n\u00eb vijat, prerjet, pikat dhe kryqet e gdhendura mbi objekte si dh\u00ebmb\u00eb mamuthi, t\u00eb\u2026","rel":"","context":"In &quot;Histori&quot;","block_context":{"text":"Histori","link":"https:\/\/www.shqiperia.com\/blog\/category\/histori\/"},"img":{"alt_text":"","src":"https:\/\/i0.wp.com\/www.shqiperia.com\/blog\/wp-content\/uploads\/2026\/02\/475473f0-1304-11f1-856c-c723805bc628.jpg.webp?fit=1024%2C575&ssl=1&resize=350%2C200","width":350,"height":200,"srcset":"https:\/\/i0.wp.com\/www.shqiperia.com\/blog\/wp-content\/uploads\/2026\/02\/475473f0-1304-11f1-856c-c723805bc628.jpg.webp?fit=1024%2C575&ssl=1&resize=350%2C200 1x, https:\/\/i0.wp.com\/www.shqiperia.com\/blog\/wp-content\/uploads\/2026\/02\/475473f0-1304-11f1-856c-c723805bc628.jpg.webp?fit=1024%2C575&ssl=1&resize=525%2C300 1.5x, https:\/\/i0.wp.com\/www.shqiperia.com\/blog\/wp-content\/uploads\/2026\/02\/475473f0-1304-11f1-856c-c723805bc628.jpg.webp?fit=1024%2C575&ssl=1&resize=700%2C400 2x"},"classes":[]},{"id":48341,"url":"https:\/\/www.shqiperia.com\/blog\/arkeologet-gjejne-shkopin-ne-forme-gjarpri-4-mije-e-400-vjet-te-vjeter\/","url_meta":{"origin":95526,"position":1},"title":"Arkeolog\u00ebt gjejn\u00eb shkopin n\u00eb form\u00eb gjarpri 4 mij\u00eb e 400 vjet t\u00eb vjet\u00ebr.","author":"Kurt Farka","date":"July 8, 2021","format":false,"excerpt":"Arkeolog\u00ebt gjejn\u00eb shkopin n\u00eb form\u00eb gjarpri 4 mij\u00eb e 400 vjet t\u00eb vjet\u00ebr. Korrik 2021 \u201cShkopi\u201d i drunjt\u00eb nga koha e gurit e q\u00eb ka form\u00ebn e nj\u00eb gjarpri \u00ebsht\u00eb gjetur n\u00eb vendin parahistorik J\u00e4rvensuo 1, nj\u00eb mjedis i mo\u00e7\u00ebm mo\u00e7alor n\u00eb brigjet e liqenit Rautajarvi n\u00eb jugper\u00ebndim t\u00eb Finland\u00ebs\u2026","rel":"","context":"In &quot;Histori&quot;","block_context":{"text":"Histori","link":"https:\/\/www.shqiperia.com\/blog\/category\/histori\/"},"img":{"alt_text":"","src":"https:\/\/i0.wp.com\/www.shqiperia.com\/blog\/wp-content\/uploads\/2021\/07\/auto_shkop1625519602.jpg?fit=900%2C423&ssl=1&resize=350%2C200","width":350,"height":200,"srcset":"https:\/\/i0.wp.com\/www.shqiperia.com\/blog\/wp-content\/uploads\/2021\/07\/auto_shkop1625519602.jpg?fit=900%2C423&ssl=1&resize=350%2C200 1x, https:\/\/i0.wp.com\/www.shqiperia.com\/blog\/wp-content\/uploads\/2021\/07\/auto_shkop1625519602.jpg?fit=900%2C423&ssl=1&resize=525%2C300 1.5x, https:\/\/i0.wp.com\/www.shqiperia.com\/blog\/wp-content\/uploads\/2021\/07\/auto_shkop1625519602.jpg?fit=900%2C423&ssl=1&resize=700%2C400 2x"},"classes":[]},{"id":60701,"url":"https:\/\/www.shqiperia.com\/blog\/arkeologet-spanjolle-hasin-ne-gdhendje-14-mije-vjet-te-vjeter\/","url_meta":{"origin":95526,"position":2},"title":"Arkeolog\u00ebt spanjoll\u00eb hasin n\u00eb gdhendje 14 mij\u00eb vjet t\u00eb vjet\u00ebr","author":"Kurt Farka","date":"August 5, 2022","format":false,"excerpt":"2 Gusht 2022 Arkeolog\u00ebt nga Universiteti Autonom i Barcelon\u00ebs zbuluan gdhendje t\u00eb lashta q\u00eb jan\u00eb rreth 14 mij\u00eb vjet t\u00eb vjetra, njoftuan studiuesit n\u00ebp\u00ebrmjet nj\u00eb deklarate. Gdhendja e epok\u00ebs s\u00eb Paleolitit t\u00eb hersh\u00ebm u gjet pran\u00eb qytetit Lleida, i cili \u00ebsht\u00eb rreth nj\u00eb or\u00eb larg nga Barcelona. Arkeolog\u00ebt kishin punuar\u2026","rel":"","context":"In &quot;Histori&quot;","block_context":{"text":"Histori","link":"https:\/\/www.shqiperia.com\/blog\/category\/histori\/"},"img":{"alt_text":"","src":"https:\/\/i0.wp.com\/www.shqiperia.com\/blog\/wp-content\/uploads\/2022\/08\/Arkeologet-spanjolle-hasin-ne-gdhendje-14-mije-vjet-te-vjeter.jpg?fit=676%2C374&ssl=1&resize=350%2C200","width":350,"height":200,"srcset":"https:\/\/i0.wp.com\/www.shqiperia.com\/blog\/wp-content\/uploads\/2022\/08\/Arkeologet-spanjolle-hasin-ne-gdhendje-14-mije-vjet-te-vjeter.jpg?fit=676%2C374&ssl=1&resize=350%2C200 1x, https:\/\/i0.wp.com\/www.shqiperia.com\/blog\/wp-content\/uploads\/2022\/08\/Arkeologet-spanjolle-hasin-ne-gdhendje-14-mije-vjet-te-vjeter.jpg?fit=676%2C374&ssl=1&resize=525%2C300 1.5x"},"classes":[]},{"id":34400,"url":"https:\/\/www.shqiperia.com\/blog\/foto-puthja-2800-vjecare-historia-e-dashurise-qe-sfidoi-vdekjen\/","url_meta":{"origin":95526,"position":3},"title":"FOTO: &#8211; Puthja 2800 vje\u00e7are, historia e dashuris\u00eb q\u00eb sfidoi vdekjen","author":"Kurt Farka","date":"May 8, 2020","format":false,"excerpt":"FOTO: - Puthja 2800 vje\u00e7are, historia e dashuris\u00eb q\u00eb sfidoi vdekjen Kjo foto \u00ebsht\u00eb shkrepur n\u00eb 1972 dhe do mbetet n\u00eb histori si simboli i dashuris\u00eb q\u00eb triumfon mbi jet\u00ebn dhe vdekjen. Njihet me emrin \u201cskeletet e Hasanlu\u201d \u2013 raporton DITA. B\u00ebhet fjal\u00eb p\u00ebr dy skelete t\u00eb zbuluar gjat\u00eb g\u00ebrmimeve\u2026","rel":"","context":"In &quot;Histori&quot;","block_context":{"text":"Histori","link":"https:\/\/www.shqiperia.com\/blog\/category\/histori\/"},"img":{"alt_text":"","src":"https:\/\/i0.wp.com\/www.shqiperia.com\/blog\/wp-content\/uploads\/2020\/05\/Amanti-Hasanlu-2.jpg?fit=737%2C428&ssl=1&resize=350%2C200","width":350,"height":200,"srcset":"https:\/\/i0.wp.com\/www.shqiperia.com\/blog\/wp-content\/uploads\/2020\/05\/Amanti-Hasanlu-2.jpg?fit=737%2C428&ssl=1&resize=350%2C200 1x, https:\/\/i0.wp.com\/www.shqiperia.com\/blog\/wp-content\/uploads\/2020\/05\/Amanti-Hasanlu-2.jpg?fit=737%2C428&ssl=1&resize=525%2C300 1.5x, https:\/\/i0.wp.com\/www.shqiperia.com\/blog\/wp-content\/uploads\/2020\/05\/Amanti-Hasanlu-2.jpg?fit=737%2C428&ssl=1&resize=700%2C400 2x"},"classes":[]},{"id":48940,"url":"https:\/\/www.shqiperia.com\/blog\/arkeologet-gjejne-qytetin-e-arte-mbi-3-mije-e-400-vjet-te-vjeter\/","url_meta":{"origin":95526,"position":4},"title":"Arkeolog\u00ebt gjejn\u00eb \u201cqytetin e art\u00eb\u201d mbi 3 mij\u00eb e 400 vjet t\u00eb vjet\u00ebr","author":"Kurt Farka","date":"August 8, 2021","format":false,"excerpt":"Arkeolog\u00ebt gjejn\u00eb \u201cqytetin e art\u00eb\u201d mbi 3 mij\u00eb e 400 vjet t\u00eb vjet\u00ebr Qyteti \u00ebsht\u00eb cil\u00ebsuar si \u201cPompei\u201d i Egjiptit t\u00eb vjet\u00ebr p\u00ebr shkak t\u00eb gjendjes s\u00eb mir\u00eb si\u00e7 \u00ebsht\u00eb ruajtur Nj\u00eb qytet i madh faraonik, i nd\u00ebrtuar m\u00eb shum\u00eb se 3400 vjet m\u00eb par\u00eb gjat\u00eb dit\u00ebve t\u00eb boll\u00ebkut n\u00ebn\u2026","rel":"","context":"In &quot;Histori&quot;","block_context":{"text":"Histori","link":"https:\/\/www.shqiperia.com\/blog\/category\/histori\/"},"img":{"alt_text":"","src":"https:\/\/i0.wp.com\/www.shqiperia.com\/blog\/wp-content\/uploads\/2021\/08\/auto_ZbulimEgjipt11618004153.jpg?fit=900%2C506&ssl=1&resize=350%2C200","width":350,"height":200,"srcset":"https:\/\/i0.wp.com\/www.shqiperia.com\/blog\/wp-content\/uploads\/2021\/08\/auto_ZbulimEgjipt11618004153.jpg?fit=900%2C506&ssl=1&resize=350%2C200 1x, https:\/\/i0.wp.com\/www.shqiperia.com\/blog\/wp-content\/uploads\/2021\/08\/auto_ZbulimEgjipt11618004153.jpg?fit=900%2C506&ssl=1&resize=525%2C300 1.5x, https:\/\/i0.wp.com\/www.shqiperia.com\/blog\/wp-content\/uploads\/2021\/08\/auto_ZbulimEgjipt11618004153.jpg?fit=900%2C506&ssl=1&resize=700%2C400 2x"},"classes":[]},{"id":82826,"url":"https:\/\/www.shqiperia.com\/blog\/i-humbur-per-rreth-3-mije-vite-arkeologet-gjejne-alfabetin-e-humbur-te-qyteterimit-biblik\/","url_meta":{"origin":95526,"position":5},"title":"I Humbur P\u00ebr Rreth 3 Mij\u00eb Vite. &#8211; Arkeolog\u00ebt Gjejn\u00eb Alfabetin E \u201cHumbur\u201d T\u00eb Qytet\u00ebrimit Biblik","author":"Kurt Farka","date":"July 16, 2024","format":false,"excerpt":"16 Korrik 2024 Arkeolog\u00ebt kan\u00eb zbuluar nj\u00eb alfabet t\u00eb humbur, i cili po k\u00ebrkohej p\u00ebr dekada t\u00eb t\u00ebra dhe q\u00eb sipas tyre i takon nj\u00eb qytet\u00ebrimi 3000-vje\u00e7ar. Q\u00eb nga viti 1964, arkeolog\u00ebt kan\u00eb gjetur 15 pllaka t\u00eb ndryshme me gdhendje t\u00eb \u00e7uditshme n\u00eb nj\u00eb vendbanim t\u00eb lasht\u00eb n\u00eb Jordani. Fal\u00eb\u2026","rel":"","context":"In &quot;Blogu i Udh\u00ebtarit&quot;","block_context":{"text":"Blogu i Udh\u00ebtarit","link":"https:\/\/www.shqiperia.com\/blog\/category\/blogu-i-udhetarit\/"},"img":{"alt_text":"","src":"https:\/\/i0.wp.com\/www.shqiperia.com\/blog\/wp-content\/uploads\/2024\/07\/IMG_9396-1.png?fit=646%2C375&ssl=1&resize=350%2C200","width":350,"height":200,"srcset":"https:\/\/i0.wp.com\/www.shqiperia.com\/blog\/wp-content\/uploads\/2024\/07\/IMG_9396-1.png?fit=646%2C375&ssl=1&resize=350%2C200 1x, https:\/\/i0.wp.com\/www.shqiperia.com\/blog\/wp-content\/uploads\/2024\/07\/IMG_9396-1.png?fit=646%2C375&ssl=1&resize=525%2C300 1.5x"},"classes":[]}],"_links":{"self":[{"href":"https:\/\/www.shqiperia.com\/blog\/wp-json\/wp\/v2\/posts\/95526","targetHints":{"allow":["GET"]}}],"collection":[{"href":"https:\/\/www.shqiperia.com\/blog\/wp-json\/wp\/v2\/posts"}],"about":[{"href":"https:\/\/www.shqiperia.com\/blog\/wp-json\/wp\/v2\/types\/post"}],"author":[{"embeddable":true,"href":"https:\/\/www.shqiperia.com\/blog\/wp-json\/wp\/v2\/users\/9"}],"replies":[{"embeddable":true,"href":"https:\/\/www.shqiperia.com\/blog\/wp-json\/wp\/v2\/comments?post=95526"}],"version-history":[{"count":1,"href":"https:\/\/www.shqiperia.com\/blog\/wp-json\/wp\/v2\/posts\/95526\/revisions"}],"predecessor-version":[{"id":95528,"href":"https:\/\/www.shqiperia.com\/blog\/wp-json\/wp\/v2\/posts\/95526\/revisions\/95528"}],"wp:featuredmedia":[{"embeddable":true,"href":"https:\/\/www.shqiperia.com\/blog\/wp-json\/wp\/v2\/media\/95527"}],"wp:attachment":[{"href":"https:\/\/www.shqiperia.com\/blog\/wp-json\/wp\/v2\/media?parent=95526"}],"wp:term":[{"taxonomy":"category","embeddable":true,"href":"https:\/\/www.shqiperia.com\/blog\/wp-json\/wp\/v2\/categories?post=95526"},{"taxonomy":"post_tag","embeddable":true,"href":"https:\/\/www.shqiperia.com\/blog\/wp-json\/wp\/v2\/tags?post=95526"}],"curies":[{"name":"wp","href":"https:\/\/api.w.org\/{rel}","templated":true}]}}