{"id":95520,"date":"2025-12-12T08:26:11","date_gmt":"2025-12-12T08:26:11","guid":{"rendered":"https:\/\/www.shqiperia.com\/blog\/?p=95520"},"modified":"2025-12-12T08:26:11","modified_gmt":"2025-12-12T08:26:11","slug":"stuhia-dimerore-godet-rripin-e-gazes-mbi-800-mije-banore-rrezikojne-permbytjen","status":"publish","type":"post","link":"https:\/\/www.shqiperia.com\/blog\/stuhia-dimerore-godet-rripin-e-gazes-mbi-800-mije-banore-rrezikojne-permbytjen\/","title":{"rendered":"Stuhia dim\u00ebrore godet Rripin e Gaz\u00ebs, mbi 800 mij\u00eb banor\u00eb rrezikojn\u00eb p\u00ebrmbytjen"},"content":{"rendered":"<div class=\"firstP\">\n<p><img data-recalc-dims=\"1\" loading=\"lazy\" decoding=\"async\" data-attachment-id=\"95521\" data-permalink=\"https:\/\/www.shqiperia.com\/blog\/stuhia-dimerore-godet-rripin-e-gazes-mbi-800-mije-banore-rrezikojne-permbytjen\/9b017dc0-d6bb-11f0-9d57-f5bf64d847f4_sd-1\/\" data-orig-file=\"https:\/\/i0.wp.com\/www.shqiperia.com\/blog\/wp-content\/uploads\/2025\/12\/9b017dc0-d6bb-11f0-9d57-f5bf64d847f4_sd-1.webp?fit=1280%2C720&amp;ssl=1\" data-orig-size=\"1280,720\" data-comments-opened=\"1\" data-image-meta=\"{&quot;aperture&quot;:&quot;0&quot;,&quot;credit&quot;:&quot;&quot;,&quot;camera&quot;:&quot;&quot;,&quot;caption&quot;:&quot;&quot;,&quot;created_timestamp&quot;:&quot;0&quot;,&quot;copyright&quot;:&quot;&quot;,&quot;focal_length&quot;:&quot;0&quot;,&quot;iso&quot;:&quot;0&quot;,&quot;shutter_speed&quot;:&quot;0&quot;,&quot;title&quot;:&quot;&quot;,&quot;orientation&quot;:&quot;0&quot;}\" data-image-title=\"9b017dc0-d6bb-11f0-9d57-f5bf64d847f4_sd (1)\" data-image-description=\"\" data-image-caption=\"\" data-medium-file=\"https:\/\/i0.wp.com\/www.shqiperia.com\/blog\/wp-content\/uploads\/2025\/12\/9b017dc0-d6bb-11f0-9d57-f5bf64d847f4_sd-1.webp?fit=300%2C169&amp;ssl=1\" data-large-file=\"https:\/\/i0.wp.com\/www.shqiperia.com\/blog\/wp-content\/uploads\/2025\/12\/9b017dc0-d6bb-11f0-9d57-f5bf64d847f4_sd-1.webp?fit=1024%2C576&amp;ssl=1\" class=\"alignnone  wp-image-95521\" alt=\"\" src=\"https:\/\/i0.wp.com\/www.shqiperia.com\/blog\/wp-content\/uploads\/2025\/12\/9b017dc0-d6bb-11f0-9d57-f5bf64d847f4_sd-1.webp?resize=607%2C342&#038;ssl=1\" width=\"607\" height=\"342\" srcset=\"https:\/\/i0.wp.com\/www.shqiperia.com\/blog\/wp-content\/uploads\/2025\/12\/9b017dc0-d6bb-11f0-9d57-f5bf64d847f4_sd-1.webp?resize=300%2C169&amp;ssl=1 300w, https:\/\/i0.wp.com\/www.shqiperia.com\/blog\/wp-content\/uploads\/2025\/12\/9b017dc0-d6bb-11f0-9d57-f5bf64d847f4_sd-1.webp?resize=1024%2C576&amp;ssl=1 1024w, https:\/\/i0.wp.com\/www.shqiperia.com\/blog\/wp-content\/uploads\/2025\/12\/9b017dc0-d6bb-11f0-9d57-f5bf64d847f4_sd-1.webp?resize=768%2C432&amp;ssl=1 768w, https:\/\/i0.wp.com\/www.shqiperia.com\/blog\/wp-content\/uploads\/2025\/12\/9b017dc0-d6bb-11f0-9d57-f5bf64d847f4_sd-1.webp?resize=450%2C253&amp;ssl=1 450w, https:\/\/i0.wp.com\/www.shqiperia.com\/blog\/wp-content\/uploads\/2025\/12\/9b017dc0-d6bb-11f0-9d57-f5bf64d847f4_sd-1.webp?resize=600%2C338&amp;ssl=1 600w, https:\/\/i0.wp.com\/www.shqiperia.com\/blog\/wp-content\/uploads\/2025\/12\/9b017dc0-d6bb-11f0-9d57-f5bf64d847f4_sd-1.webp?resize=400%2C225&amp;ssl=1 400w, https:\/\/i0.wp.com\/www.shqiperia.com\/blog\/wp-content\/uploads\/2025\/12\/9b017dc0-d6bb-11f0-9d57-f5bf64d847f4_sd-1.webp?w=1280&amp;ssl=1 1280w\" sizes=\"auto, (max-width: 607px) 100vw, 607px\" \/><\/p>\n<p>12 Dhjetor 2025<\/p>\n<p>M\u00eb shum\u00eb se 800,000 palestinez\u00eb n\u00eb Gaza rrezikohen nga p\u00ebrmbytjet pas nj\u00eb stuhie t\u00eb fuqishme dim\u00ebrore q\u00eb ka p\u00ebrmbytur kampet e t\u00eb zhvendosurve dhe ka shembur disa nd\u00ebrtesa, paralajm\u00ebroi OKB-ja.<\/p>\n<\/div>\n<p>Nd\u00ebrkoh\u00eb, Krisat humanitare po p\u00ebrkeq\u00ebsohen, teksa zbatimi i planit t\u00eb paqes t\u00eb Presidentit amerikan Donald Trump mbetet i ngrir\u00eb n\u00eb faz\u00ebn e par\u00eb.<\/p>\n<p>N\u00eb nj\u00eb tend\u00eb t\u00eb lag\u00ebsht n\u00eb Gaza City, Ghadir al-Adham \u2013 e zhvendosur pas luft\u00ebs dhe ende n\u00eb pritje t\u00eb rind\u00ebrtimit \u2013 tregon se \u00e7do dit\u00eb uji i shiut rrjedh brenda. \u201cPo jetojm\u00eb nj\u00eb jet\u00eb posht\u00ebrimi. Duam karavane, duam sht\u00ebpit\u00eb e rind\u00ebrtuara. Pres me lot f\u00ebmij\u00ebt e mi \u00e7do dit\u00eb,\u201d tha ajo p\u00ebr BBC-n\u00eb.<\/p>\n<p>Dy muaj pas arm\u00ebpushimit t\u00eb imponuar nga SHBA, Gaza mbetet e ndar\u00eb mes pal\u00ebve nd\u00ebrluftuese, nd\u00ebrsa fazat e ardhshme t\u00eb planit t\u00eb paqes jan\u00eb bllokuar p\u00ebr shkak t\u00eb \u00e7\u00ebshtjes s\u00eb pengut t\u00eb fundit izraelit t\u00eb zhdukur, Ran Gvili. Kryeministri izraelit Benjamin Netanyahu ka deklaruar se nuk do t\u00eb b\u00ebhen hapa t\u00eb tjer\u00eb derisa Gvili t\u00eb kthehet \u2013 i gjall\u00eb ose i vdekur.<\/p>\n<p>K\u00ebrkimet n\u00eb rr\u00ebnojat e Gaz\u00ebs nuk kan\u00eb dh\u00ebn\u00eb prova p\u00ebr fatin e tij. Prind\u00ebrit e Ranit, Talik dhe Itzik, insistojn\u00eb se Hamasi po e mban trupin e tij si \u201cgaranci\u201d p\u00ebr negociata t\u00eb ardhshme, nj\u00eb pretendim q\u00eb Hamasi e mohon.<\/p>\n<p><strong>Konsensus i v\u00ebshtir\u00eb: Hamas dhe Izraeli hezitojn\u00eb t\u00eb hyjn\u00eb n\u00eb faz\u00ebn e dyt\u00eb<\/strong><\/p>\n<p>Faza e ardhshme e planit t\u00eb paqes k\u00ebrkon l\u00ebshime t\u00eb m\u00ebdha nga t\u00eb dyja pal\u00ebt: Hamas duhet t\u00eb dor\u00ebzoj\u00eb arm\u00ebt dhe kontrollin, nd\u00ebrsa Izraeli duhet t\u2019ia kaloj\u00eb sigurin\u00eb nj\u00eb force stabilizimi nd\u00ebrkomb\u00ebtare \u2013 nj\u00eb opsion ndaj t\u00eb cilit Netanyahu ka shprehur skepticiz\u00ebm.<\/p>\n<p>Sipas gjeneralit t\u00eb pensionuar Israel Ziv, t\u00eb dy pal\u00ebt po zvarriten: \u201cHamas s\u2019do t\u00eb humbas\u00eb kontrollin, nd\u00ebrsa Izraeli, p\u00ebr arsye politike, preferon t\u00eb q\u00ebndroj\u00eb. Trump \u00ebsht\u00eb i vetmi q\u00eb mund t\u2019i shtyj\u00eb p\u00ebrpara \u2013 koha po mbaron.\u201d<\/p>\n<p><strong>Projekte t\u00eb reja strehimi n\u00eb Rafah, n\u00ebn presion amerikan<\/strong><\/p>\n<p>Mediat raportojn\u00eb se Izraeli ka nisur pastrimin e rr\u00ebnojave n\u00eb Rafah p\u00ebr nd\u00ebrtimin e banesave t\u00eb p\u00ebrkohshme p\u00ebr dhjet\u00ebra mij\u00ebra gazist\u00eb \u2013 me kusht q\u00eb ata t\u00eb hyjn\u00eb n\u00eb zona t\u00eb kontrolluara nga Izraeli dhe t\u2019i n\u00ebnshtrohen kontrolleve kund\u00ebr lidhjeve me Hamasin.<\/p>\n<p>Disa analist\u00eb e shohin k\u00ebt\u00eb si p\u00ebrpjekje p\u00ebr t\u00eb t\u00ebrhequr popullsin\u00eb larg kontrollit t\u00eb Hamasit. Por shum\u00eb banor\u00eb t\u00eb Gaz\u00ebs thon\u00eb se nuk do t\u00eb jetojn\u00eb n\u00ebn administrim izraelit, pavar\u00ebsisht d\u00ebshir\u00ebs p\u00ebr ndryshim politik.<\/p>\n<p><strong>Trump premton l\u00ebvizje t\u00eb shpejta<\/strong><\/p>\n<p>Presidenti Trump ka paralajm\u00ebruar publikimin e Bordit t\u00eb Paqes p\u00ebr Gaz\u00ebn, duke e quajtur \u201cnj\u00eb nga bordet m\u00eb legjendare ndonj\u00ebher\u00eb,\u201d dhe po k\u00ebrkon t\u00eb shpejtoj\u00eb faz\u00ebn e dyt\u00eb t\u00eb planit. Ai pritet t\u00eb diskutoj\u00eb \u00e7\u00ebshtjet m\u00eb t\u00eb nd\u00ebrlikuara me Netanyahun n\u00eb Florida k\u00ebt\u00eb muaj, p\u00ebrfshir\u00eb \u00e7armatimin e Hamasit \u2013 gurin themeltar t\u00eb \u00e7do zgjidhjeje afatgjat\u00eb.<\/p>\n<p>Nd\u00ebrsa Gaza p\u00ebrballet me shira shkat\u00ebrrues, mij\u00ebra familje pa streh\u00eb dhe nj\u00eb proces paqeje t\u00eb bllokuar, frika se territori mund t\u00eb mbetet i ndar\u00eb p\u00ebr nj\u00eb koh\u00eb t\u00eb pacaktuar po shtohet. P\u00ebr shum\u00ebk\u00ebnd, kriza humanitare po kthehet n\u00eb paralajm\u00ebrimin m\u00eb t\u00eb zymt\u00eb t\u00eb nj\u00eb t\u00eb ardhmeje ku Gaza cop\u00ebtohet edhe m\u00eb shum\u00eb, n\u00ebse hapat politik\u00eb nuk nd\u00ebrmerren shpejt.<\/p>\n","protected":false},"excerpt":{"rendered":"<p>12 Dhjetor 2025 M\u00eb shum\u00eb se 800,000 palestinez\u00eb n\u00eb Gaza rrezikohen nga p\u00ebrmbytjet pas nj\u00eb stuhie t\u00eb fuqishme dim\u00ebrore q\u00eb ka p\u00ebrmbytur kampet e t\u00eb zhvendosurve dhe ka shembur disa nd\u00ebrtesa, paralajm\u00ebroi OKB-ja. Nd\u00ebrkoh\u00eb, Krisat humanitare po p\u00ebrkeq\u00ebsohen, teksa zbatimi i planit t\u00eb paqes t\u00eb Presidentit amerikan Donald Trump mbetet i ngrir\u00eb n\u00eb faz\u00ebn e [&hellip;]<\/p>\n","protected":false},"author":9,"featured_media":95521,"comment_status":"open","ping_status":"open","sticky":false,"template":"","format":"standard","meta":{"jetpack_post_was_ever_published":false,"_jetpack_newsletter_access":"","_jetpack_dont_email_post_to_subs":false,"_jetpack_newsletter_tier_id":0,"_jetpack_memberships_contains_paywalled_content":false,"_jetpack_memberships_contains_paid_content":false,"footnotes":"","jetpack_publicize_message":"","jetpack_publicize_feature_enabled":true,"jetpack_social_post_already_shared":true,"jetpack_social_options":{"image_generator_settings":{"template":"highway","default_image_id":0,"font":"","enabled":false},"version":2}},"categories":[27,1],"tags":[],"class_list":["post-95520","post","type-post","status-publish","format-standard","has-post-thumbnail","hentry","category-blogu-i-udhetarit","category-njoftime-shtypi"],"jetpack_publicize_connections":[],"jetpack_featured_media_url":"https:\/\/i0.wp.com\/www.shqiperia.com\/blog\/wp-content\/uploads\/2025\/12\/9b017dc0-d6bb-11f0-9d57-f5bf64d847f4_sd-1.webp?fit=1280%2C720&ssl=1","jetpack_sharing_enabled":true,"jetpack_shortlink":"https:\/\/wp.me\/p5Z6wp-oQE","jetpack-related-posts":[{"id":94401,"url":"https:\/\/www.shqiperia.com\/blog\/vijat-e-verdha-ne-gaza-rrezikojne-te-shnderrohen-ne-kufij-te-perhershem\/","url_meta":{"origin":95520,"position":0},"title":"Vijat e verdha n\u00eb Gaza rrezikojn\u00eb t\u00eb shnd\u00ebrrohen n\u00eb kufij t\u00eb p\u00ebrhersh\u00ebm","author":"Kurt Farka","date":"October 26, 2025","format":false,"excerpt":"26 Tetor 2025 Nj\u00eb vij\u00eb e verdh\u00eb, e vendosur fillimisht si shenj\u00eb e p\u00ebrkohshme e arm\u00ebpushimit n\u00eb Rripin e Gaz\u00ebs, po merr gjithnj\u00eb e m\u00eb shum\u00eb form\u00ebn e nj\u00eb kufiri t\u00eb ri de facto, nd\u00ebrsa procesi i paqes mbetet i bllokuar dhe tensionet n\u00eb terren vazhdojn\u00eb t\u00eb rriten. Si\u00e7 p\u00ebrshkruan\u00a0The\u2026","rel":"","context":"In &quot;Blogu i Udh\u00ebtarit&quot;","block_context":{"text":"Blogu i Udh\u00ebtarit","link":"https:\/\/www.shqiperia.com\/blog\/category\/blogu-i-udhetarit\/"},"img":{"alt_text":"","src":"https:\/\/i0.wp.com\/www.shqiperia.com\/blog\/wp-content\/uploads\/2025\/10\/Screenshot_1-15-1024x800-1.jpg?fit=1024%2C800&ssl=1&resize=350%2C200","width":350,"height":200,"srcset":"https:\/\/i0.wp.com\/www.shqiperia.com\/blog\/wp-content\/uploads\/2025\/10\/Screenshot_1-15-1024x800-1.jpg?fit=1024%2C800&ssl=1&resize=350%2C200 1x, https:\/\/i0.wp.com\/www.shqiperia.com\/blog\/wp-content\/uploads\/2025\/10\/Screenshot_1-15-1024x800-1.jpg?fit=1024%2C800&ssl=1&resize=525%2C300 1.5x, https:\/\/i0.wp.com\/www.shqiperia.com\/blog\/wp-content\/uploads\/2025\/10\/Screenshot_1-15-1024x800-1.jpg?fit=1024%2C800&ssl=1&resize=700%2C400 2x"},"classes":[]},{"id":94831,"url":"https:\/\/www.shqiperia.com\/blog\/reuters-zbulon-skenarin-ndarja-de-facto-e-gazes-e-mundur-njera-zone-nen-kontrollin-e-izraelit-dhe-tjetra-nen-kontrollin-e-hamasit\/","url_meta":{"origin":95520,"position":1},"title":"\u201cReuters\u201d zbulon skenarin: Ndarja \u2018de facto\u2019 e Gaz\u00ebs e mundur, nj\u00ebra zon\u00eb n\u00ebn kontrollin e Izraelit dhe tjetra n\u00ebn kontrollin e Hamasit","author":"Kurt Farka","date":"November 12, 2025","format":false,"excerpt":"12 Nentor 2025 Skenari i ndarjes \u2018de facto\u2019 t\u00eb Rripit t\u00eb Gaz\u00ebs n\u00eb dy zona, nj\u00eb n\u00ebn kontrollin izraelit dhe nj\u00eb n\u00ebn kontrollin e Hamasit, po duket gjithnj\u00eb e m\u00eb i mundsh\u00ebm, n\u00eb nj\u00eb koh\u00eb kur p\u00ebrpjekjet p\u00ebr t\u00eb \u00e7uar p\u00ebrpara planin e Donald Trump p\u00ebr t\u2019i dh\u00ebn\u00eb fund luft\u00ebs\u2026","rel":"","context":"In &quot;Blogu i Udh\u00ebtarit&quot;","block_context":{"text":"Blogu i Udh\u00ebtarit","link":"https:\/\/www.shqiperia.com\/blog\/category\/blogu-i-udhetarit\/"},"img":{"alt_text":"","src":"https:\/\/i0.wp.com\/www.shqiperia.com\/blog\/wp-content\/uploads\/2025\/11\/gaza1.jpg?fit=1098%2C648&ssl=1&resize=350%2C200","width":350,"height":200,"srcset":"https:\/\/i0.wp.com\/www.shqiperia.com\/blog\/wp-content\/uploads\/2025\/11\/gaza1.jpg?fit=1098%2C648&ssl=1&resize=350%2C200 1x, https:\/\/i0.wp.com\/www.shqiperia.com\/blog\/wp-content\/uploads\/2025\/11\/gaza1.jpg?fit=1098%2C648&ssl=1&resize=525%2C300 1.5x, https:\/\/i0.wp.com\/www.shqiperia.com\/blog\/wp-content\/uploads\/2025\/11\/gaza1.jpg?fit=1098%2C648&ssl=1&resize=700%2C400 2x, https:\/\/i0.wp.com\/www.shqiperia.com\/blog\/wp-content\/uploads\/2025\/11\/gaza1.jpg?fit=1098%2C648&ssl=1&resize=1050%2C600 3x"},"classes":[]},{"id":91183,"url":"https:\/\/www.shqiperia.com\/blog\/emmanuel-macron-thote-se-ai-eshte-fuqimisht-kunder-cdo-zhvendosjeje-ose-aneksimi-ne-gaza-dhe-bregun-perendimor-te-pushtuar-nga-izraeli\/","url_meta":{"origin":95520,"position":2},"title":"Emmanuel Macron thote se ai eshte fuqimisht kund\u00ebr \u00e7do zhvendosjeje ose aneksimi n\u00eb Gaza dhe Bregun Per\u00ebndimor t\u00eb pushtuar nga Izraeli.","author":"Kurt Farka","date":"April 7, 2025","format":false,"excerpt":"7 Prill 2025 \"Kjo do t\u00eb ishte nj\u00eb shkelje e ligjit nd\u00ebrkomb\u00ebtar dhe nj\u00eb k\u00ebrc\u00ebnim serioz p\u00ebr sigurin\u00eb e t\u00eb gjith\u00eb rajonit, duke p\u00ebrfshir\u00eb Izraelin,\" tha ai, teksa takoi homologun e tij egjiptian Abdel Fattah al-Sisi. Macron tha gjithashtu se Hamasi nuk duhet t\u00eb ket\u00eb asnj\u00eb rol n\u00eb qeverisjen e\u2026","rel":"","context":"In &quot;Blogu i Udh\u00ebtarit&quot;","block_context":{"text":"Blogu i Udh\u00ebtarit","link":"https:\/\/www.shqiperia.com\/blog\/category\/blogu-i-udhetarit\/"},"img":{"alt_text":"","src":"https:\/\/i0.wp.com\/www.shqiperia.com\/blog\/wp-content\/uploads\/2025\/04\/auto_MACRON1744025672-1.jpg?fit=900%2C503&ssl=1&resize=350%2C200","width":350,"height":200,"srcset":"https:\/\/i0.wp.com\/www.shqiperia.com\/blog\/wp-content\/uploads\/2025\/04\/auto_MACRON1744025672-1.jpg?fit=900%2C503&ssl=1&resize=350%2C200 1x, https:\/\/i0.wp.com\/www.shqiperia.com\/blog\/wp-content\/uploads\/2025\/04\/auto_MACRON1744025672-1.jpg?fit=900%2C503&ssl=1&resize=525%2C300 1.5x, https:\/\/i0.wp.com\/www.shqiperia.com\/blog\/wp-content\/uploads\/2025\/04\/auto_MACRON1744025672-1.jpg?fit=900%2C503&ssl=1&resize=700%2C400 2x"},"classes":[]},{"id":95932,"url":"https:\/\/www.shqiperia.com\/blog\/ministri-izraelit-del-kunder-planit-te-trump-dhe-netanyahut-izraeli-nuk-do-largohet-kurre-nga-gaza\/","url_meta":{"origin":95520,"position":3},"title":"Ministri izraelit del kund\u00ebr planit t\u00eb Trump dhe Netanyahut: &#8211; Izraeli nuk do largohet kurr\u00eb nga Gaza!","author":"Kurt Farka","date":"December 24, 2025","format":false,"excerpt":"24 Dhjetor 2025 Izraeli \u201cnuk do t\u00eb largohet kurr\u00eb nga Gaza\u201d, tha Ministri i Mbrojtjes, Izrael Katz, duke menduar p\u00ebr iden\u00eb e rivendosjes s\u00eb vendbanimeve t\u00eb paligjshme n\u00eb enklav\u00ebn palestineze. V\u00ebrejtjet shkaktuan reagime t\u00eb gjera, duke e b\u00ebr\u00eb Katz t\u00eb t\u00ebrhiqej disi nga pohimi i tij. Ministri e b\u00ebri deklarat\u00ebn\u2026","rel":"","context":"In &quot;Blogu i Udh\u00ebtarit&quot;","block_context":{"text":"Blogu i Udh\u00ebtarit","link":"https:\/\/www.shqiperia.com\/blog\/category\/blogu-i-udhetarit\/"},"img":{"alt_text":"","src":"https:\/\/i0.wp.com\/www.shqiperia.com\/blog\/wp-content\/uploads\/2025\/12\/2025-07-04t084507z-877350946-rc2iffaijr1b-rtrmadp-3-israel-palestinians-gaza-scaled.jpg?fit=1200%2C800&ssl=1&resize=350%2C200","width":350,"height":200,"srcset":"https:\/\/i0.wp.com\/www.shqiperia.com\/blog\/wp-content\/uploads\/2025\/12\/2025-07-04t084507z-877350946-rc2iffaijr1b-rtrmadp-3-israel-palestinians-gaza-scaled.jpg?fit=1200%2C800&ssl=1&resize=350%2C200 1x, https:\/\/i0.wp.com\/www.shqiperia.com\/blog\/wp-content\/uploads\/2025\/12\/2025-07-04t084507z-877350946-rc2iffaijr1b-rtrmadp-3-israel-palestinians-gaza-scaled.jpg?fit=1200%2C800&ssl=1&resize=525%2C300 1.5x, https:\/\/i0.wp.com\/www.shqiperia.com\/blog\/wp-content\/uploads\/2025\/12\/2025-07-04t084507z-877350946-rc2iffaijr1b-rtrmadp-3-israel-palestinians-gaza-scaled.jpg?fit=1200%2C800&ssl=1&resize=700%2C400 2x, https:\/\/i0.wp.com\/www.shqiperia.com\/blog\/wp-content\/uploads\/2025\/12\/2025-07-04t084507z-877350946-rc2iffaijr1b-rtrmadp-3-israel-palestinians-gaza-scaled.jpg?fit=1200%2C800&ssl=1&resize=1050%2C600 3x"},"classes":[]},{"id":94825,"url":"https:\/\/www.shqiperia.com\/blog\/luftetaret-e-hamasit-te-bllokuar-ne-tunele-pengese-e-re-per-armepushimin-ne-gaza\/","url_meta":{"origin":95520,"position":4},"title":"Luft\u00ebtar\u00ebt e Hamasit t\u00eb bllokuar n\u00eb tunele, penges\u00eb e re p\u00ebr arm\u00ebpushimin n\u00eb Gaza?","author":"Kurt Farka","date":"November 12, 2025","format":false,"excerpt":"12 Nentor 2025 P\u00ebrpjekjet p\u00ebr arritjen e nj\u00eb faze t\u00eb re t\u00eb arm\u00ebpushimit n\u00eb Gaza po p\u00ebrballen me nj\u00eb penges\u00eb t\u00eb re, pasi dhjet\u00ebra luft\u00ebtar\u00eb t\u00eb Hamasit besohet se jan\u00eb bllokuar n\u00eb tunele n\u00ebn qytetin Rafah. I d\u00ebrguari i posa\u00e7\u00ebm i SHBA-s\u00eb, Jared Kushner, u kthye n\u00eb Izrael t\u00eb h\u00ebn\u00ebn\u2026","rel":"","context":"In &quot;Blogu i Udh\u00ebtarit&quot;","block_context":{"text":"Blogu i Udh\u00ebtarit","link":"https:\/\/www.shqiperia.com\/blog\/category\/blogu-i-udhetarit\/"},"img":{"alt_text":"","src":"https:\/\/i0.wp.com\/www.shqiperia.com\/blog\/wp-content\/uploads\/2025\/11\/Hamas1.png?fit=875%2C611&ssl=1&resize=350%2C200","width":350,"height":200,"srcset":"https:\/\/i0.wp.com\/www.shqiperia.com\/blog\/wp-content\/uploads\/2025\/11\/Hamas1.png?fit=875%2C611&ssl=1&resize=350%2C200 1x, https:\/\/i0.wp.com\/www.shqiperia.com\/blog\/wp-content\/uploads\/2025\/11\/Hamas1.png?fit=875%2C611&ssl=1&resize=525%2C300 1.5x, https:\/\/i0.wp.com\/www.shqiperia.com\/blog\/wp-content\/uploads\/2025\/11\/Hamas1.png?fit=875%2C611&ssl=1&resize=700%2C400 2x"},"classes":[]},{"id":39202,"url":"https:\/\/www.shqiperia.com\/blog\/vucic-ne-duam-nje-kompromis-me-shqiptaret\/","url_meta":{"origin":95520,"position":5},"title":"Vu\u00e7i\u00e7: Ne duam nj\u00eb kompromis me shqiptar\u00ebt","author":"Kurt Farka","date":"October 3, 2020","format":false,"excerpt":"Vu\u00e7i\u00e7: Ne duam nj\u00eb kompromis me shqiptar\u00ebt 03\/10\/2020 Un\u00eb jam kund\u00ebr ruajtjes s\u00eb konfliktit t\u00eb ngrir\u00eb dhe ne po p\u00ebrpiqemi t\u00eb b\u00ebjm\u00eb nj\u00eb kompromis me shqiptar\u00ebt, ka deklaruar t\u00eb shtun\u00ebn n\u00eb Beograd, presidenti i Serbis\u00eb Aleksandar Vu\u00e7iq. Ai k\u00ebto komente i b\u00ebri n\u00eb hapjen e dialogut t\u00eb tret\u00eb p\u00ebr \u00e7\u00ebshtjen\u2026","rel":"","context":"In &quot;Blogu i Udh\u00ebtarit&quot;","block_context":{"text":"Blogu i Udh\u00ebtarit","link":"https:\/\/www.shqiperia.com\/blog\/category\/blogu-i-udhetarit\/"},"img":{"alt_text":"","src":"https:\/\/i0.wp.com\/www.shqiperia.com\/blog\/wp-content\/uploads\/2020\/10\/9D59ABDB-5EA3-4009-9781-CF80667B0F1B_w1023_r1_s.jpg?fit=1023%2C575&ssl=1&resize=350%2C200","width":350,"height":200,"srcset":"https:\/\/i0.wp.com\/www.shqiperia.com\/blog\/wp-content\/uploads\/2020\/10\/9D59ABDB-5EA3-4009-9781-CF80667B0F1B_w1023_r1_s.jpg?fit=1023%2C575&ssl=1&resize=350%2C200 1x, https:\/\/i0.wp.com\/www.shqiperia.com\/blog\/wp-content\/uploads\/2020\/10\/9D59ABDB-5EA3-4009-9781-CF80667B0F1B_w1023_r1_s.jpg?fit=1023%2C575&ssl=1&resize=525%2C300 1.5x, https:\/\/i0.wp.com\/www.shqiperia.com\/blog\/wp-content\/uploads\/2020\/10\/9D59ABDB-5EA3-4009-9781-CF80667B0F1B_w1023_r1_s.jpg?fit=1023%2C575&ssl=1&resize=700%2C400 2x"},"classes":[]}],"_links":{"self":[{"href":"https:\/\/www.shqiperia.com\/blog\/wp-json\/wp\/v2\/posts\/95520","targetHints":{"allow":["GET"]}}],"collection":[{"href":"https:\/\/www.shqiperia.com\/blog\/wp-json\/wp\/v2\/posts"}],"about":[{"href":"https:\/\/www.shqiperia.com\/blog\/wp-json\/wp\/v2\/types\/post"}],"author":[{"embeddable":true,"href":"https:\/\/www.shqiperia.com\/blog\/wp-json\/wp\/v2\/users\/9"}],"replies":[{"embeddable":true,"href":"https:\/\/www.shqiperia.com\/blog\/wp-json\/wp\/v2\/comments?post=95520"}],"version-history":[{"count":1,"href":"https:\/\/www.shqiperia.com\/blog\/wp-json\/wp\/v2\/posts\/95520\/revisions"}],"predecessor-version":[{"id":95522,"href":"https:\/\/www.shqiperia.com\/blog\/wp-json\/wp\/v2\/posts\/95520\/revisions\/95522"}],"wp:featuredmedia":[{"embeddable":true,"href":"https:\/\/www.shqiperia.com\/blog\/wp-json\/wp\/v2\/media\/95521"}],"wp:attachment":[{"href":"https:\/\/www.shqiperia.com\/blog\/wp-json\/wp\/v2\/media?parent=95520"}],"wp:term":[{"taxonomy":"category","embeddable":true,"href":"https:\/\/www.shqiperia.com\/blog\/wp-json\/wp\/v2\/categories?post=95520"},{"taxonomy":"post_tag","embeddable":true,"href":"https:\/\/www.shqiperia.com\/blog\/wp-json\/wp\/v2\/tags?post=95520"}],"curies":[{"name":"wp","href":"https:\/\/api.w.org\/{rel}","templated":true}]}}