{"id":95517,"date":"2025-12-12T08:23:30","date_gmt":"2025-12-12T08:23:30","guid":{"rendered":"https:\/\/www.shqiperia.com\/blog\/?p=95517"},"modified":"2025-12-12T08:23:30","modified_gmt":"2025-12-12T08:23:30","slug":"porti-i-vlores-nuk-do-te-nise-pune-kapri-asnje-koncesion-i-qeverise-nuk-ka-qene-frytdhenes","status":"publish","type":"post","link":"https:\/\/www.shqiperia.com\/blog\/porti-i-vlores-nuk-do-te-nise-pune-kapri-asnje-koncesion-i-qeverise-nuk-ka-qene-frytdhenes\/","title":{"rendered":"\u201cPorti i Vlor\u00ebs nuk do t\u00eb nis\u00eb pun\u00eb\u201d, Kapri: &#8211; Asnj\u00eb koncesion i qeveris\u00eb nuk ka qen\u00eb frytdh\u00ebn\u00ebs"},"content":{"rendered":"<p><img data-recalc-dims=\"1\" loading=\"lazy\" decoding=\"async\" data-attachment-id=\"95518\" data-permalink=\"https:\/\/www.shqiperia.com\/blog\/porti-i-vlores-nuk-do-te-nise-pune-kapri-asnje-koncesion-i-qeverise-nuk-ka-qene-frytdhenes\/erald-kapri\/\" data-orig-file=\"https:\/\/i0.wp.com\/www.shqiperia.com\/blog\/wp-content\/uploads\/2025\/12\/erald-kapri.jpg?fit=900%2C570&amp;ssl=1\" data-orig-size=\"900,570\" data-comments-opened=\"1\" data-image-meta=\"{&quot;aperture&quot;:&quot;0&quot;,&quot;credit&quot;:&quot;&quot;,&quot;camera&quot;:&quot;&quot;,&quot;caption&quot;:&quot;&quot;,&quot;created_timestamp&quot;:&quot;0&quot;,&quot;copyright&quot;:&quot;&quot;,&quot;focal_length&quot;:&quot;0&quot;,&quot;iso&quot;:&quot;0&quot;,&quot;shutter_speed&quot;:&quot;0&quot;,&quot;title&quot;:&quot;&quot;,&quot;orientation&quot;:&quot;0&quot;}\" data-image-title=\"erald kapri\" data-image-description=\"\" data-image-caption=\"\" data-medium-file=\"https:\/\/i0.wp.com\/www.shqiperia.com\/blog\/wp-content\/uploads\/2025\/12\/erald-kapri.jpg?fit=300%2C190&amp;ssl=1\" data-large-file=\"https:\/\/i0.wp.com\/www.shqiperia.com\/blog\/wp-content\/uploads\/2025\/12\/erald-kapri.jpg?fit=900%2C570&amp;ssl=1\" class=\"alignnone  wp-image-95518\" alt=\"\" src=\"https:\/\/i0.wp.com\/www.shqiperia.com\/blog\/wp-content\/uploads\/2025\/12\/erald-kapri.jpg?resize=624%2C395&#038;ssl=1\" width=\"624\" height=\"395\" srcset=\"https:\/\/i0.wp.com\/www.shqiperia.com\/blog\/wp-content\/uploads\/2025\/12\/erald-kapri.jpg?resize=300%2C190&amp;ssl=1 300w, https:\/\/i0.wp.com\/www.shqiperia.com\/blog\/wp-content\/uploads\/2025\/12\/erald-kapri.jpg?resize=768%2C486&amp;ssl=1 768w, https:\/\/i0.wp.com\/www.shqiperia.com\/blog\/wp-content\/uploads\/2025\/12\/erald-kapri.jpg?resize=450%2C285&amp;ssl=1 450w, https:\/\/i0.wp.com\/www.shqiperia.com\/blog\/wp-content\/uploads\/2025\/12\/erald-kapri.jpg?resize=600%2C380&amp;ssl=1 600w, https:\/\/i0.wp.com\/www.shqiperia.com\/blog\/wp-content\/uploads\/2025\/12\/erald-kapri.jpg?resize=400%2C253&amp;ssl=1 400w, https:\/\/i0.wp.com\/www.shqiperia.com\/blog\/wp-content\/uploads\/2025\/12\/erald-kapri.jpg?w=900&amp;ssl=1 900w\" sizes=\"auto, (max-width: 624px) 100vw, 624px\" \/><\/p>\n<p>12 Dhjetor 2025<\/p>\n<p>Deputeti i Partis\u00eb \u201cMund\u00ebsia\u201d, Erald Kapri, ka kritikuar qeverin\u00eb p\u00ebr m\u00ebnyr\u00ebn se si jan\u00eb dh\u00ebn\u00eb koncesionet, duke i cil\u00ebsuar ato si afera korruptive dhe t\u00eb d\u00ebshtuar, q\u00eb nuk kan\u00eb sjell\u00eb asnj\u00eb p\u00ebrfitim p\u00ebr qytetar\u00ebt. N\u00eb fjal\u00ebn e tij, dje n\u00eb seanc\u00ebn plenare, Kapri tha se asnj\u00eb koncesion i dh\u00ebn\u00eb nga qeveria nuk ka qen\u00eb frytdh\u00ebn\u00ebs, nd\u00ebrsa p\u00ebrmendi disa raste konkrete, p\u00ebrfshir\u00eb koncesionet n\u00eb sektorin e sh\u00ebndet\u00ebsis\u00eb, q\u00eb sipas tij jan\u00eb n\u00ebn hetim nga SPAK dhe kan\u00eb d\u00ebshtuar t\u00eb p\u00ebrmir\u00ebsojn\u00eb sh\u00ebrbimet publike. Deputeti u ndal edhe te koncesioni i Portit t\u00eb Vlor\u00ebs, duke paralajm\u00ebruar se projekti nuk do t\u00eb nis\u00eb pun\u00ebn vitin e ardhsh\u00ebm, ndon\u00ebse \u00ebsht\u00eb premtuar nga qeveria. \u201cMe k\u00eb koncension ta nis\u00ebsh m\u00eb par\u00eb. Cili koncesion i dh\u00ebn\u00eb nga qeveria ka qen\u00eb frytdh\u00ebn\u00ebs? Nuk gjen asnj\u00eb.<\/p>\n<p>Por tek koncensionet e sh\u00ebndet\u00ebsis\u00eb t\u00eb 4 n\u00eb SPAK. A kemi sh\u00ebrbim m\u00eb t\u00eb mir\u00eb? Zero. Edhe pasi jan\u00eb zbuluar q\u00eb jan\u00eb afera korruptive ato kan\u00eb vazhduar. M\u00eb interesanti, koncesioni i Portit t\u00eb Vlor\u00ebs q\u00eb nga qeveria u trumpetua q\u00eb vitin e ardhsh\u00ebm do nis\u00eb pun\u00eb. Por vet\u00eb qeveria e di q\u00eb nuk do nis\u00eb pun\u00eb sepse e kan\u00eb par\u00eb sherrin e konsensioner\u00ebve dhe se si \u00ebsht\u00eb dh\u00ebn\u00eb n\u00eb zyr\u00ebn e ministres. Si ka mund\u00ebsi q\u00eb nuk ka asnj\u00eb reagim edhe pas daljes s\u00eb investigimit. Si mund t\u00eb marr\u00eb nj\u00eb magazinier operimin e nj\u00eb porti me vler\u00eb 60 mln euro. Koncensioni i Thuman\u00eb Kashar, nj\u00eb tjet\u00ebr problematik\u00eb. Rinasi dhjet\u00ebra miliona euro t\u00eb deklaruara si fitime dhe dhjet\u00ebra miliona euro shpenzime\u201d, tha Kapri.<\/p>\n","protected":false},"excerpt":{"rendered":"<p>12 Dhjetor 2025 Deputeti i Partis\u00eb \u201cMund\u00ebsia\u201d, Erald Kapri, ka kritikuar qeverin\u00eb p\u00ebr m\u00ebnyr\u00ebn se si jan\u00eb dh\u00ebn\u00eb koncesionet, duke i cil\u00ebsuar ato si afera korruptive dhe t\u00eb d\u00ebshtuar, q\u00eb nuk kan\u00eb sjell\u00eb asnj\u00eb p\u00ebrfitim p\u00ebr qytetar\u00ebt. N\u00eb fjal\u00ebn e tij, dje n\u00eb seanc\u00ebn plenare, Kapri tha se asnj\u00eb koncesion i dh\u00ebn\u00eb nga qeveria nuk [&hellip;]<\/p>\n","protected":false},"author":9,"featured_media":95518,"comment_status":"open","ping_status":"open","sticky":false,"template":"","format":"standard","meta":{"jetpack_post_was_ever_published":false,"_jetpack_newsletter_access":"","_jetpack_dont_email_post_to_subs":false,"_jetpack_newsletter_tier_id":0,"_jetpack_memberships_contains_paywalled_content":false,"_jetpack_memberships_contains_paid_content":false,"footnotes":"","jetpack_publicize_message":"","jetpack_publicize_feature_enabled":true,"jetpack_social_post_already_shared":true,"jetpack_social_options":{"image_generator_settings":{"template":"highway","default_image_id":0,"font":"","enabled":false},"version":2}},"categories":[27,1],"tags":[],"class_list":["post-95517","post","type-post","status-publish","format-standard","has-post-thumbnail","hentry","category-blogu-i-udhetarit","category-njoftime-shtypi"],"jetpack_publicize_connections":[],"jetpack_featured_media_url":"https:\/\/i0.wp.com\/www.shqiperia.com\/blog\/wp-content\/uploads\/2025\/12\/erald-kapri.jpg?fit=900%2C570&ssl=1","jetpack_sharing_enabled":true,"jetpack_shortlink":"https:\/\/wp.me\/p5Z6wp-oQB","jetpack-related-posts":[{"id":9243,"url":"https:\/\/www.shqiperia.com\/blog\/rruge-e-re-me-koncesion-100-mln-euro-per-18-km-nga-miloti-ne-balldren\/","url_meta":{"origin":95517,"position":0},"title":"Rrug\u00eb e re me koncesion; 100 mln euro p\u00ebr 18 km nga Miloti n\u00eb Balldren. &#8211;","author":"Kurt Farka","date":"June 28, 2018","format":false,"excerpt":"Rrug\u00eb e re me koncesion; 100 mln euro p\u00ebr 18 km nga Miloti n\u00eb Balldren. - 28\/06\/2018, Qeveria vazhdon t\u00eb miratoj\u00eb koncesionet e programit 1 miliard\u00eb euro edhe pse fondi monetar nd\u00ebrkomb\u00ebtar I pati k\u00ebrkuar pezullimin e menj\u00ebhersh\u00ebm t\u00eb tij. Qeveria miratoi projektin e kat\u00ebrt t\u00eb madh koncesionar n\u00eb infrastruktur\u00eb\u2026","rel":"","context":"In &quot;Blogu i Udh\u00ebtarit&quot;","block_context":{"text":"Blogu i Udh\u00ebtarit","link":"https:\/\/www.shqiperia.com\/blog\/category\/blogu-i-udhetarit\/"},"img":{"alt_text":"","src":"https:\/\/i0.wp.com\/www.shqiperia.com\/blog\/wp-content\/uploads\/2018\/06\/milot-balldren-800x450.jpg?fit=800%2C450&ssl=1&resize=350%2C200","width":350,"height":200,"srcset":"https:\/\/i0.wp.com\/www.shqiperia.com\/blog\/wp-content\/uploads\/2018\/06\/milot-balldren-800x450.jpg?fit=800%2C450&ssl=1&resize=350%2C200 1x, https:\/\/i0.wp.com\/www.shqiperia.com\/blog\/wp-content\/uploads\/2018\/06\/milot-balldren-800x450.jpg?fit=800%2C450&ssl=1&resize=525%2C300 1.5x, https:\/\/i0.wp.com\/www.shqiperia.com\/blog\/wp-content\/uploads\/2018\/06\/milot-balldren-800x450.jpg?fit=800%2C450&ssl=1&resize=700%2C400 2x"},"classes":[]},{"id":16578,"url":"https:\/\/www.shqiperia.com\/blog\/ministria-e-jashtme-u-dha-me-koncesion-nga-kryeministri-rama\/","url_meta":{"origin":95517,"position":1},"title":"Ministria e Jashtme u dha me koncesion nga Kryeministri Rama. &#8211;","author":"Kurt Farka","date":"January 24, 2019","format":false,"excerpt":"Ministria e Jashtme u dha me koncesion nga Kryeministri Rama. - 24 Janar, 2019 -Praktikisht Edi Rama ia ka falur diplomacin\u00eb shqiptare, nj\u00eb 28 vje\u00e7ari q\u00eb nuk ka lidhje me Tiran\u00ebn zyrtare, bile duke e dor\u00ebzuar detyr\u00ebn n\u00eb interesa t\u00eb tjer\u00eb rajonal. Akuzat dje vinin pik\u00ebrisht nga Kosova, ku thuhej\u2026","rel":"","context":"In &quot;Blogu i Udh\u00ebtarit&quot;","block_context":{"text":"Blogu i Udh\u00ebtarit","link":"https:\/\/www.shqiperia.com\/blog\/category\/blogu-i-udhetarit\/"},"img":{"alt_text":"","src":"https:\/\/i0.wp.com\/www.shqiperia.com\/blog\/wp-content\/uploads\/2019\/01\/1548235001_Screenshot3.jpg?fit=780%2C440&ssl=1&resize=350%2C200","width":350,"height":200,"srcset":"https:\/\/i0.wp.com\/www.shqiperia.com\/blog\/wp-content\/uploads\/2019\/01\/1548235001_Screenshot3.jpg?fit=780%2C440&ssl=1&resize=350%2C200 1x, https:\/\/i0.wp.com\/www.shqiperia.com\/blog\/wp-content\/uploads\/2019\/01\/1548235001_Screenshot3.jpg?fit=780%2C440&ssl=1&resize=525%2C300 1.5x, https:\/\/i0.wp.com\/www.shqiperia.com\/blog\/wp-content\/uploads\/2019\/01\/1548235001_Screenshot3.jpg?fit=780%2C440&ssl=1&resize=700%2C400 2x"},"classes":[]},{"id":44277,"url":"https:\/\/www.shqiperia.com\/blog\/koncesionet-qe-i-lane-njerezit-ne-mes-te-bores-kel-demi-ne-krye-te-vendit-kemi-shkerdhatat\/","url_meta":{"origin":95517,"position":2},"title":"Koncesionet q\u00eb i lan\u00eb njer\u00ebzit n\u00eb mes t\u00eb bores. &#8211; Kel Demi: N\u00eb krye t\u00eb vendit kemi shk\u00ebrdhatat","author":"Kurt Farka","date":"February 15, 2021","format":false,"excerpt":"Koncesionet q\u00eb i lan\u00eb njer\u00ebzit n\u00eb mes t\u00eb bores. - Kel Demi: N\u00eb krye t\u00eb vendit kemi shk\u00ebrdhatat 15 shkurt 2021 Nj\u00eb koncesion jepet nga qeveria, kur ajo \u00ebsht\u00eb e pamundur t\u00eb kryej\u00eb nj\u00eb sh\u00ebrbim t\u00eb caktuar n\u00eb nj\u00eb sektor t\u00eb caktuar. Kjo e drejt\u00eb e kufizuar nga qeveria e\u2026","rel":"","context":"In &quot;Blogu i Udh\u00ebtarit&quot;","block_context":{"text":"Blogu i Udh\u00ebtarit","link":"https:\/\/www.shqiperia.com\/blog\/category\/blogu-i-udhetarit\/"},"img":{"alt_text":"","src":"https:\/\/i0.wp.com\/www.shqiperia.com\/blog\/wp-content\/uploads\/2021\/02\/Enkel-Demi.jpeg?fit=485%2C275&ssl=1&resize=350%2C200","width":350,"height":200},"classes":[]},{"id":34259,"url":"https:\/\/www.shqiperia.com\/blog\/shqiperia-ne-harten-e-kuqe-ne-korrik-diskutohet-edhe-buka-kryemadhi-qeveria-te-heqe-nje-koncesion-dhe-te\/","url_meta":{"origin":95517,"position":3},"title":"\u201cShqip\u00ebria n\u00eb hart\u00ebn e kuqe, n\u00eb korrik diskutohet edhe buka\u201d- Kryemadhi: &#8211; Qeveria t\u00eb heq\u00eb nj\u00eb koncesion dhe t\u00eb\u2026","author":"Kurt Farka","date":"May 5, 2020","format":false,"excerpt":"\u201cShqip\u00ebria n\u00eb hart\u00ebn e kuqe, n\u00eb korrik diskutohet edhe buka\u201d- Kryemadhi: - Qeveria t\u00eb heq\u00eb nj\u00eb koncesion dhe t\u00eb\u2026 4 maji 2020 Kryetarja e L\u00ebvizjes Socialiste p\u00ebr Integrim, Monika Kryemadhi tha se qeveria duhet t\u00eb ngrej\u00eb nj\u00eb task-force me ekspert\u00eb t\u00eb pavarur p\u00ebr t\u00eb hartuar nj\u00eb plan komb\u00ebtar p\u00ebr ekonomin\u00eb.\u2026","rel":"","context":"In &quot;Blogu i Udh\u00ebtarit&quot;","block_context":{"text":"Blogu i Udh\u00ebtarit","link":"https:\/\/www.shqiperia.com\/blog\/category\/blogu-i-udhetarit\/"},"img":{"alt_text":"","src":"https:\/\/i0.wp.com\/www.shqiperia.com\/blog\/wp-content\/uploads\/2020\/05\/protesta-berat.png?fit=800%2C435&ssl=1&resize=350%2C200","width":350,"height":200,"srcset":"https:\/\/i0.wp.com\/www.shqiperia.com\/blog\/wp-content\/uploads\/2020\/05\/protesta-berat.png?fit=800%2C435&ssl=1&resize=350%2C200 1x, https:\/\/i0.wp.com\/www.shqiperia.com\/blog\/wp-content\/uploads\/2020\/05\/protesta-berat.png?fit=800%2C435&ssl=1&resize=525%2C300 1.5x, https:\/\/i0.wp.com\/www.shqiperia.com\/blog\/wp-content\/uploads\/2020\/05\/protesta-berat.png?fit=800%2C435&ssl=1&resize=700%2C400 2x"},"classes":[]},{"id":34980,"url":"https:\/\/www.shqiperia.com\/blog\/nga-tokat-ne-bregdet-tek-koncesionet-pd-keto-jane-5-vendimet-qe-iu-diktuan-nga-okigarket-rama-nder-me-te-pasurit-ne-evrope-2\/","url_meta":{"origin":95517,"position":4},"title":"\u201cNga tokat n\u00eb bregdet tek koncesionet\u201d- PD: \u2013 K\u00ebto jan\u00eb 5 vendimet q\u00eb iu diktuan nga okigark\u00ebt. Rama nd\u00ebr m\u00eb t\u00eb pasurit n\u00eb Evrop\u00eb.","author":"Kurt Farka","date":"May 24, 2020","format":false,"excerpt":"\u201cNga tokat n\u00eb bregdet tek koncesionet\u201d- PD: \u2013 K\u00ebto jan\u00eb 5 vendimet q\u00eb iu diktuan nga okigark\u00ebt. Rama nd\u00ebr m\u00eb t\u00eb pasurit n\u00eb Evrop\u00eb. \u00a012 maji 2020 Ish-deputeti i PD-s\u00eb, Enkelejd Alibeaj ka radhitur vendimet q\u00eb sipas\u00a0tij, i jan\u00eb diktuar kryeministrit nga oligark\u00ebt. \u00a0\u201cRamavirusi \u00ebsht\u00eb kryetari dhe ideologu i nj\u00eb\u2026","rel":"","context":"In &quot;Blogu i Udh\u00ebtarit&quot;","block_context":{"text":"Blogu i Udh\u00ebtarit","link":"https:\/\/www.shqiperia.com\/blog\/category\/blogu-i-udhetarit\/"},"img":{"alt_text":"","src":"https:\/\/i0.wp.com\/www.shqiperia.com\/blog\/wp-content\/uploads\/2020\/05\/alibeaj2-1.jpg?fit=664%2C338&ssl=1&resize=350%2C200","width":350,"height":200,"srcset":"https:\/\/i0.wp.com\/www.shqiperia.com\/blog\/wp-content\/uploads\/2020\/05\/alibeaj2-1.jpg?fit=664%2C338&ssl=1&resize=350%2C200 1x, https:\/\/i0.wp.com\/www.shqiperia.com\/blog\/wp-content\/uploads\/2020\/05\/alibeaj2-1.jpg?fit=664%2C338&ssl=1&resize=525%2C300 1.5x"},"classes":[]},{"id":34587,"url":"https:\/\/www.shqiperia.com\/blog\/nga-tokat-ne-bregdet-tek-koncesionet-pd-keto-jane-5-vendimet-qe-iu-diktuan-nga-okigarket-rama-nder-me-te-pasurit-ne-evrope\/","url_meta":{"origin":95517,"position":5},"title":"\u201cNga tokat n\u00eb bregdet tek koncesionet\u201d- PD: \u2013 K\u00ebto jan\u00eb 5 vendimet q\u00eb iu diktuan nga okigark\u00ebt. Rama nd\u00ebr m\u00eb t\u00eb pasurit n\u00eb Evrop\u00eb.","author":"Kurt Farka","date":"May 13, 2020","format":false,"excerpt":"\u201cNga tokat n\u00eb bregdet tek koncesionet\u201d- PD: - K\u00ebto jan\u00eb 5 vendimet q\u00eb iu diktuan nga okigark\u00ebt. Rama nd\u00ebr m\u00eb t\u00eb pasurit n\u00eb Evrop\u00eb. \u00a012 maji 2020 Ish-deputeti i PD-s\u00eb, Enkelejd Alibeaj ka radhitur vendimet q\u00eb sipas\u00a0tij, i jan\u00eb diktuar kryeministrit nga oligark\u00ebt. \u00a0\u201cRamavirusi \u00ebsht\u00eb kryetari dhe ideologu i nj\u00eb\u2026","rel":"","context":"In &quot;Blogu i Udh\u00ebtarit&quot;","block_context":{"text":"Blogu i Udh\u00ebtarit","link":"https:\/\/www.shqiperia.com\/blog\/category\/blogu-i-udhetarit\/"},"img":{"alt_text":"","src":"https:\/\/i0.wp.com\/www.shqiperia.com\/blog\/wp-content\/uploads\/2020\/05\/alibeaj2.jpg?fit=664%2C338&ssl=1&resize=350%2C200","width":350,"height":200,"srcset":"https:\/\/i0.wp.com\/www.shqiperia.com\/blog\/wp-content\/uploads\/2020\/05\/alibeaj2.jpg?fit=664%2C338&ssl=1&resize=350%2C200 1x, https:\/\/i0.wp.com\/www.shqiperia.com\/blog\/wp-content\/uploads\/2020\/05\/alibeaj2.jpg?fit=664%2C338&ssl=1&resize=525%2C300 1.5x"},"classes":[]}],"_links":{"self":[{"href":"https:\/\/www.shqiperia.com\/blog\/wp-json\/wp\/v2\/posts\/95517","targetHints":{"allow":["GET"]}}],"collection":[{"href":"https:\/\/www.shqiperia.com\/blog\/wp-json\/wp\/v2\/posts"}],"about":[{"href":"https:\/\/www.shqiperia.com\/blog\/wp-json\/wp\/v2\/types\/post"}],"author":[{"embeddable":true,"href":"https:\/\/www.shqiperia.com\/blog\/wp-json\/wp\/v2\/users\/9"}],"replies":[{"embeddable":true,"href":"https:\/\/www.shqiperia.com\/blog\/wp-json\/wp\/v2\/comments?post=95517"}],"version-history":[{"count":1,"href":"https:\/\/www.shqiperia.com\/blog\/wp-json\/wp\/v2\/posts\/95517\/revisions"}],"predecessor-version":[{"id":95519,"href":"https:\/\/www.shqiperia.com\/blog\/wp-json\/wp\/v2\/posts\/95517\/revisions\/95519"}],"wp:featuredmedia":[{"embeddable":true,"href":"https:\/\/www.shqiperia.com\/blog\/wp-json\/wp\/v2\/media\/95518"}],"wp:attachment":[{"href":"https:\/\/www.shqiperia.com\/blog\/wp-json\/wp\/v2\/media?parent=95517"}],"wp:term":[{"taxonomy":"category","embeddable":true,"href":"https:\/\/www.shqiperia.com\/blog\/wp-json\/wp\/v2\/categories?post=95517"},{"taxonomy":"post_tag","embeddable":true,"href":"https:\/\/www.shqiperia.com\/blog\/wp-json\/wp\/v2\/tags?post=95517"}],"curies":[{"name":"wp","href":"https:\/\/api.w.org\/{rel}","templated":true}]}}